{"id":247219,"date":"2026-01-22T07:20:09","date_gmt":"2026-01-22T10:20:09","guid":{"rendered":"https:\/\/informelitoral.com.ar\/?p=247219"},"modified":"2026-01-22T07:23:54","modified_gmt":"2026-01-22T10:23:54","slug":"gestion-municipal-durante-el-receso-administrativo-continuidad-de-servicios-y-actividades-de-verano","status":"publish","type":"post","link":"https:\/\/informelitoral.com.ar\/gestion-municipal-durante-el-receso-administrativo-continuidad-de-servicios-y-actividades-de-verano\/","title":{"rendered":"Aranguren durante el receso administrativo: continuidad de servicios y actividades de verano"},"content":{"rendered":"<p>As\u00ed lo expres\u00f3 la viceintendenta licenciada, <strong>Mirta Noem\u00ed Levars<\/strong>, quien se encuentra a cargo de la Presidencia Municipal durante las vacaciones del intendente<strong> Luis Siebenlist<\/strong>, en una entrevista realizada junto al coordinador de Deportes y Turismo,<strong> Carlos Garc\u00eda.<\/strong><\/p>\n<p>Durante la nota, Levars destac\u00f3 el trabajo sostenido de las distintas \u00e1reas municipales durante este per\u00edodo, remarcando especialmente la labor de Desarrollo Social, donde contin\u00faan atendiendo la cobertura de necesidades b\u00e1sicas, la entrega de m\u00f3dulos alimentarios y la coordinaci\u00f3n de traslados por turnos m\u00e9dicos programados y de urgencia a centros de mayor complejidad. <a href=\"https:\/\/drive.google.com\/thumbnail?id=188ybvgKbr4DQwlxKyI2dA9c6epEPEsxA&amp;sz=w2048\"><img loading=\"lazy\" decoding=\"async\" class=\"aligncenter wp-image-247220 size-full\" src=\"https:\/\/drive.google.com\/thumbnail?id=188ybvgKbr4DQwlxKyI2dA9c6epEPEsxA&amp;sz=w2048\" alt=\"\" width=\"1600\" height=\"900\" \/><\/a><\/p>\n<p>Asimismo, subray\u00f3 el acompa\u00f1amiento de las \u00e1reas Contable, Recursos Humanos, Tr\u00e1nsito y Servicios P\u00fablicos, destacando el compromiso del personal municipal que permanece activo durante el receso, permitiendo sostener la recolecci\u00f3n de residuos, el reciclado, el corte de pasto y el ordenamiento del tr\u00e1nsito en la v\u00eda p\u00fablica, incluso durante eventos de gran concurrencia.<\/p>\n<p>En materia deportiva y recreativa, Carlos Garc\u00eda brind\u00f3 detalles sobre el desarrollo de la temporada de verano 2026, con el funcionamiento de la pileta municipal, las Colonias de Vacaciones infantiles, para adultos mayores y los cursos de nataci\u00f3n para distintas edades, todos coordinados por profesores capacitados y con protocolos de seguridad vigentes.<\/p>\n<p>Adem\u00e1s, se inform\u00f3 que hacia el cierre de la colonia infantil se realizar\u00e1 una muestra abierta para las familias, junto a un campamento, fortaleciendo el v\u00ednculo entre el municipio, los participantes y sus familias. Cabe destacar que, de la muestra tambi\u00e9n participar\u00e1n los adultos mayores.<\/p>\n<p>Finalmente, la viceintendenta valor\u00f3 el trabajo articulado entre las distintas \u00e1reas municipales y el v\u00ednculo permanente con instituciones educativas y deportivas de la localidad, remarcando que, aun durante el receso administrativo, la Municipalidad de Aranguren mantiene su presencia activa y el compromiso con la comunidad.<\/p>\n<h6><em><strong>Del archivo:\u00a0<a href=\"https:\/\/informelitoral.com.ar\/viajo-desde-el-interior-de-santa-fe-hasta-aranguren-para-agredir-a-su-expareja\/\" target=\"_blank\" rel=\"noopener\">Viaj\u00f3 desde el interior de Santa Fe hasta Aranguren para agredir a su expareja<\/a><\/strong><\/em><\/h6>\n","protected":false},"excerpt":{"rendered":"<p>En el marco del receso administrativo, la Municipalidad de Aranguren contin\u00faa garantizando el funcionamiento de los servicios esenciales y el desarrollo de las actividades previstas para la temporada de verano.<\/p>\n","protected":false},"author":2,"featured_media":247221,"comment_status":"open","ping_status":"open","sticky":false,"template":"","format":"standard","meta":{"fifu_image_url":"","fifu_image_alt":"","footnotes":""},"categories":[4592],"tags":[143,111,1580,201],"class_list":{"0":"post-247219","1":"post","2":"type-post","3":"status-publish","4":"format-standard","5":"has-post-thumbnail","7":"category-departamento-nogoya","8":"tag-aranguren","9":"tag-municipales","10":"tag-municipalidad-de-aranguren","11":"tag-municipios"},"yoast_head":"<title>Aranguren durante el receso administrativo: continuidad de servicios y actividades de verano - Informe Litoral<\/title>\n<meta name=\"robots\" content=\"index, follow, max-snippet:-1, max-image-preview:large, max-video-preview:-1\" \/>\n<link rel=\"canonical\" href=\"https:\/\/informelitoral.com.ar\/gestion-municipal-durante-el-receso-administrativo-continuidad-de-servicios-y-actividades-de-verano\/\" \/>\n<meta property=\"og:locale\" content=\"es_ES\" \/>\n<meta property=\"og:type\" content=\"article\" \/>\n<meta property=\"og:title\" content=\"Aranguren durante el receso administrativo: continuidad de servicios y actividades de verano - Informe Litoral\" \/>\n<meta property=\"og:description\" content=\"En el marco del receso administrativo, la Municipalidad de Aranguren contin\u00faa garantizando el funcionamiento de los servicios esenciales y el desarrollo de las actividades previstas para la temporada de verano.\" \/>\n<meta property=\"og:url\" content=\"https:\/\/informelitoral.com.ar\/gestion-municipal-durante-el-receso-administrativo-continuidad-de-servicios-y-actividades-de-verano\/\" \/>\n<meta property=\"og:site_name\" content=\"Informe Litoral\" \/>\n<meta property=\"article:publisher\" content=\"https:\/\/www.facebook.com\/informelitoral\/\" \/>\n<meta property=\"article:published_time\" content=\"2026-01-22T10:20:09+00:00\" \/>\n<meta property=\"article:modified_time\" content=\"2026-01-22T10:23:54+00:00\" \/>\n<meta property=\"og:image\" content=\"https:\/\/drive.google.com\/thumbnail?id=1MPFjzIUdFxx4kX6FcFv0N1R_hvXDjNSq&sz=w2048\" \/>\n\t<meta property=\"og:image:width\" content=\"1600\" \/>\n\t<meta property=\"og:image:height\" content=\"900\" \/>\n\t<meta property=\"og:image:type\" content=\"image\/jpeg\" \/>\n<meta name=\"author\" content=\"Gonzalo Schmidt\" \/>\n<meta name=\"twitter:card\" content=\"summary_large_image\" \/>\n<meta name=\"twitter:creator\" content=\"@InformeLitoral\" \/>\n<meta name=\"twitter:site\" content=\"@InformeLitoral\" \/>\n<meta name=\"twitter:label1\" content=\"Escrito por\" \/>\n\t<meta name=\"twitter:data1\" content=\"Gonzalo Schmidt\" \/>\n\t<meta name=\"twitter:label2\" content=\"Tiempo de lectura\" \/>\n\t<meta name=\"twitter:data2\" content=\"2 minutos\" \/>\n<script type=\"application\/ld+json\" class=\"yoast-schema-graph\">{\"@context\":\"https:\\\/\\\/schema.org\",\"@graph\":[{\"@type\":\"Article\",\"@id\":\"https:\\\/\\\/informelitoral.com.ar\\\/gestion-municipal-durante-el-receso-administrativo-continuidad-de-servicios-y-actividades-de-verano\\\/#article\",\"isPartOf\":{\"@id\":\"https:\\\/\\\/informelitoral.com.ar\\\/gestion-municipal-durante-el-receso-administrativo-continuidad-de-servicios-y-actividades-de-verano\\\/\"},\"author\":{\"name\":\"Gonzalo Schmidt\",\"@id\":\"https:\\\/\\\/informelitoral.com.ar\\\/#\\\/schema\\\/person\\\/b9d00407c836482871ef1d57bf8e3180\"},\"headline\":\"Aranguren durante el receso administrativo: continuidad de servicios y actividades de verano\",\"datePublished\":\"2026-01-22T10:20:09+00:00\",\"dateModified\":\"2026-01-22T10:23:54+00:00\",\"mainEntityOfPage\":{\"@id\":\"https:\\\/\\\/informelitoral.com.ar\\\/gestion-municipal-durante-el-receso-administrativo-continuidad-de-servicios-y-actividades-de-verano\\\/\"},\"wordCount\":334,\"commentCount\":0,\"publisher\":{\"@id\":\"https:\\\/\\\/informelitoral.com.ar\\\/#organization\"},\"image\":{\"@id\":\"https:\\\/\\\/informelitoral.com.ar\\\/gestion-municipal-durante-el-receso-administrativo-continuidad-de-servicios-y-actividades-de-verano\\\/#primaryimage\"},\"thumbnailUrl\":\"https:\\\/\\\/drive.google.com\\\/thumbnail?id=1MPFjzIUdFxx4kX6FcFv0N1R_hvXDjNSq&sz=w2048\",\"keywords\":[\"Aranguren\",\"Municipales\",\"Municipalidad de Aranguren\",\"Municipios\"],\"articleSection\":[\"Departamento Nogoy\u00e1\"],\"inLanguage\":\"es\",\"potentialAction\":[{\"@type\":\"CommentAction\",\"name\":\"Comment\",\"target\":[\"https:\\\/\\\/informelitoral.com.ar\\\/gestion-municipal-durante-el-receso-administrativo-continuidad-de-servicios-y-actividades-de-verano\\\/#respond\"]}]},{\"@type\":\"WebPage\",\"@id\":\"https:\\\/\\\/informelitoral.com.ar\\\/gestion-municipal-durante-el-receso-administrativo-continuidad-de-servicios-y-actividades-de-verano\\\/\",\"url\":\"https:\\\/\\\/informelitoral.com.ar\\\/gestion-municipal-durante-el-receso-administrativo-continuidad-de-servicios-y-actividades-de-verano\\\/\",\"name\":\"Aranguren durante el receso administrativo: continuidad de servicios y actividades de verano - Informe Litoral\",\"isPartOf\":{\"@id\":\"https:\\\/\\\/informelitoral.com.ar\\\/#website\"},\"primaryImageOfPage\":{\"@id\":\"https:\\\/\\\/informelitoral.com.ar\\\/gestion-municipal-durante-el-receso-administrativo-continuidad-de-servicios-y-actividades-de-verano\\\/#primaryimage\"},\"image\":{\"@id\":\"https:\\\/\\\/informelitoral.com.ar\\\/gestion-municipal-durante-el-receso-administrativo-continuidad-de-servicios-y-actividades-de-verano\\\/#primaryimage\"},\"thumbnailUrl\":\"https:\\\/\\\/drive.google.com\\\/thumbnail?id=1MPFjzIUdFxx4kX6FcFv0N1R_hvXDjNSq&sz=w2048\",\"datePublished\":\"2026-01-22T10:20:09+00:00\",\"dateModified\":\"2026-01-22T10:23:54+00:00\",\"breadcrumb\":{\"@id\":\"https:\\\/\\\/informelitoral.com.ar\\\/gestion-municipal-durante-el-receso-administrativo-continuidad-de-servicios-y-actividades-de-verano\\\/#breadcrumb\"},\"inLanguage\":\"es\",\"potentialAction\":[{\"@type\":\"ReadAction\",\"target\":[\"https:\\\/\\\/informelitoral.com.ar\\\/gestion-municipal-durante-el-receso-administrativo-continuidad-de-servicios-y-actividades-de-verano\\\/\"]}]},{\"@type\":\"ImageObject\",\"inLanguage\":\"es\",\"@id\":\"https:\\\/\\\/informelitoral.com.ar\\\/gestion-municipal-durante-el-receso-administrativo-continuidad-de-servicios-y-actividades-de-verano\\\/#primaryimage\",\"url\":\"https:\\\/\\\/drive.google.com\\\/thumbnail?id=1MPFjzIUdFxx4kX6FcFv0N1R_hvXDjNSq&sz=w2048\",\"contentUrl\":\"https:\\\/\\\/drive.google.com\\\/thumbnail?id=1MPFjzIUdFxx4kX6FcFv0N1R_hvXDjNSq&sz=w2048\",\"width\":1600,\"height\":900},{\"@type\":\"BreadcrumbList\",\"@id\":\"https:\\\/\\\/informelitoral.com.ar\\\/gestion-municipal-durante-el-receso-administrativo-continuidad-de-servicios-y-actividades-de-verano\\\/#breadcrumb\",\"itemListElement\":[{\"@type\":\"ListItem\",\"position\":1,\"name\":\"Portada\",\"item\":\"https:\\\/\\\/informelitoral.com.ar\\\/\"},{\"@type\":\"ListItem\",\"position\":2,\"name\":\"Aranguren durante el receso administrativo: continuidad de servicios y actividades de verano\"}]},{\"@type\":\"WebSite\",\"@id\":\"https:\\\/\\\/informelitoral.com.ar\\\/#website\",\"url\":\"https:\\\/\\\/informelitoral.com.ar\\\/\",\"name\":\"Informe Litoral\",\"description\":\"&quot;Nos informamos&quot; \",\"publisher\":{\"@id\":\"https:\\\/\\\/informelitoral.com.ar\\\/#organization\"},\"potentialAction\":[{\"@type\":\"SearchAction\",\"target\":{\"@type\":\"EntryPoint\",\"urlTemplate\":\"https:\\\/\\\/informelitoral.com.ar\\\/?s={search_term_string}\"},\"query-input\":{\"@type\":\"PropertyValueSpecification\",\"valueRequired\":true,\"valueName\":\"search_term_string\"}}],\"inLanguage\":\"es\"},{\"@type\":\"Organization\",\"@id\":\"https:\\\/\\\/informelitoral.com.ar\\\/#organization\",\"name\":\"Informe Litoral\",\"url\":\"https:\\\/\\\/informelitoral.com.ar\\\/\",\"logo\":{\"@type\":\"ImageObject\",\"inLanguage\":\"es\",\"@id\":\"https:\\\/\\\/informelitoral.com.ar\\\/#\\\/schema\\\/logo\\\/image\\\/\",\"url\":\"https:\\\/\\\/informelitoral.com.ar\\\/%77%70%2d%63%6f%6e%74%65%6e%74\\\/uploads\\\/2021\\\/01\\\/circulo.png\",\"contentUrl\":\"https:\\\/\\\/informelitoral.com.ar\\\/%77%70%2d%63%6f%6e%74%65%6e%74\\\/uploads\\\/2021\\\/01\\\/circulo.png\",\"width\":723,\"height\":731,\"caption\":\"Informe Litoral\"},\"image\":{\"@id\":\"https:\\\/\\\/informelitoral.com.ar\\\/#\\\/schema\\\/logo\\\/image\\\/\"},\"sameAs\":[\"https:\\\/\\\/www.facebook.com\\\/informelitoral\\\/\",\"https:\\\/\\\/x.com\\\/InformeLitoral\",\"https:\\\/\\\/www.instagram.com\\\/informelitoral\\\/\",\"https:\\\/\\\/www.youtube.com\\\/channel\\\/UCua4Qvz8Icb6MYqhoq9xLXw\"]},{\"@type\":\"Person\",\"@id\":\"https:\\\/\\\/informelitoral.com.ar\\\/#\\\/schema\\\/person\\\/b9d00407c836482871ef1d57bf8e3180\",\"name\":\"Gonzalo Schmidt\",\"image\":{\"@type\":\"ImageObject\",\"inLanguage\":\"es\",\"@id\":\"https:\\\/\\\/secure.gravatar.com\\\/avatar\\\/31a1a7b66ff2de83bd0e9fd79d026630d2d99e55e8bfe501287647b4fd9743de?s=96&d=mm&r=g\",\"url\":\"https:\\\/\\\/secure.gravatar.com\\\/avatar\\\/31a1a7b66ff2de83bd0e9fd79d026630d2d99e55e8bfe501287647b4fd9743de?s=96&d=mm&r=g\",\"contentUrl\":\"https:\\\/\\\/secure.gravatar.com\\\/avatar\\\/31a1a7b66ff2de83bd0e9fd79d026630d2d99e55e8bfe501287647b4fd9743de?s=96&d=mm&r=g\",\"caption\":\"Gonzalo Schmidt\"},\"description\":\"Sitio web de noticias de la provincia de Entre R\u00edos, Argentina. Informaci\u00f3n y entretenimiento. Informe Litoral, nos informamos.\",\"sameAs\":[\"http:\\\/\\\/www.isletasnoticias.com.ar\"],\"url\":\"https:\\\/\\\/informelitoral.com.ar\\\/author\\\/gonzalo\\\/\"}]}<\/script>","yoast_head_json":{"title":"Aranguren durante el receso administrativo: continuidad de servicios y actividades de verano - Informe Litoral","robots":{"index":"index","follow":"follow","max-snippet":"max-snippet:-1","max-image-preview":"max-image-preview:large","max-video-preview":"max-video-preview:-1"},"canonical":"https:\/\/informelitoral.com.ar\/gestion-municipal-durante-el-receso-administrativo-continuidad-de-servicios-y-actividades-de-verano\/","og_locale":"es_ES","og_type":"article","og_title":"Aranguren durante el receso administrativo: continuidad de servicios y actividades de verano - Informe Litoral","og_description":"En el marco del receso administrativo, la Municipalidad de Aranguren contin\u00faa garantizando el funcionamiento de los servicios esenciales y el desarrollo de las actividades previstas para la temporada de verano.","og_url":"https:\/\/informelitoral.com.ar\/gestion-municipal-durante-el-receso-administrativo-continuidad-de-servicios-y-actividades-de-verano\/","og_site_name":"Informe Litoral","article_publisher":"https:\/\/www.facebook.com\/informelitoral\/","article_published_time":"2026-01-22T10:20:09+00:00","article_modified_time":"2026-01-22T10:23:54+00:00","og_image":[{"width":1600,"height":900,"url":"https:\/\/drive.google.com\/thumbnail?id=1MPFjzIUdFxx4kX6FcFv0N1R_hvXDjNSq&sz=w2048","type":"image\/jpeg"}],"author":"Gonzalo Schmidt","twitter_card":"summary_large_image","twitter_creator":"@InformeLitoral","twitter_site":"@InformeLitoral","twitter_misc":{"Escrito por":"Gonzalo Schmidt","Tiempo de lectura":"2 minutos"},"schema":{"@context":"https:\/\/schema.org","@graph":[{"@type":"Article","@id":"https:\/\/informelitoral.com.ar\/gestion-municipal-durante-el-receso-administrativo-continuidad-de-servicios-y-actividades-de-verano\/#article","isPartOf":{"@id":"https:\/\/informelitoral.com.ar\/gestion-municipal-durante-el-receso-administrativo-continuidad-de-servicios-y-actividades-de-verano\/"},"author":{"name":"Gonzalo Schmidt","@id":"https:\/\/informelitoral.com.ar\/#\/schema\/person\/b9d00407c836482871ef1d57bf8e3180"},"headline":"Aranguren durante el receso administrativo: continuidad de servicios y actividades de verano","datePublished":"2026-01-22T10:20:09+00:00","dateModified":"2026-01-22T10:23:54+00:00","mainEntityOfPage":{"@id":"https:\/\/informelitoral.com.ar\/gestion-municipal-durante-el-receso-administrativo-continuidad-de-servicios-y-actividades-de-verano\/"},"wordCount":334,"commentCount":0,"publisher":{"@id":"https:\/\/informelitoral.com.ar\/#organization"},"image":{"@id":"https:\/\/informelitoral.com.ar\/gestion-municipal-durante-el-receso-administrativo-continuidad-de-servicios-y-actividades-de-verano\/#primaryimage"},"thumbnailUrl":"https:\/\/drive.google.com\/thumbnail?id=1MPFjzIUdFxx4kX6FcFv0N1R_hvXDjNSq&sz=w2048","keywords":["Aranguren","Municipales","Municipalidad de Aranguren","Municipios"],"articleSection":["Departamento Nogoy\u00e1"],"inLanguage":"es","potentialAction":[{"@type":"CommentAction","name":"Comment","target":["https:\/\/informelitoral.com.ar\/gestion-municipal-durante-el-receso-administrativo-continuidad-de-servicios-y-actividades-de-verano\/#respond"]}]},{"@type":"WebPage","@id":"https:\/\/informelitoral.com.ar\/gestion-municipal-durante-el-receso-administrativo-continuidad-de-servicios-y-actividades-de-verano\/","url":"https:\/\/informelitoral.com.ar\/gestion-municipal-durante-el-receso-administrativo-continuidad-de-servicios-y-actividades-de-verano\/","name":"Aranguren durante el receso administrativo: continuidad de servicios y actividades de verano - Informe Litoral","isPartOf":{"@id":"https:\/\/informelitoral.com.ar\/#website"},"primaryImageOfPage":{"@id":"https:\/\/informelitoral.com.ar\/gestion-municipal-durante-el-receso-administrativo-continuidad-de-servicios-y-actividades-de-verano\/#primaryimage"},"image":{"@id":"https:\/\/informelitoral.com.ar\/gestion-municipal-durante-el-receso-administrativo-continuidad-de-servicios-y-actividades-de-verano\/#primaryimage"},"thumbnailUrl":"https:\/\/drive.google.com\/thumbnail?id=1MPFjzIUdFxx4kX6FcFv0N1R_hvXDjNSq&sz=w2048","datePublished":"2026-01-22T10:20:09+00:00","dateModified":"2026-01-22T10:23:54+00:00","breadcrumb":{"@id":"https:\/\/informelitoral.com.ar\/gestion-municipal-durante-el-receso-administrativo-continuidad-de-servicios-y-actividades-de-verano\/#breadcrumb"},"inLanguage":"es","potentialAction":[{"@type":"ReadAction","target":["https:\/\/informelitoral.com.ar\/gestion-municipal-durante-el-receso-administrativo-continuidad-de-servicios-y-actividades-de-verano\/"]}]},{"@type":"ImageObject","inLanguage":"es","@id":"https:\/\/informelitoral.com.ar\/gestion-municipal-durante-el-receso-administrativo-continuidad-de-servicios-y-actividades-de-verano\/#primaryimage","url":"https:\/\/drive.google.com\/thumbnail?id=1MPFjzIUdFxx4kX6FcFv0N1R_hvXDjNSq&sz=w2048","contentUrl":"https:\/\/drive.google.com\/thumbnail?id=1MPFjzIUdFxx4kX6FcFv0N1R_hvXDjNSq&sz=w2048","width":1600,"height":900},{"@type":"BreadcrumbList","@id":"https:\/\/informelitoral.com.ar\/gestion-municipal-durante-el-receso-administrativo-continuidad-de-servicios-y-actividades-de-verano\/#breadcrumb","itemListElement":[{"@type":"ListItem","position":1,"name":"Portada","item":"https:\/\/informelitoral.com.ar\/"},{"@type":"ListItem","position":2,"name":"Aranguren durante el receso administrativo: continuidad de servicios y actividades de verano"}]},{"@type":"WebSite","@id":"https:\/\/informelitoral.com.ar\/#website","url":"https:\/\/informelitoral.com.ar\/","name":"Informe Litoral","description":"&quot;Nos informamos&quot; ","publisher":{"@id":"https:\/\/informelitoral.com.ar\/#organization"},"potentialAction":[{"@type":"SearchAction","target":{"@type":"EntryPoint","urlTemplate":"https:\/\/informelitoral.com.ar\/?s={search_term_string}"},"query-input":{"@type":"PropertyValueSpecification","valueRequired":true,"valueName":"search_term_string"}}],"inLanguage":"es"},{"@type":"Organization","@id":"https:\/\/informelitoral.com.ar\/#organization","name":"Informe Litoral","url":"https:\/\/informelitoral.com.ar\/","logo":{"@type":"ImageObject","inLanguage":"es","@id":"https:\/\/informelitoral.com.ar\/#\/schema\/logo\/image\/","url":"https:\/\/informelitoral.com.ar\/%77%70%2d%63%6f%6e%74%65%6e%74\/uploads\/2021\/01\/circulo.png","contentUrl":"https:\/\/informelitoral.com.ar\/%77%70%2d%63%6f%6e%74%65%6e%74\/uploads\/2021\/01\/circulo.png","width":723,"height":731,"caption":"Informe Litoral"},"image":{"@id":"https:\/\/informelitoral.com.ar\/#\/schema\/logo\/image\/"},"sameAs":["https:\/\/www.facebook.com\/informelitoral\/","https:\/\/x.com\/InformeLitoral","https:\/\/www.instagram.com\/informelitoral\/","https:\/\/www.youtube.com\/channel\/UCua4Qvz8Icb6MYqhoq9xLXw"]},{"@type":"Person","@id":"https:\/\/informelitoral.com.ar\/#\/schema\/person\/b9d00407c836482871ef1d57bf8e3180","name":"Gonzalo Schmidt","image":{"@type":"ImageObject","inLanguage":"es","@id":"https:\/\/secure.gravatar.com\/avatar\/31a1a7b66ff2de83bd0e9fd79d026630d2d99e55e8bfe501287647b4fd9743de?s=96&d=mm&r=g","url":"https:\/\/secure.gravatar.com\/avatar\/31a1a7b66ff2de83bd0e9fd79d026630d2d99e55e8bfe501287647b4fd9743de?s=96&d=mm&r=g","contentUrl":"https:\/\/secure.gravatar.com\/avatar\/31a1a7b66ff2de83bd0e9fd79d026630d2d99e55e8bfe501287647b4fd9743de?s=96&d=mm&r=g","caption":"Gonzalo Schmidt"},"description":"Sitio web de noticias de la provincia de Entre R\u00edos, Argentina. Informaci\u00f3n y entretenimiento. Informe Litoral, nos informamos.","sameAs":["http:\/\/www.isletasnoticias.com.ar"],"url":"https:\/\/informelitoral.com.ar\/author\/gonzalo\/"}]}},"_links":{"self":[{"href":"https:\/\/informelitoral.com.ar\/%77%70%2d%6a%73%6f%6e\/wp\/v2\/posts\/247219","targetHints":{"allow":["GET"]}}],"collection":[{"href":"https:\/\/informelitoral.com.ar\/%77%70%2d%6a%73%6f%6e\/wp\/v2\/posts"}],"about":[{"href":"https:\/\/informelitoral.com.ar\/%77%70%2d%6a%73%6f%6e\/wp\/v2\/types\/post"}],"author":[{"embeddable":true,"href":"https:\/\/informelitoral.com.ar\/%77%70%2d%6a%73%6f%6e\/wp\/v2\/users\/2"}],"replies":[{"embeddable":true,"href":"https:\/\/informelitoral.com.ar\/%77%70%2d%6a%73%6f%6e\/wp\/v2\/comments?post=247219"}],"version-history":[{"count":1,"href":"https:\/\/informelitoral.com.ar\/%77%70%2d%6a%73%6f%6e\/wp\/v2\/posts\/247219\/revisions"}],"predecessor-version":[{"id":247223,"href":"https:\/\/informelitoral.com.ar\/%77%70%2d%6a%73%6f%6e\/wp\/v2\/posts\/247219\/revisions\/247223"}],"wp:featuredmedia":[{"embeddable":true,"href":"https:\/\/informelitoral.com.ar\/%77%70%2d%6a%73%6f%6e\/wp\/v2\/media\/247221"}],"wp:attachment":[{"href":"https:\/\/informelitoral.com.ar\/%77%70%2d%6a%73%6f%6e\/wp\/v2\/media?parent=247219"}],"wp:term":[{"taxonomy":"category","embeddable":true,"href":"https:\/\/informelitoral.com.ar\/%77%70%2d%6a%73%6f%6e\/wp\/v2\/categories?post=247219"},{"taxonomy":"post_tag","embeddable":true,"href":"https:\/\/informelitoral.com.ar\/%77%70%2d%6a%73%6f%6e\/wp\/v2\/tags?post=247219"}],"curies":[{"name":"wp","href":"https:\/\/api.w.org\/{rel}","templated":true}]}}