{"id":247217,"date":"2026-01-22T06:55:28","date_gmt":"2026-01-22T09:55:28","guid":{"rendered":"https:\/\/informelitoral.com.ar\/?p=247217"},"modified":"2026-01-22T06:55:28","modified_gmt":"2026-01-22T09:55:28","slug":"sin-lluvias-a-la-vista-suben-las-temperaturas","status":"publish","type":"post","link":"https:\/\/informelitoral.com.ar\/sin-lluvias-a-la-vista-suben-las-temperaturas\/","title":{"rendered":"Sin lluvias a la vista suben las temperaturas"},"content":{"rendered":"<p>El calor se intensifica en gran parte del pa\u00eds y Entre R\u00edos se encuentra bajo alerta amarilla por temperaturas extremas, seg\u00fan inform\u00f3 el Servicio Meteorol\u00f3gico Nacional (SMN). A partir de este jueves se registrar\u00e1 un fuerte ascenso t\u00e9rmico, con m\u00e1ximas que superar\u00e1n los 30 grados y un pico previsto para el martes 27 de enero, cuando los registros podr\u00edan alcanzar los 37\u00b0C.<\/p>\n<p>De acuerdo al pron\u00f3stico oficial, desde hoy las temperaturas comenzar\u00e1n a subir de manera sostenida, dando inicio a un per\u00edodo de calor intenso que se extender\u00e1 durante varios d\u00edas. Adem\u00e1s, se reducir\u00e1 la amplitud t\u00e9rmica debido a que las temperaturas m\u00ednimas tambi\u00e9n ser\u00e1n elevadas, lo que dificultar\u00e1 el alivio nocturno.<\/p>\n<h2><strong>C\u00f3mo seguir\u00e1 el tiempo en los pr\u00f3ximos d\u00edas<\/strong><\/h2>\n<p><b>Jueves<\/b>: m\u00ednima de 20\u00b0C y m\u00e1xima de 33\u00b0C. Cielo ligeramente nublado por la ma\u00f1ana y algo nublado el resto del d\u00eda.<\/p>\n<p><b>Viernes<\/b>: m\u00ednima de 23\u00b0 y m\u00e1xima de 34\u00b0, con elevada sensaci\u00f3n t\u00e9rmica. Poca nubosidad y viento leve a moderado del noreste.<\/p>\n<p><b>S\u00e1bado:<\/b>\u00a0m\u00ednima de 23\u00b0C y m\u00e1xima de 35\u00b0C. Cielo parcialmente nublado y viento leve a moderado del norte.<\/p>\n<p><b>Domingo:<\/b>\u00a0m\u00ednima de 23\u00b0C y m\u00e1xima de 36\u00b0C, con cielo algo a parcialmente nublado.<\/p>\n<p><b>Lunes:<\/b>\u00a0m\u00ednima de 27\u00b0C y m\u00e1xima de 36\u00b0C. Cielo mayormente nublado.<\/p>\n<p><b>Martes:<\/b> ser\u00e1 el d\u00eda m\u00e1s caluroso de esta ola de calor, con m\u00ednima de 28\u00b0C y m\u00e1xima de 37\u00b0C. Cielo parcialmente nublado durante toda la jornada.<\/p>\n<h2><strong>Alerta amarilla por temperaturas extremas<\/strong><\/h2>\n<p>Las provincias de Entre R\u00edos, Buenos Aires, C\u00f3rdoba y San Luis se encuentran bajo alerta amarilla por temperaturas extremas.<b>\u00a0En el caso de Entre R\u00edos, el aviso alcanza a los departamentos de Paran\u00e1, La Paz, Diamante, Nogoy\u00e1 y Villaguay.<\/b><\/p>\n<p>El nivel amarillo implica un efecto leve a moderado en la salud, con posibles riesgos especialmente para ni\u00f1os y ni\u00f1as, personas mayores de 65 a\u00f1os y quienes padecen enfermedades cr\u00f3nicas.<\/p>\n<h2><strong>Recomendaciones para prevenir golpes de calor<\/strong><\/h2>\n<p>Aumentar el consumo de agua sin esperar a tener sed.<\/p>\n<p>Evitar la exposici\u00f3n al sol en horas centrales del d\u00eda (entre las 10 y las 16).<\/p>\n<p>Prestar especial atenci\u00f3n a beb\u00e9s, ni\u00f1os, embarazadas y adultos mayores.<\/p>\n<p>Evitar bebidas alcoh\u00f3licas, con cafe\u00edna o muy azucaradas, y comidas abundantes.<\/p>\n<p>Consumir frutas y verduras.<\/p>\n<p>Reducir la actividad f\u00edsica.<\/p>\n<p>Usar ropa liviana, holgada y de colores claros; sombrero y anteojos de sol.<\/p>\n<p>Permanecer en ambientes ventilados o con aire acondicionado.<\/p>\n<p>Ante s\u00edntomas como sed intensa, piel seca, sudoraci\u00f3n excesiva, mareos, agotamiento, n\u00e1useas, v\u00f3mitos o desmayos, se debe solicitar asistencia m\u00e9dica inmediata, trasladar a la persona a un lugar fresco, refrescarla y ofrecerle agua.<\/p>\n<h2><strong>Sin lluvias a la vista<\/strong><\/h2>\n<p>Sobre el contexto clim\u00e1tico regional, el meteor\u00f3logo Leonardo De Benedictis advirti\u00f3 que en el Litoral el panorama contin\u00faa siendo muy irregular.<\/p>\n<p>\u201cLa ausencia total de lluvias se extiende no solo sobre Argentina, sino tambi\u00e9n hacia pa\u00edses lim\u00edtrofes como Uruguay, el sur de Brasil y gran parte de Paraguay. Esta situaci\u00f3n regional refuerza la persistencia de condiciones secas sobre el centro del pa\u00eds\u201d, se\u00f1al\u00f3.<\/p>\n<p>Asimismo, alert\u00f3 sobre el impacto en el sector agropecuario: \u201cTodo este escenario se desarrolla en un momento cr\u00edtico para los cultivos de verano, que atraviesan etapas determinantes de su ciclo. Las precipitaciones registradas durante la primavera fueron insuficientes para sostener un perfil h\u00eddrico adecuado, lo que hoy limita el potencial productivo y mantiene elevada la preocupaci\u00f3n en el sector\u201d.<\/p>\n<h6><em><strong>Del archivo:\u00a0<a href=\"https:\/\/informelitoral.com.ar\/concluyeron-obras-para-evitar-filtraciones-en-la-escuela-no-55-de-victoria\/\" target=\"_blank\" rel=\"noopener\">Concluyeron obras para evitar filtraciones en la Escuela N\u00ba 55 de Victoria<\/a><\/strong><\/em><\/h6>\n","protected":false},"excerpt":{"rendered":"<p>Para este jueves anticipan una m\u00e1xima de 33 grados y en los pr\u00f3ximos d\u00edas har\u00e1 m\u00e1s calor todav\u00eda. El cielo continuar\u00e1 con escasa nubosidad. Hay una zona de Entre R\u00edos bajo alerta amarilla por temperaturas extremas. <\/p>\n","protected":false},"author":2,"featured_media":69891,"comment_status":"open","ping_status":"open","sticky":false,"template":"","format":"standard","meta":{"fifu_image_url":"","fifu_image_alt":"","footnotes":""},"categories":[6],"tags":[889,38,2851,2759,113],"class_list":{"0":"post-247217","1":"post","2":"type-post","3":"status-publish","4":"format-standard","5":"has-post-thumbnail","7":"category-entre-rios","8":"tag-calor","9":"tag-el-tiempo","10":"tag-ola-de-calor","11":"tag-pronostico-del-tiempo","12":"tag-smn"},"yoast_head":"<title>Sin lluvias a la vista suben las temperaturas - Informe Litoral<\/title>\n<meta name=\"robots\" content=\"index, follow, max-snippet:-1, max-image-preview:large, max-video-preview:-1\" \/>\n<link rel=\"canonical\" href=\"https:\/\/informelitoral.com.ar\/sin-lluvias-a-la-vista-suben-las-temperaturas\/\" \/>\n<meta property=\"og:locale\" content=\"es_ES\" \/>\n<meta property=\"og:type\" content=\"article\" \/>\n<meta property=\"og:title\" content=\"Sin lluvias a la vista suben las temperaturas - Informe Litoral\" \/>\n<meta property=\"og:description\" content=\"Para este jueves anticipan una m\u00e1xima de 33 grados y en los pr\u00f3ximos d\u00edas har\u00e1 m\u00e1s calor todav\u00eda. El cielo continuar\u00e1 con escasa nubosidad. Hay una zona de Entre R\u00edos bajo alerta amarilla por temperaturas extremas.\" \/>\n<meta property=\"og:url\" content=\"https:\/\/informelitoral.com.ar\/sin-lluvias-a-la-vista-suben-las-temperaturas\/\" \/>\n<meta property=\"og:site_name\" content=\"Informe Litoral\" \/>\n<meta property=\"article:publisher\" content=\"https:\/\/www.facebook.com\/informelitoral\/\" \/>\n<meta property=\"article:published_time\" content=\"2026-01-22T09:55:28+00:00\" \/>\n<meta property=\"og:image\" content=\"https:\/\/informelitoral.com.ar\/%77%70%2d%63%6f%6e%74%65%6e%74\/uploads\/2022\/01\/posible-episodio-altas-temperaturas-ola-de-calor-inicio-julio-2021-espana-346531-1_1024.jpeg\" \/>\n\t<meta property=\"og:image:width\" content=\"1024\" \/>\n\t<meta property=\"og:image:height\" content=\"720\" \/>\n\t<meta property=\"og:image:type\" content=\"image\/jpeg\" \/>\n<meta name=\"author\" content=\"Gonzalo Schmidt\" \/>\n<meta name=\"twitter:card\" content=\"summary_large_image\" \/>\n<meta name=\"twitter:creator\" content=\"@InformeLitoral\" \/>\n<meta name=\"twitter:site\" content=\"@InformeLitoral\" \/>\n<meta name=\"twitter:label1\" content=\"Escrito por\" \/>\n\t<meta name=\"twitter:data1\" content=\"Gonzalo Schmidt\" \/>\n\t<meta name=\"twitter:label2\" content=\"Tiempo de lectura\" \/>\n\t<meta name=\"twitter:data2\" content=\"3 minutos\" \/>\n<script type=\"application\/ld+json\" class=\"yoast-schema-graph\">{\"@context\":\"https:\\\/\\\/schema.org\",\"@graph\":[{\"@type\":\"Article\",\"@id\":\"https:\\\/\\\/informelitoral.com.ar\\\/sin-lluvias-a-la-vista-suben-las-temperaturas\\\/#article\",\"isPartOf\":{\"@id\":\"https:\\\/\\\/informelitoral.com.ar\\\/sin-lluvias-a-la-vista-suben-las-temperaturas\\\/\"},\"author\":{\"name\":\"Gonzalo Schmidt\",\"@id\":\"https:\\\/\\\/informelitoral.com.ar\\\/#\\\/schema\\\/person\\\/b9d00407c836482871ef1d57bf8e3180\"},\"headline\":\"Sin lluvias a la vista suben las temperaturas\",\"datePublished\":\"2026-01-22T09:55:28+00:00\",\"mainEntityOfPage\":{\"@id\":\"https:\\\/\\\/informelitoral.com.ar\\\/sin-lluvias-a-la-vista-suben-las-temperaturas\\\/\"},\"wordCount\":632,\"commentCount\":0,\"publisher\":{\"@id\":\"https:\\\/\\\/informelitoral.com.ar\\\/#organization\"},\"image\":{\"@id\":\"https:\\\/\\\/informelitoral.com.ar\\\/sin-lluvias-a-la-vista-suben-las-temperaturas\\\/#primaryimage\"},\"thumbnailUrl\":\"https:\\\/\\\/informelitoral.com.ar\\\/%77%70%2d%63%6f%6e%74%65%6e%74\\\/uploads\\\/2022\\\/01\\\/posible-episodio-altas-temperaturas-ola-de-calor-inicio-julio-2021-espana-346531-1_1024.jpeg\",\"keywords\":[\"Calor\",\"El tiempo\",\"Ola de Calor\",\"Pron\u00f3stico del tiempo\",\"SMN\"],\"articleSection\":[\"Entre R\u00edos\"],\"inLanguage\":\"es\",\"potentialAction\":[{\"@type\":\"CommentAction\",\"name\":\"Comment\",\"target\":[\"https:\\\/\\\/informelitoral.com.ar\\\/sin-lluvias-a-la-vista-suben-las-temperaturas\\\/#respond\"]}]},{\"@type\":\"WebPage\",\"@id\":\"https:\\\/\\\/informelitoral.com.ar\\\/sin-lluvias-a-la-vista-suben-las-temperaturas\\\/\",\"url\":\"https:\\\/\\\/informelitoral.com.ar\\\/sin-lluvias-a-la-vista-suben-las-temperaturas\\\/\",\"name\":\"Sin lluvias a la vista suben las temperaturas - Informe Litoral\",\"isPartOf\":{\"@id\":\"https:\\\/\\\/informelitoral.com.ar\\\/#website\"},\"primaryImageOfPage\":{\"@id\":\"https:\\\/\\\/informelitoral.com.ar\\\/sin-lluvias-a-la-vista-suben-las-temperaturas\\\/#primaryimage\"},\"image\":{\"@id\":\"https:\\\/\\\/informelitoral.com.ar\\\/sin-lluvias-a-la-vista-suben-las-temperaturas\\\/#primaryimage\"},\"thumbnailUrl\":\"https:\\\/\\\/informelitoral.com.ar\\\/%77%70%2d%63%6f%6e%74%65%6e%74\\\/uploads\\\/2022\\\/01\\\/posible-episodio-altas-temperaturas-ola-de-calor-inicio-julio-2021-espana-346531-1_1024.jpeg\",\"datePublished\":\"2026-01-22T09:55:28+00:00\",\"breadcrumb\":{\"@id\":\"https:\\\/\\\/informelitoral.com.ar\\\/sin-lluvias-a-la-vista-suben-las-temperaturas\\\/#breadcrumb\"},\"inLanguage\":\"es\",\"potentialAction\":[{\"@type\":\"ReadAction\",\"target\":[\"https:\\\/\\\/informelitoral.com.ar\\\/sin-lluvias-a-la-vista-suben-las-temperaturas\\\/\"]}]},{\"@type\":\"ImageObject\",\"inLanguage\":\"es\",\"@id\":\"https:\\\/\\\/informelitoral.com.ar\\\/sin-lluvias-a-la-vista-suben-las-temperaturas\\\/#primaryimage\",\"url\":\"https:\\\/\\\/informelitoral.com.ar\\\/%77%70%2d%63%6f%6e%74%65%6e%74\\\/uploads\\\/2022\\\/01\\\/posible-episodio-altas-temperaturas-ola-de-calor-inicio-julio-2021-espana-346531-1_1024.jpeg\",\"contentUrl\":\"https:\\\/\\\/informelitoral.com.ar\\\/%77%70%2d%63%6f%6e%74%65%6e%74\\\/uploads\\\/2022\\\/01\\\/posible-episodio-altas-temperaturas-ola-de-calor-inicio-julio-2021-espana-346531-1_1024.jpeg\",\"width\":1024,\"height\":720},{\"@type\":\"BreadcrumbList\",\"@id\":\"https:\\\/\\\/informelitoral.com.ar\\\/sin-lluvias-a-la-vista-suben-las-temperaturas\\\/#breadcrumb\",\"itemListElement\":[{\"@type\":\"ListItem\",\"position\":1,\"name\":\"Portada\",\"item\":\"https:\\\/\\\/informelitoral.com.ar\\\/\"},{\"@type\":\"ListItem\",\"position\":2,\"name\":\"Sin lluvias a la vista suben las temperaturas\"}]},{\"@type\":\"WebSite\",\"@id\":\"https:\\\/\\\/informelitoral.com.ar\\\/#website\",\"url\":\"https:\\\/\\\/informelitoral.com.ar\\\/\",\"name\":\"Informe Litoral\",\"description\":\"&quot;Nos informamos&quot; \",\"publisher\":{\"@id\":\"https:\\\/\\\/informelitoral.com.ar\\\/#organization\"},\"potentialAction\":[{\"@type\":\"SearchAction\",\"target\":{\"@type\":\"EntryPoint\",\"urlTemplate\":\"https:\\\/\\\/informelitoral.com.ar\\\/?s={search_term_string}\"},\"query-input\":{\"@type\":\"PropertyValueSpecification\",\"valueRequired\":true,\"valueName\":\"search_term_string\"}}],\"inLanguage\":\"es\"},{\"@type\":\"Organization\",\"@id\":\"https:\\\/\\\/informelitoral.com.ar\\\/#organization\",\"name\":\"Informe Litoral\",\"url\":\"https:\\\/\\\/informelitoral.com.ar\\\/\",\"logo\":{\"@type\":\"ImageObject\",\"inLanguage\":\"es\",\"@id\":\"https:\\\/\\\/informelitoral.com.ar\\\/#\\\/schema\\\/logo\\\/image\\\/\",\"url\":\"https:\\\/\\\/informelitoral.com.ar\\\/%77%70%2d%63%6f%6e%74%65%6e%74\\\/uploads\\\/2021\\\/01\\\/circulo.png\",\"contentUrl\":\"https:\\\/\\\/informelitoral.com.ar\\\/%77%70%2d%63%6f%6e%74%65%6e%74\\\/uploads\\\/2021\\\/01\\\/circulo.png\",\"width\":723,\"height\":731,\"caption\":\"Informe Litoral\"},\"image\":{\"@id\":\"https:\\\/\\\/informelitoral.com.ar\\\/#\\\/schema\\\/logo\\\/image\\\/\"},\"sameAs\":[\"https:\\\/\\\/www.facebook.com\\\/informelitoral\\\/\",\"https:\\\/\\\/x.com\\\/InformeLitoral\",\"https:\\\/\\\/www.instagram.com\\\/informelitoral\\\/\",\"https:\\\/\\\/www.youtube.com\\\/channel\\\/UCua4Qvz8Icb6MYqhoq9xLXw\"]},{\"@type\":\"Person\",\"@id\":\"https:\\\/\\\/informelitoral.com.ar\\\/#\\\/schema\\\/person\\\/b9d00407c836482871ef1d57bf8e3180\",\"name\":\"Gonzalo Schmidt\",\"image\":{\"@type\":\"ImageObject\",\"inLanguage\":\"es\",\"@id\":\"https:\\\/\\\/secure.gravatar.com\\\/avatar\\\/31a1a7b66ff2de83bd0e9fd79d026630d2d99e55e8bfe501287647b4fd9743de?s=96&d=mm&r=g\",\"url\":\"https:\\\/\\\/secure.gravatar.com\\\/avatar\\\/31a1a7b66ff2de83bd0e9fd79d026630d2d99e55e8bfe501287647b4fd9743de?s=96&d=mm&r=g\",\"contentUrl\":\"https:\\\/\\\/secure.gravatar.com\\\/avatar\\\/31a1a7b66ff2de83bd0e9fd79d026630d2d99e55e8bfe501287647b4fd9743de?s=96&d=mm&r=g\",\"caption\":\"Gonzalo Schmidt\"},\"description\":\"Sitio web de noticias de la provincia de Entre R\u00edos, Argentina. Informaci\u00f3n y entretenimiento. Informe Litoral, nos informamos.\",\"sameAs\":[\"http:\\\/\\\/www.isletasnoticias.com.ar\"],\"url\":\"https:\\\/\\\/informelitoral.com.ar\\\/author\\\/gonzalo\\\/\"}]}<\/script>","yoast_head_json":{"title":"Sin lluvias a la vista suben las temperaturas - Informe Litoral","robots":{"index":"index","follow":"follow","max-snippet":"max-snippet:-1","max-image-preview":"max-image-preview:large","max-video-preview":"max-video-preview:-1"},"canonical":"https:\/\/informelitoral.com.ar\/sin-lluvias-a-la-vista-suben-las-temperaturas\/","og_locale":"es_ES","og_type":"article","og_title":"Sin lluvias a la vista suben las temperaturas - Informe Litoral","og_description":"Para este jueves anticipan una m\u00e1xima de 33 grados y en los pr\u00f3ximos d\u00edas har\u00e1 m\u00e1s calor todav\u00eda. El cielo continuar\u00e1 con escasa nubosidad. Hay una zona de Entre R\u00edos bajo alerta amarilla por temperaturas extremas.","og_url":"https:\/\/informelitoral.com.ar\/sin-lluvias-a-la-vista-suben-las-temperaturas\/","og_site_name":"Informe Litoral","article_publisher":"https:\/\/www.facebook.com\/informelitoral\/","article_published_time":"2026-01-22T09:55:28+00:00","og_image":[{"width":1024,"height":720,"url":"https:\/\/informelitoral.com.ar\/%77%70%2d%63%6f%6e%74%65%6e%74\/uploads\/2022\/01\/posible-episodio-altas-temperaturas-ola-de-calor-inicio-julio-2021-espana-346531-1_1024.jpeg","type":"image\/jpeg"}],"author":"Gonzalo Schmidt","twitter_card":"summary_large_image","twitter_creator":"@InformeLitoral","twitter_site":"@InformeLitoral","twitter_misc":{"Escrito por":"Gonzalo Schmidt","Tiempo de lectura":"3 minutos"},"schema":{"@context":"https:\/\/schema.org","@graph":[{"@type":"Article","@id":"https:\/\/informelitoral.com.ar\/sin-lluvias-a-la-vista-suben-las-temperaturas\/#article","isPartOf":{"@id":"https:\/\/informelitoral.com.ar\/sin-lluvias-a-la-vista-suben-las-temperaturas\/"},"author":{"name":"Gonzalo Schmidt","@id":"https:\/\/informelitoral.com.ar\/#\/schema\/person\/b9d00407c836482871ef1d57bf8e3180"},"headline":"Sin lluvias a la vista suben las temperaturas","datePublished":"2026-01-22T09:55:28+00:00","mainEntityOfPage":{"@id":"https:\/\/informelitoral.com.ar\/sin-lluvias-a-la-vista-suben-las-temperaturas\/"},"wordCount":632,"commentCount":0,"publisher":{"@id":"https:\/\/informelitoral.com.ar\/#organization"},"image":{"@id":"https:\/\/informelitoral.com.ar\/sin-lluvias-a-la-vista-suben-las-temperaturas\/#primaryimage"},"thumbnailUrl":"https:\/\/informelitoral.com.ar\/%77%70%2d%63%6f%6e%74%65%6e%74\/uploads\/2022\/01\/posible-episodio-altas-temperaturas-ola-de-calor-inicio-julio-2021-espana-346531-1_1024.jpeg","keywords":["Calor","El tiempo","Ola de Calor","Pron\u00f3stico del tiempo","SMN"],"articleSection":["Entre R\u00edos"],"inLanguage":"es","potentialAction":[{"@type":"CommentAction","name":"Comment","target":["https:\/\/informelitoral.com.ar\/sin-lluvias-a-la-vista-suben-las-temperaturas\/#respond"]}]},{"@type":"WebPage","@id":"https:\/\/informelitoral.com.ar\/sin-lluvias-a-la-vista-suben-las-temperaturas\/","url":"https:\/\/informelitoral.com.ar\/sin-lluvias-a-la-vista-suben-las-temperaturas\/","name":"Sin lluvias a la vista suben las temperaturas - Informe Litoral","isPartOf":{"@id":"https:\/\/informelitoral.com.ar\/#website"},"primaryImageOfPage":{"@id":"https:\/\/informelitoral.com.ar\/sin-lluvias-a-la-vista-suben-las-temperaturas\/#primaryimage"},"image":{"@id":"https:\/\/informelitoral.com.ar\/sin-lluvias-a-la-vista-suben-las-temperaturas\/#primaryimage"},"thumbnailUrl":"https:\/\/informelitoral.com.ar\/%77%70%2d%63%6f%6e%74%65%6e%74\/uploads\/2022\/01\/posible-episodio-altas-temperaturas-ola-de-calor-inicio-julio-2021-espana-346531-1_1024.jpeg","datePublished":"2026-01-22T09:55:28+00:00","breadcrumb":{"@id":"https:\/\/informelitoral.com.ar\/sin-lluvias-a-la-vista-suben-las-temperaturas\/#breadcrumb"},"inLanguage":"es","potentialAction":[{"@type":"ReadAction","target":["https:\/\/informelitoral.com.ar\/sin-lluvias-a-la-vista-suben-las-temperaturas\/"]}]},{"@type":"ImageObject","inLanguage":"es","@id":"https:\/\/informelitoral.com.ar\/sin-lluvias-a-la-vista-suben-las-temperaturas\/#primaryimage","url":"https:\/\/informelitoral.com.ar\/%77%70%2d%63%6f%6e%74%65%6e%74\/uploads\/2022\/01\/posible-episodio-altas-temperaturas-ola-de-calor-inicio-julio-2021-espana-346531-1_1024.jpeg","contentUrl":"https:\/\/informelitoral.com.ar\/%77%70%2d%63%6f%6e%74%65%6e%74\/uploads\/2022\/01\/posible-episodio-altas-temperaturas-ola-de-calor-inicio-julio-2021-espana-346531-1_1024.jpeg","width":1024,"height":720},{"@type":"BreadcrumbList","@id":"https:\/\/informelitoral.com.ar\/sin-lluvias-a-la-vista-suben-las-temperaturas\/#breadcrumb","itemListElement":[{"@type":"ListItem","position":1,"name":"Portada","item":"https:\/\/informelitoral.com.ar\/"},{"@type":"ListItem","position":2,"name":"Sin lluvias a la vista suben las temperaturas"}]},{"@type":"WebSite","@id":"https:\/\/informelitoral.com.ar\/#website","url":"https:\/\/informelitoral.com.ar\/","name":"Informe Litoral","description":"&quot;Nos informamos&quot; ","publisher":{"@id":"https:\/\/informelitoral.com.ar\/#organization"},"potentialAction":[{"@type":"SearchAction","target":{"@type":"EntryPoint","urlTemplate":"https:\/\/informelitoral.com.ar\/?s={search_term_string}"},"query-input":{"@type":"PropertyValueSpecification","valueRequired":true,"valueName":"search_term_string"}}],"inLanguage":"es"},{"@type":"Organization","@id":"https:\/\/informelitoral.com.ar\/#organization","name":"Informe Litoral","url":"https:\/\/informelitoral.com.ar\/","logo":{"@type":"ImageObject","inLanguage":"es","@id":"https:\/\/informelitoral.com.ar\/#\/schema\/logo\/image\/","url":"https:\/\/informelitoral.com.ar\/%77%70%2d%63%6f%6e%74%65%6e%74\/uploads\/2021\/01\/circulo.png","contentUrl":"https:\/\/informelitoral.com.ar\/%77%70%2d%63%6f%6e%74%65%6e%74\/uploads\/2021\/01\/circulo.png","width":723,"height":731,"caption":"Informe Litoral"},"image":{"@id":"https:\/\/informelitoral.com.ar\/#\/schema\/logo\/image\/"},"sameAs":["https:\/\/www.facebook.com\/informelitoral\/","https:\/\/x.com\/InformeLitoral","https:\/\/www.instagram.com\/informelitoral\/","https:\/\/www.youtube.com\/channel\/UCua4Qvz8Icb6MYqhoq9xLXw"]},{"@type":"Person","@id":"https:\/\/informelitoral.com.ar\/#\/schema\/person\/b9d00407c836482871ef1d57bf8e3180","name":"Gonzalo Schmidt","image":{"@type":"ImageObject","inLanguage":"es","@id":"https:\/\/secure.gravatar.com\/avatar\/31a1a7b66ff2de83bd0e9fd79d026630d2d99e55e8bfe501287647b4fd9743de?s=96&d=mm&r=g","url":"https:\/\/secure.gravatar.com\/avatar\/31a1a7b66ff2de83bd0e9fd79d026630d2d99e55e8bfe501287647b4fd9743de?s=96&d=mm&r=g","contentUrl":"https:\/\/secure.gravatar.com\/avatar\/31a1a7b66ff2de83bd0e9fd79d026630d2d99e55e8bfe501287647b4fd9743de?s=96&d=mm&r=g","caption":"Gonzalo Schmidt"},"description":"Sitio web de noticias de la provincia de Entre R\u00edos, Argentina. Informaci\u00f3n y entretenimiento. Informe Litoral, nos informamos.","sameAs":["http:\/\/www.isletasnoticias.com.ar"],"url":"https:\/\/informelitoral.com.ar\/author\/gonzalo\/"}]}},"_links":{"self":[{"href":"https:\/\/informelitoral.com.ar\/%77%70%2d%6a%73%6f%6e\/wp\/v2\/posts\/247217","targetHints":{"allow":["GET"]}}],"collection":[{"href":"https:\/\/informelitoral.com.ar\/%77%70%2d%6a%73%6f%6e\/wp\/v2\/posts"}],"about":[{"href":"https:\/\/informelitoral.com.ar\/%77%70%2d%6a%73%6f%6e\/wp\/v2\/types\/post"}],"author":[{"embeddable":true,"href":"https:\/\/informelitoral.com.ar\/%77%70%2d%6a%73%6f%6e\/wp\/v2\/users\/2"}],"replies":[{"embeddable":true,"href":"https:\/\/informelitoral.com.ar\/%77%70%2d%6a%73%6f%6e\/wp\/v2\/comments?post=247217"}],"version-history":[{"count":1,"href":"https:\/\/informelitoral.com.ar\/%77%70%2d%6a%73%6f%6e\/wp\/v2\/posts\/247217\/revisions"}],"predecessor-version":[{"id":247218,"href":"https:\/\/informelitoral.com.ar\/%77%70%2d%6a%73%6f%6e\/wp\/v2\/posts\/247217\/revisions\/247218"}],"wp:featuredmedia":[{"embeddable":true,"href":"https:\/\/informelitoral.com.ar\/%77%70%2d%6a%73%6f%6e\/wp\/v2\/media\/69891"}],"wp:attachment":[{"href":"https:\/\/informelitoral.com.ar\/%77%70%2d%6a%73%6f%6e\/wp\/v2\/media?parent=247217"}],"wp:term":[{"taxonomy":"category","embeddable":true,"href":"https:\/\/informelitoral.com.ar\/%77%70%2d%6a%73%6f%6e\/wp\/v2\/categories?post=247217"},{"taxonomy":"post_tag","embeddable":true,"href":"https:\/\/informelitoral.com.ar\/%77%70%2d%6a%73%6f%6e\/wp\/v2\/tags?post=247217"}],"curies":[{"name":"wp","href":"https:\/\/api.w.org\/{rel}","templated":true}]}}