{"id":247199,"date":"2026-01-21T15:31:18","date_gmt":"2026-01-21T18:31:18","guid":{"rendered":"https:\/\/informelitoral.com.ar\/?p=247199"},"modified":"2026-01-21T16:37:53","modified_gmt":"2026-01-21T19:37:53","slug":"policia-de-nogoya-tuvo-que-contener-a-un-joven-con-crisis-emocional","status":"publish","type":"post","link":"https:\/\/informelitoral.com.ar\/policia-de-nogoya-tuvo-que-contener-a-un-joven-con-crisis-emocional\/","title":{"rendered":"Polic\u00eda de Nogoy\u00e1 tuvo que contener a un joven con crisis emocional"},"content":{"rendered":"<p>Un joven de 29 a\u00f1os, se acerc\u00f3 esta medianoche a la Comisar\u00eda de Nogoy\u00e1. De acuerdo al parte policial enviado a Informe Litoral, el hombre presentaba una crisis emocional (angustia\/llanto) manifestando tener problemas, a la vez que solicitaba ayuda.<\/p>\n<p>Personal que se encontraba de guardia, luego de entablar una conversaci\u00f3n logr\u00f3 calmarlo y estabilizarlo emocionalmente, solicitando una ambulancia para su trasladado al nosocomio local, siendo acompa\u00f1ado por el oficial Jefe de Calle, donde se requiri\u00f3 asistencia de un profesional para ser atendido en el \u00e1rea de Salud Mental.<\/p>\n<p>Se mantuvo comunicaci\u00f3n con la Defensora en turno.<\/p>\n<h6><em><strong>Del archivo:\u00a0<a href=\"https:\/\/informelitoral.com.ar\/alerta-sanitaria-en-entre-rios-confirmaron-el-segundo-caso-de-dengue-en-la-provincia\/\" target=\"_blank\" rel=\"noopener\">Alerta sanitaria en Entre R\u00edos: confirmaron el segundo caso de dengue en la provincia<\/a><\/strong><\/em><\/h6>\n","protected":false},"excerpt":{"rendered":"<p>Fue tras hacerse presente por sus propios medios en la Comisar\u00eda. Tras contenerlo, fue trasladado en ambulancia al hospital local.<\/p>\n","protected":false},"author":2,"featured_media":247200,"comment_status":"open","ping_status":"open","sticky":false,"template":"","format":"standard","meta":{"fifu_image_url":"https:\/\/cdn.deultimominuto.net\/wp-content\/uploads\/2021\/11\/Crisis-emocional-que-es-y-como-se-vive-1068x559.png","fifu_image_alt":"","footnotes":""},"categories":[14],"tags":[74,82,1678],"class_list":{"0":"post-247199","1":"post","2":"type-post","3":"status-publish","4":"format-standard","5":"has-post-thumbnail","7":"category-policiales","8":"tag-nogoya","9":"tag-salud","10":"tag-salud-mental"},"yoast_head":"<title>Polic\u00eda de Nogoy\u00e1 tuvo que contener a un joven con crisis emocional - Informe Litoral<\/title>\n<meta name=\"robots\" content=\"index, follow, max-snippet:-1, max-image-preview:large, max-video-preview:-1\" \/>\n<link rel=\"canonical\" href=\"https:\/\/informelitoral.com.ar\/policia-de-nogoya-tuvo-que-contener-a-un-joven-con-crisis-emocional\/\" \/>\n<meta property=\"og:locale\" content=\"es_ES\" \/>\n<meta property=\"og:type\" content=\"article\" \/>\n<meta property=\"og:title\" content=\"Polic\u00eda de Nogoy\u00e1 tuvo que contener a un joven con crisis emocional - Informe Litoral\" \/>\n<meta property=\"og:description\" content=\"Fue tras hacerse presente por sus propios medios en la Comisar\u00eda. Tras contenerlo, fue trasladado en ambulancia al hospital local.\" \/>\n<meta property=\"og:url\" content=\"https:\/\/informelitoral.com.ar\/policia-de-nogoya-tuvo-que-contener-a-un-joven-con-crisis-emocional\/\" \/>\n<meta property=\"og:site_name\" content=\"Informe Litoral\" \/>\n<meta property=\"article:publisher\" content=\"https:\/\/www.facebook.com\/informelitoral\/\" \/>\n<meta property=\"article:published_time\" content=\"2026-01-21T18:31:18+00:00\" \/>\n<meta property=\"article:modified_time\" content=\"2026-01-21T19:37:53+00:00\" \/>\n<meta property=\"og:image\" content=\"https:\/\/cdn.deultimominuto.net\/%77%70%2d%63%6f%6e%74%65%6e%74\/uploads\/2021\/11\/Crisis-emocional-que-es-y-como-se-vive-1068x559.png\" \/>\n<meta name=\"author\" content=\"Gonzalo Schmidt\" \/>\n<meta name=\"twitter:card\" content=\"summary_large_image\" \/>\n<meta name=\"twitter:image\" content=\"https:\/\/cdn.deultimominuto.net\/%77%70%2d%63%6f%6e%74%65%6e%74\/uploads\/2021\/11\/Crisis-emocional-que-es-y-como-se-vive-1068x559.png\" \/>\n<meta name=\"twitter:creator\" content=\"@InformeLitoral\" \/>\n<meta name=\"twitter:site\" content=\"@InformeLitoral\" \/>\n<meta name=\"twitter:label1\" content=\"Escrito por\" \/>\n\t<meta name=\"twitter:data1\" content=\"Gonzalo Schmidt\" \/>\n\t<meta name=\"twitter:label2\" content=\"Tiempo de lectura\" \/>\n\t<meta name=\"twitter:data2\" content=\"1 minuto\" \/>\n<script type=\"application\/ld+json\" class=\"yoast-schema-graph\">{\"@context\":\"https:\\\/\\\/schema.org\",\"@graph\":[{\"@type\":\"Article\",\"@id\":\"https:\\\/\\\/informelitoral.com.ar\\\/policia-de-nogoya-tuvo-que-contener-a-un-joven-con-crisis-emocional\\\/#article\",\"isPartOf\":{\"@id\":\"https:\\\/\\\/informelitoral.com.ar\\\/policia-de-nogoya-tuvo-que-contener-a-un-joven-con-crisis-emocional\\\/\"},\"author\":{\"name\":\"Gonzalo Schmidt\",\"@id\":\"https:\\\/\\\/informelitoral.com.ar\\\/#\\\/schema\\\/person\\\/b9d00407c836482871ef1d57bf8e3180\"},\"headline\":\"Polic\u00eda de Nogoy\u00e1 tuvo que contener a un joven con crisis emocional\",\"datePublished\":\"2026-01-21T18:31:18+00:00\",\"dateModified\":\"2026-01-21T19:37:53+00:00\",\"mainEntityOfPage\":{\"@id\":\"https:\\\/\\\/informelitoral.com.ar\\\/policia-de-nogoya-tuvo-que-contener-a-un-joven-con-crisis-emocional\\\/\"},\"wordCount\":131,\"commentCount\":0,\"publisher\":{\"@id\":\"https:\\\/\\\/informelitoral.com.ar\\\/#organization\"},\"image\":{\"@id\":\"https:\\\/\\\/informelitoral.com.ar\\\/policia-de-nogoya-tuvo-que-contener-a-un-joven-con-crisis-emocional\\\/#primaryimage\"},\"thumbnailUrl\":\"https:\\\/\\\/cdn.deultimominuto.net\\\/%77%70%2d%63%6f%6e%74%65%6e%74\\\/uploads\\\/2021\\\/11\\\/Crisis-emocional-que-es-y-como-se-vive-1068x559.png\",\"keywords\":[\"Nogoy\u00e1\",\"Salud\",\"Salud Mental\"],\"articleSection\":[\"Policiales\"],\"inLanguage\":\"es\",\"potentialAction\":[{\"@type\":\"CommentAction\",\"name\":\"Comment\",\"target\":[\"https:\\\/\\\/informelitoral.com.ar\\\/policia-de-nogoya-tuvo-que-contener-a-un-joven-con-crisis-emocional\\\/#respond\"]}]},{\"@type\":\"WebPage\",\"@id\":\"https:\\\/\\\/informelitoral.com.ar\\\/policia-de-nogoya-tuvo-que-contener-a-un-joven-con-crisis-emocional\\\/\",\"url\":\"https:\\\/\\\/informelitoral.com.ar\\\/policia-de-nogoya-tuvo-que-contener-a-un-joven-con-crisis-emocional\\\/\",\"name\":\"Polic\u00eda de Nogoy\u00e1 tuvo que contener a un joven con crisis emocional - Informe Litoral\",\"isPartOf\":{\"@id\":\"https:\\\/\\\/informelitoral.com.ar\\\/#website\"},\"primaryImageOfPage\":{\"@id\":\"https:\\\/\\\/informelitoral.com.ar\\\/policia-de-nogoya-tuvo-que-contener-a-un-joven-con-crisis-emocional\\\/#primaryimage\"},\"image\":{\"@id\":\"https:\\\/\\\/informelitoral.com.ar\\\/policia-de-nogoya-tuvo-que-contener-a-un-joven-con-crisis-emocional\\\/#primaryimage\"},\"thumbnailUrl\":\"https:\\\/\\\/cdn.deultimominuto.net\\\/%77%70%2d%63%6f%6e%74%65%6e%74\\\/uploads\\\/2021\\\/11\\\/Crisis-emocional-que-es-y-como-se-vive-1068x559.png\",\"datePublished\":\"2026-01-21T18:31:18+00:00\",\"dateModified\":\"2026-01-21T19:37:53+00:00\",\"breadcrumb\":{\"@id\":\"https:\\\/\\\/informelitoral.com.ar\\\/policia-de-nogoya-tuvo-que-contener-a-un-joven-con-crisis-emocional\\\/#breadcrumb\"},\"inLanguage\":\"es\",\"potentialAction\":[{\"@type\":\"ReadAction\",\"target\":[\"https:\\\/\\\/informelitoral.com.ar\\\/policia-de-nogoya-tuvo-que-contener-a-un-joven-con-crisis-emocional\\\/\"]}]},{\"@type\":\"ImageObject\",\"inLanguage\":\"es\",\"@id\":\"https:\\\/\\\/informelitoral.com.ar\\\/policia-de-nogoya-tuvo-que-contener-a-un-joven-con-crisis-emocional\\\/#primaryimage\",\"url\":\"https:\\\/\\\/cdn.deultimominuto.net\\\/%77%70%2d%63%6f%6e%74%65%6e%74\\\/uploads\\\/2021\\\/11\\\/Crisis-emocional-que-es-y-como-se-vive-1068x559.png\",\"contentUrl\":\"https:\\\/\\\/cdn.deultimominuto.net\\\/%77%70%2d%63%6f%6e%74%65%6e%74\\\/uploads\\\/2021\\\/11\\\/Crisis-emocional-que-es-y-como-se-vive-1068x559.png\",\"width\":\"1068\",\"height\":\"559\"},{\"@type\":\"BreadcrumbList\",\"@id\":\"https:\\\/\\\/informelitoral.com.ar\\\/policia-de-nogoya-tuvo-que-contener-a-un-joven-con-crisis-emocional\\\/#breadcrumb\",\"itemListElement\":[{\"@type\":\"ListItem\",\"position\":1,\"name\":\"Portada\",\"item\":\"https:\\\/\\\/informelitoral.com.ar\\\/\"},{\"@type\":\"ListItem\",\"position\":2,\"name\":\"Polic\u00eda de Nogoy\u00e1 tuvo que contener a un joven con crisis emocional\"}]},{\"@type\":\"WebSite\",\"@id\":\"https:\\\/\\\/informelitoral.com.ar\\\/#website\",\"url\":\"https:\\\/\\\/informelitoral.com.ar\\\/\",\"name\":\"Informe Litoral\",\"description\":\"&quot;Nos informamos&quot; \",\"publisher\":{\"@id\":\"https:\\\/\\\/informelitoral.com.ar\\\/#organization\"},\"potentialAction\":[{\"@type\":\"SearchAction\",\"target\":{\"@type\":\"EntryPoint\",\"urlTemplate\":\"https:\\\/\\\/informelitoral.com.ar\\\/?s={search_term_string}\"},\"query-input\":{\"@type\":\"PropertyValueSpecification\",\"valueRequired\":true,\"valueName\":\"search_term_string\"}}],\"inLanguage\":\"es\"},{\"@type\":\"Organization\",\"@id\":\"https:\\\/\\\/informelitoral.com.ar\\\/#organization\",\"name\":\"Informe Litoral\",\"url\":\"https:\\\/\\\/informelitoral.com.ar\\\/\",\"logo\":{\"@type\":\"ImageObject\",\"inLanguage\":\"es\",\"@id\":\"https:\\\/\\\/informelitoral.com.ar\\\/#\\\/schema\\\/logo\\\/image\\\/\",\"url\":\"https:\\\/\\\/informelitoral.com.ar\\\/%77%70%2d%63%6f%6e%74%65%6e%74\\\/uploads\\\/2021\\\/01\\\/circulo.png\",\"contentUrl\":\"https:\\\/\\\/informelitoral.com.ar\\\/%77%70%2d%63%6f%6e%74%65%6e%74\\\/uploads\\\/2021\\\/01\\\/circulo.png\",\"width\":723,\"height\":731,\"caption\":\"Informe Litoral\"},\"image\":{\"@id\":\"https:\\\/\\\/informelitoral.com.ar\\\/#\\\/schema\\\/logo\\\/image\\\/\"},\"sameAs\":[\"https:\\\/\\\/www.facebook.com\\\/informelitoral\\\/\",\"https:\\\/\\\/x.com\\\/InformeLitoral\",\"https:\\\/\\\/www.instagram.com\\\/informelitoral\\\/\",\"https:\\\/\\\/www.youtube.com\\\/channel\\\/UCua4Qvz8Icb6MYqhoq9xLXw\"]},{\"@type\":\"Person\",\"@id\":\"https:\\\/\\\/informelitoral.com.ar\\\/#\\\/schema\\\/person\\\/b9d00407c836482871ef1d57bf8e3180\",\"name\":\"Gonzalo Schmidt\",\"image\":{\"@type\":\"ImageObject\",\"inLanguage\":\"es\",\"@id\":\"https:\\\/\\\/secure.gravatar.com\\\/avatar\\\/31a1a7b66ff2de83bd0e9fd79d026630d2d99e55e8bfe501287647b4fd9743de?s=96&d=mm&r=g\",\"url\":\"https:\\\/\\\/secure.gravatar.com\\\/avatar\\\/31a1a7b66ff2de83bd0e9fd79d026630d2d99e55e8bfe501287647b4fd9743de?s=96&d=mm&r=g\",\"contentUrl\":\"https:\\\/\\\/secure.gravatar.com\\\/avatar\\\/31a1a7b66ff2de83bd0e9fd79d026630d2d99e55e8bfe501287647b4fd9743de?s=96&d=mm&r=g\",\"caption\":\"Gonzalo Schmidt\"},\"description\":\"Sitio web de noticias de la provincia de Entre R\u00edos, Argentina. Informaci\u00f3n y entretenimiento. Informe Litoral, nos informamos.\",\"sameAs\":[\"http:\\\/\\\/www.isletasnoticias.com.ar\"],\"url\":\"https:\\\/\\\/informelitoral.com.ar\\\/author\\\/gonzalo\\\/\"}]}<\/script>","yoast_head_json":{"title":"Polic\u00eda de Nogoy\u00e1 tuvo que contener a un joven con crisis emocional - Informe Litoral","robots":{"index":"index","follow":"follow","max-snippet":"max-snippet:-1","max-image-preview":"max-image-preview:large","max-video-preview":"max-video-preview:-1"},"canonical":"https:\/\/informelitoral.com.ar\/policia-de-nogoya-tuvo-que-contener-a-un-joven-con-crisis-emocional\/","og_locale":"es_ES","og_type":"article","og_title":"Polic\u00eda de Nogoy\u00e1 tuvo que contener a un joven con crisis emocional - Informe Litoral","og_description":"Fue tras hacerse presente por sus propios medios en la Comisar\u00eda. Tras contenerlo, fue trasladado en ambulancia al hospital local.","og_url":"https:\/\/informelitoral.com.ar\/policia-de-nogoya-tuvo-que-contener-a-un-joven-con-crisis-emocional\/","og_site_name":"Informe Litoral","article_publisher":"https:\/\/www.facebook.com\/informelitoral\/","article_published_time":"2026-01-21T18:31:18+00:00","article_modified_time":"2026-01-21T19:37:53+00:00","og_image":[{"url":"https:\/\/cdn.deultimominuto.net\/wp-content\/uploads\/2021\/11\/Crisis-emocional-que-es-y-como-se-vive-1068x559.png","type":"","width":"","height":""}],"author":"Gonzalo Schmidt","twitter_card":"summary_large_image","twitter_image":"https:\/\/cdn.deultimominuto.net\/wp-content\/uploads\/2021\/11\/Crisis-emocional-que-es-y-como-se-vive-1068x559.png","twitter_creator":"@InformeLitoral","twitter_site":"@InformeLitoral","twitter_misc":{"Escrito por":"Gonzalo Schmidt","Tiempo de lectura":"1 minuto"},"schema":{"@context":"https:\/\/schema.org","@graph":[{"@type":"Article","@id":"https:\/\/informelitoral.com.ar\/policia-de-nogoya-tuvo-que-contener-a-un-joven-con-crisis-emocional\/#article","isPartOf":{"@id":"https:\/\/informelitoral.com.ar\/policia-de-nogoya-tuvo-que-contener-a-un-joven-con-crisis-emocional\/"},"author":{"name":"Gonzalo Schmidt","@id":"https:\/\/informelitoral.com.ar\/#\/schema\/person\/b9d00407c836482871ef1d57bf8e3180"},"headline":"Polic\u00eda de Nogoy\u00e1 tuvo que contener a un joven con crisis emocional","datePublished":"2026-01-21T18:31:18+00:00","dateModified":"2026-01-21T19:37:53+00:00","mainEntityOfPage":{"@id":"https:\/\/informelitoral.com.ar\/policia-de-nogoya-tuvo-que-contener-a-un-joven-con-crisis-emocional\/"},"wordCount":131,"commentCount":0,"publisher":{"@id":"https:\/\/informelitoral.com.ar\/#organization"},"image":{"@id":"https:\/\/informelitoral.com.ar\/policia-de-nogoya-tuvo-que-contener-a-un-joven-con-crisis-emocional\/#primaryimage"},"thumbnailUrl":"https:\/\/cdn.deultimominuto.net\/%77%70%2d%63%6f%6e%74%65%6e%74\/uploads\/2021\/11\/Crisis-emocional-que-es-y-como-se-vive-1068x559.png","keywords":["Nogoy\u00e1","Salud","Salud Mental"],"articleSection":["Policiales"],"inLanguage":"es","potentialAction":[{"@type":"CommentAction","name":"Comment","target":["https:\/\/informelitoral.com.ar\/policia-de-nogoya-tuvo-que-contener-a-un-joven-con-crisis-emocional\/#respond"]}]},{"@type":"WebPage","@id":"https:\/\/informelitoral.com.ar\/policia-de-nogoya-tuvo-que-contener-a-un-joven-con-crisis-emocional\/","url":"https:\/\/informelitoral.com.ar\/policia-de-nogoya-tuvo-que-contener-a-un-joven-con-crisis-emocional\/","name":"Polic\u00eda de Nogoy\u00e1 tuvo que contener a un joven con crisis emocional - Informe Litoral","isPartOf":{"@id":"https:\/\/informelitoral.com.ar\/#website"},"primaryImageOfPage":{"@id":"https:\/\/informelitoral.com.ar\/policia-de-nogoya-tuvo-que-contener-a-un-joven-con-crisis-emocional\/#primaryimage"},"image":{"@id":"https:\/\/informelitoral.com.ar\/policia-de-nogoya-tuvo-que-contener-a-un-joven-con-crisis-emocional\/#primaryimage"},"thumbnailUrl":"https:\/\/cdn.deultimominuto.net\/%77%70%2d%63%6f%6e%74%65%6e%74\/uploads\/2021\/11\/Crisis-emocional-que-es-y-como-se-vive-1068x559.png","datePublished":"2026-01-21T18:31:18+00:00","dateModified":"2026-01-21T19:37:53+00:00","breadcrumb":{"@id":"https:\/\/informelitoral.com.ar\/policia-de-nogoya-tuvo-que-contener-a-un-joven-con-crisis-emocional\/#breadcrumb"},"inLanguage":"es","potentialAction":[{"@type":"ReadAction","target":["https:\/\/informelitoral.com.ar\/policia-de-nogoya-tuvo-que-contener-a-un-joven-con-crisis-emocional\/"]}]},{"@type":"ImageObject","inLanguage":"es","@id":"https:\/\/informelitoral.com.ar\/policia-de-nogoya-tuvo-que-contener-a-un-joven-con-crisis-emocional\/#primaryimage","url":"https:\/\/cdn.deultimominuto.net\/%77%70%2d%63%6f%6e%74%65%6e%74\/uploads\/2021\/11\/Crisis-emocional-que-es-y-como-se-vive-1068x559.png","contentUrl":"https:\/\/cdn.deultimominuto.net\/%77%70%2d%63%6f%6e%74%65%6e%74\/uploads\/2021\/11\/Crisis-emocional-que-es-y-como-se-vive-1068x559.png","width":"1068","height":"559"},{"@type":"BreadcrumbList","@id":"https:\/\/informelitoral.com.ar\/policia-de-nogoya-tuvo-que-contener-a-un-joven-con-crisis-emocional\/#breadcrumb","itemListElement":[{"@type":"ListItem","position":1,"name":"Portada","item":"https:\/\/informelitoral.com.ar\/"},{"@type":"ListItem","position":2,"name":"Polic\u00eda de Nogoy\u00e1 tuvo que contener a un joven con crisis emocional"}]},{"@type":"WebSite","@id":"https:\/\/informelitoral.com.ar\/#website","url":"https:\/\/informelitoral.com.ar\/","name":"Informe Litoral","description":"&quot;Nos informamos&quot; ","publisher":{"@id":"https:\/\/informelitoral.com.ar\/#organization"},"potentialAction":[{"@type":"SearchAction","target":{"@type":"EntryPoint","urlTemplate":"https:\/\/informelitoral.com.ar\/?s={search_term_string}"},"query-input":{"@type":"PropertyValueSpecification","valueRequired":true,"valueName":"search_term_string"}}],"inLanguage":"es"},{"@type":"Organization","@id":"https:\/\/informelitoral.com.ar\/#organization","name":"Informe Litoral","url":"https:\/\/informelitoral.com.ar\/","logo":{"@type":"ImageObject","inLanguage":"es","@id":"https:\/\/informelitoral.com.ar\/#\/schema\/logo\/image\/","url":"https:\/\/informelitoral.com.ar\/%77%70%2d%63%6f%6e%74%65%6e%74\/uploads\/2021\/01\/circulo.png","contentUrl":"https:\/\/informelitoral.com.ar\/%77%70%2d%63%6f%6e%74%65%6e%74\/uploads\/2021\/01\/circulo.png","width":723,"height":731,"caption":"Informe Litoral"},"image":{"@id":"https:\/\/informelitoral.com.ar\/#\/schema\/logo\/image\/"},"sameAs":["https:\/\/www.facebook.com\/informelitoral\/","https:\/\/x.com\/InformeLitoral","https:\/\/www.instagram.com\/informelitoral\/","https:\/\/www.youtube.com\/channel\/UCua4Qvz8Icb6MYqhoq9xLXw"]},{"@type":"Person","@id":"https:\/\/informelitoral.com.ar\/#\/schema\/person\/b9d00407c836482871ef1d57bf8e3180","name":"Gonzalo Schmidt","image":{"@type":"ImageObject","inLanguage":"es","@id":"https:\/\/secure.gravatar.com\/avatar\/31a1a7b66ff2de83bd0e9fd79d026630d2d99e55e8bfe501287647b4fd9743de?s=96&d=mm&r=g","url":"https:\/\/secure.gravatar.com\/avatar\/31a1a7b66ff2de83bd0e9fd79d026630d2d99e55e8bfe501287647b4fd9743de?s=96&d=mm&r=g","contentUrl":"https:\/\/secure.gravatar.com\/avatar\/31a1a7b66ff2de83bd0e9fd79d026630d2d99e55e8bfe501287647b4fd9743de?s=96&d=mm&r=g","caption":"Gonzalo Schmidt"},"description":"Sitio web de noticias de la provincia de Entre R\u00edos, Argentina. Informaci\u00f3n y entretenimiento. Informe Litoral, nos informamos.","sameAs":["http:\/\/www.isletasnoticias.com.ar"],"url":"https:\/\/informelitoral.com.ar\/author\/gonzalo\/"}]}},"fifu_image_url":"https:\/\/cdn.deultimominuto.net\/wp-content\/uploads\/2021\/11\/Crisis-emocional-que-es-y-como-se-vive-1068x559.png","_links":{"self":[{"href":"https:\/\/informelitoral.com.ar\/%77%70%2d%6a%73%6f%6e\/wp\/v2\/posts\/247199","targetHints":{"allow":["GET"]}}],"collection":[{"href":"https:\/\/informelitoral.com.ar\/%77%70%2d%6a%73%6f%6e\/wp\/v2\/posts"}],"about":[{"href":"https:\/\/informelitoral.com.ar\/%77%70%2d%6a%73%6f%6e\/wp\/v2\/types\/post"}],"author":[{"embeddable":true,"href":"https:\/\/informelitoral.com.ar\/%77%70%2d%6a%73%6f%6e\/wp\/v2\/users\/2"}],"replies":[{"embeddable":true,"href":"https:\/\/informelitoral.com.ar\/%77%70%2d%6a%73%6f%6e\/wp\/v2\/comments?post=247199"}],"version-history":[{"count":1,"href":"https:\/\/informelitoral.com.ar\/%77%70%2d%6a%73%6f%6e\/wp\/v2\/posts\/247199\/revisions"}],"predecessor-version":[{"id":247201,"href":"https:\/\/informelitoral.com.ar\/%77%70%2d%6a%73%6f%6e\/wp\/v2\/posts\/247199\/revisions\/247201"}],"wp:featuredmedia":[{"embeddable":true,"href":"https:\/\/informelitoral.com.ar\/%77%70%2d%6a%73%6f%6e\/wp\/v2\/media\/247200"}],"wp:attachment":[{"href":"https:\/\/informelitoral.com.ar\/%77%70%2d%6a%73%6f%6e\/wp\/v2\/media?parent=247199"}],"wp:term":[{"taxonomy":"category","embeddable":true,"href":"https:\/\/informelitoral.com.ar\/%77%70%2d%6a%73%6f%6e\/wp\/v2\/categories?post=247199"},{"taxonomy":"post_tag","embeddable":true,"href":"https:\/\/informelitoral.com.ar\/%77%70%2d%6a%73%6f%6e\/wp\/v2\/tags?post=247199"}],"curies":[{"name":"wp","href":"https:\/\/api.w.org\/{rel}","templated":true}]}}