{"id":247121,"date":"2026-01-21T10:16:57","date_gmt":"2026-01-21T13:16:57","guid":{"rendered":"https:\/\/informelitoral.com.ar\/?p=247121"},"modified":"2026-01-21T13:37:44","modified_gmt":"2026-01-21T16:37:44","slug":"una-nina-de-6-anos-sobrevive-al-choque-de-trenes-en-espana-donde-murio-toda-su-familia","status":"publish","type":"post","link":"https:\/\/informelitoral.com.ar\/una-nina-de-6-anos-sobrevive-al-choque-de-trenes-en-espana-donde-murio-toda-su-familia\/","title":{"rendered":"Una ni\u00f1a de 6 a\u00f1os sobrevivi\u00f3 al choque de trenes en Espa\u00f1a donde muri\u00f3 toda su familia"},"content":{"rendered":"<p data-path-to-node=\"4\">El sur de Espa\u00f1a se encuentra conmocionado tras uno de los siniestros ferroviarios m\u00e1s graves de los \u00faltimos tiempos. Sin embargo, en medio del dolor por la p\u00e9rdida de <b data-path-to-node=\"4\" data-index-in-node=\"168\">41 vidas<\/b>, surge una historia que las autoridades han calificado como \u00abmilagrosa\u00bb: una ni\u00f1a de apenas seis a\u00f1os sobrevivi\u00f3 pr\u00e1cticamente ilesa al impacto que termin\u00f3 con la vida de todo su n\u00facleo familiar.<\/p>\n<h3 data-path-to-node=\"5\"><img decoding=\"async\" src=\"https:\/\/elonce-media.elonce.com\/fotos\/2026\/01\/20\/e_1768946789_75865.webp\" alt=\"Una ni&amp;ntilde;a sobrevivi&amp;oacute; al choque de trenes de Espa&amp;ntilde;a donde muri&amp;oacute; su familia (foto La Vanguardia)\" \/><\/h3>\n<p data-path-to-node=\"6\">El accidente se produjo tras el descarrilamiento de una formaci\u00f3n que termin\u00f3 colisionando de frente con otro tren. La violencia del impacto destruy\u00f3 los vagones delanteros, donde viajaba la <b data-path-to-node=\"6\" data-index-in-node=\"191\">familia Zamorano \u00c1lvarez<\/b>. Pese a la magnitud de la tragedia, la peque\u00f1a consigui\u00f3 salir de entre los hierros retorcidos por una ventana rota.<\/p>\n<h6 data-path-to-node=\"6\"><em><strong>Del archivo:\u00a0<a href=\"https:\/\/informelitoral.com.ar\/tragico-choque-de-trenes-en-espana-suman-39-los-fallecidos-y-152-los-heridos\/\" target=\"_blank\" rel=\"noopener\">Tr\u00e1gico choque de trenes en Espa\u00f1a: suman 39 los fallecidos y 152 los heridos<\/a><\/strong><\/em><\/h6>\n<p data-path-to-node=\"7\">Caminando descalza por las v\u00edas y en estado de shock, fue localizada por un agente de la Guardia Civil. Seg\u00fan inform\u00f3 el diario <i data-path-to-node=\"7\" data-index-in-node=\"128\">La Vanguardia<\/i>, la menor solo presentaba <b data-path-to-node=\"7\" data-index-in-node=\"168\">un corte en la cabeza que requiri\u00f3 tres puntos de sutura<\/b>. Tras ser evaluada en un hospital regional, se confirm\u00f3 que su estado de salud general es bueno.<\/p>\n<h2 data-path-to-node=\"9\"><strong>Una familia diezmada<\/strong><\/h2>\n<p data-path-to-node=\"10\">La tragedia golpe\u00f3 con especial dureza a la localidad de <b data-path-to-node=\"10\" data-index-in-node=\"57\">Punta Umbr\u00eda<\/b>, donde resid\u00edan las v\u00edctimas. Entre los fallecidos confirmados se encuentran:<\/p>\n<ul data-path-to-node=\"11\">\n<li>\n<p data-path-to-node=\"11,0,0\">Los padres de la menor.<\/p>\n<\/li>\n<li>\n<p data-path-to-node=\"11,1,0\">Su hermano.<\/p>\n<\/li>\n<li>\n<p data-path-to-node=\"11,2,0\">Un primo de la ni\u00f1a.<\/p>\n<\/li>\n<\/ul>\n<p data-path-to-node=\"12\">El alcalde de la localidad, <b data-path-to-node=\"12\" data-index-in-node=\"28\">Jos\u00e9 Carlos Hern\u00e1ndez<\/b>, particip\u00f3 de un minuto de silencio y se mostr\u00f3 visiblemente afectado: <i data-path-to-node=\"12\" data-index-in-node=\"121\">\u00abEste fatal accidente nos ha dejado muchas v\u00edctimas, pero hay que dar con la parte positiva. El milagro de la ni\u00f1a est\u00e1 ah\u00ed, gracias a Dios\u00bb<\/i>, expres\u00f3 ante los medios.<\/p>\n<p data-path-to-node=\"15\">El Ayuntamiento ha decretado <b data-path-to-node=\"15\" data-index-in-node=\"29\">tres d\u00edas de luto oficial<\/b> en memoria de los fallecidos. Por motivos de seguridad y protecci\u00f3n de la menor, no se han divulgado los nombres de pila de las v\u00edctimas.<\/p>\n<p data-path-to-node=\"16\">Mientras la comunidad intenta procesar el dolor, los peritos trabajan en el lugar del siniestro para determinar las causas exactas del descarrilamiento que provoc\u00f3 la colisi\u00f3n. Por ahora, el foco est\u00e1 puesto en la contenci\u00f3n psicol\u00f3gica de la peque\u00f1a, quien qued\u00f3 bajo el cuidado de sus familiares directos.<\/p>\n","protected":false},"excerpt":{"rendered":"<p>La peque\u00f1a logr\u00f3 escapar por sus propios medios tras la colisi\u00f3n que dej\u00f3 al menos 41 v\u00edctimas fatales. Sus padres, su hermano y un primo fallecieron en el acto al viajar en los vagones delanteros.<\/p>\n","protected":false},"author":8,"featured_media":247122,"comment_status":"open","ping_status":"open","sticky":false,"template":"","format":"standard","meta":{"fifu_image_url":"https:\/\/elonce-media.elonce.com\/fotos\/2026\/01\/19\/e_1768857872_98623.webp","fifu_image_alt":"","footnotes":""},"categories":[8],"tags":[801,472,1333],"class_list":{"0":"post-247121","1":"post","2":"type-post","3":"status-publish","4":"format-standard","5":"has-post-thumbnail","7":"category-internacionales","9":"tag-espana","10":"tag-tren"},"yoast_head":"<title>Una ni\u00f1a de 6 a\u00f1os sobrevivi\u00f3 al choque de trenes en Espa\u00f1a donde muri\u00f3 toda su familia - Informe Litoral<\/title>\n<meta name=\"robots\" content=\"index, follow, max-snippet:-1, max-image-preview:large, max-video-preview:-1\" \/>\n<link rel=\"canonical\" href=\"https:\/\/informelitoral.com.ar\/una-nina-de-6-anos-sobrevive-al-choque-de-trenes-en-espana-donde-murio-toda-su-familia\/\" \/>\n<meta property=\"og:locale\" content=\"es_ES\" \/>\n<meta property=\"og:type\" content=\"article\" \/>\n<meta property=\"og:title\" content=\"Una ni\u00f1a de 6 a\u00f1os sobrevivi\u00f3 al choque de trenes en Espa\u00f1a donde muri\u00f3 toda su familia - Informe Litoral\" \/>\n<meta property=\"og:description\" content=\"La peque\u00f1a logr\u00f3 escapar por sus propios medios tras la colisi\u00f3n que dej\u00f3 al menos 41 v\u00edctimas fatales. Sus padres, su hermano y un primo fallecieron en el acto al viajar en los vagones delanteros.\" \/>\n<meta property=\"og:url\" content=\"https:\/\/informelitoral.com.ar\/una-nina-de-6-anos-sobrevive-al-choque-de-trenes-en-espana-donde-murio-toda-su-familia\/\" \/>\n<meta property=\"og:site_name\" content=\"Informe Litoral\" \/>\n<meta property=\"article:publisher\" content=\"https:\/\/www.facebook.com\/informelitoral\/\" \/>\n<meta property=\"article:published_time\" content=\"2026-01-21T13:16:57+00:00\" \/>\n<meta property=\"article:modified_time\" content=\"2026-01-21T16:37:44+00:00\" \/>\n<meta property=\"og:image\" content=\"https:\/\/elonce-media.elonce.com\/fotos\/2026\/01\/19\/e_1768857872_98623.webp\" \/>\n<meta name=\"author\" content=\"Sebastian\" \/>\n<meta name=\"twitter:card\" content=\"summary_large_image\" \/>\n<meta name=\"twitter:image\" content=\"https:\/\/elonce-media.elonce.com\/fotos\/2026\/01\/19\/e_1768857872_98623.webp\" \/>\n<meta name=\"twitter:creator\" content=\"@InformeLitoral\" \/>\n<meta name=\"twitter:site\" content=\"@InformeLitoral\" \/>\n<meta name=\"twitter:label1\" content=\"Escrito por\" \/>\n\t<meta name=\"twitter:data1\" content=\"Sebastian\" \/>\n\t<meta name=\"twitter:label2\" content=\"Tiempo de lectura\" \/>\n\t<meta name=\"twitter:data2\" content=\"3 minutos\" \/>\n<script type=\"application\/ld+json\" class=\"yoast-schema-graph\">{\"@context\":\"https:\\\/\\\/schema.org\",\"@graph\":[{\"@type\":\"Article\",\"@id\":\"https:\\\/\\\/informelitoral.com.ar\\\/una-nina-de-6-anos-sobrevive-al-choque-de-trenes-en-espana-donde-murio-toda-su-familia\\\/#article\",\"isPartOf\":{\"@id\":\"https:\\\/\\\/informelitoral.com.ar\\\/una-nina-de-6-anos-sobrevive-al-choque-de-trenes-en-espana-donde-murio-toda-su-familia\\\/\"},\"author\":{\"name\":\"Sebastian\",\"@id\":\"https:\\\/\\\/informelitoral.com.ar\\\/#\\\/schema\\\/person\\\/f05f9f461677119578717524b127d6d5\"},\"headline\":\"Una ni\u00f1a de 6 a\u00f1os sobrevivi\u00f3 al choque de trenes en Espa\u00f1a donde muri\u00f3 toda su familia\",\"datePublished\":\"2026-01-21T13:16:57+00:00\",\"dateModified\":\"2026-01-21T16:37:44+00:00\",\"mainEntityOfPage\":{\"@id\":\"https:\\\/\\\/informelitoral.com.ar\\\/una-nina-de-6-anos-sobrevive-al-choque-de-trenes-en-espana-donde-murio-toda-su-familia\\\/\"},\"wordCount\":398,\"commentCount\":0,\"publisher\":{\"@id\":\"https:\\\/\\\/informelitoral.com.ar\\\/#organization\"},\"image\":{\"@id\":\"https:\\\/\\\/informelitoral.com.ar\\\/una-nina-de-6-anos-sobrevive-al-choque-de-trenes-en-espana-donde-murio-toda-su-familia\\\/#primaryimage\"},\"thumbnailUrl\":\"https:\\\/\\\/elonce-media.elonce.com\\\/fotos\\\/2026\\\/01\\\/19\\\/e_1768857872_98623.webp\",\"keywords\":[\"Accidente\",\"Espa\u00f1a\",\"Tren\"],\"articleSection\":[\"Internacionales\"],\"inLanguage\":\"es\",\"potentialAction\":[{\"@type\":\"CommentAction\",\"name\":\"Comment\",\"target\":[\"https:\\\/\\\/informelitoral.com.ar\\\/una-nina-de-6-anos-sobrevive-al-choque-de-trenes-en-espana-donde-murio-toda-su-familia\\\/#respond\"]}]},{\"@type\":\"WebPage\",\"@id\":\"https:\\\/\\\/informelitoral.com.ar\\\/una-nina-de-6-anos-sobrevive-al-choque-de-trenes-en-espana-donde-murio-toda-su-familia\\\/\",\"url\":\"https:\\\/\\\/informelitoral.com.ar\\\/una-nina-de-6-anos-sobrevive-al-choque-de-trenes-en-espana-donde-murio-toda-su-familia\\\/\",\"name\":\"Una ni\u00f1a de 6 a\u00f1os sobrevivi\u00f3 al choque de trenes en Espa\u00f1a donde muri\u00f3 toda su familia - Informe Litoral\",\"isPartOf\":{\"@id\":\"https:\\\/\\\/informelitoral.com.ar\\\/#website\"},\"primaryImageOfPage\":{\"@id\":\"https:\\\/\\\/informelitoral.com.ar\\\/una-nina-de-6-anos-sobrevive-al-choque-de-trenes-en-espana-donde-murio-toda-su-familia\\\/#primaryimage\"},\"image\":{\"@id\":\"https:\\\/\\\/informelitoral.com.ar\\\/una-nina-de-6-anos-sobrevive-al-choque-de-trenes-en-espana-donde-murio-toda-su-familia\\\/#primaryimage\"},\"thumbnailUrl\":\"https:\\\/\\\/elonce-media.elonce.com\\\/fotos\\\/2026\\\/01\\\/19\\\/e_1768857872_98623.webp\",\"datePublished\":\"2026-01-21T13:16:57+00:00\",\"dateModified\":\"2026-01-21T16:37:44+00:00\",\"breadcrumb\":{\"@id\":\"https:\\\/\\\/informelitoral.com.ar\\\/una-nina-de-6-anos-sobrevive-al-choque-de-trenes-en-espana-donde-murio-toda-su-familia\\\/#breadcrumb\"},\"inLanguage\":\"es\",\"potentialAction\":[{\"@type\":\"ReadAction\",\"target\":[\"https:\\\/\\\/informelitoral.com.ar\\\/una-nina-de-6-anos-sobrevive-al-choque-de-trenes-en-espana-donde-murio-toda-su-familia\\\/\"]}]},{\"@type\":\"ImageObject\",\"inLanguage\":\"es\",\"@id\":\"https:\\\/\\\/informelitoral.com.ar\\\/una-nina-de-6-anos-sobrevive-al-choque-de-trenes-en-espana-donde-murio-toda-su-familia\\\/#primaryimage\",\"url\":\"https:\\\/\\\/elonce-media.elonce.com\\\/fotos\\\/2026\\\/01\\\/19\\\/e_1768857872_98623.webp\",\"contentUrl\":\"https:\\\/\\\/elonce-media.elonce.com\\\/fotos\\\/2026\\\/01\\\/19\\\/e_1768857872_98623.webp\",\"width\":\"900\",\"height\":\"600\"},{\"@type\":\"BreadcrumbList\",\"@id\":\"https:\\\/\\\/informelitoral.com.ar\\\/una-nina-de-6-anos-sobrevive-al-choque-de-trenes-en-espana-donde-murio-toda-su-familia\\\/#breadcrumb\",\"itemListElement\":[{\"@type\":\"ListItem\",\"position\":1,\"name\":\"Portada\",\"item\":\"https:\\\/\\\/informelitoral.com.ar\\\/\"},{\"@type\":\"ListItem\",\"position\":2,\"name\":\"Una ni\u00f1a de 6 a\u00f1os sobrevivi\u00f3 al choque de trenes en Espa\u00f1a donde muri\u00f3 toda su familia\"}]},{\"@type\":\"WebSite\",\"@id\":\"https:\\\/\\\/informelitoral.com.ar\\\/#website\",\"url\":\"https:\\\/\\\/informelitoral.com.ar\\\/\",\"name\":\"Informe Litoral\",\"description\":\"&quot;Nos informamos&quot; \",\"publisher\":{\"@id\":\"https:\\\/\\\/informelitoral.com.ar\\\/#organization\"},\"potentialAction\":[{\"@type\":\"SearchAction\",\"target\":{\"@type\":\"EntryPoint\",\"urlTemplate\":\"https:\\\/\\\/informelitoral.com.ar\\\/?s={search_term_string}\"},\"query-input\":{\"@type\":\"PropertyValueSpecification\",\"valueRequired\":true,\"valueName\":\"search_term_string\"}}],\"inLanguage\":\"es\"},{\"@type\":\"Organization\",\"@id\":\"https:\\\/\\\/informelitoral.com.ar\\\/#organization\",\"name\":\"Informe Litoral\",\"url\":\"https:\\\/\\\/informelitoral.com.ar\\\/\",\"logo\":{\"@type\":\"ImageObject\",\"inLanguage\":\"es\",\"@id\":\"https:\\\/\\\/informelitoral.com.ar\\\/#\\\/schema\\\/logo\\\/image\\\/\",\"url\":\"https:\\\/\\\/informelitoral.com.ar\\\/%77%70%2d%63%6f%6e%74%65%6e%74\\\/uploads\\\/2021\\\/01\\\/circulo.png\",\"contentUrl\":\"https:\\\/\\\/informelitoral.com.ar\\\/%77%70%2d%63%6f%6e%74%65%6e%74\\\/uploads\\\/2021\\\/01\\\/circulo.png\",\"width\":723,\"height\":731,\"caption\":\"Informe Litoral\"},\"image\":{\"@id\":\"https:\\\/\\\/informelitoral.com.ar\\\/#\\\/schema\\\/logo\\\/image\\\/\"},\"sameAs\":[\"https:\\\/\\\/www.facebook.com\\\/informelitoral\\\/\",\"https:\\\/\\\/x.com\\\/InformeLitoral\",\"https:\\\/\\\/www.instagram.com\\\/informelitoral\\\/\",\"https:\\\/\\\/www.youtube.com\\\/channel\\\/UCua4Qvz8Icb6MYqhoq9xLXw\"]},{\"@type\":\"Person\",\"@id\":\"https:\\\/\\\/informelitoral.com.ar\\\/#\\\/schema\\\/person\\\/f05f9f461677119578717524b127d6d5\",\"name\":\"Sebastian\",\"image\":{\"@type\":\"ImageObject\",\"inLanguage\":\"es\",\"@id\":\"https:\\\/\\\/secure.gravatar.com\\\/avatar\\\/b71bf7481d447dfb9583c7f2798e7cc64de6efb9067b74633ed8c31059a3bd82?s=96&d=mm&r=g\",\"url\":\"https:\\\/\\\/secure.gravatar.com\\\/avatar\\\/b71bf7481d447dfb9583c7f2798e7cc64de6efb9067b74633ed8c31059a3bd82?s=96&d=mm&r=g\",\"contentUrl\":\"https:\\\/\\\/secure.gravatar.com\\\/avatar\\\/b71bf7481d447dfb9583c7f2798e7cc64de6efb9067b74633ed8c31059a3bd82?s=96&d=mm&r=g\",\"caption\":\"Sebastian\"},\"url\":\"https:\\\/\\\/informelitoral.com.ar\\\/author\\\/sebastian\\\/\"}]}<\/script>","yoast_head_json":{"title":"Una ni\u00f1a de 6 a\u00f1os sobrevivi\u00f3 al choque de trenes en Espa\u00f1a donde muri\u00f3 toda su familia - Informe Litoral","robots":{"index":"index","follow":"follow","max-snippet":"max-snippet:-1","max-image-preview":"max-image-preview:large","max-video-preview":"max-video-preview:-1"},"canonical":"https:\/\/informelitoral.com.ar\/una-nina-de-6-anos-sobrevive-al-choque-de-trenes-en-espana-donde-murio-toda-su-familia\/","og_locale":"es_ES","og_type":"article","og_title":"Una ni\u00f1a de 6 a\u00f1os sobrevivi\u00f3 al choque de trenes en Espa\u00f1a donde muri\u00f3 toda su familia - Informe Litoral","og_description":"La peque\u00f1a logr\u00f3 escapar por sus propios medios tras la colisi\u00f3n que dej\u00f3 al menos 41 v\u00edctimas fatales. Sus padres, su hermano y un primo fallecieron en el acto al viajar en los vagones delanteros.","og_url":"https:\/\/informelitoral.com.ar\/una-nina-de-6-anos-sobrevive-al-choque-de-trenes-en-espana-donde-murio-toda-su-familia\/","og_site_name":"Informe Litoral","article_publisher":"https:\/\/www.facebook.com\/informelitoral\/","article_published_time":"2026-01-21T13:16:57+00:00","article_modified_time":"2026-01-21T16:37:44+00:00","og_image":[{"url":"https:\/\/elonce-media.elonce.com\/fotos\/2026\/01\/19\/e_1768857872_98623.webp","type":"","width":"","height":""}],"author":"Sebastian","twitter_card":"summary_large_image","twitter_image":"https:\/\/elonce-media.elonce.com\/fotos\/2026\/01\/19\/e_1768857872_98623.webp","twitter_creator":"@InformeLitoral","twitter_site":"@InformeLitoral","twitter_misc":{"Escrito por":"Sebastian","Tiempo de lectura":"3 minutos"},"schema":{"@context":"https:\/\/schema.org","@graph":[{"@type":"Article","@id":"https:\/\/informelitoral.com.ar\/una-nina-de-6-anos-sobrevive-al-choque-de-trenes-en-espana-donde-murio-toda-su-familia\/#article","isPartOf":{"@id":"https:\/\/informelitoral.com.ar\/una-nina-de-6-anos-sobrevive-al-choque-de-trenes-en-espana-donde-murio-toda-su-familia\/"},"author":{"name":"Sebastian","@id":"https:\/\/informelitoral.com.ar\/#\/schema\/person\/f05f9f461677119578717524b127d6d5"},"headline":"Una ni\u00f1a de 6 a\u00f1os sobrevivi\u00f3 al choque de trenes en Espa\u00f1a donde muri\u00f3 toda su familia","datePublished":"2026-01-21T13:16:57+00:00","dateModified":"2026-01-21T16:37:44+00:00","mainEntityOfPage":{"@id":"https:\/\/informelitoral.com.ar\/una-nina-de-6-anos-sobrevive-al-choque-de-trenes-en-espana-donde-murio-toda-su-familia\/"},"wordCount":398,"commentCount":0,"publisher":{"@id":"https:\/\/informelitoral.com.ar\/#organization"},"image":{"@id":"https:\/\/informelitoral.com.ar\/una-nina-de-6-anos-sobrevive-al-choque-de-trenes-en-espana-donde-murio-toda-su-familia\/#primaryimage"},"thumbnailUrl":"https:\/\/elonce-media.elonce.com\/fotos\/2026\/01\/19\/e_1768857872_98623.webp","keywords":["Accidente","Espa\u00f1a","Tren"],"articleSection":["Internacionales"],"inLanguage":"es","potentialAction":[{"@type":"CommentAction","name":"Comment","target":["https:\/\/informelitoral.com.ar\/una-nina-de-6-anos-sobrevive-al-choque-de-trenes-en-espana-donde-murio-toda-su-familia\/#respond"]}]},{"@type":"WebPage","@id":"https:\/\/informelitoral.com.ar\/una-nina-de-6-anos-sobrevive-al-choque-de-trenes-en-espana-donde-murio-toda-su-familia\/","url":"https:\/\/informelitoral.com.ar\/una-nina-de-6-anos-sobrevive-al-choque-de-trenes-en-espana-donde-murio-toda-su-familia\/","name":"Una ni\u00f1a de 6 a\u00f1os sobrevivi\u00f3 al choque de trenes en Espa\u00f1a donde muri\u00f3 toda su familia - Informe Litoral","isPartOf":{"@id":"https:\/\/informelitoral.com.ar\/#website"},"primaryImageOfPage":{"@id":"https:\/\/informelitoral.com.ar\/una-nina-de-6-anos-sobrevive-al-choque-de-trenes-en-espana-donde-murio-toda-su-familia\/#primaryimage"},"image":{"@id":"https:\/\/informelitoral.com.ar\/una-nina-de-6-anos-sobrevive-al-choque-de-trenes-en-espana-donde-murio-toda-su-familia\/#primaryimage"},"thumbnailUrl":"https:\/\/elonce-media.elonce.com\/fotos\/2026\/01\/19\/e_1768857872_98623.webp","datePublished":"2026-01-21T13:16:57+00:00","dateModified":"2026-01-21T16:37:44+00:00","breadcrumb":{"@id":"https:\/\/informelitoral.com.ar\/una-nina-de-6-anos-sobrevive-al-choque-de-trenes-en-espana-donde-murio-toda-su-familia\/#breadcrumb"},"inLanguage":"es","potentialAction":[{"@type":"ReadAction","target":["https:\/\/informelitoral.com.ar\/una-nina-de-6-anos-sobrevive-al-choque-de-trenes-en-espana-donde-murio-toda-su-familia\/"]}]},{"@type":"ImageObject","inLanguage":"es","@id":"https:\/\/informelitoral.com.ar\/una-nina-de-6-anos-sobrevive-al-choque-de-trenes-en-espana-donde-murio-toda-su-familia\/#primaryimage","url":"https:\/\/elonce-media.elonce.com\/fotos\/2026\/01\/19\/e_1768857872_98623.webp","contentUrl":"https:\/\/elonce-media.elonce.com\/fotos\/2026\/01\/19\/e_1768857872_98623.webp","width":"900","height":"600"},{"@type":"BreadcrumbList","@id":"https:\/\/informelitoral.com.ar\/una-nina-de-6-anos-sobrevive-al-choque-de-trenes-en-espana-donde-murio-toda-su-familia\/#breadcrumb","itemListElement":[{"@type":"ListItem","position":1,"name":"Portada","item":"https:\/\/informelitoral.com.ar\/"},{"@type":"ListItem","position":2,"name":"Una ni\u00f1a de 6 a\u00f1os sobrevivi\u00f3 al choque de trenes en Espa\u00f1a donde muri\u00f3 toda su familia"}]},{"@type":"WebSite","@id":"https:\/\/informelitoral.com.ar\/#website","url":"https:\/\/informelitoral.com.ar\/","name":"Informe Litoral","description":"&quot;Nos informamos&quot; ","publisher":{"@id":"https:\/\/informelitoral.com.ar\/#organization"},"potentialAction":[{"@type":"SearchAction","target":{"@type":"EntryPoint","urlTemplate":"https:\/\/informelitoral.com.ar\/?s={search_term_string}"},"query-input":{"@type":"PropertyValueSpecification","valueRequired":true,"valueName":"search_term_string"}}],"inLanguage":"es"},{"@type":"Organization","@id":"https:\/\/informelitoral.com.ar\/#organization","name":"Informe Litoral","url":"https:\/\/informelitoral.com.ar\/","logo":{"@type":"ImageObject","inLanguage":"es","@id":"https:\/\/informelitoral.com.ar\/#\/schema\/logo\/image\/","url":"https:\/\/informelitoral.com.ar\/%77%70%2d%63%6f%6e%74%65%6e%74\/uploads\/2021\/01\/circulo.png","contentUrl":"https:\/\/informelitoral.com.ar\/%77%70%2d%63%6f%6e%74%65%6e%74\/uploads\/2021\/01\/circulo.png","width":723,"height":731,"caption":"Informe Litoral"},"image":{"@id":"https:\/\/informelitoral.com.ar\/#\/schema\/logo\/image\/"},"sameAs":["https:\/\/www.facebook.com\/informelitoral\/","https:\/\/x.com\/InformeLitoral","https:\/\/www.instagram.com\/informelitoral\/","https:\/\/www.youtube.com\/channel\/UCua4Qvz8Icb6MYqhoq9xLXw"]},{"@type":"Person","@id":"https:\/\/informelitoral.com.ar\/#\/schema\/person\/f05f9f461677119578717524b127d6d5","name":"Sebastian","image":{"@type":"ImageObject","inLanguage":"es","@id":"https:\/\/secure.gravatar.com\/avatar\/b71bf7481d447dfb9583c7f2798e7cc64de6efb9067b74633ed8c31059a3bd82?s=96&d=mm&r=g","url":"https:\/\/secure.gravatar.com\/avatar\/b71bf7481d447dfb9583c7f2798e7cc64de6efb9067b74633ed8c31059a3bd82?s=96&d=mm&r=g","contentUrl":"https:\/\/secure.gravatar.com\/avatar\/b71bf7481d447dfb9583c7f2798e7cc64de6efb9067b74633ed8c31059a3bd82?s=96&d=mm&r=g","caption":"Sebastian"},"url":"https:\/\/informelitoral.com.ar\/author\/sebastian\/"}]}},"fifu_image_url":"https:\/\/elonce-media.elonce.com\/fotos\/2026\/01\/19\/e_1768857872_98623.webp","_links":{"self":[{"href":"https:\/\/informelitoral.com.ar\/%77%70%2d%6a%73%6f%6e\/wp\/v2\/posts\/247121","targetHints":{"allow":["GET"]}}],"collection":[{"href":"https:\/\/informelitoral.com.ar\/%77%70%2d%6a%73%6f%6e\/wp\/v2\/posts"}],"about":[{"href":"https:\/\/informelitoral.com.ar\/%77%70%2d%6a%73%6f%6e\/wp\/v2\/types\/post"}],"author":[{"embeddable":true,"href":"https:\/\/informelitoral.com.ar\/%77%70%2d%6a%73%6f%6e\/wp\/v2\/users\/8"}],"replies":[{"embeddable":true,"href":"https:\/\/informelitoral.com.ar\/%77%70%2d%6a%73%6f%6e\/wp\/v2\/comments?post=247121"}],"version-history":[{"count":3,"href":"https:\/\/informelitoral.com.ar\/%77%70%2d%6a%73%6f%6e\/wp\/v2\/posts\/247121\/revisions"}],"predecessor-version":[{"id":247179,"href":"https:\/\/informelitoral.com.ar\/%77%70%2d%6a%73%6f%6e\/wp\/v2\/posts\/247121\/revisions\/247179"}],"wp:featuredmedia":[{"embeddable":true,"href":"https:\/\/informelitoral.com.ar\/%77%70%2d%6a%73%6f%6e\/wp\/v2\/media\/247122"}],"wp:attachment":[{"href":"https:\/\/informelitoral.com.ar\/%77%70%2d%6a%73%6f%6e\/wp\/v2\/media?parent=247121"}],"wp:term":[{"taxonomy":"category","embeddable":true,"href":"https:\/\/informelitoral.com.ar\/%77%70%2d%6a%73%6f%6e\/wp\/v2\/categories?post=247121"},{"taxonomy":"post_tag","embeddable":true,"href":"https:\/\/informelitoral.com.ar\/%77%70%2d%6a%73%6f%6e\/wp\/v2\/tags?post=247121"}],"curies":[{"name":"wp","href":"https:\/\/api.w.org\/{rel}","templated":true}]}}