{"id":247004,"date":"2026-01-20T13:21:58","date_gmt":"2026-01-20T16:21:58","guid":{"rendered":"https:\/\/informelitoral.com.ar\/?p=247004"},"modified":"2026-01-20T13:56:51","modified_gmt":"2026-01-20T16:56:51","slug":"se-llevo-adelante-un-operativo-de-asistencia-tras-un-fuerte-choque-entre-camiones-en-la-ruta-11","status":"publish","type":"post","link":"https:\/\/informelitoral.com.ar\/se-llevo-adelante-un-operativo-de-asistencia-tras-un-fuerte-choque-entre-camiones-en-la-ruta-11\/","title":{"rendered":"Costa Grande: fuerte choque entre camiones en la Ruta 11"},"content":{"rendered":"<p data-path-to-node=\"4\">Personal policial de la <strong>Comisar\u00eda Costa Grande<\/strong> intervino este martes en un siniestro vial registrado sobre la <strong>Ruta Provincial 11<\/strong>, a la altura del kil\u00f3metro 59 dentro del <strong>Departamento Diamante<\/strong>. El hecho fue advertido por los efectivos mientras realizaban sus habituales tareas de patrullaje preventivo, lo que permiti\u00f3 una r\u00e1pida respuesta y asistencia en el lugar del accidente. Al llegar al sector indicado, los uniformados constataron que la colisi\u00f3n fue protagonizada por dos camiones de gran porte de la marca Iveco que circulaban en sentido norte a sur.<\/p>\n<p data-path-to-node=\"5\">El primer veh\u00edculo involucrado era conducido por un hombre de 30 a\u00f1os, oriundo de <strong>Aldea Protestante<\/strong>, mientras que el segundo cami\u00f3n era guiado por un ciudadano de 48 a\u00f1os con domicilio en la localidad de <strong>Crespo<\/strong>. Seg\u00fan los testimonios recabados de forma preliminar en el lugar del hecho, el primer rodado perdi\u00f3 el control de su marcha y fue impactado por el segundo cami\u00f3n, lo que provoc\u00f3 que este \u00faltimo despistara y terminara su recorrido sobre la banquina de la ruta provincial.<\/p>\n<p data-path-to-node=\"5\"><a href=\"https:\/\/drive.google.com\/thumbnail?id=1SBUz_XlzZzsxlxxdWSXtj6SGhleBN8bq&amp;sz=w2048\"><img loading=\"lazy\" decoding=\"async\" class=\"alignnone wp-image-247010 size-large\" src=\"https:\/\/drive.google.com\/thumbnail?id=1SBUz_XlzZzsxlxxdWSXtj6SGhleBN8bq&amp;sz=w2048-h2048\" alt=\"\" width=\"1024\" height=\"1024\" \/><\/a><\/p>\n<p data-path-to-node=\"6\">A ra\u00edz del fuerte impacto, el conductor de 30 a\u00f1os sufri\u00f3 diversas lesiones de car\u00e1cter leve, por lo que fue asistido de inmediato por los profesionales de salud del Hospital San Jos\u00e9. Ante la magnitud del siniestro y la necesidad de establecer las causas precisas del impacto, el Ministerio P\u00fablico Fiscal orden\u00f3 la intervenci\u00f3n inmediata del \u00e1rea de Polic\u00eda Cient\u00edfica, cuyos especialistas realizaron las pericias accidentol\u00f3gicas correspondientes para clarificar la mec\u00e1nica del suceso.(<em>Informe Litoral<\/em>)<\/p>\n<h6 data-path-to-node=\"6\"><em><strong>Del archivo:\u00a0<a href=\"https:\/\/informelitoral.com.ar\/conocido-ladron-quiso-robar-en-comercio-de-parana-y-otra-vez-fue-detenido\/\" target=\"_blank\" rel=\"noopener\">Conocido ladr\u00f3n quiso robar en comercio de Paran\u00e1 y otra vez fue detenido<\/a><\/strong><\/em><\/h6>\n","protected":false},"excerpt":{"rendered":"<p>El siniestro ocurri\u00f3 durante la ma\u00f1ana de este martes a la altura del kil\u00f3metro 59 donde dos veh\u00edculos de gran porte colisionaron mientras circulaban en el mismo sentido.<\/p>\n","protected":false},"author":8,"featured_media":247007,"comment_status":"open","ping_status":"open","sticky":false,"template":"","format":"standard","meta":{"fifu_image_url":"","fifu_image_alt":"","footnotes":""},"categories":[14],"tags":[304,109,2984],"class_list":{"0":"post-247004","1":"post","2":"type-post","3":"status-publish","4":"format-standard","5":"has-post-thumbnail","7":"category-policiales","8":"tag-accidente-vial","9":"tag-costa-grande","10":"tag-heridos"},"yoast_head":"<title>Costa Grande: fuerte choque entre camiones en la Ruta 11 - Informe Litoral<\/title>\n<meta name=\"robots\" content=\"index, follow, max-snippet:-1, max-image-preview:large, max-video-preview:-1\" \/>\n<link rel=\"canonical\" href=\"https:\/\/informelitoral.com.ar\/se-llevo-adelante-un-operativo-de-asistencia-tras-un-fuerte-choque-entre-camiones-en-la-ruta-11\/\" \/>\n<meta property=\"og:locale\" content=\"es_ES\" \/>\n<meta property=\"og:type\" content=\"article\" \/>\n<meta property=\"og:title\" content=\"Costa Grande: fuerte choque entre camiones en la Ruta 11 - Informe Litoral\" \/>\n<meta property=\"og:description\" content=\"El siniestro ocurri\u00f3 durante la ma\u00f1ana de este martes a la altura del kil\u00f3metro 59 donde dos veh\u00edculos de gran porte colisionaron mientras circulaban en el mismo sentido.\" \/>\n<meta property=\"og:url\" content=\"https:\/\/informelitoral.com.ar\/se-llevo-adelante-un-operativo-de-asistencia-tras-un-fuerte-choque-entre-camiones-en-la-ruta-11\/\" \/>\n<meta property=\"og:site_name\" content=\"Informe Litoral\" \/>\n<meta property=\"article:publisher\" content=\"https:\/\/www.facebook.com\/informelitoral\/\" \/>\n<meta property=\"article:published_time\" content=\"2026-01-20T16:21:58+00:00\" \/>\n<meta property=\"article:modified_time\" content=\"2026-01-20T16:56:51+00:00\" \/>\n<meta property=\"og:image\" content=\"https:\/\/drive.google.com\/thumbnail?id=1n7xk5IudAZPuMMPUZ3hbke-QidYhVZF7&sz=w2048\" \/>\n\t<meta property=\"og:image:width\" content=\"1380\" \/>\n\t<meta property=\"og:image:height\" content=\"672\" \/>\n\t<meta property=\"og:image:type\" content=\"image\/jpeg\" \/>\n<meta name=\"author\" content=\"Sebastian\" \/>\n<meta name=\"twitter:card\" content=\"summary_large_image\" \/>\n<meta name=\"twitter:creator\" content=\"@InformeLitoral\" \/>\n<meta name=\"twitter:site\" content=\"@InformeLitoral\" \/>\n<meta name=\"twitter:label1\" content=\"Escrito por\" \/>\n\t<meta name=\"twitter:data1\" content=\"Sebastian\" \/>\n\t<meta name=\"twitter:label2\" content=\"Tiempo de lectura\" \/>\n\t<meta name=\"twitter:data2\" content=\"2 minutos\" \/>\n<script type=\"application\/ld+json\" class=\"yoast-schema-graph\">{\"@context\":\"https:\\\/\\\/schema.org\",\"@graph\":[{\"@type\":\"Article\",\"@id\":\"https:\\\/\\\/informelitoral.com.ar\\\/se-llevo-adelante-un-operativo-de-asistencia-tras-un-fuerte-choque-entre-camiones-en-la-ruta-11\\\/#article\",\"isPartOf\":{\"@id\":\"https:\\\/\\\/informelitoral.com.ar\\\/se-llevo-adelante-un-operativo-de-asistencia-tras-un-fuerte-choque-entre-camiones-en-la-ruta-11\\\/\"},\"author\":{\"name\":\"Sebastian\",\"@id\":\"https:\\\/\\\/informelitoral.com.ar\\\/#\\\/schema\\\/person\\\/f05f9f461677119578717524b127d6d5\"},\"headline\":\"Costa Grande: fuerte choque entre camiones en la Ruta 11\",\"datePublished\":\"2026-01-20T16:21:58+00:00\",\"dateModified\":\"2026-01-20T16:56:51+00:00\",\"mainEntityOfPage\":{\"@id\":\"https:\\\/\\\/informelitoral.com.ar\\\/se-llevo-adelante-un-operativo-de-asistencia-tras-un-fuerte-choque-entre-camiones-en-la-ruta-11\\\/\"},\"wordCount\":284,\"commentCount\":0,\"publisher\":{\"@id\":\"https:\\\/\\\/informelitoral.com.ar\\\/#organization\"},\"image\":{\"@id\":\"https:\\\/\\\/informelitoral.com.ar\\\/se-llevo-adelante-un-operativo-de-asistencia-tras-un-fuerte-choque-entre-camiones-en-la-ruta-11\\\/#primaryimage\"},\"thumbnailUrl\":\"https:\\\/\\\/drive.google.com\\\/thumbnail?id=1n7xk5IudAZPuMMPUZ3hbke-QidYhVZF7&sz=w2048\",\"keywords\":[\"Accidente vial\",\"Costa Grande\",\"Heridos\"],\"articleSection\":[\"Policiales\"],\"inLanguage\":\"es\",\"potentialAction\":[{\"@type\":\"CommentAction\",\"name\":\"Comment\",\"target\":[\"https:\\\/\\\/informelitoral.com.ar\\\/se-llevo-adelante-un-operativo-de-asistencia-tras-un-fuerte-choque-entre-camiones-en-la-ruta-11\\\/#respond\"]}]},{\"@type\":\"WebPage\",\"@id\":\"https:\\\/\\\/informelitoral.com.ar\\\/se-llevo-adelante-un-operativo-de-asistencia-tras-un-fuerte-choque-entre-camiones-en-la-ruta-11\\\/\",\"url\":\"https:\\\/\\\/informelitoral.com.ar\\\/se-llevo-adelante-un-operativo-de-asistencia-tras-un-fuerte-choque-entre-camiones-en-la-ruta-11\\\/\",\"name\":\"Costa Grande: fuerte choque entre camiones en la Ruta 11 - Informe Litoral\",\"isPartOf\":{\"@id\":\"https:\\\/\\\/informelitoral.com.ar\\\/#website\"},\"primaryImageOfPage\":{\"@id\":\"https:\\\/\\\/informelitoral.com.ar\\\/se-llevo-adelante-un-operativo-de-asistencia-tras-un-fuerte-choque-entre-camiones-en-la-ruta-11\\\/#primaryimage\"},\"image\":{\"@id\":\"https:\\\/\\\/informelitoral.com.ar\\\/se-llevo-adelante-un-operativo-de-asistencia-tras-un-fuerte-choque-entre-camiones-en-la-ruta-11\\\/#primaryimage\"},\"thumbnailUrl\":\"https:\\\/\\\/drive.google.com\\\/thumbnail?id=1n7xk5IudAZPuMMPUZ3hbke-QidYhVZF7&sz=w2048\",\"datePublished\":\"2026-01-20T16:21:58+00:00\",\"dateModified\":\"2026-01-20T16:56:51+00:00\",\"breadcrumb\":{\"@id\":\"https:\\\/\\\/informelitoral.com.ar\\\/se-llevo-adelante-un-operativo-de-asistencia-tras-un-fuerte-choque-entre-camiones-en-la-ruta-11\\\/#breadcrumb\"},\"inLanguage\":\"es\",\"potentialAction\":[{\"@type\":\"ReadAction\",\"target\":[\"https:\\\/\\\/informelitoral.com.ar\\\/se-llevo-adelante-un-operativo-de-asistencia-tras-un-fuerte-choque-entre-camiones-en-la-ruta-11\\\/\"]}]},{\"@type\":\"ImageObject\",\"inLanguage\":\"es\",\"@id\":\"https:\\\/\\\/informelitoral.com.ar\\\/se-llevo-adelante-un-operativo-de-asistencia-tras-un-fuerte-choque-entre-camiones-en-la-ruta-11\\\/#primaryimage\",\"url\":\"https:\\\/\\\/drive.google.com\\\/thumbnail?id=1n7xk5IudAZPuMMPUZ3hbke-QidYhVZF7&sz=w2048\",\"contentUrl\":\"https:\\\/\\\/drive.google.com\\\/thumbnail?id=1n7xk5IudAZPuMMPUZ3hbke-QidYhVZF7&sz=w2048\",\"width\":1380,\"height\":672},{\"@type\":\"BreadcrumbList\",\"@id\":\"https:\\\/\\\/informelitoral.com.ar\\\/se-llevo-adelante-un-operativo-de-asistencia-tras-un-fuerte-choque-entre-camiones-en-la-ruta-11\\\/#breadcrumb\",\"itemListElement\":[{\"@type\":\"ListItem\",\"position\":1,\"name\":\"Portada\",\"item\":\"https:\\\/\\\/informelitoral.com.ar\\\/\"},{\"@type\":\"ListItem\",\"position\":2,\"name\":\"Costa Grande: fuerte choque entre camiones en la Ruta 11\"}]},{\"@type\":\"WebSite\",\"@id\":\"https:\\\/\\\/informelitoral.com.ar\\\/#website\",\"url\":\"https:\\\/\\\/informelitoral.com.ar\\\/\",\"name\":\"Informe Litoral\",\"description\":\"&quot;Nos informamos&quot; \",\"publisher\":{\"@id\":\"https:\\\/\\\/informelitoral.com.ar\\\/#organization\"},\"potentialAction\":[{\"@type\":\"SearchAction\",\"target\":{\"@type\":\"EntryPoint\",\"urlTemplate\":\"https:\\\/\\\/informelitoral.com.ar\\\/?s={search_term_string}\"},\"query-input\":{\"@type\":\"PropertyValueSpecification\",\"valueRequired\":true,\"valueName\":\"search_term_string\"}}],\"inLanguage\":\"es\"},{\"@type\":\"Organization\",\"@id\":\"https:\\\/\\\/informelitoral.com.ar\\\/#organization\",\"name\":\"Informe Litoral\",\"url\":\"https:\\\/\\\/informelitoral.com.ar\\\/\",\"logo\":{\"@type\":\"ImageObject\",\"inLanguage\":\"es\",\"@id\":\"https:\\\/\\\/informelitoral.com.ar\\\/#\\\/schema\\\/logo\\\/image\\\/\",\"url\":\"https:\\\/\\\/informelitoral.com.ar\\\/%77%70%2d%63%6f%6e%74%65%6e%74\\\/uploads\\\/2021\\\/01\\\/circulo.png\",\"contentUrl\":\"https:\\\/\\\/informelitoral.com.ar\\\/%77%70%2d%63%6f%6e%74%65%6e%74\\\/uploads\\\/2021\\\/01\\\/circulo.png\",\"width\":723,\"height\":731,\"caption\":\"Informe Litoral\"},\"image\":{\"@id\":\"https:\\\/\\\/informelitoral.com.ar\\\/#\\\/schema\\\/logo\\\/image\\\/\"},\"sameAs\":[\"https:\\\/\\\/www.facebook.com\\\/informelitoral\\\/\",\"https:\\\/\\\/x.com\\\/InformeLitoral\",\"https:\\\/\\\/www.instagram.com\\\/informelitoral\\\/\",\"https:\\\/\\\/www.youtube.com\\\/channel\\\/UCua4Qvz8Icb6MYqhoq9xLXw\"]},{\"@type\":\"Person\",\"@id\":\"https:\\\/\\\/informelitoral.com.ar\\\/#\\\/schema\\\/person\\\/f05f9f461677119578717524b127d6d5\",\"name\":\"Sebastian\",\"image\":{\"@type\":\"ImageObject\",\"inLanguage\":\"es\",\"@id\":\"https:\\\/\\\/secure.gravatar.com\\\/avatar\\\/b71bf7481d447dfb9583c7f2798e7cc64de6efb9067b74633ed8c31059a3bd82?s=96&d=mm&r=g\",\"url\":\"https:\\\/\\\/secure.gravatar.com\\\/avatar\\\/b71bf7481d447dfb9583c7f2798e7cc64de6efb9067b74633ed8c31059a3bd82?s=96&d=mm&r=g\",\"contentUrl\":\"https:\\\/\\\/secure.gravatar.com\\\/avatar\\\/b71bf7481d447dfb9583c7f2798e7cc64de6efb9067b74633ed8c31059a3bd82?s=96&d=mm&r=g\",\"caption\":\"Sebastian\"},\"url\":\"https:\\\/\\\/informelitoral.com.ar\\\/author\\\/sebastian\\\/\"}]}<\/script>","yoast_head_json":{"title":"Costa Grande: fuerte choque entre camiones en la Ruta 11 - Informe Litoral","robots":{"index":"index","follow":"follow","max-snippet":"max-snippet:-1","max-image-preview":"max-image-preview:large","max-video-preview":"max-video-preview:-1"},"canonical":"https:\/\/informelitoral.com.ar\/se-llevo-adelante-un-operativo-de-asistencia-tras-un-fuerte-choque-entre-camiones-en-la-ruta-11\/","og_locale":"es_ES","og_type":"article","og_title":"Costa Grande: fuerte choque entre camiones en la Ruta 11 - Informe Litoral","og_description":"El siniestro ocurri\u00f3 durante la ma\u00f1ana de este martes a la altura del kil\u00f3metro 59 donde dos veh\u00edculos de gran porte colisionaron mientras circulaban en el mismo sentido.","og_url":"https:\/\/informelitoral.com.ar\/se-llevo-adelante-un-operativo-de-asistencia-tras-un-fuerte-choque-entre-camiones-en-la-ruta-11\/","og_site_name":"Informe Litoral","article_publisher":"https:\/\/www.facebook.com\/informelitoral\/","article_published_time":"2026-01-20T16:21:58+00:00","article_modified_time":"2026-01-20T16:56:51+00:00","og_image":[{"width":1380,"height":672,"url":"https:\/\/drive.google.com\/thumbnail?id=1n7xk5IudAZPuMMPUZ3hbke-QidYhVZF7&sz=w2048","type":"image\/jpeg"}],"author":"Sebastian","twitter_card":"summary_large_image","twitter_creator":"@InformeLitoral","twitter_site":"@InformeLitoral","twitter_misc":{"Escrito por":"Sebastian","Tiempo de lectura":"2 minutos"},"schema":{"@context":"https:\/\/schema.org","@graph":[{"@type":"Article","@id":"https:\/\/informelitoral.com.ar\/se-llevo-adelante-un-operativo-de-asistencia-tras-un-fuerte-choque-entre-camiones-en-la-ruta-11\/#article","isPartOf":{"@id":"https:\/\/informelitoral.com.ar\/se-llevo-adelante-un-operativo-de-asistencia-tras-un-fuerte-choque-entre-camiones-en-la-ruta-11\/"},"author":{"name":"Sebastian","@id":"https:\/\/informelitoral.com.ar\/#\/schema\/person\/f05f9f461677119578717524b127d6d5"},"headline":"Costa Grande: fuerte choque entre camiones en la Ruta 11","datePublished":"2026-01-20T16:21:58+00:00","dateModified":"2026-01-20T16:56:51+00:00","mainEntityOfPage":{"@id":"https:\/\/informelitoral.com.ar\/se-llevo-adelante-un-operativo-de-asistencia-tras-un-fuerte-choque-entre-camiones-en-la-ruta-11\/"},"wordCount":284,"commentCount":0,"publisher":{"@id":"https:\/\/informelitoral.com.ar\/#organization"},"image":{"@id":"https:\/\/informelitoral.com.ar\/se-llevo-adelante-un-operativo-de-asistencia-tras-un-fuerte-choque-entre-camiones-en-la-ruta-11\/#primaryimage"},"thumbnailUrl":"https:\/\/drive.google.com\/thumbnail?id=1n7xk5IudAZPuMMPUZ3hbke-QidYhVZF7&sz=w2048","keywords":["Accidente vial","Costa Grande","Heridos"],"articleSection":["Policiales"],"inLanguage":"es","potentialAction":[{"@type":"CommentAction","name":"Comment","target":["https:\/\/informelitoral.com.ar\/se-llevo-adelante-un-operativo-de-asistencia-tras-un-fuerte-choque-entre-camiones-en-la-ruta-11\/#respond"]}]},{"@type":"WebPage","@id":"https:\/\/informelitoral.com.ar\/se-llevo-adelante-un-operativo-de-asistencia-tras-un-fuerte-choque-entre-camiones-en-la-ruta-11\/","url":"https:\/\/informelitoral.com.ar\/se-llevo-adelante-un-operativo-de-asistencia-tras-un-fuerte-choque-entre-camiones-en-la-ruta-11\/","name":"Costa Grande: fuerte choque entre camiones en la Ruta 11 - Informe Litoral","isPartOf":{"@id":"https:\/\/informelitoral.com.ar\/#website"},"primaryImageOfPage":{"@id":"https:\/\/informelitoral.com.ar\/se-llevo-adelante-un-operativo-de-asistencia-tras-un-fuerte-choque-entre-camiones-en-la-ruta-11\/#primaryimage"},"image":{"@id":"https:\/\/informelitoral.com.ar\/se-llevo-adelante-un-operativo-de-asistencia-tras-un-fuerte-choque-entre-camiones-en-la-ruta-11\/#primaryimage"},"thumbnailUrl":"https:\/\/drive.google.com\/thumbnail?id=1n7xk5IudAZPuMMPUZ3hbke-QidYhVZF7&sz=w2048","datePublished":"2026-01-20T16:21:58+00:00","dateModified":"2026-01-20T16:56:51+00:00","breadcrumb":{"@id":"https:\/\/informelitoral.com.ar\/se-llevo-adelante-un-operativo-de-asistencia-tras-un-fuerte-choque-entre-camiones-en-la-ruta-11\/#breadcrumb"},"inLanguage":"es","potentialAction":[{"@type":"ReadAction","target":["https:\/\/informelitoral.com.ar\/se-llevo-adelante-un-operativo-de-asistencia-tras-un-fuerte-choque-entre-camiones-en-la-ruta-11\/"]}]},{"@type":"ImageObject","inLanguage":"es","@id":"https:\/\/informelitoral.com.ar\/se-llevo-adelante-un-operativo-de-asistencia-tras-un-fuerte-choque-entre-camiones-en-la-ruta-11\/#primaryimage","url":"https:\/\/drive.google.com\/thumbnail?id=1n7xk5IudAZPuMMPUZ3hbke-QidYhVZF7&sz=w2048","contentUrl":"https:\/\/drive.google.com\/thumbnail?id=1n7xk5IudAZPuMMPUZ3hbke-QidYhVZF7&sz=w2048","width":1380,"height":672},{"@type":"BreadcrumbList","@id":"https:\/\/informelitoral.com.ar\/se-llevo-adelante-un-operativo-de-asistencia-tras-un-fuerte-choque-entre-camiones-en-la-ruta-11\/#breadcrumb","itemListElement":[{"@type":"ListItem","position":1,"name":"Portada","item":"https:\/\/informelitoral.com.ar\/"},{"@type":"ListItem","position":2,"name":"Costa Grande: fuerte choque entre camiones en la Ruta 11"}]},{"@type":"WebSite","@id":"https:\/\/informelitoral.com.ar\/#website","url":"https:\/\/informelitoral.com.ar\/","name":"Informe Litoral","description":"&quot;Nos informamos&quot; ","publisher":{"@id":"https:\/\/informelitoral.com.ar\/#organization"},"potentialAction":[{"@type":"SearchAction","target":{"@type":"EntryPoint","urlTemplate":"https:\/\/informelitoral.com.ar\/?s={search_term_string}"},"query-input":{"@type":"PropertyValueSpecification","valueRequired":true,"valueName":"search_term_string"}}],"inLanguage":"es"},{"@type":"Organization","@id":"https:\/\/informelitoral.com.ar\/#organization","name":"Informe Litoral","url":"https:\/\/informelitoral.com.ar\/","logo":{"@type":"ImageObject","inLanguage":"es","@id":"https:\/\/informelitoral.com.ar\/#\/schema\/logo\/image\/","url":"https:\/\/informelitoral.com.ar\/%77%70%2d%63%6f%6e%74%65%6e%74\/uploads\/2021\/01\/circulo.png","contentUrl":"https:\/\/informelitoral.com.ar\/%77%70%2d%63%6f%6e%74%65%6e%74\/uploads\/2021\/01\/circulo.png","width":723,"height":731,"caption":"Informe Litoral"},"image":{"@id":"https:\/\/informelitoral.com.ar\/#\/schema\/logo\/image\/"},"sameAs":["https:\/\/www.facebook.com\/informelitoral\/","https:\/\/x.com\/InformeLitoral","https:\/\/www.instagram.com\/informelitoral\/","https:\/\/www.youtube.com\/channel\/UCua4Qvz8Icb6MYqhoq9xLXw"]},{"@type":"Person","@id":"https:\/\/informelitoral.com.ar\/#\/schema\/person\/f05f9f461677119578717524b127d6d5","name":"Sebastian","image":{"@type":"ImageObject","inLanguage":"es","@id":"https:\/\/secure.gravatar.com\/avatar\/b71bf7481d447dfb9583c7f2798e7cc64de6efb9067b74633ed8c31059a3bd82?s=96&d=mm&r=g","url":"https:\/\/secure.gravatar.com\/avatar\/b71bf7481d447dfb9583c7f2798e7cc64de6efb9067b74633ed8c31059a3bd82?s=96&d=mm&r=g","contentUrl":"https:\/\/secure.gravatar.com\/avatar\/b71bf7481d447dfb9583c7f2798e7cc64de6efb9067b74633ed8c31059a3bd82?s=96&d=mm&r=g","caption":"Sebastian"},"url":"https:\/\/informelitoral.com.ar\/author\/sebastian\/"}]}},"_links":{"self":[{"href":"https:\/\/informelitoral.com.ar\/%77%70%2d%6a%73%6f%6e\/wp\/v2\/posts\/247004","targetHints":{"allow":["GET"]}}],"collection":[{"href":"https:\/\/informelitoral.com.ar\/%77%70%2d%6a%73%6f%6e\/wp\/v2\/posts"}],"about":[{"href":"https:\/\/informelitoral.com.ar\/%77%70%2d%6a%73%6f%6e\/wp\/v2\/types\/post"}],"author":[{"embeddable":true,"href":"https:\/\/informelitoral.com.ar\/%77%70%2d%6a%73%6f%6e\/wp\/v2\/users\/8"}],"replies":[{"embeddable":true,"href":"https:\/\/informelitoral.com.ar\/%77%70%2d%6a%73%6f%6e\/wp\/v2\/comments?post=247004"}],"version-history":[{"count":6,"href":"https:\/\/informelitoral.com.ar\/%77%70%2d%6a%73%6f%6e\/wp\/v2\/posts\/247004\/revisions"}],"predecessor-version":[{"id":247013,"href":"https:\/\/informelitoral.com.ar\/%77%70%2d%6a%73%6f%6e\/wp\/v2\/posts\/247004\/revisions\/247013"}],"wp:featuredmedia":[{"embeddable":true,"href":"https:\/\/informelitoral.com.ar\/%77%70%2d%6a%73%6f%6e\/wp\/v2\/media\/247007"}],"wp:attachment":[{"href":"https:\/\/informelitoral.com.ar\/%77%70%2d%6a%73%6f%6e\/wp\/v2\/media?parent=247004"}],"wp:term":[{"taxonomy":"category","embeddable":true,"href":"https:\/\/informelitoral.com.ar\/%77%70%2d%6a%73%6f%6e\/wp\/v2\/categories?post=247004"},{"taxonomy":"post_tag","embeddable":true,"href":"https:\/\/informelitoral.com.ar\/%77%70%2d%6a%73%6f%6e\/wp\/v2\/tags?post=247004"}],"curies":[{"name":"wp","href":"https:\/\/api.w.org\/{rel}","templated":true}]}}