{"id":246988,"date":"2026-01-20T11:55:26","date_gmt":"2026-01-20T14:55:26","guid":{"rendered":"https:\/\/informelitoral.com.ar\/?p=246988"},"modified":"2026-01-20T11:58:03","modified_gmt":"2026-01-20T14:58:03","slug":"se-llevo-adelante-un-operativo-de-control-en-las-zonas-rurales-del-departamento-diamante","status":"publish","type":"post","link":"https:\/\/informelitoral.com.ar\/se-llevo-adelante-un-operativo-de-control-en-las-zonas-rurales-del-departamento-diamante\/","title":{"rendered":"Se llev\u00f3 adelante un operativo de control en las zonas rurales del Departamento Diamante"},"content":{"rendered":"<p data-path-to-node=\"4\">Durante el transcurso de las \u00faltimas horas, se llev\u00f3 adelante un importante operativo de seguridad en diversos sectores rurales del departamento, replicando los controles que habitualmente se intensifican en las zonas urbanas. La jornada de trabajo se centr\u00f3 en la presencia policial efectiva sobre los caminos vecinales, donde se realizaron tareas de identificaci\u00f3n de personas en tr\u00e1nsito y una exhaustiva verificaci\u00f3n de los veh\u00edculos que circulaban por los accesos a los campos.<\/p>\n<p data-path-to-node=\"5\">Esta acci\u00f3n fue el resultado de una articulada estrategia operacional que cont\u00f3 con la participaci\u00f3n activa de las Comisar\u00edas de campa\u00f1a y la intervenci\u00f3n conjunta de los agentes de la Direcci\u00f3n General de Prevenci\u00f3n de Delitos Rurales. A trav\u00e9s de este despliegue coordinado, las fuerzas de seguridad lograron cubrir una amplia extensi\u00f3n territorial, otorgando respuestas concretas en materia de seguridad p\u00fablica para el beneficio directo de todos los productores y habitantes de las zonas rurales.(<em>Informe Litoral<\/em>)<\/p>\n","protected":false},"excerpt":{"rendered":"<p>La Polic\u00eda de Entre R\u00edos junto a la Brigada de Delitos Rurales desplegaron una estrategia de prevenci\u00f3n que permiti\u00f3 identificar veh\u00edculos y personas en los sectores de campa\u00f1a.<\/p>\n","protected":false},"author":8,"featured_media":246989,"comment_status":"open","ping_status":"open","sticky":false,"template":"","format":"standard","meta":{"fifu_image_url":"","fifu_image_alt":"","footnotes":""},"categories":[14],"tags":[5509,1385],"class_list":{"0":"post-246988","1":"post","2":"type-post","3":"status-publish","4":"format-standard","5":"has-post-thumbnail","7":"category-policiales","8":"tag-controles-viales","9":"tag-departamento-diamante"},"yoast_head":"<title>Se llev\u00f3 adelante un operativo de control en las zonas rurales del Departamento Diamante - Informe Litoral<\/title>\n<meta name=\"robots\" content=\"index, follow, max-snippet:-1, max-image-preview:large, max-video-preview:-1\" \/>\n<link rel=\"canonical\" href=\"https:\/\/informelitoral.com.ar\/se-llevo-adelante-un-operativo-de-control-en-las-zonas-rurales-del-departamento-diamante\/\" \/>\n<meta property=\"og:locale\" content=\"es_ES\" \/>\n<meta property=\"og:type\" content=\"article\" \/>\n<meta property=\"og:title\" content=\"Se llev\u00f3 adelante un operativo de control en las zonas rurales del Departamento Diamante - Informe Litoral\" \/>\n<meta property=\"og:description\" content=\"La Polic\u00eda de Entre R\u00edos junto a la Brigada de Delitos Rurales desplegaron una estrategia de prevenci\u00f3n que permiti\u00f3 identificar veh\u00edculos y personas en los sectores de campa\u00f1a.\" \/>\n<meta property=\"og:url\" content=\"https:\/\/informelitoral.com.ar\/se-llevo-adelante-un-operativo-de-control-en-las-zonas-rurales-del-departamento-diamante\/\" \/>\n<meta property=\"og:site_name\" content=\"Informe Litoral\" \/>\n<meta property=\"article:publisher\" content=\"https:\/\/www.facebook.com\/informelitoral\/\" \/>\n<meta property=\"article:published_time\" content=\"2026-01-20T14:55:26+00:00\" \/>\n<meta property=\"article:modified_time\" content=\"2026-01-20T14:58:03+00:00\" \/>\n<meta property=\"og:image\" content=\"https:\/\/drive.google.com\/thumbnail?id=1JlwLZjpa3b6a6z9XBzDCgm41THFC4Jaa&sz=w2048\" \/>\n\t<meta property=\"og:image:width\" content=\"1206\" \/>\n\t<meta property=\"og:image:height\" content=\"736\" \/>\n\t<meta property=\"og:image:type\" content=\"image\/jpeg\" \/>\n<meta name=\"author\" content=\"Sebastian\" \/>\n<meta name=\"twitter:card\" content=\"summary_large_image\" \/>\n<meta name=\"twitter:creator\" content=\"@InformeLitoral\" \/>\n<meta name=\"twitter:site\" content=\"@InformeLitoral\" \/>\n<meta name=\"twitter:label1\" content=\"Escrito por\" \/>\n\t<meta name=\"twitter:data1\" content=\"Sebastian\" \/>\n\t<meta name=\"twitter:label2\" content=\"Tiempo de lectura\" \/>\n\t<meta name=\"twitter:data2\" content=\"1 minuto\" \/>\n<script type=\"application\/ld+json\" class=\"yoast-schema-graph\">{\"@context\":\"https:\\\/\\\/schema.org\",\"@graph\":[{\"@type\":\"Article\",\"@id\":\"https:\\\/\\\/informelitoral.com.ar\\\/se-llevo-adelante-un-operativo-de-control-en-las-zonas-rurales-del-departamento-diamante\\\/#article\",\"isPartOf\":{\"@id\":\"https:\\\/\\\/informelitoral.com.ar\\\/se-llevo-adelante-un-operativo-de-control-en-las-zonas-rurales-del-departamento-diamante\\\/\"},\"author\":{\"name\":\"Sebastian\",\"@id\":\"https:\\\/\\\/informelitoral.com.ar\\\/#\\\/schema\\\/person\\\/f05f9f461677119578717524b127d6d5\"},\"headline\":\"Se llev\u00f3 adelante un operativo de control en las zonas rurales del Departamento Diamante\",\"datePublished\":\"2026-01-20T14:55:26+00:00\",\"dateModified\":\"2026-01-20T14:58:03+00:00\",\"mainEntityOfPage\":{\"@id\":\"https:\\\/\\\/informelitoral.com.ar\\\/se-llevo-adelante-un-operativo-de-control-en-las-zonas-rurales-del-departamento-diamante\\\/\"},\"wordCount\":177,\"commentCount\":0,\"publisher\":{\"@id\":\"https:\\\/\\\/informelitoral.com.ar\\\/#organization\"},\"image\":{\"@id\":\"https:\\\/\\\/informelitoral.com.ar\\\/se-llevo-adelante-un-operativo-de-control-en-las-zonas-rurales-del-departamento-diamante\\\/#primaryimage\"},\"thumbnailUrl\":\"https:\\\/\\\/drive.google.com\\\/thumbnail?id=1JlwLZjpa3b6a6z9XBzDCgm41THFC4Jaa&sz=w2048\",\"keywords\":[\"Controles viales\",\"Departamento Diamante\"],\"articleSection\":[\"Policiales\"],\"inLanguage\":\"es\",\"potentialAction\":[{\"@type\":\"CommentAction\",\"name\":\"Comment\",\"target\":[\"https:\\\/\\\/informelitoral.com.ar\\\/se-llevo-adelante-un-operativo-de-control-en-las-zonas-rurales-del-departamento-diamante\\\/#respond\"]}]},{\"@type\":\"WebPage\",\"@id\":\"https:\\\/\\\/informelitoral.com.ar\\\/se-llevo-adelante-un-operativo-de-control-en-las-zonas-rurales-del-departamento-diamante\\\/\",\"url\":\"https:\\\/\\\/informelitoral.com.ar\\\/se-llevo-adelante-un-operativo-de-control-en-las-zonas-rurales-del-departamento-diamante\\\/\",\"name\":\"Se llev\u00f3 adelante un operativo de control en las zonas rurales del Departamento Diamante - Informe Litoral\",\"isPartOf\":{\"@id\":\"https:\\\/\\\/informelitoral.com.ar\\\/#website\"},\"primaryImageOfPage\":{\"@id\":\"https:\\\/\\\/informelitoral.com.ar\\\/se-llevo-adelante-un-operativo-de-control-en-las-zonas-rurales-del-departamento-diamante\\\/#primaryimage\"},\"image\":{\"@id\":\"https:\\\/\\\/informelitoral.com.ar\\\/se-llevo-adelante-un-operativo-de-control-en-las-zonas-rurales-del-departamento-diamante\\\/#primaryimage\"},\"thumbnailUrl\":\"https:\\\/\\\/drive.google.com\\\/thumbnail?id=1JlwLZjpa3b6a6z9XBzDCgm41THFC4Jaa&sz=w2048\",\"datePublished\":\"2026-01-20T14:55:26+00:00\",\"dateModified\":\"2026-01-20T14:58:03+00:00\",\"breadcrumb\":{\"@id\":\"https:\\\/\\\/informelitoral.com.ar\\\/se-llevo-adelante-un-operativo-de-control-en-las-zonas-rurales-del-departamento-diamante\\\/#breadcrumb\"},\"inLanguage\":\"es\",\"potentialAction\":[{\"@type\":\"ReadAction\",\"target\":[\"https:\\\/\\\/informelitoral.com.ar\\\/se-llevo-adelante-un-operativo-de-control-en-las-zonas-rurales-del-departamento-diamante\\\/\"]}]},{\"@type\":\"ImageObject\",\"inLanguage\":\"es\",\"@id\":\"https:\\\/\\\/informelitoral.com.ar\\\/se-llevo-adelante-un-operativo-de-control-en-las-zonas-rurales-del-departamento-diamante\\\/#primaryimage\",\"url\":\"https:\\\/\\\/drive.google.com\\\/thumbnail?id=1JlwLZjpa3b6a6z9XBzDCgm41THFC4Jaa&sz=w2048\",\"contentUrl\":\"https:\\\/\\\/drive.google.com\\\/thumbnail?id=1JlwLZjpa3b6a6z9XBzDCgm41THFC4Jaa&sz=w2048\",\"width\":1206,\"height\":736},{\"@type\":\"BreadcrumbList\",\"@id\":\"https:\\\/\\\/informelitoral.com.ar\\\/se-llevo-adelante-un-operativo-de-control-en-las-zonas-rurales-del-departamento-diamante\\\/#breadcrumb\",\"itemListElement\":[{\"@type\":\"ListItem\",\"position\":1,\"name\":\"Portada\",\"item\":\"https:\\\/\\\/informelitoral.com.ar\\\/\"},{\"@type\":\"ListItem\",\"position\":2,\"name\":\"Se llev\u00f3 adelante un operativo de control en las zonas rurales del Departamento Diamante\"}]},{\"@type\":\"WebSite\",\"@id\":\"https:\\\/\\\/informelitoral.com.ar\\\/#website\",\"url\":\"https:\\\/\\\/informelitoral.com.ar\\\/\",\"name\":\"Informe Litoral\",\"description\":\"&quot;Nos informamos&quot; \",\"publisher\":{\"@id\":\"https:\\\/\\\/informelitoral.com.ar\\\/#organization\"},\"potentialAction\":[{\"@type\":\"SearchAction\",\"target\":{\"@type\":\"EntryPoint\",\"urlTemplate\":\"https:\\\/\\\/informelitoral.com.ar\\\/?s={search_term_string}\"},\"query-input\":{\"@type\":\"PropertyValueSpecification\",\"valueRequired\":true,\"valueName\":\"search_term_string\"}}],\"inLanguage\":\"es\"},{\"@type\":\"Organization\",\"@id\":\"https:\\\/\\\/informelitoral.com.ar\\\/#organization\",\"name\":\"Informe Litoral\",\"url\":\"https:\\\/\\\/informelitoral.com.ar\\\/\",\"logo\":{\"@type\":\"ImageObject\",\"inLanguage\":\"es\",\"@id\":\"https:\\\/\\\/informelitoral.com.ar\\\/#\\\/schema\\\/logo\\\/image\\\/\",\"url\":\"https:\\\/\\\/informelitoral.com.ar\\\/%77%70%2d%63%6f%6e%74%65%6e%74\\\/uploads\\\/2021\\\/01\\\/circulo.png\",\"contentUrl\":\"https:\\\/\\\/informelitoral.com.ar\\\/%77%70%2d%63%6f%6e%74%65%6e%74\\\/uploads\\\/2021\\\/01\\\/circulo.png\",\"width\":723,\"height\":731,\"caption\":\"Informe Litoral\"},\"image\":{\"@id\":\"https:\\\/\\\/informelitoral.com.ar\\\/#\\\/schema\\\/logo\\\/image\\\/\"},\"sameAs\":[\"https:\\\/\\\/www.facebook.com\\\/informelitoral\\\/\",\"https:\\\/\\\/x.com\\\/InformeLitoral\",\"https:\\\/\\\/www.instagram.com\\\/informelitoral\\\/\",\"https:\\\/\\\/www.youtube.com\\\/channel\\\/UCua4Qvz8Icb6MYqhoq9xLXw\"]},{\"@type\":\"Person\",\"@id\":\"https:\\\/\\\/informelitoral.com.ar\\\/#\\\/schema\\\/person\\\/f05f9f461677119578717524b127d6d5\",\"name\":\"Sebastian\",\"image\":{\"@type\":\"ImageObject\",\"inLanguage\":\"es\",\"@id\":\"https:\\\/\\\/secure.gravatar.com\\\/avatar\\\/b71bf7481d447dfb9583c7f2798e7cc64de6efb9067b74633ed8c31059a3bd82?s=96&d=mm&r=g\",\"url\":\"https:\\\/\\\/secure.gravatar.com\\\/avatar\\\/b71bf7481d447dfb9583c7f2798e7cc64de6efb9067b74633ed8c31059a3bd82?s=96&d=mm&r=g\",\"contentUrl\":\"https:\\\/\\\/secure.gravatar.com\\\/avatar\\\/b71bf7481d447dfb9583c7f2798e7cc64de6efb9067b74633ed8c31059a3bd82?s=96&d=mm&r=g\",\"caption\":\"Sebastian\"},\"url\":\"https:\\\/\\\/informelitoral.com.ar\\\/author\\\/sebastian\\\/\"}]}<\/script>","yoast_head_json":{"title":"Se llev\u00f3 adelante un operativo de control en las zonas rurales del Departamento Diamante - Informe Litoral","robots":{"index":"index","follow":"follow","max-snippet":"max-snippet:-1","max-image-preview":"max-image-preview:large","max-video-preview":"max-video-preview:-1"},"canonical":"https:\/\/informelitoral.com.ar\/se-llevo-adelante-un-operativo-de-control-en-las-zonas-rurales-del-departamento-diamante\/","og_locale":"es_ES","og_type":"article","og_title":"Se llev\u00f3 adelante un operativo de control en las zonas rurales del Departamento Diamante - Informe Litoral","og_description":"La Polic\u00eda de Entre R\u00edos junto a la Brigada de Delitos Rurales desplegaron una estrategia de prevenci\u00f3n que permiti\u00f3 identificar veh\u00edculos y personas en los sectores de campa\u00f1a.","og_url":"https:\/\/informelitoral.com.ar\/se-llevo-adelante-un-operativo-de-control-en-las-zonas-rurales-del-departamento-diamante\/","og_site_name":"Informe Litoral","article_publisher":"https:\/\/www.facebook.com\/informelitoral\/","article_published_time":"2026-01-20T14:55:26+00:00","article_modified_time":"2026-01-20T14:58:03+00:00","og_image":[{"width":1206,"height":736,"url":"https:\/\/drive.google.com\/thumbnail?id=1JlwLZjpa3b6a6z9XBzDCgm41THFC4Jaa&sz=w2048","type":"image\/jpeg"}],"author":"Sebastian","twitter_card":"summary_large_image","twitter_creator":"@InformeLitoral","twitter_site":"@InformeLitoral","twitter_misc":{"Escrito por":"Sebastian","Tiempo de lectura":"1 minuto"},"schema":{"@context":"https:\/\/schema.org","@graph":[{"@type":"Article","@id":"https:\/\/informelitoral.com.ar\/se-llevo-adelante-un-operativo-de-control-en-las-zonas-rurales-del-departamento-diamante\/#article","isPartOf":{"@id":"https:\/\/informelitoral.com.ar\/se-llevo-adelante-un-operativo-de-control-en-las-zonas-rurales-del-departamento-diamante\/"},"author":{"name":"Sebastian","@id":"https:\/\/informelitoral.com.ar\/#\/schema\/person\/f05f9f461677119578717524b127d6d5"},"headline":"Se llev\u00f3 adelante un operativo de control en las zonas rurales del Departamento Diamante","datePublished":"2026-01-20T14:55:26+00:00","dateModified":"2026-01-20T14:58:03+00:00","mainEntityOfPage":{"@id":"https:\/\/informelitoral.com.ar\/se-llevo-adelante-un-operativo-de-control-en-las-zonas-rurales-del-departamento-diamante\/"},"wordCount":177,"commentCount":0,"publisher":{"@id":"https:\/\/informelitoral.com.ar\/#organization"},"image":{"@id":"https:\/\/informelitoral.com.ar\/se-llevo-adelante-un-operativo-de-control-en-las-zonas-rurales-del-departamento-diamante\/#primaryimage"},"thumbnailUrl":"https:\/\/drive.google.com\/thumbnail?id=1JlwLZjpa3b6a6z9XBzDCgm41THFC4Jaa&sz=w2048","keywords":["Controles viales","Departamento Diamante"],"articleSection":["Policiales"],"inLanguage":"es","potentialAction":[{"@type":"CommentAction","name":"Comment","target":["https:\/\/informelitoral.com.ar\/se-llevo-adelante-un-operativo-de-control-en-las-zonas-rurales-del-departamento-diamante\/#respond"]}]},{"@type":"WebPage","@id":"https:\/\/informelitoral.com.ar\/se-llevo-adelante-un-operativo-de-control-en-las-zonas-rurales-del-departamento-diamante\/","url":"https:\/\/informelitoral.com.ar\/se-llevo-adelante-un-operativo-de-control-en-las-zonas-rurales-del-departamento-diamante\/","name":"Se llev\u00f3 adelante un operativo de control en las zonas rurales del Departamento Diamante - Informe Litoral","isPartOf":{"@id":"https:\/\/informelitoral.com.ar\/#website"},"primaryImageOfPage":{"@id":"https:\/\/informelitoral.com.ar\/se-llevo-adelante-un-operativo-de-control-en-las-zonas-rurales-del-departamento-diamante\/#primaryimage"},"image":{"@id":"https:\/\/informelitoral.com.ar\/se-llevo-adelante-un-operativo-de-control-en-las-zonas-rurales-del-departamento-diamante\/#primaryimage"},"thumbnailUrl":"https:\/\/drive.google.com\/thumbnail?id=1JlwLZjpa3b6a6z9XBzDCgm41THFC4Jaa&sz=w2048","datePublished":"2026-01-20T14:55:26+00:00","dateModified":"2026-01-20T14:58:03+00:00","breadcrumb":{"@id":"https:\/\/informelitoral.com.ar\/se-llevo-adelante-un-operativo-de-control-en-las-zonas-rurales-del-departamento-diamante\/#breadcrumb"},"inLanguage":"es","potentialAction":[{"@type":"ReadAction","target":["https:\/\/informelitoral.com.ar\/se-llevo-adelante-un-operativo-de-control-en-las-zonas-rurales-del-departamento-diamante\/"]}]},{"@type":"ImageObject","inLanguage":"es","@id":"https:\/\/informelitoral.com.ar\/se-llevo-adelante-un-operativo-de-control-en-las-zonas-rurales-del-departamento-diamante\/#primaryimage","url":"https:\/\/drive.google.com\/thumbnail?id=1JlwLZjpa3b6a6z9XBzDCgm41THFC4Jaa&sz=w2048","contentUrl":"https:\/\/drive.google.com\/thumbnail?id=1JlwLZjpa3b6a6z9XBzDCgm41THFC4Jaa&sz=w2048","width":1206,"height":736},{"@type":"BreadcrumbList","@id":"https:\/\/informelitoral.com.ar\/se-llevo-adelante-un-operativo-de-control-en-las-zonas-rurales-del-departamento-diamante\/#breadcrumb","itemListElement":[{"@type":"ListItem","position":1,"name":"Portada","item":"https:\/\/informelitoral.com.ar\/"},{"@type":"ListItem","position":2,"name":"Se llev\u00f3 adelante un operativo de control en las zonas rurales del Departamento Diamante"}]},{"@type":"WebSite","@id":"https:\/\/informelitoral.com.ar\/#website","url":"https:\/\/informelitoral.com.ar\/","name":"Informe Litoral","description":"&quot;Nos informamos&quot; ","publisher":{"@id":"https:\/\/informelitoral.com.ar\/#organization"},"potentialAction":[{"@type":"SearchAction","target":{"@type":"EntryPoint","urlTemplate":"https:\/\/informelitoral.com.ar\/?s={search_term_string}"},"query-input":{"@type":"PropertyValueSpecification","valueRequired":true,"valueName":"search_term_string"}}],"inLanguage":"es"},{"@type":"Organization","@id":"https:\/\/informelitoral.com.ar\/#organization","name":"Informe Litoral","url":"https:\/\/informelitoral.com.ar\/","logo":{"@type":"ImageObject","inLanguage":"es","@id":"https:\/\/informelitoral.com.ar\/#\/schema\/logo\/image\/","url":"https:\/\/informelitoral.com.ar\/%77%70%2d%63%6f%6e%74%65%6e%74\/uploads\/2021\/01\/circulo.png","contentUrl":"https:\/\/informelitoral.com.ar\/%77%70%2d%63%6f%6e%74%65%6e%74\/uploads\/2021\/01\/circulo.png","width":723,"height":731,"caption":"Informe Litoral"},"image":{"@id":"https:\/\/informelitoral.com.ar\/#\/schema\/logo\/image\/"},"sameAs":["https:\/\/www.facebook.com\/informelitoral\/","https:\/\/x.com\/InformeLitoral","https:\/\/www.instagram.com\/informelitoral\/","https:\/\/www.youtube.com\/channel\/UCua4Qvz8Icb6MYqhoq9xLXw"]},{"@type":"Person","@id":"https:\/\/informelitoral.com.ar\/#\/schema\/person\/f05f9f461677119578717524b127d6d5","name":"Sebastian","image":{"@type":"ImageObject","inLanguage":"es","@id":"https:\/\/secure.gravatar.com\/avatar\/b71bf7481d447dfb9583c7f2798e7cc64de6efb9067b74633ed8c31059a3bd82?s=96&d=mm&r=g","url":"https:\/\/secure.gravatar.com\/avatar\/b71bf7481d447dfb9583c7f2798e7cc64de6efb9067b74633ed8c31059a3bd82?s=96&d=mm&r=g","contentUrl":"https:\/\/secure.gravatar.com\/avatar\/b71bf7481d447dfb9583c7f2798e7cc64de6efb9067b74633ed8c31059a3bd82?s=96&d=mm&r=g","caption":"Sebastian"},"url":"https:\/\/informelitoral.com.ar\/author\/sebastian\/"}]}},"_links":{"self":[{"href":"https:\/\/informelitoral.com.ar\/%77%70%2d%6a%73%6f%6e\/wp\/v2\/posts\/246988","targetHints":{"allow":["GET"]}}],"collection":[{"href":"https:\/\/informelitoral.com.ar\/%77%70%2d%6a%73%6f%6e\/wp\/v2\/posts"}],"about":[{"href":"https:\/\/informelitoral.com.ar\/%77%70%2d%6a%73%6f%6e\/wp\/v2\/types\/post"}],"author":[{"embeddable":true,"href":"https:\/\/informelitoral.com.ar\/%77%70%2d%6a%73%6f%6e\/wp\/v2\/users\/8"}],"replies":[{"embeddable":true,"href":"https:\/\/informelitoral.com.ar\/%77%70%2d%6a%73%6f%6e\/wp\/v2\/comments?post=246988"}],"version-history":[{"count":2,"href":"https:\/\/informelitoral.com.ar\/%77%70%2d%6a%73%6f%6e\/wp\/v2\/posts\/246988\/revisions"}],"predecessor-version":[{"id":246991,"href":"https:\/\/informelitoral.com.ar\/%77%70%2d%6a%73%6f%6e\/wp\/v2\/posts\/246988\/revisions\/246991"}],"wp:featuredmedia":[{"embeddable":true,"href":"https:\/\/informelitoral.com.ar\/%77%70%2d%6a%73%6f%6e\/wp\/v2\/media\/246989"}],"wp:attachment":[{"href":"https:\/\/informelitoral.com.ar\/%77%70%2d%6a%73%6f%6e\/wp\/v2\/media?parent=246988"}],"wp:term":[{"taxonomy":"category","embeddable":true,"href":"https:\/\/informelitoral.com.ar\/%77%70%2d%6a%73%6f%6e\/wp\/v2\/categories?post=246988"},{"taxonomy":"post_tag","embeddable":true,"href":"https:\/\/informelitoral.com.ar\/%77%70%2d%6a%73%6f%6e\/wp\/v2\/tags?post=246988"}],"curies":[{"name":"wp","href":"https:\/\/api.w.org\/{rel}","templated":true}]}}