{"id":246954,"date":"2026-01-20T11:11:18","date_gmt":"2026-01-20T14:11:18","guid":{"rendered":"https:\/\/informelitoral.com.ar\/?p=246954"},"modified":"2026-01-20T14:03:49","modified_gmt":"2026-01-20T17:03:49","slug":"argentina-y-espana-se-mediran-en-qatar-por-la-finalissima-2026","status":"publish","type":"post","link":"https:\/\/informelitoral.com.ar\/argentina-y-espana-se-mediran-en-qatar-por-la-finalissima-2026\/","title":{"rendered":"Argentina y Espa\u00f1a se medir\u00e1n en Qatar por la Finalissima 2026"},"content":{"rendered":"<p data-path-to-node=\"2\">La <b data-path-to-node=\"2\" data-index-in-node=\"3\">Selecci\u00f3n Argentina<\/b> ya tiene definida su agenda para el inicio de un a\u00f1o trascendental, con el objetivo puesto en el Mundial de Norteam\u00e9rica. El plato fuerte de la primera ventana internacional ser\u00e1 el enfrentamiento ante <b data-path-to-node=\"2\" data-index-in-node=\"225\">Espa\u00f1a<\/b> por la <b data-path-to-node=\"2\" data-index-in-node=\"239\">Finalissima<\/b>, el trofeo que cruza a los m\u00e1ximos monarcas de la Copa Am\u00e9rica y la Eurocopa. El duelo tendr\u00e1 lugar el <b data-path-to-node=\"2\" data-index-in-node=\"354\">27 de marzo<\/b> en el ic\u00f3nico <b data-path-to-node=\"2\" data-index-in-node=\"380\">Estadio Lusail<\/b>, el mismo recinto donde el equipo de Lionel Scaloni alcanz\u00f3 la gloria m\u00e1xima en 2022, lo que a\u00f1ade un componente emocional \u00fanico al encuentro entre dos de las mejores selecciones del mundo.<\/p>\n<p data-path-to-node=\"3\">Este enfrentamiento ante el conjunto espa\u00f1ol representa una prueba de fuego para la Albiceleste, que buscar\u00e1 defender el t\u00edtulo intercontinental obtenido frente a Italia hace cuatro a\u00f1os. La elecci\u00f3n de la sede en Qatar no solo responde a una cuesti\u00f3n de log\u00edstica y excelencia en infraestructura, sino que permite a ambos equipos disputar un trofeo oficial en un escenario neutral de primer nivel. Para el cuerpo t\u00e9cnico argentino, medirse ante una potencia europea como <b data-path-to-node=\"3\" data-index-in-node=\"472\">Espa\u00f1a<\/b> es la oportunidad ideal para evaluar el ritmo competitivo del plantel antes de la cita mundialista de junio.<\/p>\n<p data-path-to-node=\"4\">Para cerrar la actividad en tierras asi\u00e1ticas, la delegaci\u00f3n nacional disputar\u00e1 un segundo encuentro antes de finalizar la fecha FIFA. El <b data-path-to-node=\"4\" data-index-in-node=\"138\">31 de marzo<\/b>, el seleccionado nacional jugar\u00e1 un <b data-path-to-node=\"4\" data-index-in-node=\"186\">amistoso frente a Qatar<\/b>, nuevamente en el Estadio Lusail. Este partido servir\u00e1 para que el entrenador pueda probar variantes t\u00e1cticas y dar minutos a futbolistas que pelean por un lugar en la lista definitiva, consolidando el funcionamiento del equipo en una gira que promete ser clave para la preparaci\u00f3n f\u00edsica y futbol\u00edstica de cara al desaf\u00edo en Estados Unidos, M\u00e9xico y Canad\u00e1.<\/p>\n","protected":false},"excerpt":{"rendered":"<p>Los campeones de Am\u00e9rica y Europa se ver\u00e1n las caras en el Estadio Lusail el pr\u00f3ximo 27 de marzo, en una cita que tambi\u00e9n incluir\u00e1 un amistoso frente al seleccionado local.<\/p>\n","protected":false},"author":8,"featured_media":246955,"comment_status":"open","ping_status":"open","sticky":false,"template":"","format":"standard","meta":{"fifu_image_url":"https:\/\/www.lavoz.com.ar\/resizer\/v2\/SVR4SMIGZBALVHF2JD374IDRWM.jpg?auth=0c9ff35ca0754ef70c86e75eda47abd3db5c0b1bdcaf40686a4ca49c8aa1af23&quality=75&smart=true&width=924&height=520","fifu_image_alt":"","footnotes":""},"categories":[13],"tags":[472,6306,116],"class_list":{"0":"post-246954","1":"post","2":"type-post","3":"status-publish","4":"format-standard","5":"has-post-thumbnail","8":"tag-espana","9":"tag-finalissima","10":"tag-seleccion-argentina"},"yoast_head":"<title>Argentina y Espa\u00f1a se medir\u00e1n en Qatar por la Finalissima 2026 - Informe Litoral<\/title>\n<meta name=\"robots\" content=\"index, follow, max-snippet:-1, max-image-preview:large, max-video-preview:-1\" \/>\n<link rel=\"canonical\" href=\"https:\/\/informelitoral.com.ar\/argentina-y-espana-se-mediran-en-qatar-por-la-finalissima-2026\/\" \/>\n<meta property=\"og:locale\" content=\"es_ES\" \/>\n<meta property=\"og:type\" content=\"article\" \/>\n<meta property=\"og:title\" content=\"Argentina y Espa\u00f1a se medir\u00e1n en Qatar por la Finalissima 2026 - Informe Litoral\" \/>\n<meta property=\"og:description\" content=\"Los campeones de Am\u00e9rica y Europa se ver\u00e1n las caras en el Estadio Lusail el pr\u00f3ximo 27 de marzo, en una cita que tambi\u00e9n incluir\u00e1 un amistoso frente al seleccionado local.\" \/>\n<meta property=\"og:url\" content=\"https:\/\/informelitoral.com.ar\/argentina-y-espana-se-mediran-en-qatar-por-la-finalissima-2026\/\" \/>\n<meta property=\"og:site_name\" content=\"Informe Litoral\" \/>\n<meta property=\"article:publisher\" content=\"https:\/\/www.facebook.com\/informelitoral\/\" \/>\n<meta property=\"article:published_time\" content=\"2026-01-20T14:11:18+00:00\" \/>\n<meta property=\"article:modified_time\" content=\"2026-01-20T17:03:49+00:00\" \/>\n<meta property=\"og:image\" content=\"https:\/\/www.lavoz.com.ar\/resizer\/v2\/SVR4SMIGZBALVHF2JD374IDRWM.jpg?auth=0c9ff35ca0754ef70c86e75eda47abd3db5c0b1bdcaf40686a4ca49c8aa1af23&quality=75&smart=true&width=924&height=520\" \/>\n<meta name=\"author\" content=\"Sebastian\" \/>\n<meta name=\"twitter:card\" content=\"summary_large_image\" \/>\n<meta name=\"twitter:image\" content=\"https:\/\/www.lavoz.com.ar\/resizer\/v2\/SVR4SMIGZBALVHF2JD374IDRWM.jpg?auth=0c9ff35ca0754ef70c86e75eda47abd3db5c0b1bdcaf40686a4ca49c8aa1af23&quality=75&smart=true&width=924&height=520\" \/>\n<meta name=\"twitter:creator\" content=\"@InformeLitoral\" \/>\n<meta name=\"twitter:site\" content=\"@InformeLitoral\" \/>\n<meta name=\"twitter:label1\" content=\"Escrito por\" \/>\n\t<meta name=\"twitter:data1\" content=\"Sebastian\" \/>\n\t<meta name=\"twitter:label2\" content=\"Tiempo de lectura\" \/>\n\t<meta name=\"twitter:data2\" content=\"2 minutos\" \/>\n<script type=\"application\/ld+json\" class=\"yoast-schema-graph\">{\"@context\":\"https:\\\/\\\/schema.org\",\"@graph\":[{\"@type\":\"Article\",\"@id\":\"https:\\\/\\\/informelitoral.com.ar\\\/argentina-y-espana-se-mediran-en-qatar-por-la-finalissima-2026\\\/#article\",\"isPartOf\":{\"@id\":\"https:\\\/\\\/informelitoral.com.ar\\\/argentina-y-espana-se-mediran-en-qatar-por-la-finalissima-2026\\\/\"},\"author\":{\"name\":\"Sebastian\",\"@id\":\"https:\\\/\\\/informelitoral.com.ar\\\/#\\\/schema\\\/person\\\/f05f9f461677119578717524b127d6d5\"},\"headline\":\"Argentina y Espa\u00f1a se medir\u00e1n en Qatar por la Finalissima 2026\",\"datePublished\":\"2026-01-20T14:11:18+00:00\",\"dateModified\":\"2026-01-20T17:03:49+00:00\",\"mainEntityOfPage\":{\"@id\":\"https:\\\/\\\/informelitoral.com.ar\\\/argentina-y-espana-se-mediran-en-qatar-por-la-finalissima-2026\\\/\"},\"wordCount\":318,\"commentCount\":0,\"publisher\":{\"@id\":\"https:\\\/\\\/informelitoral.com.ar\\\/#organization\"},\"image\":{\"@id\":\"https:\\\/\\\/informelitoral.com.ar\\\/argentina-y-espana-se-mediran-en-qatar-por-la-finalissima-2026\\\/#primaryimage\"},\"thumbnailUrl\":\"https:\\\/\\\/www.lavoz.com.ar\\\/resizer\\\/v2\\\/SVR4SMIGZBALVHF2JD374IDRWM.jpg?auth=0c9ff35ca0754ef70c86e75eda47abd3db5c0b1bdcaf40686a4ca49c8aa1af23&quality=75&smart=true&width=924&height=520\",\"keywords\":[\"Espa\u00f1a\",\"Finalissima\",\"Selecci\u00f3n argentina\"],\"articleSection\":[\"Deportes\"],\"inLanguage\":\"es\",\"potentialAction\":[{\"@type\":\"CommentAction\",\"name\":\"Comment\",\"target\":[\"https:\\\/\\\/informelitoral.com.ar\\\/argentina-y-espana-se-mediran-en-qatar-por-la-finalissima-2026\\\/#respond\"]}]},{\"@type\":\"WebPage\",\"@id\":\"https:\\\/\\\/informelitoral.com.ar\\\/argentina-y-espana-se-mediran-en-qatar-por-la-finalissima-2026\\\/\",\"url\":\"https:\\\/\\\/informelitoral.com.ar\\\/argentina-y-espana-se-mediran-en-qatar-por-la-finalissima-2026\\\/\",\"name\":\"Argentina y Espa\u00f1a se medir\u00e1n en Qatar por la Finalissima 2026 - Informe Litoral\",\"isPartOf\":{\"@id\":\"https:\\\/\\\/informelitoral.com.ar\\\/#website\"},\"primaryImageOfPage\":{\"@id\":\"https:\\\/\\\/informelitoral.com.ar\\\/argentina-y-espana-se-mediran-en-qatar-por-la-finalissima-2026\\\/#primaryimage\"},\"image\":{\"@id\":\"https:\\\/\\\/informelitoral.com.ar\\\/argentina-y-espana-se-mediran-en-qatar-por-la-finalissima-2026\\\/#primaryimage\"},\"thumbnailUrl\":\"https:\\\/\\\/www.lavoz.com.ar\\\/resizer\\\/v2\\\/SVR4SMIGZBALVHF2JD374IDRWM.jpg?auth=0c9ff35ca0754ef70c86e75eda47abd3db5c0b1bdcaf40686a4ca49c8aa1af23&quality=75&smart=true&width=924&height=520\",\"datePublished\":\"2026-01-20T14:11:18+00:00\",\"dateModified\":\"2026-01-20T17:03:49+00:00\",\"breadcrumb\":{\"@id\":\"https:\\\/\\\/informelitoral.com.ar\\\/argentina-y-espana-se-mediran-en-qatar-por-la-finalissima-2026\\\/#breadcrumb\"},\"inLanguage\":\"es\",\"potentialAction\":[{\"@type\":\"ReadAction\",\"target\":[\"https:\\\/\\\/informelitoral.com.ar\\\/argentina-y-espana-se-mediran-en-qatar-por-la-finalissima-2026\\\/\"]}]},{\"@type\":\"ImageObject\",\"inLanguage\":\"es\",\"@id\":\"https:\\\/\\\/informelitoral.com.ar\\\/argentina-y-espana-se-mediran-en-qatar-por-la-finalissima-2026\\\/#primaryimage\",\"url\":\"https:\\\/\\\/www.lavoz.com.ar\\\/resizer\\\/v2\\\/SVR4SMIGZBALVHF2JD374IDRWM.jpg?auth=0c9ff35ca0754ef70c86e75eda47abd3db5c0b1bdcaf40686a4ca49c8aa1af23&quality=75&smart=true&width=924&height=520\",\"contentUrl\":\"https:\\\/\\\/www.lavoz.com.ar\\\/resizer\\\/v2\\\/SVR4SMIGZBALVHF2JD374IDRWM.jpg?auth=0c9ff35ca0754ef70c86e75eda47abd3db5c0b1bdcaf40686a4ca49c8aa1af23&quality=75&smart=true&width=924&height=520\",\"width\":\"924\",\"height\":\"520\"},{\"@type\":\"BreadcrumbList\",\"@id\":\"https:\\\/\\\/informelitoral.com.ar\\\/argentina-y-espana-se-mediran-en-qatar-por-la-finalissima-2026\\\/#breadcrumb\",\"itemListElement\":[{\"@type\":\"ListItem\",\"position\":1,\"name\":\"Portada\",\"item\":\"https:\\\/\\\/informelitoral.com.ar\\\/\"},{\"@type\":\"ListItem\",\"position\":2,\"name\":\"Argentina y Espa\u00f1a se medir\u00e1n en Qatar por la Finalissima 2026\"}]},{\"@type\":\"WebSite\",\"@id\":\"https:\\\/\\\/informelitoral.com.ar\\\/#website\",\"url\":\"https:\\\/\\\/informelitoral.com.ar\\\/\",\"name\":\"Informe Litoral\",\"description\":\"&quot;Nos informamos&quot; \",\"publisher\":{\"@id\":\"https:\\\/\\\/informelitoral.com.ar\\\/#organization\"},\"potentialAction\":[{\"@type\":\"SearchAction\",\"target\":{\"@type\":\"EntryPoint\",\"urlTemplate\":\"https:\\\/\\\/informelitoral.com.ar\\\/?s={search_term_string}\"},\"query-input\":{\"@type\":\"PropertyValueSpecification\",\"valueRequired\":true,\"valueName\":\"search_term_string\"}}],\"inLanguage\":\"es\"},{\"@type\":\"Organization\",\"@id\":\"https:\\\/\\\/informelitoral.com.ar\\\/#organization\",\"name\":\"Informe Litoral\",\"url\":\"https:\\\/\\\/informelitoral.com.ar\\\/\",\"logo\":{\"@type\":\"ImageObject\",\"inLanguage\":\"es\",\"@id\":\"https:\\\/\\\/informelitoral.com.ar\\\/#\\\/schema\\\/logo\\\/image\\\/\",\"url\":\"https:\\\/\\\/informelitoral.com.ar\\\/%77%70%2d%63%6f%6e%74%65%6e%74\\\/uploads\\\/2021\\\/01\\\/circulo.png\",\"contentUrl\":\"https:\\\/\\\/informelitoral.com.ar\\\/%77%70%2d%63%6f%6e%74%65%6e%74\\\/uploads\\\/2021\\\/01\\\/circulo.png\",\"width\":723,\"height\":731,\"caption\":\"Informe Litoral\"},\"image\":{\"@id\":\"https:\\\/\\\/informelitoral.com.ar\\\/#\\\/schema\\\/logo\\\/image\\\/\"},\"sameAs\":[\"https:\\\/\\\/www.facebook.com\\\/informelitoral\\\/\",\"https:\\\/\\\/x.com\\\/InformeLitoral\",\"https:\\\/\\\/www.instagram.com\\\/informelitoral\\\/\",\"https:\\\/\\\/www.youtube.com\\\/channel\\\/UCua4Qvz8Icb6MYqhoq9xLXw\"]},{\"@type\":\"Person\",\"@id\":\"https:\\\/\\\/informelitoral.com.ar\\\/#\\\/schema\\\/person\\\/f05f9f461677119578717524b127d6d5\",\"name\":\"Sebastian\",\"image\":{\"@type\":\"ImageObject\",\"inLanguage\":\"es\",\"@id\":\"https:\\\/\\\/secure.gravatar.com\\\/avatar\\\/b71bf7481d447dfb9583c7f2798e7cc64de6efb9067b74633ed8c31059a3bd82?s=96&d=mm&r=g\",\"url\":\"https:\\\/\\\/secure.gravatar.com\\\/avatar\\\/b71bf7481d447dfb9583c7f2798e7cc64de6efb9067b74633ed8c31059a3bd82?s=96&d=mm&r=g\",\"contentUrl\":\"https:\\\/\\\/secure.gravatar.com\\\/avatar\\\/b71bf7481d447dfb9583c7f2798e7cc64de6efb9067b74633ed8c31059a3bd82?s=96&d=mm&r=g\",\"caption\":\"Sebastian\"},\"url\":\"https:\\\/\\\/informelitoral.com.ar\\\/author\\\/sebastian\\\/\"}]}<\/script>","yoast_head_json":{"title":"Argentina y Espa\u00f1a se medir\u00e1n en Qatar por la Finalissima 2026 - Informe Litoral","robots":{"index":"index","follow":"follow","max-snippet":"max-snippet:-1","max-image-preview":"max-image-preview:large","max-video-preview":"max-video-preview:-1"},"canonical":"https:\/\/informelitoral.com.ar\/argentina-y-espana-se-mediran-en-qatar-por-la-finalissima-2026\/","og_locale":"es_ES","og_type":"article","og_title":"Argentina y Espa\u00f1a se medir\u00e1n en Qatar por la Finalissima 2026 - Informe Litoral","og_description":"Los campeones de Am\u00e9rica y Europa se ver\u00e1n las caras en el Estadio Lusail el pr\u00f3ximo 27 de marzo, en una cita que tambi\u00e9n incluir\u00e1 un amistoso frente al seleccionado local.","og_url":"https:\/\/informelitoral.com.ar\/argentina-y-espana-se-mediran-en-qatar-por-la-finalissima-2026\/","og_site_name":"Informe Litoral","article_publisher":"https:\/\/www.facebook.com\/informelitoral\/","article_published_time":"2026-01-20T14:11:18+00:00","article_modified_time":"2026-01-20T17:03:49+00:00","og_image":[{"url":"https:\/\/www.lavoz.com.ar\/resizer\/v2\/SVR4SMIGZBALVHF2JD374IDRWM.jpg?auth=0c9ff35ca0754ef70c86e75eda47abd3db5c0b1bdcaf40686a4ca49c8aa1af23&quality=75&smart=true&width=924&height=520","type":"","width":"","height":""}],"author":"Sebastian","twitter_card":"summary_large_image","twitter_image":"https:\/\/www.lavoz.com.ar\/resizer\/v2\/SVR4SMIGZBALVHF2JD374IDRWM.jpg?auth=0c9ff35ca0754ef70c86e75eda47abd3db5c0b1bdcaf40686a4ca49c8aa1af23&quality=75&smart=true&width=924&height=520","twitter_creator":"@InformeLitoral","twitter_site":"@InformeLitoral","twitter_misc":{"Escrito por":"Sebastian","Tiempo de lectura":"2 minutos"},"schema":{"@context":"https:\/\/schema.org","@graph":[{"@type":"Article","@id":"https:\/\/informelitoral.com.ar\/argentina-y-espana-se-mediran-en-qatar-por-la-finalissima-2026\/#article","isPartOf":{"@id":"https:\/\/informelitoral.com.ar\/argentina-y-espana-se-mediran-en-qatar-por-la-finalissima-2026\/"},"author":{"name":"Sebastian","@id":"https:\/\/informelitoral.com.ar\/#\/schema\/person\/f05f9f461677119578717524b127d6d5"},"headline":"Argentina y Espa\u00f1a se medir\u00e1n en Qatar por la Finalissima 2026","datePublished":"2026-01-20T14:11:18+00:00","dateModified":"2026-01-20T17:03:49+00:00","mainEntityOfPage":{"@id":"https:\/\/informelitoral.com.ar\/argentina-y-espana-se-mediran-en-qatar-por-la-finalissima-2026\/"},"wordCount":318,"commentCount":0,"publisher":{"@id":"https:\/\/informelitoral.com.ar\/#organization"},"image":{"@id":"https:\/\/informelitoral.com.ar\/argentina-y-espana-se-mediran-en-qatar-por-la-finalissima-2026\/#primaryimage"},"thumbnailUrl":"https:\/\/www.lavoz.com.ar\/resizer\/v2\/SVR4SMIGZBALVHF2JD374IDRWM.jpg?auth=0c9ff35ca0754ef70c86e75eda47abd3db5c0b1bdcaf40686a4ca49c8aa1af23&quality=75&smart=true&width=924&height=520","keywords":["Espa\u00f1a","Finalissima","Selecci\u00f3n argentina"],"articleSection":["Deportes"],"inLanguage":"es","potentialAction":[{"@type":"CommentAction","name":"Comment","target":["https:\/\/informelitoral.com.ar\/argentina-y-espana-se-mediran-en-qatar-por-la-finalissima-2026\/#respond"]}]},{"@type":"WebPage","@id":"https:\/\/informelitoral.com.ar\/argentina-y-espana-se-mediran-en-qatar-por-la-finalissima-2026\/","url":"https:\/\/informelitoral.com.ar\/argentina-y-espana-se-mediran-en-qatar-por-la-finalissima-2026\/","name":"Argentina y Espa\u00f1a se medir\u00e1n en Qatar por la Finalissima 2026 - Informe Litoral","isPartOf":{"@id":"https:\/\/informelitoral.com.ar\/#website"},"primaryImageOfPage":{"@id":"https:\/\/informelitoral.com.ar\/argentina-y-espana-se-mediran-en-qatar-por-la-finalissima-2026\/#primaryimage"},"image":{"@id":"https:\/\/informelitoral.com.ar\/argentina-y-espana-se-mediran-en-qatar-por-la-finalissima-2026\/#primaryimage"},"thumbnailUrl":"https:\/\/www.lavoz.com.ar\/resizer\/v2\/SVR4SMIGZBALVHF2JD374IDRWM.jpg?auth=0c9ff35ca0754ef70c86e75eda47abd3db5c0b1bdcaf40686a4ca49c8aa1af23&quality=75&smart=true&width=924&height=520","datePublished":"2026-01-20T14:11:18+00:00","dateModified":"2026-01-20T17:03:49+00:00","breadcrumb":{"@id":"https:\/\/informelitoral.com.ar\/argentina-y-espana-se-mediran-en-qatar-por-la-finalissima-2026\/#breadcrumb"},"inLanguage":"es","potentialAction":[{"@type":"ReadAction","target":["https:\/\/informelitoral.com.ar\/argentina-y-espana-se-mediran-en-qatar-por-la-finalissima-2026\/"]}]},{"@type":"ImageObject","inLanguage":"es","@id":"https:\/\/informelitoral.com.ar\/argentina-y-espana-se-mediran-en-qatar-por-la-finalissima-2026\/#primaryimage","url":"https:\/\/www.lavoz.com.ar\/resizer\/v2\/SVR4SMIGZBALVHF2JD374IDRWM.jpg?auth=0c9ff35ca0754ef70c86e75eda47abd3db5c0b1bdcaf40686a4ca49c8aa1af23&quality=75&smart=true&width=924&height=520","contentUrl":"https:\/\/www.lavoz.com.ar\/resizer\/v2\/SVR4SMIGZBALVHF2JD374IDRWM.jpg?auth=0c9ff35ca0754ef70c86e75eda47abd3db5c0b1bdcaf40686a4ca49c8aa1af23&quality=75&smart=true&width=924&height=520","width":"924","height":"520"},{"@type":"BreadcrumbList","@id":"https:\/\/informelitoral.com.ar\/argentina-y-espana-se-mediran-en-qatar-por-la-finalissima-2026\/#breadcrumb","itemListElement":[{"@type":"ListItem","position":1,"name":"Portada","item":"https:\/\/informelitoral.com.ar\/"},{"@type":"ListItem","position":2,"name":"Argentina y Espa\u00f1a se medir\u00e1n en Qatar por la Finalissima 2026"}]},{"@type":"WebSite","@id":"https:\/\/informelitoral.com.ar\/#website","url":"https:\/\/informelitoral.com.ar\/","name":"Informe Litoral","description":"&quot;Nos informamos&quot; ","publisher":{"@id":"https:\/\/informelitoral.com.ar\/#organization"},"potentialAction":[{"@type":"SearchAction","target":{"@type":"EntryPoint","urlTemplate":"https:\/\/informelitoral.com.ar\/?s={search_term_string}"},"query-input":{"@type":"PropertyValueSpecification","valueRequired":true,"valueName":"search_term_string"}}],"inLanguage":"es"},{"@type":"Organization","@id":"https:\/\/informelitoral.com.ar\/#organization","name":"Informe Litoral","url":"https:\/\/informelitoral.com.ar\/","logo":{"@type":"ImageObject","inLanguage":"es","@id":"https:\/\/informelitoral.com.ar\/#\/schema\/logo\/image\/","url":"https:\/\/informelitoral.com.ar\/%77%70%2d%63%6f%6e%74%65%6e%74\/uploads\/2021\/01\/circulo.png","contentUrl":"https:\/\/informelitoral.com.ar\/%77%70%2d%63%6f%6e%74%65%6e%74\/uploads\/2021\/01\/circulo.png","width":723,"height":731,"caption":"Informe Litoral"},"image":{"@id":"https:\/\/informelitoral.com.ar\/#\/schema\/logo\/image\/"},"sameAs":["https:\/\/www.facebook.com\/informelitoral\/","https:\/\/x.com\/InformeLitoral","https:\/\/www.instagram.com\/informelitoral\/","https:\/\/www.youtube.com\/channel\/UCua4Qvz8Icb6MYqhoq9xLXw"]},{"@type":"Person","@id":"https:\/\/informelitoral.com.ar\/#\/schema\/person\/f05f9f461677119578717524b127d6d5","name":"Sebastian","image":{"@type":"ImageObject","inLanguage":"es","@id":"https:\/\/secure.gravatar.com\/avatar\/b71bf7481d447dfb9583c7f2798e7cc64de6efb9067b74633ed8c31059a3bd82?s=96&d=mm&r=g","url":"https:\/\/secure.gravatar.com\/avatar\/b71bf7481d447dfb9583c7f2798e7cc64de6efb9067b74633ed8c31059a3bd82?s=96&d=mm&r=g","contentUrl":"https:\/\/secure.gravatar.com\/avatar\/b71bf7481d447dfb9583c7f2798e7cc64de6efb9067b74633ed8c31059a3bd82?s=96&d=mm&r=g","caption":"Sebastian"},"url":"https:\/\/informelitoral.com.ar\/author\/sebastian\/"}]}},"fifu_image_url":"https:\/\/www.lavoz.com.ar\/resizer\/v2\/SVR4SMIGZBALVHF2JD374IDRWM.jpg?auth=0c9ff35ca0754ef70c86e75eda47abd3db5c0b1bdcaf40686a4ca49c8aa1af23&quality=75&smart=true&width=924&height=520","_links":{"self":[{"href":"https:\/\/informelitoral.com.ar\/%77%70%2d%6a%73%6f%6e\/wp\/v2\/posts\/246954","targetHints":{"allow":["GET"]}}],"collection":[{"href":"https:\/\/informelitoral.com.ar\/%77%70%2d%6a%73%6f%6e\/wp\/v2\/posts"}],"about":[{"href":"https:\/\/informelitoral.com.ar\/%77%70%2d%6a%73%6f%6e\/wp\/v2\/types\/post"}],"author":[{"embeddable":true,"href":"https:\/\/informelitoral.com.ar\/%77%70%2d%6a%73%6f%6e\/wp\/v2\/users\/8"}],"replies":[{"embeddable":true,"href":"https:\/\/informelitoral.com.ar\/%77%70%2d%6a%73%6f%6e\/wp\/v2\/comments?post=246954"}],"version-history":[{"count":1,"href":"https:\/\/informelitoral.com.ar\/%77%70%2d%6a%73%6f%6e\/wp\/v2\/posts\/246954\/revisions"}],"predecessor-version":[{"id":246956,"href":"https:\/\/informelitoral.com.ar\/%77%70%2d%6a%73%6f%6e\/wp\/v2\/posts\/246954\/revisions\/246956"}],"wp:featuredmedia":[{"embeddable":true,"href":"https:\/\/informelitoral.com.ar\/%77%70%2d%6a%73%6f%6e\/wp\/v2\/media\/246955"}],"wp:attachment":[{"href":"https:\/\/informelitoral.com.ar\/%77%70%2d%6a%73%6f%6e\/wp\/v2\/media?parent=246954"}],"wp:term":[{"taxonomy":"category","embeddable":true,"href":"https:\/\/informelitoral.com.ar\/%77%70%2d%6a%73%6f%6e\/wp\/v2\/categories?post=246954"},{"taxonomy":"post_tag","embeddable":true,"href":"https:\/\/informelitoral.com.ar\/%77%70%2d%6a%73%6f%6e\/wp\/v2\/tags?post=246954"}],"curies":[{"name":"wp","href":"https:\/\/api.w.org\/{rel}","templated":true}]}}