{"id":246888,"date":"2026-01-20T10:25:24","date_gmt":"2026-01-20T13:25:24","guid":{"rendered":"https:\/\/informelitoral.com.ar\/?p=246888"},"modified":"2026-01-20T10:46:02","modified_gmt":"2026-01-20T13:46:02","slug":"preocupan-las-picadas-en-motos-en-crespo-por-jovenes-protegidos-por-los-padres","status":"publish","type":"post","link":"https:\/\/informelitoral.com.ar\/preocupan-las-picadas-en-motos-en-crespo-por-jovenes-protegidos-por-los-padres\/","title":{"rendered":"Preocupan las picadas en motos en Crespo por j\u00f3venes \u00abprotegidos\u00bb por los padres"},"content":{"rendered":"<p><strong>Una y otra vez en la ciudad de Crespo, departamento Paran\u00e1 y sobre todo los fines de semana, se repiten las picadas en moto en los barrios y en pleno centro.<\/strong><\/p>\n<p>En su mayor\u00eda se trata de j\u00f3venes y adolescentes de la localidad y otras ciudades que <strong>suelen hacer caso omiso a las autoridades y las normas de tr\u00e1nsito vigentes<\/strong>. Por otro lado, vecinos de la ciudad expresan que<strong> \u00absi sos hijo de un empresario o alguien con poder no te pasa nada, no te toca ni la Polic\u00eda\u00bb.<\/strong> Es decir, muchos de los que participan de estas actividades clandestinas ser\u00edan apa\u00f1ados por sus progenitores o adultos mayores.<\/p>\n<p><strong>El \u00faltimo fin de semana un vecino, que suele quejarse frecuentemente por las picadas y escapes libres, nuevamente envi\u00f3 un video al que accedi\u00f3<\/strong> <em><strong>Informe Litoral<\/strong><\/em>, en el cual se suelen observar varias motos con escapes no reglamentarios y si bien en su mayor\u00eda tienen el casco colocado, no respetan las normas de tr\u00e1nsito ya que corren picadas.<\/p>\n<h6><em><strong>Nota relacionada:\u00a0<a href=\"https:\/\/informelitoral.com.ar\/la-policia-de-crespo-intercepto-a-tres-motociclistas-por-maniobras-peligrosas\/\" target=\"_blank\" rel=\"noopener\">La polic\u00eda de Crespo intercept\u00f3 a tres motociclistas por maniobras peligrosas<\/a><\/strong><\/em><\/h6>\n<p>Recordemos que tiempo atr\u00e1s la ciudad tambi\u00e9n fue noticia cuando un grupo de inspectores de la Guardia Urbana increp\u00f3 y fue insultado por j\u00f3venes, adem\u00e1s de algunos golpes de pu\u00f1o. El hecho ya qued\u00f3 en el olvido y las situaciones se repiten.<\/p>\n<h2><strong>Picadas en Crespo durante el fin de semana<\/strong><\/h2>\n<div style=\"width: 640px;\" class=\"wp-video\"><video class=\"wp-video-shortcode\" id=\"video-246888-1\" width=\"640\" height=\"360\" preload=\"metadata\" controls=\"controls\"><source type=\"video\/mp4\" src=\"https:\/\/informelitoral.com.ar\/?igd_stream=1&#038;id=1wQTUhGMUoIG6i0dfytXTtIYReyj_IhXl&#038;account_id=13517026018549357863&#038;ext=.mp4&#038;_=1\" \/><a href=\"https:\/\/informelitoral.com.ar\/?igd_stream=1&#038;id=1wQTUhGMUoIG6i0dfytXTtIYReyj_IhXl&#038;account_id=13517026018549357863&#038;ext=.mp4\">https:\/\/informelitoral.com.ar\/?igd_stream=1&#038;id=1wQTUhGMUoIG6i0dfytXTtIYReyj_IhXl&#038;account_id=13517026018549357863&#038;ext=.mp4<\/a><\/video><\/div>\n<p>Es decir, que si bien se trata una ciudad que se destaca por su desarrollo empresarial, su limpieza y otras caracter\u00edsticas, al igual que en otros lugares nada es perfecto y hay flagelos que avanzan por ahora con poco poder disuasivo. <em>(Informe Litoral)<\/em><\/p>\n<h6><em><strong>Del archivo: <a href=\"https:\/\/informelitoral.com.ar\/accidente-laboral-en-viale-cuatro-operarios-heridos-al-desplomarse-una-estructura\/\" target=\"_blank\" rel=\"noopener\">Accidente laboral en Viale: cuatro operarios heridos al desplomarse una estructura<\/a><\/strong><\/em><\/h6>\n","protected":false},"excerpt":{"rendered":"<p>Si bien desde la Polic\u00eda y el Municipio hacen controles de tr\u00e1nsito, los mismos no son suficientes. Adem\u00e1s, por las normativas vigentes, las sanciones no preocupan a los contraventores que en su mayor\u00eda tienen el respaldo de alg\u00fan progenitor. El video de un vecino.<\/p>\n","protected":false},"author":2,"featured_media":246922,"comment_status":"open","ping_status":"open","sticky":false,"template":"","format":"standard","meta":{"fifu_image_url":"","fifu_image_alt":"","footnotes":""},"categories":[14],"tags":[208,910,75],"class_list":{"0":"post-246888","1":"post","2":"type-post","3":"status-publish","4":"format-standard","5":"has-post-thumbnail","7":"category-policiales","8":"tag-crespo","9":"tag-motos","10":"tag-policial"},"yoast_head":"<title>Preocupan las picadas en motos en Crespo por j\u00f3venes &quot;protegidos&quot; por los padres - Informe Litoral<\/title>\n<meta name=\"robots\" content=\"index, follow, max-snippet:-1, max-image-preview:large, max-video-preview:-1\" \/>\n<link rel=\"canonical\" href=\"https:\/\/informelitoral.com.ar\/preocupan-las-picadas-en-motos-en-crespo-por-jovenes-protegidos-por-los-padres\/\" \/>\n<meta property=\"og:locale\" content=\"es_ES\" \/>\n<meta property=\"og:type\" content=\"article\" \/>\n<meta property=\"og:title\" content=\"Preocupan las picadas en motos en Crespo por j\u00f3venes &quot;protegidos&quot; por los padres - Informe Litoral\" \/>\n<meta property=\"og:description\" content=\"Si bien desde la Polic\u00eda y el Municipio hacen controles de tr\u00e1nsito, los mismos no son suficientes. Adem\u00e1s, por las normativas vigentes, las sanciones no preocupan a los contraventores que en su mayor\u00eda tienen el respaldo de alg\u00fan progenitor. El video de un vecino.\" \/>\n<meta property=\"og:url\" content=\"https:\/\/informelitoral.com.ar\/preocupan-las-picadas-en-motos-en-crespo-por-jovenes-protegidos-por-los-padres\/\" \/>\n<meta property=\"og:site_name\" content=\"Informe Litoral\" \/>\n<meta property=\"article:publisher\" content=\"https:\/\/www.facebook.com\/informelitoral\/\" \/>\n<meta property=\"article:published_time\" content=\"2026-01-20T13:25:24+00:00\" \/>\n<meta property=\"article:modified_time\" content=\"2026-01-20T13:46:02+00:00\" \/>\n<meta property=\"og:image\" content=\"https:\/\/drive.google.com\/https:\/\/lh3.googleusercontent.com\/drive-storage\/AJQWtBM12EDfs1CdJUMJrKJZqwyeqVJQGEouPomYRp6EwZUn-dTMSIY9snPSbeQbjVHUnGXOi6snRtUP6KDos0VWmSx2DLQNGQK5OjKQqXm-YAUrxAVX=2048-h2048\" \/>\n\t<meta property=\"og:image:width\" content=\"1024\" \/>\n\t<meta property=\"og:image:height\" content=\"1024\" \/>\n\t<meta property=\"og:image:type\" content=\"image\/jpeg\" \/>\n<meta name=\"author\" content=\"Gonzalo Schmidt\" \/>\n<meta name=\"twitter:card\" content=\"summary_large_image\" \/>\n<meta name=\"twitter:creator\" content=\"@InformeLitoral\" \/>\n<meta name=\"twitter:site\" content=\"@InformeLitoral\" \/>\n<meta name=\"twitter:label1\" content=\"Escrito por\" \/>\n\t<meta name=\"twitter:data1\" content=\"Gonzalo Schmidt\" \/>\n\t<meta name=\"twitter:label2\" content=\"Tiempo de lectura\" \/>\n\t<meta name=\"twitter:data2\" content=\"2 minutos\" \/>\n<script type=\"application\/ld+json\" class=\"yoast-schema-graph\">{\"@context\":\"https:\\\/\\\/schema.org\",\"@graph\":[{\"@type\":\"Article\",\"@id\":\"https:\\\/\\\/informelitoral.com.ar\\\/preocupan-las-picadas-en-motos-en-crespo-por-jovenes-protegidos-por-los-padres\\\/#article\",\"isPartOf\":{\"@id\":\"https:\\\/\\\/informelitoral.com.ar\\\/preocupan-las-picadas-en-motos-en-crespo-por-jovenes-protegidos-por-los-padres\\\/\"},\"author\":{\"name\":\"Gonzalo Schmidt\",\"@id\":\"https:\\\/\\\/informelitoral.com.ar\\\/#\\\/schema\\\/person\\\/b9d00407c836482871ef1d57bf8e3180\"},\"headline\":\"Preocupan las picadas en motos en Crespo por j\u00f3venes \u00abprotegidos\u00bb por los padres\",\"datePublished\":\"2026-01-20T13:25:24+00:00\",\"dateModified\":\"2026-01-20T13:46:02+00:00\",\"mainEntityOfPage\":{\"@id\":\"https:\\\/\\\/informelitoral.com.ar\\\/preocupan-las-picadas-en-motos-en-crespo-por-jovenes-protegidos-por-los-padres\\\/\"},\"wordCount\":332,\"commentCount\":0,\"publisher\":{\"@id\":\"https:\\\/\\\/informelitoral.com.ar\\\/#organization\"},\"image\":{\"@id\":\"https:\\\/\\\/informelitoral.com.ar\\\/preocupan-las-picadas-en-motos-en-crespo-por-jovenes-protegidos-por-los-padres\\\/#primaryimage\"},\"thumbnailUrl\":\"https:\\\/\\\/drive.google.com\\\/thumbnail?id=1pIgYPXZOs8syNUMhlQlLeYrr7dE8MI8T&sz=w2048\",\"keywords\":[\"Crespo\",\"Motos\",\"Policial\"],\"articleSection\":[\"Policiales\"],\"inLanguage\":\"es\",\"potentialAction\":[{\"@type\":\"CommentAction\",\"name\":\"Comment\",\"target\":[\"https:\\\/\\\/informelitoral.com.ar\\\/preocupan-las-picadas-en-motos-en-crespo-por-jovenes-protegidos-por-los-padres\\\/#respond\"]}]},{\"@type\":\"WebPage\",\"@id\":\"https:\\\/\\\/informelitoral.com.ar\\\/preocupan-las-picadas-en-motos-en-crespo-por-jovenes-protegidos-por-los-padres\\\/\",\"url\":\"https:\\\/\\\/informelitoral.com.ar\\\/preocupan-las-picadas-en-motos-en-crespo-por-jovenes-protegidos-por-los-padres\\\/\",\"name\":\"Preocupan las picadas en motos en Crespo por j\u00f3venes \\\"protegidos\\\" por los padres - Informe Litoral\",\"isPartOf\":{\"@id\":\"https:\\\/\\\/informelitoral.com.ar\\\/#website\"},\"primaryImageOfPage\":{\"@id\":\"https:\\\/\\\/informelitoral.com.ar\\\/preocupan-las-picadas-en-motos-en-crespo-por-jovenes-protegidos-por-los-padres\\\/#primaryimage\"},\"image\":{\"@id\":\"https:\\\/\\\/informelitoral.com.ar\\\/preocupan-las-picadas-en-motos-en-crespo-por-jovenes-protegidos-por-los-padres\\\/#primaryimage\"},\"thumbnailUrl\":\"https:\\\/\\\/drive.google.com\\\/thumbnail?id=1pIgYPXZOs8syNUMhlQlLeYrr7dE8MI8T&sz=w2048\",\"datePublished\":\"2026-01-20T13:25:24+00:00\",\"dateModified\":\"2026-01-20T13:46:02+00:00\",\"breadcrumb\":{\"@id\":\"https:\\\/\\\/informelitoral.com.ar\\\/preocupan-las-picadas-en-motos-en-crespo-por-jovenes-protegidos-por-los-padres\\\/#breadcrumb\"},\"inLanguage\":\"es\",\"potentialAction\":[{\"@type\":\"ReadAction\",\"target\":[\"https:\\\/\\\/informelitoral.com.ar\\\/preocupan-las-picadas-en-motos-en-crespo-por-jovenes-protegidos-por-los-padres\\\/\"]}]},{\"@type\":\"ImageObject\",\"inLanguage\":\"es\",\"@id\":\"https:\\\/\\\/informelitoral.com.ar\\\/preocupan-las-picadas-en-motos-en-crespo-por-jovenes-protegidos-por-los-padres\\\/#primaryimage\",\"url\":\"https:\\\/\\\/drive.google.com\\\/thumbnail?id=1pIgYPXZOs8syNUMhlQlLeYrr7dE8MI8T&sz=w2048\",\"contentUrl\":\"https:\\\/\\\/drive.google.com\\\/thumbnail?id=1pIgYPXZOs8syNUMhlQlLeYrr7dE8MI8T&sz=w2048\",\"width\":1600,\"height\":1314},{\"@type\":\"BreadcrumbList\",\"@id\":\"https:\\\/\\\/informelitoral.com.ar\\\/preocupan-las-picadas-en-motos-en-crespo-por-jovenes-protegidos-por-los-padres\\\/#breadcrumb\",\"itemListElement\":[{\"@type\":\"ListItem\",\"position\":1,\"name\":\"Portada\",\"item\":\"https:\\\/\\\/informelitoral.com.ar\\\/\"},{\"@type\":\"ListItem\",\"position\":2,\"name\":\"Preocupan las picadas en motos en Crespo por j\u00f3venes \u00abprotegidos\u00bb por los padres\"}]},{\"@type\":\"WebSite\",\"@id\":\"https:\\\/\\\/informelitoral.com.ar\\\/#website\",\"url\":\"https:\\\/\\\/informelitoral.com.ar\\\/\",\"name\":\"Informe Litoral\",\"description\":\"&quot;Nos informamos&quot; \",\"publisher\":{\"@id\":\"https:\\\/\\\/informelitoral.com.ar\\\/#organization\"},\"potentialAction\":[{\"@type\":\"SearchAction\",\"target\":{\"@type\":\"EntryPoint\",\"urlTemplate\":\"https:\\\/\\\/informelitoral.com.ar\\\/?s={search_term_string}\"},\"query-input\":{\"@type\":\"PropertyValueSpecification\",\"valueRequired\":true,\"valueName\":\"search_term_string\"}}],\"inLanguage\":\"es\"},{\"@type\":\"Organization\",\"@id\":\"https:\\\/\\\/informelitoral.com.ar\\\/#organization\",\"name\":\"Informe Litoral\",\"url\":\"https:\\\/\\\/informelitoral.com.ar\\\/\",\"logo\":{\"@type\":\"ImageObject\",\"inLanguage\":\"es\",\"@id\":\"https:\\\/\\\/informelitoral.com.ar\\\/#\\\/schema\\\/logo\\\/image\\\/\",\"url\":\"https:\\\/\\\/informelitoral.com.ar\\\/%77%70%2d%63%6f%6e%74%65%6e%74\\\/uploads\\\/2021\\\/01\\\/circulo.png\",\"contentUrl\":\"https:\\\/\\\/informelitoral.com.ar\\\/%77%70%2d%63%6f%6e%74%65%6e%74\\\/uploads\\\/2021\\\/01\\\/circulo.png\",\"width\":723,\"height\":731,\"caption\":\"Informe Litoral\"},\"image\":{\"@id\":\"https:\\\/\\\/informelitoral.com.ar\\\/#\\\/schema\\\/logo\\\/image\\\/\"},\"sameAs\":[\"https:\\\/\\\/www.facebook.com\\\/informelitoral\\\/\",\"https:\\\/\\\/x.com\\\/InformeLitoral\",\"https:\\\/\\\/www.instagram.com\\\/informelitoral\\\/\",\"https:\\\/\\\/www.youtube.com\\\/channel\\\/UCua4Qvz8Icb6MYqhoq9xLXw\"]},{\"@type\":\"Person\",\"@id\":\"https:\\\/\\\/informelitoral.com.ar\\\/#\\\/schema\\\/person\\\/b9d00407c836482871ef1d57bf8e3180\",\"name\":\"Gonzalo Schmidt\",\"image\":{\"@type\":\"ImageObject\",\"inLanguage\":\"es\",\"@id\":\"https:\\\/\\\/secure.gravatar.com\\\/avatar\\\/31a1a7b66ff2de83bd0e9fd79d026630d2d99e55e8bfe501287647b4fd9743de?s=96&d=mm&r=g\",\"url\":\"https:\\\/\\\/secure.gravatar.com\\\/avatar\\\/31a1a7b66ff2de83bd0e9fd79d026630d2d99e55e8bfe501287647b4fd9743de?s=96&d=mm&r=g\",\"contentUrl\":\"https:\\\/\\\/secure.gravatar.com\\\/avatar\\\/31a1a7b66ff2de83bd0e9fd79d026630d2d99e55e8bfe501287647b4fd9743de?s=96&d=mm&r=g\",\"caption\":\"Gonzalo Schmidt\"},\"description\":\"Sitio web de noticias de la provincia de Entre R\u00edos, Argentina. Informaci\u00f3n y entretenimiento. Informe Litoral, nos informamos.\",\"sameAs\":[\"http:\\\/\\\/www.isletasnoticias.com.ar\"],\"url\":\"https:\\\/\\\/informelitoral.com.ar\\\/author\\\/gonzalo\\\/\"}]}<\/script>","yoast_head_json":{"title":"Preocupan las picadas en motos en Crespo por j\u00f3venes \"protegidos\" por los padres - Informe Litoral","robots":{"index":"index","follow":"follow","max-snippet":"max-snippet:-1","max-image-preview":"max-image-preview:large","max-video-preview":"max-video-preview:-1"},"canonical":"https:\/\/informelitoral.com.ar\/preocupan-las-picadas-en-motos-en-crespo-por-jovenes-protegidos-por-los-padres\/","og_locale":"es_ES","og_type":"article","og_title":"Preocupan las picadas en motos en Crespo por j\u00f3venes \"protegidos\" por los padres - Informe Litoral","og_description":"Si bien desde la Polic\u00eda y el Municipio hacen controles de tr\u00e1nsito, los mismos no son suficientes. Adem\u00e1s, por las normativas vigentes, las sanciones no preocupan a los contraventores que en su mayor\u00eda tienen el respaldo de alg\u00fan progenitor. El video de un vecino.","og_url":"https:\/\/informelitoral.com.ar\/preocupan-las-picadas-en-motos-en-crespo-por-jovenes-protegidos-por-los-padres\/","og_site_name":"Informe Litoral","article_publisher":"https:\/\/www.facebook.com\/informelitoral\/","article_published_time":"2026-01-20T13:25:24+00:00","article_modified_time":"2026-01-20T13:46:02+00:00","og_image":[{"width":1024,"height":1024,"url":"https:\/\/drive.google.com\/https:\/\/lh3.googleusercontent.com\/drive-storage\/AJQWtBM12EDfs1CdJUMJrKJZqwyeqVJQGEouPomYRp6EwZUn-dTMSIY9snPSbeQbjVHUnGXOi6snRtUP6KDos0VWmSx2DLQNGQK5OjKQqXm-YAUrxAVX=2048-h2048","type":"image\/jpeg"}],"author":"Gonzalo Schmidt","twitter_card":"summary_large_image","twitter_creator":"@InformeLitoral","twitter_site":"@InformeLitoral","twitter_misc":{"Escrito por":"Gonzalo Schmidt","Tiempo de lectura":"2 minutos"},"schema":{"@context":"https:\/\/schema.org","@graph":[{"@type":"Article","@id":"https:\/\/informelitoral.com.ar\/preocupan-las-picadas-en-motos-en-crespo-por-jovenes-protegidos-por-los-padres\/#article","isPartOf":{"@id":"https:\/\/informelitoral.com.ar\/preocupan-las-picadas-en-motos-en-crespo-por-jovenes-protegidos-por-los-padres\/"},"author":{"name":"Gonzalo Schmidt","@id":"https:\/\/informelitoral.com.ar\/#\/schema\/person\/b9d00407c836482871ef1d57bf8e3180"},"headline":"Preocupan las picadas en motos en Crespo por j\u00f3venes \u00abprotegidos\u00bb por los padres","datePublished":"2026-01-20T13:25:24+00:00","dateModified":"2026-01-20T13:46:02+00:00","mainEntityOfPage":{"@id":"https:\/\/informelitoral.com.ar\/preocupan-las-picadas-en-motos-en-crespo-por-jovenes-protegidos-por-los-padres\/"},"wordCount":332,"commentCount":0,"publisher":{"@id":"https:\/\/informelitoral.com.ar\/#organization"},"image":{"@id":"https:\/\/informelitoral.com.ar\/preocupan-las-picadas-en-motos-en-crespo-por-jovenes-protegidos-por-los-padres\/#primaryimage"},"thumbnailUrl":"https:\/\/drive.google.com\/thumbnail?id=1pIgYPXZOs8syNUMhlQlLeYrr7dE8MI8T&sz=w2048","keywords":["Crespo","Motos","Policial"],"articleSection":["Policiales"],"inLanguage":"es","potentialAction":[{"@type":"CommentAction","name":"Comment","target":["https:\/\/informelitoral.com.ar\/preocupan-las-picadas-en-motos-en-crespo-por-jovenes-protegidos-por-los-padres\/#respond"]}]},{"@type":"WebPage","@id":"https:\/\/informelitoral.com.ar\/preocupan-las-picadas-en-motos-en-crespo-por-jovenes-protegidos-por-los-padres\/","url":"https:\/\/informelitoral.com.ar\/preocupan-las-picadas-en-motos-en-crespo-por-jovenes-protegidos-por-los-padres\/","name":"Preocupan las picadas en motos en Crespo por j\u00f3venes \"protegidos\" por los padres - Informe Litoral","isPartOf":{"@id":"https:\/\/informelitoral.com.ar\/#website"},"primaryImageOfPage":{"@id":"https:\/\/informelitoral.com.ar\/preocupan-las-picadas-en-motos-en-crespo-por-jovenes-protegidos-por-los-padres\/#primaryimage"},"image":{"@id":"https:\/\/informelitoral.com.ar\/preocupan-las-picadas-en-motos-en-crespo-por-jovenes-protegidos-por-los-padres\/#primaryimage"},"thumbnailUrl":"https:\/\/drive.google.com\/thumbnail?id=1pIgYPXZOs8syNUMhlQlLeYrr7dE8MI8T&sz=w2048","datePublished":"2026-01-20T13:25:24+00:00","dateModified":"2026-01-20T13:46:02+00:00","breadcrumb":{"@id":"https:\/\/informelitoral.com.ar\/preocupan-las-picadas-en-motos-en-crespo-por-jovenes-protegidos-por-los-padres\/#breadcrumb"},"inLanguage":"es","potentialAction":[{"@type":"ReadAction","target":["https:\/\/informelitoral.com.ar\/preocupan-las-picadas-en-motos-en-crespo-por-jovenes-protegidos-por-los-padres\/"]}]},{"@type":"ImageObject","inLanguage":"es","@id":"https:\/\/informelitoral.com.ar\/preocupan-las-picadas-en-motos-en-crespo-por-jovenes-protegidos-por-los-padres\/#primaryimage","url":"https:\/\/drive.google.com\/thumbnail?id=1pIgYPXZOs8syNUMhlQlLeYrr7dE8MI8T&sz=w2048","contentUrl":"https:\/\/drive.google.com\/thumbnail?id=1pIgYPXZOs8syNUMhlQlLeYrr7dE8MI8T&sz=w2048","width":1600,"height":1314},{"@type":"BreadcrumbList","@id":"https:\/\/informelitoral.com.ar\/preocupan-las-picadas-en-motos-en-crespo-por-jovenes-protegidos-por-los-padres\/#breadcrumb","itemListElement":[{"@type":"ListItem","position":1,"name":"Portada","item":"https:\/\/informelitoral.com.ar\/"},{"@type":"ListItem","position":2,"name":"Preocupan las picadas en motos en Crespo por j\u00f3venes \u00abprotegidos\u00bb por los padres"}]},{"@type":"WebSite","@id":"https:\/\/informelitoral.com.ar\/#website","url":"https:\/\/informelitoral.com.ar\/","name":"Informe Litoral","description":"&quot;Nos informamos&quot; ","publisher":{"@id":"https:\/\/informelitoral.com.ar\/#organization"},"potentialAction":[{"@type":"SearchAction","target":{"@type":"EntryPoint","urlTemplate":"https:\/\/informelitoral.com.ar\/?s={search_term_string}"},"query-input":{"@type":"PropertyValueSpecification","valueRequired":true,"valueName":"search_term_string"}}],"inLanguage":"es"},{"@type":"Organization","@id":"https:\/\/informelitoral.com.ar\/#organization","name":"Informe Litoral","url":"https:\/\/informelitoral.com.ar\/","logo":{"@type":"ImageObject","inLanguage":"es","@id":"https:\/\/informelitoral.com.ar\/#\/schema\/logo\/image\/","url":"https:\/\/informelitoral.com.ar\/%77%70%2d%63%6f%6e%74%65%6e%74\/uploads\/2021\/01\/circulo.png","contentUrl":"https:\/\/informelitoral.com.ar\/%77%70%2d%63%6f%6e%74%65%6e%74\/uploads\/2021\/01\/circulo.png","width":723,"height":731,"caption":"Informe Litoral"},"image":{"@id":"https:\/\/informelitoral.com.ar\/#\/schema\/logo\/image\/"},"sameAs":["https:\/\/www.facebook.com\/informelitoral\/","https:\/\/x.com\/InformeLitoral","https:\/\/www.instagram.com\/informelitoral\/","https:\/\/www.youtube.com\/channel\/UCua4Qvz8Icb6MYqhoq9xLXw"]},{"@type":"Person","@id":"https:\/\/informelitoral.com.ar\/#\/schema\/person\/b9d00407c836482871ef1d57bf8e3180","name":"Gonzalo Schmidt","image":{"@type":"ImageObject","inLanguage":"es","@id":"https:\/\/secure.gravatar.com\/avatar\/31a1a7b66ff2de83bd0e9fd79d026630d2d99e55e8bfe501287647b4fd9743de?s=96&d=mm&r=g","url":"https:\/\/secure.gravatar.com\/avatar\/31a1a7b66ff2de83bd0e9fd79d026630d2d99e55e8bfe501287647b4fd9743de?s=96&d=mm&r=g","contentUrl":"https:\/\/secure.gravatar.com\/avatar\/31a1a7b66ff2de83bd0e9fd79d026630d2d99e55e8bfe501287647b4fd9743de?s=96&d=mm&r=g","caption":"Gonzalo Schmidt"},"description":"Sitio web de noticias de la provincia de Entre R\u00edos, Argentina. Informaci\u00f3n y entretenimiento. Informe Litoral, nos informamos.","sameAs":["http:\/\/www.isletasnoticias.com.ar"],"url":"https:\/\/informelitoral.com.ar\/author\/gonzalo\/"}]}},"_links":{"self":[{"href":"https:\/\/informelitoral.com.ar\/%77%70%2d%6a%73%6f%6e\/wp\/v2\/posts\/246888","targetHints":{"allow":["GET"]}}],"collection":[{"href":"https:\/\/informelitoral.com.ar\/%77%70%2d%6a%73%6f%6e\/wp\/v2\/posts"}],"about":[{"href":"https:\/\/informelitoral.com.ar\/%77%70%2d%6a%73%6f%6e\/wp\/v2\/types\/post"}],"author":[{"embeddable":true,"href":"https:\/\/informelitoral.com.ar\/%77%70%2d%6a%73%6f%6e\/wp\/v2\/users\/2"}],"replies":[{"embeddable":true,"href":"https:\/\/informelitoral.com.ar\/%77%70%2d%6a%73%6f%6e\/wp\/v2\/comments?post=246888"}],"version-history":[{"count":6,"href":"https:\/\/informelitoral.com.ar\/%77%70%2d%6a%73%6f%6e\/wp\/v2\/posts\/246888\/revisions"}],"predecessor-version":[{"id":246921,"href":"https:\/\/informelitoral.com.ar\/%77%70%2d%6a%73%6f%6e\/wp\/v2\/posts\/246888\/revisions\/246921"}],"wp:featuredmedia":[{"embeddable":true,"href":"https:\/\/informelitoral.com.ar\/%77%70%2d%6a%73%6f%6e\/wp\/v2\/media\/246922"}],"wp:attachment":[{"href":"https:\/\/informelitoral.com.ar\/%77%70%2d%6a%73%6f%6e\/wp\/v2\/media?parent=246888"}],"wp:term":[{"taxonomy":"category","embeddable":true,"href":"https:\/\/informelitoral.com.ar\/%77%70%2d%6a%73%6f%6e\/wp\/v2\/categories?post=246888"},{"taxonomy":"post_tag","embeddable":true,"href":"https:\/\/informelitoral.com.ar\/%77%70%2d%6a%73%6f%6e\/wp\/v2\/tags?post=246888"}],"curies":[{"name":"wp","href":"https:\/\/api.w.org\/{rel}","templated":true}]}}