{"id":246883,"date":"2026-01-20T09:41:00","date_gmt":"2026-01-20T12:41:00","guid":{"rendered":"https:\/\/informelitoral.com.ar\/?p=246883"},"modified":"2026-01-20T09:45:08","modified_gmt":"2026-01-20T12:45:08","slug":"alerta-sanitaria-por-la-expansion-de-la-supergripe-entre-rios-confirma-su-segundo-caso","status":"publish","type":"post","link":"https:\/\/informelitoral.com.ar\/alerta-sanitaria-por-la-expansion-de-la-supergripe-entre-rios-confirma-su-segundo-caso\/","title":{"rendered":"Alerta sanitaria por la expansi\u00f3n de la \u201csupergripe\u201d: Entre R\u00edos confirm\u00f3 su segundo caso"},"content":{"rendered":"<p data-path-to-node=\"2\"><span class=\"citation-5\">Las autoridades sanitarias de Argentina han manifestado su preocupaci\u00f3n ante el avance del <\/span><b data-path-to-node=\"2\" data-index-in-node=\"91\"><span class=\"citation-5\">subclado K de la gripe A (H3N2)<\/span><\/b><span class=\"citation-5\">, popularmente denominada <\/span><b data-path-to-node=\"2\" data-index-in-node=\"148\"><span class=\"citation-5\">\u201csupergripe\u201d<\/span><\/b><span class=\"citation-5\">, tras la confirmaci\u00f3n de un segundo caso en la provincia de <\/span><b data-path-to-node=\"2\" data-index-in-node=\"221\"><span class=\"citation-5\">Entre R\u00edos<\/span><\/b><span class=\"citation-5 citation-end-5\">.<\/span> Seg\u00fan los \u00faltimos datos procesados por el <b data-path-to-node=\"2\" data-index-in-node=\"275\">Instituto Malbr\u00e1n<\/b> y difundidos en el Bolet\u00edn Epidemiol\u00f3gico Nacional, el escenario epidemiol\u00f3gico muestra una aceleraci\u00f3n notable, ya que en tan solo siete d\u00edas los diagn\u00f3sticos positivos en todo el territorio nacional pasaron de <b data-path-to-node=\"2\" data-index-in-node=\"505\">11 a 28 casos confirmados<\/b>. <span class=\"citation-4\">Este salto representa un <\/span><b data-path-to-node=\"2\" data-index-in-node=\"557\"><span class=\"citation-4\">incremento superior al 100%<\/span><\/b><span class=\"citation-4\"> en la detecci\u00f3n de esta variante espec\u00edfica, que ya circula activamente en <\/span><b data-path-to-node=\"2\" data-index-in-node=\"660\"><span class=\"citation-4\">14 jurisdicciones<\/span><\/b><span class=\"citation-4 citation-end-4\"> del pa\u00eds, incluyendo Buenos Aires, C\u00f3rdoba, Santa Fe y varias provincias de la Patagonia.<\/span><\/p>\n<div class=\"source-inline-chip-container ng-star-inserted\"><img decoding=\"async\" src=\"https:\/\/resizer.iproimg.com\/unsafe\/1200x674\/filters:format(webp):quality(75):max_bytes(102400)\/https:\/\/assets.iprofesional.com\/assets\/jpg\/2025\/12\/608625_landscape.jpg\" alt=\"Los s\u00edntomas de la s\u00faper gripe H3N2 que lleg\u00f3 a Argentina\" \/><\/div>\n<div class=\"source-inline-chip-container ng-star-inserted\"><\/div>\n<p data-path-to-node=\"3\">Lo que m\u00e1s inquieta a los expertos no es solo la rapidez de la propagaci\u00f3n, sino la <b data-path-to-node=\"3\" data-index-in-node=\"84\">gravedad de los cuadros cl\u00ednicos<\/b> observados en los pacientes afectados. Los registros oficiales indican que <b data-path-to-node=\"3\" data-index-in-node=\"192\">casi la mitad de las personas infectadas con el subclado K debieron ser internadas<\/b>, con un total de 13 hospitalizaciones frente a 15 pacientes ambulatorios. El an\u00e1lisis demogr\u00e1fico revela que la mayor vulnerabilidad se concentra en los <b data-path-to-node=\"3\" data-index-in-node=\"428\">adultos mayores de 60 a\u00f1os y ni\u00f1os menores de 10 a\u00f1os<\/b>, sectores de la poblaci\u00f3n donde el impacto del virus suele ser m\u00e1s severo.<\/p>\n<p data-path-to-node=\"3\"><img decoding=\"async\" src=\"https:\/\/www.revistasalvador.com.ar\/salvador\/%77%70%2d%63%6f%6e%74%65%6e%74\/uploads\/2026\/01\/gripe-1024x576.jpg\" alt=\"Ya son 15 los casos de la s\u00faper gripe H3N2 en Argentina |\" \/><\/p>\n<p data-path-to-node=\"4\">Un dato alarmante que destaca el informe es que <b data-path-to-node=\"4\" data-index-in-node=\"48\">solo el 21% de los pacientes diagnosticados contaba con la vacuna antigripal<\/b>, lo que deja en evidencia una baja cobertura inmunol\u00f3gica en los casos detectados. Ante esta situaci\u00f3n, el Ministerio de Salud ha reforzado el llamado a la prevenci\u00f3n, instando a la poblaci\u00f3n de riesgo a <b data-path-to-node=\"4\" data-index-in-node=\"329\">completar los esquemas de vacunaci\u00f3n<\/b> de manera urgente. <span class=\"citation-3\">Asimismo, se insiste en la importancia de mantener medidas b\u00e1sicas de higiene como el <\/span><b data-path-to-node=\"4\" data-index-in-node=\"471\"><span class=\"citation-3\">lavado frecuente de manos<\/span><\/b><span class=\"citation-3\">, la ventilaci\u00f3n constante de ambientes cerrados y el <\/span><b data-path-to-node=\"4\" data-index-in-node=\"550\"><span class=\"citation-3\">aislamiento preventivo<\/span><\/b><span class=\"citation-3 citation-end-3\"> ante la aparici\u00f3n de los primeros s\u00edntomas respiratorios para frenar la cadena de contagios.<\/span><\/p>\n<h6 data-path-to-node=\"4\"><em><strong>Del archivo:\u00a0<a href=\"https:\/\/informelitoral.com.ar\/sifilis-aseguran-que-hay-una-explosion-de-casos-en-argentina\/\" target=\"_blank\" rel=\"noopener\">S\u00edfilis: aseguran que hay una explosi\u00f3n de casos en Argentina<\/a><\/strong><\/em><\/h6>\n","protected":false},"excerpt":{"rendered":"<p>El Ministerio de Salud de la Naci\u00f3n report\u00f3 un incremento del 100% en los contagios del subclado K de Influenza A en apenas una semana, afectando ya a 14 jurisdicciones del pa\u00eds.<\/p>\n","protected":false},"author":8,"featured_media":246884,"comment_status":"open","ping_status":"open","sticky":false,"template":"","format":"standard","meta":{"fifu_image_url":"https:\/\/cdn.elmagallanews.cl\/sites\/elmagallanews.cl\/files\/imagecache\/opengraph\/imagen_noticia\/la_super_gripe_en_chile.png","fifu_image_alt":"","footnotes":""},"categories":[7,1595],"tags":[2226,81,6394],"class_list":{"0":"post-246883","1":"post","2":"type-post","3":"status-publish","4":"format-standard","5":"has-post-thumbnail","7":"category-nacionales","8":"category-salud","9":"tag-casos","10":"tag-entre-rios","11":"tag-supergripe"},"yoast_head":"<title>Alerta sanitaria por la expansi\u00f3n de la \u201csupergripe\u201d: Entre R\u00edos confirm\u00f3 su segundo caso - Informe Litoral<\/title>\n<meta name=\"robots\" content=\"index, follow, max-snippet:-1, max-image-preview:large, max-video-preview:-1\" \/>\n<link rel=\"canonical\" href=\"https:\/\/informelitoral.com.ar\/alerta-sanitaria-por-la-expansion-de-la-supergripe-entre-rios-confirma-su-segundo-caso\/\" \/>\n<meta property=\"og:locale\" content=\"es_ES\" \/>\n<meta property=\"og:type\" content=\"article\" \/>\n<meta property=\"og:title\" content=\"Alerta sanitaria por la expansi\u00f3n de la \u201csupergripe\u201d: Entre R\u00edos confirm\u00f3 su segundo caso - Informe Litoral\" \/>\n<meta property=\"og:description\" content=\"El Ministerio de Salud de la Naci\u00f3n report\u00f3 un incremento del 100% en los contagios del subclado K de Influenza A en apenas una semana, afectando ya a 14 jurisdicciones del pa\u00eds.\" \/>\n<meta property=\"og:url\" content=\"https:\/\/informelitoral.com.ar\/alerta-sanitaria-por-la-expansion-de-la-supergripe-entre-rios-confirma-su-segundo-caso\/\" \/>\n<meta property=\"og:site_name\" content=\"Informe Litoral\" \/>\n<meta property=\"article:publisher\" content=\"https:\/\/www.facebook.com\/informelitoral\/\" \/>\n<meta property=\"article:published_time\" content=\"2026-01-20T12:41:00+00:00\" \/>\n<meta property=\"article:modified_time\" content=\"2026-01-20T12:45:08+00:00\" \/>\n<meta property=\"og:image\" content=\"https:\/\/cdn.elmagallanews.cl\/sites\/elmagallanews.cl\/files\/imagecache\/opengraph\/imagen_noticia\/la_super_gripe_en_chile.png\" \/>\n<meta name=\"author\" content=\"Sebastian\" \/>\n<meta name=\"twitter:card\" content=\"summary_large_image\" \/>\n<meta name=\"twitter:image\" content=\"https:\/\/cdn.elmagallanews.cl\/sites\/elmagallanews.cl\/files\/imagecache\/opengraph\/imagen_noticia\/la_super_gripe_en_chile.png\" \/>\n<meta name=\"twitter:creator\" content=\"@InformeLitoral\" \/>\n<meta name=\"twitter:site\" content=\"@InformeLitoral\" \/>\n<meta name=\"twitter:label1\" content=\"Escrito por\" \/>\n\t<meta name=\"twitter:data1\" content=\"Sebastian\" \/>\n\t<meta name=\"twitter:label2\" content=\"Tiempo de lectura\" \/>\n\t<meta name=\"twitter:data2\" content=\"3 minutos\" \/>\n<script type=\"application\/ld+json\" class=\"yoast-schema-graph\">{\"@context\":\"https:\\\/\\\/schema.org\",\"@graph\":[{\"@type\":\"Article\",\"@id\":\"https:\\\/\\\/informelitoral.com.ar\\\/alerta-sanitaria-por-la-expansion-de-la-supergripe-entre-rios-confirma-su-segundo-caso\\\/#article\",\"isPartOf\":{\"@id\":\"https:\\\/\\\/informelitoral.com.ar\\\/alerta-sanitaria-por-la-expansion-de-la-supergripe-entre-rios-confirma-su-segundo-caso\\\/\"},\"author\":{\"name\":\"Sebastian\",\"@id\":\"https:\\\/\\\/informelitoral.com.ar\\\/#\\\/schema\\\/person\\\/f05f9f461677119578717524b127d6d5\"},\"headline\":\"Alerta sanitaria por la expansi\u00f3n de la \u201csupergripe\u201d: Entre R\u00edos confirm\u00f3 su segundo caso\",\"datePublished\":\"2026-01-20T12:41:00+00:00\",\"dateModified\":\"2026-01-20T12:45:08+00:00\",\"mainEntityOfPage\":{\"@id\":\"https:\\\/\\\/informelitoral.com.ar\\\/alerta-sanitaria-por-la-expansion-de-la-supergripe-entre-rios-confirma-su-segundo-caso\\\/\"},\"wordCount\":371,\"commentCount\":0,\"publisher\":{\"@id\":\"https:\\\/\\\/informelitoral.com.ar\\\/#organization\"},\"image\":{\"@id\":\"https:\\\/\\\/informelitoral.com.ar\\\/alerta-sanitaria-por-la-expansion-de-la-supergripe-entre-rios-confirma-su-segundo-caso\\\/#primaryimage\"},\"thumbnailUrl\":\"https:\\\/\\\/cdn.elmagallanews.cl\\\/sites\\\/elmagallanews.cl\\\/files\\\/imagecache\\\/opengraph\\\/imagen_noticia\\\/la_super_gripe_en_chile.png\",\"keywords\":[\"Casos\",\"Entre R\u00edos\",\"Supergripe\"],\"articleSection\":[\"Nacionales\",\"Salud\"],\"inLanguage\":\"es\",\"potentialAction\":[{\"@type\":\"CommentAction\",\"name\":\"Comment\",\"target\":[\"https:\\\/\\\/informelitoral.com.ar\\\/alerta-sanitaria-por-la-expansion-de-la-supergripe-entre-rios-confirma-su-segundo-caso\\\/#respond\"]}]},{\"@type\":\"WebPage\",\"@id\":\"https:\\\/\\\/informelitoral.com.ar\\\/alerta-sanitaria-por-la-expansion-de-la-supergripe-entre-rios-confirma-su-segundo-caso\\\/\",\"url\":\"https:\\\/\\\/informelitoral.com.ar\\\/alerta-sanitaria-por-la-expansion-de-la-supergripe-entre-rios-confirma-su-segundo-caso\\\/\",\"name\":\"Alerta sanitaria por la expansi\u00f3n de la \u201csupergripe\u201d: Entre R\u00edos confirm\u00f3 su segundo caso - Informe Litoral\",\"isPartOf\":{\"@id\":\"https:\\\/\\\/informelitoral.com.ar\\\/#website\"},\"primaryImageOfPage\":{\"@id\":\"https:\\\/\\\/informelitoral.com.ar\\\/alerta-sanitaria-por-la-expansion-de-la-supergripe-entre-rios-confirma-su-segundo-caso\\\/#primaryimage\"},\"image\":{\"@id\":\"https:\\\/\\\/informelitoral.com.ar\\\/alerta-sanitaria-por-la-expansion-de-la-supergripe-entre-rios-confirma-su-segundo-caso\\\/#primaryimage\"},\"thumbnailUrl\":\"https:\\\/\\\/cdn.elmagallanews.cl\\\/sites\\\/elmagallanews.cl\\\/files\\\/imagecache\\\/opengraph\\\/imagen_noticia\\\/la_super_gripe_en_chile.png\",\"datePublished\":\"2026-01-20T12:41:00+00:00\",\"dateModified\":\"2026-01-20T12:45:08+00:00\",\"breadcrumb\":{\"@id\":\"https:\\\/\\\/informelitoral.com.ar\\\/alerta-sanitaria-por-la-expansion-de-la-supergripe-entre-rios-confirma-su-segundo-caso\\\/#breadcrumb\"},\"inLanguage\":\"es\",\"potentialAction\":[{\"@type\":\"ReadAction\",\"target\":[\"https:\\\/\\\/informelitoral.com.ar\\\/alerta-sanitaria-por-la-expansion-de-la-supergripe-entre-rios-confirma-su-segundo-caso\\\/\"]}]},{\"@type\":\"ImageObject\",\"inLanguage\":\"es\",\"@id\":\"https:\\\/\\\/informelitoral.com.ar\\\/alerta-sanitaria-por-la-expansion-de-la-supergripe-entre-rios-confirma-su-segundo-caso\\\/#primaryimage\",\"url\":\"https:\\\/\\\/cdn.elmagallanews.cl\\\/sites\\\/elmagallanews.cl\\\/files\\\/imagecache\\\/opengraph\\\/imagen_noticia\\\/la_super_gripe_en_chile.png\",\"contentUrl\":\"https:\\\/\\\/cdn.elmagallanews.cl\\\/sites\\\/elmagallanews.cl\\\/files\\\/imagecache\\\/opengraph\\\/imagen_noticia\\\/la_super_gripe_en_chile.png\",\"width\":\"600\",\"height\":\"315\"},{\"@type\":\"BreadcrumbList\",\"@id\":\"https:\\\/\\\/informelitoral.com.ar\\\/alerta-sanitaria-por-la-expansion-de-la-supergripe-entre-rios-confirma-su-segundo-caso\\\/#breadcrumb\",\"itemListElement\":[{\"@type\":\"ListItem\",\"position\":1,\"name\":\"Portada\",\"item\":\"https:\\\/\\\/informelitoral.com.ar\\\/\"},{\"@type\":\"ListItem\",\"position\":2,\"name\":\"Alerta sanitaria por la expansi\u00f3n de la \u201csupergripe\u201d: Entre R\u00edos confirm\u00f3 su segundo caso\"}]},{\"@type\":\"WebSite\",\"@id\":\"https:\\\/\\\/informelitoral.com.ar\\\/#website\",\"url\":\"https:\\\/\\\/informelitoral.com.ar\\\/\",\"name\":\"Informe Litoral\",\"description\":\"&quot;Nos informamos&quot; \",\"publisher\":{\"@id\":\"https:\\\/\\\/informelitoral.com.ar\\\/#organization\"},\"potentialAction\":[{\"@type\":\"SearchAction\",\"target\":{\"@type\":\"EntryPoint\",\"urlTemplate\":\"https:\\\/\\\/informelitoral.com.ar\\\/?s={search_term_string}\"},\"query-input\":{\"@type\":\"PropertyValueSpecification\",\"valueRequired\":true,\"valueName\":\"search_term_string\"}}],\"inLanguage\":\"es\"},{\"@type\":\"Organization\",\"@id\":\"https:\\\/\\\/informelitoral.com.ar\\\/#organization\",\"name\":\"Informe Litoral\",\"url\":\"https:\\\/\\\/informelitoral.com.ar\\\/\",\"logo\":{\"@type\":\"ImageObject\",\"inLanguage\":\"es\",\"@id\":\"https:\\\/\\\/informelitoral.com.ar\\\/#\\\/schema\\\/logo\\\/image\\\/\",\"url\":\"https:\\\/\\\/informelitoral.com.ar\\\/%77%70%2d%63%6f%6e%74%65%6e%74\\\/uploads\\\/2021\\\/01\\\/circulo.png\",\"contentUrl\":\"https:\\\/\\\/informelitoral.com.ar\\\/%77%70%2d%63%6f%6e%74%65%6e%74\\\/uploads\\\/2021\\\/01\\\/circulo.png\",\"width\":723,\"height\":731,\"caption\":\"Informe Litoral\"},\"image\":{\"@id\":\"https:\\\/\\\/informelitoral.com.ar\\\/#\\\/schema\\\/logo\\\/image\\\/\"},\"sameAs\":[\"https:\\\/\\\/www.facebook.com\\\/informelitoral\\\/\",\"https:\\\/\\\/x.com\\\/InformeLitoral\",\"https:\\\/\\\/www.instagram.com\\\/informelitoral\\\/\",\"https:\\\/\\\/www.youtube.com\\\/channel\\\/UCua4Qvz8Icb6MYqhoq9xLXw\"]},{\"@type\":\"Person\",\"@id\":\"https:\\\/\\\/informelitoral.com.ar\\\/#\\\/schema\\\/person\\\/f05f9f461677119578717524b127d6d5\",\"name\":\"Sebastian\",\"image\":{\"@type\":\"ImageObject\",\"inLanguage\":\"es\",\"@id\":\"https:\\\/\\\/secure.gravatar.com\\\/avatar\\\/b71bf7481d447dfb9583c7f2798e7cc64de6efb9067b74633ed8c31059a3bd82?s=96&d=mm&r=g\",\"url\":\"https:\\\/\\\/secure.gravatar.com\\\/avatar\\\/b71bf7481d447dfb9583c7f2798e7cc64de6efb9067b74633ed8c31059a3bd82?s=96&d=mm&r=g\",\"contentUrl\":\"https:\\\/\\\/secure.gravatar.com\\\/avatar\\\/b71bf7481d447dfb9583c7f2798e7cc64de6efb9067b74633ed8c31059a3bd82?s=96&d=mm&r=g\",\"caption\":\"Sebastian\"},\"url\":\"https:\\\/\\\/informelitoral.com.ar\\\/author\\\/sebastian\\\/\"}]}<\/script>","yoast_head_json":{"title":"Alerta sanitaria por la expansi\u00f3n de la \u201csupergripe\u201d: Entre R\u00edos confirm\u00f3 su segundo caso - Informe Litoral","robots":{"index":"index","follow":"follow","max-snippet":"max-snippet:-1","max-image-preview":"max-image-preview:large","max-video-preview":"max-video-preview:-1"},"canonical":"https:\/\/informelitoral.com.ar\/alerta-sanitaria-por-la-expansion-de-la-supergripe-entre-rios-confirma-su-segundo-caso\/","og_locale":"es_ES","og_type":"article","og_title":"Alerta sanitaria por la expansi\u00f3n de la \u201csupergripe\u201d: Entre R\u00edos confirm\u00f3 su segundo caso - Informe Litoral","og_description":"El Ministerio de Salud de la Naci\u00f3n report\u00f3 un incremento del 100% en los contagios del subclado K de Influenza A en apenas una semana, afectando ya a 14 jurisdicciones del pa\u00eds.","og_url":"https:\/\/informelitoral.com.ar\/alerta-sanitaria-por-la-expansion-de-la-supergripe-entre-rios-confirma-su-segundo-caso\/","og_site_name":"Informe Litoral","article_publisher":"https:\/\/www.facebook.com\/informelitoral\/","article_published_time":"2026-01-20T12:41:00+00:00","article_modified_time":"2026-01-20T12:45:08+00:00","og_image":[{"url":"https:\/\/cdn.elmagallanews.cl\/sites\/elmagallanews.cl\/files\/imagecache\/opengraph\/imagen_noticia\/la_super_gripe_en_chile.png","type":"","width":"","height":""}],"author":"Sebastian","twitter_card":"summary_large_image","twitter_image":"https:\/\/cdn.elmagallanews.cl\/sites\/elmagallanews.cl\/files\/imagecache\/opengraph\/imagen_noticia\/la_super_gripe_en_chile.png","twitter_creator":"@InformeLitoral","twitter_site":"@InformeLitoral","twitter_misc":{"Escrito por":"Sebastian","Tiempo de lectura":"3 minutos"},"schema":{"@context":"https:\/\/schema.org","@graph":[{"@type":"Article","@id":"https:\/\/informelitoral.com.ar\/alerta-sanitaria-por-la-expansion-de-la-supergripe-entre-rios-confirma-su-segundo-caso\/#article","isPartOf":{"@id":"https:\/\/informelitoral.com.ar\/alerta-sanitaria-por-la-expansion-de-la-supergripe-entre-rios-confirma-su-segundo-caso\/"},"author":{"name":"Sebastian","@id":"https:\/\/informelitoral.com.ar\/#\/schema\/person\/f05f9f461677119578717524b127d6d5"},"headline":"Alerta sanitaria por la expansi\u00f3n de la \u201csupergripe\u201d: Entre R\u00edos confirm\u00f3 su segundo caso","datePublished":"2026-01-20T12:41:00+00:00","dateModified":"2026-01-20T12:45:08+00:00","mainEntityOfPage":{"@id":"https:\/\/informelitoral.com.ar\/alerta-sanitaria-por-la-expansion-de-la-supergripe-entre-rios-confirma-su-segundo-caso\/"},"wordCount":371,"commentCount":0,"publisher":{"@id":"https:\/\/informelitoral.com.ar\/#organization"},"image":{"@id":"https:\/\/informelitoral.com.ar\/alerta-sanitaria-por-la-expansion-de-la-supergripe-entre-rios-confirma-su-segundo-caso\/#primaryimage"},"thumbnailUrl":"https:\/\/cdn.elmagallanews.cl\/sites\/elmagallanews.cl\/files\/imagecache\/opengraph\/imagen_noticia\/la_super_gripe_en_chile.png","keywords":["Casos","Entre R\u00edos","Supergripe"],"articleSection":["Nacionales","Salud"],"inLanguage":"es","potentialAction":[{"@type":"CommentAction","name":"Comment","target":["https:\/\/informelitoral.com.ar\/alerta-sanitaria-por-la-expansion-de-la-supergripe-entre-rios-confirma-su-segundo-caso\/#respond"]}]},{"@type":"WebPage","@id":"https:\/\/informelitoral.com.ar\/alerta-sanitaria-por-la-expansion-de-la-supergripe-entre-rios-confirma-su-segundo-caso\/","url":"https:\/\/informelitoral.com.ar\/alerta-sanitaria-por-la-expansion-de-la-supergripe-entre-rios-confirma-su-segundo-caso\/","name":"Alerta sanitaria por la expansi\u00f3n de la \u201csupergripe\u201d: Entre R\u00edos confirm\u00f3 su segundo caso - Informe Litoral","isPartOf":{"@id":"https:\/\/informelitoral.com.ar\/#website"},"primaryImageOfPage":{"@id":"https:\/\/informelitoral.com.ar\/alerta-sanitaria-por-la-expansion-de-la-supergripe-entre-rios-confirma-su-segundo-caso\/#primaryimage"},"image":{"@id":"https:\/\/informelitoral.com.ar\/alerta-sanitaria-por-la-expansion-de-la-supergripe-entre-rios-confirma-su-segundo-caso\/#primaryimage"},"thumbnailUrl":"https:\/\/cdn.elmagallanews.cl\/sites\/elmagallanews.cl\/files\/imagecache\/opengraph\/imagen_noticia\/la_super_gripe_en_chile.png","datePublished":"2026-01-20T12:41:00+00:00","dateModified":"2026-01-20T12:45:08+00:00","breadcrumb":{"@id":"https:\/\/informelitoral.com.ar\/alerta-sanitaria-por-la-expansion-de-la-supergripe-entre-rios-confirma-su-segundo-caso\/#breadcrumb"},"inLanguage":"es","potentialAction":[{"@type":"ReadAction","target":["https:\/\/informelitoral.com.ar\/alerta-sanitaria-por-la-expansion-de-la-supergripe-entre-rios-confirma-su-segundo-caso\/"]}]},{"@type":"ImageObject","inLanguage":"es","@id":"https:\/\/informelitoral.com.ar\/alerta-sanitaria-por-la-expansion-de-la-supergripe-entre-rios-confirma-su-segundo-caso\/#primaryimage","url":"https:\/\/cdn.elmagallanews.cl\/sites\/elmagallanews.cl\/files\/imagecache\/opengraph\/imagen_noticia\/la_super_gripe_en_chile.png","contentUrl":"https:\/\/cdn.elmagallanews.cl\/sites\/elmagallanews.cl\/files\/imagecache\/opengraph\/imagen_noticia\/la_super_gripe_en_chile.png","width":"600","height":"315"},{"@type":"BreadcrumbList","@id":"https:\/\/informelitoral.com.ar\/alerta-sanitaria-por-la-expansion-de-la-supergripe-entre-rios-confirma-su-segundo-caso\/#breadcrumb","itemListElement":[{"@type":"ListItem","position":1,"name":"Portada","item":"https:\/\/informelitoral.com.ar\/"},{"@type":"ListItem","position":2,"name":"Alerta sanitaria por la expansi\u00f3n de la \u201csupergripe\u201d: Entre R\u00edos confirm\u00f3 su segundo caso"}]},{"@type":"WebSite","@id":"https:\/\/informelitoral.com.ar\/#website","url":"https:\/\/informelitoral.com.ar\/","name":"Informe Litoral","description":"&quot;Nos informamos&quot; ","publisher":{"@id":"https:\/\/informelitoral.com.ar\/#organization"},"potentialAction":[{"@type":"SearchAction","target":{"@type":"EntryPoint","urlTemplate":"https:\/\/informelitoral.com.ar\/?s={search_term_string}"},"query-input":{"@type":"PropertyValueSpecification","valueRequired":true,"valueName":"search_term_string"}}],"inLanguage":"es"},{"@type":"Organization","@id":"https:\/\/informelitoral.com.ar\/#organization","name":"Informe Litoral","url":"https:\/\/informelitoral.com.ar\/","logo":{"@type":"ImageObject","inLanguage":"es","@id":"https:\/\/informelitoral.com.ar\/#\/schema\/logo\/image\/","url":"https:\/\/informelitoral.com.ar\/%77%70%2d%63%6f%6e%74%65%6e%74\/uploads\/2021\/01\/circulo.png","contentUrl":"https:\/\/informelitoral.com.ar\/%77%70%2d%63%6f%6e%74%65%6e%74\/uploads\/2021\/01\/circulo.png","width":723,"height":731,"caption":"Informe Litoral"},"image":{"@id":"https:\/\/informelitoral.com.ar\/#\/schema\/logo\/image\/"},"sameAs":["https:\/\/www.facebook.com\/informelitoral\/","https:\/\/x.com\/InformeLitoral","https:\/\/www.instagram.com\/informelitoral\/","https:\/\/www.youtube.com\/channel\/UCua4Qvz8Icb6MYqhoq9xLXw"]},{"@type":"Person","@id":"https:\/\/informelitoral.com.ar\/#\/schema\/person\/f05f9f461677119578717524b127d6d5","name":"Sebastian","image":{"@type":"ImageObject","inLanguage":"es","@id":"https:\/\/secure.gravatar.com\/avatar\/b71bf7481d447dfb9583c7f2798e7cc64de6efb9067b74633ed8c31059a3bd82?s=96&d=mm&r=g","url":"https:\/\/secure.gravatar.com\/avatar\/b71bf7481d447dfb9583c7f2798e7cc64de6efb9067b74633ed8c31059a3bd82?s=96&d=mm&r=g","contentUrl":"https:\/\/secure.gravatar.com\/avatar\/b71bf7481d447dfb9583c7f2798e7cc64de6efb9067b74633ed8c31059a3bd82?s=96&d=mm&r=g","caption":"Sebastian"},"url":"https:\/\/informelitoral.com.ar\/author\/sebastian\/"}]}},"fifu_image_url":"https:\/\/cdn.elmagallanews.cl\/sites\/elmagallanews.cl\/files\/imagecache\/opengraph\/imagen_noticia\/la_super_gripe_en_chile.png","_links":{"self":[{"href":"https:\/\/informelitoral.com.ar\/%77%70%2d%6a%73%6f%6e\/wp\/v2\/posts\/246883","targetHints":{"allow":["GET"]}}],"collection":[{"href":"https:\/\/informelitoral.com.ar\/%77%70%2d%6a%73%6f%6e\/wp\/v2\/posts"}],"about":[{"href":"https:\/\/informelitoral.com.ar\/%77%70%2d%6a%73%6f%6e\/wp\/v2\/types\/post"}],"author":[{"embeddable":true,"href":"https:\/\/informelitoral.com.ar\/%77%70%2d%6a%73%6f%6e\/wp\/v2\/users\/8"}],"replies":[{"embeddable":true,"href":"https:\/\/informelitoral.com.ar\/%77%70%2d%6a%73%6f%6e\/wp\/v2\/comments?post=246883"}],"version-history":[{"count":4,"href":"https:\/\/informelitoral.com.ar\/%77%70%2d%6a%73%6f%6e\/wp\/v2\/posts\/246883\/revisions"}],"predecessor-version":[{"id":246890,"href":"https:\/\/informelitoral.com.ar\/%77%70%2d%6a%73%6f%6e\/wp\/v2\/posts\/246883\/revisions\/246890"}],"wp:featuredmedia":[{"embeddable":true,"href":"https:\/\/informelitoral.com.ar\/%77%70%2d%6a%73%6f%6e\/wp\/v2\/media\/246884"}],"wp:attachment":[{"href":"https:\/\/informelitoral.com.ar\/%77%70%2d%6a%73%6f%6e\/wp\/v2\/media?parent=246883"}],"wp:term":[{"taxonomy":"category","embeddable":true,"href":"https:\/\/informelitoral.com.ar\/%77%70%2d%6a%73%6f%6e\/wp\/v2\/categories?post=246883"},{"taxonomy":"post_tag","embeddable":true,"href":"https:\/\/informelitoral.com.ar\/%77%70%2d%6a%73%6f%6e\/wp\/v2\/tags?post=246883"}],"curies":[{"name":"wp","href":"https:\/\/api.w.org\/{rel}","templated":true}]}}