{"id":246809,"date":"2026-01-19T18:23:36","date_gmt":"2026-01-19T21:23:36","guid":{"rendered":"https:\/\/informelitoral.com.ar\/?p=246809"},"modified":"2026-01-19T18:48:57","modified_gmt":"2026-01-19T21:48:57","slug":"accidente-laboral-en-viale-cuatro-operarios-heridos-al-desplomarse-una-estructura","status":"publish","type":"post","link":"https:\/\/informelitoral.com.ar\/accidente-laboral-en-viale-cuatro-operarios-heridos-al-desplomarse-una-estructura\/","title":{"rendered":"Accidente laboral en Viale: cuatro operarios heridos al desplomarse una estructura"},"content":{"rendered":"<p data-path-to-node=\"4\">Un grave accidente laboral conmocion\u00f3 al mediod\u00eda de este lunes a la localidad de <b data-path-to-node=\"4\" data-index-in-node=\"82\">Viale<\/b>. Cuatro trabajadores resultaron heridos, uno de ellos de gravedad, tras ceder la estructura sobre la cual realizaban tareas de montaje en un galp\u00f3n perteneciente a una firma av\u00edcola de la zona.<\/p>\n<p data-path-to-node=\"6\">Seg\u00fan los primeros reportes policiales, el hecho se produjo mientras un grupo de seis operarios se encontraba colocando <b data-path-to-node=\"6\" data-index-in-node=\"120\">paneles solares<\/b> en la parte superior de un galp\u00f3n. Por causas que a\u00fan se investigan, la estructura no resisti\u00f3 el peso o sufri\u00f3 una falla mec\u00e1nica, provocando la ca\u00edda al vac\u00edo de cuatro de los trabajadores.<\/p>\n<p data-path-to-node=\"7\">La situaci\u00f3n m\u00e1s delicada la atraviesa un <b data-path-to-node=\"7\" data-index-in-node=\"42\">joven de 21 a\u00f1os<\/b>, quien debido a la violencia del impacto sufri\u00f3 lesiones internas severas. Tras ser asistido inicialmente, fue sometido a una cirug\u00eda de urgencia con el objetivo de evaluar y reparar da\u00f1os en \u00f3rganos vitales. Los otros tres compa\u00f1eros accidentados fueron trasladados de inmediato al <b data-path-to-node=\"7\" data-index-in-node=\"342\">Hospital San Mart\u00edn<\/b> de Paran\u00e1 para recibir atenci\u00f3n especializada por diversos traumatismos.<\/p>\n<p data-path-to-node=\"9\">El operativo de rescate requiri\u00f3 un trabajo conjunto entre efectivos de la Polic\u00eda de Entre R\u00edos, personal de la propia empresa y dotaciones de <b data-path-to-node=\"9\" data-index-in-node=\"144\">Bomberos Voluntarios de Viale<\/b>, quienes trabajaron intensamente para liberar a uno de los operarios que hab\u00eda quedado atrapado entre los hierros retorcidos de la estructura colapsada. Por fortuna, otros dos trabajadores que integraban la cuadrilla resultaron ilesos.<\/p>\n<p data-path-to-node=\"10\">La justicia provincial ya tom\u00f3 intervenci\u00f3n en el caso. Se han ordenado pericias t\u00e9cnicas sobre la estructura y los elementos de seguridad utilizados para determinar si existieron fallas en los materiales o negligencias en las condiciones de seguridad laboral.(<em>An\u00e1lisis<\/em>)<\/p>\n","protected":false},"excerpt":{"rendered":"<p>El siniestro ocurri\u00f3 en una empresa av\u00edcola mientras instalaban paneles solares. Un joven de 21 a\u00f1os se encuentra en estado cr\u00edtico y fue intervenido de urgencia.<\/p>\n","protected":false},"author":8,"featured_media":246811,"comment_status":"open","ping_status":"open","sticky":false,"template":"","format":"standard","meta":{"fifu_image_url":"https:\/\/i0.wp.com\/ahora.com.ar\/wp-content\/uploads\/2026\/01\/Accidente-laboral.webp?resize=696%2C392&quality=80&ssl=1","fifu_image_alt":"","footnotes":""},"categories":[14],"tags":[4993,2984,217],"class_list":{"0":"post-246809","1":"post","2":"type-post","3":"status-publish","4":"format-standard","5":"has-post-thumbnail","7":"category-policiales","8":"tag-accidente-laboral","9":"tag-heridos","10":"tag-viale"},"yoast_head":"<title>Accidente laboral en Viale: cuatro operarios heridos al desplomarse una estructura - Informe Litoral<\/title>\n<meta name=\"robots\" content=\"index, follow, max-snippet:-1, max-image-preview:large, max-video-preview:-1\" \/>\n<link rel=\"canonical\" href=\"https:\/\/informelitoral.com.ar\/accidente-laboral-en-viale-cuatro-operarios-heridos-al-desplomarse-una-estructura\/\" \/>\n<meta property=\"og:locale\" content=\"es_ES\" \/>\n<meta property=\"og:type\" content=\"article\" \/>\n<meta property=\"og:title\" content=\"Accidente laboral en Viale: cuatro operarios heridos al desplomarse una estructura - Informe Litoral\" \/>\n<meta property=\"og:description\" content=\"El siniestro ocurri\u00f3 en una empresa av\u00edcola mientras instalaban paneles solares. Un joven de 21 a\u00f1os se encuentra en estado cr\u00edtico y fue intervenido de urgencia.\" \/>\n<meta property=\"og:url\" content=\"https:\/\/informelitoral.com.ar\/accidente-laboral-en-viale-cuatro-operarios-heridos-al-desplomarse-una-estructura\/\" \/>\n<meta property=\"og:site_name\" content=\"Informe Litoral\" \/>\n<meta property=\"article:publisher\" content=\"https:\/\/www.facebook.com\/informelitoral\/\" \/>\n<meta property=\"article:published_time\" content=\"2026-01-19T21:23:36+00:00\" \/>\n<meta property=\"article:modified_time\" content=\"2026-01-19T21:48:57+00:00\" \/>\n<meta property=\"og:image\" content=\"https:\/\/i0.wp.com\/ahora.com.ar\/%77%70%2d%63%6f%6e%74%65%6e%74\/uploads\/2026\/01\/Accidente-laboral.webp?resize=696%2C392&quality=80&ssl=1\" \/>\n<meta name=\"author\" content=\"Sebastian\" \/>\n<meta name=\"twitter:card\" content=\"summary_large_image\" \/>\n<meta name=\"twitter:image\" content=\"https:\/\/i0.wp.com\/ahora.com.ar\/%77%70%2d%63%6f%6e%74%65%6e%74\/uploads\/2026\/01\/Accidente-laboral.webp?resize=696%2C392&quality=80&ssl=1\" \/>\n<meta name=\"twitter:creator\" content=\"@InformeLitoral\" \/>\n<meta name=\"twitter:site\" content=\"@InformeLitoral\" \/>\n<meta name=\"twitter:label1\" content=\"Escrito por\" \/>\n\t<meta name=\"twitter:data1\" content=\"Sebastian\" \/>\n\t<meta name=\"twitter:label2\" content=\"Tiempo de lectura\" \/>\n\t<meta name=\"twitter:data2\" content=\"2 minutos\" \/>\n<script type=\"application\/ld+json\" class=\"yoast-schema-graph\">{\"@context\":\"https:\\\/\\\/schema.org\",\"@graph\":[{\"@type\":\"Article\",\"@id\":\"https:\\\/\\\/informelitoral.com.ar\\\/accidente-laboral-en-viale-cuatro-operarios-heridos-al-desplomarse-una-estructura\\\/#article\",\"isPartOf\":{\"@id\":\"https:\\\/\\\/informelitoral.com.ar\\\/accidente-laboral-en-viale-cuatro-operarios-heridos-al-desplomarse-una-estructura\\\/\"},\"author\":{\"name\":\"Sebastian\",\"@id\":\"https:\\\/\\\/informelitoral.com.ar\\\/#\\\/schema\\\/person\\\/f05f9f461677119578717524b127d6d5\"},\"headline\":\"Accidente laboral en Viale: cuatro operarios heridos al desplomarse una estructura\",\"datePublished\":\"2026-01-19T21:23:36+00:00\",\"dateModified\":\"2026-01-19T21:48:57+00:00\",\"mainEntityOfPage\":{\"@id\":\"https:\\\/\\\/informelitoral.com.ar\\\/accidente-laboral-en-viale-cuatro-operarios-heridos-al-desplomarse-una-estructura\\\/\"},\"wordCount\":300,\"commentCount\":0,\"publisher\":{\"@id\":\"https:\\\/\\\/informelitoral.com.ar\\\/#organization\"},\"image\":{\"@id\":\"https:\\\/\\\/informelitoral.com.ar\\\/accidente-laboral-en-viale-cuatro-operarios-heridos-al-desplomarse-una-estructura\\\/#primaryimage\"},\"thumbnailUrl\":\"https:\\\/\\\/i0.wp.com\\\/ahora.com.ar\\\/%77%70%2d%63%6f%6e%74%65%6e%74\\\/uploads\\\/2026\\\/01\\\/Accidente-laboral.webp?resize=696%2C392&quality=80&ssl=1\",\"keywords\":[\"Accidente Laboral\",\"Heridos\",\"Viale\"],\"articleSection\":[\"Policiales\"],\"inLanguage\":\"es\",\"potentialAction\":[{\"@type\":\"CommentAction\",\"name\":\"Comment\",\"target\":[\"https:\\\/\\\/informelitoral.com.ar\\\/accidente-laboral-en-viale-cuatro-operarios-heridos-al-desplomarse-una-estructura\\\/#respond\"]}]},{\"@type\":\"WebPage\",\"@id\":\"https:\\\/\\\/informelitoral.com.ar\\\/accidente-laboral-en-viale-cuatro-operarios-heridos-al-desplomarse-una-estructura\\\/\",\"url\":\"https:\\\/\\\/informelitoral.com.ar\\\/accidente-laboral-en-viale-cuatro-operarios-heridos-al-desplomarse-una-estructura\\\/\",\"name\":\"Accidente laboral en Viale: cuatro operarios heridos al desplomarse una estructura - Informe Litoral\",\"isPartOf\":{\"@id\":\"https:\\\/\\\/informelitoral.com.ar\\\/#website\"},\"primaryImageOfPage\":{\"@id\":\"https:\\\/\\\/informelitoral.com.ar\\\/accidente-laboral-en-viale-cuatro-operarios-heridos-al-desplomarse-una-estructura\\\/#primaryimage\"},\"image\":{\"@id\":\"https:\\\/\\\/informelitoral.com.ar\\\/accidente-laboral-en-viale-cuatro-operarios-heridos-al-desplomarse-una-estructura\\\/#primaryimage\"},\"thumbnailUrl\":\"https:\\\/\\\/i0.wp.com\\\/ahora.com.ar\\\/%77%70%2d%63%6f%6e%74%65%6e%74\\\/uploads\\\/2026\\\/01\\\/Accidente-laboral.webp?resize=696%2C392&quality=80&ssl=1\",\"datePublished\":\"2026-01-19T21:23:36+00:00\",\"dateModified\":\"2026-01-19T21:48:57+00:00\",\"breadcrumb\":{\"@id\":\"https:\\\/\\\/informelitoral.com.ar\\\/accidente-laboral-en-viale-cuatro-operarios-heridos-al-desplomarse-una-estructura\\\/#breadcrumb\"},\"inLanguage\":\"es\",\"potentialAction\":[{\"@type\":\"ReadAction\",\"target\":[\"https:\\\/\\\/informelitoral.com.ar\\\/accidente-laboral-en-viale-cuatro-operarios-heridos-al-desplomarse-una-estructura\\\/\"]}]},{\"@type\":\"ImageObject\",\"inLanguage\":\"es\",\"@id\":\"https:\\\/\\\/informelitoral.com.ar\\\/accidente-laboral-en-viale-cuatro-operarios-heridos-al-desplomarse-una-estructura\\\/#primaryimage\",\"url\":\"https:\\\/\\\/i0.wp.com\\\/ahora.com.ar\\\/%77%70%2d%63%6f%6e%74%65%6e%74\\\/uploads\\\/2026\\\/01\\\/Accidente-laboral.webp?resize=696%2C392&quality=80&ssl=1\",\"contentUrl\":\"https:\\\/\\\/i0.wp.com\\\/ahora.com.ar\\\/%77%70%2d%63%6f%6e%74%65%6e%74\\\/uploads\\\/2026\\\/01\\\/Accidente-laboral.webp?resize=696%2C392&quality=80&ssl=1\",\"width\":\"696\",\"height\":\"392\"},{\"@type\":\"BreadcrumbList\",\"@id\":\"https:\\\/\\\/informelitoral.com.ar\\\/accidente-laboral-en-viale-cuatro-operarios-heridos-al-desplomarse-una-estructura\\\/#breadcrumb\",\"itemListElement\":[{\"@type\":\"ListItem\",\"position\":1,\"name\":\"Portada\",\"item\":\"https:\\\/\\\/informelitoral.com.ar\\\/\"},{\"@type\":\"ListItem\",\"position\":2,\"name\":\"Accidente laboral en Viale: cuatro operarios heridos al desplomarse una estructura\"}]},{\"@type\":\"WebSite\",\"@id\":\"https:\\\/\\\/informelitoral.com.ar\\\/#website\",\"url\":\"https:\\\/\\\/informelitoral.com.ar\\\/\",\"name\":\"Informe Litoral\",\"description\":\"&quot;Nos informamos&quot; \",\"publisher\":{\"@id\":\"https:\\\/\\\/informelitoral.com.ar\\\/#organization\"},\"potentialAction\":[{\"@type\":\"SearchAction\",\"target\":{\"@type\":\"EntryPoint\",\"urlTemplate\":\"https:\\\/\\\/informelitoral.com.ar\\\/?s={search_term_string}\"},\"query-input\":{\"@type\":\"PropertyValueSpecification\",\"valueRequired\":true,\"valueName\":\"search_term_string\"}}],\"inLanguage\":\"es\"},{\"@type\":\"Organization\",\"@id\":\"https:\\\/\\\/informelitoral.com.ar\\\/#organization\",\"name\":\"Informe Litoral\",\"url\":\"https:\\\/\\\/informelitoral.com.ar\\\/\",\"logo\":{\"@type\":\"ImageObject\",\"inLanguage\":\"es\",\"@id\":\"https:\\\/\\\/informelitoral.com.ar\\\/#\\\/schema\\\/logo\\\/image\\\/\",\"url\":\"https:\\\/\\\/informelitoral.com.ar\\\/%77%70%2d%63%6f%6e%74%65%6e%74\\\/uploads\\\/2021\\\/01\\\/circulo.png\",\"contentUrl\":\"https:\\\/\\\/informelitoral.com.ar\\\/%77%70%2d%63%6f%6e%74%65%6e%74\\\/uploads\\\/2021\\\/01\\\/circulo.png\",\"width\":723,\"height\":731,\"caption\":\"Informe Litoral\"},\"image\":{\"@id\":\"https:\\\/\\\/informelitoral.com.ar\\\/#\\\/schema\\\/logo\\\/image\\\/\"},\"sameAs\":[\"https:\\\/\\\/www.facebook.com\\\/informelitoral\\\/\",\"https:\\\/\\\/x.com\\\/InformeLitoral\",\"https:\\\/\\\/www.instagram.com\\\/informelitoral\\\/\",\"https:\\\/\\\/www.youtube.com\\\/channel\\\/UCua4Qvz8Icb6MYqhoq9xLXw\"]},{\"@type\":\"Person\",\"@id\":\"https:\\\/\\\/informelitoral.com.ar\\\/#\\\/schema\\\/person\\\/f05f9f461677119578717524b127d6d5\",\"name\":\"Sebastian\",\"image\":{\"@type\":\"ImageObject\",\"inLanguage\":\"es\",\"@id\":\"https:\\\/\\\/secure.gravatar.com\\\/avatar\\\/b71bf7481d447dfb9583c7f2798e7cc64de6efb9067b74633ed8c31059a3bd82?s=96&d=mm&r=g\",\"url\":\"https:\\\/\\\/secure.gravatar.com\\\/avatar\\\/b71bf7481d447dfb9583c7f2798e7cc64de6efb9067b74633ed8c31059a3bd82?s=96&d=mm&r=g\",\"contentUrl\":\"https:\\\/\\\/secure.gravatar.com\\\/avatar\\\/b71bf7481d447dfb9583c7f2798e7cc64de6efb9067b74633ed8c31059a3bd82?s=96&d=mm&r=g\",\"caption\":\"Sebastian\"},\"url\":\"https:\\\/\\\/informelitoral.com.ar\\\/author\\\/sebastian\\\/\"}]}<\/script>","yoast_head_json":{"title":"Accidente laboral en Viale: cuatro operarios heridos al desplomarse una estructura - Informe Litoral","robots":{"index":"index","follow":"follow","max-snippet":"max-snippet:-1","max-image-preview":"max-image-preview:large","max-video-preview":"max-video-preview:-1"},"canonical":"https:\/\/informelitoral.com.ar\/accidente-laboral-en-viale-cuatro-operarios-heridos-al-desplomarse-una-estructura\/","og_locale":"es_ES","og_type":"article","og_title":"Accidente laboral en Viale: cuatro operarios heridos al desplomarse una estructura - Informe Litoral","og_description":"El siniestro ocurri\u00f3 en una empresa av\u00edcola mientras instalaban paneles solares. Un joven de 21 a\u00f1os se encuentra en estado cr\u00edtico y fue intervenido de urgencia.","og_url":"https:\/\/informelitoral.com.ar\/accidente-laboral-en-viale-cuatro-operarios-heridos-al-desplomarse-una-estructura\/","og_site_name":"Informe Litoral","article_publisher":"https:\/\/www.facebook.com\/informelitoral\/","article_published_time":"2026-01-19T21:23:36+00:00","article_modified_time":"2026-01-19T21:48:57+00:00","og_image":[{"url":"https:\/\/i0.wp.com\/ahora.com.ar\/wp-content\/uploads\/2026\/01\/Accidente-laboral.webp?resize=696%2C392&quality=80&ssl=1","type":"","width":"","height":""}],"author":"Sebastian","twitter_card":"summary_large_image","twitter_image":"https:\/\/i0.wp.com\/ahora.com.ar\/wp-content\/uploads\/2026\/01\/Accidente-laboral.webp?resize=696%2C392&quality=80&ssl=1","twitter_creator":"@InformeLitoral","twitter_site":"@InformeLitoral","twitter_misc":{"Escrito por":"Sebastian","Tiempo de lectura":"2 minutos"},"schema":{"@context":"https:\/\/schema.org","@graph":[{"@type":"Article","@id":"https:\/\/informelitoral.com.ar\/accidente-laboral-en-viale-cuatro-operarios-heridos-al-desplomarse-una-estructura\/#article","isPartOf":{"@id":"https:\/\/informelitoral.com.ar\/accidente-laboral-en-viale-cuatro-operarios-heridos-al-desplomarse-una-estructura\/"},"author":{"name":"Sebastian","@id":"https:\/\/informelitoral.com.ar\/#\/schema\/person\/f05f9f461677119578717524b127d6d5"},"headline":"Accidente laboral en Viale: cuatro operarios heridos al desplomarse una estructura","datePublished":"2026-01-19T21:23:36+00:00","dateModified":"2026-01-19T21:48:57+00:00","mainEntityOfPage":{"@id":"https:\/\/informelitoral.com.ar\/accidente-laboral-en-viale-cuatro-operarios-heridos-al-desplomarse-una-estructura\/"},"wordCount":300,"commentCount":0,"publisher":{"@id":"https:\/\/informelitoral.com.ar\/#organization"},"image":{"@id":"https:\/\/informelitoral.com.ar\/accidente-laboral-en-viale-cuatro-operarios-heridos-al-desplomarse-una-estructura\/#primaryimage"},"thumbnailUrl":"https:\/\/i0.wp.com\/ahora.com.ar\/%77%70%2d%63%6f%6e%74%65%6e%74\/uploads\/2026\/01\/Accidente-laboral.webp?resize=696%2C392&quality=80&ssl=1","keywords":["Accidente Laboral","Heridos","Viale"],"articleSection":["Policiales"],"inLanguage":"es","potentialAction":[{"@type":"CommentAction","name":"Comment","target":["https:\/\/informelitoral.com.ar\/accidente-laboral-en-viale-cuatro-operarios-heridos-al-desplomarse-una-estructura\/#respond"]}]},{"@type":"WebPage","@id":"https:\/\/informelitoral.com.ar\/accidente-laboral-en-viale-cuatro-operarios-heridos-al-desplomarse-una-estructura\/","url":"https:\/\/informelitoral.com.ar\/accidente-laboral-en-viale-cuatro-operarios-heridos-al-desplomarse-una-estructura\/","name":"Accidente laboral en Viale: cuatro operarios heridos al desplomarse una estructura - Informe Litoral","isPartOf":{"@id":"https:\/\/informelitoral.com.ar\/#website"},"primaryImageOfPage":{"@id":"https:\/\/informelitoral.com.ar\/accidente-laboral-en-viale-cuatro-operarios-heridos-al-desplomarse-una-estructura\/#primaryimage"},"image":{"@id":"https:\/\/informelitoral.com.ar\/accidente-laboral-en-viale-cuatro-operarios-heridos-al-desplomarse-una-estructura\/#primaryimage"},"thumbnailUrl":"https:\/\/i0.wp.com\/ahora.com.ar\/%77%70%2d%63%6f%6e%74%65%6e%74\/uploads\/2026\/01\/Accidente-laboral.webp?resize=696%2C392&quality=80&ssl=1","datePublished":"2026-01-19T21:23:36+00:00","dateModified":"2026-01-19T21:48:57+00:00","breadcrumb":{"@id":"https:\/\/informelitoral.com.ar\/accidente-laboral-en-viale-cuatro-operarios-heridos-al-desplomarse-una-estructura\/#breadcrumb"},"inLanguage":"es","potentialAction":[{"@type":"ReadAction","target":["https:\/\/informelitoral.com.ar\/accidente-laboral-en-viale-cuatro-operarios-heridos-al-desplomarse-una-estructura\/"]}]},{"@type":"ImageObject","inLanguage":"es","@id":"https:\/\/informelitoral.com.ar\/accidente-laboral-en-viale-cuatro-operarios-heridos-al-desplomarse-una-estructura\/#primaryimage","url":"https:\/\/i0.wp.com\/ahora.com.ar\/%77%70%2d%63%6f%6e%74%65%6e%74\/uploads\/2026\/01\/Accidente-laboral.webp?resize=696%2C392&quality=80&ssl=1","contentUrl":"https:\/\/i0.wp.com\/ahora.com.ar\/%77%70%2d%63%6f%6e%74%65%6e%74\/uploads\/2026\/01\/Accidente-laboral.webp?resize=696%2C392&quality=80&ssl=1","width":"696","height":"392"},{"@type":"BreadcrumbList","@id":"https:\/\/informelitoral.com.ar\/accidente-laboral-en-viale-cuatro-operarios-heridos-al-desplomarse-una-estructura\/#breadcrumb","itemListElement":[{"@type":"ListItem","position":1,"name":"Portada","item":"https:\/\/informelitoral.com.ar\/"},{"@type":"ListItem","position":2,"name":"Accidente laboral en Viale: cuatro operarios heridos al desplomarse una estructura"}]},{"@type":"WebSite","@id":"https:\/\/informelitoral.com.ar\/#website","url":"https:\/\/informelitoral.com.ar\/","name":"Informe Litoral","description":"&quot;Nos informamos&quot; ","publisher":{"@id":"https:\/\/informelitoral.com.ar\/#organization"},"potentialAction":[{"@type":"SearchAction","target":{"@type":"EntryPoint","urlTemplate":"https:\/\/informelitoral.com.ar\/?s={search_term_string}"},"query-input":{"@type":"PropertyValueSpecification","valueRequired":true,"valueName":"search_term_string"}}],"inLanguage":"es"},{"@type":"Organization","@id":"https:\/\/informelitoral.com.ar\/#organization","name":"Informe Litoral","url":"https:\/\/informelitoral.com.ar\/","logo":{"@type":"ImageObject","inLanguage":"es","@id":"https:\/\/informelitoral.com.ar\/#\/schema\/logo\/image\/","url":"https:\/\/informelitoral.com.ar\/%77%70%2d%63%6f%6e%74%65%6e%74\/uploads\/2021\/01\/circulo.png","contentUrl":"https:\/\/informelitoral.com.ar\/%77%70%2d%63%6f%6e%74%65%6e%74\/uploads\/2021\/01\/circulo.png","width":723,"height":731,"caption":"Informe Litoral"},"image":{"@id":"https:\/\/informelitoral.com.ar\/#\/schema\/logo\/image\/"},"sameAs":["https:\/\/www.facebook.com\/informelitoral\/","https:\/\/x.com\/InformeLitoral","https:\/\/www.instagram.com\/informelitoral\/","https:\/\/www.youtube.com\/channel\/UCua4Qvz8Icb6MYqhoq9xLXw"]},{"@type":"Person","@id":"https:\/\/informelitoral.com.ar\/#\/schema\/person\/f05f9f461677119578717524b127d6d5","name":"Sebastian","image":{"@type":"ImageObject","inLanguage":"es","@id":"https:\/\/secure.gravatar.com\/avatar\/b71bf7481d447dfb9583c7f2798e7cc64de6efb9067b74633ed8c31059a3bd82?s=96&d=mm&r=g","url":"https:\/\/secure.gravatar.com\/avatar\/b71bf7481d447dfb9583c7f2798e7cc64de6efb9067b74633ed8c31059a3bd82?s=96&d=mm&r=g","contentUrl":"https:\/\/secure.gravatar.com\/avatar\/b71bf7481d447dfb9583c7f2798e7cc64de6efb9067b74633ed8c31059a3bd82?s=96&d=mm&r=g","caption":"Sebastian"},"url":"https:\/\/informelitoral.com.ar\/author\/sebastian\/"}]}},"fifu_image_url":"https:\/\/i0.wp.com\/ahora.com.ar\/wp-content\/uploads\/2026\/01\/Accidente-laboral.webp?resize=696%2C392&quality=80&ssl=1","_links":{"self":[{"href":"https:\/\/informelitoral.com.ar\/%77%70%2d%6a%73%6f%6e\/wp\/v2\/posts\/246809","targetHints":{"allow":["GET"]}}],"collection":[{"href":"https:\/\/informelitoral.com.ar\/%77%70%2d%6a%73%6f%6e\/wp\/v2\/posts"}],"about":[{"href":"https:\/\/informelitoral.com.ar\/%77%70%2d%6a%73%6f%6e\/wp\/v2\/types\/post"}],"author":[{"embeddable":true,"href":"https:\/\/informelitoral.com.ar\/%77%70%2d%6a%73%6f%6e\/wp\/v2\/users\/8"}],"replies":[{"embeddable":true,"href":"https:\/\/informelitoral.com.ar\/%77%70%2d%6a%73%6f%6e\/wp\/v2\/comments?post=246809"}],"version-history":[{"count":4,"href":"https:\/\/informelitoral.com.ar\/%77%70%2d%6a%73%6f%6e\/wp\/v2\/posts\/246809\/revisions"}],"predecessor-version":[{"id":246814,"href":"https:\/\/informelitoral.com.ar\/%77%70%2d%6a%73%6f%6e\/wp\/v2\/posts\/246809\/revisions\/246814"}],"wp:featuredmedia":[{"embeddable":true,"href":"https:\/\/informelitoral.com.ar\/%77%70%2d%6a%73%6f%6e\/wp\/v2\/media\/246811"}],"wp:attachment":[{"href":"https:\/\/informelitoral.com.ar\/%77%70%2d%6a%73%6f%6e\/wp\/v2\/media?parent=246809"}],"wp:term":[{"taxonomy":"category","embeddable":true,"href":"https:\/\/informelitoral.com.ar\/%77%70%2d%6a%73%6f%6e\/wp\/v2\/categories?post=246809"},{"taxonomy":"post_tag","embeddable":true,"href":"https:\/\/informelitoral.com.ar\/%77%70%2d%6a%73%6f%6e\/wp\/v2\/tags?post=246809"}],"curies":[{"name":"wp","href":"https:\/\/api.w.org\/{rel}","templated":true}]}}