{"id":246795,"date":"2026-01-19T15:15:58","date_gmt":"2026-01-19T18:15:58","guid":{"rendered":"https:\/\/informelitoral.com.ar\/?p=246795"},"modified":"2026-01-19T15:17:52","modified_gmt":"2026-01-19T18:17:52","slug":"alarma-en-boca-se-confirmo-la-lesion-de-miguel-merentiel-y-sera-baja-para-el-debut","status":"publish","type":"post","link":"https:\/\/informelitoral.com.ar\/alarma-en-boca-se-confirmo-la-lesion-de-miguel-merentiel-y-sera-baja-para-el-debut\/","title":{"rendered":"Alarma en Boca: se confirm\u00f3 la lesi\u00f3n de Miguel Merentiel y ser\u00e1 baja para el debut"},"content":{"rendered":"<p data-path-to-node=\"4\">Lo que comenz\u00f3 como una mueca de dolor en un partido de preparaci\u00f3n termin\u00f3 por confirmarse como un verdadero dolor de cabeza para el mundo <b data-path-to-node=\"4\" data-index-in-node=\"140\">Boca<\/b>. Luego de someterse a estudios m\u00e9dicos este lunes, se ratific\u00f3 que <b data-path-to-node=\"4\" data-index-in-node=\"212\">Miguel \u00abla Bestia\u00bb Merentiel<\/b> padece un <b data-path-to-node=\"4\" data-index-in-node=\"251\">desgarro en el gemelo<\/b>, lesi\u00f3n que lo marginar\u00e1 de las canchas por varias semanas.<\/p>\n<h3 data-path-to-node=\"5\"><img decoding=\"async\" src=\"https:\/\/media.bolavip.com\/%77%70%2d%63%6f%6e%74%65%6e%74\/uploads\/sites\/18\/2025\/11\/30123249\/Merentiel-2-4805x3203.webp\" alt=\"Miguel Merentiel, delantero de Boca. (Rodrigo Valle\/Getty Images)\" \/><\/h3>\n<p data-path-to-node=\"6\">El incidente ocurri\u00f3 apenas pasados los 10 minutos del encuentro amistoso contra Olimpia. Tras una acci\u00f3n fortuita, el atacante charr\u00faa hizo el gesto inequ\u00edvoco hacia el banco de suplentes solicitando el cambio.<\/p>\n<p data-path-to-node=\"7\">A pesar de que inicialmente se pens\u00f3 que pod\u00eda tratarse de una contractura fuerte por un golpe previo, la imagen del jugador con <b data-path-to-node=\"7\" data-index-in-node=\"129\">hielo en la zona afectada<\/b> y su rostro de frustraci\u00f3n ya adelantaban un diagn\u00f3stico m\u00e1s severo. Lucas Janson fue el encargado de reemplazarlo en aquel momento, pero la preocupaci\u00f3n se instal\u00f3 de inmediato en el cuerpo t\u00e9cnico.<\/p>\n<h2 data-path-to-node=\"8\"><strong>El impacto en el esquema de \u00dabeda<\/strong><\/h2>\n<p data-path-to-node=\"9\">En conferencia de prensa, <b data-path-to-node=\"9\" data-index-in-node=\"26\">Claudio \u00dabeda<\/b> no ocult\u00f3 su inquietud: <i data-path-to-node=\"9\" data-index-in-node=\"64\">\u00abL\u00f3gico que preocupa y nos ocupa. Es una posici\u00f3n en la que estamos recuperando centrodelanteros y necesitamos de todos\u00bb<\/i>. La baja de Merentiel es sensible, no solo por su capacidad goleadora, sino por el despliegue f\u00edsico que ofrece al equipo.<\/p>\n<p data-path-to-node=\"10\">De acuerdo a los tiempos habituales de recuperaci\u00f3n para este tipo de lesiones musculares, el uruguayo se perder\u00e1 de m\u00ednima los siguientes compromisos:<\/p>\n<ul data-path-to-node=\"11\">\n<li>\n<p data-path-to-node=\"11,0,0\"><b data-path-to-node=\"11,0,0\" data-index-in-node=\"0\">Debut en el Torneo Apertura<\/b><\/p>\n<\/li>\n<li>\n<p data-path-to-node=\"11,1,0\"><b data-path-to-node=\"11,1,0\" data-index-in-node=\"0\">Estudiantes de La Plata<\/b><\/p>\n<\/li>\n<li>\n<p data-path-to-node=\"11,2,0\"><b data-path-to-node=\"11,2,0\" data-index-in-node=\"0\">Newell&#8217;s Old Boys<\/b><\/p>\n<\/li>\n<li>\n<p data-path-to-node=\"11,3,0\"><b data-path-to-node=\"11,3,0\" data-index-in-node=\"0\">V\u00e9lez Sarsfield<\/b><\/p>\n<\/li>\n<li>\n<p data-path-to-node=\"11,4,0\"><b data-path-to-node=\"11,4,0\" data-index-in-node=\"0\">Platense<\/b><\/p>\n<\/li>\n<\/ul>\n<p data-path-to-node=\"12\">El cuerpo m\u00e9dico del \u00abXeneize\u00bb evaluar\u00e1 la evoluci\u00f3n semana a semana, pero el objetivo principal ser\u00e1 que el delantero regrese al 100% de sus capacidades para evitar una reca\u00edda en una zona tan sensible como el gemelo, la cual suele ser traicionera para los futbolistas de potencia.<\/p>\n","protected":false},"excerpt":{"rendered":"<p>El delantero uruguayo sufri\u00f3 un desgarro en el gemelo durante el amistoso ante Olimpia. Se perder\u00eda al menos las primeras cinco fechas del Torneo Apertura, complicando los planes de Claudio \u00dabeda.<\/p>\n","protected":false},"author":8,"featured_media":246796,"comment_status":"open","ping_status":"open","sticky":false,"template":"","format":"standard","meta":{"fifu_image_url":"https:\/\/media.bolavip.com\/wp-content\/uploads\/sites\/18\/2025\/07\/31131047\/Picsart_25-07-31_13-04-54-030-740x416.webp","fifu_image_alt":"","footnotes":""},"categories":[13],"tags":[384,6389],"class_list":{"0":"post-246795","1":"post","2":"type-post","3":"status-publish","4":"format-standard","5":"has-post-thumbnail","7":"category-deportes","8":"tag-boca-juniors","9":"tag-miguel-merentiel"},"yoast_head":"<title>Alarma en Boca: se confirm\u00f3 la lesi\u00f3n de Miguel Merentiel y ser\u00e1 baja para el debut - Informe Litoral<\/title>\n<meta name=\"robots\" content=\"index, follow, max-snippet:-1, max-image-preview:large, max-video-preview:-1\" \/>\n<link rel=\"canonical\" href=\"https:\/\/informelitoral.com.ar\/alarma-en-boca-se-confirmo-la-lesion-de-miguel-merentiel-y-sera-baja-para-el-debut\/\" \/>\n<meta property=\"og:locale\" content=\"es_ES\" \/>\n<meta property=\"og:type\" content=\"article\" \/>\n<meta property=\"og:title\" content=\"Alarma en Boca: se confirm\u00f3 la lesi\u00f3n de Miguel Merentiel y ser\u00e1 baja para el debut - Informe Litoral\" \/>\n<meta property=\"og:description\" content=\"El delantero uruguayo sufri\u00f3 un desgarro en el gemelo durante el amistoso ante Olimpia. Se perder\u00eda al menos las primeras cinco fechas del Torneo Apertura, complicando los planes de Claudio \u00dabeda.\" \/>\n<meta property=\"og:url\" content=\"https:\/\/informelitoral.com.ar\/alarma-en-boca-se-confirmo-la-lesion-de-miguel-merentiel-y-sera-baja-para-el-debut\/\" \/>\n<meta property=\"og:site_name\" content=\"Informe Litoral\" \/>\n<meta property=\"article:publisher\" content=\"https:\/\/www.facebook.com\/informelitoral\/\" \/>\n<meta property=\"article:published_time\" content=\"2026-01-19T18:15:58+00:00\" \/>\n<meta property=\"article:modified_time\" content=\"2026-01-19T18:17:52+00:00\" \/>\n<meta property=\"og:image\" content=\"https:\/\/media.bolavip.com\/%77%70%2d%63%6f%6e%74%65%6e%74\/uploads\/sites\/18\/2025\/07\/31131047\/Picsart_25-07-31_13-04-54-030-740x416.webp\" \/>\n<meta name=\"author\" content=\"Sebastian\" \/>\n<meta name=\"twitter:card\" content=\"summary_large_image\" \/>\n<meta name=\"twitter:image\" content=\"https:\/\/media.bolavip.com\/%77%70%2d%63%6f%6e%74%65%6e%74\/uploads\/sites\/18\/2025\/07\/31131047\/Picsart_25-07-31_13-04-54-030-740x416.webp\" \/>\n<meta name=\"twitter:creator\" content=\"@InformeLitoral\" \/>\n<meta name=\"twitter:site\" content=\"@InformeLitoral\" \/>\n<meta name=\"twitter:label1\" content=\"Escrito por\" \/>\n\t<meta name=\"twitter:data1\" content=\"Sebastian\" \/>\n\t<meta name=\"twitter:label2\" content=\"Tiempo de lectura\" \/>\n\t<meta name=\"twitter:data2\" content=\"2 minutos\" \/>\n<script type=\"application\/ld+json\" class=\"yoast-schema-graph\">{\"@context\":\"https:\\\/\\\/schema.org\",\"@graph\":[{\"@type\":\"Article\",\"@id\":\"https:\\\/\\\/informelitoral.com.ar\\\/alarma-en-boca-se-confirmo-la-lesion-de-miguel-merentiel-y-sera-baja-para-el-debut\\\/#article\",\"isPartOf\":{\"@id\":\"https:\\\/\\\/informelitoral.com.ar\\\/alarma-en-boca-se-confirmo-la-lesion-de-miguel-merentiel-y-sera-baja-para-el-debut\\\/\"},\"author\":{\"name\":\"Sebastian\",\"@id\":\"https:\\\/\\\/informelitoral.com.ar\\\/#\\\/schema\\\/person\\\/f05f9f461677119578717524b127d6d5\"},\"headline\":\"Alarma en Boca: se confirm\u00f3 la lesi\u00f3n de Miguel Merentiel y ser\u00e1 baja para el debut\",\"datePublished\":\"2026-01-19T18:15:58+00:00\",\"dateModified\":\"2026-01-19T18:17:52+00:00\",\"mainEntityOfPage\":{\"@id\":\"https:\\\/\\\/informelitoral.com.ar\\\/alarma-en-boca-se-confirmo-la-lesion-de-miguel-merentiel-y-sera-baja-para-el-debut\\\/\"},\"wordCount\":328,\"commentCount\":0,\"publisher\":{\"@id\":\"https:\\\/\\\/informelitoral.com.ar\\\/#organization\"},\"image\":{\"@id\":\"https:\\\/\\\/informelitoral.com.ar\\\/alarma-en-boca-se-confirmo-la-lesion-de-miguel-merentiel-y-sera-baja-para-el-debut\\\/#primaryimage\"},\"thumbnailUrl\":\"https:\\\/\\\/media.bolavip.com\\\/%77%70%2d%63%6f%6e%74%65%6e%74\\\/uploads\\\/sites\\\/18\\\/2025\\\/07\\\/31131047\\\/Picsart_25-07-31_13-04-54-030-740x416.webp\",\"keywords\":[\"Boca Juniors\",\"Miguel Merentiel\"],\"articleSection\":[\"Deportes\"],\"inLanguage\":\"es\",\"potentialAction\":[{\"@type\":\"CommentAction\",\"name\":\"Comment\",\"target\":[\"https:\\\/\\\/informelitoral.com.ar\\\/alarma-en-boca-se-confirmo-la-lesion-de-miguel-merentiel-y-sera-baja-para-el-debut\\\/#respond\"]}]},{\"@type\":\"WebPage\",\"@id\":\"https:\\\/\\\/informelitoral.com.ar\\\/alarma-en-boca-se-confirmo-la-lesion-de-miguel-merentiel-y-sera-baja-para-el-debut\\\/\",\"url\":\"https:\\\/\\\/informelitoral.com.ar\\\/alarma-en-boca-se-confirmo-la-lesion-de-miguel-merentiel-y-sera-baja-para-el-debut\\\/\",\"name\":\"Alarma en Boca: se confirm\u00f3 la lesi\u00f3n de Miguel Merentiel y ser\u00e1 baja para el debut - Informe Litoral\",\"isPartOf\":{\"@id\":\"https:\\\/\\\/informelitoral.com.ar\\\/#website\"},\"primaryImageOfPage\":{\"@id\":\"https:\\\/\\\/informelitoral.com.ar\\\/alarma-en-boca-se-confirmo-la-lesion-de-miguel-merentiel-y-sera-baja-para-el-debut\\\/#primaryimage\"},\"image\":{\"@id\":\"https:\\\/\\\/informelitoral.com.ar\\\/alarma-en-boca-se-confirmo-la-lesion-de-miguel-merentiel-y-sera-baja-para-el-debut\\\/#primaryimage\"},\"thumbnailUrl\":\"https:\\\/\\\/media.bolavip.com\\\/%77%70%2d%63%6f%6e%74%65%6e%74\\\/uploads\\\/sites\\\/18\\\/2025\\\/07\\\/31131047\\\/Picsart_25-07-31_13-04-54-030-740x416.webp\",\"datePublished\":\"2026-01-19T18:15:58+00:00\",\"dateModified\":\"2026-01-19T18:17:52+00:00\",\"breadcrumb\":{\"@id\":\"https:\\\/\\\/informelitoral.com.ar\\\/alarma-en-boca-se-confirmo-la-lesion-de-miguel-merentiel-y-sera-baja-para-el-debut\\\/#breadcrumb\"},\"inLanguage\":\"es\",\"potentialAction\":[{\"@type\":\"ReadAction\",\"target\":[\"https:\\\/\\\/informelitoral.com.ar\\\/alarma-en-boca-se-confirmo-la-lesion-de-miguel-merentiel-y-sera-baja-para-el-debut\\\/\"]}]},{\"@type\":\"ImageObject\",\"inLanguage\":\"es\",\"@id\":\"https:\\\/\\\/informelitoral.com.ar\\\/alarma-en-boca-se-confirmo-la-lesion-de-miguel-merentiel-y-sera-baja-para-el-debut\\\/#primaryimage\",\"url\":\"https:\\\/\\\/media.bolavip.com\\\/%77%70%2d%63%6f%6e%74%65%6e%74\\\/uploads\\\/sites\\\/18\\\/2025\\\/07\\\/31131047\\\/Picsart_25-07-31_13-04-54-030-740x416.webp\",\"contentUrl\":\"https:\\\/\\\/media.bolavip.com\\\/%77%70%2d%63%6f%6e%74%65%6e%74\\\/uploads\\\/sites\\\/18\\\/2025\\\/07\\\/31131047\\\/Picsart_25-07-31_13-04-54-030-740x416.webp\",\"width\":\"740\",\"height\":\"416\"},{\"@type\":\"BreadcrumbList\",\"@id\":\"https:\\\/\\\/informelitoral.com.ar\\\/alarma-en-boca-se-confirmo-la-lesion-de-miguel-merentiel-y-sera-baja-para-el-debut\\\/#breadcrumb\",\"itemListElement\":[{\"@type\":\"ListItem\",\"position\":1,\"name\":\"Portada\",\"item\":\"https:\\\/\\\/informelitoral.com.ar\\\/\"},{\"@type\":\"ListItem\",\"position\":2,\"name\":\"Alarma en Boca: se confirm\u00f3 la lesi\u00f3n de Miguel Merentiel y ser\u00e1 baja para el debut\"}]},{\"@type\":\"WebSite\",\"@id\":\"https:\\\/\\\/informelitoral.com.ar\\\/#website\",\"url\":\"https:\\\/\\\/informelitoral.com.ar\\\/\",\"name\":\"Informe Litoral\",\"description\":\"&quot;Nos informamos&quot; \",\"publisher\":{\"@id\":\"https:\\\/\\\/informelitoral.com.ar\\\/#organization\"},\"potentialAction\":[{\"@type\":\"SearchAction\",\"target\":{\"@type\":\"EntryPoint\",\"urlTemplate\":\"https:\\\/\\\/informelitoral.com.ar\\\/?s={search_term_string}\"},\"query-input\":{\"@type\":\"PropertyValueSpecification\",\"valueRequired\":true,\"valueName\":\"search_term_string\"}}],\"inLanguage\":\"es\"},{\"@type\":\"Organization\",\"@id\":\"https:\\\/\\\/informelitoral.com.ar\\\/#organization\",\"name\":\"Informe Litoral\",\"url\":\"https:\\\/\\\/informelitoral.com.ar\\\/\",\"logo\":{\"@type\":\"ImageObject\",\"inLanguage\":\"es\",\"@id\":\"https:\\\/\\\/informelitoral.com.ar\\\/#\\\/schema\\\/logo\\\/image\\\/\",\"url\":\"https:\\\/\\\/informelitoral.com.ar\\\/%77%70%2d%63%6f%6e%74%65%6e%74\\\/uploads\\\/2021\\\/01\\\/circulo.png\",\"contentUrl\":\"https:\\\/\\\/informelitoral.com.ar\\\/%77%70%2d%63%6f%6e%74%65%6e%74\\\/uploads\\\/2021\\\/01\\\/circulo.png\",\"width\":723,\"height\":731,\"caption\":\"Informe Litoral\"},\"image\":{\"@id\":\"https:\\\/\\\/informelitoral.com.ar\\\/#\\\/schema\\\/logo\\\/image\\\/\"},\"sameAs\":[\"https:\\\/\\\/www.facebook.com\\\/informelitoral\\\/\",\"https:\\\/\\\/x.com\\\/InformeLitoral\",\"https:\\\/\\\/www.instagram.com\\\/informelitoral\\\/\",\"https:\\\/\\\/www.youtube.com\\\/channel\\\/UCua4Qvz8Icb6MYqhoq9xLXw\"]},{\"@type\":\"Person\",\"@id\":\"https:\\\/\\\/informelitoral.com.ar\\\/#\\\/schema\\\/person\\\/f05f9f461677119578717524b127d6d5\",\"name\":\"Sebastian\",\"image\":{\"@type\":\"ImageObject\",\"inLanguage\":\"es\",\"@id\":\"https:\\\/\\\/secure.gravatar.com\\\/avatar\\\/b71bf7481d447dfb9583c7f2798e7cc64de6efb9067b74633ed8c31059a3bd82?s=96&d=mm&r=g\",\"url\":\"https:\\\/\\\/secure.gravatar.com\\\/avatar\\\/b71bf7481d447dfb9583c7f2798e7cc64de6efb9067b74633ed8c31059a3bd82?s=96&d=mm&r=g\",\"contentUrl\":\"https:\\\/\\\/secure.gravatar.com\\\/avatar\\\/b71bf7481d447dfb9583c7f2798e7cc64de6efb9067b74633ed8c31059a3bd82?s=96&d=mm&r=g\",\"caption\":\"Sebastian\"},\"url\":\"https:\\\/\\\/informelitoral.com.ar\\\/author\\\/sebastian\\\/\"}]}<\/script>","yoast_head_json":{"title":"Alarma en Boca: se confirm\u00f3 la lesi\u00f3n de Miguel Merentiel y ser\u00e1 baja para el debut - Informe Litoral","robots":{"index":"index","follow":"follow","max-snippet":"max-snippet:-1","max-image-preview":"max-image-preview:large","max-video-preview":"max-video-preview:-1"},"canonical":"https:\/\/informelitoral.com.ar\/alarma-en-boca-se-confirmo-la-lesion-de-miguel-merentiel-y-sera-baja-para-el-debut\/","og_locale":"es_ES","og_type":"article","og_title":"Alarma en Boca: se confirm\u00f3 la lesi\u00f3n de Miguel Merentiel y ser\u00e1 baja para el debut - Informe Litoral","og_description":"El delantero uruguayo sufri\u00f3 un desgarro en el gemelo durante el amistoso ante Olimpia. Se perder\u00eda al menos las primeras cinco fechas del Torneo Apertura, complicando los planes de Claudio \u00dabeda.","og_url":"https:\/\/informelitoral.com.ar\/alarma-en-boca-se-confirmo-la-lesion-de-miguel-merentiel-y-sera-baja-para-el-debut\/","og_site_name":"Informe Litoral","article_publisher":"https:\/\/www.facebook.com\/informelitoral\/","article_published_time":"2026-01-19T18:15:58+00:00","article_modified_time":"2026-01-19T18:17:52+00:00","og_image":[{"url":"https:\/\/media.bolavip.com\/wp-content\/uploads\/sites\/18\/2025\/07\/31131047\/Picsart_25-07-31_13-04-54-030-740x416.webp","type":"","width":"","height":""}],"author":"Sebastian","twitter_card":"summary_large_image","twitter_image":"https:\/\/media.bolavip.com\/wp-content\/uploads\/sites\/18\/2025\/07\/31131047\/Picsart_25-07-31_13-04-54-030-740x416.webp","twitter_creator":"@InformeLitoral","twitter_site":"@InformeLitoral","twitter_misc":{"Escrito por":"Sebastian","Tiempo de lectura":"2 minutos"},"schema":{"@context":"https:\/\/schema.org","@graph":[{"@type":"Article","@id":"https:\/\/informelitoral.com.ar\/alarma-en-boca-se-confirmo-la-lesion-de-miguel-merentiel-y-sera-baja-para-el-debut\/#article","isPartOf":{"@id":"https:\/\/informelitoral.com.ar\/alarma-en-boca-se-confirmo-la-lesion-de-miguel-merentiel-y-sera-baja-para-el-debut\/"},"author":{"name":"Sebastian","@id":"https:\/\/informelitoral.com.ar\/#\/schema\/person\/f05f9f461677119578717524b127d6d5"},"headline":"Alarma en Boca: se confirm\u00f3 la lesi\u00f3n de Miguel Merentiel y ser\u00e1 baja para el debut","datePublished":"2026-01-19T18:15:58+00:00","dateModified":"2026-01-19T18:17:52+00:00","mainEntityOfPage":{"@id":"https:\/\/informelitoral.com.ar\/alarma-en-boca-se-confirmo-la-lesion-de-miguel-merentiel-y-sera-baja-para-el-debut\/"},"wordCount":328,"commentCount":0,"publisher":{"@id":"https:\/\/informelitoral.com.ar\/#organization"},"image":{"@id":"https:\/\/informelitoral.com.ar\/alarma-en-boca-se-confirmo-la-lesion-de-miguel-merentiel-y-sera-baja-para-el-debut\/#primaryimage"},"thumbnailUrl":"https:\/\/media.bolavip.com\/%77%70%2d%63%6f%6e%74%65%6e%74\/uploads\/sites\/18\/2025\/07\/31131047\/Picsart_25-07-31_13-04-54-030-740x416.webp","keywords":["Boca Juniors","Miguel Merentiel"],"articleSection":["Deportes"],"inLanguage":"es","potentialAction":[{"@type":"CommentAction","name":"Comment","target":["https:\/\/informelitoral.com.ar\/alarma-en-boca-se-confirmo-la-lesion-de-miguel-merentiel-y-sera-baja-para-el-debut\/#respond"]}]},{"@type":"WebPage","@id":"https:\/\/informelitoral.com.ar\/alarma-en-boca-se-confirmo-la-lesion-de-miguel-merentiel-y-sera-baja-para-el-debut\/","url":"https:\/\/informelitoral.com.ar\/alarma-en-boca-se-confirmo-la-lesion-de-miguel-merentiel-y-sera-baja-para-el-debut\/","name":"Alarma en Boca: se confirm\u00f3 la lesi\u00f3n de Miguel Merentiel y ser\u00e1 baja para el debut - Informe Litoral","isPartOf":{"@id":"https:\/\/informelitoral.com.ar\/#website"},"primaryImageOfPage":{"@id":"https:\/\/informelitoral.com.ar\/alarma-en-boca-se-confirmo-la-lesion-de-miguel-merentiel-y-sera-baja-para-el-debut\/#primaryimage"},"image":{"@id":"https:\/\/informelitoral.com.ar\/alarma-en-boca-se-confirmo-la-lesion-de-miguel-merentiel-y-sera-baja-para-el-debut\/#primaryimage"},"thumbnailUrl":"https:\/\/media.bolavip.com\/%77%70%2d%63%6f%6e%74%65%6e%74\/uploads\/sites\/18\/2025\/07\/31131047\/Picsart_25-07-31_13-04-54-030-740x416.webp","datePublished":"2026-01-19T18:15:58+00:00","dateModified":"2026-01-19T18:17:52+00:00","breadcrumb":{"@id":"https:\/\/informelitoral.com.ar\/alarma-en-boca-se-confirmo-la-lesion-de-miguel-merentiel-y-sera-baja-para-el-debut\/#breadcrumb"},"inLanguage":"es","potentialAction":[{"@type":"ReadAction","target":["https:\/\/informelitoral.com.ar\/alarma-en-boca-se-confirmo-la-lesion-de-miguel-merentiel-y-sera-baja-para-el-debut\/"]}]},{"@type":"ImageObject","inLanguage":"es","@id":"https:\/\/informelitoral.com.ar\/alarma-en-boca-se-confirmo-la-lesion-de-miguel-merentiel-y-sera-baja-para-el-debut\/#primaryimage","url":"https:\/\/media.bolavip.com\/%77%70%2d%63%6f%6e%74%65%6e%74\/uploads\/sites\/18\/2025\/07\/31131047\/Picsart_25-07-31_13-04-54-030-740x416.webp","contentUrl":"https:\/\/media.bolavip.com\/%77%70%2d%63%6f%6e%74%65%6e%74\/uploads\/sites\/18\/2025\/07\/31131047\/Picsart_25-07-31_13-04-54-030-740x416.webp","width":"740","height":"416"},{"@type":"BreadcrumbList","@id":"https:\/\/informelitoral.com.ar\/alarma-en-boca-se-confirmo-la-lesion-de-miguel-merentiel-y-sera-baja-para-el-debut\/#breadcrumb","itemListElement":[{"@type":"ListItem","position":1,"name":"Portada","item":"https:\/\/informelitoral.com.ar\/"},{"@type":"ListItem","position":2,"name":"Alarma en Boca: se confirm\u00f3 la lesi\u00f3n de Miguel Merentiel y ser\u00e1 baja para el debut"}]},{"@type":"WebSite","@id":"https:\/\/informelitoral.com.ar\/#website","url":"https:\/\/informelitoral.com.ar\/","name":"Informe Litoral","description":"&quot;Nos informamos&quot; ","publisher":{"@id":"https:\/\/informelitoral.com.ar\/#organization"},"potentialAction":[{"@type":"SearchAction","target":{"@type":"EntryPoint","urlTemplate":"https:\/\/informelitoral.com.ar\/?s={search_term_string}"},"query-input":{"@type":"PropertyValueSpecification","valueRequired":true,"valueName":"search_term_string"}}],"inLanguage":"es"},{"@type":"Organization","@id":"https:\/\/informelitoral.com.ar\/#organization","name":"Informe Litoral","url":"https:\/\/informelitoral.com.ar\/","logo":{"@type":"ImageObject","inLanguage":"es","@id":"https:\/\/informelitoral.com.ar\/#\/schema\/logo\/image\/","url":"https:\/\/informelitoral.com.ar\/%77%70%2d%63%6f%6e%74%65%6e%74\/uploads\/2021\/01\/circulo.png","contentUrl":"https:\/\/informelitoral.com.ar\/%77%70%2d%63%6f%6e%74%65%6e%74\/uploads\/2021\/01\/circulo.png","width":723,"height":731,"caption":"Informe Litoral"},"image":{"@id":"https:\/\/informelitoral.com.ar\/#\/schema\/logo\/image\/"},"sameAs":["https:\/\/www.facebook.com\/informelitoral\/","https:\/\/x.com\/InformeLitoral","https:\/\/www.instagram.com\/informelitoral\/","https:\/\/www.youtube.com\/channel\/UCua4Qvz8Icb6MYqhoq9xLXw"]},{"@type":"Person","@id":"https:\/\/informelitoral.com.ar\/#\/schema\/person\/f05f9f461677119578717524b127d6d5","name":"Sebastian","image":{"@type":"ImageObject","inLanguage":"es","@id":"https:\/\/secure.gravatar.com\/avatar\/b71bf7481d447dfb9583c7f2798e7cc64de6efb9067b74633ed8c31059a3bd82?s=96&d=mm&r=g","url":"https:\/\/secure.gravatar.com\/avatar\/b71bf7481d447dfb9583c7f2798e7cc64de6efb9067b74633ed8c31059a3bd82?s=96&d=mm&r=g","contentUrl":"https:\/\/secure.gravatar.com\/avatar\/b71bf7481d447dfb9583c7f2798e7cc64de6efb9067b74633ed8c31059a3bd82?s=96&d=mm&r=g","caption":"Sebastian"},"url":"https:\/\/informelitoral.com.ar\/author\/sebastian\/"}]}},"fifu_image_url":"https:\/\/media.bolavip.com\/wp-content\/uploads\/sites\/18\/2025\/07\/31131047\/Picsart_25-07-31_13-04-54-030-740x416.webp","_links":{"self":[{"href":"https:\/\/informelitoral.com.ar\/%77%70%2d%6a%73%6f%6e\/wp\/v2\/posts\/246795","targetHints":{"allow":["GET"]}}],"collection":[{"href":"https:\/\/informelitoral.com.ar\/%77%70%2d%6a%73%6f%6e\/wp\/v2\/posts"}],"about":[{"href":"https:\/\/informelitoral.com.ar\/%77%70%2d%6a%73%6f%6e\/wp\/v2\/types\/post"}],"author":[{"embeddable":true,"href":"https:\/\/informelitoral.com.ar\/%77%70%2d%6a%73%6f%6e\/wp\/v2\/users\/8"}],"replies":[{"embeddable":true,"href":"https:\/\/informelitoral.com.ar\/%77%70%2d%6a%73%6f%6e\/wp\/v2\/comments?post=246795"}],"version-history":[{"count":2,"href":"https:\/\/informelitoral.com.ar\/%77%70%2d%6a%73%6f%6e\/wp\/v2\/posts\/246795\/revisions"}],"predecessor-version":[{"id":246799,"href":"https:\/\/informelitoral.com.ar\/%77%70%2d%6a%73%6f%6e\/wp\/v2\/posts\/246795\/revisions\/246799"}],"wp:featuredmedia":[{"embeddable":true,"href":"https:\/\/informelitoral.com.ar\/%77%70%2d%6a%73%6f%6e\/wp\/v2\/media\/246796"}],"wp:attachment":[{"href":"https:\/\/informelitoral.com.ar\/%77%70%2d%6a%73%6f%6e\/wp\/v2\/media?parent=246795"}],"wp:term":[{"taxonomy":"category","embeddable":true,"href":"https:\/\/informelitoral.com.ar\/%77%70%2d%6a%73%6f%6e\/wp\/v2\/categories?post=246795"},{"taxonomy":"post_tag","embeddable":true,"href":"https:\/\/informelitoral.com.ar\/%77%70%2d%6a%73%6f%6e\/wp\/v2\/tags?post=246795"}],"curies":[{"name":"wp","href":"https:\/\/api.w.org\/{rel}","templated":true}]}}