{"id":246787,"date":"2026-01-19T15:03:07","date_gmt":"2026-01-19T18:03:07","guid":{"rendered":"https:\/\/informelitoral.com.ar\/?p=246787"},"modified":"2026-01-19T15:04:54","modified_gmt":"2026-01-19T18:04:54","slug":"becas-progresar-2026-anses-confirmo-el-pago-de-enero-y-los-requisitos-para-cobrar-el-beneficio","status":"publish","type":"post","link":"https:\/\/informelitoral.com.ar\/becas-progresar-2026-anses-confirmo-el-pago-de-enero-y-los-requisitos-para-cobrar-el-beneficio\/","title":{"rendered":"Becas Progresar 2026: ANSES confirm\u00f3 el pago de enero y los requisitos para cobrar el beneficio"},"content":{"rendered":"<p data-path-to-node=\"4\">La <b data-path-to-node=\"4\" data-index-in-node=\"3\">Administraci\u00f3n Nacional de la Seguridad Social (ANSES)<\/b> ratific\u00f3 el calendario de pagos para este mes, incluyendo el desembolso correspondiente a las <b data-path-to-node=\"4\" data-index-in-node=\"152\">Becas Progresar<\/b>. Este programa, fundamental para el sostenimiento de trayectorias educativas, est\u00e1 dirigido a j\u00f3venes que cursan estudios secundarios, terciarios o universitarios.<\/p>\n<h3 data-path-to-node=\"5\"><a href=\"https:\/\/informelitoral.com.ar\/%77%70%2d%63%6f%6e%74%65%6e%74\/uploads\/2024\/07\/becas-progresarjpg.webp\"><img loading=\"lazy\" decoding=\"async\" class=\"wp-image-190521 size-full aligncenter\" src=\"https:\/\/informelitoral.com.ar\/%77%70%2d%63%6f%6e%74%65%6e%74\/uploads\/2024\/07\/becas-progresarjpg.webp\" alt=\"\" width=\"540\" height=\"405\" srcset=\"https:\/\/informelitoral.com.ar\/%77%70%2d%63%6f%6e%74%65%6e%74\/uploads\/2024\/07\/becas-progresarjpg.webp 540w, https:\/\/informelitoral.com.ar\/%77%70%2d%63%6f%6e%74%65%6e%74\/uploads\/2024\/07\/becas-progresarjpg-300x225.webp 300w, https:\/\/informelitoral.com.ar\/%77%70%2d%63%6f%6e%74%65%6e%74\/uploads\/2024\/07\/becas-progresarjpg-80x60.webp 80w, https:\/\/informelitoral.com.ar\/%77%70%2d%63%6f%6e%74%65%6e%74\/uploads\/2024\/07\/becas-progresarjpg-265x198.webp 265w\" sizes=\"auto, (max-width: 540px) 100vw, 540px\" \/><\/a><\/h3>\n<p data-path-to-node=\"6\">Actualmente, el monto bruto de la beca se ubica en <b data-path-to-node=\"6\" data-index-in-node=\"51\">$35.000<\/b>. Sin embargo, de manera mensual los estudiantes perciben el <b data-path-to-node=\"6\" data-index-in-node=\"119\">80% del total ($28.000)<\/b>. El 20% restante es retenido por el organismo previsional y se liquida en una \u00fanica cuota anual tras la acreditaci\u00f3n del cumplimiento de las metas acad\u00e9micas y la regularidad escolar.<\/p>\n<p data-path-to-node=\"7\">Es fundamental aclarar que este pago de enero est\u00e1 destinado a quienes a\u00fan tienen cuotas pendientes del esquema 2025. Seg\u00fan la fecha de adjudicaci\u00f3n, los beneficiarios reciben entre 6 y 12 cuotas anuales.<\/p>\n<h2 data-path-to-node=\"8\"><strong>Qui\u00e9nes pueden acceder<\/strong><\/h2>\n<p data-path-to-node=\"9\">Para mantener o solicitar el beneficio, los estudiantes deben cumplir con una serie de condiciones estrictas:<\/p>\n<ul data-path-to-node=\"10\">\n<li>\n<p data-path-to-node=\"10,0,0\"><b data-path-to-node=\"10,0,0\" data-index-in-node=\"0\">Edad:<\/b> Entre 16 y 24 a\u00f1os (sin l\u00edmite de edad para la carrera de Enfermer\u00eda).<\/p>\n<\/li>\n<li>\n<p data-path-to-node=\"10,1,0\"><b data-path-to-node=\"10,1,0\" data-index-in-node=\"0\">Ingresos:<\/b> El grupo familiar no debe superar los <b data-path-to-node=\"10,1,0\" data-index-in-node=\"48\">tres Salarios M\u00ednimos, Vitales y M\u00f3viles (SMVM)<\/b>.<\/p>\n<\/li>\n<li>\n<p data-path-to-node=\"10,2,0\"><b data-path-to-node=\"10,2,0\" data-index-in-node=\"0\">Regularidad:<\/b> Estar inscripto en instituciones educativas oficiales.<\/p>\n<\/li>\n<li>\n<p data-path-to-node=\"10,3,0\"><b data-path-to-node=\"10,3,0\" data-index-in-node=\"0\">Salud:<\/b> Contar con el esquema de vacunaci\u00f3n completo seg\u00fan la edad.<\/p>\n<\/li>\n<\/ul>\n<h2 data-path-to-node=\"11\"><strong>C\u00f3mo inscribirse<\/strong><\/h2>\n<p data-path-to-node=\"12\">El tr\u00e1mite es <b data-path-to-node=\"12\" data-index-in-node=\"14\">100% digital<\/b> a trav\u00e9s de la web oficial de Progresar. Los aspirantes deben crear un usuario, elegir la l\u00ednea de beca correspondiente y completar tres formularios obligatorios: datos personales, encuesta socioecon\u00f3mica e informaci\u00f3n acad\u00e9mica.<\/p>\n<p data-path-to-node=\"13\">La transparencia en la carga de datos y la declaraci\u00f3n de una cuenta bancaria o billetera virtual a nombre del titular son pasos determinantes para que la solicitud sea aprobada con \u00e9xito.<\/p>\n","protected":false},"excerpt":{"rendered":"<p>El programa alcanza a m\u00e1s de un mill\u00f3n de estudiantes en todo el pa\u00eds. Los beneficiarios percibir\u00e1n un neto de $28.000 mensuales, mientras que el resto queda retenido hasta la presentaci\u00f3n del certificado de alumno regular.<\/p>\n","protected":false},"author":8,"featured_media":200074,"comment_status":"open","ping_status":"open","sticky":false,"template":"","format":"standard","meta":{"fifu_image_url":"","fifu_image_alt":"","footnotes":""},"categories":[1594],"tags":[269,381,1041],"class_list":{"0":"post-246787","1":"post","2":"type-post","3":"status-publish","4":"format-standard","5":"has-post-thumbnail","7":"category-economia","8":"tag-anses","9":"tag-becas","10":"tag-pago"},"yoast_head":"<title>Becas Progresar 2026: ANSES confirm\u00f3 el pago de enero y los requisitos para cobrar el beneficio - Informe Litoral<\/title>\n<meta name=\"robots\" content=\"index, follow, max-snippet:-1, max-image-preview:large, max-video-preview:-1\" \/>\n<link rel=\"canonical\" href=\"https:\/\/informelitoral.com.ar\/becas-progresar-2026-anses-confirmo-el-pago-de-enero-y-los-requisitos-para-cobrar-el-beneficio\/\" \/>\n<meta property=\"og:locale\" content=\"es_ES\" \/>\n<meta property=\"og:type\" content=\"article\" \/>\n<meta property=\"og:title\" content=\"Becas Progresar 2026: ANSES confirm\u00f3 el pago de enero y los requisitos para cobrar el beneficio - Informe Litoral\" \/>\n<meta property=\"og:description\" content=\"El programa alcanza a m\u00e1s de un mill\u00f3n de estudiantes en todo el pa\u00eds. Los beneficiarios percibir\u00e1n un neto de $28.000 mensuales, mientras que el resto queda retenido hasta la presentaci\u00f3n del certificado de alumno regular.\" \/>\n<meta property=\"og:url\" content=\"https:\/\/informelitoral.com.ar\/becas-progresar-2026-anses-confirmo-el-pago-de-enero-y-los-requisitos-para-cobrar-el-beneficio\/\" \/>\n<meta property=\"og:site_name\" content=\"Informe Litoral\" \/>\n<meta property=\"article:publisher\" content=\"https:\/\/www.facebook.com\/informelitoral\/\" \/>\n<meta property=\"article:published_time\" content=\"2026-01-19T18:03:07+00:00\" \/>\n<meta property=\"article:modified_time\" content=\"2026-01-19T18:04:54+00:00\" \/>\n<meta property=\"og:image\" content=\"https:\/\/informelitoral.com.ar\/%77%70%2d%63%6f%6e%74%65%6e%74\/uploads\/2024\/10\/becas-progresar-foto2jpg.webp\" \/>\n\t<meta property=\"og:image:width\" content=\"1200\" \/>\n\t<meta property=\"og:image:height\" content=\"675\" \/>\n\t<meta property=\"og:image:type\" content=\"image\/webp\" \/>\n<meta name=\"author\" content=\"Sebastian\" \/>\n<meta name=\"twitter:card\" content=\"summary_large_image\" \/>\n<meta name=\"twitter:creator\" content=\"@InformeLitoral\" \/>\n<meta name=\"twitter:site\" content=\"@InformeLitoral\" \/>\n<meta name=\"twitter:label1\" content=\"Escrito por\" \/>\n\t<meta name=\"twitter:data1\" content=\"Sebastian\" \/>\n\t<meta name=\"twitter:label2\" content=\"Tiempo de lectura\" \/>\n\t<meta name=\"twitter:data2\" content=\"2 minutos\" \/>\n<script type=\"application\/ld+json\" class=\"yoast-schema-graph\">{\"@context\":\"https:\\\/\\\/schema.org\",\"@graph\":[{\"@type\":\"Article\",\"@id\":\"https:\\\/\\\/informelitoral.com.ar\\\/becas-progresar-2026-anses-confirmo-el-pago-de-enero-y-los-requisitos-para-cobrar-el-beneficio\\\/#article\",\"isPartOf\":{\"@id\":\"https:\\\/\\\/informelitoral.com.ar\\\/becas-progresar-2026-anses-confirmo-el-pago-de-enero-y-los-requisitos-para-cobrar-el-beneficio\\\/\"},\"author\":{\"name\":\"Sebastian\",\"@id\":\"https:\\\/\\\/informelitoral.com.ar\\\/#\\\/schema\\\/person\\\/f05f9f461677119578717524b127d6d5\"},\"headline\":\"Becas Progresar 2026: ANSES confirm\u00f3 el pago de enero y los requisitos para cobrar el beneficio\",\"datePublished\":\"2026-01-19T18:03:07+00:00\",\"dateModified\":\"2026-01-19T18:04:54+00:00\",\"mainEntityOfPage\":{\"@id\":\"https:\\\/\\\/informelitoral.com.ar\\\/becas-progresar-2026-anses-confirmo-el-pago-de-enero-y-los-requisitos-para-cobrar-el-beneficio\\\/\"},\"wordCount\":297,\"commentCount\":0,\"publisher\":{\"@id\":\"https:\\\/\\\/informelitoral.com.ar\\\/#organization\"},\"image\":{\"@id\":\"https:\\\/\\\/informelitoral.com.ar\\\/becas-progresar-2026-anses-confirmo-el-pago-de-enero-y-los-requisitos-para-cobrar-el-beneficio\\\/#primaryimage\"},\"thumbnailUrl\":\"https:\\\/\\\/informelitoral.com.ar\\\/%77%70%2d%63%6f%6e%74%65%6e%74\\\/uploads\\\/2024\\\/10\\\/becas-progresar-foto2jpg.webp\",\"keywords\":[\"Anses\",\"Becas\",\"Pago\"],\"articleSection\":[\"Econom\u00eda\"],\"inLanguage\":\"es\",\"potentialAction\":[{\"@type\":\"CommentAction\",\"name\":\"Comment\",\"target\":[\"https:\\\/\\\/informelitoral.com.ar\\\/becas-progresar-2026-anses-confirmo-el-pago-de-enero-y-los-requisitos-para-cobrar-el-beneficio\\\/#respond\"]}]},{\"@type\":\"WebPage\",\"@id\":\"https:\\\/\\\/informelitoral.com.ar\\\/becas-progresar-2026-anses-confirmo-el-pago-de-enero-y-los-requisitos-para-cobrar-el-beneficio\\\/\",\"url\":\"https:\\\/\\\/informelitoral.com.ar\\\/becas-progresar-2026-anses-confirmo-el-pago-de-enero-y-los-requisitos-para-cobrar-el-beneficio\\\/\",\"name\":\"Becas Progresar 2026: ANSES confirm\u00f3 el pago de enero y los requisitos para cobrar el beneficio - Informe Litoral\",\"isPartOf\":{\"@id\":\"https:\\\/\\\/informelitoral.com.ar\\\/#website\"},\"primaryImageOfPage\":{\"@id\":\"https:\\\/\\\/informelitoral.com.ar\\\/becas-progresar-2026-anses-confirmo-el-pago-de-enero-y-los-requisitos-para-cobrar-el-beneficio\\\/#primaryimage\"},\"image\":{\"@id\":\"https:\\\/\\\/informelitoral.com.ar\\\/becas-progresar-2026-anses-confirmo-el-pago-de-enero-y-los-requisitos-para-cobrar-el-beneficio\\\/#primaryimage\"},\"thumbnailUrl\":\"https:\\\/\\\/informelitoral.com.ar\\\/%77%70%2d%63%6f%6e%74%65%6e%74\\\/uploads\\\/2024\\\/10\\\/becas-progresar-foto2jpg.webp\",\"datePublished\":\"2026-01-19T18:03:07+00:00\",\"dateModified\":\"2026-01-19T18:04:54+00:00\",\"breadcrumb\":{\"@id\":\"https:\\\/\\\/informelitoral.com.ar\\\/becas-progresar-2026-anses-confirmo-el-pago-de-enero-y-los-requisitos-para-cobrar-el-beneficio\\\/#breadcrumb\"},\"inLanguage\":\"es\",\"potentialAction\":[{\"@type\":\"ReadAction\",\"target\":[\"https:\\\/\\\/informelitoral.com.ar\\\/becas-progresar-2026-anses-confirmo-el-pago-de-enero-y-los-requisitos-para-cobrar-el-beneficio\\\/\"]}]},{\"@type\":\"ImageObject\",\"inLanguage\":\"es\",\"@id\":\"https:\\\/\\\/informelitoral.com.ar\\\/becas-progresar-2026-anses-confirmo-el-pago-de-enero-y-los-requisitos-para-cobrar-el-beneficio\\\/#primaryimage\",\"url\":\"https:\\\/\\\/informelitoral.com.ar\\\/%77%70%2d%63%6f%6e%74%65%6e%74\\\/uploads\\\/2024\\\/10\\\/becas-progresar-foto2jpg.webp\",\"contentUrl\":\"https:\\\/\\\/informelitoral.com.ar\\\/%77%70%2d%63%6f%6e%74%65%6e%74\\\/uploads\\\/2024\\\/10\\\/becas-progresar-foto2jpg.webp\",\"width\":1200,\"height\":675},{\"@type\":\"BreadcrumbList\",\"@id\":\"https:\\\/\\\/informelitoral.com.ar\\\/becas-progresar-2026-anses-confirmo-el-pago-de-enero-y-los-requisitos-para-cobrar-el-beneficio\\\/#breadcrumb\",\"itemListElement\":[{\"@type\":\"ListItem\",\"position\":1,\"name\":\"Portada\",\"item\":\"https:\\\/\\\/informelitoral.com.ar\\\/\"},{\"@type\":\"ListItem\",\"position\":2,\"name\":\"Becas Progresar 2026: ANSES confirm\u00f3 el pago de enero y los requisitos para cobrar el beneficio\"}]},{\"@type\":\"WebSite\",\"@id\":\"https:\\\/\\\/informelitoral.com.ar\\\/#website\",\"url\":\"https:\\\/\\\/informelitoral.com.ar\\\/\",\"name\":\"Informe Litoral\",\"description\":\"&quot;Nos informamos&quot; \",\"publisher\":{\"@id\":\"https:\\\/\\\/informelitoral.com.ar\\\/#organization\"},\"potentialAction\":[{\"@type\":\"SearchAction\",\"target\":{\"@type\":\"EntryPoint\",\"urlTemplate\":\"https:\\\/\\\/informelitoral.com.ar\\\/?s={search_term_string}\"},\"query-input\":{\"@type\":\"PropertyValueSpecification\",\"valueRequired\":true,\"valueName\":\"search_term_string\"}}],\"inLanguage\":\"es\"},{\"@type\":\"Organization\",\"@id\":\"https:\\\/\\\/informelitoral.com.ar\\\/#organization\",\"name\":\"Informe Litoral\",\"url\":\"https:\\\/\\\/informelitoral.com.ar\\\/\",\"logo\":{\"@type\":\"ImageObject\",\"inLanguage\":\"es\",\"@id\":\"https:\\\/\\\/informelitoral.com.ar\\\/#\\\/schema\\\/logo\\\/image\\\/\",\"url\":\"https:\\\/\\\/informelitoral.com.ar\\\/%77%70%2d%63%6f%6e%74%65%6e%74\\\/uploads\\\/2021\\\/01\\\/circulo.png\",\"contentUrl\":\"https:\\\/\\\/informelitoral.com.ar\\\/%77%70%2d%63%6f%6e%74%65%6e%74\\\/uploads\\\/2021\\\/01\\\/circulo.png\",\"width\":723,\"height\":731,\"caption\":\"Informe Litoral\"},\"image\":{\"@id\":\"https:\\\/\\\/informelitoral.com.ar\\\/#\\\/schema\\\/logo\\\/image\\\/\"},\"sameAs\":[\"https:\\\/\\\/www.facebook.com\\\/informelitoral\\\/\",\"https:\\\/\\\/x.com\\\/InformeLitoral\",\"https:\\\/\\\/www.instagram.com\\\/informelitoral\\\/\",\"https:\\\/\\\/www.youtube.com\\\/channel\\\/UCua4Qvz8Icb6MYqhoq9xLXw\"]},{\"@type\":\"Person\",\"@id\":\"https:\\\/\\\/informelitoral.com.ar\\\/#\\\/schema\\\/person\\\/f05f9f461677119578717524b127d6d5\",\"name\":\"Sebastian\",\"image\":{\"@type\":\"ImageObject\",\"inLanguage\":\"es\",\"@id\":\"https:\\\/\\\/secure.gravatar.com\\\/avatar\\\/b71bf7481d447dfb9583c7f2798e7cc64de6efb9067b74633ed8c31059a3bd82?s=96&d=mm&r=g\",\"url\":\"https:\\\/\\\/secure.gravatar.com\\\/avatar\\\/b71bf7481d447dfb9583c7f2798e7cc64de6efb9067b74633ed8c31059a3bd82?s=96&d=mm&r=g\",\"contentUrl\":\"https:\\\/\\\/secure.gravatar.com\\\/avatar\\\/b71bf7481d447dfb9583c7f2798e7cc64de6efb9067b74633ed8c31059a3bd82?s=96&d=mm&r=g\",\"caption\":\"Sebastian\"},\"url\":\"https:\\\/\\\/informelitoral.com.ar\\\/author\\\/sebastian\\\/\"}]}<\/script>","yoast_head_json":{"title":"Becas Progresar 2026: ANSES confirm\u00f3 el pago de enero y los requisitos para cobrar el beneficio - Informe Litoral","robots":{"index":"index","follow":"follow","max-snippet":"max-snippet:-1","max-image-preview":"max-image-preview:large","max-video-preview":"max-video-preview:-1"},"canonical":"https:\/\/informelitoral.com.ar\/becas-progresar-2026-anses-confirmo-el-pago-de-enero-y-los-requisitos-para-cobrar-el-beneficio\/","og_locale":"es_ES","og_type":"article","og_title":"Becas Progresar 2026: ANSES confirm\u00f3 el pago de enero y los requisitos para cobrar el beneficio - Informe Litoral","og_description":"El programa alcanza a m\u00e1s de un mill\u00f3n de estudiantes en todo el pa\u00eds. Los beneficiarios percibir\u00e1n un neto de $28.000 mensuales, mientras que el resto queda retenido hasta la presentaci\u00f3n del certificado de alumno regular.","og_url":"https:\/\/informelitoral.com.ar\/becas-progresar-2026-anses-confirmo-el-pago-de-enero-y-los-requisitos-para-cobrar-el-beneficio\/","og_site_name":"Informe Litoral","article_publisher":"https:\/\/www.facebook.com\/informelitoral\/","article_published_time":"2026-01-19T18:03:07+00:00","article_modified_time":"2026-01-19T18:04:54+00:00","og_image":[{"width":1200,"height":675,"url":"https:\/\/informelitoral.com.ar\/%77%70%2d%63%6f%6e%74%65%6e%74\/uploads\/2024\/10\/becas-progresar-foto2jpg.webp","type":"image\/webp"}],"author":"Sebastian","twitter_card":"summary_large_image","twitter_creator":"@InformeLitoral","twitter_site":"@InformeLitoral","twitter_misc":{"Escrito por":"Sebastian","Tiempo de lectura":"2 minutos"},"schema":{"@context":"https:\/\/schema.org","@graph":[{"@type":"Article","@id":"https:\/\/informelitoral.com.ar\/becas-progresar-2026-anses-confirmo-el-pago-de-enero-y-los-requisitos-para-cobrar-el-beneficio\/#article","isPartOf":{"@id":"https:\/\/informelitoral.com.ar\/becas-progresar-2026-anses-confirmo-el-pago-de-enero-y-los-requisitos-para-cobrar-el-beneficio\/"},"author":{"name":"Sebastian","@id":"https:\/\/informelitoral.com.ar\/#\/schema\/person\/f05f9f461677119578717524b127d6d5"},"headline":"Becas Progresar 2026: ANSES confirm\u00f3 el pago de enero y los requisitos para cobrar el beneficio","datePublished":"2026-01-19T18:03:07+00:00","dateModified":"2026-01-19T18:04:54+00:00","mainEntityOfPage":{"@id":"https:\/\/informelitoral.com.ar\/becas-progresar-2026-anses-confirmo-el-pago-de-enero-y-los-requisitos-para-cobrar-el-beneficio\/"},"wordCount":297,"commentCount":0,"publisher":{"@id":"https:\/\/informelitoral.com.ar\/#organization"},"image":{"@id":"https:\/\/informelitoral.com.ar\/becas-progresar-2026-anses-confirmo-el-pago-de-enero-y-los-requisitos-para-cobrar-el-beneficio\/#primaryimage"},"thumbnailUrl":"https:\/\/informelitoral.com.ar\/%77%70%2d%63%6f%6e%74%65%6e%74\/uploads\/2024\/10\/becas-progresar-foto2jpg.webp","keywords":["Anses","Becas","Pago"],"articleSection":["Econom\u00eda"],"inLanguage":"es","potentialAction":[{"@type":"CommentAction","name":"Comment","target":["https:\/\/informelitoral.com.ar\/becas-progresar-2026-anses-confirmo-el-pago-de-enero-y-los-requisitos-para-cobrar-el-beneficio\/#respond"]}]},{"@type":"WebPage","@id":"https:\/\/informelitoral.com.ar\/becas-progresar-2026-anses-confirmo-el-pago-de-enero-y-los-requisitos-para-cobrar-el-beneficio\/","url":"https:\/\/informelitoral.com.ar\/becas-progresar-2026-anses-confirmo-el-pago-de-enero-y-los-requisitos-para-cobrar-el-beneficio\/","name":"Becas Progresar 2026: ANSES confirm\u00f3 el pago de enero y los requisitos para cobrar el beneficio - Informe Litoral","isPartOf":{"@id":"https:\/\/informelitoral.com.ar\/#website"},"primaryImageOfPage":{"@id":"https:\/\/informelitoral.com.ar\/becas-progresar-2026-anses-confirmo-el-pago-de-enero-y-los-requisitos-para-cobrar-el-beneficio\/#primaryimage"},"image":{"@id":"https:\/\/informelitoral.com.ar\/becas-progresar-2026-anses-confirmo-el-pago-de-enero-y-los-requisitos-para-cobrar-el-beneficio\/#primaryimage"},"thumbnailUrl":"https:\/\/informelitoral.com.ar\/%77%70%2d%63%6f%6e%74%65%6e%74\/uploads\/2024\/10\/becas-progresar-foto2jpg.webp","datePublished":"2026-01-19T18:03:07+00:00","dateModified":"2026-01-19T18:04:54+00:00","breadcrumb":{"@id":"https:\/\/informelitoral.com.ar\/becas-progresar-2026-anses-confirmo-el-pago-de-enero-y-los-requisitos-para-cobrar-el-beneficio\/#breadcrumb"},"inLanguage":"es","potentialAction":[{"@type":"ReadAction","target":["https:\/\/informelitoral.com.ar\/becas-progresar-2026-anses-confirmo-el-pago-de-enero-y-los-requisitos-para-cobrar-el-beneficio\/"]}]},{"@type":"ImageObject","inLanguage":"es","@id":"https:\/\/informelitoral.com.ar\/becas-progresar-2026-anses-confirmo-el-pago-de-enero-y-los-requisitos-para-cobrar-el-beneficio\/#primaryimage","url":"https:\/\/informelitoral.com.ar\/%77%70%2d%63%6f%6e%74%65%6e%74\/uploads\/2024\/10\/becas-progresar-foto2jpg.webp","contentUrl":"https:\/\/informelitoral.com.ar\/%77%70%2d%63%6f%6e%74%65%6e%74\/uploads\/2024\/10\/becas-progresar-foto2jpg.webp","width":1200,"height":675},{"@type":"BreadcrumbList","@id":"https:\/\/informelitoral.com.ar\/becas-progresar-2026-anses-confirmo-el-pago-de-enero-y-los-requisitos-para-cobrar-el-beneficio\/#breadcrumb","itemListElement":[{"@type":"ListItem","position":1,"name":"Portada","item":"https:\/\/informelitoral.com.ar\/"},{"@type":"ListItem","position":2,"name":"Becas Progresar 2026: ANSES confirm\u00f3 el pago de enero y los requisitos para cobrar el beneficio"}]},{"@type":"WebSite","@id":"https:\/\/informelitoral.com.ar\/#website","url":"https:\/\/informelitoral.com.ar\/","name":"Informe Litoral","description":"&quot;Nos informamos&quot; ","publisher":{"@id":"https:\/\/informelitoral.com.ar\/#organization"},"potentialAction":[{"@type":"SearchAction","target":{"@type":"EntryPoint","urlTemplate":"https:\/\/informelitoral.com.ar\/?s={search_term_string}"},"query-input":{"@type":"PropertyValueSpecification","valueRequired":true,"valueName":"search_term_string"}}],"inLanguage":"es"},{"@type":"Organization","@id":"https:\/\/informelitoral.com.ar\/#organization","name":"Informe Litoral","url":"https:\/\/informelitoral.com.ar\/","logo":{"@type":"ImageObject","inLanguage":"es","@id":"https:\/\/informelitoral.com.ar\/#\/schema\/logo\/image\/","url":"https:\/\/informelitoral.com.ar\/%77%70%2d%63%6f%6e%74%65%6e%74\/uploads\/2021\/01\/circulo.png","contentUrl":"https:\/\/informelitoral.com.ar\/%77%70%2d%63%6f%6e%74%65%6e%74\/uploads\/2021\/01\/circulo.png","width":723,"height":731,"caption":"Informe Litoral"},"image":{"@id":"https:\/\/informelitoral.com.ar\/#\/schema\/logo\/image\/"},"sameAs":["https:\/\/www.facebook.com\/informelitoral\/","https:\/\/x.com\/InformeLitoral","https:\/\/www.instagram.com\/informelitoral\/","https:\/\/www.youtube.com\/channel\/UCua4Qvz8Icb6MYqhoq9xLXw"]},{"@type":"Person","@id":"https:\/\/informelitoral.com.ar\/#\/schema\/person\/f05f9f461677119578717524b127d6d5","name":"Sebastian","image":{"@type":"ImageObject","inLanguage":"es","@id":"https:\/\/secure.gravatar.com\/avatar\/b71bf7481d447dfb9583c7f2798e7cc64de6efb9067b74633ed8c31059a3bd82?s=96&d=mm&r=g","url":"https:\/\/secure.gravatar.com\/avatar\/b71bf7481d447dfb9583c7f2798e7cc64de6efb9067b74633ed8c31059a3bd82?s=96&d=mm&r=g","contentUrl":"https:\/\/secure.gravatar.com\/avatar\/b71bf7481d447dfb9583c7f2798e7cc64de6efb9067b74633ed8c31059a3bd82?s=96&d=mm&r=g","caption":"Sebastian"},"url":"https:\/\/informelitoral.com.ar\/author\/sebastian\/"}]}},"_links":{"self":[{"href":"https:\/\/informelitoral.com.ar\/%77%70%2d%6a%73%6f%6e\/wp\/v2\/posts\/246787","targetHints":{"allow":["GET"]}}],"collection":[{"href":"https:\/\/informelitoral.com.ar\/%77%70%2d%6a%73%6f%6e\/wp\/v2\/posts"}],"about":[{"href":"https:\/\/informelitoral.com.ar\/%77%70%2d%6a%73%6f%6e\/wp\/v2\/types\/post"}],"author":[{"embeddable":true,"href":"https:\/\/informelitoral.com.ar\/%77%70%2d%6a%73%6f%6e\/wp\/v2\/users\/8"}],"replies":[{"embeddable":true,"href":"https:\/\/informelitoral.com.ar\/%77%70%2d%6a%73%6f%6e\/wp\/v2\/comments?post=246787"}],"version-history":[{"count":2,"href":"https:\/\/informelitoral.com.ar\/%77%70%2d%6a%73%6f%6e\/wp\/v2\/posts\/246787\/revisions"}],"predecessor-version":[{"id":246789,"href":"https:\/\/informelitoral.com.ar\/%77%70%2d%6a%73%6f%6e\/wp\/v2\/posts\/246787\/revisions\/246789"}],"wp:featuredmedia":[{"embeddable":true,"href":"https:\/\/informelitoral.com.ar\/%77%70%2d%6a%73%6f%6e\/wp\/v2\/media\/200074"}],"wp:attachment":[{"href":"https:\/\/informelitoral.com.ar\/%77%70%2d%6a%73%6f%6e\/wp\/v2\/media?parent=246787"}],"wp:term":[{"taxonomy":"category","embeddable":true,"href":"https:\/\/informelitoral.com.ar\/%77%70%2d%6a%73%6f%6e\/wp\/v2\/categories?post=246787"},{"taxonomy":"post_tag","embeddable":true,"href":"https:\/\/informelitoral.com.ar\/%77%70%2d%6a%73%6f%6e\/wp\/v2\/tags?post=246787"}],"curies":[{"name":"wp","href":"https:\/\/api.w.org\/{rel}","templated":true}]}}