{"id":246708,"date":"2026-01-17T21:08:18","date_gmt":"2026-01-18T00:08:18","guid":{"rendered":"https:\/\/informelitoral.com.ar\/?p=246708"},"modified":"2026-01-18T21:10:27","modified_gmt":"2026-01-19T00:10:27","slug":"en-2025-hubo-record-de-recuperacion-de-envases-vacios-de-fitosanitarios-en-la-provincia","status":"publish","type":"post","link":"https:\/\/informelitoral.com.ar\/en-2025-hubo-record-de-recuperacion-de-envases-vacios-de-fitosanitarios-en-la-provincia\/","title":{"rendered":"En 2025 hubo r\u00e9cord de recuperaci\u00f3n de envases vac\u00edos de fitosanitarios en la provincia"},"content":{"rendered":"<p>El dato fue dado a conocer por el Ministerio de Desarrollo Econ\u00f3mico, tras el cierre definitivo del ciclo operativo de 2025. En rigor, el reporte final anual arroja un total de 435.819 kilos recolectados, superando ampliamente los 254.659 del per\u00edodo 2024.<\/p>\n<p>Este incremento del 71,13 por ciento consolida la tendencia positiva y ratifica el compromiso del sector agropecuario con la econom\u00eda circular. El balance anual destaca que se lograron retirar del campo m\u00e1s de 181 toneladas adicionales de pl\u00e1stico respecto al a\u00f1o previo.<\/p>\n<p>Las estad\u00edsticas expresan que las cadenas productivas reafirman sus metas de sustentabilidad para el ciclo 2026, fortaleciendo el circuito de disposici\u00f3n final segura y responsable, que se implementa en todo el pa\u00eds a trav\u00e9s de la Asociaci\u00f3n Campo Limpio.<\/p>\n<h6><em><strong>Del archivo:\u00a0<a href=\"https:\/\/informelitoral.com.ar\/tecnicatura-en-mecatronica-en-ramirez-cuenta-regresiva-para-el-inicio-de-inscripciones\/\" target=\"_blank\" rel=\"noopener\">Tecnicatura en Mecatr\u00f3nica en Ram\u00edrez: cuenta regresiva para el inicio de inscripciones<\/a><\/strong><\/em><\/h6>\n","protected":false},"excerpt":{"rendered":"<p>Al 31 de diciembre, el sector agropecuario alcanz\u00f3 los 435.819 kilos de pl\u00e1sticos entregados a los centros de almacenamiento distribuidos en la provincia, con los se confirm\u00f3 el crecimiento hist\u00f3rico en la gesti\u00f3n de envases vac\u00edos de fitosanitarios en la provincia.<\/p>\n","protected":false},"author":2,"featured_media":62311,"comment_status":"open","ping_status":"open","sticky":false,"template":"","format":"standard","meta":{"fifu_image_url":"","fifu_image_alt":"","footnotes":""},"categories":[10],"tags":[46,81,2330,4391],"class_list":{"0":"post-246708","1":"post","2":"type-post","3":"status-publish","4":"format-standard","5":"has-post-thumbnail","7":"category-campo","8":"tag-ambiente","9":"tag-entre-rios","10":"tag-envases-de-fitosanitarios","11":"tag-fitosanitarios"},"yoast_head":"<title>En 2025 hubo r\u00e9cord de recuperaci\u00f3n de envases vac\u00edos de fitosanitarios en la provincia - Informe Litoral<\/title>\n<meta name=\"robots\" content=\"index, follow, max-snippet:-1, max-image-preview:large, max-video-preview:-1\" \/>\n<link rel=\"canonical\" href=\"https:\/\/informelitoral.com.ar\/en-2025-hubo-record-de-recuperacion-de-envases-vacios-de-fitosanitarios-en-la-provincia\/\" \/>\n<meta property=\"og:locale\" content=\"es_ES\" \/>\n<meta property=\"og:type\" content=\"article\" \/>\n<meta property=\"og:title\" content=\"En 2025 hubo r\u00e9cord de recuperaci\u00f3n de envases vac\u00edos de fitosanitarios en la provincia - Informe Litoral\" \/>\n<meta property=\"og:description\" content=\"Al 31 de diciembre, el sector agropecuario alcanz\u00f3 los 435.819 kilos de pl\u00e1sticos entregados a los centros de almacenamiento distribuidos en la provincia, con los se confirm\u00f3 el crecimiento hist\u00f3rico en la gesti\u00f3n de envases vac\u00edos de fitosanitarios en la provincia.\" \/>\n<meta property=\"og:url\" content=\"https:\/\/informelitoral.com.ar\/en-2025-hubo-record-de-recuperacion-de-envases-vacios-de-fitosanitarios-en-la-provincia\/\" \/>\n<meta property=\"og:site_name\" content=\"Informe Litoral\" \/>\n<meta property=\"article:publisher\" content=\"https:\/\/www.facebook.com\/informelitoral\/\" \/>\n<meta property=\"article:published_time\" content=\"2026-01-18T00:08:18+00:00\" \/>\n<meta property=\"article:modified_time\" content=\"2026-01-19T00:10:27+00:00\" \/>\n<meta property=\"og:image\" content=\"https:\/\/informelitoral.com.ar\/%77%70%2d%63%6f%6e%74%65%6e%74\/uploads\/2021\/07\/envases-de-fitosanitarios.jpg\" \/>\n\t<meta property=\"og:image:width\" content=\"750\" \/>\n\t<meta property=\"og:image:height\" content=\"503\" \/>\n\t<meta property=\"og:image:type\" content=\"image\/jpeg\" \/>\n<meta name=\"author\" content=\"Gonzalo Schmidt\" \/>\n<meta name=\"twitter:card\" content=\"summary_large_image\" \/>\n<meta name=\"twitter:creator\" content=\"@InformeLitoral\" \/>\n<meta name=\"twitter:site\" content=\"@InformeLitoral\" \/>\n<meta name=\"twitter:label1\" content=\"Escrito por\" \/>\n\t<meta name=\"twitter:data1\" content=\"Gonzalo Schmidt\" \/>\n\t<meta name=\"twitter:label2\" content=\"Tiempo de lectura\" \/>\n\t<meta name=\"twitter:data2\" content=\"1 minuto\" \/>\n<script type=\"application\/ld+json\" class=\"yoast-schema-graph\">{\"@context\":\"https:\\\/\\\/schema.org\",\"@graph\":[{\"@type\":\"Article\",\"@id\":\"https:\\\/\\\/informelitoral.com.ar\\\/en-2025-hubo-record-de-recuperacion-de-envases-vacios-de-fitosanitarios-en-la-provincia\\\/#article\",\"isPartOf\":{\"@id\":\"https:\\\/\\\/informelitoral.com.ar\\\/en-2025-hubo-record-de-recuperacion-de-envases-vacios-de-fitosanitarios-en-la-provincia\\\/\"},\"author\":{\"name\":\"Gonzalo Schmidt\",\"@id\":\"https:\\\/\\\/informelitoral.com.ar\\\/#\\\/schema\\\/person\\\/b9d00407c836482871ef1d57bf8e3180\"},\"headline\":\"En 2025 hubo r\u00e9cord de recuperaci\u00f3n de envases vac\u00edos de fitosanitarios en la provincia\",\"datePublished\":\"2026-01-18T00:08:18+00:00\",\"dateModified\":\"2026-01-19T00:10:27+00:00\",\"mainEntityOfPage\":{\"@id\":\"https:\\\/\\\/informelitoral.com.ar\\\/en-2025-hubo-record-de-recuperacion-de-envases-vacios-de-fitosanitarios-en-la-provincia\\\/\"},\"wordCount\":158,\"commentCount\":0,\"publisher\":{\"@id\":\"https:\\\/\\\/informelitoral.com.ar\\\/#organization\"},\"image\":{\"@id\":\"https:\\\/\\\/informelitoral.com.ar\\\/en-2025-hubo-record-de-recuperacion-de-envases-vacios-de-fitosanitarios-en-la-provincia\\\/#primaryimage\"},\"thumbnailUrl\":\"https:\\\/\\\/informelitoral.com.ar\\\/%77%70%2d%63%6f%6e%74%65%6e%74\\\/uploads\\\/2021\\\/07\\\/envases-de-fitosanitarios.jpg\",\"keywords\":[\"Ambiente\",\"Entre R\u00edos\",\"Envases de fitosanitarios\",\"Fitosanitarios\"],\"articleSection\":[\"Campo\"],\"inLanguage\":\"es\",\"potentialAction\":[{\"@type\":\"CommentAction\",\"name\":\"Comment\",\"target\":[\"https:\\\/\\\/informelitoral.com.ar\\\/en-2025-hubo-record-de-recuperacion-de-envases-vacios-de-fitosanitarios-en-la-provincia\\\/#respond\"]}]},{\"@type\":\"WebPage\",\"@id\":\"https:\\\/\\\/informelitoral.com.ar\\\/en-2025-hubo-record-de-recuperacion-de-envases-vacios-de-fitosanitarios-en-la-provincia\\\/\",\"url\":\"https:\\\/\\\/informelitoral.com.ar\\\/en-2025-hubo-record-de-recuperacion-de-envases-vacios-de-fitosanitarios-en-la-provincia\\\/\",\"name\":\"En 2025 hubo r\u00e9cord de recuperaci\u00f3n de envases vac\u00edos de fitosanitarios en la provincia - Informe Litoral\",\"isPartOf\":{\"@id\":\"https:\\\/\\\/informelitoral.com.ar\\\/#website\"},\"primaryImageOfPage\":{\"@id\":\"https:\\\/\\\/informelitoral.com.ar\\\/en-2025-hubo-record-de-recuperacion-de-envases-vacios-de-fitosanitarios-en-la-provincia\\\/#primaryimage\"},\"image\":{\"@id\":\"https:\\\/\\\/informelitoral.com.ar\\\/en-2025-hubo-record-de-recuperacion-de-envases-vacios-de-fitosanitarios-en-la-provincia\\\/#primaryimage\"},\"thumbnailUrl\":\"https:\\\/\\\/informelitoral.com.ar\\\/%77%70%2d%63%6f%6e%74%65%6e%74\\\/uploads\\\/2021\\\/07\\\/envases-de-fitosanitarios.jpg\",\"datePublished\":\"2026-01-18T00:08:18+00:00\",\"dateModified\":\"2026-01-19T00:10:27+00:00\",\"breadcrumb\":{\"@id\":\"https:\\\/\\\/informelitoral.com.ar\\\/en-2025-hubo-record-de-recuperacion-de-envases-vacios-de-fitosanitarios-en-la-provincia\\\/#breadcrumb\"},\"inLanguage\":\"es\",\"potentialAction\":[{\"@type\":\"ReadAction\",\"target\":[\"https:\\\/\\\/informelitoral.com.ar\\\/en-2025-hubo-record-de-recuperacion-de-envases-vacios-de-fitosanitarios-en-la-provincia\\\/\"]}]},{\"@type\":\"ImageObject\",\"inLanguage\":\"es\",\"@id\":\"https:\\\/\\\/informelitoral.com.ar\\\/en-2025-hubo-record-de-recuperacion-de-envases-vacios-de-fitosanitarios-en-la-provincia\\\/#primaryimage\",\"url\":\"https:\\\/\\\/informelitoral.com.ar\\\/%77%70%2d%63%6f%6e%74%65%6e%74\\\/uploads\\\/2021\\\/07\\\/envases-de-fitosanitarios.jpg\",\"contentUrl\":\"https:\\\/\\\/informelitoral.com.ar\\\/%77%70%2d%63%6f%6e%74%65%6e%74\\\/uploads\\\/2021\\\/07\\\/envases-de-fitosanitarios.jpg\",\"width\":750,\"height\":503},{\"@type\":\"BreadcrumbList\",\"@id\":\"https:\\\/\\\/informelitoral.com.ar\\\/en-2025-hubo-record-de-recuperacion-de-envases-vacios-de-fitosanitarios-en-la-provincia\\\/#breadcrumb\",\"itemListElement\":[{\"@type\":\"ListItem\",\"position\":1,\"name\":\"Portada\",\"item\":\"https:\\\/\\\/informelitoral.com.ar\\\/\"},{\"@type\":\"ListItem\",\"position\":2,\"name\":\"En 2025 hubo r\u00e9cord de recuperaci\u00f3n de envases vac\u00edos de fitosanitarios en la provincia\"}]},{\"@type\":\"WebSite\",\"@id\":\"https:\\\/\\\/informelitoral.com.ar\\\/#website\",\"url\":\"https:\\\/\\\/informelitoral.com.ar\\\/\",\"name\":\"Informe Litoral\",\"description\":\"&quot;Nos informamos&quot; \",\"publisher\":{\"@id\":\"https:\\\/\\\/informelitoral.com.ar\\\/#organization\"},\"potentialAction\":[{\"@type\":\"SearchAction\",\"target\":{\"@type\":\"EntryPoint\",\"urlTemplate\":\"https:\\\/\\\/informelitoral.com.ar\\\/?s={search_term_string}\"},\"query-input\":{\"@type\":\"PropertyValueSpecification\",\"valueRequired\":true,\"valueName\":\"search_term_string\"}}],\"inLanguage\":\"es\"},{\"@type\":\"Organization\",\"@id\":\"https:\\\/\\\/informelitoral.com.ar\\\/#organization\",\"name\":\"Informe Litoral\",\"url\":\"https:\\\/\\\/informelitoral.com.ar\\\/\",\"logo\":{\"@type\":\"ImageObject\",\"inLanguage\":\"es\",\"@id\":\"https:\\\/\\\/informelitoral.com.ar\\\/#\\\/schema\\\/logo\\\/image\\\/\",\"url\":\"https:\\\/\\\/informelitoral.com.ar\\\/%77%70%2d%63%6f%6e%74%65%6e%74\\\/uploads\\\/2021\\\/01\\\/circulo.png\",\"contentUrl\":\"https:\\\/\\\/informelitoral.com.ar\\\/%77%70%2d%63%6f%6e%74%65%6e%74\\\/uploads\\\/2021\\\/01\\\/circulo.png\",\"width\":723,\"height\":731,\"caption\":\"Informe Litoral\"},\"image\":{\"@id\":\"https:\\\/\\\/informelitoral.com.ar\\\/#\\\/schema\\\/logo\\\/image\\\/\"},\"sameAs\":[\"https:\\\/\\\/www.facebook.com\\\/informelitoral\\\/\",\"https:\\\/\\\/x.com\\\/InformeLitoral\",\"https:\\\/\\\/www.instagram.com\\\/informelitoral\\\/\",\"https:\\\/\\\/www.youtube.com\\\/channel\\\/UCua4Qvz8Icb6MYqhoq9xLXw\"]},{\"@type\":\"Person\",\"@id\":\"https:\\\/\\\/informelitoral.com.ar\\\/#\\\/schema\\\/person\\\/b9d00407c836482871ef1d57bf8e3180\",\"name\":\"Gonzalo Schmidt\",\"image\":{\"@type\":\"ImageObject\",\"inLanguage\":\"es\",\"@id\":\"https:\\\/\\\/secure.gravatar.com\\\/avatar\\\/31a1a7b66ff2de83bd0e9fd79d026630d2d99e55e8bfe501287647b4fd9743de?s=96&d=mm&r=g\",\"url\":\"https:\\\/\\\/secure.gravatar.com\\\/avatar\\\/31a1a7b66ff2de83bd0e9fd79d026630d2d99e55e8bfe501287647b4fd9743de?s=96&d=mm&r=g\",\"contentUrl\":\"https:\\\/\\\/secure.gravatar.com\\\/avatar\\\/31a1a7b66ff2de83bd0e9fd79d026630d2d99e55e8bfe501287647b4fd9743de?s=96&d=mm&r=g\",\"caption\":\"Gonzalo Schmidt\"},\"description\":\"Sitio web de noticias de la provincia de Entre R\u00edos, Argentina. Informaci\u00f3n y entretenimiento. Informe Litoral, nos informamos.\",\"sameAs\":[\"http:\\\/\\\/www.isletasnoticias.com.ar\"],\"url\":\"https:\\\/\\\/informelitoral.com.ar\\\/author\\\/gonzalo\\\/\"}]}<\/script>","yoast_head_json":{"title":"En 2025 hubo r\u00e9cord de recuperaci\u00f3n de envases vac\u00edos de fitosanitarios en la provincia - Informe Litoral","robots":{"index":"index","follow":"follow","max-snippet":"max-snippet:-1","max-image-preview":"max-image-preview:large","max-video-preview":"max-video-preview:-1"},"canonical":"https:\/\/informelitoral.com.ar\/en-2025-hubo-record-de-recuperacion-de-envases-vacios-de-fitosanitarios-en-la-provincia\/","og_locale":"es_ES","og_type":"article","og_title":"En 2025 hubo r\u00e9cord de recuperaci\u00f3n de envases vac\u00edos de fitosanitarios en la provincia - Informe Litoral","og_description":"Al 31 de diciembre, el sector agropecuario alcanz\u00f3 los 435.819 kilos de pl\u00e1sticos entregados a los centros de almacenamiento distribuidos en la provincia, con los se confirm\u00f3 el crecimiento hist\u00f3rico en la gesti\u00f3n de envases vac\u00edos de fitosanitarios en la provincia.","og_url":"https:\/\/informelitoral.com.ar\/en-2025-hubo-record-de-recuperacion-de-envases-vacios-de-fitosanitarios-en-la-provincia\/","og_site_name":"Informe Litoral","article_publisher":"https:\/\/www.facebook.com\/informelitoral\/","article_published_time":"2026-01-18T00:08:18+00:00","article_modified_time":"2026-01-19T00:10:27+00:00","og_image":[{"width":750,"height":503,"url":"https:\/\/informelitoral.com.ar\/%77%70%2d%63%6f%6e%74%65%6e%74\/uploads\/2021\/07\/envases-de-fitosanitarios.jpg","type":"image\/jpeg"}],"author":"Gonzalo Schmidt","twitter_card":"summary_large_image","twitter_creator":"@InformeLitoral","twitter_site":"@InformeLitoral","twitter_misc":{"Escrito por":"Gonzalo Schmidt","Tiempo de lectura":"1 minuto"},"schema":{"@context":"https:\/\/schema.org","@graph":[{"@type":"Article","@id":"https:\/\/informelitoral.com.ar\/en-2025-hubo-record-de-recuperacion-de-envases-vacios-de-fitosanitarios-en-la-provincia\/#article","isPartOf":{"@id":"https:\/\/informelitoral.com.ar\/en-2025-hubo-record-de-recuperacion-de-envases-vacios-de-fitosanitarios-en-la-provincia\/"},"author":{"name":"Gonzalo Schmidt","@id":"https:\/\/informelitoral.com.ar\/#\/schema\/person\/b9d00407c836482871ef1d57bf8e3180"},"headline":"En 2025 hubo r\u00e9cord de recuperaci\u00f3n de envases vac\u00edos de fitosanitarios en la provincia","datePublished":"2026-01-18T00:08:18+00:00","dateModified":"2026-01-19T00:10:27+00:00","mainEntityOfPage":{"@id":"https:\/\/informelitoral.com.ar\/en-2025-hubo-record-de-recuperacion-de-envases-vacios-de-fitosanitarios-en-la-provincia\/"},"wordCount":158,"commentCount":0,"publisher":{"@id":"https:\/\/informelitoral.com.ar\/#organization"},"image":{"@id":"https:\/\/informelitoral.com.ar\/en-2025-hubo-record-de-recuperacion-de-envases-vacios-de-fitosanitarios-en-la-provincia\/#primaryimage"},"thumbnailUrl":"https:\/\/informelitoral.com.ar\/%77%70%2d%63%6f%6e%74%65%6e%74\/uploads\/2021\/07\/envases-de-fitosanitarios.jpg","keywords":["Ambiente","Entre R\u00edos","Envases de fitosanitarios","Fitosanitarios"],"articleSection":["Campo"],"inLanguage":"es","potentialAction":[{"@type":"CommentAction","name":"Comment","target":["https:\/\/informelitoral.com.ar\/en-2025-hubo-record-de-recuperacion-de-envases-vacios-de-fitosanitarios-en-la-provincia\/#respond"]}]},{"@type":"WebPage","@id":"https:\/\/informelitoral.com.ar\/en-2025-hubo-record-de-recuperacion-de-envases-vacios-de-fitosanitarios-en-la-provincia\/","url":"https:\/\/informelitoral.com.ar\/en-2025-hubo-record-de-recuperacion-de-envases-vacios-de-fitosanitarios-en-la-provincia\/","name":"En 2025 hubo r\u00e9cord de recuperaci\u00f3n de envases vac\u00edos de fitosanitarios en la provincia - Informe Litoral","isPartOf":{"@id":"https:\/\/informelitoral.com.ar\/#website"},"primaryImageOfPage":{"@id":"https:\/\/informelitoral.com.ar\/en-2025-hubo-record-de-recuperacion-de-envases-vacios-de-fitosanitarios-en-la-provincia\/#primaryimage"},"image":{"@id":"https:\/\/informelitoral.com.ar\/en-2025-hubo-record-de-recuperacion-de-envases-vacios-de-fitosanitarios-en-la-provincia\/#primaryimage"},"thumbnailUrl":"https:\/\/informelitoral.com.ar\/%77%70%2d%63%6f%6e%74%65%6e%74\/uploads\/2021\/07\/envases-de-fitosanitarios.jpg","datePublished":"2026-01-18T00:08:18+00:00","dateModified":"2026-01-19T00:10:27+00:00","breadcrumb":{"@id":"https:\/\/informelitoral.com.ar\/en-2025-hubo-record-de-recuperacion-de-envases-vacios-de-fitosanitarios-en-la-provincia\/#breadcrumb"},"inLanguage":"es","potentialAction":[{"@type":"ReadAction","target":["https:\/\/informelitoral.com.ar\/en-2025-hubo-record-de-recuperacion-de-envases-vacios-de-fitosanitarios-en-la-provincia\/"]}]},{"@type":"ImageObject","inLanguage":"es","@id":"https:\/\/informelitoral.com.ar\/en-2025-hubo-record-de-recuperacion-de-envases-vacios-de-fitosanitarios-en-la-provincia\/#primaryimage","url":"https:\/\/informelitoral.com.ar\/%77%70%2d%63%6f%6e%74%65%6e%74\/uploads\/2021\/07\/envases-de-fitosanitarios.jpg","contentUrl":"https:\/\/informelitoral.com.ar\/%77%70%2d%63%6f%6e%74%65%6e%74\/uploads\/2021\/07\/envases-de-fitosanitarios.jpg","width":750,"height":503},{"@type":"BreadcrumbList","@id":"https:\/\/informelitoral.com.ar\/en-2025-hubo-record-de-recuperacion-de-envases-vacios-de-fitosanitarios-en-la-provincia\/#breadcrumb","itemListElement":[{"@type":"ListItem","position":1,"name":"Portada","item":"https:\/\/informelitoral.com.ar\/"},{"@type":"ListItem","position":2,"name":"En 2025 hubo r\u00e9cord de recuperaci\u00f3n de envases vac\u00edos de fitosanitarios en la provincia"}]},{"@type":"WebSite","@id":"https:\/\/informelitoral.com.ar\/#website","url":"https:\/\/informelitoral.com.ar\/","name":"Informe Litoral","description":"&quot;Nos informamos&quot; ","publisher":{"@id":"https:\/\/informelitoral.com.ar\/#organization"},"potentialAction":[{"@type":"SearchAction","target":{"@type":"EntryPoint","urlTemplate":"https:\/\/informelitoral.com.ar\/?s={search_term_string}"},"query-input":{"@type":"PropertyValueSpecification","valueRequired":true,"valueName":"search_term_string"}}],"inLanguage":"es"},{"@type":"Organization","@id":"https:\/\/informelitoral.com.ar\/#organization","name":"Informe Litoral","url":"https:\/\/informelitoral.com.ar\/","logo":{"@type":"ImageObject","inLanguage":"es","@id":"https:\/\/informelitoral.com.ar\/#\/schema\/logo\/image\/","url":"https:\/\/informelitoral.com.ar\/%77%70%2d%63%6f%6e%74%65%6e%74\/uploads\/2021\/01\/circulo.png","contentUrl":"https:\/\/informelitoral.com.ar\/%77%70%2d%63%6f%6e%74%65%6e%74\/uploads\/2021\/01\/circulo.png","width":723,"height":731,"caption":"Informe Litoral"},"image":{"@id":"https:\/\/informelitoral.com.ar\/#\/schema\/logo\/image\/"},"sameAs":["https:\/\/www.facebook.com\/informelitoral\/","https:\/\/x.com\/InformeLitoral","https:\/\/www.instagram.com\/informelitoral\/","https:\/\/www.youtube.com\/channel\/UCua4Qvz8Icb6MYqhoq9xLXw"]},{"@type":"Person","@id":"https:\/\/informelitoral.com.ar\/#\/schema\/person\/b9d00407c836482871ef1d57bf8e3180","name":"Gonzalo Schmidt","image":{"@type":"ImageObject","inLanguage":"es","@id":"https:\/\/secure.gravatar.com\/avatar\/31a1a7b66ff2de83bd0e9fd79d026630d2d99e55e8bfe501287647b4fd9743de?s=96&d=mm&r=g","url":"https:\/\/secure.gravatar.com\/avatar\/31a1a7b66ff2de83bd0e9fd79d026630d2d99e55e8bfe501287647b4fd9743de?s=96&d=mm&r=g","contentUrl":"https:\/\/secure.gravatar.com\/avatar\/31a1a7b66ff2de83bd0e9fd79d026630d2d99e55e8bfe501287647b4fd9743de?s=96&d=mm&r=g","caption":"Gonzalo Schmidt"},"description":"Sitio web de noticias de la provincia de Entre R\u00edos, Argentina. Informaci\u00f3n y entretenimiento. Informe Litoral, nos informamos.","sameAs":["http:\/\/www.isletasnoticias.com.ar"],"url":"https:\/\/informelitoral.com.ar\/author\/gonzalo\/"}]}},"_links":{"self":[{"href":"https:\/\/informelitoral.com.ar\/%77%70%2d%6a%73%6f%6e\/wp\/v2\/posts\/246708","targetHints":{"allow":["GET"]}}],"collection":[{"href":"https:\/\/informelitoral.com.ar\/%77%70%2d%6a%73%6f%6e\/wp\/v2\/posts"}],"about":[{"href":"https:\/\/informelitoral.com.ar\/%77%70%2d%6a%73%6f%6e\/wp\/v2\/types\/post"}],"author":[{"embeddable":true,"href":"https:\/\/informelitoral.com.ar\/%77%70%2d%6a%73%6f%6e\/wp\/v2\/users\/2"}],"replies":[{"embeddable":true,"href":"https:\/\/informelitoral.com.ar\/%77%70%2d%6a%73%6f%6e\/wp\/v2\/comments?post=246708"}],"version-history":[{"count":1,"href":"https:\/\/informelitoral.com.ar\/%77%70%2d%6a%73%6f%6e\/wp\/v2\/posts\/246708\/revisions"}],"predecessor-version":[{"id":246709,"href":"https:\/\/informelitoral.com.ar\/%77%70%2d%6a%73%6f%6e\/wp\/v2\/posts\/246708\/revisions\/246709"}],"wp:featuredmedia":[{"embeddable":true,"href":"https:\/\/informelitoral.com.ar\/%77%70%2d%6a%73%6f%6e\/wp\/v2\/media\/62311"}],"wp:attachment":[{"href":"https:\/\/informelitoral.com.ar\/%77%70%2d%6a%73%6f%6e\/wp\/v2\/media?parent=246708"}],"wp:term":[{"taxonomy":"category","embeddable":true,"href":"https:\/\/informelitoral.com.ar\/%77%70%2d%6a%73%6f%6e\/wp\/v2\/categories?post=246708"},{"taxonomy":"post_tag","embeddable":true,"href":"https:\/\/informelitoral.com.ar\/%77%70%2d%6a%73%6f%6e\/wp\/v2\/tags?post=246708"}],"curies":[{"name":"wp","href":"https:\/\/api.w.org\/{rel}","templated":true}]}}