{"id":246628,"date":"2026-01-14T20:52:48","date_gmt":"2026-01-14T23:52:48","guid":{"rendered":"https:\/\/informelitoral.com.ar\/?p=246628"},"modified":"2026-01-14T21:10:13","modified_gmt":"2026-01-15T00:10:13","slug":"el-gobierno-postergo-para-febrero-el-nuevo-esquema-de-subsidios-energeticos","status":"publish","type":"post","link":"https:\/\/informelitoral.com.ar\/el-gobierno-postergo-para-febrero-el-nuevo-esquema-de-subsidios-energeticos\/","title":{"rendered":"El Gobierno posterg\u00f3 para febrero el nuevo esquema de subsidios energ\u00e9ticos"},"content":{"rendered":"<p data-path-to-node=\"5\"><span class=\"\">La implementaci\u00f3n del nuevo <\/span><b class=\"\" data-path-to-node=\"5\" data-index-in-node=\"28\">Subsidio Energ\u00e9tico Focalizado (SEF)<\/b><span class=\"\">,<\/span><span class=\"\"> dise\u00f1ado por el gobierno de Javier Milei para reducir el gasto p\u00fablico,<\/span><span class=\"\"> fue postergada para el mes de febrero.<\/span><span class=\"\"> Aunque ya se public\u00f3 el decreto reglamentario (Decreto 943),<\/span><span class=\"\"> demoras de car\u00e1cter burocr\u00e1tico impidieron que el esquema comenzara a regir en enero como estaba previsto originalmente.<\/span><\/p>\n<p data-path-to-node=\"5\"><img decoding=\"async\" src=\"https:\/\/defensoriaparana.com.ar\/%77%70%2d%63%6f%6e%74%65%6e%74\/uploads\/2024\/01\/cocina-de-gas.webp\" alt=\"La Defensor\u00eda del Pueblo reiter\u00f3 que el gas debe ser considerado un servicio esencial \u2013 Defensor\u00eda Parana\" \/><\/p>\n<p data-path-to-node=\"6\"><span class=\"\">Con este nuevo sistema,<\/span><span class=\"\"> el Estado busca reducir el gasto en el sector del 0,<\/span><span class=\"\">65% al 0,<\/span><span class=\"\">5% del PBI,<\/span><span class=\"\"> lo que representa un ahorro de aproximadamente <\/span><b class=\"\" data-path-to-node=\"6\" data-index-in-node=\"144\">US$ 3.000 millones<\/b><span class=\"\">.<\/span><\/p>\n<h2 data-path-to-node=\"7\"><strong>Fin de la segmentaci\u00f3n por ingresos<\/strong><\/h2>\n<p data-path-to-node=\"8\"><span class=\"\">El cambio m\u00e1s significativo es la eliminaci\u00f3n de los niveles 1,<\/span><span class=\"\"> 2 y 3 (altos,<\/span><span class=\"\"> medios y bajos).<\/span><span class=\"\"> Ahora solo existir\u00e1n dos categor\u00edas:<\/span> <b class=\"\" data-path-to-node=\"8\" data-index-in-node=\"132\">quienes reciben subsidios y quienes no<\/b><span class=\"\">.<\/span><\/p>\n<ul data-path-to-node=\"9\">\n<li>\n<p data-path-to-node=\"9,0,0\"><b class=\"\" data-path-to-node=\"9,0,0\" data-index-in-node=\"0\">Nuevo umbral:<\/b><span class=\"\"> El tope de ingresos para mantener el beneficio baj\u00f3 de 3,<\/span><span class=\"\">5 a <\/span><b class=\"\" data-path-to-node=\"9,0,0\" data-index-in-node=\"75\">3 Canastas B\u00e1sicas Totales (CBT)<\/b><span class=\"\">,<\/span><span class=\"\"> lo que equivale actualmente a unos <\/span><b class=\"\" data-path-to-node=\"9,0,0\" data-index-in-node=\"144\">$3,93 millones<\/b><span class=\"\">.<\/span><\/p>\n<\/li>\n<li class=\"animating\">\n<p data-path-to-node=\"9,1,0\"><b data-path-to-node=\"9,1,0\" data-index-in-node=\"0\">Migraci\u00f3n autom\u00e1tica:<\/b> Quienes ya formaban parte del RASE no necesitan reincorporarse; sus datos pasar\u00e1n autom\u00e1ticamente al nuevo Registro de Subsidios Energ\u00e9ticos Focalizados (ReSEF).<\/p>\n<\/li>\n<\/ul>\n<h2 data-path-to-node=\"10\"><strong>Impacto en electricidad y gas<\/strong><\/h2>\n<p data-path-to-node=\"11\">El nuevo esquema no aplicar\u00e1 bonificaciones uniformes, sino que depender\u00e1 de la estacionalidad y el volumen de consumo:<\/p>\n<ul data-path-to-node=\"12\">\n<li>\n<p data-path-to-node=\"12,0,0\"><b data-path-to-node=\"12,0,0\" data-index-in-node=\"0\">Electricidad:<\/b> Los usuarios subsidiados tendr\u00e1n una bonificaci\u00f3n del <b data-path-to-node=\"12,0,0\" data-index-in-node=\"68\">50%<\/b> sobre un bloque de hasta <b data-path-to-node=\"12,0,0\" data-index-in-node=\"97\">300 kWh<\/b> mensuales en verano e invierno, y de <b data-path-to-node=\"12,0,0\" data-index-in-node=\"142\">150 kWh<\/b> en estaciones intermedias. Todo excedente se pagar\u00e1 a tarifa plena.<\/p>\n<\/li>\n<li>\n<p data-path-to-node=\"12,1,0\"><b data-path-to-node=\"12,1,0\" data-index-in-node=\"0\">Gas:<\/b> El subsidio del 50% se limitar\u00e1 exclusivamente al periodo de abril a septiembre (meses invernales). Durante el resto del a\u00f1o, todos los hogares deber\u00e1n abonar el precio pleno de <b data-path-to-node=\"12,1,0\" data-index-in-node=\"183\">US$ 3,80 por mill\u00f3n de BTU<\/b>.<\/p>\n<\/li>\n<li>\n<p data-path-to-node=\"12,2,0\"><b data-path-to-node=\"12,2,0\" data-index-in-node=\"0\">Bonificaci\u00f3n adicional:<\/b> Excepcionalmente durante 2026, se aplicar\u00e1 un descuento extra del <b data-path-to-node=\"12,2,0\" data-index-in-node=\"90\">25%<\/b> que comenzar\u00e1 en febrero e ir\u00e1 disminuyendo un 2% mensualmente.<\/p>\n<\/li>\n<\/ul>\n<h2 data-path-to-node=\"13\"><strong>Beneficiarios de garrafas y Programa Hogar<\/strong><\/h2>\n<p data-path-to-node=\"14\">Los m\u00e1s de 3,3 millones de beneficiarios del <b data-path-to-node=\"14\" data-index-in-node=\"45\">Programa Hogar<\/b> tambi\u00e9n ser\u00e1n integrados al sistema SEF. Recibir\u00e1n un monto equivalente al valor total de una garrafa de 10 kilos ($21.000) durante el invierno, mientras que el resto del a\u00f1o la asistencia cubrir\u00e1 el 50% del costo. Para mantener este beneficio, los usuarios deber\u00e1n inscribirse de manera obligatoria en el sitio oficial de la Secretar\u00eda de Energ\u00eda.<\/p>\n<h2 data-path-to-node=\"15\"><strong>Estimaciones de facturas<\/strong><\/h2>\n<p data-path-to-node=\"16\">Seg\u00fan proyecciones oficiales, con el nuevo cuadro tarifario en los meses de mayor demanda:<\/p>\n<ul data-path-to-node=\"17\">\n<li>\n<p data-path-to-node=\"17,0,0\">En <b data-path-to-node=\"17,0,0\" data-index-in-node=\"3\">electricidad<\/b>, el 66% de los usuarios pagar\u00e1 facturas promedio menores a <b data-path-to-node=\"17,0,0\" data-index-in-node=\"75\">$44.000<\/b>.<\/p>\n<\/li>\n<li>\n<p data-path-to-node=\"17,1,0\">En <b data-path-to-node=\"17,1,0\" data-index-in-node=\"3\">gas<\/b>, durante el invierno, el 56% de los hogares abonar\u00e1 menos de <b data-path-to-node=\"17,1,0\" data-index-in-node=\"68\">$14.000<\/b>.<\/p>\n<\/li>\n<\/ul>\n<p data-path-to-node=\"18\">Pese a que los sectores de menores ingresos conservar\u00e1n el beneficio, consultoras privadas advierten que podr\u00edan enfrentar aumentos de entre el <b data-path-to-node=\"18\" data-index-in-node=\"144\">20% y 23%<\/b> respecto a los valores de 2025 debido a la reducci\u00f3n de los bloques de consumo subsidiados.<\/p>\n<h6 data-path-to-node=\"18\"><em><strong>Del archivo:\u00a0<a href=\"https:\/\/informelitoral.com.ar\/anses-oficializo-los-aumentos-de-enero-cuanto-cobraran-jubilados-y-asignaciones\/\" target=\"_blank\" rel=\"noopener\">ANSES oficializ\u00f3 los aumentos de enero: cu\u00e1nto cobrar\u00e1n jubilados y asignaciones<\/a><\/strong><\/em><\/h6>\n","protected":false},"excerpt":{"rendered":"<p>La medida unifica las categor\u00edas de usuarios y establece l\u00edmites de consumo mensuales. Se estima que el cambio impactar\u00e1 en el costo de las facturas de gas, electricidad y garrafas a partir del pr\u00f3ximo mes.<\/p>\n","protected":false},"author":8,"featured_media":217025,"comment_status":"open","ping_status":"open","sticky":false,"template":"","format":"standard","meta":{"fifu_image_url":"","fifu_image_alt":"","footnotes":""},"categories":[1594],"tags":[132,1635],"class_list":{"0":"post-246628","1":"post","2":"type-post","3":"status-publish","4":"format-standard","5":"has-post-thumbnail","7":"category-economia","8":"tag-gas","9":"tag-subsidio"},"yoast_head":"<title>El Gobierno posterg\u00f3 para febrero el nuevo esquema de subsidios energ\u00e9ticos - Informe Litoral<\/title>\n<meta name=\"robots\" content=\"index, follow, max-snippet:-1, max-image-preview:large, max-video-preview:-1\" \/>\n<link rel=\"canonical\" href=\"https:\/\/informelitoral.com.ar\/el-gobierno-postergo-para-febrero-el-nuevo-esquema-de-subsidios-energeticos\/\" \/>\n<meta property=\"og:locale\" content=\"es_ES\" \/>\n<meta property=\"og:type\" content=\"article\" \/>\n<meta property=\"og:title\" content=\"El Gobierno posterg\u00f3 para febrero el nuevo esquema de subsidios energ\u00e9ticos - Informe Litoral\" \/>\n<meta property=\"og:description\" content=\"La medida unifica las categor\u00edas de usuarios y establece l\u00edmites de consumo mensuales. Se estima que el cambio impactar\u00e1 en el costo de las facturas de gas, electricidad y garrafas a partir del pr\u00f3ximo mes.\" \/>\n<meta property=\"og:url\" content=\"https:\/\/informelitoral.com.ar\/el-gobierno-postergo-para-febrero-el-nuevo-esquema-de-subsidios-energeticos\/\" \/>\n<meta property=\"og:site_name\" content=\"Informe Litoral\" \/>\n<meta property=\"article:publisher\" content=\"https:\/\/www.facebook.com\/informelitoral\/\" \/>\n<meta property=\"article:published_time\" content=\"2026-01-14T23:52:48+00:00\" \/>\n<meta property=\"article:modified_time\" content=\"2026-01-15T00:10:13+00:00\" \/>\n<meta property=\"og:image\" content=\"https:\/\/informelitoral.com.ar\/%77%70%2d%63%6f%6e%74%65%6e%74\/uploads\/2025\/04\/6216359474505-scaled.jpg\" \/>\n\t<meta property=\"og:image:width\" content=\"2560\" \/>\n\t<meta property=\"og:image:height\" content=\"1700\" \/>\n\t<meta property=\"og:image:type\" content=\"image\/jpeg\" \/>\n<meta name=\"author\" content=\"Sebastian\" \/>\n<meta name=\"twitter:card\" content=\"summary_large_image\" \/>\n<meta name=\"twitter:creator\" content=\"@InformeLitoral\" \/>\n<meta name=\"twitter:site\" content=\"@InformeLitoral\" \/>\n<meta name=\"twitter:label1\" content=\"Escrito por\" \/>\n\t<meta name=\"twitter:data1\" content=\"Sebastian\" \/>\n\t<meta name=\"twitter:label2\" content=\"Tiempo de lectura\" \/>\n\t<meta name=\"twitter:data2\" content=\"3 minutos\" \/>\n<script type=\"application\/ld+json\" class=\"yoast-schema-graph\">{\"@context\":\"https:\\\/\\\/schema.org\",\"@graph\":[{\"@type\":\"Article\",\"@id\":\"https:\\\/\\\/informelitoral.com.ar\\\/el-gobierno-postergo-para-febrero-el-nuevo-esquema-de-subsidios-energeticos\\\/#article\",\"isPartOf\":{\"@id\":\"https:\\\/\\\/informelitoral.com.ar\\\/el-gobierno-postergo-para-febrero-el-nuevo-esquema-de-subsidios-energeticos\\\/\"},\"author\":{\"name\":\"Sebastian\",\"@id\":\"https:\\\/\\\/informelitoral.com.ar\\\/#\\\/schema\\\/person\\\/f05f9f461677119578717524b127d6d5\"},\"headline\":\"El Gobierno posterg\u00f3 para febrero el nuevo esquema de subsidios energ\u00e9ticos\",\"datePublished\":\"2026-01-14T23:52:48+00:00\",\"dateModified\":\"2026-01-15T00:10:13+00:00\",\"mainEntityOfPage\":{\"@id\":\"https:\\\/\\\/informelitoral.com.ar\\\/el-gobierno-postergo-para-febrero-el-nuevo-esquema-de-subsidios-energeticos\\\/\"},\"wordCount\":472,\"commentCount\":0,\"publisher\":{\"@id\":\"https:\\\/\\\/informelitoral.com.ar\\\/#organization\"},\"image\":{\"@id\":\"https:\\\/\\\/informelitoral.com.ar\\\/el-gobierno-postergo-para-febrero-el-nuevo-esquema-de-subsidios-energeticos\\\/#primaryimage\"},\"thumbnailUrl\":\"https:\\\/\\\/informelitoral.com.ar\\\/%77%70%2d%63%6f%6e%74%65%6e%74\\\/uploads\\\/2025\\\/04\\\/6216359474505-scaled.jpg\",\"keywords\":[\"Gas\",\"Subsidio\"],\"articleSection\":[\"Econom\u00eda\"],\"inLanguage\":\"es\",\"potentialAction\":[{\"@type\":\"CommentAction\",\"name\":\"Comment\",\"target\":[\"https:\\\/\\\/informelitoral.com.ar\\\/el-gobierno-postergo-para-febrero-el-nuevo-esquema-de-subsidios-energeticos\\\/#respond\"]}]},{\"@type\":\"WebPage\",\"@id\":\"https:\\\/\\\/informelitoral.com.ar\\\/el-gobierno-postergo-para-febrero-el-nuevo-esquema-de-subsidios-energeticos\\\/\",\"url\":\"https:\\\/\\\/informelitoral.com.ar\\\/el-gobierno-postergo-para-febrero-el-nuevo-esquema-de-subsidios-energeticos\\\/\",\"name\":\"El Gobierno posterg\u00f3 para febrero el nuevo esquema de subsidios energ\u00e9ticos - Informe Litoral\",\"isPartOf\":{\"@id\":\"https:\\\/\\\/informelitoral.com.ar\\\/#website\"},\"primaryImageOfPage\":{\"@id\":\"https:\\\/\\\/informelitoral.com.ar\\\/el-gobierno-postergo-para-febrero-el-nuevo-esquema-de-subsidios-energeticos\\\/#primaryimage\"},\"image\":{\"@id\":\"https:\\\/\\\/informelitoral.com.ar\\\/el-gobierno-postergo-para-febrero-el-nuevo-esquema-de-subsidios-energeticos\\\/#primaryimage\"},\"thumbnailUrl\":\"https:\\\/\\\/informelitoral.com.ar\\\/%77%70%2d%63%6f%6e%74%65%6e%74\\\/uploads\\\/2025\\\/04\\\/6216359474505-scaled.jpg\",\"datePublished\":\"2026-01-14T23:52:48+00:00\",\"dateModified\":\"2026-01-15T00:10:13+00:00\",\"breadcrumb\":{\"@id\":\"https:\\\/\\\/informelitoral.com.ar\\\/el-gobierno-postergo-para-febrero-el-nuevo-esquema-de-subsidios-energeticos\\\/#breadcrumb\"},\"inLanguage\":\"es\",\"potentialAction\":[{\"@type\":\"ReadAction\",\"target\":[\"https:\\\/\\\/informelitoral.com.ar\\\/el-gobierno-postergo-para-febrero-el-nuevo-esquema-de-subsidios-energeticos\\\/\"]}]},{\"@type\":\"ImageObject\",\"inLanguage\":\"es\",\"@id\":\"https:\\\/\\\/informelitoral.com.ar\\\/el-gobierno-postergo-para-febrero-el-nuevo-esquema-de-subsidios-energeticos\\\/#primaryimage\",\"url\":\"https:\\\/\\\/informelitoral.com.ar\\\/%77%70%2d%63%6f%6e%74%65%6e%74\\\/uploads\\\/2025\\\/04\\\/6216359474505-scaled.jpg\",\"contentUrl\":\"https:\\\/\\\/informelitoral.com.ar\\\/%77%70%2d%63%6f%6e%74%65%6e%74\\\/uploads\\\/2025\\\/04\\\/6216359474505-scaled.jpg\",\"width\":2560,\"height\":1700},{\"@type\":\"BreadcrumbList\",\"@id\":\"https:\\\/\\\/informelitoral.com.ar\\\/el-gobierno-postergo-para-febrero-el-nuevo-esquema-de-subsidios-energeticos\\\/#breadcrumb\",\"itemListElement\":[{\"@type\":\"ListItem\",\"position\":1,\"name\":\"Portada\",\"item\":\"https:\\\/\\\/informelitoral.com.ar\\\/\"},{\"@type\":\"ListItem\",\"position\":2,\"name\":\"El Gobierno posterg\u00f3 para febrero el nuevo esquema de subsidios energ\u00e9ticos\"}]},{\"@type\":\"WebSite\",\"@id\":\"https:\\\/\\\/informelitoral.com.ar\\\/#website\",\"url\":\"https:\\\/\\\/informelitoral.com.ar\\\/\",\"name\":\"Informe Litoral\",\"description\":\"&quot;Nos informamos&quot; \",\"publisher\":{\"@id\":\"https:\\\/\\\/informelitoral.com.ar\\\/#organization\"},\"potentialAction\":[{\"@type\":\"SearchAction\",\"target\":{\"@type\":\"EntryPoint\",\"urlTemplate\":\"https:\\\/\\\/informelitoral.com.ar\\\/?s={search_term_string}\"},\"query-input\":{\"@type\":\"PropertyValueSpecification\",\"valueRequired\":true,\"valueName\":\"search_term_string\"}}],\"inLanguage\":\"es\"},{\"@type\":\"Organization\",\"@id\":\"https:\\\/\\\/informelitoral.com.ar\\\/#organization\",\"name\":\"Informe Litoral\",\"url\":\"https:\\\/\\\/informelitoral.com.ar\\\/\",\"logo\":{\"@type\":\"ImageObject\",\"inLanguage\":\"es\",\"@id\":\"https:\\\/\\\/informelitoral.com.ar\\\/#\\\/schema\\\/logo\\\/image\\\/\",\"url\":\"https:\\\/\\\/informelitoral.com.ar\\\/%77%70%2d%63%6f%6e%74%65%6e%74\\\/uploads\\\/2021\\\/01\\\/circulo.png\",\"contentUrl\":\"https:\\\/\\\/informelitoral.com.ar\\\/%77%70%2d%63%6f%6e%74%65%6e%74\\\/uploads\\\/2021\\\/01\\\/circulo.png\",\"width\":723,\"height\":731,\"caption\":\"Informe Litoral\"},\"image\":{\"@id\":\"https:\\\/\\\/informelitoral.com.ar\\\/#\\\/schema\\\/logo\\\/image\\\/\"},\"sameAs\":[\"https:\\\/\\\/www.facebook.com\\\/informelitoral\\\/\",\"https:\\\/\\\/x.com\\\/InformeLitoral\",\"https:\\\/\\\/www.instagram.com\\\/informelitoral\\\/\",\"https:\\\/\\\/www.youtube.com\\\/channel\\\/UCua4Qvz8Icb6MYqhoq9xLXw\"]},{\"@type\":\"Person\",\"@id\":\"https:\\\/\\\/informelitoral.com.ar\\\/#\\\/schema\\\/person\\\/f05f9f461677119578717524b127d6d5\",\"name\":\"Sebastian\",\"image\":{\"@type\":\"ImageObject\",\"inLanguage\":\"es\",\"@id\":\"https:\\\/\\\/secure.gravatar.com\\\/avatar\\\/b71bf7481d447dfb9583c7f2798e7cc64de6efb9067b74633ed8c31059a3bd82?s=96&d=mm&r=g\",\"url\":\"https:\\\/\\\/secure.gravatar.com\\\/avatar\\\/b71bf7481d447dfb9583c7f2798e7cc64de6efb9067b74633ed8c31059a3bd82?s=96&d=mm&r=g\",\"contentUrl\":\"https:\\\/\\\/secure.gravatar.com\\\/avatar\\\/b71bf7481d447dfb9583c7f2798e7cc64de6efb9067b74633ed8c31059a3bd82?s=96&d=mm&r=g\",\"caption\":\"Sebastian\"},\"url\":\"https:\\\/\\\/informelitoral.com.ar\\\/author\\\/sebastian\\\/\"}]}<\/script>","yoast_head_json":{"title":"El Gobierno posterg\u00f3 para febrero el nuevo esquema de subsidios energ\u00e9ticos - Informe Litoral","robots":{"index":"index","follow":"follow","max-snippet":"max-snippet:-1","max-image-preview":"max-image-preview:large","max-video-preview":"max-video-preview:-1"},"canonical":"https:\/\/informelitoral.com.ar\/el-gobierno-postergo-para-febrero-el-nuevo-esquema-de-subsidios-energeticos\/","og_locale":"es_ES","og_type":"article","og_title":"El Gobierno posterg\u00f3 para febrero el nuevo esquema de subsidios energ\u00e9ticos - Informe Litoral","og_description":"La medida unifica las categor\u00edas de usuarios y establece l\u00edmites de consumo mensuales. Se estima que el cambio impactar\u00e1 en el costo de las facturas de gas, electricidad y garrafas a partir del pr\u00f3ximo mes.","og_url":"https:\/\/informelitoral.com.ar\/el-gobierno-postergo-para-febrero-el-nuevo-esquema-de-subsidios-energeticos\/","og_site_name":"Informe Litoral","article_publisher":"https:\/\/www.facebook.com\/informelitoral\/","article_published_time":"2026-01-14T23:52:48+00:00","article_modified_time":"2026-01-15T00:10:13+00:00","og_image":[{"width":2560,"height":1700,"url":"https:\/\/informelitoral.com.ar\/%77%70%2d%63%6f%6e%74%65%6e%74\/uploads\/2025\/04\/6216359474505-scaled.jpg","type":"image\/jpeg"}],"author":"Sebastian","twitter_card":"summary_large_image","twitter_creator":"@InformeLitoral","twitter_site":"@InformeLitoral","twitter_misc":{"Escrito por":"Sebastian","Tiempo de lectura":"3 minutos"},"schema":{"@context":"https:\/\/schema.org","@graph":[{"@type":"Article","@id":"https:\/\/informelitoral.com.ar\/el-gobierno-postergo-para-febrero-el-nuevo-esquema-de-subsidios-energeticos\/#article","isPartOf":{"@id":"https:\/\/informelitoral.com.ar\/el-gobierno-postergo-para-febrero-el-nuevo-esquema-de-subsidios-energeticos\/"},"author":{"name":"Sebastian","@id":"https:\/\/informelitoral.com.ar\/#\/schema\/person\/f05f9f461677119578717524b127d6d5"},"headline":"El Gobierno posterg\u00f3 para febrero el nuevo esquema de subsidios energ\u00e9ticos","datePublished":"2026-01-14T23:52:48+00:00","dateModified":"2026-01-15T00:10:13+00:00","mainEntityOfPage":{"@id":"https:\/\/informelitoral.com.ar\/el-gobierno-postergo-para-febrero-el-nuevo-esquema-de-subsidios-energeticos\/"},"wordCount":472,"commentCount":0,"publisher":{"@id":"https:\/\/informelitoral.com.ar\/#organization"},"image":{"@id":"https:\/\/informelitoral.com.ar\/el-gobierno-postergo-para-febrero-el-nuevo-esquema-de-subsidios-energeticos\/#primaryimage"},"thumbnailUrl":"https:\/\/informelitoral.com.ar\/%77%70%2d%63%6f%6e%74%65%6e%74\/uploads\/2025\/04\/6216359474505-scaled.jpg","keywords":["Gas","Subsidio"],"articleSection":["Econom\u00eda"],"inLanguage":"es","potentialAction":[{"@type":"CommentAction","name":"Comment","target":["https:\/\/informelitoral.com.ar\/el-gobierno-postergo-para-febrero-el-nuevo-esquema-de-subsidios-energeticos\/#respond"]}]},{"@type":"WebPage","@id":"https:\/\/informelitoral.com.ar\/el-gobierno-postergo-para-febrero-el-nuevo-esquema-de-subsidios-energeticos\/","url":"https:\/\/informelitoral.com.ar\/el-gobierno-postergo-para-febrero-el-nuevo-esquema-de-subsidios-energeticos\/","name":"El Gobierno posterg\u00f3 para febrero el nuevo esquema de subsidios energ\u00e9ticos - Informe Litoral","isPartOf":{"@id":"https:\/\/informelitoral.com.ar\/#website"},"primaryImageOfPage":{"@id":"https:\/\/informelitoral.com.ar\/el-gobierno-postergo-para-febrero-el-nuevo-esquema-de-subsidios-energeticos\/#primaryimage"},"image":{"@id":"https:\/\/informelitoral.com.ar\/el-gobierno-postergo-para-febrero-el-nuevo-esquema-de-subsidios-energeticos\/#primaryimage"},"thumbnailUrl":"https:\/\/informelitoral.com.ar\/%77%70%2d%63%6f%6e%74%65%6e%74\/uploads\/2025\/04\/6216359474505-scaled.jpg","datePublished":"2026-01-14T23:52:48+00:00","dateModified":"2026-01-15T00:10:13+00:00","breadcrumb":{"@id":"https:\/\/informelitoral.com.ar\/el-gobierno-postergo-para-febrero-el-nuevo-esquema-de-subsidios-energeticos\/#breadcrumb"},"inLanguage":"es","potentialAction":[{"@type":"ReadAction","target":["https:\/\/informelitoral.com.ar\/el-gobierno-postergo-para-febrero-el-nuevo-esquema-de-subsidios-energeticos\/"]}]},{"@type":"ImageObject","inLanguage":"es","@id":"https:\/\/informelitoral.com.ar\/el-gobierno-postergo-para-febrero-el-nuevo-esquema-de-subsidios-energeticos\/#primaryimage","url":"https:\/\/informelitoral.com.ar\/%77%70%2d%63%6f%6e%74%65%6e%74\/uploads\/2025\/04\/6216359474505-scaled.jpg","contentUrl":"https:\/\/informelitoral.com.ar\/%77%70%2d%63%6f%6e%74%65%6e%74\/uploads\/2025\/04\/6216359474505-scaled.jpg","width":2560,"height":1700},{"@type":"BreadcrumbList","@id":"https:\/\/informelitoral.com.ar\/el-gobierno-postergo-para-febrero-el-nuevo-esquema-de-subsidios-energeticos\/#breadcrumb","itemListElement":[{"@type":"ListItem","position":1,"name":"Portada","item":"https:\/\/informelitoral.com.ar\/"},{"@type":"ListItem","position":2,"name":"El Gobierno posterg\u00f3 para febrero el nuevo esquema de subsidios energ\u00e9ticos"}]},{"@type":"WebSite","@id":"https:\/\/informelitoral.com.ar\/#website","url":"https:\/\/informelitoral.com.ar\/","name":"Informe Litoral","description":"&quot;Nos informamos&quot; ","publisher":{"@id":"https:\/\/informelitoral.com.ar\/#organization"},"potentialAction":[{"@type":"SearchAction","target":{"@type":"EntryPoint","urlTemplate":"https:\/\/informelitoral.com.ar\/?s={search_term_string}"},"query-input":{"@type":"PropertyValueSpecification","valueRequired":true,"valueName":"search_term_string"}}],"inLanguage":"es"},{"@type":"Organization","@id":"https:\/\/informelitoral.com.ar\/#organization","name":"Informe Litoral","url":"https:\/\/informelitoral.com.ar\/","logo":{"@type":"ImageObject","inLanguage":"es","@id":"https:\/\/informelitoral.com.ar\/#\/schema\/logo\/image\/","url":"https:\/\/informelitoral.com.ar\/%77%70%2d%63%6f%6e%74%65%6e%74\/uploads\/2021\/01\/circulo.png","contentUrl":"https:\/\/informelitoral.com.ar\/%77%70%2d%63%6f%6e%74%65%6e%74\/uploads\/2021\/01\/circulo.png","width":723,"height":731,"caption":"Informe Litoral"},"image":{"@id":"https:\/\/informelitoral.com.ar\/#\/schema\/logo\/image\/"},"sameAs":["https:\/\/www.facebook.com\/informelitoral\/","https:\/\/x.com\/InformeLitoral","https:\/\/www.instagram.com\/informelitoral\/","https:\/\/www.youtube.com\/channel\/UCua4Qvz8Icb6MYqhoq9xLXw"]},{"@type":"Person","@id":"https:\/\/informelitoral.com.ar\/#\/schema\/person\/f05f9f461677119578717524b127d6d5","name":"Sebastian","image":{"@type":"ImageObject","inLanguage":"es","@id":"https:\/\/secure.gravatar.com\/avatar\/b71bf7481d447dfb9583c7f2798e7cc64de6efb9067b74633ed8c31059a3bd82?s=96&d=mm&r=g","url":"https:\/\/secure.gravatar.com\/avatar\/b71bf7481d447dfb9583c7f2798e7cc64de6efb9067b74633ed8c31059a3bd82?s=96&d=mm&r=g","contentUrl":"https:\/\/secure.gravatar.com\/avatar\/b71bf7481d447dfb9583c7f2798e7cc64de6efb9067b74633ed8c31059a3bd82?s=96&d=mm&r=g","caption":"Sebastian"},"url":"https:\/\/informelitoral.com.ar\/author\/sebastian\/"}]}},"_links":{"self":[{"href":"https:\/\/informelitoral.com.ar\/%77%70%2d%6a%73%6f%6e\/wp\/v2\/posts\/246628","targetHints":{"allow":["GET"]}}],"collection":[{"href":"https:\/\/informelitoral.com.ar\/%77%70%2d%6a%73%6f%6e\/wp\/v2\/posts"}],"about":[{"href":"https:\/\/informelitoral.com.ar\/%77%70%2d%6a%73%6f%6e\/wp\/v2\/types\/post"}],"author":[{"embeddable":true,"href":"https:\/\/informelitoral.com.ar\/%77%70%2d%6a%73%6f%6e\/wp\/v2\/users\/8"}],"replies":[{"embeddable":true,"href":"https:\/\/informelitoral.com.ar\/%77%70%2d%6a%73%6f%6e\/wp\/v2\/comments?post=246628"}],"version-history":[{"count":4,"href":"https:\/\/informelitoral.com.ar\/%77%70%2d%6a%73%6f%6e\/wp\/v2\/posts\/246628\/revisions"}],"predecessor-version":[{"id":246632,"href":"https:\/\/informelitoral.com.ar\/%77%70%2d%6a%73%6f%6e\/wp\/v2\/posts\/246628\/revisions\/246632"}],"wp:featuredmedia":[{"embeddable":true,"href":"https:\/\/informelitoral.com.ar\/%77%70%2d%6a%73%6f%6e\/wp\/v2\/media\/217025"}],"wp:attachment":[{"href":"https:\/\/informelitoral.com.ar\/%77%70%2d%6a%73%6f%6e\/wp\/v2\/media?parent=246628"}],"wp:term":[{"taxonomy":"category","embeddable":true,"href":"https:\/\/informelitoral.com.ar\/%77%70%2d%6a%73%6f%6e\/wp\/v2\/categories?post=246628"},{"taxonomy":"post_tag","embeddable":true,"href":"https:\/\/informelitoral.com.ar\/%77%70%2d%6a%73%6f%6e\/wp\/v2\/tags?post=246628"}],"curies":[{"name":"wp","href":"https:\/\/api.w.org\/{rel}","templated":true}]}}