{"id":246594,"date":"2026-01-14T07:18:02","date_gmt":"2026-01-14T10:18:02","guid":{"rendered":"https:\/\/informelitoral.com.ar\/?p=246594"},"modified":"2026-01-14T10:22:09","modified_gmt":"2026-01-14T13:22:09","slug":"la-reunion-de-bordet-con-frigerio-no-le-gusto-a-parte-del-peronismo","status":"publish","type":"post","link":"https:\/\/informelitoral.com.ar\/la-reunion-de-bordet-con-frigerio-no-le-gusto-a-parte-del-peronismo\/","title":{"rendered":"La reuni\u00f3n de Bordet con Frigerio no le gust\u00f3 a parte del peronismo"},"content":{"rendered":"<p class=\"paragraph\" data-mrf-recirculation=\"Links inline\">El gobernador de Entre R\u00edos,\u00a0<b>Rogelio Frigerio<\/b>, mantuvo durante el mediod\u00eda de este martes un encuentro a solas con el ex mandatario provincial\u00a0<b>Gustavo<\/b>\u00a0<b>Bordet<\/b>. Seg\u00fan indic\u00f3 el titular del Ejecutivo al t\u00e9rmino del c\u00f3nclave, dialogaron sobre la agenda de los pr\u00f3ximos dos a\u00f1os de gesti\u00f3n e incluy\u00f3 las reformas estructurales pendientes y los principales desaf\u00edos de la\u00a0<b>administraci\u00f3n provincial<\/b>.<\/p>\n<p class=\"paragraph\" data-mrf-recirculation=\"Links inline\">En ese marco, se abord\u00f3 con especial \u00e9nfasis la necesidad de avanzar en cambios al sistema previsional. La posibilidad de trabajar en una agenda de reforma constitucional que contribuya a facilitar y mejorar la gesti\u00f3n del Estado tambi\u00e9n estuvo sobre la mesa.<\/p>\n<p class=\"paragraph\" data-mrf-recirculation=\"Links inline\">La foto del actual mandatario y su antecesor dialogando mano a mano en el despacho de la <b>Gobernaci\u00f3n<\/b>\u00a0lleg\u00f3 en un momento particular. Hace una semana, los legisladores nacionales del\u00a0<b>PJ<\/b>\u00a0(incluido Bordet) presentaron a\u00a0<b>Frigerio<\/b>\u00a0un estudio sobre el impacto de la reforma laboral en la coparticipaci\u00f3n.\u00a0<b>Alertaron que las provincias perder\u00edan $1,7 billones. De ese total, $81 mil millones corresponder\u00edan a Entre R\u00edos<\/b>. La nota cerraba con un pedido de audiencia al Gobernador.<\/p>\n<p class=\"paragraph\" data-mrf-recirculation=\"Links inline\">Cuando el escrito lleg\u00f3 a la Mesa de Entradas de la Gobernaci\u00f3n, hubo silencio oficial. \u201cPor ahora no habr\u00e1 respuesta\u201d, deslizaron los operadores del frigerismo. La contestaci\u00f3n lleg\u00f3 en la tarde &#8211; noche del lunes. Frigerio iba a recibir s\u00f3lo a uno de los firmantes y en car\u00e1cter de exgobernador, no de diputado. Y la agenda de temas ser\u00eda otra.<\/p>\n<p class=\"paragraph\" data-mrf-recirculation=\"Links inline\">Dos personas que estamparon su firma en el pedido de audiencia a Frigerio dejaron traslucir en declaraciones a <em>Infobae<\/em> su molestia con la decisi\u00f3n del exmandatario.<\/p>\n<p class=\"paragraph\" data-mrf-recirculation=\"Links inline\">\u201cNo nos contestaron la nota as\u00ed que lo de Bordet debe ser algo de \u00e9l\u201d, dijo uno. <b>\u201cEs Bordet siendo Bordet\u201d, acot\u00f3 otro en medio de una risa nerviosa m\u00e1s para liberar tensiones que para tomar con humor la situaci\u00f3n<\/b>. La visita traer\u00e1 consecuencias en la fr\u00e1gil unidad del PJ local.<\/p>\n<p class=\"paragraph\" data-mrf-recirculation=\"Links inline\">Una vez que\u00a0<b>Frigerio<\/b>\u00a0ocup\u00f3 el centro de la escena pol\u00edtica en\u00a0<b>Entre R\u00edos<\/b>, el peronismo se qued\u00f3 sin iniciativa. A su falta de conducci\u00f3n clara se a\u00f1ade ahora la puja de personalismos.<\/p>\n<p class=\"paragraph\" data-mrf-recirculation=\"Links inline\">De all\u00ed que al Gobernador le resulte la estrategia de sumar a su redil exdirigentes y referentes del PJ. El ministro de Gobierno,\u00a0<b>Manuel Troncoso<\/b>, es su principal operador en esta tarea. El principio pol\u00edtico es tan viejo como Filipo de Macedonia, autor de la sentencia \u00abDivide et Impera\u00bb (divide y vencer\u00e1s).<\/p>\n<h2 class=\"header headline-class-h2 headline\"><strong>Qu\u00e9 explicaci\u00f3n dio Bordet<\/strong><\/h2>\n<p class=\"paragraph\" data-mrf-recirculation=\"Links inline\">\u201cFue una reuni\u00f3n institucional. Hab\u00eda sido convocado por el Gobernador en mi car\u00e1cter de exmandatario\u201d, expres\u00f3\u00a0<b>Bordet<\/b>\u00a0al salir del encuentro.\u00a0<b>El fin de la convocatoria fue tener \u201cun espacio para conversar sobre temas que interesan a los entrerrianos en general y al desarrollo de la provincia\u201d<\/b>, agreg\u00f3.<\/p>\n<p class=\"paragraph\" data-mrf-recirculation=\"Links inline\">Adem\u00e1s, dijo que es \u201cimportante y productivo\u201d sostener este tipo de encuentros \u201cen un marco de respeto y madurez pol\u00edtica\u201d.<\/p>\n<p class=\"paragraph\" data-mrf-recirculation=\"Links inline\">El exgobernador justicialista hizo referencia al pedido de encuentro que hab\u00eda hecho con sus pares del Congreso nacional. \u201cQuiero dejar en claro que como legisladores nacionales hab\u00edamos pedido una audiencia al Gobernador para hablar de un tema que est\u00e1 dentro de la reforma laboral. Tiene que ver con una merma que se producir\u00eda en la coparticipaci\u00f3n por la modificaci\u00f3n en el impuesto a las ganancias. Eso ser\u00e1 abordado en una futura reuni\u00f3n con los legisladores\u201d, adelant\u00f3.<\/p>\n<p class=\"paragraph\" data-mrf-recirculation=\"Links inline\">Luego, agreg\u00f3: \u201cEste fue un encuentro diferente. No tiene nada que ver con esa audiencia\u201d.<\/p>\n<p class=\"paragraph\" data-mrf-recirculation=\"Links inline\">En otro orden,\u00a0<b>Bordet<\/b>\u00a0consign\u00f3 que le expres\u00f3 a\u00a0<b>Frigerio<\/b>\u00a0su preocupaci\u00f3n por algunas cosas que observa. \u201cEl Gobernador manifest\u00f3 su punto de vista y la agenda que tiene para adelante\u201d.<\/p>\n<p class=\"paragraph\" data-mrf-recirculation=\"Links inline\">Por \u00faltimo, plante\u00f3: \u201cSiempre es importante tener canales de di\u00e1logo abiertos. Poder conversar entre todos los sectores. Contar con una agenda propositiva. Pero marcando que nosotros pertenecemos a un partido opositor y ejercemos la oposici\u00f3n de manera responsable, sin entrar en cuestiones personales. No pensamos lo mismo, pero eso no es impedimento ni obst\u00e1culo para que podamos sentarnos a conversar\u201d, concluy\u00f3. <em>(Infobae)<\/em><\/p>\n<h6 data-mrf-recirculation=\"Links inline\"><em><strong>Del archivo:\u00a0<a href=\"https:\/\/informelitoral.com.ar\/frigerio-confirmo-el-inicio-de-obras-en-las-rutas-nacionales-12-y-14\/\" target=\"_blank\" rel=\"noopener\">Frigerio confirm\u00f3 el inicio de obras en las rutas nacionales 12 y 14<\/a><\/strong><\/em><\/h6>\n","protected":false},"excerpt":{"rendered":"<p>El mandatario provincial convoc\u00f3 a su antecesor Gustavo Bordet y desair\u00f3 al resto de los legisladores justicialistas que quer\u00edan una encuentro para discutir el costo fiscal de la iniciativa. Hay bronca en el PJ por la movida personal del ex gobernador<\/p>\n","protected":false},"author":2,"featured_media":246595,"comment_status":"open","ping_status":"open","sticky":false,"template":"","format":"standard","meta":{"fifu_image_url":"https:\/\/www.infobae.com\/resizer\/v2\/HMOVZ7H7KRC7NC3MUVKKMVJPQY.jpeg?auth=f380108911f275d6f5228a1fe51d39116e6b2613ba1482c7b3c6ceec0bbecc62&smart=true&width=992&height=661&quality=85","fifu_image_alt":"","footnotes":""},"categories":[16],"tags":[167,450,949],"class_list":{"0":"post-246594","1":"post","2":"type-post","3":"status-publish","4":"format-standard","5":"has-post-thumbnail","7":"category-politi","8":"tag-gustavo-bordet","9":"tag-peronismo","10":"tag-rogelio-frigerio"},"yoast_head":"<title>La reuni\u00f3n de Bordet con Frigerio no le gust\u00f3 a parte del peronismo - Informe Litoral<\/title>\n<meta name=\"robots\" content=\"index, follow, max-snippet:-1, max-image-preview:large, max-video-preview:-1\" \/>\n<link rel=\"canonical\" href=\"https:\/\/informelitoral.com.ar\/la-reunion-de-bordet-con-frigerio-no-le-gusto-a-parte-del-peronismo\/\" \/>\n<meta property=\"og:locale\" content=\"es_ES\" \/>\n<meta property=\"og:type\" content=\"article\" \/>\n<meta property=\"og:title\" content=\"La reuni\u00f3n de Bordet con Frigerio no le gust\u00f3 a parte del peronismo - Informe Litoral\" \/>\n<meta property=\"og:description\" content=\"El mandatario provincial convoc\u00f3 a su antecesor Gustavo Bordet y desair\u00f3 al resto de los legisladores justicialistas que quer\u00edan una encuentro para discutir el costo fiscal de la iniciativa. Hay bronca en el PJ por la movida personal del ex gobernador\" \/>\n<meta property=\"og:url\" content=\"https:\/\/informelitoral.com.ar\/la-reunion-de-bordet-con-frigerio-no-le-gusto-a-parte-del-peronismo\/\" \/>\n<meta property=\"og:site_name\" content=\"Informe Litoral\" \/>\n<meta property=\"article:publisher\" content=\"https:\/\/www.facebook.com\/informelitoral\/\" \/>\n<meta property=\"article:published_time\" content=\"2026-01-14T10:18:02+00:00\" \/>\n<meta property=\"article:modified_time\" content=\"2026-01-14T13:22:09+00:00\" \/>\n<meta property=\"og:image\" content=\"https:\/\/www.infobae.com\/resizer\/v2\/HMOVZ7H7KRC7NC3MUVKKMVJPQY.jpeg?auth=f380108911f275d6f5228a1fe51d39116e6b2613ba1482c7b3c6ceec0bbecc62&smart=true&width=992&height=661&quality=85\" \/>\n<meta name=\"author\" content=\"Gonzalo Schmidt\" \/>\n<meta name=\"twitter:card\" content=\"summary_large_image\" \/>\n<meta name=\"twitter:image\" content=\"https:\/\/www.infobae.com\/resizer\/v2\/HMOVZ7H7KRC7NC3MUVKKMVJPQY.jpeg?auth=f380108911f275d6f5228a1fe51d39116e6b2613ba1482c7b3c6ceec0bbecc62&smart=true&width=992&height=661&quality=85\" \/>\n<meta name=\"twitter:creator\" content=\"@InformeLitoral\" \/>\n<meta name=\"twitter:site\" content=\"@InformeLitoral\" \/>\n<meta name=\"twitter:label1\" content=\"Escrito por\" \/>\n\t<meta name=\"twitter:data1\" content=\"Gonzalo Schmidt\" \/>\n\t<meta name=\"twitter:label2\" content=\"Tiempo de lectura\" \/>\n\t<meta name=\"twitter:data2\" content=\"4 minutos\" \/>\n<script type=\"application\/ld+json\" class=\"yoast-schema-graph\">{\"@context\":\"https:\\\/\\\/schema.org\",\"@graph\":[{\"@type\":\"Article\",\"@id\":\"https:\\\/\\\/informelitoral.com.ar\\\/la-reunion-de-bordet-con-frigerio-no-le-gusto-a-parte-del-peronismo\\\/#article\",\"isPartOf\":{\"@id\":\"https:\\\/\\\/informelitoral.com.ar\\\/la-reunion-de-bordet-con-frigerio-no-le-gusto-a-parte-del-peronismo\\\/\"},\"author\":{\"name\":\"Gonzalo Schmidt\",\"@id\":\"https:\\\/\\\/informelitoral.com.ar\\\/#\\\/schema\\\/person\\\/b9d00407c836482871ef1d57bf8e3180\"},\"headline\":\"La reuni\u00f3n de Bordet con Frigerio no le gust\u00f3 a parte del peronismo\",\"datePublished\":\"2026-01-14T10:18:02+00:00\",\"dateModified\":\"2026-01-14T13:22:09+00:00\",\"mainEntityOfPage\":{\"@id\":\"https:\\\/\\\/informelitoral.com.ar\\\/la-reunion-de-bordet-con-frigerio-no-le-gusto-a-parte-del-peronismo\\\/\"},\"wordCount\":728,\"commentCount\":0,\"publisher\":{\"@id\":\"https:\\\/\\\/informelitoral.com.ar\\\/#organization\"},\"image\":{\"@id\":\"https:\\\/\\\/informelitoral.com.ar\\\/la-reunion-de-bordet-con-frigerio-no-le-gusto-a-parte-del-peronismo\\\/#primaryimage\"},\"thumbnailUrl\":\"https:\\\/\\\/www.infobae.com\\\/resizer\\\/v2\\\/HMOVZ7H7KRC7NC3MUVKKMVJPQY.jpeg?auth=f380108911f275d6f5228a1fe51d39116e6b2613ba1482c7b3c6ceec0bbecc62&smart=true&width=992&height=661&quality=85\",\"keywords\":[\"Gustavo Bordet\",\"Peronismo\",\"Rogelio Frigerio\"],\"articleSection\":[\"Politica\"],\"inLanguage\":\"es\",\"potentialAction\":[{\"@type\":\"CommentAction\",\"name\":\"Comment\",\"target\":[\"https:\\\/\\\/informelitoral.com.ar\\\/la-reunion-de-bordet-con-frigerio-no-le-gusto-a-parte-del-peronismo\\\/#respond\"]}]},{\"@type\":\"WebPage\",\"@id\":\"https:\\\/\\\/informelitoral.com.ar\\\/la-reunion-de-bordet-con-frigerio-no-le-gusto-a-parte-del-peronismo\\\/\",\"url\":\"https:\\\/\\\/informelitoral.com.ar\\\/la-reunion-de-bordet-con-frigerio-no-le-gusto-a-parte-del-peronismo\\\/\",\"name\":\"La reuni\u00f3n de Bordet con Frigerio no le gust\u00f3 a parte del peronismo - Informe Litoral\",\"isPartOf\":{\"@id\":\"https:\\\/\\\/informelitoral.com.ar\\\/#website\"},\"primaryImageOfPage\":{\"@id\":\"https:\\\/\\\/informelitoral.com.ar\\\/la-reunion-de-bordet-con-frigerio-no-le-gusto-a-parte-del-peronismo\\\/#primaryimage\"},\"image\":{\"@id\":\"https:\\\/\\\/informelitoral.com.ar\\\/la-reunion-de-bordet-con-frigerio-no-le-gusto-a-parte-del-peronismo\\\/#primaryimage\"},\"thumbnailUrl\":\"https:\\\/\\\/www.infobae.com\\\/resizer\\\/v2\\\/HMOVZ7H7KRC7NC3MUVKKMVJPQY.jpeg?auth=f380108911f275d6f5228a1fe51d39116e6b2613ba1482c7b3c6ceec0bbecc62&smart=true&width=992&height=661&quality=85\",\"datePublished\":\"2026-01-14T10:18:02+00:00\",\"dateModified\":\"2026-01-14T13:22:09+00:00\",\"breadcrumb\":{\"@id\":\"https:\\\/\\\/informelitoral.com.ar\\\/la-reunion-de-bordet-con-frigerio-no-le-gusto-a-parte-del-peronismo\\\/#breadcrumb\"},\"inLanguage\":\"es\",\"potentialAction\":[{\"@type\":\"ReadAction\",\"target\":[\"https:\\\/\\\/informelitoral.com.ar\\\/la-reunion-de-bordet-con-frigerio-no-le-gusto-a-parte-del-peronismo\\\/\"]}]},{\"@type\":\"ImageObject\",\"inLanguage\":\"es\",\"@id\":\"https:\\\/\\\/informelitoral.com.ar\\\/la-reunion-de-bordet-con-frigerio-no-le-gusto-a-parte-del-peronismo\\\/#primaryimage\",\"url\":\"https:\\\/\\\/www.infobae.com\\\/resizer\\\/v2\\\/HMOVZ7H7KRC7NC3MUVKKMVJPQY.jpeg?auth=f380108911f275d6f5228a1fe51d39116e6b2613ba1482c7b3c6ceec0bbecc62&smart=true&width=992&height=661&quality=85\",\"contentUrl\":\"https:\\\/\\\/www.infobae.com\\\/resizer\\\/v2\\\/HMOVZ7H7KRC7NC3MUVKKMVJPQY.jpeg?auth=f380108911f275d6f5228a1fe51d39116e6b2613ba1482c7b3c6ceec0bbecc62&smart=true&width=992&height=661&quality=85\",\"width\":\"992\",\"height\":\"661\"},{\"@type\":\"BreadcrumbList\",\"@id\":\"https:\\\/\\\/informelitoral.com.ar\\\/la-reunion-de-bordet-con-frigerio-no-le-gusto-a-parte-del-peronismo\\\/#breadcrumb\",\"itemListElement\":[{\"@type\":\"ListItem\",\"position\":1,\"name\":\"Portada\",\"item\":\"https:\\\/\\\/informelitoral.com.ar\\\/\"},{\"@type\":\"ListItem\",\"position\":2,\"name\":\"La reuni\u00f3n de Bordet con Frigerio no le gust\u00f3 a parte del peronismo\"}]},{\"@type\":\"WebSite\",\"@id\":\"https:\\\/\\\/informelitoral.com.ar\\\/#website\",\"url\":\"https:\\\/\\\/informelitoral.com.ar\\\/\",\"name\":\"Informe Litoral\",\"description\":\"&quot;Nos informamos&quot; \",\"publisher\":{\"@id\":\"https:\\\/\\\/informelitoral.com.ar\\\/#organization\"},\"potentialAction\":[{\"@type\":\"SearchAction\",\"target\":{\"@type\":\"EntryPoint\",\"urlTemplate\":\"https:\\\/\\\/informelitoral.com.ar\\\/?s={search_term_string}\"},\"query-input\":{\"@type\":\"PropertyValueSpecification\",\"valueRequired\":true,\"valueName\":\"search_term_string\"}}],\"inLanguage\":\"es\"},{\"@type\":\"Organization\",\"@id\":\"https:\\\/\\\/informelitoral.com.ar\\\/#organization\",\"name\":\"Informe Litoral\",\"url\":\"https:\\\/\\\/informelitoral.com.ar\\\/\",\"logo\":{\"@type\":\"ImageObject\",\"inLanguage\":\"es\",\"@id\":\"https:\\\/\\\/informelitoral.com.ar\\\/#\\\/schema\\\/logo\\\/image\\\/\",\"url\":\"https:\\\/\\\/informelitoral.com.ar\\\/%77%70%2d%63%6f%6e%74%65%6e%74\\\/uploads\\\/2021\\\/01\\\/circulo.png\",\"contentUrl\":\"https:\\\/\\\/informelitoral.com.ar\\\/%77%70%2d%63%6f%6e%74%65%6e%74\\\/uploads\\\/2021\\\/01\\\/circulo.png\",\"width\":723,\"height\":731,\"caption\":\"Informe Litoral\"},\"image\":{\"@id\":\"https:\\\/\\\/informelitoral.com.ar\\\/#\\\/schema\\\/logo\\\/image\\\/\"},\"sameAs\":[\"https:\\\/\\\/www.facebook.com\\\/informelitoral\\\/\",\"https:\\\/\\\/x.com\\\/InformeLitoral\",\"https:\\\/\\\/www.instagram.com\\\/informelitoral\\\/\",\"https:\\\/\\\/www.youtube.com\\\/channel\\\/UCua4Qvz8Icb6MYqhoq9xLXw\"]},{\"@type\":\"Person\",\"@id\":\"https:\\\/\\\/informelitoral.com.ar\\\/#\\\/schema\\\/person\\\/b9d00407c836482871ef1d57bf8e3180\",\"name\":\"Gonzalo Schmidt\",\"image\":{\"@type\":\"ImageObject\",\"inLanguage\":\"es\",\"@id\":\"https:\\\/\\\/secure.gravatar.com\\\/avatar\\\/31a1a7b66ff2de83bd0e9fd79d026630d2d99e55e8bfe501287647b4fd9743de?s=96&d=mm&r=g\",\"url\":\"https:\\\/\\\/secure.gravatar.com\\\/avatar\\\/31a1a7b66ff2de83bd0e9fd79d026630d2d99e55e8bfe501287647b4fd9743de?s=96&d=mm&r=g\",\"contentUrl\":\"https:\\\/\\\/secure.gravatar.com\\\/avatar\\\/31a1a7b66ff2de83bd0e9fd79d026630d2d99e55e8bfe501287647b4fd9743de?s=96&d=mm&r=g\",\"caption\":\"Gonzalo Schmidt\"},\"description\":\"Sitio web de noticias de la provincia de Entre R\u00edos, Argentina. Informaci\u00f3n y entretenimiento. Informe Litoral, nos informamos.\",\"sameAs\":[\"http:\\\/\\\/www.isletasnoticias.com.ar\"],\"url\":\"https:\\\/\\\/informelitoral.com.ar\\\/author\\\/gonzalo\\\/\"}]}<\/script>","yoast_head_json":{"title":"La reuni\u00f3n de Bordet con Frigerio no le gust\u00f3 a parte del peronismo - Informe Litoral","robots":{"index":"index","follow":"follow","max-snippet":"max-snippet:-1","max-image-preview":"max-image-preview:large","max-video-preview":"max-video-preview:-1"},"canonical":"https:\/\/informelitoral.com.ar\/la-reunion-de-bordet-con-frigerio-no-le-gusto-a-parte-del-peronismo\/","og_locale":"es_ES","og_type":"article","og_title":"La reuni\u00f3n de Bordet con Frigerio no le gust\u00f3 a parte del peronismo - Informe Litoral","og_description":"El mandatario provincial convoc\u00f3 a su antecesor Gustavo Bordet y desair\u00f3 al resto de los legisladores justicialistas que quer\u00edan una encuentro para discutir el costo fiscal de la iniciativa. Hay bronca en el PJ por la movida personal del ex gobernador","og_url":"https:\/\/informelitoral.com.ar\/la-reunion-de-bordet-con-frigerio-no-le-gusto-a-parte-del-peronismo\/","og_site_name":"Informe Litoral","article_publisher":"https:\/\/www.facebook.com\/informelitoral\/","article_published_time":"2026-01-14T10:18:02+00:00","article_modified_time":"2026-01-14T13:22:09+00:00","og_image":[{"url":"https:\/\/www.infobae.com\/resizer\/v2\/HMOVZ7H7KRC7NC3MUVKKMVJPQY.jpeg?auth=f380108911f275d6f5228a1fe51d39116e6b2613ba1482c7b3c6ceec0bbecc62&smart=true&width=992&height=661&quality=85","type":"","width":"","height":""}],"author":"Gonzalo Schmidt","twitter_card":"summary_large_image","twitter_image":"https:\/\/www.infobae.com\/resizer\/v2\/HMOVZ7H7KRC7NC3MUVKKMVJPQY.jpeg?auth=f380108911f275d6f5228a1fe51d39116e6b2613ba1482c7b3c6ceec0bbecc62&smart=true&width=992&height=661&quality=85","twitter_creator":"@InformeLitoral","twitter_site":"@InformeLitoral","twitter_misc":{"Escrito por":"Gonzalo Schmidt","Tiempo de lectura":"4 minutos"},"schema":{"@context":"https:\/\/schema.org","@graph":[{"@type":"Article","@id":"https:\/\/informelitoral.com.ar\/la-reunion-de-bordet-con-frigerio-no-le-gusto-a-parte-del-peronismo\/#article","isPartOf":{"@id":"https:\/\/informelitoral.com.ar\/la-reunion-de-bordet-con-frigerio-no-le-gusto-a-parte-del-peronismo\/"},"author":{"name":"Gonzalo Schmidt","@id":"https:\/\/informelitoral.com.ar\/#\/schema\/person\/b9d00407c836482871ef1d57bf8e3180"},"headline":"La reuni\u00f3n de Bordet con Frigerio no le gust\u00f3 a parte del peronismo","datePublished":"2026-01-14T10:18:02+00:00","dateModified":"2026-01-14T13:22:09+00:00","mainEntityOfPage":{"@id":"https:\/\/informelitoral.com.ar\/la-reunion-de-bordet-con-frigerio-no-le-gusto-a-parte-del-peronismo\/"},"wordCount":728,"commentCount":0,"publisher":{"@id":"https:\/\/informelitoral.com.ar\/#organization"},"image":{"@id":"https:\/\/informelitoral.com.ar\/la-reunion-de-bordet-con-frigerio-no-le-gusto-a-parte-del-peronismo\/#primaryimage"},"thumbnailUrl":"https:\/\/www.infobae.com\/resizer\/v2\/HMOVZ7H7KRC7NC3MUVKKMVJPQY.jpeg?auth=f380108911f275d6f5228a1fe51d39116e6b2613ba1482c7b3c6ceec0bbecc62&smart=true&width=992&height=661&quality=85","keywords":["Gustavo Bordet","Peronismo","Rogelio Frigerio"],"articleSection":["Politica"],"inLanguage":"es","potentialAction":[{"@type":"CommentAction","name":"Comment","target":["https:\/\/informelitoral.com.ar\/la-reunion-de-bordet-con-frigerio-no-le-gusto-a-parte-del-peronismo\/#respond"]}]},{"@type":"WebPage","@id":"https:\/\/informelitoral.com.ar\/la-reunion-de-bordet-con-frigerio-no-le-gusto-a-parte-del-peronismo\/","url":"https:\/\/informelitoral.com.ar\/la-reunion-de-bordet-con-frigerio-no-le-gusto-a-parte-del-peronismo\/","name":"La reuni\u00f3n de Bordet con Frigerio no le gust\u00f3 a parte del peronismo - Informe Litoral","isPartOf":{"@id":"https:\/\/informelitoral.com.ar\/#website"},"primaryImageOfPage":{"@id":"https:\/\/informelitoral.com.ar\/la-reunion-de-bordet-con-frigerio-no-le-gusto-a-parte-del-peronismo\/#primaryimage"},"image":{"@id":"https:\/\/informelitoral.com.ar\/la-reunion-de-bordet-con-frigerio-no-le-gusto-a-parte-del-peronismo\/#primaryimage"},"thumbnailUrl":"https:\/\/www.infobae.com\/resizer\/v2\/HMOVZ7H7KRC7NC3MUVKKMVJPQY.jpeg?auth=f380108911f275d6f5228a1fe51d39116e6b2613ba1482c7b3c6ceec0bbecc62&smart=true&width=992&height=661&quality=85","datePublished":"2026-01-14T10:18:02+00:00","dateModified":"2026-01-14T13:22:09+00:00","breadcrumb":{"@id":"https:\/\/informelitoral.com.ar\/la-reunion-de-bordet-con-frigerio-no-le-gusto-a-parte-del-peronismo\/#breadcrumb"},"inLanguage":"es","potentialAction":[{"@type":"ReadAction","target":["https:\/\/informelitoral.com.ar\/la-reunion-de-bordet-con-frigerio-no-le-gusto-a-parte-del-peronismo\/"]}]},{"@type":"ImageObject","inLanguage":"es","@id":"https:\/\/informelitoral.com.ar\/la-reunion-de-bordet-con-frigerio-no-le-gusto-a-parte-del-peronismo\/#primaryimage","url":"https:\/\/www.infobae.com\/resizer\/v2\/HMOVZ7H7KRC7NC3MUVKKMVJPQY.jpeg?auth=f380108911f275d6f5228a1fe51d39116e6b2613ba1482c7b3c6ceec0bbecc62&smart=true&width=992&height=661&quality=85","contentUrl":"https:\/\/www.infobae.com\/resizer\/v2\/HMOVZ7H7KRC7NC3MUVKKMVJPQY.jpeg?auth=f380108911f275d6f5228a1fe51d39116e6b2613ba1482c7b3c6ceec0bbecc62&smart=true&width=992&height=661&quality=85","width":"992","height":"661"},{"@type":"BreadcrumbList","@id":"https:\/\/informelitoral.com.ar\/la-reunion-de-bordet-con-frigerio-no-le-gusto-a-parte-del-peronismo\/#breadcrumb","itemListElement":[{"@type":"ListItem","position":1,"name":"Portada","item":"https:\/\/informelitoral.com.ar\/"},{"@type":"ListItem","position":2,"name":"La reuni\u00f3n de Bordet con Frigerio no le gust\u00f3 a parte del peronismo"}]},{"@type":"WebSite","@id":"https:\/\/informelitoral.com.ar\/#website","url":"https:\/\/informelitoral.com.ar\/","name":"Informe Litoral","description":"&quot;Nos informamos&quot; ","publisher":{"@id":"https:\/\/informelitoral.com.ar\/#organization"},"potentialAction":[{"@type":"SearchAction","target":{"@type":"EntryPoint","urlTemplate":"https:\/\/informelitoral.com.ar\/?s={search_term_string}"},"query-input":{"@type":"PropertyValueSpecification","valueRequired":true,"valueName":"search_term_string"}}],"inLanguage":"es"},{"@type":"Organization","@id":"https:\/\/informelitoral.com.ar\/#organization","name":"Informe Litoral","url":"https:\/\/informelitoral.com.ar\/","logo":{"@type":"ImageObject","inLanguage":"es","@id":"https:\/\/informelitoral.com.ar\/#\/schema\/logo\/image\/","url":"https:\/\/informelitoral.com.ar\/%77%70%2d%63%6f%6e%74%65%6e%74\/uploads\/2021\/01\/circulo.png","contentUrl":"https:\/\/informelitoral.com.ar\/%77%70%2d%63%6f%6e%74%65%6e%74\/uploads\/2021\/01\/circulo.png","width":723,"height":731,"caption":"Informe Litoral"},"image":{"@id":"https:\/\/informelitoral.com.ar\/#\/schema\/logo\/image\/"},"sameAs":["https:\/\/www.facebook.com\/informelitoral\/","https:\/\/x.com\/InformeLitoral","https:\/\/www.instagram.com\/informelitoral\/","https:\/\/www.youtube.com\/channel\/UCua4Qvz8Icb6MYqhoq9xLXw"]},{"@type":"Person","@id":"https:\/\/informelitoral.com.ar\/#\/schema\/person\/b9d00407c836482871ef1d57bf8e3180","name":"Gonzalo Schmidt","image":{"@type":"ImageObject","inLanguage":"es","@id":"https:\/\/secure.gravatar.com\/avatar\/31a1a7b66ff2de83bd0e9fd79d026630d2d99e55e8bfe501287647b4fd9743de?s=96&d=mm&r=g","url":"https:\/\/secure.gravatar.com\/avatar\/31a1a7b66ff2de83bd0e9fd79d026630d2d99e55e8bfe501287647b4fd9743de?s=96&d=mm&r=g","contentUrl":"https:\/\/secure.gravatar.com\/avatar\/31a1a7b66ff2de83bd0e9fd79d026630d2d99e55e8bfe501287647b4fd9743de?s=96&d=mm&r=g","caption":"Gonzalo Schmidt"},"description":"Sitio web de noticias de la provincia de Entre R\u00edos, Argentina. Informaci\u00f3n y entretenimiento. Informe Litoral, nos informamos.","sameAs":["http:\/\/www.isletasnoticias.com.ar"],"url":"https:\/\/informelitoral.com.ar\/author\/gonzalo\/"}]}},"fifu_image_url":"https:\/\/www.infobae.com\/resizer\/v2\/HMOVZ7H7KRC7NC3MUVKKMVJPQY.jpeg?auth=f380108911f275d6f5228a1fe51d39116e6b2613ba1482c7b3c6ceec0bbecc62&smart=true&width=992&height=661&quality=85","_links":{"self":[{"href":"https:\/\/informelitoral.com.ar\/%77%70%2d%6a%73%6f%6e\/wp\/v2\/posts\/246594","targetHints":{"allow":["GET"]}}],"collection":[{"href":"https:\/\/informelitoral.com.ar\/%77%70%2d%6a%73%6f%6e\/wp\/v2\/posts"}],"about":[{"href":"https:\/\/informelitoral.com.ar\/%77%70%2d%6a%73%6f%6e\/wp\/v2\/types\/post"}],"author":[{"embeddable":true,"href":"https:\/\/informelitoral.com.ar\/%77%70%2d%6a%73%6f%6e\/wp\/v2\/users\/2"}],"replies":[{"embeddable":true,"href":"https:\/\/informelitoral.com.ar\/%77%70%2d%6a%73%6f%6e\/wp\/v2\/comments?post=246594"}],"version-history":[{"count":1,"href":"https:\/\/informelitoral.com.ar\/%77%70%2d%6a%73%6f%6e\/wp\/v2\/posts\/246594\/revisions"}],"predecessor-version":[{"id":246596,"href":"https:\/\/informelitoral.com.ar\/%77%70%2d%6a%73%6f%6e\/wp\/v2\/posts\/246594\/revisions\/246596"}],"wp:featuredmedia":[{"embeddable":true,"href":"https:\/\/informelitoral.com.ar\/%77%70%2d%6a%73%6f%6e\/wp\/v2\/media\/246595"}],"wp:attachment":[{"href":"https:\/\/informelitoral.com.ar\/%77%70%2d%6a%73%6f%6e\/wp\/v2\/media?parent=246594"}],"wp:term":[{"taxonomy":"category","embeddable":true,"href":"https:\/\/informelitoral.com.ar\/%77%70%2d%6a%73%6f%6e\/wp\/v2\/categories?post=246594"},{"taxonomy":"post_tag","embeddable":true,"href":"https:\/\/informelitoral.com.ar\/%77%70%2d%6a%73%6f%6e\/wp\/v2\/tags?post=246594"}],"curies":[{"name":"wp","href":"https:\/\/api.w.org\/{rel}","templated":true}]}}