{"id":246506,"date":"2026-01-13T17:36:42","date_gmt":"2026-01-13T20:36:42","guid":{"rendered":"https:\/\/informelitoral.com.ar\/?p=246506"},"modified":"2026-01-13T17:57:16","modified_gmt":"2026-01-13T20:57:16","slug":"la-inflacion-cerro-el-2025-en-315-el-registro-anual-mas-bajo-en-ocho-anos","status":"publish","type":"post","link":"https:\/\/informelitoral.com.ar\/la-inflacion-cerro-el-2025-en-315-el-registro-anual-mas-bajo-en-ocho-anos\/","title":{"rendered":"La inflaci\u00f3n de diciembre fue del 2,8% y el 2025 cerr\u00f3 con un acumulado del 31,5%"},"content":{"rendered":"<p data-path-to-node=\"4\">El Instituto Nacional de Estad\u00edstica y Censos (INDEC) dio a conocer este martes el \u00cdndice de Precios al Consumidor (IPC) correspondiente a diciembre, cerrando el balance anual de la econom\u00eda argentina. Con un incremento mensual del <b data-path-to-node=\"4\" data-index-in-node=\"247\">2,8%<\/b>, el 2025 finaliz\u00f3 con una inflaci\u00f3n acumulada del <b data-path-to-node=\"4\" data-index-in-node=\"302\">31,5%<\/b>, convirti\u00e9ndose en la cifra m\u00e1s baja desde 2017.<\/p>\n<p data-path-to-node=\"6\">El \u00faltimo mes del a\u00f1o registr\u00f3 una aceleraci\u00f3n de tres d\u00e9cimas respecto a noviembre. Esta tendencia estuvo traccionada principalmente por el sector <b data-path-to-node=\"6\" data-index-in-node=\"148\">Transporte<\/b>, que anot\u00f3 una suba del <b data-path-to-node=\"6\" data-index-in-node=\"183\">4%<\/b>. En segundo lugar, el rubro de <b data-path-to-node=\"6\" data-index-in-node=\"217\">Vivienda, agua, electricidad y gas<\/b> aument\u00f3 un <b data-path-to-node=\"6\" data-index-in-node=\"263\">3,4%<\/b>, reflejando el impacto de los precios regulados en la canasta b\u00e1sica.<\/p>\n<p data-path-to-node=\"7\">En el extremo opuesto, los rubros que ayudaron a contener el \u00edndice general fueron <b data-path-to-node=\"7\" data-index-in-node=\"83\">Educaci\u00f3n<\/b> (0,4%) y <b data-path-to-node=\"7\" data-index-in-node=\"102\">Prendas de vestir y calzado<\/b> (1,1%), que mostraron variaciones m\u00ednimas en comparaci\u00f3n con el resto de las categor\u00edas.<\/p>\n<p data-path-to-node=\"9\">El impacto de la inflaci\u00f3n no fue uniforme en todo el pa\u00eds. La regi\u00f3n del <b data-path-to-node=\"9\" data-index-in-node=\"74\">Noreste<\/b> fue la que sufri\u00f3 el mayor golpe con un alza del <b data-path-to-node=\"9\" data-index-in-node=\"131\">3,4%<\/b>, mientras que <b data-path-to-node=\"9\" data-index-in-node=\"150\">Cuyo<\/b> (3%) y la <b data-path-to-node=\"9\" data-index-in-node=\"165\">regi\u00f3n Pampeana<\/b> (2,9%) tambi\u00e9n se ubicaron por encima del promedio nacional. Por su parte, el Gran Buenos Aires se aline\u00f3 con el dato general, mientras que la <b data-path-to-node=\"9\" data-index-in-node=\"324\">Patagonia<\/b> y el <b data-path-to-node=\"9\" data-index-in-node=\"339\">Noroeste<\/b> registraron las cifras m\u00e1s bajas con un <b data-path-to-node=\"9\" data-index-in-node=\"388\">2,6%<\/b>.<\/p>\n<h2 data-path-to-node=\"10\"><strong>Un cierre de a\u00f1o con foco en los precios regulados<\/strong><\/h2>\n<p data-path-to-node=\"11\">De acuerdo al informe oficial, la inflaci\u00f3n de diciembre estuvo empujada por los <b data-path-to-node=\"11\" data-index-in-node=\"81\">Precios Regulados<\/b>, que subieron un <b data-path-to-node=\"11\" data-index-in-node=\"116\">3,3%<\/b>. Por otro lado, la <b data-path-to-node=\"11\" data-index-in-node=\"140\">Inflaci\u00f3n N\u00facleo<\/b> \u2014que excluye factores estacionales y regulados\u2014 se situ\u00f3 en el <b data-path-to-node=\"11\" data-index-in-node=\"220\">3%<\/b>, mientras que los productos <b data-path-to-node=\"11\" data-index-in-node=\"251\">Estacionales<\/b> apenas variaron un <b data-path-to-node=\"11\" data-index-in-node=\"283\">0,6%<\/b>.<\/p>\n<p data-path-to-node=\"12\">Este cierre del 31,5% anual marca un hito en la desaceleraci\u00f3n de precios de los \u00faltimos tiempos, posicion\u00e1ndose como un indicador clave para las proyecciones econ\u00f3micas y las actualizaciones de contratos y categor\u00edas impositivas, como el Monotributo, que comenzar\u00e1n a regir desde febrero.<\/p>\n","protected":false},"excerpt":{"rendered":"<p>El INDEC dio a conocer el \u00faltimo \u00cdndice de Precios al Consumidor del a\u00f1o, registrando una leve aceleraci\u00f3n mensual respecto a noviembre.<\/p>\n","protected":false},"author":8,"featured_media":86319,"comment_status":"open","ping_status":"open","sticky":false,"template":"","format":"standard","meta":{"fifu_image_url":"","fifu_image_alt":"","footnotes":""},"categories":[1594],"tags":[78,95],"class_list":{"0":"post-246506","1":"post","2":"type-post","3":"status-publish","4":"format-standard","5":"has-post-thumbnail","7":"category-economia","8":"tag-indec","9":"tag-inflacion"},"yoast_head":"<title>La inflaci\u00f3n de diciembre fue del 2,8% y el 2025 cerr\u00f3 con un acumulado del 31,5% - Informe Litoral<\/title>\n<meta name=\"robots\" content=\"index, follow, max-snippet:-1, max-image-preview:large, max-video-preview:-1\" \/>\n<link rel=\"canonical\" href=\"https:\/\/informelitoral.com.ar\/la-inflacion-cerro-el-2025-en-315-el-registro-anual-mas-bajo-en-ocho-anos\/\" \/>\n<meta property=\"og:locale\" content=\"es_ES\" \/>\n<meta property=\"og:type\" content=\"article\" \/>\n<meta property=\"og:title\" content=\"La inflaci\u00f3n de diciembre fue del 2,8% y el 2025 cerr\u00f3 con un acumulado del 31,5% - Informe Litoral\" \/>\n<meta property=\"og:description\" content=\"El INDEC dio a conocer el \u00faltimo \u00cdndice de Precios al Consumidor del a\u00f1o, registrando una leve aceleraci\u00f3n mensual respecto a noviembre.\" \/>\n<meta property=\"og:url\" content=\"https:\/\/informelitoral.com.ar\/la-inflacion-cerro-el-2025-en-315-el-registro-anual-mas-bajo-en-ocho-anos\/\" \/>\n<meta property=\"og:site_name\" content=\"Informe Litoral\" \/>\n<meta property=\"article:publisher\" content=\"https:\/\/www.facebook.com\/informelitoral\/\" \/>\n<meta property=\"article:published_time\" content=\"2026-01-13T20:36:42+00:00\" \/>\n<meta property=\"article:modified_time\" content=\"2026-01-13T20:57:16+00:00\" \/>\n<meta property=\"og:image\" content=\"https:\/\/informelitoral.com.ar\/%77%70%2d%63%6f%6e%74%65%6e%74\/uploads\/2022\/09\/supermercados.png\" \/>\n\t<meta property=\"og:image:width\" content=\"730\" \/>\n\t<meta property=\"og:image:height\" content=\"441\" \/>\n\t<meta property=\"og:image:type\" content=\"image\/png\" \/>\n<meta name=\"author\" content=\"Sebastian\" \/>\n<meta name=\"twitter:card\" content=\"summary_large_image\" \/>\n<meta name=\"twitter:creator\" content=\"@InformeLitoral\" \/>\n<meta name=\"twitter:site\" content=\"@InformeLitoral\" \/>\n<meta name=\"twitter:label1\" content=\"Escrito por\" \/>\n\t<meta name=\"twitter:data1\" content=\"Sebastian\" \/>\n\t<meta name=\"twitter:label2\" content=\"Tiempo de lectura\" \/>\n\t<meta name=\"twitter:data2\" content=\"2 minutos\" \/>\n<script type=\"application\/ld+json\" class=\"yoast-schema-graph\">{\"@context\":\"https:\\\/\\\/schema.org\",\"@graph\":[{\"@type\":\"Article\",\"@id\":\"https:\\\/\\\/informelitoral.com.ar\\\/la-inflacion-cerro-el-2025-en-315-el-registro-anual-mas-bajo-en-ocho-anos\\\/#article\",\"isPartOf\":{\"@id\":\"https:\\\/\\\/informelitoral.com.ar\\\/la-inflacion-cerro-el-2025-en-315-el-registro-anual-mas-bajo-en-ocho-anos\\\/\"},\"author\":{\"name\":\"Sebastian\",\"@id\":\"https:\\\/\\\/informelitoral.com.ar\\\/#\\\/schema\\\/person\\\/f05f9f461677119578717524b127d6d5\"},\"headline\":\"La inflaci\u00f3n de diciembre fue del 2,8% y el 2025 cerr\u00f3 con un acumulado del 31,5%\",\"datePublished\":\"2026-01-13T20:36:42+00:00\",\"dateModified\":\"2026-01-13T20:57:16+00:00\",\"mainEntityOfPage\":{\"@id\":\"https:\\\/\\\/informelitoral.com.ar\\\/la-inflacion-cerro-el-2025-en-315-el-registro-anual-mas-bajo-en-ocho-anos\\\/\"},\"wordCount\":340,\"commentCount\":0,\"publisher\":{\"@id\":\"https:\\\/\\\/informelitoral.com.ar\\\/#organization\"},\"image\":{\"@id\":\"https:\\\/\\\/informelitoral.com.ar\\\/la-inflacion-cerro-el-2025-en-315-el-registro-anual-mas-bajo-en-ocho-anos\\\/#primaryimage\"},\"thumbnailUrl\":\"https:\\\/\\\/informelitoral.com.ar\\\/%77%70%2d%63%6f%6e%74%65%6e%74\\\/uploads\\\/2022\\\/09\\\/supermercados.png\",\"keywords\":[\"Indec\",\"Inflaci\u00f3n\"],\"articleSection\":[\"Econom\u00eda\"],\"inLanguage\":\"es\",\"potentialAction\":[{\"@type\":\"CommentAction\",\"name\":\"Comment\",\"target\":[\"https:\\\/\\\/informelitoral.com.ar\\\/la-inflacion-cerro-el-2025-en-315-el-registro-anual-mas-bajo-en-ocho-anos\\\/#respond\"]}]},{\"@type\":\"WebPage\",\"@id\":\"https:\\\/\\\/informelitoral.com.ar\\\/la-inflacion-cerro-el-2025-en-315-el-registro-anual-mas-bajo-en-ocho-anos\\\/\",\"url\":\"https:\\\/\\\/informelitoral.com.ar\\\/la-inflacion-cerro-el-2025-en-315-el-registro-anual-mas-bajo-en-ocho-anos\\\/\",\"name\":\"La inflaci\u00f3n de diciembre fue del 2,8% y el 2025 cerr\u00f3 con un acumulado del 31,5% - Informe Litoral\",\"isPartOf\":{\"@id\":\"https:\\\/\\\/informelitoral.com.ar\\\/#website\"},\"primaryImageOfPage\":{\"@id\":\"https:\\\/\\\/informelitoral.com.ar\\\/la-inflacion-cerro-el-2025-en-315-el-registro-anual-mas-bajo-en-ocho-anos\\\/#primaryimage\"},\"image\":{\"@id\":\"https:\\\/\\\/informelitoral.com.ar\\\/la-inflacion-cerro-el-2025-en-315-el-registro-anual-mas-bajo-en-ocho-anos\\\/#primaryimage\"},\"thumbnailUrl\":\"https:\\\/\\\/informelitoral.com.ar\\\/%77%70%2d%63%6f%6e%74%65%6e%74\\\/uploads\\\/2022\\\/09\\\/supermercados.png\",\"datePublished\":\"2026-01-13T20:36:42+00:00\",\"dateModified\":\"2026-01-13T20:57:16+00:00\",\"breadcrumb\":{\"@id\":\"https:\\\/\\\/informelitoral.com.ar\\\/la-inflacion-cerro-el-2025-en-315-el-registro-anual-mas-bajo-en-ocho-anos\\\/#breadcrumb\"},\"inLanguage\":\"es\",\"potentialAction\":[{\"@type\":\"ReadAction\",\"target\":[\"https:\\\/\\\/informelitoral.com.ar\\\/la-inflacion-cerro-el-2025-en-315-el-registro-anual-mas-bajo-en-ocho-anos\\\/\"]}]},{\"@type\":\"ImageObject\",\"inLanguage\":\"es\",\"@id\":\"https:\\\/\\\/informelitoral.com.ar\\\/la-inflacion-cerro-el-2025-en-315-el-registro-anual-mas-bajo-en-ocho-anos\\\/#primaryimage\",\"url\":\"https:\\\/\\\/informelitoral.com.ar\\\/%77%70%2d%63%6f%6e%74%65%6e%74\\\/uploads\\\/2022\\\/09\\\/supermercados.png\",\"contentUrl\":\"https:\\\/\\\/informelitoral.com.ar\\\/%77%70%2d%63%6f%6e%74%65%6e%74\\\/uploads\\\/2022\\\/09\\\/supermercados.png\",\"width\":730,\"height\":441},{\"@type\":\"BreadcrumbList\",\"@id\":\"https:\\\/\\\/informelitoral.com.ar\\\/la-inflacion-cerro-el-2025-en-315-el-registro-anual-mas-bajo-en-ocho-anos\\\/#breadcrumb\",\"itemListElement\":[{\"@type\":\"ListItem\",\"position\":1,\"name\":\"Portada\",\"item\":\"https:\\\/\\\/informelitoral.com.ar\\\/\"},{\"@type\":\"ListItem\",\"position\":2,\"name\":\"La inflaci\u00f3n de diciembre fue del 2,8% y el 2025 cerr\u00f3 con un acumulado del 31,5%\"}]},{\"@type\":\"WebSite\",\"@id\":\"https:\\\/\\\/informelitoral.com.ar\\\/#website\",\"url\":\"https:\\\/\\\/informelitoral.com.ar\\\/\",\"name\":\"Informe Litoral\",\"description\":\"&quot;Nos informamos&quot; \",\"publisher\":{\"@id\":\"https:\\\/\\\/informelitoral.com.ar\\\/#organization\"},\"potentialAction\":[{\"@type\":\"SearchAction\",\"target\":{\"@type\":\"EntryPoint\",\"urlTemplate\":\"https:\\\/\\\/informelitoral.com.ar\\\/?s={search_term_string}\"},\"query-input\":{\"@type\":\"PropertyValueSpecification\",\"valueRequired\":true,\"valueName\":\"search_term_string\"}}],\"inLanguage\":\"es\"},{\"@type\":\"Organization\",\"@id\":\"https:\\\/\\\/informelitoral.com.ar\\\/#organization\",\"name\":\"Informe Litoral\",\"url\":\"https:\\\/\\\/informelitoral.com.ar\\\/\",\"logo\":{\"@type\":\"ImageObject\",\"inLanguage\":\"es\",\"@id\":\"https:\\\/\\\/informelitoral.com.ar\\\/#\\\/schema\\\/logo\\\/image\\\/\",\"url\":\"https:\\\/\\\/informelitoral.com.ar\\\/%77%70%2d%63%6f%6e%74%65%6e%74\\\/uploads\\\/2021\\\/01\\\/circulo.png\",\"contentUrl\":\"https:\\\/\\\/informelitoral.com.ar\\\/%77%70%2d%63%6f%6e%74%65%6e%74\\\/uploads\\\/2021\\\/01\\\/circulo.png\",\"width\":723,\"height\":731,\"caption\":\"Informe Litoral\"},\"image\":{\"@id\":\"https:\\\/\\\/informelitoral.com.ar\\\/#\\\/schema\\\/logo\\\/image\\\/\"},\"sameAs\":[\"https:\\\/\\\/www.facebook.com\\\/informelitoral\\\/\",\"https:\\\/\\\/x.com\\\/InformeLitoral\",\"https:\\\/\\\/www.instagram.com\\\/informelitoral\\\/\",\"https:\\\/\\\/www.youtube.com\\\/channel\\\/UCua4Qvz8Icb6MYqhoq9xLXw\"]},{\"@type\":\"Person\",\"@id\":\"https:\\\/\\\/informelitoral.com.ar\\\/#\\\/schema\\\/person\\\/f05f9f461677119578717524b127d6d5\",\"name\":\"Sebastian\",\"image\":{\"@type\":\"ImageObject\",\"inLanguage\":\"es\",\"@id\":\"https:\\\/\\\/secure.gravatar.com\\\/avatar\\\/b71bf7481d447dfb9583c7f2798e7cc64de6efb9067b74633ed8c31059a3bd82?s=96&d=mm&r=g\",\"url\":\"https:\\\/\\\/secure.gravatar.com\\\/avatar\\\/b71bf7481d447dfb9583c7f2798e7cc64de6efb9067b74633ed8c31059a3bd82?s=96&d=mm&r=g\",\"contentUrl\":\"https:\\\/\\\/secure.gravatar.com\\\/avatar\\\/b71bf7481d447dfb9583c7f2798e7cc64de6efb9067b74633ed8c31059a3bd82?s=96&d=mm&r=g\",\"caption\":\"Sebastian\"},\"url\":\"https:\\\/\\\/informelitoral.com.ar\\\/author\\\/sebastian\\\/\"}]}<\/script>","yoast_head_json":{"title":"La inflaci\u00f3n de diciembre fue del 2,8% y el 2025 cerr\u00f3 con un acumulado del 31,5% - Informe Litoral","robots":{"index":"index","follow":"follow","max-snippet":"max-snippet:-1","max-image-preview":"max-image-preview:large","max-video-preview":"max-video-preview:-1"},"canonical":"https:\/\/informelitoral.com.ar\/la-inflacion-cerro-el-2025-en-315-el-registro-anual-mas-bajo-en-ocho-anos\/","og_locale":"es_ES","og_type":"article","og_title":"La inflaci\u00f3n de diciembre fue del 2,8% y el 2025 cerr\u00f3 con un acumulado del 31,5% - Informe Litoral","og_description":"El INDEC dio a conocer el \u00faltimo \u00cdndice de Precios al Consumidor del a\u00f1o, registrando una leve aceleraci\u00f3n mensual respecto a noviembre.","og_url":"https:\/\/informelitoral.com.ar\/la-inflacion-cerro-el-2025-en-315-el-registro-anual-mas-bajo-en-ocho-anos\/","og_site_name":"Informe Litoral","article_publisher":"https:\/\/www.facebook.com\/informelitoral\/","article_published_time":"2026-01-13T20:36:42+00:00","article_modified_time":"2026-01-13T20:57:16+00:00","og_image":[{"width":730,"height":441,"url":"https:\/\/informelitoral.com.ar\/%77%70%2d%63%6f%6e%74%65%6e%74\/uploads\/2022\/09\/supermercados.png","type":"image\/png"}],"author":"Sebastian","twitter_card":"summary_large_image","twitter_creator":"@InformeLitoral","twitter_site":"@InformeLitoral","twitter_misc":{"Escrito por":"Sebastian","Tiempo de lectura":"2 minutos"},"schema":{"@context":"https:\/\/schema.org","@graph":[{"@type":"Article","@id":"https:\/\/informelitoral.com.ar\/la-inflacion-cerro-el-2025-en-315-el-registro-anual-mas-bajo-en-ocho-anos\/#article","isPartOf":{"@id":"https:\/\/informelitoral.com.ar\/la-inflacion-cerro-el-2025-en-315-el-registro-anual-mas-bajo-en-ocho-anos\/"},"author":{"name":"Sebastian","@id":"https:\/\/informelitoral.com.ar\/#\/schema\/person\/f05f9f461677119578717524b127d6d5"},"headline":"La inflaci\u00f3n de diciembre fue del 2,8% y el 2025 cerr\u00f3 con un acumulado del 31,5%","datePublished":"2026-01-13T20:36:42+00:00","dateModified":"2026-01-13T20:57:16+00:00","mainEntityOfPage":{"@id":"https:\/\/informelitoral.com.ar\/la-inflacion-cerro-el-2025-en-315-el-registro-anual-mas-bajo-en-ocho-anos\/"},"wordCount":340,"commentCount":0,"publisher":{"@id":"https:\/\/informelitoral.com.ar\/#organization"},"image":{"@id":"https:\/\/informelitoral.com.ar\/la-inflacion-cerro-el-2025-en-315-el-registro-anual-mas-bajo-en-ocho-anos\/#primaryimage"},"thumbnailUrl":"https:\/\/informelitoral.com.ar\/%77%70%2d%63%6f%6e%74%65%6e%74\/uploads\/2022\/09\/supermercados.png","keywords":["Indec","Inflaci\u00f3n"],"articleSection":["Econom\u00eda"],"inLanguage":"es","potentialAction":[{"@type":"CommentAction","name":"Comment","target":["https:\/\/informelitoral.com.ar\/la-inflacion-cerro-el-2025-en-315-el-registro-anual-mas-bajo-en-ocho-anos\/#respond"]}]},{"@type":"WebPage","@id":"https:\/\/informelitoral.com.ar\/la-inflacion-cerro-el-2025-en-315-el-registro-anual-mas-bajo-en-ocho-anos\/","url":"https:\/\/informelitoral.com.ar\/la-inflacion-cerro-el-2025-en-315-el-registro-anual-mas-bajo-en-ocho-anos\/","name":"La inflaci\u00f3n de diciembre fue del 2,8% y el 2025 cerr\u00f3 con un acumulado del 31,5% - Informe Litoral","isPartOf":{"@id":"https:\/\/informelitoral.com.ar\/#website"},"primaryImageOfPage":{"@id":"https:\/\/informelitoral.com.ar\/la-inflacion-cerro-el-2025-en-315-el-registro-anual-mas-bajo-en-ocho-anos\/#primaryimage"},"image":{"@id":"https:\/\/informelitoral.com.ar\/la-inflacion-cerro-el-2025-en-315-el-registro-anual-mas-bajo-en-ocho-anos\/#primaryimage"},"thumbnailUrl":"https:\/\/informelitoral.com.ar\/%77%70%2d%63%6f%6e%74%65%6e%74\/uploads\/2022\/09\/supermercados.png","datePublished":"2026-01-13T20:36:42+00:00","dateModified":"2026-01-13T20:57:16+00:00","breadcrumb":{"@id":"https:\/\/informelitoral.com.ar\/la-inflacion-cerro-el-2025-en-315-el-registro-anual-mas-bajo-en-ocho-anos\/#breadcrumb"},"inLanguage":"es","potentialAction":[{"@type":"ReadAction","target":["https:\/\/informelitoral.com.ar\/la-inflacion-cerro-el-2025-en-315-el-registro-anual-mas-bajo-en-ocho-anos\/"]}]},{"@type":"ImageObject","inLanguage":"es","@id":"https:\/\/informelitoral.com.ar\/la-inflacion-cerro-el-2025-en-315-el-registro-anual-mas-bajo-en-ocho-anos\/#primaryimage","url":"https:\/\/informelitoral.com.ar\/%77%70%2d%63%6f%6e%74%65%6e%74\/uploads\/2022\/09\/supermercados.png","contentUrl":"https:\/\/informelitoral.com.ar\/%77%70%2d%63%6f%6e%74%65%6e%74\/uploads\/2022\/09\/supermercados.png","width":730,"height":441},{"@type":"BreadcrumbList","@id":"https:\/\/informelitoral.com.ar\/la-inflacion-cerro-el-2025-en-315-el-registro-anual-mas-bajo-en-ocho-anos\/#breadcrumb","itemListElement":[{"@type":"ListItem","position":1,"name":"Portada","item":"https:\/\/informelitoral.com.ar\/"},{"@type":"ListItem","position":2,"name":"La inflaci\u00f3n de diciembre fue del 2,8% y el 2025 cerr\u00f3 con un acumulado del 31,5%"}]},{"@type":"WebSite","@id":"https:\/\/informelitoral.com.ar\/#website","url":"https:\/\/informelitoral.com.ar\/","name":"Informe Litoral","description":"&quot;Nos informamos&quot; ","publisher":{"@id":"https:\/\/informelitoral.com.ar\/#organization"},"potentialAction":[{"@type":"SearchAction","target":{"@type":"EntryPoint","urlTemplate":"https:\/\/informelitoral.com.ar\/?s={search_term_string}"},"query-input":{"@type":"PropertyValueSpecification","valueRequired":true,"valueName":"search_term_string"}}],"inLanguage":"es"},{"@type":"Organization","@id":"https:\/\/informelitoral.com.ar\/#organization","name":"Informe Litoral","url":"https:\/\/informelitoral.com.ar\/","logo":{"@type":"ImageObject","inLanguage":"es","@id":"https:\/\/informelitoral.com.ar\/#\/schema\/logo\/image\/","url":"https:\/\/informelitoral.com.ar\/%77%70%2d%63%6f%6e%74%65%6e%74\/uploads\/2021\/01\/circulo.png","contentUrl":"https:\/\/informelitoral.com.ar\/%77%70%2d%63%6f%6e%74%65%6e%74\/uploads\/2021\/01\/circulo.png","width":723,"height":731,"caption":"Informe Litoral"},"image":{"@id":"https:\/\/informelitoral.com.ar\/#\/schema\/logo\/image\/"},"sameAs":["https:\/\/www.facebook.com\/informelitoral\/","https:\/\/x.com\/InformeLitoral","https:\/\/www.instagram.com\/informelitoral\/","https:\/\/www.youtube.com\/channel\/UCua4Qvz8Icb6MYqhoq9xLXw"]},{"@type":"Person","@id":"https:\/\/informelitoral.com.ar\/#\/schema\/person\/f05f9f461677119578717524b127d6d5","name":"Sebastian","image":{"@type":"ImageObject","inLanguage":"es","@id":"https:\/\/secure.gravatar.com\/avatar\/b71bf7481d447dfb9583c7f2798e7cc64de6efb9067b74633ed8c31059a3bd82?s=96&d=mm&r=g","url":"https:\/\/secure.gravatar.com\/avatar\/b71bf7481d447dfb9583c7f2798e7cc64de6efb9067b74633ed8c31059a3bd82?s=96&d=mm&r=g","contentUrl":"https:\/\/secure.gravatar.com\/avatar\/b71bf7481d447dfb9583c7f2798e7cc64de6efb9067b74633ed8c31059a3bd82?s=96&d=mm&r=g","caption":"Sebastian"},"url":"https:\/\/informelitoral.com.ar\/author\/sebastian\/"}]}},"_links":{"self":[{"href":"https:\/\/informelitoral.com.ar\/%77%70%2d%6a%73%6f%6e\/wp\/v2\/posts\/246506","targetHints":{"allow":["GET"]}}],"collection":[{"href":"https:\/\/informelitoral.com.ar\/%77%70%2d%6a%73%6f%6e\/wp\/v2\/posts"}],"about":[{"href":"https:\/\/informelitoral.com.ar\/%77%70%2d%6a%73%6f%6e\/wp\/v2\/types\/post"}],"author":[{"embeddable":true,"href":"https:\/\/informelitoral.com.ar\/%77%70%2d%6a%73%6f%6e\/wp\/v2\/users\/8"}],"replies":[{"embeddable":true,"href":"https:\/\/informelitoral.com.ar\/%77%70%2d%6a%73%6f%6e\/wp\/v2\/comments?post=246506"}],"version-history":[{"count":4,"href":"https:\/\/informelitoral.com.ar\/%77%70%2d%6a%73%6f%6e\/wp\/v2\/posts\/246506\/revisions"}],"predecessor-version":[{"id":246511,"href":"https:\/\/informelitoral.com.ar\/%77%70%2d%6a%73%6f%6e\/wp\/v2\/posts\/246506\/revisions\/246511"}],"wp:featuredmedia":[{"embeddable":true,"href":"https:\/\/informelitoral.com.ar\/%77%70%2d%6a%73%6f%6e\/wp\/v2\/media\/86319"}],"wp:attachment":[{"href":"https:\/\/informelitoral.com.ar\/%77%70%2d%6a%73%6f%6e\/wp\/v2\/media?parent=246506"}],"wp:term":[{"taxonomy":"category","embeddable":true,"href":"https:\/\/informelitoral.com.ar\/%77%70%2d%6a%73%6f%6e\/wp\/v2\/categories?post=246506"},{"taxonomy":"post_tag","embeddable":true,"href":"https:\/\/informelitoral.com.ar\/%77%70%2d%6a%73%6f%6e\/wp\/v2\/tags?post=246506"}],"curies":[{"name":"wp","href":"https:\/\/api.w.org\/{rel}","templated":true}]}}