{"id":246412,"date":"2026-01-13T09:59:14","date_gmt":"2026-01-13T12:59:14","guid":{"rendered":"https:\/\/informelitoral.com.ar\/?p=246412"},"modified":"2026-01-13T10:28:33","modified_gmt":"2026-01-13T13:28:33","slug":"patronato-no-se-retiro-del-mercado-y-oficializo-la-llegada-de-juan-salas","status":"publish","type":"post","link":"https:\/\/informelitoral.com.ar\/patronato-no-se-retiro-del-mercado-y-oficializo-la-llegada-de-juan-salas\/","title":{"rendered":"Patronato no se retir\u00f3 del mercado y oficializ\u00f3 la llegada de Juan Salas"},"content":{"rendered":"<p data-path-to-node=\"4\">En pleno desarrollo de la pretemporada y con la mirada puesta en el debut de la <b data-path-to-node=\"4\" data-index-in-node=\"80\">Primera Nacional 2026<\/b>, Patronato no detiene su marcha en el mercado de pases. Este lunes, el club de Villa Sarmiento oficializ\u00f3 a trav\u00e9s de sus redes sociales la contrataci\u00f3n de <b data-path-to-node=\"4\" data-index-in-node=\"258\">Juan Salas<\/b>, quien se convierte en la novena incorporaci\u00f3n para el plantel conducido por Rub\u00e9n Dar\u00edo Forestello.<\/p>\n<p data-path-to-node=\"4\"><img decoding=\"async\" src=\"https:\/\/copaargentina.s3.amazonaws.com\/images\/m114610_crop169014_1024x576_proportional_169523132544CF.jpg\" alt=\"Estadio Presb\u00edtero Bartolom\u00e9 Grella (Patronato de Paran\u00e1) - Copa Argentina \/ Web oficial de la Copa Argentina\" \/><\/p>\n<p data-path-to-node=\"5\">Salas, de 26 a\u00f1os, es un futbolista polifuncional que llega tras una destacada temporada en <b data-path-to-node=\"5\" data-index-in-node=\"92\">All Boys<\/b>. Si bien su posici\u00f3n natural es la de lateral derecho, su despliegue f\u00edsico y t\u00e9cnico le permiten desempe\u00f1arse con solvencia como volante o extremo por el mismo sector, brind\u00e1ndole al cuerpo t\u00e9cnico diversas variantes t\u00e1cticas.<\/p>\n<h2 data-path-to-node=\"1\"><b data-path-to-node=\"1\" data-index-in-node=\"0\">Continuidad y gol: la carta de presentaci\u00f3n de Salas<\/b><\/h2>\n<p data-path-to-node=\"2\">El defensor arriba a Paran\u00e1 con un <b data-path-to-node=\"2\" data-index-in-node=\"35\">ritmo de competencia envidiable<\/b>. Durante el \u00faltimo campeonato en el \u00abAlbo\u00bb, Salas tuvo una participaci\u00f3n casi perfecta, siendo convocado en <b data-path-to-node=\"2\" data-index-in-node=\"175\">30 oportunidades<\/b> y gan\u00e1ndose la <b data-path-to-node=\"2\" data-index-in-node=\"207\">titularidad en 27 encuentros<\/b>. A pesar de su rol defensivo, demostr\u00f3 una notable capacidad para proyectarse al ataque al convertir <b data-path-to-node=\"2\" data-index-in-node=\"337\">tres goles<\/b> en la temporada.<\/p>\n<h6 data-path-to-node=\"2\"><em><strong>Del archivo:\u00a0<a href=\"https:\/\/informelitoral.com.ar\/mercado-de-pases-boca-juniors-inicio-gestiones-formales-para-contratar-a-miguel-borja\/\" target=\"_blank\" rel=\"noopener\">Mercado de pases: Boca Juniors inici\u00f3 gestiones formales para contratar a Miguel Borja<\/a><\/strong><\/em><\/h6>\n<p data-path-to-node=\"3\">En cuanto a su trayectoria, el futbolista se form\u00f3 en las divisiones inferiores de <b data-path-to-node=\"3\" data-index-in-node=\"83\">Belgrano de C\u00f3rdoba<\/b> y registr\u00f3 un paso por <b data-path-to-node=\"3\" data-index-in-node=\"126\">G\u00fcemes de Santiago del Estero<\/b> antes de consolidarse en Floresta durante sus \u00faltimas dos campa\u00f1as. Con este bagaje, el lateral derecho sell\u00f3 su v\u00ednculo con el \u00abRojinegro\u00bb hasta el <b data-path-to-node=\"3\" data-index-in-node=\"305\">31 de diciembre de 2026.<\/b><\/p>\n","protected":false},"excerpt":{"rendered":"<p>El defensor de 26 a\u00f1os llega con rodaje y gol tras ser una pieza clave en All Boys durante la \u00faltima temporada de la Primera Nacional.<\/p>\n","protected":false},"author":8,"featured_media":246413,"comment_status":"open","ping_status":"open","sticky":false,"template":"","format":"standard","meta":{"fifu_image_url":"https:\/\/i0.wp.com\/ahora.com.ar\/wp-content\/uploads\/2026\/01\/juan-salas.jpg?resize=696%2C421&quality=89&ssl=1","fifu_image_alt":"","footnotes":""},"categories":[13],"tags":[6384,6385,1300,2723],"class_list":{"0":"post-246412","1":"post","2":"type-post","3":"status-publish","4":"format-standard","5":"has-post-thumbnail","7":"category-deportes","8":"tag-all-boys","9":"tag-juan-salas","10":"tag-patronato","11":"tag-refuerzo"},"yoast_head":"<title>Patronato no se retir\u00f3 del mercado y oficializ\u00f3 la llegada de Juan Salas - Informe Litoral<\/title>\n<meta name=\"robots\" content=\"index, follow, max-snippet:-1, max-image-preview:large, max-video-preview:-1\" \/>\n<link rel=\"canonical\" href=\"https:\/\/informelitoral.com.ar\/patronato-no-se-retiro-del-mercado-y-oficializo-la-llegada-de-juan-salas\/\" \/>\n<meta property=\"og:locale\" content=\"es_ES\" \/>\n<meta property=\"og:type\" content=\"article\" \/>\n<meta property=\"og:title\" content=\"Patronato no se retir\u00f3 del mercado y oficializ\u00f3 la llegada de Juan Salas - Informe Litoral\" \/>\n<meta property=\"og:description\" content=\"El defensor de 26 a\u00f1os llega con rodaje y gol tras ser una pieza clave en All Boys durante la \u00faltima temporada de la Primera Nacional.\" \/>\n<meta property=\"og:url\" content=\"https:\/\/informelitoral.com.ar\/patronato-no-se-retiro-del-mercado-y-oficializo-la-llegada-de-juan-salas\/\" \/>\n<meta property=\"og:site_name\" content=\"Informe Litoral\" \/>\n<meta property=\"article:publisher\" content=\"https:\/\/www.facebook.com\/informelitoral\/\" \/>\n<meta property=\"article:published_time\" content=\"2026-01-13T12:59:14+00:00\" \/>\n<meta property=\"article:modified_time\" content=\"2026-01-13T13:28:33+00:00\" \/>\n<meta property=\"og:image\" content=\"https:\/\/i0.wp.com\/ahora.com.ar\/%77%70%2d%63%6f%6e%74%65%6e%74\/uploads\/2026\/01\/juan-salas.jpg?resize=696%2C421&quality=89&ssl=1\" \/>\n<meta name=\"author\" content=\"Sebastian\" \/>\n<meta name=\"twitter:card\" content=\"summary_large_image\" \/>\n<meta name=\"twitter:image\" content=\"https:\/\/i0.wp.com\/ahora.com.ar\/%77%70%2d%63%6f%6e%74%65%6e%74\/uploads\/2026\/01\/juan-salas.jpg?resize=696%2C421&quality=89&ssl=1\" \/>\n<meta name=\"twitter:creator\" content=\"@InformeLitoral\" \/>\n<meta name=\"twitter:site\" content=\"@InformeLitoral\" \/>\n<meta name=\"twitter:label1\" content=\"Escrito por\" \/>\n\t<meta name=\"twitter:data1\" content=\"Sebastian\" \/>\n\t<meta name=\"twitter:label2\" content=\"Tiempo de lectura\" \/>\n\t<meta name=\"twitter:data2\" content=\"2 minutos\" \/>\n<script type=\"application\/ld+json\" class=\"yoast-schema-graph\">{\"@context\":\"https:\\\/\\\/schema.org\",\"@graph\":[{\"@type\":\"Article\",\"@id\":\"https:\\\/\\\/informelitoral.com.ar\\\/patronato-no-se-retiro-del-mercado-y-oficializo-la-llegada-de-juan-salas\\\/#article\",\"isPartOf\":{\"@id\":\"https:\\\/\\\/informelitoral.com.ar\\\/patronato-no-se-retiro-del-mercado-y-oficializo-la-llegada-de-juan-salas\\\/\"},\"author\":{\"name\":\"Sebastian\",\"@id\":\"https:\\\/\\\/informelitoral.com.ar\\\/#\\\/schema\\\/person\\\/f05f9f461677119578717524b127d6d5\"},\"headline\":\"Patronato no se retir\u00f3 del mercado y oficializ\u00f3 la llegada de Juan Salas\",\"datePublished\":\"2026-01-13T12:59:14+00:00\",\"dateModified\":\"2026-01-13T13:28:33+00:00\",\"mainEntityOfPage\":{\"@id\":\"https:\\\/\\\/informelitoral.com.ar\\\/patronato-no-se-retiro-del-mercado-y-oficializo-la-llegada-de-juan-salas\\\/\"},\"wordCount\":279,\"commentCount\":0,\"publisher\":{\"@id\":\"https:\\\/\\\/informelitoral.com.ar\\\/#organization\"},\"image\":{\"@id\":\"https:\\\/\\\/informelitoral.com.ar\\\/patronato-no-se-retiro-del-mercado-y-oficializo-la-llegada-de-juan-salas\\\/#primaryimage\"},\"thumbnailUrl\":\"https:\\\/\\\/i0.wp.com\\\/ahora.com.ar\\\/%77%70%2d%63%6f%6e%74%65%6e%74\\\/uploads\\\/2026\\\/01\\\/juan-salas.jpg?resize=696%2C421&quality=89&ssl=1\",\"keywords\":[\"All Boys\",\"Juan Salas\",\"Patronato\",\"Refuerzo\"],\"articleSection\":[\"Deportes\"],\"inLanguage\":\"es\",\"potentialAction\":[{\"@type\":\"CommentAction\",\"name\":\"Comment\",\"target\":[\"https:\\\/\\\/informelitoral.com.ar\\\/patronato-no-se-retiro-del-mercado-y-oficializo-la-llegada-de-juan-salas\\\/#respond\"]}]},{\"@type\":\"WebPage\",\"@id\":\"https:\\\/\\\/informelitoral.com.ar\\\/patronato-no-se-retiro-del-mercado-y-oficializo-la-llegada-de-juan-salas\\\/\",\"url\":\"https:\\\/\\\/informelitoral.com.ar\\\/patronato-no-se-retiro-del-mercado-y-oficializo-la-llegada-de-juan-salas\\\/\",\"name\":\"Patronato no se retir\u00f3 del mercado y oficializ\u00f3 la llegada de Juan Salas - Informe Litoral\",\"isPartOf\":{\"@id\":\"https:\\\/\\\/informelitoral.com.ar\\\/#website\"},\"primaryImageOfPage\":{\"@id\":\"https:\\\/\\\/informelitoral.com.ar\\\/patronato-no-se-retiro-del-mercado-y-oficializo-la-llegada-de-juan-salas\\\/#primaryimage\"},\"image\":{\"@id\":\"https:\\\/\\\/informelitoral.com.ar\\\/patronato-no-se-retiro-del-mercado-y-oficializo-la-llegada-de-juan-salas\\\/#primaryimage\"},\"thumbnailUrl\":\"https:\\\/\\\/i0.wp.com\\\/ahora.com.ar\\\/%77%70%2d%63%6f%6e%74%65%6e%74\\\/uploads\\\/2026\\\/01\\\/juan-salas.jpg?resize=696%2C421&quality=89&ssl=1\",\"datePublished\":\"2026-01-13T12:59:14+00:00\",\"dateModified\":\"2026-01-13T13:28:33+00:00\",\"breadcrumb\":{\"@id\":\"https:\\\/\\\/informelitoral.com.ar\\\/patronato-no-se-retiro-del-mercado-y-oficializo-la-llegada-de-juan-salas\\\/#breadcrumb\"},\"inLanguage\":\"es\",\"potentialAction\":[{\"@type\":\"ReadAction\",\"target\":[\"https:\\\/\\\/informelitoral.com.ar\\\/patronato-no-se-retiro-del-mercado-y-oficializo-la-llegada-de-juan-salas\\\/\"]}]},{\"@type\":\"ImageObject\",\"inLanguage\":\"es\",\"@id\":\"https:\\\/\\\/informelitoral.com.ar\\\/patronato-no-se-retiro-del-mercado-y-oficializo-la-llegada-de-juan-salas\\\/#primaryimage\",\"url\":\"https:\\\/\\\/i0.wp.com\\\/ahora.com.ar\\\/%77%70%2d%63%6f%6e%74%65%6e%74\\\/uploads\\\/2026\\\/01\\\/juan-salas.jpg?resize=696%2C421&quality=89&ssl=1\",\"contentUrl\":\"https:\\\/\\\/i0.wp.com\\\/ahora.com.ar\\\/%77%70%2d%63%6f%6e%74%65%6e%74\\\/uploads\\\/2026\\\/01\\\/juan-salas.jpg?resize=696%2C421&quality=89&ssl=1\",\"width\":\"696\",\"height\":\"421\"},{\"@type\":\"BreadcrumbList\",\"@id\":\"https:\\\/\\\/informelitoral.com.ar\\\/patronato-no-se-retiro-del-mercado-y-oficializo-la-llegada-de-juan-salas\\\/#breadcrumb\",\"itemListElement\":[{\"@type\":\"ListItem\",\"position\":1,\"name\":\"Portada\",\"item\":\"https:\\\/\\\/informelitoral.com.ar\\\/\"},{\"@type\":\"ListItem\",\"position\":2,\"name\":\"Patronato no se retir\u00f3 del mercado y oficializ\u00f3 la llegada de Juan Salas\"}]},{\"@type\":\"WebSite\",\"@id\":\"https:\\\/\\\/informelitoral.com.ar\\\/#website\",\"url\":\"https:\\\/\\\/informelitoral.com.ar\\\/\",\"name\":\"Informe Litoral\",\"description\":\"&quot;Nos informamos&quot; \",\"publisher\":{\"@id\":\"https:\\\/\\\/informelitoral.com.ar\\\/#organization\"},\"potentialAction\":[{\"@type\":\"SearchAction\",\"target\":{\"@type\":\"EntryPoint\",\"urlTemplate\":\"https:\\\/\\\/informelitoral.com.ar\\\/?s={search_term_string}\"},\"query-input\":{\"@type\":\"PropertyValueSpecification\",\"valueRequired\":true,\"valueName\":\"search_term_string\"}}],\"inLanguage\":\"es\"},{\"@type\":\"Organization\",\"@id\":\"https:\\\/\\\/informelitoral.com.ar\\\/#organization\",\"name\":\"Informe Litoral\",\"url\":\"https:\\\/\\\/informelitoral.com.ar\\\/\",\"logo\":{\"@type\":\"ImageObject\",\"inLanguage\":\"es\",\"@id\":\"https:\\\/\\\/informelitoral.com.ar\\\/#\\\/schema\\\/logo\\\/image\\\/\",\"url\":\"https:\\\/\\\/informelitoral.com.ar\\\/%77%70%2d%63%6f%6e%74%65%6e%74\\\/uploads\\\/2021\\\/01\\\/circulo.png\",\"contentUrl\":\"https:\\\/\\\/informelitoral.com.ar\\\/%77%70%2d%63%6f%6e%74%65%6e%74\\\/uploads\\\/2021\\\/01\\\/circulo.png\",\"width\":723,\"height\":731,\"caption\":\"Informe Litoral\"},\"image\":{\"@id\":\"https:\\\/\\\/informelitoral.com.ar\\\/#\\\/schema\\\/logo\\\/image\\\/\"},\"sameAs\":[\"https:\\\/\\\/www.facebook.com\\\/informelitoral\\\/\",\"https:\\\/\\\/x.com\\\/InformeLitoral\",\"https:\\\/\\\/www.instagram.com\\\/informelitoral\\\/\",\"https:\\\/\\\/www.youtube.com\\\/channel\\\/UCua4Qvz8Icb6MYqhoq9xLXw\"]},{\"@type\":\"Person\",\"@id\":\"https:\\\/\\\/informelitoral.com.ar\\\/#\\\/schema\\\/person\\\/f05f9f461677119578717524b127d6d5\",\"name\":\"Sebastian\",\"image\":{\"@type\":\"ImageObject\",\"inLanguage\":\"es\",\"@id\":\"https:\\\/\\\/secure.gravatar.com\\\/avatar\\\/b71bf7481d447dfb9583c7f2798e7cc64de6efb9067b74633ed8c31059a3bd82?s=96&d=mm&r=g\",\"url\":\"https:\\\/\\\/secure.gravatar.com\\\/avatar\\\/b71bf7481d447dfb9583c7f2798e7cc64de6efb9067b74633ed8c31059a3bd82?s=96&d=mm&r=g\",\"contentUrl\":\"https:\\\/\\\/secure.gravatar.com\\\/avatar\\\/b71bf7481d447dfb9583c7f2798e7cc64de6efb9067b74633ed8c31059a3bd82?s=96&d=mm&r=g\",\"caption\":\"Sebastian\"},\"url\":\"https:\\\/\\\/informelitoral.com.ar\\\/author\\\/sebastian\\\/\"}]}<\/script>","yoast_head_json":{"title":"Patronato no se retir\u00f3 del mercado y oficializ\u00f3 la llegada de Juan Salas - Informe Litoral","robots":{"index":"index","follow":"follow","max-snippet":"max-snippet:-1","max-image-preview":"max-image-preview:large","max-video-preview":"max-video-preview:-1"},"canonical":"https:\/\/informelitoral.com.ar\/patronato-no-se-retiro-del-mercado-y-oficializo-la-llegada-de-juan-salas\/","og_locale":"es_ES","og_type":"article","og_title":"Patronato no se retir\u00f3 del mercado y oficializ\u00f3 la llegada de Juan Salas - Informe Litoral","og_description":"El defensor de 26 a\u00f1os llega con rodaje y gol tras ser una pieza clave en All Boys durante la \u00faltima temporada de la Primera Nacional.","og_url":"https:\/\/informelitoral.com.ar\/patronato-no-se-retiro-del-mercado-y-oficializo-la-llegada-de-juan-salas\/","og_site_name":"Informe Litoral","article_publisher":"https:\/\/www.facebook.com\/informelitoral\/","article_published_time":"2026-01-13T12:59:14+00:00","article_modified_time":"2026-01-13T13:28:33+00:00","og_image":[{"url":"https:\/\/i0.wp.com\/ahora.com.ar\/wp-content\/uploads\/2026\/01\/juan-salas.jpg?resize=696%2C421&quality=89&ssl=1","type":"","width":"","height":""}],"author":"Sebastian","twitter_card":"summary_large_image","twitter_image":"https:\/\/i0.wp.com\/ahora.com.ar\/wp-content\/uploads\/2026\/01\/juan-salas.jpg?resize=696%2C421&quality=89&ssl=1","twitter_creator":"@InformeLitoral","twitter_site":"@InformeLitoral","twitter_misc":{"Escrito por":"Sebastian","Tiempo de lectura":"2 minutos"},"schema":{"@context":"https:\/\/schema.org","@graph":[{"@type":"Article","@id":"https:\/\/informelitoral.com.ar\/patronato-no-se-retiro-del-mercado-y-oficializo-la-llegada-de-juan-salas\/#article","isPartOf":{"@id":"https:\/\/informelitoral.com.ar\/patronato-no-se-retiro-del-mercado-y-oficializo-la-llegada-de-juan-salas\/"},"author":{"name":"Sebastian","@id":"https:\/\/informelitoral.com.ar\/#\/schema\/person\/f05f9f461677119578717524b127d6d5"},"headline":"Patronato no se retir\u00f3 del mercado y oficializ\u00f3 la llegada de Juan Salas","datePublished":"2026-01-13T12:59:14+00:00","dateModified":"2026-01-13T13:28:33+00:00","mainEntityOfPage":{"@id":"https:\/\/informelitoral.com.ar\/patronato-no-se-retiro-del-mercado-y-oficializo-la-llegada-de-juan-salas\/"},"wordCount":279,"commentCount":0,"publisher":{"@id":"https:\/\/informelitoral.com.ar\/#organization"},"image":{"@id":"https:\/\/informelitoral.com.ar\/patronato-no-se-retiro-del-mercado-y-oficializo-la-llegada-de-juan-salas\/#primaryimage"},"thumbnailUrl":"https:\/\/i0.wp.com\/ahora.com.ar\/%77%70%2d%63%6f%6e%74%65%6e%74\/uploads\/2026\/01\/juan-salas.jpg?resize=696%2C421&quality=89&ssl=1","keywords":["All Boys","Juan Salas","Patronato","Refuerzo"],"articleSection":["Deportes"],"inLanguage":"es","potentialAction":[{"@type":"CommentAction","name":"Comment","target":["https:\/\/informelitoral.com.ar\/patronato-no-se-retiro-del-mercado-y-oficializo-la-llegada-de-juan-salas\/#respond"]}]},{"@type":"WebPage","@id":"https:\/\/informelitoral.com.ar\/patronato-no-se-retiro-del-mercado-y-oficializo-la-llegada-de-juan-salas\/","url":"https:\/\/informelitoral.com.ar\/patronato-no-se-retiro-del-mercado-y-oficializo-la-llegada-de-juan-salas\/","name":"Patronato no se retir\u00f3 del mercado y oficializ\u00f3 la llegada de Juan Salas - Informe Litoral","isPartOf":{"@id":"https:\/\/informelitoral.com.ar\/#website"},"primaryImageOfPage":{"@id":"https:\/\/informelitoral.com.ar\/patronato-no-se-retiro-del-mercado-y-oficializo-la-llegada-de-juan-salas\/#primaryimage"},"image":{"@id":"https:\/\/informelitoral.com.ar\/patronato-no-se-retiro-del-mercado-y-oficializo-la-llegada-de-juan-salas\/#primaryimage"},"thumbnailUrl":"https:\/\/i0.wp.com\/ahora.com.ar\/%77%70%2d%63%6f%6e%74%65%6e%74\/uploads\/2026\/01\/juan-salas.jpg?resize=696%2C421&quality=89&ssl=1","datePublished":"2026-01-13T12:59:14+00:00","dateModified":"2026-01-13T13:28:33+00:00","breadcrumb":{"@id":"https:\/\/informelitoral.com.ar\/patronato-no-se-retiro-del-mercado-y-oficializo-la-llegada-de-juan-salas\/#breadcrumb"},"inLanguage":"es","potentialAction":[{"@type":"ReadAction","target":["https:\/\/informelitoral.com.ar\/patronato-no-se-retiro-del-mercado-y-oficializo-la-llegada-de-juan-salas\/"]}]},{"@type":"ImageObject","inLanguage":"es","@id":"https:\/\/informelitoral.com.ar\/patronato-no-se-retiro-del-mercado-y-oficializo-la-llegada-de-juan-salas\/#primaryimage","url":"https:\/\/i0.wp.com\/ahora.com.ar\/%77%70%2d%63%6f%6e%74%65%6e%74\/uploads\/2026\/01\/juan-salas.jpg?resize=696%2C421&quality=89&ssl=1","contentUrl":"https:\/\/i0.wp.com\/ahora.com.ar\/%77%70%2d%63%6f%6e%74%65%6e%74\/uploads\/2026\/01\/juan-salas.jpg?resize=696%2C421&quality=89&ssl=1","width":"696","height":"421"},{"@type":"BreadcrumbList","@id":"https:\/\/informelitoral.com.ar\/patronato-no-se-retiro-del-mercado-y-oficializo-la-llegada-de-juan-salas\/#breadcrumb","itemListElement":[{"@type":"ListItem","position":1,"name":"Portada","item":"https:\/\/informelitoral.com.ar\/"},{"@type":"ListItem","position":2,"name":"Patronato no se retir\u00f3 del mercado y oficializ\u00f3 la llegada de Juan Salas"}]},{"@type":"WebSite","@id":"https:\/\/informelitoral.com.ar\/#website","url":"https:\/\/informelitoral.com.ar\/","name":"Informe Litoral","description":"&quot;Nos informamos&quot; ","publisher":{"@id":"https:\/\/informelitoral.com.ar\/#organization"},"potentialAction":[{"@type":"SearchAction","target":{"@type":"EntryPoint","urlTemplate":"https:\/\/informelitoral.com.ar\/?s={search_term_string}"},"query-input":{"@type":"PropertyValueSpecification","valueRequired":true,"valueName":"search_term_string"}}],"inLanguage":"es"},{"@type":"Organization","@id":"https:\/\/informelitoral.com.ar\/#organization","name":"Informe Litoral","url":"https:\/\/informelitoral.com.ar\/","logo":{"@type":"ImageObject","inLanguage":"es","@id":"https:\/\/informelitoral.com.ar\/#\/schema\/logo\/image\/","url":"https:\/\/informelitoral.com.ar\/%77%70%2d%63%6f%6e%74%65%6e%74\/uploads\/2021\/01\/circulo.png","contentUrl":"https:\/\/informelitoral.com.ar\/%77%70%2d%63%6f%6e%74%65%6e%74\/uploads\/2021\/01\/circulo.png","width":723,"height":731,"caption":"Informe Litoral"},"image":{"@id":"https:\/\/informelitoral.com.ar\/#\/schema\/logo\/image\/"},"sameAs":["https:\/\/www.facebook.com\/informelitoral\/","https:\/\/x.com\/InformeLitoral","https:\/\/www.instagram.com\/informelitoral\/","https:\/\/www.youtube.com\/channel\/UCua4Qvz8Icb6MYqhoq9xLXw"]},{"@type":"Person","@id":"https:\/\/informelitoral.com.ar\/#\/schema\/person\/f05f9f461677119578717524b127d6d5","name":"Sebastian","image":{"@type":"ImageObject","inLanguage":"es","@id":"https:\/\/secure.gravatar.com\/avatar\/b71bf7481d447dfb9583c7f2798e7cc64de6efb9067b74633ed8c31059a3bd82?s=96&d=mm&r=g","url":"https:\/\/secure.gravatar.com\/avatar\/b71bf7481d447dfb9583c7f2798e7cc64de6efb9067b74633ed8c31059a3bd82?s=96&d=mm&r=g","contentUrl":"https:\/\/secure.gravatar.com\/avatar\/b71bf7481d447dfb9583c7f2798e7cc64de6efb9067b74633ed8c31059a3bd82?s=96&d=mm&r=g","caption":"Sebastian"},"url":"https:\/\/informelitoral.com.ar\/author\/sebastian\/"}]}},"fifu_image_url":"https:\/\/i0.wp.com\/ahora.com.ar\/wp-content\/uploads\/2026\/01\/juan-salas.jpg?resize=696%2C421&quality=89&ssl=1","_links":{"self":[{"href":"https:\/\/informelitoral.com.ar\/%77%70%2d%6a%73%6f%6e\/wp\/v2\/posts\/246412","targetHints":{"allow":["GET"]}}],"collection":[{"href":"https:\/\/informelitoral.com.ar\/%77%70%2d%6a%73%6f%6e\/wp\/v2\/posts"}],"about":[{"href":"https:\/\/informelitoral.com.ar\/%77%70%2d%6a%73%6f%6e\/wp\/v2\/types\/post"}],"author":[{"embeddable":true,"href":"https:\/\/informelitoral.com.ar\/%77%70%2d%6a%73%6f%6e\/wp\/v2\/users\/8"}],"replies":[{"embeddable":true,"href":"https:\/\/informelitoral.com.ar\/%77%70%2d%6a%73%6f%6e\/wp\/v2\/comments?post=246412"}],"version-history":[{"count":5,"href":"https:\/\/informelitoral.com.ar\/%77%70%2d%6a%73%6f%6e\/wp\/v2\/posts\/246412\/revisions"}],"predecessor-version":[{"id":246426,"href":"https:\/\/informelitoral.com.ar\/%77%70%2d%6a%73%6f%6e\/wp\/v2\/posts\/246412\/revisions\/246426"}],"wp:featuredmedia":[{"embeddable":true,"href":"https:\/\/informelitoral.com.ar\/%77%70%2d%6a%73%6f%6e\/wp\/v2\/media\/246413"}],"wp:attachment":[{"href":"https:\/\/informelitoral.com.ar\/%77%70%2d%6a%73%6f%6e\/wp\/v2\/media?parent=246412"}],"wp:term":[{"taxonomy":"category","embeddable":true,"href":"https:\/\/informelitoral.com.ar\/%77%70%2d%6a%73%6f%6e\/wp\/v2\/categories?post=246412"},{"taxonomy":"post_tag","embeddable":true,"href":"https:\/\/informelitoral.com.ar\/%77%70%2d%6a%73%6f%6e\/wp\/v2\/tags?post=246412"}],"curies":[{"name":"wp","href":"https:\/\/api.w.org\/{rel}","templated":true}]}}