{"id":246372,"date":"2026-01-13T07:42:31","date_gmt":"2026-01-13T10:42:31","guid":{"rendered":"https:\/\/informelitoral.com.ar\/?p=246372"},"modified":"2026-01-13T07:46:55","modified_gmt":"2026-01-13T10:46:55","slug":"se-viene-un-martes-veraniego-y-hay-chances-de-lluvias-para-el-jueves-en-entre-rios","status":"publish","type":"post","link":"https:\/\/informelitoral.com.ar\/se-viene-un-martes-veraniego-y-hay-chances-de-lluvias-para-el-jueves-en-entre-rios\/","title":{"rendered":"Se viene un martes veraniego y hay chances de lluvias para el jueves en Entre R\u00edos"},"content":{"rendered":"<p>El calor sofocante comenzar\u00e1 a encontrar peque\u00f1as pausas en Argentina, aunque antes dar\u00e1 lugar a tormentas fuertes y contrastes t\u00e9rmicos marcados. Dos frentes fr\u00edos modificar\u00e1n la din\u00e1mica atmosf\u00e9rica esta semana, mientras la Patagonia contin\u00faa bajo alerta por vientos intensos, incendios y temperaturas extremas.<\/p>\n<p>El escenario meteorol\u00f3gico de este martes se presenta variable en gran parte del pa\u00eds. La entrada de aire c\u00e1lido y h\u00famedo desde el noreste favorecer\u00e1 el aumento de la nubosidad y el desarrollo de lluvias aisladas en sectores del \u00e1rea pampeana, en un contexto previo a la llegada de sistemas frontales que traer\u00e1n inestabilidad y descensos t\u00e9rmicos desparejos.<\/p>\n<p><strong><span style=\"color: #111111; font-family: Roboto, sans-serif; font-size: 22px;\">Pron\u00f3stico para Entre R\u00edos<\/span><\/strong><\/p>\n<p>En la zona n\u00facleo, particularmente en Entre R\u00edos, se prev\u00e9 una jornada estable y sin lluvias, con nubosidad variable. En cambio, en la provincia de Buenos Aires y sectores de La Pampa, el cielo se mantendr\u00e1 parcialmente nublado, con probabilidad de chaparrones aislados, especialmente en \u00e1reas del sur bonaerense y la costa atl\u00e1ntica.<\/p>\n<p>Este martes, en Entre R\u00edos se espera cielo parcialmente nublado, con una temperatura m\u00ednima de 18\u00b0C y una m\u00e1xima que alcanzar\u00e1 los 32\u00b0C. El viento provendr\u00e1 leve a moderado desde el sector noreste, manteniendo condiciones t\u00edpicamente veraniegas.<\/p>\n<h2><u><b>Norte del pa\u00eds: calor persistente e inestabilidad en el NOA<\/b><\/u><\/h2>\n<p>En el norte argentino, el tiempo se presentar\u00e1 estable y sin lluvias en provincias como Corrientes, Misiones, norte de Santa Fe, Formosa y Chaco. Sin embargo, en el NOA \u2014especialmente en Jujuy, Salta y Tucum\u00e1n\u2014 se prev\u00e9 mayor inestabilidad, con cielo mayormente nublado y lluvias dispersas.<\/p>\n<div class=\"banner banner-parrafo\">\n<div id=\"banner-ad-interior-art-2\" data-zone-id=\"124\">\n<p>&nbsp;<\/p>\n<h2 id=\"aswift_7_host\"><strong><span style=\"color: #111111; font-family: Roboto, sans-serif; font-size: 22px;\">Alertas vigentes por calor y tormentas<\/span><\/strong><\/h2>\n<p>&nbsp;<\/p>\n<\/div>\n<\/div>\n<p>El Servicio Meteorol\u00f3gico Nacional mantiene un alerta amarillo por temperaturas elevadas para el este de Neuqu\u00e9n, noroeste de R\u00edo Negro, oeste de La Pampa y noreste de Buenos Aires, incluida la Ciudad Aut\u00f3noma. Este nivel implica efectos leves a moderados en la salud, con mayor riesgo para ni\u00f1os, adultos mayores y personas con enfermedades cr\u00f3nicas, indic\u00f3 el medio<i>\u00a0Meteored.<\/i><\/p>\n<p>Durante la tarde del lunes, el avance de un primer frente fr\u00edo \u2014de caracter\u00edsticas d\u00e9biles\u2014 favoreci\u00f3 la formaci\u00f3n de tormentas aisladas entre Santa Rosa y Bah\u00eda Blanca. Con el correr de las horas, estos fen\u00f3menos tender\u00e1n a expandirse hacia la regi\u00f3n central, Cuyo y el NOA, alcanzando la costa atl\u00e1ntica durante la madrugada del martes.<\/p>\n<p>Por este motivo, rige un alerta amarillo por tormentas fuertes para el centro-este de Mendoza, sur de San Luis y centro, norte y noreste de La Pampa. Se esperan tormentas de variada intensidad, con actividad el\u00e9ctrica, r\u00e1fagas intensas, posible ca\u00edda de granizo y lluvias abundantes en cortos per\u00edodos, con acumulados estimados entre 30 y 60 mil\u00edmetros.<\/p>\n<h2><strong>\u00bfHabr\u00e1 descenso de temperaturas?<\/strong><\/h2>\n<p>Este primer frente fr\u00edo no provocar\u00e1 un descenso t\u00e9rmico significativo, por lo que el alivio ser\u00e1 leve y transitorio, principalmente en el centro del pa\u00eds. El segundo frente fr\u00edo, m\u00e1s intenso, llega a mitad de semana: Durante la tarde del mi\u00e9rcoles comenzar\u00e1 a gestarse un segundo frente fr\u00edo en el norte de la Patagonia, con mayor impacto t\u00e9rmico. Antes de su avance, la intensificaci\u00f3n del viento norte y la inestabilidad favorecer\u00e1n nuevas tormentas en el noreste, noroeste y norte argentino.<\/p>\n<p>Se prev\u00e9n r\u00e1fagas que podr\u00edan superar los 70 km\/h en el norte, centro y sur de La Pampa, sur de San Luis y norte y noroeste de R\u00edo Negro. Entre la noche del mi\u00e9rcoles y la madrugada del jueves, el sistema avanzar\u00e1 hacia el norte, generando lluvias y tormentas a lo largo de su recorrido.<\/p>\n<p>En el norte del pa\u00eds, las m\u00e1ximas del jueves podr\u00edan superar los 35\u00b0C, aunque hacia el viernes se espera un descenso tanto de las m\u00ednimas como de las m\u00e1ximas, con registros cercanos a los 30\u00b0C, lo que traer\u00e1 un alivio t\u00e9rmico m\u00e1s marcado.<\/p>\n<h2><strong>Patagonia: viento, incendios y calor extremo<\/strong><\/h2>\n<p>En el extremo sur, el paso de un sistema frontal incrementa la probabilidad de r\u00e1fagas superiores a 100 km\/h en el oeste de Santa Cruz. Por ello, el SMN emiti\u00f3 alertas amarillas por vientos fuertes y lluvias para Santa Cruz y Tierra del Fuego.<\/p>\n<p>Si bien se registraron lluvias leves en zonas afectadas por incendios, que ayudaron a enfriar parcialmente el \u00e1rea, para el mi\u00e9rcoles se esperan nuevas precipitaciones de escasa magnitud, nuevamente acompa\u00f1adas por vientos intensos.<\/p>\n<p>En tanto, el norte, centro y este de R\u00edo Negro, el sudeste de La Pampa, el sudoeste bonaerense y el este de Chubut continuar\u00e1n bajo condiciones sofocantes, con m\u00e1ximas cercanas a los 40\u00b0C. Reci\u00e9n el jueves comenzar\u00e1 un descenso t\u00e9rmico parcial, aunque la variabilidad seguir\u00e1 siendo la caracter\u00edstica dominante en la regi\u00f3n.<\/p>\n","protected":false},"excerpt":{"rendered":"<p>La jornada se viene mayormente soledada y calurosa. No obstante, en Entre R\u00edos y otras provincias habr\u00e1 cambios de temperaturas y tambi\u00e9n inestabilidad hacia el jueves pero todo ser\u00e1 breve. <\/p>\n","protected":false},"author":2,"featured_media":246373,"comment_status":"open","ping_status":"open","sticky":false,"template":"","format":"standard","meta":{"fifu_image_url":"","fifu_image_alt":"","footnotes":""},"categories":[7],"tags":[38,2759],"class_list":{"0":"post-246372","1":"post","2":"type-post","3":"status-publish","4":"format-standard","5":"has-post-thumbnail","7":"category-nacionales","8":"tag-el-tiempo","9":"tag-pronostico-del-tiempo"},"yoast_head":"<title>Se viene un martes veraniego y hay chances de lluvias para el jueves en Entre R\u00edos - Informe Litoral<\/title>\n<meta name=\"robots\" content=\"index, follow, max-snippet:-1, max-image-preview:large, max-video-preview:-1\" \/>\n<link rel=\"canonical\" href=\"https:\/\/informelitoral.com.ar\/se-viene-un-martes-veraniego-y-hay-chances-de-lluvias-para-el-jueves-en-entre-rios\/\" \/>\n<meta property=\"og:locale\" content=\"es_ES\" \/>\n<meta property=\"og:type\" content=\"article\" \/>\n<meta property=\"og:title\" content=\"Se viene un martes veraniego y hay chances de lluvias para el jueves en Entre R\u00edos - Informe Litoral\" \/>\n<meta property=\"og:description\" content=\"La jornada se viene mayormente soledada y calurosa. No obstante, en Entre R\u00edos y otras provincias habr\u00e1 cambios de temperaturas y tambi\u00e9n inestabilidad hacia el jueves pero todo ser\u00e1 breve.\" \/>\n<meta property=\"og:url\" content=\"https:\/\/informelitoral.com.ar\/se-viene-un-martes-veraniego-y-hay-chances-de-lluvias-para-el-jueves-en-entre-rios\/\" \/>\n<meta property=\"og:site_name\" content=\"Informe Litoral\" \/>\n<meta property=\"article:publisher\" content=\"https:\/\/www.facebook.com\/informelitoral\/\" \/>\n<meta property=\"article:published_time\" content=\"2026-01-13T10:42:31+00:00\" \/>\n<meta property=\"article:modified_time\" content=\"2026-01-13T10:46:55+00:00\" \/>\n<meta property=\"og:image\" content=\"https:\/\/drive.google.com\/thumbnail?id=1-J1ei1KbPHmSvZ1TIWxrsS_jDtGNJ9OM&sz=w2048\" \/>\n\t<meta property=\"og:image:width\" content=\"1600\" \/>\n\t<meta property=\"og:image:height\" content=\"1200\" \/>\n\t<meta property=\"og:image:type\" content=\"image\/jpeg\" \/>\n<meta name=\"author\" content=\"Gonzalo Schmidt\" \/>\n<meta name=\"twitter:card\" content=\"summary_large_image\" \/>\n<meta name=\"twitter:creator\" content=\"@InformeLitoral\" \/>\n<meta name=\"twitter:site\" content=\"@InformeLitoral\" \/>\n<meta name=\"twitter:label1\" content=\"Escrito por\" \/>\n\t<meta name=\"twitter:data1\" content=\"Gonzalo Schmidt\" \/>\n\t<meta name=\"twitter:label2\" content=\"Tiempo de lectura\" \/>\n\t<meta name=\"twitter:data2\" content=\"4 minutos\" \/>\n<script type=\"application\/ld+json\" class=\"yoast-schema-graph\">{\"@context\":\"https:\\\/\\\/schema.org\",\"@graph\":[{\"@type\":\"Article\",\"@id\":\"https:\\\/\\\/informelitoral.com.ar\\\/se-viene-un-martes-veraniego-y-hay-chances-de-lluvias-para-el-jueves-en-entre-rios\\\/#article\",\"isPartOf\":{\"@id\":\"https:\\\/\\\/informelitoral.com.ar\\\/se-viene-un-martes-veraniego-y-hay-chances-de-lluvias-para-el-jueves-en-entre-rios\\\/\"},\"author\":{\"name\":\"Gonzalo Schmidt\",\"@id\":\"https:\\\/\\\/informelitoral.com.ar\\\/#\\\/schema\\\/person\\\/b9d00407c836482871ef1d57bf8e3180\"},\"headline\":\"Se viene un martes veraniego y hay chances de lluvias para el jueves en Entre R\u00edos\",\"datePublished\":\"2026-01-13T10:42:31+00:00\",\"dateModified\":\"2026-01-13T10:46:55+00:00\",\"mainEntityOfPage\":{\"@id\":\"https:\\\/\\\/informelitoral.com.ar\\\/se-viene-un-martes-veraniego-y-hay-chances-de-lluvias-para-el-jueves-en-entre-rios\\\/\"},\"wordCount\":837,\"commentCount\":0,\"publisher\":{\"@id\":\"https:\\\/\\\/informelitoral.com.ar\\\/#organization\"},\"image\":{\"@id\":\"https:\\\/\\\/informelitoral.com.ar\\\/se-viene-un-martes-veraniego-y-hay-chances-de-lluvias-para-el-jueves-en-entre-rios\\\/#primaryimage\"},\"thumbnailUrl\":\"https:\\\/\\\/drive.google.com\\\/thumbnail?id=1-J1ei1KbPHmSvZ1TIWxrsS_jDtGNJ9OM&sz=w2048\",\"keywords\":[\"El tiempo\",\"Pron\u00f3stico del tiempo\"],\"articleSection\":[\"Nacionales\"],\"inLanguage\":\"es\",\"potentialAction\":[{\"@type\":\"CommentAction\",\"name\":\"Comment\",\"target\":[\"https:\\\/\\\/informelitoral.com.ar\\\/se-viene-un-martes-veraniego-y-hay-chances-de-lluvias-para-el-jueves-en-entre-rios\\\/#respond\"]}]},{\"@type\":\"WebPage\",\"@id\":\"https:\\\/\\\/informelitoral.com.ar\\\/se-viene-un-martes-veraniego-y-hay-chances-de-lluvias-para-el-jueves-en-entre-rios\\\/\",\"url\":\"https:\\\/\\\/informelitoral.com.ar\\\/se-viene-un-martes-veraniego-y-hay-chances-de-lluvias-para-el-jueves-en-entre-rios\\\/\",\"name\":\"Se viene un martes veraniego y hay chances de lluvias para el jueves en Entre R\u00edos - Informe Litoral\",\"isPartOf\":{\"@id\":\"https:\\\/\\\/informelitoral.com.ar\\\/#website\"},\"primaryImageOfPage\":{\"@id\":\"https:\\\/\\\/informelitoral.com.ar\\\/se-viene-un-martes-veraniego-y-hay-chances-de-lluvias-para-el-jueves-en-entre-rios\\\/#primaryimage\"},\"image\":{\"@id\":\"https:\\\/\\\/informelitoral.com.ar\\\/se-viene-un-martes-veraniego-y-hay-chances-de-lluvias-para-el-jueves-en-entre-rios\\\/#primaryimage\"},\"thumbnailUrl\":\"https:\\\/\\\/drive.google.com\\\/thumbnail?id=1-J1ei1KbPHmSvZ1TIWxrsS_jDtGNJ9OM&sz=w2048\",\"datePublished\":\"2026-01-13T10:42:31+00:00\",\"dateModified\":\"2026-01-13T10:46:55+00:00\",\"breadcrumb\":{\"@id\":\"https:\\\/\\\/informelitoral.com.ar\\\/se-viene-un-martes-veraniego-y-hay-chances-de-lluvias-para-el-jueves-en-entre-rios\\\/#breadcrumb\"},\"inLanguage\":\"es\",\"potentialAction\":[{\"@type\":\"ReadAction\",\"target\":[\"https:\\\/\\\/informelitoral.com.ar\\\/se-viene-un-martes-veraniego-y-hay-chances-de-lluvias-para-el-jueves-en-entre-rios\\\/\"]}]},{\"@type\":\"ImageObject\",\"inLanguage\":\"es\",\"@id\":\"https:\\\/\\\/informelitoral.com.ar\\\/se-viene-un-martes-veraniego-y-hay-chances-de-lluvias-para-el-jueves-en-entre-rios\\\/#primaryimage\",\"url\":\"https:\\\/\\\/drive.google.com\\\/thumbnail?id=1-J1ei1KbPHmSvZ1TIWxrsS_jDtGNJ9OM&sz=w2048\",\"contentUrl\":\"https:\\\/\\\/drive.google.com\\\/thumbnail?id=1-J1ei1KbPHmSvZ1TIWxrsS_jDtGNJ9OM&sz=w2048\",\"width\":1600,\"height\":1200},{\"@type\":\"BreadcrumbList\",\"@id\":\"https:\\\/\\\/informelitoral.com.ar\\\/se-viene-un-martes-veraniego-y-hay-chances-de-lluvias-para-el-jueves-en-entre-rios\\\/#breadcrumb\",\"itemListElement\":[{\"@type\":\"ListItem\",\"position\":1,\"name\":\"Portada\",\"item\":\"https:\\\/\\\/informelitoral.com.ar\\\/\"},{\"@type\":\"ListItem\",\"position\":2,\"name\":\"Se viene un martes veraniego y hay chances de lluvias para el jueves en Entre R\u00edos\"}]},{\"@type\":\"WebSite\",\"@id\":\"https:\\\/\\\/informelitoral.com.ar\\\/#website\",\"url\":\"https:\\\/\\\/informelitoral.com.ar\\\/\",\"name\":\"Informe Litoral\",\"description\":\"&quot;Nos informamos&quot; \",\"publisher\":{\"@id\":\"https:\\\/\\\/informelitoral.com.ar\\\/#organization\"},\"potentialAction\":[{\"@type\":\"SearchAction\",\"target\":{\"@type\":\"EntryPoint\",\"urlTemplate\":\"https:\\\/\\\/informelitoral.com.ar\\\/?s={search_term_string}\"},\"query-input\":{\"@type\":\"PropertyValueSpecification\",\"valueRequired\":true,\"valueName\":\"search_term_string\"}}],\"inLanguage\":\"es\"},{\"@type\":\"Organization\",\"@id\":\"https:\\\/\\\/informelitoral.com.ar\\\/#organization\",\"name\":\"Informe Litoral\",\"url\":\"https:\\\/\\\/informelitoral.com.ar\\\/\",\"logo\":{\"@type\":\"ImageObject\",\"inLanguage\":\"es\",\"@id\":\"https:\\\/\\\/informelitoral.com.ar\\\/#\\\/schema\\\/logo\\\/image\\\/\",\"url\":\"https:\\\/\\\/informelitoral.com.ar\\\/%77%70%2d%63%6f%6e%74%65%6e%74\\\/uploads\\\/2021\\\/01\\\/circulo.png\",\"contentUrl\":\"https:\\\/\\\/informelitoral.com.ar\\\/%77%70%2d%63%6f%6e%74%65%6e%74\\\/uploads\\\/2021\\\/01\\\/circulo.png\",\"width\":723,\"height\":731,\"caption\":\"Informe Litoral\"},\"image\":{\"@id\":\"https:\\\/\\\/informelitoral.com.ar\\\/#\\\/schema\\\/logo\\\/image\\\/\"},\"sameAs\":[\"https:\\\/\\\/www.facebook.com\\\/informelitoral\\\/\",\"https:\\\/\\\/x.com\\\/InformeLitoral\",\"https:\\\/\\\/www.instagram.com\\\/informelitoral\\\/\",\"https:\\\/\\\/www.youtube.com\\\/channel\\\/UCua4Qvz8Icb6MYqhoq9xLXw\"]},{\"@type\":\"Person\",\"@id\":\"https:\\\/\\\/informelitoral.com.ar\\\/#\\\/schema\\\/person\\\/b9d00407c836482871ef1d57bf8e3180\",\"name\":\"Gonzalo Schmidt\",\"image\":{\"@type\":\"ImageObject\",\"inLanguage\":\"es\",\"@id\":\"https:\\\/\\\/secure.gravatar.com\\\/avatar\\\/31a1a7b66ff2de83bd0e9fd79d026630d2d99e55e8bfe501287647b4fd9743de?s=96&d=mm&r=g\",\"url\":\"https:\\\/\\\/secure.gravatar.com\\\/avatar\\\/31a1a7b66ff2de83bd0e9fd79d026630d2d99e55e8bfe501287647b4fd9743de?s=96&d=mm&r=g\",\"contentUrl\":\"https:\\\/\\\/secure.gravatar.com\\\/avatar\\\/31a1a7b66ff2de83bd0e9fd79d026630d2d99e55e8bfe501287647b4fd9743de?s=96&d=mm&r=g\",\"caption\":\"Gonzalo Schmidt\"},\"description\":\"Sitio web de noticias de la provincia de Entre R\u00edos, Argentina. Informaci\u00f3n y entretenimiento. Informe Litoral, nos informamos.\",\"sameAs\":[\"http:\\\/\\\/www.isletasnoticias.com.ar\"],\"url\":\"https:\\\/\\\/informelitoral.com.ar\\\/author\\\/gonzalo\\\/\"}]}<\/script>","yoast_head_json":{"title":"Se viene un martes veraniego y hay chances de lluvias para el jueves en Entre R\u00edos - Informe Litoral","robots":{"index":"index","follow":"follow","max-snippet":"max-snippet:-1","max-image-preview":"max-image-preview:large","max-video-preview":"max-video-preview:-1"},"canonical":"https:\/\/informelitoral.com.ar\/se-viene-un-martes-veraniego-y-hay-chances-de-lluvias-para-el-jueves-en-entre-rios\/","og_locale":"es_ES","og_type":"article","og_title":"Se viene un martes veraniego y hay chances de lluvias para el jueves en Entre R\u00edos - Informe Litoral","og_description":"La jornada se viene mayormente soledada y calurosa. No obstante, en Entre R\u00edos y otras provincias habr\u00e1 cambios de temperaturas y tambi\u00e9n inestabilidad hacia el jueves pero todo ser\u00e1 breve.","og_url":"https:\/\/informelitoral.com.ar\/se-viene-un-martes-veraniego-y-hay-chances-de-lluvias-para-el-jueves-en-entre-rios\/","og_site_name":"Informe Litoral","article_publisher":"https:\/\/www.facebook.com\/informelitoral\/","article_published_time":"2026-01-13T10:42:31+00:00","article_modified_time":"2026-01-13T10:46:55+00:00","og_image":[{"width":1600,"height":1200,"url":"https:\/\/drive.google.com\/thumbnail?id=1-J1ei1KbPHmSvZ1TIWxrsS_jDtGNJ9OM&sz=w2048","type":"image\/jpeg"}],"author":"Gonzalo Schmidt","twitter_card":"summary_large_image","twitter_creator":"@InformeLitoral","twitter_site":"@InformeLitoral","twitter_misc":{"Escrito por":"Gonzalo Schmidt","Tiempo de lectura":"4 minutos"},"schema":{"@context":"https:\/\/schema.org","@graph":[{"@type":"Article","@id":"https:\/\/informelitoral.com.ar\/se-viene-un-martes-veraniego-y-hay-chances-de-lluvias-para-el-jueves-en-entre-rios\/#article","isPartOf":{"@id":"https:\/\/informelitoral.com.ar\/se-viene-un-martes-veraniego-y-hay-chances-de-lluvias-para-el-jueves-en-entre-rios\/"},"author":{"name":"Gonzalo Schmidt","@id":"https:\/\/informelitoral.com.ar\/#\/schema\/person\/b9d00407c836482871ef1d57bf8e3180"},"headline":"Se viene un martes veraniego y hay chances de lluvias para el jueves en Entre R\u00edos","datePublished":"2026-01-13T10:42:31+00:00","dateModified":"2026-01-13T10:46:55+00:00","mainEntityOfPage":{"@id":"https:\/\/informelitoral.com.ar\/se-viene-un-martes-veraniego-y-hay-chances-de-lluvias-para-el-jueves-en-entre-rios\/"},"wordCount":837,"commentCount":0,"publisher":{"@id":"https:\/\/informelitoral.com.ar\/#organization"},"image":{"@id":"https:\/\/informelitoral.com.ar\/se-viene-un-martes-veraniego-y-hay-chances-de-lluvias-para-el-jueves-en-entre-rios\/#primaryimage"},"thumbnailUrl":"https:\/\/drive.google.com\/thumbnail?id=1-J1ei1KbPHmSvZ1TIWxrsS_jDtGNJ9OM&sz=w2048","keywords":["El tiempo","Pron\u00f3stico del tiempo"],"articleSection":["Nacionales"],"inLanguage":"es","potentialAction":[{"@type":"CommentAction","name":"Comment","target":["https:\/\/informelitoral.com.ar\/se-viene-un-martes-veraniego-y-hay-chances-de-lluvias-para-el-jueves-en-entre-rios\/#respond"]}]},{"@type":"WebPage","@id":"https:\/\/informelitoral.com.ar\/se-viene-un-martes-veraniego-y-hay-chances-de-lluvias-para-el-jueves-en-entre-rios\/","url":"https:\/\/informelitoral.com.ar\/se-viene-un-martes-veraniego-y-hay-chances-de-lluvias-para-el-jueves-en-entre-rios\/","name":"Se viene un martes veraniego y hay chances de lluvias para el jueves en Entre R\u00edos - Informe Litoral","isPartOf":{"@id":"https:\/\/informelitoral.com.ar\/#website"},"primaryImageOfPage":{"@id":"https:\/\/informelitoral.com.ar\/se-viene-un-martes-veraniego-y-hay-chances-de-lluvias-para-el-jueves-en-entre-rios\/#primaryimage"},"image":{"@id":"https:\/\/informelitoral.com.ar\/se-viene-un-martes-veraniego-y-hay-chances-de-lluvias-para-el-jueves-en-entre-rios\/#primaryimage"},"thumbnailUrl":"https:\/\/drive.google.com\/thumbnail?id=1-J1ei1KbPHmSvZ1TIWxrsS_jDtGNJ9OM&sz=w2048","datePublished":"2026-01-13T10:42:31+00:00","dateModified":"2026-01-13T10:46:55+00:00","breadcrumb":{"@id":"https:\/\/informelitoral.com.ar\/se-viene-un-martes-veraniego-y-hay-chances-de-lluvias-para-el-jueves-en-entre-rios\/#breadcrumb"},"inLanguage":"es","potentialAction":[{"@type":"ReadAction","target":["https:\/\/informelitoral.com.ar\/se-viene-un-martes-veraniego-y-hay-chances-de-lluvias-para-el-jueves-en-entre-rios\/"]}]},{"@type":"ImageObject","inLanguage":"es","@id":"https:\/\/informelitoral.com.ar\/se-viene-un-martes-veraniego-y-hay-chances-de-lluvias-para-el-jueves-en-entre-rios\/#primaryimage","url":"https:\/\/drive.google.com\/thumbnail?id=1-J1ei1KbPHmSvZ1TIWxrsS_jDtGNJ9OM&sz=w2048","contentUrl":"https:\/\/drive.google.com\/thumbnail?id=1-J1ei1KbPHmSvZ1TIWxrsS_jDtGNJ9OM&sz=w2048","width":1600,"height":1200},{"@type":"BreadcrumbList","@id":"https:\/\/informelitoral.com.ar\/se-viene-un-martes-veraniego-y-hay-chances-de-lluvias-para-el-jueves-en-entre-rios\/#breadcrumb","itemListElement":[{"@type":"ListItem","position":1,"name":"Portada","item":"https:\/\/informelitoral.com.ar\/"},{"@type":"ListItem","position":2,"name":"Se viene un martes veraniego y hay chances de lluvias para el jueves en Entre R\u00edos"}]},{"@type":"WebSite","@id":"https:\/\/informelitoral.com.ar\/#website","url":"https:\/\/informelitoral.com.ar\/","name":"Informe Litoral","description":"&quot;Nos informamos&quot; ","publisher":{"@id":"https:\/\/informelitoral.com.ar\/#organization"},"potentialAction":[{"@type":"SearchAction","target":{"@type":"EntryPoint","urlTemplate":"https:\/\/informelitoral.com.ar\/?s={search_term_string}"},"query-input":{"@type":"PropertyValueSpecification","valueRequired":true,"valueName":"search_term_string"}}],"inLanguage":"es"},{"@type":"Organization","@id":"https:\/\/informelitoral.com.ar\/#organization","name":"Informe Litoral","url":"https:\/\/informelitoral.com.ar\/","logo":{"@type":"ImageObject","inLanguage":"es","@id":"https:\/\/informelitoral.com.ar\/#\/schema\/logo\/image\/","url":"https:\/\/informelitoral.com.ar\/%77%70%2d%63%6f%6e%74%65%6e%74\/uploads\/2021\/01\/circulo.png","contentUrl":"https:\/\/informelitoral.com.ar\/%77%70%2d%63%6f%6e%74%65%6e%74\/uploads\/2021\/01\/circulo.png","width":723,"height":731,"caption":"Informe Litoral"},"image":{"@id":"https:\/\/informelitoral.com.ar\/#\/schema\/logo\/image\/"},"sameAs":["https:\/\/www.facebook.com\/informelitoral\/","https:\/\/x.com\/InformeLitoral","https:\/\/www.instagram.com\/informelitoral\/","https:\/\/www.youtube.com\/channel\/UCua4Qvz8Icb6MYqhoq9xLXw"]},{"@type":"Person","@id":"https:\/\/informelitoral.com.ar\/#\/schema\/person\/b9d00407c836482871ef1d57bf8e3180","name":"Gonzalo Schmidt","image":{"@type":"ImageObject","inLanguage":"es","@id":"https:\/\/secure.gravatar.com\/avatar\/31a1a7b66ff2de83bd0e9fd79d026630d2d99e55e8bfe501287647b4fd9743de?s=96&d=mm&r=g","url":"https:\/\/secure.gravatar.com\/avatar\/31a1a7b66ff2de83bd0e9fd79d026630d2d99e55e8bfe501287647b4fd9743de?s=96&d=mm&r=g","contentUrl":"https:\/\/secure.gravatar.com\/avatar\/31a1a7b66ff2de83bd0e9fd79d026630d2d99e55e8bfe501287647b4fd9743de?s=96&d=mm&r=g","caption":"Gonzalo Schmidt"},"description":"Sitio web de noticias de la provincia de Entre R\u00edos, Argentina. Informaci\u00f3n y entretenimiento. Informe Litoral, nos informamos.","sameAs":["http:\/\/www.isletasnoticias.com.ar"],"url":"https:\/\/informelitoral.com.ar\/author\/gonzalo\/"}]}},"_links":{"self":[{"href":"https:\/\/informelitoral.com.ar\/%77%70%2d%6a%73%6f%6e\/wp\/v2\/posts\/246372","targetHints":{"allow":["GET"]}}],"collection":[{"href":"https:\/\/informelitoral.com.ar\/%77%70%2d%6a%73%6f%6e\/wp\/v2\/posts"}],"about":[{"href":"https:\/\/informelitoral.com.ar\/%77%70%2d%6a%73%6f%6e\/wp\/v2\/types\/post"}],"author":[{"embeddable":true,"href":"https:\/\/informelitoral.com.ar\/%77%70%2d%6a%73%6f%6e\/wp\/v2\/users\/2"}],"replies":[{"embeddable":true,"href":"https:\/\/informelitoral.com.ar\/%77%70%2d%6a%73%6f%6e\/wp\/v2\/comments?post=246372"}],"version-history":[{"count":2,"href":"https:\/\/informelitoral.com.ar\/%77%70%2d%6a%73%6f%6e\/wp\/v2\/posts\/246372\/revisions"}],"predecessor-version":[{"id":246375,"href":"https:\/\/informelitoral.com.ar\/%77%70%2d%6a%73%6f%6e\/wp\/v2\/posts\/246372\/revisions\/246375"}],"wp:featuredmedia":[{"embeddable":true,"href":"https:\/\/informelitoral.com.ar\/%77%70%2d%6a%73%6f%6e\/wp\/v2\/media\/246373"}],"wp:attachment":[{"href":"https:\/\/informelitoral.com.ar\/%77%70%2d%6a%73%6f%6e\/wp\/v2\/media?parent=246372"}],"wp:term":[{"taxonomy":"category","embeddable":true,"href":"https:\/\/informelitoral.com.ar\/%77%70%2d%6a%73%6f%6e\/wp\/v2\/categories?post=246372"},{"taxonomy":"post_tag","embeddable":true,"href":"https:\/\/informelitoral.com.ar\/%77%70%2d%6a%73%6f%6e\/wp\/v2\/tags?post=246372"}],"curies":[{"name":"wp","href":"https:\/\/api.w.org\/{rel}","templated":true}]}}