{"id":246356,"date":"2026-01-12T18:21:40","date_gmt":"2026-01-12T21:21:40","guid":{"rendered":"https:\/\/informelitoral.com.ar\/?p=246356"},"modified":"2026-01-13T07:54:37","modified_gmt":"2026-01-13T10:54:37","slug":"santa-elena-una-multitud-celebro-una-nueva-edicion-de-la-fiesta-de-la-chamarrita","status":"publish","type":"post","link":"https:\/\/informelitoral.com.ar\/santa-elena-una-multitud-celebro-una-nueva-edicion-de-la-fiesta-de-la-chamarrita\/","title":{"rendered":"Santa Elena: una multitud celebr\u00f3 una nueva edici\u00f3n de la Fiesta de la Chamarrita"},"content":{"rendered":"<p data-path-to-node=\"4\">La ciudad de Santa Elena ha vuelto a transformarse en el epicentro de la tradici\u00f3n regional. En pleno desarrollo de la <b data-path-to-node=\"4\" data-index-in-node=\"146\">Fiesta Provincial de la Chamarrita<\/b>, vecinos y turistas de diversos puntos de la provincia y el pa\u00eds se han volcado masivamente al predio para celebrar una de las citas culturales m\u00e1s emblem\u00e1ticas de Entre R\u00edos.<\/p>\n<p data-path-to-node=\"4\"><img decoding=\"async\" src=\"https:\/\/scontent.fpra1-1.fna.fbcdn.net\/v\/t39.30808-6\/614191452_1314392844065801_5603074380986682802_n.jpg?_nc_cat=102&amp;ccb=1-7&amp;_nc_sid=127cfc&amp;_nc_ohc=c-YzQM1x1N4Q7kNvwG7t5Tv&amp;_nc_oc=Adlv4TXF9BvQzZkrAa1HI7aO38KquYMeoVdEZWcn2OARzMTVVsaoXqc_cafhIFWXkQk&amp;_nc_zt=23&amp;_nc_ht=scontent.fpra1-1.fna&amp;_nc_gid=oHdlZsfaPD_zRsI8i16Rxw&amp;oh=00_Afq5r931FTvfeLG0CUODErNGni0khU-QOlW4cr--eTYUdQ&amp;oe=696B8D1F\" alt=\"Puede ser una imagen de iluminaci\u00f3n y texto\" \/><\/p>\n<p data-path-to-node=\"5\">El festival, desarrollado el s\u00e1bado y el domingo, tuvo una edici\u00f3n hist\u00f3rica. Sobre el escenario, la danza y la m\u00fasica han sido las protagonistas, con una cartelera que prioriza a los <b data-path-to-node=\"5\" data-index-in-node=\"229\">artistas locales y provinciales<\/b>. El clima festivo y familiar es la nota distintiva de cada jornada, donde el baile espont\u00e1neo y el respeto por las ra\u00edces entrerrianas demuestran que la chamarrita sigue m\u00e1s viva que nunca.<\/p>\n<p data-path-to-node=\"5\"><img decoding=\"async\" src=\"https:\/\/scontent.fpra1-1.fna.fbcdn.net\/v\/t39.30808-6\/616023533_1314394150732337_8729062701981600507_n.jpg?_nc_cat=102&amp;ccb=1-7&amp;_nc_sid=127cfc&amp;_nc_ohc=t8xiEJqLNV0Q7kNvwGUZdK0&amp;_nc_oc=Adka7-QV93M8Jt4l7r-98WNGSnZKCJuJBTvedvjYRxPJU64WMPn5ycLLj_g8OEh8pe8&amp;_nc_zt=23&amp;_nc_ht=scontent.fpra1-1.fna&amp;_nc_gid=NIYmu4uswBnqj6az-IURyg&amp;oh=00_AfrGvLdY6p-X8uJ9LPNu9nvpPUxLZHnP_4tQn8MRfwrVmw&amp;oe=696B6728\" alt=\"Puede ser una imagen de bailando\" \/><\/p>\n<p data-path-to-node=\"6\">M\u00e1s all\u00e1 de lo art\u00edstico, el evento representa un pilar fundamental para la econom\u00eda de la ciudad. La gesti\u00f3n del intendente <b data-path-to-node=\"6\" data-index-in-node=\"159\">Daniel Rossi<\/b> ha subrayado la importancia de respaldar estas manifestaciones no solo como un hecho cultural, sino como un <b data-path-to-node=\"6\" data-index-in-node=\"280\">motor de encuentro social y crecimiento econ\u00f3mico<\/b>.<\/p>\n<p data-path-to-node=\"6\"><img decoding=\"async\" src=\"https:\/\/scontent.fpra1-1.fna.fbcdn.net\/v\/t39.30808-6\/614222848_1314392654065820_8934661390712657323_n.jpg?_nc_cat=104&amp;ccb=1-7&amp;_nc_sid=127cfc&amp;_nc_ohc=IERHXY1OgQQQ7kNvwGyqEI5&amp;_nc_oc=Adk2kwYMhzYqWeOeO4bb5dzwOmy6zNoZa5m1Hso6cwVlmEcRvy3dHqzlgl_qhEfmGUA&amp;_nc_zt=23&amp;_nc_ht=scontent.fpra1-1.fna&amp;_nc_gid=a5tFmluiNpFF_kMzBlPKzg&amp;oh=00_AfoJmp-bbBfXYtEfy5fpbGwz7X8HlyhjCJMHRFq5Y2YXNQ&amp;oe=696B70CF\" alt=\"Puede ser una imagen de multitud\" \/><\/p>\n<h2 data-path-to-node=\"7\"><strong>Los primeros datos reflejan este impacto positivo:<\/strong><\/h2>\n<ul data-path-to-node=\"8\">\n<li>\n<p data-path-to-node=\"8,0,0\"><b data-path-to-node=\"8,0,0\" data-index-in-node=\"0\">Ocupaci\u00f3n Hotelera:<\/b> registra niveles alt\u00edsimos, con visitantes que han colmado las plazas disponibles.<\/p>\n<\/li>\n<li>\n<p data-path-to-node=\"8,1,0\"><b data-path-to-node=\"8,1,0\" data-index-in-node=\"0\">Sector Gastron\u00f3mico:<\/b> el movimiento en bares y restaurantes es constante, impulsado por la afluencia de p\u00fablico.<\/p>\n<\/li>\n<li>\n<p data-path-to-node=\"8,2,0\"><b data-path-to-node=\"8,2,0\" data-index-in-node=\"0\">Feriantes y Artesanos:<\/b> el sector emprendedor local cuenta con un espacio destacado, logrando una visibilidad y ventas significativas gracias a la concurrencia masiva.<\/p>\n<\/li>\n<\/ul>\n<p data-path-to-node=\"9\">Con el respaldo de una organizaci\u00f3n s\u00f3lida y el acompa\u00f1amiento del p\u00fablico, Santa Elena reafirma su lugar como la <b data-path-to-node=\"9\" data-index-in-node=\"141\">capital cultural del litoral<\/b>. La fiesta no solo preserva el legado de los grandes referentes de nuestra m\u00fasica, sino que tambi\u00e9n proyecta a la ciudad como un destino tur\u00edstico de primer nivel, capaz de convocar a multitudes bajo el lema del orgullo entrerriano.<\/p>\n<h6 data-path-to-node=\"9\"><em><strong>Del archivo:\u00a0<a href=\"https:\/\/informelitoral.com.ar\/vendio-una-lancha-lo-atacaron-por-la-espalda-y-termino-atropellado\/\" target=\"_blank\" rel=\"noopener\">Paran\u00e1: vendi\u00f3 una lancha, lo atacaron por la espalda y termin\u00f3 atropellado<\/a><\/strong><\/em><\/h6>\n","protected":false},"excerpt":{"rendered":"<p>Con una masiva concurrencia y un fuerte impacto en la econom\u00eda local, la ciudad reafirma su identidad cultural mientras se desarrollaron las dos jornadas del festival.<\/p>\n","protected":false},"author":8,"featured_media":246358,"comment_status":"open","ping_status":"open","sticky":false,"template":"","format":"standard","meta":{"fifu_image_url":"https:\/\/entrerios24.com\/wp-content\/uploads\/2026\/01\/06-1068x712.jpg","fifu_image_alt":"","footnotes":""},"categories":[6],"tags":[6377,1363,104],"class_list":{"0":"post-246356","1":"post","2":"type-post","3":"status-publish","4":"format-standard","5":"has-post-thumbnail","7":"category-entre-rios","8":"tag-fiesta-provincial-de-la-chamarrita","9":"tag-santa-elena","10":"tag-turismo"},"yoast_head":"<title>Santa Elena: una multitud celebr\u00f3 una nueva edici\u00f3n de la Fiesta de la Chamarrita - Informe Litoral<\/title>\n<meta name=\"robots\" content=\"index, follow, max-snippet:-1, max-image-preview:large, max-video-preview:-1\" \/>\n<link rel=\"canonical\" href=\"https:\/\/informelitoral.com.ar\/santa-elena-una-multitud-celebro-una-nueva-edicion-de-la-fiesta-de-la-chamarrita\/\" \/>\n<meta property=\"og:locale\" content=\"es_ES\" \/>\n<meta property=\"og:type\" content=\"article\" \/>\n<meta property=\"og:title\" content=\"Santa Elena: una multitud celebr\u00f3 una nueva edici\u00f3n de la Fiesta de la Chamarrita - Informe Litoral\" \/>\n<meta property=\"og:description\" content=\"Con una masiva concurrencia y un fuerte impacto en la econom\u00eda local, la ciudad reafirma su identidad cultural mientras se desarrollaron las dos jornadas del festival.\" \/>\n<meta property=\"og:url\" content=\"https:\/\/informelitoral.com.ar\/santa-elena-una-multitud-celebro-una-nueva-edicion-de-la-fiesta-de-la-chamarrita\/\" \/>\n<meta property=\"og:site_name\" content=\"Informe Litoral\" \/>\n<meta property=\"article:publisher\" content=\"https:\/\/www.facebook.com\/informelitoral\/\" \/>\n<meta property=\"article:published_time\" content=\"2026-01-12T21:21:40+00:00\" \/>\n<meta property=\"article:modified_time\" content=\"2026-01-13T10:54:37+00:00\" \/>\n<meta property=\"og:image\" content=\"https:\/\/entrerios24.com\/%77%70%2d%63%6f%6e%74%65%6e%74\/uploads\/2026\/01\/06-1068x712.jpg\" \/>\n<meta name=\"author\" content=\"Sebastian\" \/>\n<meta name=\"twitter:card\" content=\"summary_large_image\" \/>\n<meta name=\"twitter:image\" content=\"https:\/\/entrerios24.com\/%77%70%2d%63%6f%6e%74%65%6e%74\/uploads\/2026\/01\/06-1068x712.jpg\" \/>\n<meta name=\"twitter:creator\" content=\"@InformeLitoral\" \/>\n<meta name=\"twitter:site\" content=\"@InformeLitoral\" \/>\n<meta name=\"twitter:label1\" content=\"Escrito por\" \/>\n\t<meta name=\"twitter:data1\" content=\"Sebastian\" \/>\n\t<meta name=\"twitter:label2\" content=\"Tiempo de lectura\" \/>\n\t<meta name=\"twitter:data2\" content=\"3 minutos\" \/>\n<script type=\"application\/ld+json\" class=\"yoast-schema-graph\">{\"@context\":\"https:\\\/\\\/schema.org\",\"@graph\":[{\"@type\":\"Article\",\"@id\":\"https:\\\/\\\/informelitoral.com.ar\\\/santa-elena-una-multitud-celebro-una-nueva-edicion-de-la-fiesta-de-la-chamarrita\\\/#article\",\"isPartOf\":{\"@id\":\"https:\\\/\\\/informelitoral.com.ar\\\/santa-elena-una-multitud-celebro-una-nueva-edicion-de-la-fiesta-de-la-chamarrita\\\/\"},\"author\":{\"name\":\"Sebastian\",\"@id\":\"https:\\\/\\\/informelitoral.com.ar\\\/#\\\/schema\\\/person\\\/f05f9f461677119578717524b127d6d5\"},\"headline\":\"Santa Elena: una multitud celebr\u00f3 una nueva edici\u00f3n de la Fiesta de la Chamarrita\",\"datePublished\":\"2026-01-12T21:21:40+00:00\",\"dateModified\":\"2026-01-13T10:54:37+00:00\",\"mainEntityOfPage\":{\"@id\":\"https:\\\/\\\/informelitoral.com.ar\\\/santa-elena-una-multitud-celebro-una-nueva-edicion-de-la-fiesta-de-la-chamarrita\\\/\"},\"wordCount\":348,\"commentCount\":0,\"publisher\":{\"@id\":\"https:\\\/\\\/informelitoral.com.ar\\\/#organization\"},\"image\":{\"@id\":\"https:\\\/\\\/informelitoral.com.ar\\\/santa-elena-una-multitud-celebro-una-nueva-edicion-de-la-fiesta-de-la-chamarrita\\\/#primaryimage\"},\"thumbnailUrl\":\"https:\\\/\\\/entrerios24.com\\\/%77%70%2d%63%6f%6e%74%65%6e%74\\\/uploads\\\/2026\\\/01\\\/06-1068x712.jpg\",\"keywords\":[\"Fiesta Provincial de la Chamarrita\",\"Santa Elena\",\"Turismo\"],\"articleSection\":[\"Entre R\u00edos\"],\"inLanguage\":\"es\",\"potentialAction\":[{\"@type\":\"CommentAction\",\"name\":\"Comment\",\"target\":[\"https:\\\/\\\/informelitoral.com.ar\\\/santa-elena-una-multitud-celebro-una-nueva-edicion-de-la-fiesta-de-la-chamarrita\\\/#respond\"]}]},{\"@type\":\"WebPage\",\"@id\":\"https:\\\/\\\/informelitoral.com.ar\\\/santa-elena-una-multitud-celebro-una-nueva-edicion-de-la-fiesta-de-la-chamarrita\\\/\",\"url\":\"https:\\\/\\\/informelitoral.com.ar\\\/santa-elena-una-multitud-celebro-una-nueva-edicion-de-la-fiesta-de-la-chamarrita\\\/\",\"name\":\"Santa Elena: una multitud celebr\u00f3 una nueva edici\u00f3n de la Fiesta de la Chamarrita - Informe Litoral\",\"isPartOf\":{\"@id\":\"https:\\\/\\\/informelitoral.com.ar\\\/#website\"},\"primaryImageOfPage\":{\"@id\":\"https:\\\/\\\/informelitoral.com.ar\\\/santa-elena-una-multitud-celebro-una-nueva-edicion-de-la-fiesta-de-la-chamarrita\\\/#primaryimage\"},\"image\":{\"@id\":\"https:\\\/\\\/informelitoral.com.ar\\\/santa-elena-una-multitud-celebro-una-nueva-edicion-de-la-fiesta-de-la-chamarrita\\\/#primaryimage\"},\"thumbnailUrl\":\"https:\\\/\\\/entrerios24.com\\\/%77%70%2d%63%6f%6e%74%65%6e%74\\\/uploads\\\/2026\\\/01\\\/06-1068x712.jpg\",\"datePublished\":\"2026-01-12T21:21:40+00:00\",\"dateModified\":\"2026-01-13T10:54:37+00:00\",\"breadcrumb\":{\"@id\":\"https:\\\/\\\/informelitoral.com.ar\\\/santa-elena-una-multitud-celebro-una-nueva-edicion-de-la-fiesta-de-la-chamarrita\\\/#breadcrumb\"},\"inLanguage\":\"es\",\"potentialAction\":[{\"@type\":\"ReadAction\",\"target\":[\"https:\\\/\\\/informelitoral.com.ar\\\/santa-elena-una-multitud-celebro-una-nueva-edicion-de-la-fiesta-de-la-chamarrita\\\/\"]}]},{\"@type\":\"ImageObject\",\"inLanguage\":\"es\",\"@id\":\"https:\\\/\\\/informelitoral.com.ar\\\/santa-elena-una-multitud-celebro-una-nueva-edicion-de-la-fiesta-de-la-chamarrita\\\/#primaryimage\",\"url\":\"https:\\\/\\\/entrerios24.com\\\/%77%70%2d%63%6f%6e%74%65%6e%74\\\/uploads\\\/2026\\\/01\\\/06-1068x712.jpg\",\"contentUrl\":\"https:\\\/\\\/entrerios24.com\\\/%77%70%2d%63%6f%6e%74%65%6e%74\\\/uploads\\\/2026\\\/01\\\/06-1068x712.jpg\",\"width\":\"1068\",\"height\":\"712\"},{\"@type\":\"BreadcrumbList\",\"@id\":\"https:\\\/\\\/informelitoral.com.ar\\\/santa-elena-una-multitud-celebro-una-nueva-edicion-de-la-fiesta-de-la-chamarrita\\\/#breadcrumb\",\"itemListElement\":[{\"@type\":\"ListItem\",\"position\":1,\"name\":\"Portada\",\"item\":\"https:\\\/\\\/informelitoral.com.ar\\\/\"},{\"@type\":\"ListItem\",\"position\":2,\"name\":\"Santa Elena: una multitud celebr\u00f3 una nueva edici\u00f3n de la Fiesta de la Chamarrita\"}]},{\"@type\":\"WebSite\",\"@id\":\"https:\\\/\\\/informelitoral.com.ar\\\/#website\",\"url\":\"https:\\\/\\\/informelitoral.com.ar\\\/\",\"name\":\"Informe Litoral\",\"description\":\"&quot;Nos informamos&quot; \",\"publisher\":{\"@id\":\"https:\\\/\\\/informelitoral.com.ar\\\/#organization\"},\"potentialAction\":[{\"@type\":\"SearchAction\",\"target\":{\"@type\":\"EntryPoint\",\"urlTemplate\":\"https:\\\/\\\/informelitoral.com.ar\\\/?s={search_term_string}\"},\"query-input\":{\"@type\":\"PropertyValueSpecification\",\"valueRequired\":true,\"valueName\":\"search_term_string\"}}],\"inLanguage\":\"es\"},{\"@type\":\"Organization\",\"@id\":\"https:\\\/\\\/informelitoral.com.ar\\\/#organization\",\"name\":\"Informe Litoral\",\"url\":\"https:\\\/\\\/informelitoral.com.ar\\\/\",\"logo\":{\"@type\":\"ImageObject\",\"inLanguage\":\"es\",\"@id\":\"https:\\\/\\\/informelitoral.com.ar\\\/#\\\/schema\\\/logo\\\/image\\\/\",\"url\":\"https:\\\/\\\/informelitoral.com.ar\\\/%77%70%2d%63%6f%6e%74%65%6e%74\\\/uploads\\\/2021\\\/01\\\/circulo.png\",\"contentUrl\":\"https:\\\/\\\/informelitoral.com.ar\\\/%77%70%2d%63%6f%6e%74%65%6e%74\\\/uploads\\\/2021\\\/01\\\/circulo.png\",\"width\":723,\"height\":731,\"caption\":\"Informe Litoral\"},\"image\":{\"@id\":\"https:\\\/\\\/informelitoral.com.ar\\\/#\\\/schema\\\/logo\\\/image\\\/\"},\"sameAs\":[\"https:\\\/\\\/www.facebook.com\\\/informelitoral\\\/\",\"https:\\\/\\\/x.com\\\/InformeLitoral\",\"https:\\\/\\\/www.instagram.com\\\/informelitoral\\\/\",\"https:\\\/\\\/www.youtube.com\\\/channel\\\/UCua4Qvz8Icb6MYqhoq9xLXw\"]},{\"@type\":\"Person\",\"@id\":\"https:\\\/\\\/informelitoral.com.ar\\\/#\\\/schema\\\/person\\\/f05f9f461677119578717524b127d6d5\",\"name\":\"Sebastian\",\"image\":{\"@type\":\"ImageObject\",\"inLanguage\":\"es\",\"@id\":\"https:\\\/\\\/secure.gravatar.com\\\/avatar\\\/b71bf7481d447dfb9583c7f2798e7cc64de6efb9067b74633ed8c31059a3bd82?s=96&d=mm&r=g\",\"url\":\"https:\\\/\\\/secure.gravatar.com\\\/avatar\\\/b71bf7481d447dfb9583c7f2798e7cc64de6efb9067b74633ed8c31059a3bd82?s=96&d=mm&r=g\",\"contentUrl\":\"https:\\\/\\\/secure.gravatar.com\\\/avatar\\\/b71bf7481d447dfb9583c7f2798e7cc64de6efb9067b74633ed8c31059a3bd82?s=96&d=mm&r=g\",\"caption\":\"Sebastian\"},\"url\":\"https:\\\/\\\/informelitoral.com.ar\\\/author\\\/sebastian\\\/\"}]}<\/script>","yoast_head_json":{"title":"Santa Elena: una multitud celebr\u00f3 una nueva edici\u00f3n de la Fiesta de la Chamarrita - Informe Litoral","robots":{"index":"index","follow":"follow","max-snippet":"max-snippet:-1","max-image-preview":"max-image-preview:large","max-video-preview":"max-video-preview:-1"},"canonical":"https:\/\/informelitoral.com.ar\/santa-elena-una-multitud-celebro-una-nueva-edicion-de-la-fiesta-de-la-chamarrita\/","og_locale":"es_ES","og_type":"article","og_title":"Santa Elena: una multitud celebr\u00f3 una nueva edici\u00f3n de la Fiesta de la Chamarrita - Informe Litoral","og_description":"Con una masiva concurrencia y un fuerte impacto en la econom\u00eda local, la ciudad reafirma su identidad cultural mientras se desarrollaron las dos jornadas del festival.","og_url":"https:\/\/informelitoral.com.ar\/santa-elena-una-multitud-celebro-una-nueva-edicion-de-la-fiesta-de-la-chamarrita\/","og_site_name":"Informe Litoral","article_publisher":"https:\/\/www.facebook.com\/informelitoral\/","article_published_time":"2026-01-12T21:21:40+00:00","article_modified_time":"2026-01-13T10:54:37+00:00","og_image":[{"url":"https:\/\/entrerios24.com\/wp-content\/uploads\/2026\/01\/06-1068x712.jpg","type":"","width":"","height":""}],"author":"Sebastian","twitter_card":"summary_large_image","twitter_image":"https:\/\/entrerios24.com\/wp-content\/uploads\/2026\/01\/06-1068x712.jpg","twitter_creator":"@InformeLitoral","twitter_site":"@InformeLitoral","twitter_misc":{"Escrito por":"Sebastian","Tiempo de lectura":"3 minutos"},"schema":{"@context":"https:\/\/schema.org","@graph":[{"@type":"Article","@id":"https:\/\/informelitoral.com.ar\/santa-elena-una-multitud-celebro-una-nueva-edicion-de-la-fiesta-de-la-chamarrita\/#article","isPartOf":{"@id":"https:\/\/informelitoral.com.ar\/santa-elena-una-multitud-celebro-una-nueva-edicion-de-la-fiesta-de-la-chamarrita\/"},"author":{"name":"Sebastian","@id":"https:\/\/informelitoral.com.ar\/#\/schema\/person\/f05f9f461677119578717524b127d6d5"},"headline":"Santa Elena: una multitud celebr\u00f3 una nueva edici\u00f3n de la Fiesta de la Chamarrita","datePublished":"2026-01-12T21:21:40+00:00","dateModified":"2026-01-13T10:54:37+00:00","mainEntityOfPage":{"@id":"https:\/\/informelitoral.com.ar\/santa-elena-una-multitud-celebro-una-nueva-edicion-de-la-fiesta-de-la-chamarrita\/"},"wordCount":348,"commentCount":0,"publisher":{"@id":"https:\/\/informelitoral.com.ar\/#organization"},"image":{"@id":"https:\/\/informelitoral.com.ar\/santa-elena-una-multitud-celebro-una-nueva-edicion-de-la-fiesta-de-la-chamarrita\/#primaryimage"},"thumbnailUrl":"https:\/\/entrerios24.com\/%77%70%2d%63%6f%6e%74%65%6e%74\/uploads\/2026\/01\/06-1068x712.jpg","keywords":["Fiesta Provincial de la Chamarrita","Santa Elena","Turismo"],"articleSection":["Entre R\u00edos"],"inLanguage":"es","potentialAction":[{"@type":"CommentAction","name":"Comment","target":["https:\/\/informelitoral.com.ar\/santa-elena-una-multitud-celebro-una-nueva-edicion-de-la-fiesta-de-la-chamarrita\/#respond"]}]},{"@type":"WebPage","@id":"https:\/\/informelitoral.com.ar\/santa-elena-una-multitud-celebro-una-nueva-edicion-de-la-fiesta-de-la-chamarrita\/","url":"https:\/\/informelitoral.com.ar\/santa-elena-una-multitud-celebro-una-nueva-edicion-de-la-fiesta-de-la-chamarrita\/","name":"Santa Elena: una multitud celebr\u00f3 una nueva edici\u00f3n de la Fiesta de la Chamarrita - Informe Litoral","isPartOf":{"@id":"https:\/\/informelitoral.com.ar\/#website"},"primaryImageOfPage":{"@id":"https:\/\/informelitoral.com.ar\/santa-elena-una-multitud-celebro-una-nueva-edicion-de-la-fiesta-de-la-chamarrita\/#primaryimage"},"image":{"@id":"https:\/\/informelitoral.com.ar\/santa-elena-una-multitud-celebro-una-nueva-edicion-de-la-fiesta-de-la-chamarrita\/#primaryimage"},"thumbnailUrl":"https:\/\/entrerios24.com\/%77%70%2d%63%6f%6e%74%65%6e%74\/uploads\/2026\/01\/06-1068x712.jpg","datePublished":"2026-01-12T21:21:40+00:00","dateModified":"2026-01-13T10:54:37+00:00","breadcrumb":{"@id":"https:\/\/informelitoral.com.ar\/santa-elena-una-multitud-celebro-una-nueva-edicion-de-la-fiesta-de-la-chamarrita\/#breadcrumb"},"inLanguage":"es","potentialAction":[{"@type":"ReadAction","target":["https:\/\/informelitoral.com.ar\/santa-elena-una-multitud-celebro-una-nueva-edicion-de-la-fiesta-de-la-chamarrita\/"]}]},{"@type":"ImageObject","inLanguage":"es","@id":"https:\/\/informelitoral.com.ar\/santa-elena-una-multitud-celebro-una-nueva-edicion-de-la-fiesta-de-la-chamarrita\/#primaryimage","url":"https:\/\/entrerios24.com\/%77%70%2d%63%6f%6e%74%65%6e%74\/uploads\/2026\/01\/06-1068x712.jpg","contentUrl":"https:\/\/entrerios24.com\/%77%70%2d%63%6f%6e%74%65%6e%74\/uploads\/2026\/01\/06-1068x712.jpg","width":"1068","height":"712"},{"@type":"BreadcrumbList","@id":"https:\/\/informelitoral.com.ar\/santa-elena-una-multitud-celebro-una-nueva-edicion-de-la-fiesta-de-la-chamarrita\/#breadcrumb","itemListElement":[{"@type":"ListItem","position":1,"name":"Portada","item":"https:\/\/informelitoral.com.ar\/"},{"@type":"ListItem","position":2,"name":"Santa Elena: una multitud celebr\u00f3 una nueva edici\u00f3n de la Fiesta de la Chamarrita"}]},{"@type":"WebSite","@id":"https:\/\/informelitoral.com.ar\/#website","url":"https:\/\/informelitoral.com.ar\/","name":"Informe Litoral","description":"&quot;Nos informamos&quot; ","publisher":{"@id":"https:\/\/informelitoral.com.ar\/#organization"},"potentialAction":[{"@type":"SearchAction","target":{"@type":"EntryPoint","urlTemplate":"https:\/\/informelitoral.com.ar\/?s={search_term_string}"},"query-input":{"@type":"PropertyValueSpecification","valueRequired":true,"valueName":"search_term_string"}}],"inLanguage":"es"},{"@type":"Organization","@id":"https:\/\/informelitoral.com.ar\/#organization","name":"Informe Litoral","url":"https:\/\/informelitoral.com.ar\/","logo":{"@type":"ImageObject","inLanguage":"es","@id":"https:\/\/informelitoral.com.ar\/#\/schema\/logo\/image\/","url":"https:\/\/informelitoral.com.ar\/%77%70%2d%63%6f%6e%74%65%6e%74\/uploads\/2021\/01\/circulo.png","contentUrl":"https:\/\/informelitoral.com.ar\/%77%70%2d%63%6f%6e%74%65%6e%74\/uploads\/2021\/01\/circulo.png","width":723,"height":731,"caption":"Informe Litoral"},"image":{"@id":"https:\/\/informelitoral.com.ar\/#\/schema\/logo\/image\/"},"sameAs":["https:\/\/www.facebook.com\/informelitoral\/","https:\/\/x.com\/InformeLitoral","https:\/\/www.instagram.com\/informelitoral\/","https:\/\/www.youtube.com\/channel\/UCua4Qvz8Icb6MYqhoq9xLXw"]},{"@type":"Person","@id":"https:\/\/informelitoral.com.ar\/#\/schema\/person\/f05f9f461677119578717524b127d6d5","name":"Sebastian","image":{"@type":"ImageObject","inLanguage":"es","@id":"https:\/\/secure.gravatar.com\/avatar\/b71bf7481d447dfb9583c7f2798e7cc64de6efb9067b74633ed8c31059a3bd82?s=96&d=mm&r=g","url":"https:\/\/secure.gravatar.com\/avatar\/b71bf7481d447dfb9583c7f2798e7cc64de6efb9067b74633ed8c31059a3bd82?s=96&d=mm&r=g","contentUrl":"https:\/\/secure.gravatar.com\/avatar\/b71bf7481d447dfb9583c7f2798e7cc64de6efb9067b74633ed8c31059a3bd82?s=96&d=mm&r=g","caption":"Sebastian"},"url":"https:\/\/informelitoral.com.ar\/author\/sebastian\/"}]}},"fifu_image_url":"https:\/\/entrerios24.com\/wp-content\/uploads\/2026\/01\/06-1068x712.jpg","_links":{"self":[{"href":"https:\/\/informelitoral.com.ar\/%77%70%2d%6a%73%6f%6e\/wp\/v2\/posts\/246356","targetHints":{"allow":["GET"]}}],"collection":[{"href":"https:\/\/informelitoral.com.ar\/%77%70%2d%6a%73%6f%6e\/wp\/v2\/posts"}],"about":[{"href":"https:\/\/informelitoral.com.ar\/%77%70%2d%6a%73%6f%6e\/wp\/v2\/types\/post"}],"author":[{"embeddable":true,"href":"https:\/\/informelitoral.com.ar\/%77%70%2d%6a%73%6f%6e\/wp\/v2\/users\/8"}],"replies":[{"embeddable":true,"href":"https:\/\/informelitoral.com.ar\/%77%70%2d%6a%73%6f%6e\/wp\/v2\/comments?post=246356"}],"version-history":[{"count":8,"href":"https:\/\/informelitoral.com.ar\/%77%70%2d%6a%73%6f%6e\/wp\/v2\/posts\/246356\/revisions"}],"predecessor-version":[{"id":246376,"href":"https:\/\/informelitoral.com.ar\/%77%70%2d%6a%73%6f%6e\/wp\/v2\/posts\/246356\/revisions\/246376"}],"wp:featuredmedia":[{"embeddable":true,"href":"https:\/\/informelitoral.com.ar\/%77%70%2d%6a%73%6f%6e\/wp\/v2\/media\/246358"}],"wp:attachment":[{"href":"https:\/\/informelitoral.com.ar\/%77%70%2d%6a%73%6f%6e\/wp\/v2\/media?parent=246356"}],"wp:term":[{"taxonomy":"category","embeddable":true,"href":"https:\/\/informelitoral.com.ar\/%77%70%2d%6a%73%6f%6e\/wp\/v2\/categories?post=246356"},{"taxonomy":"post_tag","embeddable":true,"href":"https:\/\/informelitoral.com.ar\/%77%70%2d%6a%73%6f%6e\/wp\/v2\/tags?post=246356"}],"curies":[{"name":"wp","href":"https:\/\/api.w.org\/{rel}","templated":true}]}}