{"id":246331,"date":"2026-01-12T17:42:37","date_gmt":"2026-01-12T20:42:37","guid":{"rendered":"https:\/\/informelitoral.com.ar\/?p=246331"},"modified":"2026-01-12T17:48:24","modified_gmt":"2026-01-12T20:48:24","slug":"juana-viale-rompio-el-silencio-y-desmintio-los-rumores-de-romance-con-mauricio-macri","status":"publish","type":"post","link":"https:\/\/informelitoral.com.ar\/juana-viale-rompio-el-silencio-y-desmintio-los-rumores-de-romance-con-mauricio-macri\/","title":{"rendered":"Juana Viale rompi\u00f3 el silencio y desminti\u00f3 los rumores de romance con Mauricio Macri"},"content":{"rendered":"<p data-path-to-node=\"4\">La repercusi\u00f3n medi\u00e1tica generada por los rumores de un posible romance entre <b data-path-to-node=\"4\" data-index-in-node=\"78\">Juana Viale y Mauricio Macri<\/b> no tard\u00f3 en llegar a la protagonista. Este lunes, la nieta de Mirtha Legrand utiliz\u00f3 sus redes sociales para <b data-path-to-node=\"4\" data-index-in-node=\"216\">desmentir categ\u00f3ricamente las versiones<\/b> y cuestionar el rol de algunos medios y figuras p\u00fablicas en la difusi\u00f3n de la noticia.<\/p>\n<p data-path-to-node=\"5\">A trav\u00e9s de una historia en Instagram, la conductora apunt\u00f3 directamente contra la <b data-path-to-node=\"5\" data-index-in-node=\"83\">circulaci\u00f3n de informaci\u00f3n falsa<\/b>, se\u00f1alando que existen personas preparadas para informar y otras que buscan <b data-path-to-node=\"5\" data-index-in-node=\"192\">hacer da\u00f1o por un segundo de fama<\/b>. En su descargo, critic\u00f3 a quienes hablan en condicional para ampararse legalmente mientras difunden mentiras que lastiman a los involucrados.<\/p>\n<h6 data-path-to-node=\"5\"><strong><em>Del archivo:\u00a0<a href=\"https:\/\/informelitoral.com.ar\/mauricio-macri-y-juliana-awada-se-separaron-tras-15-anos-de-relacion\/\" target=\"_blank\" rel=\"noopener\">Mauricio Macri y Juliana Awada se separaron tras 15 a\u00f1os de relaci\u00f3n<\/a><\/em><\/strong><\/h6>\n<p data-path-to-node=\"6\">Lejos de limitarse a la desmentida, Viale describi\u00f3 el <b data-path-to-node=\"6\" data-index-in-node=\"55\">fuerte impacto emocional y familiar<\/b> que gener\u00f3 el rumor. Expres\u00f3 su gratitud hacia su entorno cercano por acompa\u00f1arla y fue tajante al afirmar que no se convertir\u00e1 en quienes usan un micr\u00f3fono para <b data-path-to-node=\"6\" data-index-in-node=\"253\">desinformar y derrochar envidia<\/b>, lamentando profundamente el da\u00f1o que causan estas noticias.<\/p>\n<p data-path-to-node=\"6\"><img decoding=\"async\" src=\"https:\/\/www.paparazzi.com.ar\/%77%70%2d%63%6f%6e%74%65%6e%74\/uploads\/2025\/09\/Juana-Viale.jpg.webp\" alt=\"Juana Viale sorprendi\u00f3 en Brasil con un desaf\u00edo extremo que pocos se animan  a enfrentar - Revista Paparazzi\" \/><\/p>\n<p data-path-to-node=\"7\">Este descargo se produjo en un contexto de alta sensibilidad, horas despu\u00e9s de que se confirmara la <b data-path-to-node=\"7\" data-index-in-node=\"100\">separaci\u00f3n entre Mauricio Macri y Juliana Awada<\/b> tras m\u00e1s de quince a\u00f1os de relaci\u00f3n. Aunque la decisi\u00f3n se habr\u00eda tomado de com\u00fan acuerdo antes de fin de a\u00f1o, el cierre del comunicado de Juana Viale dej\u00f3 clara su postura frente a la <b data-path-to-node=\"7\" data-index-in-node=\"333\">l\u00f3gica medi\u00e1tica<\/b> que rode\u00f3 la ruptura del expresidente.<\/p>\n","protected":false},"excerpt":{"rendered":"<p>Tras confirmarse la separaci\u00f3n del expresidente y Juliana Awada, la conductora utiliz\u00f3 sus redes sociales para lanzar un duro descargo contra la desinformaci\u00f3n y el da\u00f1o a su entorno.<\/p>\n","protected":false},"author":8,"featured_media":246332,"comment_status":"open","ping_status":"open","sticky":false,"template":"","format":"standard","meta":{"fifu_image_url":"https:\/\/media.eleditormendoza.com.ar\/p\/3fde9e48c6ab0162a4c04c87187d9db4\/adjuntos\/371\/imagenes\/100\/078\/0100078126\/790x0\/smart\/juana-viale-juliana-awada-y-mauricio-macri.webp","fifu_image_alt":"","footnotes":""},"categories":[12],"tags":[2093,80,2690],"class_list":{"0":"post-246331","1":"post","2":"type-post","3":"status-publish","4":"format-standard","5":"has-post-thumbnail","7":"category-espectaculos","8":"tag-juana-viale","9":"tag-mauricio-macri","10":"tag-separacion"},"yoast_head":"<title>Juana Viale rompi\u00f3 el silencio y desminti\u00f3 los rumores de romance con Mauricio Macri - Informe Litoral<\/title>\n<meta name=\"robots\" content=\"index, follow, max-snippet:-1, max-image-preview:large, max-video-preview:-1\" \/>\n<link rel=\"canonical\" href=\"https:\/\/informelitoral.com.ar\/juana-viale-rompio-el-silencio-y-desmintio-los-rumores-de-romance-con-mauricio-macri\/\" \/>\n<meta property=\"og:locale\" content=\"es_ES\" \/>\n<meta property=\"og:type\" content=\"article\" \/>\n<meta property=\"og:title\" content=\"Juana Viale rompi\u00f3 el silencio y desminti\u00f3 los rumores de romance con Mauricio Macri - Informe Litoral\" \/>\n<meta property=\"og:description\" content=\"Tras confirmarse la separaci\u00f3n del expresidente y Juliana Awada, la conductora utiliz\u00f3 sus redes sociales para lanzar un duro descargo contra la desinformaci\u00f3n y el da\u00f1o a su entorno.\" \/>\n<meta property=\"og:url\" content=\"https:\/\/informelitoral.com.ar\/juana-viale-rompio-el-silencio-y-desmintio-los-rumores-de-romance-con-mauricio-macri\/\" \/>\n<meta property=\"og:site_name\" content=\"Informe Litoral\" \/>\n<meta property=\"article:publisher\" content=\"https:\/\/www.facebook.com\/informelitoral\/\" \/>\n<meta property=\"article:published_time\" content=\"2026-01-12T20:42:37+00:00\" \/>\n<meta property=\"article:modified_time\" content=\"2026-01-12T20:48:24+00:00\" \/>\n<meta property=\"og:image\" content=\"https:\/\/media.eleditormendoza.com.ar\/p\/3fde9e48c6ab0162a4c04c87187d9db4\/adjuntos\/371\/imagenes\/100\/078\/0100078126\/790x0\/smart\/juana-viale-juliana-awada-y-mauricio-macri.webp\" \/>\n<meta name=\"author\" content=\"Sebastian\" \/>\n<meta name=\"twitter:card\" content=\"summary_large_image\" \/>\n<meta name=\"twitter:image\" content=\"https:\/\/media.eleditormendoza.com.ar\/p\/3fde9e48c6ab0162a4c04c87187d9db4\/adjuntos\/371\/imagenes\/100\/078\/0100078126\/790x0\/smart\/juana-viale-juliana-awada-y-mauricio-macri.webp\" \/>\n<meta name=\"twitter:creator\" content=\"@InformeLitoral\" \/>\n<meta name=\"twitter:site\" content=\"@InformeLitoral\" \/>\n<meta name=\"twitter:label1\" content=\"Escrito por\" \/>\n\t<meta name=\"twitter:data1\" content=\"Sebastian\" \/>\n\t<meta name=\"twitter:label2\" content=\"Tiempo de lectura\" \/>\n\t<meta name=\"twitter:data2\" content=\"2 minutos\" \/>\n<script type=\"application\/ld+json\" class=\"yoast-schema-graph\">{\"@context\":\"https:\\\/\\\/schema.org\",\"@graph\":[{\"@type\":\"Article\",\"@id\":\"https:\\\/\\\/informelitoral.com.ar\\\/juana-viale-rompio-el-silencio-y-desmintio-los-rumores-de-romance-con-mauricio-macri\\\/#article\",\"isPartOf\":{\"@id\":\"https:\\\/\\\/informelitoral.com.ar\\\/juana-viale-rompio-el-silencio-y-desmintio-los-rumores-de-romance-con-mauricio-macri\\\/\"},\"author\":{\"name\":\"Sebastian\",\"@id\":\"https:\\\/\\\/informelitoral.com.ar\\\/#\\\/schema\\\/person\\\/f05f9f461677119578717524b127d6d5\"},\"headline\":\"Juana Viale rompi\u00f3 el silencio y desminti\u00f3 los rumores de romance con Mauricio Macri\",\"datePublished\":\"2026-01-12T20:42:37+00:00\",\"dateModified\":\"2026-01-12T20:48:24+00:00\",\"mainEntityOfPage\":{\"@id\":\"https:\\\/\\\/informelitoral.com.ar\\\/juana-viale-rompio-el-silencio-y-desmintio-los-rumores-de-romance-con-mauricio-macri\\\/\"},\"wordCount\":285,\"commentCount\":0,\"publisher\":{\"@id\":\"https:\\\/\\\/informelitoral.com.ar\\\/#organization\"},\"image\":{\"@id\":\"https:\\\/\\\/informelitoral.com.ar\\\/juana-viale-rompio-el-silencio-y-desmintio-los-rumores-de-romance-con-mauricio-macri\\\/#primaryimage\"},\"thumbnailUrl\":\"https:\\\/\\\/media.eleditormendoza.com.ar\\\/p\\\/3fde9e48c6ab0162a4c04c87187d9db4\\\/adjuntos\\\/371\\\/imagenes\\\/100\\\/078\\\/0100078126\\\/790x0\\\/smart\\\/juana-viale-juliana-awada-y-mauricio-macri.webp\",\"keywords\":[\"Juana Viale\",\"Mauricio Macri\",\"Separaci\u00f3n\"],\"articleSection\":[\"Espect\u00e1culos\"],\"inLanguage\":\"es\",\"potentialAction\":[{\"@type\":\"CommentAction\",\"name\":\"Comment\",\"target\":[\"https:\\\/\\\/informelitoral.com.ar\\\/juana-viale-rompio-el-silencio-y-desmintio-los-rumores-de-romance-con-mauricio-macri\\\/#respond\"]}]},{\"@type\":\"WebPage\",\"@id\":\"https:\\\/\\\/informelitoral.com.ar\\\/juana-viale-rompio-el-silencio-y-desmintio-los-rumores-de-romance-con-mauricio-macri\\\/\",\"url\":\"https:\\\/\\\/informelitoral.com.ar\\\/juana-viale-rompio-el-silencio-y-desmintio-los-rumores-de-romance-con-mauricio-macri\\\/\",\"name\":\"Juana Viale rompi\u00f3 el silencio y desminti\u00f3 los rumores de romance con Mauricio Macri - Informe Litoral\",\"isPartOf\":{\"@id\":\"https:\\\/\\\/informelitoral.com.ar\\\/#website\"},\"primaryImageOfPage\":{\"@id\":\"https:\\\/\\\/informelitoral.com.ar\\\/juana-viale-rompio-el-silencio-y-desmintio-los-rumores-de-romance-con-mauricio-macri\\\/#primaryimage\"},\"image\":{\"@id\":\"https:\\\/\\\/informelitoral.com.ar\\\/juana-viale-rompio-el-silencio-y-desmintio-los-rumores-de-romance-con-mauricio-macri\\\/#primaryimage\"},\"thumbnailUrl\":\"https:\\\/\\\/media.eleditormendoza.com.ar\\\/p\\\/3fde9e48c6ab0162a4c04c87187d9db4\\\/adjuntos\\\/371\\\/imagenes\\\/100\\\/078\\\/0100078126\\\/790x0\\\/smart\\\/juana-viale-juliana-awada-y-mauricio-macri.webp\",\"datePublished\":\"2026-01-12T20:42:37+00:00\",\"dateModified\":\"2026-01-12T20:48:24+00:00\",\"breadcrumb\":{\"@id\":\"https:\\\/\\\/informelitoral.com.ar\\\/juana-viale-rompio-el-silencio-y-desmintio-los-rumores-de-romance-con-mauricio-macri\\\/#breadcrumb\"},\"inLanguage\":\"es\",\"potentialAction\":[{\"@type\":\"ReadAction\",\"target\":[\"https:\\\/\\\/informelitoral.com.ar\\\/juana-viale-rompio-el-silencio-y-desmintio-los-rumores-de-romance-con-mauricio-macri\\\/\"]}]},{\"@type\":\"ImageObject\",\"inLanguage\":\"es\",\"@id\":\"https:\\\/\\\/informelitoral.com.ar\\\/juana-viale-rompio-el-silencio-y-desmintio-los-rumores-de-romance-con-mauricio-macri\\\/#primaryimage\",\"url\":\"https:\\\/\\\/media.eleditormendoza.com.ar\\\/p\\\/3fde9e48c6ab0162a4c04c87187d9db4\\\/adjuntos\\\/371\\\/imagenes\\\/100\\\/078\\\/0100078126\\\/790x0\\\/smart\\\/juana-viale-juliana-awada-y-mauricio-macri.webp\",\"contentUrl\":\"https:\\\/\\\/media.eleditormendoza.com.ar\\\/p\\\/3fde9e48c6ab0162a4c04c87187d9db4\\\/adjuntos\\\/371\\\/imagenes\\\/100\\\/078\\\/0100078126\\\/790x0\\\/smart\\\/juana-viale-juliana-awada-y-mauricio-macri.webp\",\"width\":\"790\",\"height\":\"498\"},{\"@type\":\"BreadcrumbList\",\"@id\":\"https:\\\/\\\/informelitoral.com.ar\\\/juana-viale-rompio-el-silencio-y-desmintio-los-rumores-de-romance-con-mauricio-macri\\\/#breadcrumb\",\"itemListElement\":[{\"@type\":\"ListItem\",\"position\":1,\"name\":\"Portada\",\"item\":\"https:\\\/\\\/informelitoral.com.ar\\\/\"},{\"@type\":\"ListItem\",\"position\":2,\"name\":\"Juana Viale rompi\u00f3 el silencio y desminti\u00f3 los rumores de romance con Mauricio Macri\"}]},{\"@type\":\"WebSite\",\"@id\":\"https:\\\/\\\/informelitoral.com.ar\\\/#website\",\"url\":\"https:\\\/\\\/informelitoral.com.ar\\\/\",\"name\":\"Informe Litoral\",\"description\":\"&quot;Nos informamos&quot; \",\"publisher\":{\"@id\":\"https:\\\/\\\/informelitoral.com.ar\\\/#organization\"},\"potentialAction\":[{\"@type\":\"SearchAction\",\"target\":{\"@type\":\"EntryPoint\",\"urlTemplate\":\"https:\\\/\\\/informelitoral.com.ar\\\/?s={search_term_string}\"},\"query-input\":{\"@type\":\"PropertyValueSpecification\",\"valueRequired\":true,\"valueName\":\"search_term_string\"}}],\"inLanguage\":\"es\"},{\"@type\":\"Organization\",\"@id\":\"https:\\\/\\\/informelitoral.com.ar\\\/#organization\",\"name\":\"Informe Litoral\",\"url\":\"https:\\\/\\\/informelitoral.com.ar\\\/\",\"logo\":{\"@type\":\"ImageObject\",\"inLanguage\":\"es\",\"@id\":\"https:\\\/\\\/informelitoral.com.ar\\\/#\\\/schema\\\/logo\\\/image\\\/\",\"url\":\"https:\\\/\\\/informelitoral.com.ar\\\/%77%70%2d%63%6f%6e%74%65%6e%74\\\/uploads\\\/2021\\\/01\\\/circulo.png\",\"contentUrl\":\"https:\\\/\\\/informelitoral.com.ar\\\/%77%70%2d%63%6f%6e%74%65%6e%74\\\/uploads\\\/2021\\\/01\\\/circulo.png\",\"width\":723,\"height\":731,\"caption\":\"Informe Litoral\"},\"image\":{\"@id\":\"https:\\\/\\\/informelitoral.com.ar\\\/#\\\/schema\\\/logo\\\/image\\\/\"},\"sameAs\":[\"https:\\\/\\\/www.facebook.com\\\/informelitoral\\\/\",\"https:\\\/\\\/x.com\\\/InformeLitoral\",\"https:\\\/\\\/www.instagram.com\\\/informelitoral\\\/\",\"https:\\\/\\\/www.youtube.com\\\/channel\\\/UCua4Qvz8Icb6MYqhoq9xLXw\"]},{\"@type\":\"Person\",\"@id\":\"https:\\\/\\\/informelitoral.com.ar\\\/#\\\/schema\\\/person\\\/f05f9f461677119578717524b127d6d5\",\"name\":\"Sebastian\",\"image\":{\"@type\":\"ImageObject\",\"inLanguage\":\"es\",\"@id\":\"https:\\\/\\\/secure.gravatar.com\\\/avatar\\\/b71bf7481d447dfb9583c7f2798e7cc64de6efb9067b74633ed8c31059a3bd82?s=96&d=mm&r=g\",\"url\":\"https:\\\/\\\/secure.gravatar.com\\\/avatar\\\/b71bf7481d447dfb9583c7f2798e7cc64de6efb9067b74633ed8c31059a3bd82?s=96&d=mm&r=g\",\"contentUrl\":\"https:\\\/\\\/secure.gravatar.com\\\/avatar\\\/b71bf7481d447dfb9583c7f2798e7cc64de6efb9067b74633ed8c31059a3bd82?s=96&d=mm&r=g\",\"caption\":\"Sebastian\"},\"url\":\"https:\\\/\\\/informelitoral.com.ar\\\/author\\\/sebastian\\\/\"}]}<\/script>","yoast_head_json":{"title":"Juana Viale rompi\u00f3 el silencio y desminti\u00f3 los rumores de romance con Mauricio Macri - Informe Litoral","robots":{"index":"index","follow":"follow","max-snippet":"max-snippet:-1","max-image-preview":"max-image-preview:large","max-video-preview":"max-video-preview:-1"},"canonical":"https:\/\/informelitoral.com.ar\/juana-viale-rompio-el-silencio-y-desmintio-los-rumores-de-romance-con-mauricio-macri\/","og_locale":"es_ES","og_type":"article","og_title":"Juana Viale rompi\u00f3 el silencio y desminti\u00f3 los rumores de romance con Mauricio Macri - Informe Litoral","og_description":"Tras confirmarse la separaci\u00f3n del expresidente y Juliana Awada, la conductora utiliz\u00f3 sus redes sociales para lanzar un duro descargo contra la desinformaci\u00f3n y el da\u00f1o a su entorno.","og_url":"https:\/\/informelitoral.com.ar\/juana-viale-rompio-el-silencio-y-desmintio-los-rumores-de-romance-con-mauricio-macri\/","og_site_name":"Informe Litoral","article_publisher":"https:\/\/www.facebook.com\/informelitoral\/","article_published_time":"2026-01-12T20:42:37+00:00","article_modified_time":"2026-01-12T20:48:24+00:00","og_image":[{"url":"https:\/\/media.eleditormendoza.com.ar\/p\/3fde9e48c6ab0162a4c04c87187d9db4\/adjuntos\/371\/imagenes\/100\/078\/0100078126\/790x0\/smart\/juana-viale-juliana-awada-y-mauricio-macri.webp","type":"","width":"","height":""}],"author":"Sebastian","twitter_card":"summary_large_image","twitter_image":"https:\/\/media.eleditormendoza.com.ar\/p\/3fde9e48c6ab0162a4c04c87187d9db4\/adjuntos\/371\/imagenes\/100\/078\/0100078126\/790x0\/smart\/juana-viale-juliana-awada-y-mauricio-macri.webp","twitter_creator":"@InformeLitoral","twitter_site":"@InformeLitoral","twitter_misc":{"Escrito por":"Sebastian","Tiempo de lectura":"2 minutos"},"schema":{"@context":"https:\/\/schema.org","@graph":[{"@type":"Article","@id":"https:\/\/informelitoral.com.ar\/juana-viale-rompio-el-silencio-y-desmintio-los-rumores-de-romance-con-mauricio-macri\/#article","isPartOf":{"@id":"https:\/\/informelitoral.com.ar\/juana-viale-rompio-el-silencio-y-desmintio-los-rumores-de-romance-con-mauricio-macri\/"},"author":{"name":"Sebastian","@id":"https:\/\/informelitoral.com.ar\/#\/schema\/person\/f05f9f461677119578717524b127d6d5"},"headline":"Juana Viale rompi\u00f3 el silencio y desminti\u00f3 los rumores de romance con Mauricio Macri","datePublished":"2026-01-12T20:42:37+00:00","dateModified":"2026-01-12T20:48:24+00:00","mainEntityOfPage":{"@id":"https:\/\/informelitoral.com.ar\/juana-viale-rompio-el-silencio-y-desmintio-los-rumores-de-romance-con-mauricio-macri\/"},"wordCount":285,"commentCount":0,"publisher":{"@id":"https:\/\/informelitoral.com.ar\/#organization"},"image":{"@id":"https:\/\/informelitoral.com.ar\/juana-viale-rompio-el-silencio-y-desmintio-los-rumores-de-romance-con-mauricio-macri\/#primaryimage"},"thumbnailUrl":"https:\/\/media.eleditormendoza.com.ar\/p\/3fde9e48c6ab0162a4c04c87187d9db4\/adjuntos\/371\/imagenes\/100\/078\/0100078126\/790x0\/smart\/juana-viale-juliana-awada-y-mauricio-macri.webp","keywords":["Juana Viale","Mauricio Macri","Separaci\u00f3n"],"articleSection":["Espect\u00e1culos"],"inLanguage":"es","potentialAction":[{"@type":"CommentAction","name":"Comment","target":["https:\/\/informelitoral.com.ar\/juana-viale-rompio-el-silencio-y-desmintio-los-rumores-de-romance-con-mauricio-macri\/#respond"]}]},{"@type":"WebPage","@id":"https:\/\/informelitoral.com.ar\/juana-viale-rompio-el-silencio-y-desmintio-los-rumores-de-romance-con-mauricio-macri\/","url":"https:\/\/informelitoral.com.ar\/juana-viale-rompio-el-silencio-y-desmintio-los-rumores-de-romance-con-mauricio-macri\/","name":"Juana Viale rompi\u00f3 el silencio y desminti\u00f3 los rumores de romance con Mauricio Macri - Informe Litoral","isPartOf":{"@id":"https:\/\/informelitoral.com.ar\/#website"},"primaryImageOfPage":{"@id":"https:\/\/informelitoral.com.ar\/juana-viale-rompio-el-silencio-y-desmintio-los-rumores-de-romance-con-mauricio-macri\/#primaryimage"},"image":{"@id":"https:\/\/informelitoral.com.ar\/juana-viale-rompio-el-silencio-y-desmintio-los-rumores-de-romance-con-mauricio-macri\/#primaryimage"},"thumbnailUrl":"https:\/\/media.eleditormendoza.com.ar\/p\/3fde9e48c6ab0162a4c04c87187d9db4\/adjuntos\/371\/imagenes\/100\/078\/0100078126\/790x0\/smart\/juana-viale-juliana-awada-y-mauricio-macri.webp","datePublished":"2026-01-12T20:42:37+00:00","dateModified":"2026-01-12T20:48:24+00:00","breadcrumb":{"@id":"https:\/\/informelitoral.com.ar\/juana-viale-rompio-el-silencio-y-desmintio-los-rumores-de-romance-con-mauricio-macri\/#breadcrumb"},"inLanguage":"es","potentialAction":[{"@type":"ReadAction","target":["https:\/\/informelitoral.com.ar\/juana-viale-rompio-el-silencio-y-desmintio-los-rumores-de-romance-con-mauricio-macri\/"]}]},{"@type":"ImageObject","inLanguage":"es","@id":"https:\/\/informelitoral.com.ar\/juana-viale-rompio-el-silencio-y-desmintio-los-rumores-de-romance-con-mauricio-macri\/#primaryimage","url":"https:\/\/media.eleditormendoza.com.ar\/p\/3fde9e48c6ab0162a4c04c87187d9db4\/adjuntos\/371\/imagenes\/100\/078\/0100078126\/790x0\/smart\/juana-viale-juliana-awada-y-mauricio-macri.webp","contentUrl":"https:\/\/media.eleditormendoza.com.ar\/p\/3fde9e48c6ab0162a4c04c87187d9db4\/adjuntos\/371\/imagenes\/100\/078\/0100078126\/790x0\/smart\/juana-viale-juliana-awada-y-mauricio-macri.webp","width":"790","height":"498"},{"@type":"BreadcrumbList","@id":"https:\/\/informelitoral.com.ar\/juana-viale-rompio-el-silencio-y-desmintio-los-rumores-de-romance-con-mauricio-macri\/#breadcrumb","itemListElement":[{"@type":"ListItem","position":1,"name":"Portada","item":"https:\/\/informelitoral.com.ar\/"},{"@type":"ListItem","position":2,"name":"Juana Viale rompi\u00f3 el silencio y desminti\u00f3 los rumores de romance con Mauricio Macri"}]},{"@type":"WebSite","@id":"https:\/\/informelitoral.com.ar\/#website","url":"https:\/\/informelitoral.com.ar\/","name":"Informe Litoral","description":"&quot;Nos informamos&quot; ","publisher":{"@id":"https:\/\/informelitoral.com.ar\/#organization"},"potentialAction":[{"@type":"SearchAction","target":{"@type":"EntryPoint","urlTemplate":"https:\/\/informelitoral.com.ar\/?s={search_term_string}"},"query-input":{"@type":"PropertyValueSpecification","valueRequired":true,"valueName":"search_term_string"}}],"inLanguage":"es"},{"@type":"Organization","@id":"https:\/\/informelitoral.com.ar\/#organization","name":"Informe Litoral","url":"https:\/\/informelitoral.com.ar\/","logo":{"@type":"ImageObject","inLanguage":"es","@id":"https:\/\/informelitoral.com.ar\/#\/schema\/logo\/image\/","url":"https:\/\/informelitoral.com.ar\/%77%70%2d%63%6f%6e%74%65%6e%74\/uploads\/2021\/01\/circulo.png","contentUrl":"https:\/\/informelitoral.com.ar\/%77%70%2d%63%6f%6e%74%65%6e%74\/uploads\/2021\/01\/circulo.png","width":723,"height":731,"caption":"Informe Litoral"},"image":{"@id":"https:\/\/informelitoral.com.ar\/#\/schema\/logo\/image\/"},"sameAs":["https:\/\/www.facebook.com\/informelitoral\/","https:\/\/x.com\/InformeLitoral","https:\/\/www.instagram.com\/informelitoral\/","https:\/\/www.youtube.com\/channel\/UCua4Qvz8Icb6MYqhoq9xLXw"]},{"@type":"Person","@id":"https:\/\/informelitoral.com.ar\/#\/schema\/person\/f05f9f461677119578717524b127d6d5","name":"Sebastian","image":{"@type":"ImageObject","inLanguage":"es","@id":"https:\/\/secure.gravatar.com\/avatar\/b71bf7481d447dfb9583c7f2798e7cc64de6efb9067b74633ed8c31059a3bd82?s=96&d=mm&r=g","url":"https:\/\/secure.gravatar.com\/avatar\/b71bf7481d447dfb9583c7f2798e7cc64de6efb9067b74633ed8c31059a3bd82?s=96&d=mm&r=g","contentUrl":"https:\/\/secure.gravatar.com\/avatar\/b71bf7481d447dfb9583c7f2798e7cc64de6efb9067b74633ed8c31059a3bd82?s=96&d=mm&r=g","caption":"Sebastian"},"url":"https:\/\/informelitoral.com.ar\/author\/sebastian\/"}]}},"fifu_image_url":"https:\/\/media.eleditormendoza.com.ar\/p\/3fde9e48c6ab0162a4c04c87187d9db4\/adjuntos\/371\/imagenes\/100\/078\/0100078126\/790x0\/smart\/juana-viale-juliana-awada-y-mauricio-macri.webp","_links":{"self":[{"href":"https:\/\/informelitoral.com.ar\/%77%70%2d%6a%73%6f%6e\/wp\/v2\/posts\/246331","targetHints":{"allow":["GET"]}}],"collection":[{"href":"https:\/\/informelitoral.com.ar\/%77%70%2d%6a%73%6f%6e\/wp\/v2\/posts"}],"about":[{"href":"https:\/\/informelitoral.com.ar\/%77%70%2d%6a%73%6f%6e\/wp\/v2\/types\/post"}],"author":[{"embeddable":true,"href":"https:\/\/informelitoral.com.ar\/%77%70%2d%6a%73%6f%6e\/wp\/v2\/users\/8"}],"replies":[{"embeddable":true,"href":"https:\/\/informelitoral.com.ar\/%77%70%2d%6a%73%6f%6e\/wp\/v2\/comments?post=246331"}],"version-history":[{"count":2,"href":"https:\/\/informelitoral.com.ar\/%77%70%2d%6a%73%6f%6e\/wp\/v2\/posts\/246331\/revisions"}],"predecessor-version":[{"id":246334,"href":"https:\/\/informelitoral.com.ar\/%77%70%2d%6a%73%6f%6e\/wp\/v2\/posts\/246331\/revisions\/246334"}],"wp:featuredmedia":[{"embeddable":true,"href":"https:\/\/informelitoral.com.ar\/%77%70%2d%6a%73%6f%6e\/wp\/v2\/media\/246332"}],"wp:attachment":[{"href":"https:\/\/informelitoral.com.ar\/%77%70%2d%6a%73%6f%6e\/wp\/v2\/media?parent=246331"}],"wp:term":[{"taxonomy":"category","embeddable":true,"href":"https:\/\/informelitoral.com.ar\/%77%70%2d%6a%73%6f%6e\/wp\/v2\/categories?post=246331"},{"taxonomy":"post_tag","embeddable":true,"href":"https:\/\/informelitoral.com.ar\/%77%70%2d%6a%73%6f%6e\/wp\/v2\/tags?post=246331"}],"curies":[{"name":"wp","href":"https:\/\/api.w.org\/{rel}","templated":true}]}}