{"id":246322,"date":"2026-01-12T17:21:44","date_gmt":"2026-01-12T20:21:44","guid":{"rendered":"https:\/\/informelitoral.com.ar\/?p=246322"},"modified":"2026-01-13T08:32:04","modified_gmt":"2026-01-13T11:32:04","slug":"parana-intento-escapar-por-los-techos-tras-ser-denunciado-por-violencia-de-genero","status":"publish","type":"post","link":"https:\/\/informelitoral.com.ar\/parana-intento-escapar-por-los-techos-tras-ser-denunciado-por-violencia-de-genero\/","title":{"rendered":"Paran\u00e1: un joven intent\u00f3 escapar por los techos tras ser denunciado por violencia de g\u00e9nero"},"content":{"rendered":"<p data-path-to-node=\"4\">Durante la noche de este domingo, personal de la <b data-path-to-node=\"4\" data-index-in-node=\"49\">Comisar\u00eda Cuarta<\/b> de Paran\u00e1 encabez\u00f3 un exitoso allanamiento en una vivienda ubicada sobre la <b data-path-to-node=\"4\" data-index-in-node=\"142\">calle Las Heras<\/b>. El operativo se dio en el marco de una causa por <b data-path-to-node=\"4\" data-index-in-node=\"208\">violencia de g\u00e9nero<\/b>, bajo un mandamiento judicial que ordenaba la inmediata detenci\u00f3n y el posterior traslado de un joven de 18 a\u00f1os al Servicio Penitenciario.<\/p>\n<p data-path-to-node=\"6\">Al momento del ingreso de los efectivos al domicilio, el sospechoso intent\u00f3 evadir la justicia emprendiendo una huida por los techos de las viviendas linderas. Sin embargo, el r\u00e1pido despliegue de las fuerzas de seguridad impidi\u00f3 el escape. Los agentes lograron cercar al joven y reducirlo a los pocos metros, garantizando as\u00ed el cumplimiento de la orden judicial.<\/p>\n<p data-path-to-node=\"8\">Debido a la complejidad del terreno y la naturaleza del operativo, la Comisar\u00eda Cuarta cont\u00f3 con el apoyo estrat\u00e9gico de <b data-path-to-node=\"9,0,0\" data-index-in-node=\"0\">Divisi\u00f3n 911, <\/b><b data-path-to-node=\"9,1,0\" data-index-in-node=\"0\">Guardia Especial y <\/b><b data-path-to-node=\"9,2,0\" data-index-in-node=\"0\">Comisar\u00eda Octava.<\/b><\/p>\n<p data-path-to-node=\"10\">Tras su aprehensi\u00f3n, el detenido fue puesto a disposici\u00f3n de las autoridades judiciales pertinentes para ser formalmente alojado en la <b data-path-to-node=\"10\" data-index-in-node=\"135\">Unidad Penal N\u00b01<\/b> de la ciudad, tal como lo indicaba la orden emanada por el magistrado interviniente. <em>(Informe litoral)<\/em><\/p>\n<h6 data-path-to-node=\"10\"><em><strong>Del archivo:\u00a0<a href=\"https:\/\/informelitoral.com.ar\/este-lunes-empezaran-a-vacunar-contra-el-virus-sincicial-respiratorio-en-entre-rios\/\" target=\"_blank\" rel=\"noopener\">Este lunes empezar\u00e1n a vacunar contra el Virus Sincicial Respiratorio en Entre R\u00edos<\/a><\/strong><\/em><\/h6>\n","protected":false},"excerpt":{"rendered":"<p>El procedimiento se realiz\u00f3 en calle Las Heras con el apoyo de diversas divisiones policiales.<\/p>\n","protected":false},"author":8,"featured_media":246324,"comment_status":"open","ping_status":"open","sticky":false,"template":"","format":"standard","meta":{"fifu_image_url":"","fifu_image_alt":"","footnotes":""},"categories":[14],"tags":[307,45,126],"class_list":{"0":"post-246322","1":"post","2":"type-post","3":"status-publish","4":"format-standard","5":"has-post-thumbnail","7":"category-policiales","8":"tag-detenido","9":"tag-parana","10":"tag-violencia-de-genero"},"yoast_head":"<title>Paran\u00e1: un joven intent\u00f3 escapar por los techos tras ser denunciado por violencia de g\u00e9nero - Informe Litoral<\/title>\n<meta name=\"robots\" content=\"index, follow, max-snippet:-1, max-image-preview:large, max-video-preview:-1\" \/>\n<link rel=\"canonical\" href=\"https:\/\/informelitoral.com.ar\/parana-intento-escapar-por-los-techos-tras-ser-denunciado-por-violencia-de-genero\/\" \/>\n<meta property=\"og:locale\" content=\"es_ES\" \/>\n<meta property=\"og:type\" content=\"article\" \/>\n<meta property=\"og:title\" content=\"Paran\u00e1: un joven intent\u00f3 escapar por los techos tras ser denunciado por violencia de g\u00e9nero - Informe Litoral\" \/>\n<meta property=\"og:description\" content=\"El procedimiento se realiz\u00f3 en calle Las Heras con el apoyo de diversas divisiones policiales.\" \/>\n<meta property=\"og:url\" content=\"https:\/\/informelitoral.com.ar\/parana-intento-escapar-por-los-techos-tras-ser-denunciado-por-violencia-de-genero\/\" \/>\n<meta property=\"og:site_name\" content=\"Informe Litoral\" \/>\n<meta property=\"article:publisher\" content=\"https:\/\/www.facebook.com\/informelitoral\/\" \/>\n<meta property=\"article:published_time\" content=\"2026-01-12T20:21:44+00:00\" \/>\n<meta property=\"article:modified_time\" content=\"2026-01-13T11:32:04+00:00\" \/>\n<meta property=\"og:image\" content=\"https:\/\/drive.google.com\/thumbnail?id=1GMxom2y7b--pK80cLra64Cp_5HJ6wJ9C&sz=w2048\" \/>\n\t<meta property=\"og:image:width\" content=\"720\" \/>\n\t<meta property=\"og:image:height\" content=\"777\" \/>\n\t<meta property=\"og:image:type\" content=\"image\/jpeg\" \/>\n<meta name=\"author\" content=\"Sebastian\" \/>\n<meta name=\"twitter:card\" content=\"summary_large_image\" \/>\n<meta name=\"twitter:creator\" content=\"@InformeLitoral\" \/>\n<meta name=\"twitter:site\" content=\"@InformeLitoral\" \/>\n<meta name=\"twitter:label1\" content=\"Escrito por\" \/>\n\t<meta name=\"twitter:data1\" content=\"Sebastian\" \/>\n\t<meta name=\"twitter:label2\" content=\"Tiempo de lectura\" \/>\n\t<meta name=\"twitter:data2\" content=\"2 minutos\" \/>\n<script type=\"application\/ld+json\" class=\"yoast-schema-graph\">{\"@context\":\"https:\\\/\\\/schema.org\",\"@graph\":[{\"@type\":\"Article\",\"@id\":\"https:\\\/\\\/informelitoral.com.ar\\\/parana-intento-escapar-por-los-techos-tras-ser-denunciado-por-violencia-de-genero\\\/#article\",\"isPartOf\":{\"@id\":\"https:\\\/\\\/informelitoral.com.ar\\\/parana-intento-escapar-por-los-techos-tras-ser-denunciado-por-violencia-de-genero\\\/\"},\"author\":{\"name\":\"Sebastian\",\"@id\":\"https:\\\/\\\/informelitoral.com.ar\\\/#\\\/schema\\\/person\\\/f05f9f461677119578717524b127d6d5\"},\"headline\":\"Paran\u00e1: un joven intent\u00f3 escapar por los techos tras ser denunciado por violencia de g\u00e9nero\",\"datePublished\":\"2026-01-12T20:21:44+00:00\",\"dateModified\":\"2026-01-13T11:32:04+00:00\",\"mainEntityOfPage\":{\"@id\":\"https:\\\/\\\/informelitoral.com.ar\\\/parana-intento-escapar-por-los-techos-tras-ser-denunciado-por-violencia-de-genero\\\/\"},\"wordCount\":228,\"commentCount\":0,\"publisher\":{\"@id\":\"https:\\\/\\\/informelitoral.com.ar\\\/#organization\"},\"image\":{\"@id\":\"https:\\\/\\\/informelitoral.com.ar\\\/parana-intento-escapar-por-los-techos-tras-ser-denunciado-por-violencia-de-genero\\\/#primaryimage\"},\"thumbnailUrl\":\"https:\\\/\\\/drive.google.com\\\/thumbnail?id=1GMxom2y7b--pK80cLra64Cp_5HJ6wJ9C&sz=w2048\",\"keywords\":[\"Detenido\",\"Paran\u00e1\",\"Violencia de g\u00e9nero\"],\"articleSection\":[\"Policiales\"],\"inLanguage\":\"es\",\"potentialAction\":[{\"@type\":\"CommentAction\",\"name\":\"Comment\",\"target\":[\"https:\\\/\\\/informelitoral.com.ar\\\/parana-intento-escapar-por-los-techos-tras-ser-denunciado-por-violencia-de-genero\\\/#respond\"]}]},{\"@type\":\"WebPage\",\"@id\":\"https:\\\/\\\/informelitoral.com.ar\\\/parana-intento-escapar-por-los-techos-tras-ser-denunciado-por-violencia-de-genero\\\/\",\"url\":\"https:\\\/\\\/informelitoral.com.ar\\\/parana-intento-escapar-por-los-techos-tras-ser-denunciado-por-violencia-de-genero\\\/\",\"name\":\"Paran\u00e1: un joven intent\u00f3 escapar por los techos tras ser denunciado por violencia de g\u00e9nero - Informe Litoral\",\"isPartOf\":{\"@id\":\"https:\\\/\\\/informelitoral.com.ar\\\/#website\"},\"primaryImageOfPage\":{\"@id\":\"https:\\\/\\\/informelitoral.com.ar\\\/parana-intento-escapar-por-los-techos-tras-ser-denunciado-por-violencia-de-genero\\\/#primaryimage\"},\"image\":{\"@id\":\"https:\\\/\\\/informelitoral.com.ar\\\/parana-intento-escapar-por-los-techos-tras-ser-denunciado-por-violencia-de-genero\\\/#primaryimage\"},\"thumbnailUrl\":\"https:\\\/\\\/drive.google.com\\\/thumbnail?id=1GMxom2y7b--pK80cLra64Cp_5HJ6wJ9C&sz=w2048\",\"datePublished\":\"2026-01-12T20:21:44+00:00\",\"dateModified\":\"2026-01-13T11:32:04+00:00\",\"breadcrumb\":{\"@id\":\"https:\\\/\\\/informelitoral.com.ar\\\/parana-intento-escapar-por-los-techos-tras-ser-denunciado-por-violencia-de-genero\\\/#breadcrumb\"},\"inLanguage\":\"es\",\"potentialAction\":[{\"@type\":\"ReadAction\",\"target\":[\"https:\\\/\\\/informelitoral.com.ar\\\/parana-intento-escapar-por-los-techos-tras-ser-denunciado-por-violencia-de-genero\\\/\"]}]},{\"@type\":\"ImageObject\",\"inLanguage\":\"es\",\"@id\":\"https:\\\/\\\/informelitoral.com.ar\\\/parana-intento-escapar-por-los-techos-tras-ser-denunciado-por-violencia-de-genero\\\/#primaryimage\",\"url\":\"https:\\\/\\\/drive.google.com\\\/thumbnail?id=1GMxom2y7b--pK80cLra64Cp_5HJ6wJ9C&sz=w2048\",\"contentUrl\":\"https:\\\/\\\/drive.google.com\\\/thumbnail?id=1GMxom2y7b--pK80cLra64Cp_5HJ6wJ9C&sz=w2048\",\"width\":720,\"height\":777},{\"@type\":\"BreadcrumbList\",\"@id\":\"https:\\\/\\\/informelitoral.com.ar\\\/parana-intento-escapar-por-los-techos-tras-ser-denunciado-por-violencia-de-genero\\\/#breadcrumb\",\"itemListElement\":[{\"@type\":\"ListItem\",\"position\":1,\"name\":\"Portada\",\"item\":\"https:\\\/\\\/informelitoral.com.ar\\\/\"},{\"@type\":\"ListItem\",\"position\":2,\"name\":\"Paran\u00e1: un joven intent\u00f3 escapar por los techos tras ser denunciado por violencia de g\u00e9nero\"}]},{\"@type\":\"WebSite\",\"@id\":\"https:\\\/\\\/informelitoral.com.ar\\\/#website\",\"url\":\"https:\\\/\\\/informelitoral.com.ar\\\/\",\"name\":\"Informe Litoral\",\"description\":\"&quot;Nos informamos&quot; \",\"publisher\":{\"@id\":\"https:\\\/\\\/informelitoral.com.ar\\\/#organization\"},\"potentialAction\":[{\"@type\":\"SearchAction\",\"target\":{\"@type\":\"EntryPoint\",\"urlTemplate\":\"https:\\\/\\\/informelitoral.com.ar\\\/?s={search_term_string}\"},\"query-input\":{\"@type\":\"PropertyValueSpecification\",\"valueRequired\":true,\"valueName\":\"search_term_string\"}}],\"inLanguage\":\"es\"},{\"@type\":\"Organization\",\"@id\":\"https:\\\/\\\/informelitoral.com.ar\\\/#organization\",\"name\":\"Informe Litoral\",\"url\":\"https:\\\/\\\/informelitoral.com.ar\\\/\",\"logo\":{\"@type\":\"ImageObject\",\"inLanguage\":\"es\",\"@id\":\"https:\\\/\\\/informelitoral.com.ar\\\/#\\\/schema\\\/logo\\\/image\\\/\",\"url\":\"https:\\\/\\\/informelitoral.com.ar\\\/%77%70%2d%63%6f%6e%74%65%6e%74\\\/uploads\\\/2021\\\/01\\\/circulo.png\",\"contentUrl\":\"https:\\\/\\\/informelitoral.com.ar\\\/%77%70%2d%63%6f%6e%74%65%6e%74\\\/uploads\\\/2021\\\/01\\\/circulo.png\",\"width\":723,\"height\":731,\"caption\":\"Informe Litoral\"},\"image\":{\"@id\":\"https:\\\/\\\/informelitoral.com.ar\\\/#\\\/schema\\\/logo\\\/image\\\/\"},\"sameAs\":[\"https:\\\/\\\/www.facebook.com\\\/informelitoral\\\/\",\"https:\\\/\\\/x.com\\\/InformeLitoral\",\"https:\\\/\\\/www.instagram.com\\\/informelitoral\\\/\",\"https:\\\/\\\/www.youtube.com\\\/channel\\\/UCua4Qvz8Icb6MYqhoq9xLXw\"]},{\"@type\":\"Person\",\"@id\":\"https:\\\/\\\/informelitoral.com.ar\\\/#\\\/schema\\\/person\\\/f05f9f461677119578717524b127d6d5\",\"name\":\"Sebastian\",\"image\":{\"@type\":\"ImageObject\",\"inLanguage\":\"es\",\"@id\":\"https:\\\/\\\/secure.gravatar.com\\\/avatar\\\/b71bf7481d447dfb9583c7f2798e7cc64de6efb9067b74633ed8c31059a3bd82?s=96&d=mm&r=g\",\"url\":\"https:\\\/\\\/secure.gravatar.com\\\/avatar\\\/b71bf7481d447dfb9583c7f2798e7cc64de6efb9067b74633ed8c31059a3bd82?s=96&d=mm&r=g\",\"contentUrl\":\"https:\\\/\\\/secure.gravatar.com\\\/avatar\\\/b71bf7481d447dfb9583c7f2798e7cc64de6efb9067b74633ed8c31059a3bd82?s=96&d=mm&r=g\",\"caption\":\"Sebastian\"},\"url\":\"https:\\\/\\\/informelitoral.com.ar\\\/author\\\/sebastian\\\/\"}]}<\/script>","yoast_head_json":{"title":"Paran\u00e1: un joven intent\u00f3 escapar por los techos tras ser denunciado por violencia de g\u00e9nero - Informe Litoral","robots":{"index":"index","follow":"follow","max-snippet":"max-snippet:-1","max-image-preview":"max-image-preview:large","max-video-preview":"max-video-preview:-1"},"canonical":"https:\/\/informelitoral.com.ar\/parana-intento-escapar-por-los-techos-tras-ser-denunciado-por-violencia-de-genero\/","og_locale":"es_ES","og_type":"article","og_title":"Paran\u00e1: un joven intent\u00f3 escapar por los techos tras ser denunciado por violencia de g\u00e9nero - Informe Litoral","og_description":"El procedimiento se realiz\u00f3 en calle Las Heras con el apoyo de diversas divisiones policiales.","og_url":"https:\/\/informelitoral.com.ar\/parana-intento-escapar-por-los-techos-tras-ser-denunciado-por-violencia-de-genero\/","og_site_name":"Informe Litoral","article_publisher":"https:\/\/www.facebook.com\/informelitoral\/","article_published_time":"2026-01-12T20:21:44+00:00","article_modified_time":"2026-01-13T11:32:04+00:00","og_image":[{"width":720,"height":777,"url":"https:\/\/drive.google.com\/thumbnail?id=1GMxom2y7b--pK80cLra64Cp_5HJ6wJ9C&sz=w2048","type":"image\/jpeg"}],"author":"Sebastian","twitter_card":"summary_large_image","twitter_creator":"@InformeLitoral","twitter_site":"@InformeLitoral","twitter_misc":{"Escrito por":"Sebastian","Tiempo de lectura":"2 minutos"},"schema":{"@context":"https:\/\/schema.org","@graph":[{"@type":"Article","@id":"https:\/\/informelitoral.com.ar\/parana-intento-escapar-por-los-techos-tras-ser-denunciado-por-violencia-de-genero\/#article","isPartOf":{"@id":"https:\/\/informelitoral.com.ar\/parana-intento-escapar-por-los-techos-tras-ser-denunciado-por-violencia-de-genero\/"},"author":{"name":"Sebastian","@id":"https:\/\/informelitoral.com.ar\/#\/schema\/person\/f05f9f461677119578717524b127d6d5"},"headline":"Paran\u00e1: un joven intent\u00f3 escapar por los techos tras ser denunciado por violencia de g\u00e9nero","datePublished":"2026-01-12T20:21:44+00:00","dateModified":"2026-01-13T11:32:04+00:00","mainEntityOfPage":{"@id":"https:\/\/informelitoral.com.ar\/parana-intento-escapar-por-los-techos-tras-ser-denunciado-por-violencia-de-genero\/"},"wordCount":228,"commentCount":0,"publisher":{"@id":"https:\/\/informelitoral.com.ar\/#organization"},"image":{"@id":"https:\/\/informelitoral.com.ar\/parana-intento-escapar-por-los-techos-tras-ser-denunciado-por-violencia-de-genero\/#primaryimage"},"thumbnailUrl":"https:\/\/drive.google.com\/thumbnail?id=1GMxom2y7b--pK80cLra64Cp_5HJ6wJ9C&sz=w2048","keywords":["Detenido","Paran\u00e1","Violencia de g\u00e9nero"],"articleSection":["Policiales"],"inLanguage":"es","potentialAction":[{"@type":"CommentAction","name":"Comment","target":["https:\/\/informelitoral.com.ar\/parana-intento-escapar-por-los-techos-tras-ser-denunciado-por-violencia-de-genero\/#respond"]}]},{"@type":"WebPage","@id":"https:\/\/informelitoral.com.ar\/parana-intento-escapar-por-los-techos-tras-ser-denunciado-por-violencia-de-genero\/","url":"https:\/\/informelitoral.com.ar\/parana-intento-escapar-por-los-techos-tras-ser-denunciado-por-violencia-de-genero\/","name":"Paran\u00e1: un joven intent\u00f3 escapar por los techos tras ser denunciado por violencia de g\u00e9nero - Informe Litoral","isPartOf":{"@id":"https:\/\/informelitoral.com.ar\/#website"},"primaryImageOfPage":{"@id":"https:\/\/informelitoral.com.ar\/parana-intento-escapar-por-los-techos-tras-ser-denunciado-por-violencia-de-genero\/#primaryimage"},"image":{"@id":"https:\/\/informelitoral.com.ar\/parana-intento-escapar-por-los-techos-tras-ser-denunciado-por-violencia-de-genero\/#primaryimage"},"thumbnailUrl":"https:\/\/drive.google.com\/thumbnail?id=1GMxom2y7b--pK80cLra64Cp_5HJ6wJ9C&sz=w2048","datePublished":"2026-01-12T20:21:44+00:00","dateModified":"2026-01-13T11:32:04+00:00","breadcrumb":{"@id":"https:\/\/informelitoral.com.ar\/parana-intento-escapar-por-los-techos-tras-ser-denunciado-por-violencia-de-genero\/#breadcrumb"},"inLanguage":"es","potentialAction":[{"@type":"ReadAction","target":["https:\/\/informelitoral.com.ar\/parana-intento-escapar-por-los-techos-tras-ser-denunciado-por-violencia-de-genero\/"]}]},{"@type":"ImageObject","inLanguage":"es","@id":"https:\/\/informelitoral.com.ar\/parana-intento-escapar-por-los-techos-tras-ser-denunciado-por-violencia-de-genero\/#primaryimage","url":"https:\/\/drive.google.com\/thumbnail?id=1GMxom2y7b--pK80cLra64Cp_5HJ6wJ9C&sz=w2048","contentUrl":"https:\/\/drive.google.com\/thumbnail?id=1GMxom2y7b--pK80cLra64Cp_5HJ6wJ9C&sz=w2048","width":720,"height":777},{"@type":"BreadcrumbList","@id":"https:\/\/informelitoral.com.ar\/parana-intento-escapar-por-los-techos-tras-ser-denunciado-por-violencia-de-genero\/#breadcrumb","itemListElement":[{"@type":"ListItem","position":1,"name":"Portada","item":"https:\/\/informelitoral.com.ar\/"},{"@type":"ListItem","position":2,"name":"Paran\u00e1: un joven intent\u00f3 escapar por los techos tras ser denunciado por violencia de g\u00e9nero"}]},{"@type":"WebSite","@id":"https:\/\/informelitoral.com.ar\/#website","url":"https:\/\/informelitoral.com.ar\/","name":"Informe Litoral","description":"&quot;Nos informamos&quot; ","publisher":{"@id":"https:\/\/informelitoral.com.ar\/#organization"},"potentialAction":[{"@type":"SearchAction","target":{"@type":"EntryPoint","urlTemplate":"https:\/\/informelitoral.com.ar\/?s={search_term_string}"},"query-input":{"@type":"PropertyValueSpecification","valueRequired":true,"valueName":"search_term_string"}}],"inLanguage":"es"},{"@type":"Organization","@id":"https:\/\/informelitoral.com.ar\/#organization","name":"Informe Litoral","url":"https:\/\/informelitoral.com.ar\/","logo":{"@type":"ImageObject","inLanguage":"es","@id":"https:\/\/informelitoral.com.ar\/#\/schema\/logo\/image\/","url":"https:\/\/informelitoral.com.ar\/%77%70%2d%63%6f%6e%74%65%6e%74\/uploads\/2021\/01\/circulo.png","contentUrl":"https:\/\/informelitoral.com.ar\/%77%70%2d%63%6f%6e%74%65%6e%74\/uploads\/2021\/01\/circulo.png","width":723,"height":731,"caption":"Informe Litoral"},"image":{"@id":"https:\/\/informelitoral.com.ar\/#\/schema\/logo\/image\/"},"sameAs":["https:\/\/www.facebook.com\/informelitoral\/","https:\/\/x.com\/InformeLitoral","https:\/\/www.instagram.com\/informelitoral\/","https:\/\/www.youtube.com\/channel\/UCua4Qvz8Icb6MYqhoq9xLXw"]},{"@type":"Person","@id":"https:\/\/informelitoral.com.ar\/#\/schema\/person\/f05f9f461677119578717524b127d6d5","name":"Sebastian","image":{"@type":"ImageObject","inLanguage":"es","@id":"https:\/\/secure.gravatar.com\/avatar\/b71bf7481d447dfb9583c7f2798e7cc64de6efb9067b74633ed8c31059a3bd82?s=96&d=mm&r=g","url":"https:\/\/secure.gravatar.com\/avatar\/b71bf7481d447dfb9583c7f2798e7cc64de6efb9067b74633ed8c31059a3bd82?s=96&d=mm&r=g","contentUrl":"https:\/\/secure.gravatar.com\/avatar\/b71bf7481d447dfb9583c7f2798e7cc64de6efb9067b74633ed8c31059a3bd82?s=96&d=mm&r=g","caption":"Sebastian"},"url":"https:\/\/informelitoral.com.ar\/author\/sebastian\/"}]}},"_links":{"self":[{"href":"https:\/\/informelitoral.com.ar\/%77%70%2d%6a%73%6f%6e\/wp\/v2\/posts\/246322","targetHints":{"allow":["GET"]}}],"collection":[{"href":"https:\/\/informelitoral.com.ar\/%77%70%2d%6a%73%6f%6e\/wp\/v2\/posts"}],"about":[{"href":"https:\/\/informelitoral.com.ar\/%77%70%2d%6a%73%6f%6e\/wp\/v2\/types\/post"}],"author":[{"embeddable":true,"href":"https:\/\/informelitoral.com.ar\/%77%70%2d%6a%73%6f%6e\/wp\/v2\/users\/8"}],"replies":[{"embeddable":true,"href":"https:\/\/informelitoral.com.ar\/%77%70%2d%6a%73%6f%6e\/wp\/v2\/comments?post=246322"}],"version-history":[{"count":4,"href":"https:\/\/informelitoral.com.ar\/%77%70%2d%6a%73%6f%6e\/wp\/v2\/posts\/246322\/revisions"}],"predecessor-version":[{"id":246379,"href":"https:\/\/informelitoral.com.ar\/%77%70%2d%6a%73%6f%6e\/wp\/v2\/posts\/246322\/revisions\/246379"}],"wp:featuredmedia":[{"embeddable":true,"href":"https:\/\/informelitoral.com.ar\/%77%70%2d%6a%73%6f%6e\/wp\/v2\/media\/246324"}],"wp:attachment":[{"href":"https:\/\/informelitoral.com.ar\/%77%70%2d%6a%73%6f%6e\/wp\/v2\/media?parent=246322"}],"wp:term":[{"taxonomy":"category","embeddable":true,"href":"https:\/\/informelitoral.com.ar\/%77%70%2d%6a%73%6f%6e\/wp\/v2\/categories?post=246322"},{"taxonomy":"post_tag","embeddable":true,"href":"https:\/\/informelitoral.com.ar\/%77%70%2d%6a%73%6f%6e\/wp\/v2\/tags?post=246322"}],"curies":[{"name":"wp","href":"https:\/\/api.w.org\/{rel}","templated":true}]}}