{"id":246296,"date":"2026-01-12T16:24:28","date_gmt":"2026-01-12T19:24:28","guid":{"rendered":"https:\/\/informelitoral.com.ar\/?p=246296"},"modified":"2026-01-12T17:24:41","modified_gmt":"2026-01-12T20:24:41","slug":"furor-por-la-fiesta-nacional-del-mate-se-agotaron-las-entradas-preferenciales-para-lali-y-los-nocheros","status":"publish","type":"post","link":"https:\/\/informelitoral.com.ar\/furor-por-la-fiesta-nacional-del-mate-se-agotaron-las-entradas-preferenciales-para-lali-y-los-nocheros\/","title":{"rendered":"Furor por la Fiesta Nacional del Mate: se agotaron las entradas preferenciales para Lali"},"content":{"rendered":"<p data-path-to-node=\"3\">El inicio de la preventa de entradas para la <b data-path-to-node=\"3\" data-index-in-node=\"54\">Fiesta Nacional del Mate 2026<\/b> confirm\u00f3 este lunes 12 de enero que la expectativa es total. A partir del mediod\u00eda, el sistema de ventas registr\u00f3 una respuesta inmediata de los fan\u00e1ticos, agotando en pocos minutos las ubicaciones preferenciales para las dos noches principales del evento.<\/p>\n<p data-path-to-node=\"4\">El fen\u00f3meno mayor se dio con la jornada del <b data-path-to-node=\"4\" data-index-in-node=\"73\">s\u00e1bado 7 de febrero<\/b>, noche en la que <b data-path-to-node=\"4\" data-index-in-node=\"110\">Lali Esp\u00f3sito<\/b> ser\u00e1 la figura central. Los tickets para el sector exclusivo se agotaron casi al instante de habilitarse la web. Es importante resaltar que esta instancia correspondi\u00f3 \u00fanicamente al <b data-path-to-node=\"5\" data-index-in-node=\"69\">sector preferencial<\/b>, que ofrece beneficios como cercan\u00eda al escenario, ba\u00f1os exclusivos y servicio de barra. Desde la Municipalidad de Paran\u00e1 llevaron tranquilidad a los vecinos al confirmar que, como es costumbre, el <b data-path-to-node=\"5\" data-index-in-node=\"287\">acceso general al evento en la Plaza de las Colectividades se mantendr\u00e1 libre y gratuito<\/b>.<\/p>\n<p data-path-to-node=\"4\"><img decoding=\"async\" src=\"https:\/\/i0.wp.com\/ahora.com.ar\/%77%70%2d%63%6f%6e%74%65%6e%74\/uploads\/2026\/01\/lali-esposito-parana.jpg?resize=696%2C377&amp;quality=89&amp;ssl=1\" \/><\/p>\n<p data-path-to-node=\"6\">Ante la velocidad con la que desaparecieron los tickets, las redes oficiales de la Fiesta publicaron un mensaje de esperanza para quienes se quedaron afuera: <i data-path-to-node=\"6\" data-index-in-node=\"192\">\u00abLas entradas est\u00e1n agotadas, pero atentos que se viene la venta general\u00bb<\/i>. Esto abre la posibilidad de que se libere una nueva tanda de ubicaciones para aquellos que no pudieron acceder en este primer corte.<\/p>\n<p data-path-to-node=\"7\">La edici\u00f3n 2026, que se desarrollar\u00e1 el primer fin de semana de febrero, promete ser hist\u00f3rica con una programaci\u00f3n que combina diversos g\u00e9neros:<\/p>\n<ul data-path-to-node=\"8\">\n<li>\n<p data-path-to-node=\"8,0,0\"><b data-path-to-node=\"8,0,0\" data-index-in-node=\"0\">Viernes 6:<\/b> Los Nocheros, Raly Barrionuevo, Coti y el Gran Ensamble del Paran\u00e1.<\/p>\n<\/li>\n<li>\n<p data-path-to-node=\"8,1,0\"><b data-path-to-node=\"8,1,0\" data-index-in-node=\"0\">S\u00e1bado 7:<\/b> Lali, Caballeros de la Quema, Rombai y Gauchito Club.<\/p>\n<\/li>\n<li>\n<p data-path-to-node=\"8,2,0\"><b data-path-to-node=\"8,2,0\" data-index-in-node=\"0\">Talento Regional:<\/b> Adem\u00e1s de los artistas consagrados, subir\u00e1n al escenario los ganadores del certamen \u00abPremate\u00bb y m\u00e1s de 100 artistas locales.(<em>Informe Litoral<\/em>)<\/p>\n<\/li>\n<\/ul>\n","protected":false},"excerpt":{"rendered":"<p>En menos de una hora, el p\u00fablico agot\u00f3 los sectores exclusivos para las noche del 7 de febrero, aunque la organizaci\u00f3n confirm\u00f3 que habr\u00e1 una nueva instancia de venta.<\/p>\n","protected":false},"author":8,"featured_media":245491,"comment_status":"open","ping_status":"open","sticky":false,"template":"","format":"standard","meta":{"fifu_image_url":"","fifu_image_alt":"","footnotes":""},"categories":[12],"tags":[5839,45],"class_list":{"0":"post-246296","1":"post","2":"type-post","3":"status-publish","4":"format-standard","5":"has-post-thumbnail","7":"category-espectaculos","8":"tag-lali","9":"tag-parana"},"yoast_head":"<title>Furor por la Fiesta Nacional del Mate: se agotaron las entradas preferenciales para Lali - Informe Litoral<\/title>\n<meta name=\"robots\" content=\"index, follow, max-snippet:-1, max-image-preview:large, max-video-preview:-1\" \/>\n<link rel=\"canonical\" href=\"https:\/\/informelitoral.com.ar\/furor-por-la-fiesta-nacional-del-mate-se-agotaron-las-entradas-preferenciales-para-lali-y-los-nocheros\/\" \/>\n<meta property=\"og:locale\" content=\"es_ES\" \/>\n<meta property=\"og:type\" content=\"article\" \/>\n<meta property=\"og:title\" content=\"Furor por la Fiesta Nacional del Mate: se agotaron las entradas preferenciales para Lali - Informe Litoral\" \/>\n<meta property=\"og:description\" content=\"En menos de una hora, el p\u00fablico agot\u00f3 los sectores exclusivos para las noche del 7 de febrero, aunque la organizaci\u00f3n confirm\u00f3 que habr\u00e1 una nueva instancia de venta.\" \/>\n<meta property=\"og:url\" content=\"https:\/\/informelitoral.com.ar\/furor-por-la-fiesta-nacional-del-mate-se-agotaron-las-entradas-preferenciales-para-lali-y-los-nocheros\/\" \/>\n<meta property=\"og:site_name\" content=\"Informe Litoral\" \/>\n<meta property=\"article:publisher\" content=\"https:\/\/www.facebook.com\/informelitoral\/\" \/>\n<meta property=\"article:published_time\" content=\"2026-01-12T19:24:28+00:00\" \/>\n<meta property=\"article:modified_time\" content=\"2026-01-12T20:24:41+00:00\" \/>\n<meta property=\"og:image\" content=\"https:\/\/drive.google.com\/thumbnail?id=1IGE5F1VV-91Tv9xfNwyCRJeqjIVEALZA&sz=w2048\" \/>\n\t<meta property=\"og:image:width\" content=\"1070\" \/>\n\t<meta property=\"og:image:height\" content=\"800\" \/>\n\t<meta property=\"og:image:type\" content=\"image\/webp\" \/>\n<meta name=\"author\" content=\"Sebastian\" \/>\n<meta name=\"twitter:card\" content=\"summary_large_image\" \/>\n<meta name=\"twitter:creator\" content=\"@InformeLitoral\" \/>\n<meta name=\"twitter:site\" content=\"@InformeLitoral\" \/>\n<meta name=\"twitter:label1\" content=\"Escrito por\" \/>\n\t<meta name=\"twitter:data1\" content=\"Sebastian\" \/>\n\t<meta name=\"twitter:label2\" content=\"Tiempo de lectura\" \/>\n\t<meta name=\"twitter:data2\" content=\"2 minutos\" \/>\n<script type=\"application\/ld+json\" class=\"yoast-schema-graph\">{\"@context\":\"https:\\\/\\\/schema.org\",\"@graph\":[{\"@type\":\"Article\",\"@id\":\"https:\\\/\\\/informelitoral.com.ar\\\/furor-por-la-fiesta-nacional-del-mate-se-agotaron-las-entradas-preferenciales-para-lali-y-los-nocheros\\\/#article\",\"isPartOf\":{\"@id\":\"https:\\\/\\\/informelitoral.com.ar\\\/furor-por-la-fiesta-nacional-del-mate-se-agotaron-las-entradas-preferenciales-para-lali-y-los-nocheros\\\/\"},\"author\":{\"name\":\"Sebastian\",\"@id\":\"https:\\\/\\\/informelitoral.com.ar\\\/#\\\/schema\\\/person\\\/f05f9f461677119578717524b127d6d5\"},\"headline\":\"Furor por la Fiesta Nacional del Mate: se agotaron las entradas preferenciales para Lali\",\"datePublished\":\"2026-01-12T19:24:28+00:00\",\"dateModified\":\"2026-01-12T20:24:41+00:00\",\"mainEntityOfPage\":{\"@id\":\"https:\\\/\\\/informelitoral.com.ar\\\/furor-por-la-fiesta-nacional-del-mate-se-agotaron-las-entradas-preferenciales-para-lali-y-los-nocheros\\\/\"},\"wordCount\":301,\"commentCount\":0,\"publisher\":{\"@id\":\"https:\\\/\\\/informelitoral.com.ar\\\/#organization\"},\"image\":{\"@id\":\"https:\\\/\\\/informelitoral.com.ar\\\/furor-por-la-fiesta-nacional-del-mate-se-agotaron-las-entradas-preferenciales-para-lali-y-los-nocheros\\\/#primaryimage\"},\"thumbnailUrl\":\"https:\\\/\\\/drive.google.com\\\/thumbnail?id=1IGE5F1VV-91Tv9xfNwyCRJeqjIVEALZA&sz=w2048\",\"keywords\":[\"LALI\",\"Paran\u00e1\"],\"articleSection\":[\"Espect\u00e1culos\"],\"inLanguage\":\"es\",\"potentialAction\":[{\"@type\":\"CommentAction\",\"name\":\"Comment\",\"target\":[\"https:\\\/\\\/informelitoral.com.ar\\\/furor-por-la-fiesta-nacional-del-mate-se-agotaron-las-entradas-preferenciales-para-lali-y-los-nocheros\\\/#respond\"]}]},{\"@type\":\"WebPage\",\"@id\":\"https:\\\/\\\/informelitoral.com.ar\\\/furor-por-la-fiesta-nacional-del-mate-se-agotaron-las-entradas-preferenciales-para-lali-y-los-nocheros\\\/\",\"url\":\"https:\\\/\\\/informelitoral.com.ar\\\/furor-por-la-fiesta-nacional-del-mate-se-agotaron-las-entradas-preferenciales-para-lali-y-los-nocheros\\\/\",\"name\":\"Furor por la Fiesta Nacional del Mate: se agotaron las entradas preferenciales para Lali - Informe Litoral\",\"isPartOf\":{\"@id\":\"https:\\\/\\\/informelitoral.com.ar\\\/#website\"},\"primaryImageOfPage\":{\"@id\":\"https:\\\/\\\/informelitoral.com.ar\\\/furor-por-la-fiesta-nacional-del-mate-se-agotaron-las-entradas-preferenciales-para-lali-y-los-nocheros\\\/#primaryimage\"},\"image\":{\"@id\":\"https:\\\/\\\/informelitoral.com.ar\\\/furor-por-la-fiesta-nacional-del-mate-se-agotaron-las-entradas-preferenciales-para-lali-y-los-nocheros\\\/#primaryimage\"},\"thumbnailUrl\":\"https:\\\/\\\/drive.google.com\\\/thumbnail?id=1IGE5F1VV-91Tv9xfNwyCRJeqjIVEALZA&sz=w2048\",\"datePublished\":\"2026-01-12T19:24:28+00:00\",\"dateModified\":\"2026-01-12T20:24:41+00:00\",\"breadcrumb\":{\"@id\":\"https:\\\/\\\/informelitoral.com.ar\\\/furor-por-la-fiesta-nacional-del-mate-se-agotaron-las-entradas-preferenciales-para-lali-y-los-nocheros\\\/#breadcrumb\"},\"inLanguage\":\"es\",\"potentialAction\":[{\"@type\":\"ReadAction\",\"target\":[\"https:\\\/\\\/informelitoral.com.ar\\\/furor-por-la-fiesta-nacional-del-mate-se-agotaron-las-entradas-preferenciales-para-lali-y-los-nocheros\\\/\"]}]},{\"@type\":\"ImageObject\",\"inLanguage\":\"es\",\"@id\":\"https:\\\/\\\/informelitoral.com.ar\\\/furor-por-la-fiesta-nacional-del-mate-se-agotaron-las-entradas-preferenciales-para-lali-y-los-nocheros\\\/#primaryimage\",\"url\":\"https:\\\/\\\/drive.google.com\\\/thumbnail?id=1IGE5F1VV-91Tv9xfNwyCRJeqjIVEALZA&sz=w2048\",\"contentUrl\":\"https:\\\/\\\/drive.google.com\\\/thumbnail?id=1IGE5F1VV-91Tv9xfNwyCRJeqjIVEALZA&sz=w2048\",\"width\":1070,\"height\":800},{\"@type\":\"BreadcrumbList\",\"@id\":\"https:\\\/\\\/informelitoral.com.ar\\\/furor-por-la-fiesta-nacional-del-mate-se-agotaron-las-entradas-preferenciales-para-lali-y-los-nocheros\\\/#breadcrumb\",\"itemListElement\":[{\"@type\":\"ListItem\",\"position\":1,\"name\":\"Portada\",\"item\":\"https:\\\/\\\/informelitoral.com.ar\\\/\"},{\"@type\":\"ListItem\",\"position\":2,\"name\":\"Furor por la Fiesta Nacional del Mate: se agotaron las entradas preferenciales para Lali\"}]},{\"@type\":\"WebSite\",\"@id\":\"https:\\\/\\\/informelitoral.com.ar\\\/#website\",\"url\":\"https:\\\/\\\/informelitoral.com.ar\\\/\",\"name\":\"Informe Litoral\",\"description\":\"&quot;Nos informamos&quot; \",\"publisher\":{\"@id\":\"https:\\\/\\\/informelitoral.com.ar\\\/#organization\"},\"potentialAction\":[{\"@type\":\"SearchAction\",\"target\":{\"@type\":\"EntryPoint\",\"urlTemplate\":\"https:\\\/\\\/informelitoral.com.ar\\\/?s={search_term_string}\"},\"query-input\":{\"@type\":\"PropertyValueSpecification\",\"valueRequired\":true,\"valueName\":\"search_term_string\"}}],\"inLanguage\":\"es\"},{\"@type\":\"Organization\",\"@id\":\"https:\\\/\\\/informelitoral.com.ar\\\/#organization\",\"name\":\"Informe Litoral\",\"url\":\"https:\\\/\\\/informelitoral.com.ar\\\/\",\"logo\":{\"@type\":\"ImageObject\",\"inLanguage\":\"es\",\"@id\":\"https:\\\/\\\/informelitoral.com.ar\\\/#\\\/schema\\\/logo\\\/image\\\/\",\"url\":\"https:\\\/\\\/informelitoral.com.ar\\\/%77%70%2d%63%6f%6e%74%65%6e%74\\\/uploads\\\/2021\\\/01\\\/circulo.png\",\"contentUrl\":\"https:\\\/\\\/informelitoral.com.ar\\\/%77%70%2d%63%6f%6e%74%65%6e%74\\\/uploads\\\/2021\\\/01\\\/circulo.png\",\"width\":723,\"height\":731,\"caption\":\"Informe Litoral\"},\"image\":{\"@id\":\"https:\\\/\\\/informelitoral.com.ar\\\/#\\\/schema\\\/logo\\\/image\\\/\"},\"sameAs\":[\"https:\\\/\\\/www.facebook.com\\\/informelitoral\\\/\",\"https:\\\/\\\/x.com\\\/InformeLitoral\",\"https:\\\/\\\/www.instagram.com\\\/informelitoral\\\/\",\"https:\\\/\\\/www.youtube.com\\\/channel\\\/UCua4Qvz8Icb6MYqhoq9xLXw\"]},{\"@type\":\"Person\",\"@id\":\"https:\\\/\\\/informelitoral.com.ar\\\/#\\\/schema\\\/person\\\/f05f9f461677119578717524b127d6d5\",\"name\":\"Sebastian\",\"image\":{\"@type\":\"ImageObject\",\"inLanguage\":\"es\",\"@id\":\"https:\\\/\\\/secure.gravatar.com\\\/avatar\\\/b71bf7481d447dfb9583c7f2798e7cc64de6efb9067b74633ed8c31059a3bd82?s=96&d=mm&r=g\",\"url\":\"https:\\\/\\\/secure.gravatar.com\\\/avatar\\\/b71bf7481d447dfb9583c7f2798e7cc64de6efb9067b74633ed8c31059a3bd82?s=96&d=mm&r=g\",\"contentUrl\":\"https:\\\/\\\/secure.gravatar.com\\\/avatar\\\/b71bf7481d447dfb9583c7f2798e7cc64de6efb9067b74633ed8c31059a3bd82?s=96&d=mm&r=g\",\"caption\":\"Sebastian\"},\"url\":\"https:\\\/\\\/informelitoral.com.ar\\\/author\\\/sebastian\\\/\"}]}<\/script>","yoast_head_json":{"title":"Furor por la Fiesta Nacional del Mate: se agotaron las entradas preferenciales para Lali - Informe Litoral","robots":{"index":"index","follow":"follow","max-snippet":"max-snippet:-1","max-image-preview":"max-image-preview:large","max-video-preview":"max-video-preview:-1"},"canonical":"https:\/\/informelitoral.com.ar\/furor-por-la-fiesta-nacional-del-mate-se-agotaron-las-entradas-preferenciales-para-lali-y-los-nocheros\/","og_locale":"es_ES","og_type":"article","og_title":"Furor por la Fiesta Nacional del Mate: se agotaron las entradas preferenciales para Lali - Informe Litoral","og_description":"En menos de una hora, el p\u00fablico agot\u00f3 los sectores exclusivos para las noche del 7 de febrero, aunque la organizaci\u00f3n confirm\u00f3 que habr\u00e1 una nueva instancia de venta.","og_url":"https:\/\/informelitoral.com.ar\/furor-por-la-fiesta-nacional-del-mate-se-agotaron-las-entradas-preferenciales-para-lali-y-los-nocheros\/","og_site_name":"Informe Litoral","article_publisher":"https:\/\/www.facebook.com\/informelitoral\/","article_published_time":"2026-01-12T19:24:28+00:00","article_modified_time":"2026-01-12T20:24:41+00:00","og_image":[{"width":1070,"height":800,"url":"https:\/\/drive.google.com\/thumbnail?id=1IGE5F1VV-91Tv9xfNwyCRJeqjIVEALZA&sz=w2048","type":"image\/webp"}],"author":"Sebastian","twitter_card":"summary_large_image","twitter_creator":"@InformeLitoral","twitter_site":"@InformeLitoral","twitter_misc":{"Escrito por":"Sebastian","Tiempo de lectura":"2 minutos"},"schema":{"@context":"https:\/\/schema.org","@graph":[{"@type":"Article","@id":"https:\/\/informelitoral.com.ar\/furor-por-la-fiesta-nacional-del-mate-se-agotaron-las-entradas-preferenciales-para-lali-y-los-nocheros\/#article","isPartOf":{"@id":"https:\/\/informelitoral.com.ar\/furor-por-la-fiesta-nacional-del-mate-se-agotaron-las-entradas-preferenciales-para-lali-y-los-nocheros\/"},"author":{"name":"Sebastian","@id":"https:\/\/informelitoral.com.ar\/#\/schema\/person\/f05f9f461677119578717524b127d6d5"},"headline":"Furor por la Fiesta Nacional del Mate: se agotaron las entradas preferenciales para Lali","datePublished":"2026-01-12T19:24:28+00:00","dateModified":"2026-01-12T20:24:41+00:00","mainEntityOfPage":{"@id":"https:\/\/informelitoral.com.ar\/furor-por-la-fiesta-nacional-del-mate-se-agotaron-las-entradas-preferenciales-para-lali-y-los-nocheros\/"},"wordCount":301,"commentCount":0,"publisher":{"@id":"https:\/\/informelitoral.com.ar\/#organization"},"image":{"@id":"https:\/\/informelitoral.com.ar\/furor-por-la-fiesta-nacional-del-mate-se-agotaron-las-entradas-preferenciales-para-lali-y-los-nocheros\/#primaryimage"},"thumbnailUrl":"https:\/\/drive.google.com\/thumbnail?id=1IGE5F1VV-91Tv9xfNwyCRJeqjIVEALZA&sz=w2048","keywords":["LALI","Paran\u00e1"],"articleSection":["Espect\u00e1culos"],"inLanguage":"es","potentialAction":[{"@type":"CommentAction","name":"Comment","target":["https:\/\/informelitoral.com.ar\/furor-por-la-fiesta-nacional-del-mate-se-agotaron-las-entradas-preferenciales-para-lali-y-los-nocheros\/#respond"]}]},{"@type":"WebPage","@id":"https:\/\/informelitoral.com.ar\/furor-por-la-fiesta-nacional-del-mate-se-agotaron-las-entradas-preferenciales-para-lali-y-los-nocheros\/","url":"https:\/\/informelitoral.com.ar\/furor-por-la-fiesta-nacional-del-mate-se-agotaron-las-entradas-preferenciales-para-lali-y-los-nocheros\/","name":"Furor por la Fiesta Nacional del Mate: se agotaron las entradas preferenciales para Lali - Informe Litoral","isPartOf":{"@id":"https:\/\/informelitoral.com.ar\/#website"},"primaryImageOfPage":{"@id":"https:\/\/informelitoral.com.ar\/furor-por-la-fiesta-nacional-del-mate-se-agotaron-las-entradas-preferenciales-para-lali-y-los-nocheros\/#primaryimage"},"image":{"@id":"https:\/\/informelitoral.com.ar\/furor-por-la-fiesta-nacional-del-mate-se-agotaron-las-entradas-preferenciales-para-lali-y-los-nocheros\/#primaryimage"},"thumbnailUrl":"https:\/\/drive.google.com\/thumbnail?id=1IGE5F1VV-91Tv9xfNwyCRJeqjIVEALZA&sz=w2048","datePublished":"2026-01-12T19:24:28+00:00","dateModified":"2026-01-12T20:24:41+00:00","breadcrumb":{"@id":"https:\/\/informelitoral.com.ar\/furor-por-la-fiesta-nacional-del-mate-se-agotaron-las-entradas-preferenciales-para-lali-y-los-nocheros\/#breadcrumb"},"inLanguage":"es","potentialAction":[{"@type":"ReadAction","target":["https:\/\/informelitoral.com.ar\/furor-por-la-fiesta-nacional-del-mate-se-agotaron-las-entradas-preferenciales-para-lali-y-los-nocheros\/"]}]},{"@type":"ImageObject","inLanguage":"es","@id":"https:\/\/informelitoral.com.ar\/furor-por-la-fiesta-nacional-del-mate-se-agotaron-las-entradas-preferenciales-para-lali-y-los-nocheros\/#primaryimage","url":"https:\/\/drive.google.com\/thumbnail?id=1IGE5F1VV-91Tv9xfNwyCRJeqjIVEALZA&sz=w2048","contentUrl":"https:\/\/drive.google.com\/thumbnail?id=1IGE5F1VV-91Tv9xfNwyCRJeqjIVEALZA&sz=w2048","width":1070,"height":800},{"@type":"BreadcrumbList","@id":"https:\/\/informelitoral.com.ar\/furor-por-la-fiesta-nacional-del-mate-se-agotaron-las-entradas-preferenciales-para-lali-y-los-nocheros\/#breadcrumb","itemListElement":[{"@type":"ListItem","position":1,"name":"Portada","item":"https:\/\/informelitoral.com.ar\/"},{"@type":"ListItem","position":2,"name":"Furor por la Fiesta Nacional del Mate: se agotaron las entradas preferenciales para Lali"}]},{"@type":"WebSite","@id":"https:\/\/informelitoral.com.ar\/#website","url":"https:\/\/informelitoral.com.ar\/","name":"Informe Litoral","description":"&quot;Nos informamos&quot; ","publisher":{"@id":"https:\/\/informelitoral.com.ar\/#organization"},"potentialAction":[{"@type":"SearchAction","target":{"@type":"EntryPoint","urlTemplate":"https:\/\/informelitoral.com.ar\/?s={search_term_string}"},"query-input":{"@type":"PropertyValueSpecification","valueRequired":true,"valueName":"search_term_string"}}],"inLanguage":"es"},{"@type":"Organization","@id":"https:\/\/informelitoral.com.ar\/#organization","name":"Informe Litoral","url":"https:\/\/informelitoral.com.ar\/","logo":{"@type":"ImageObject","inLanguage":"es","@id":"https:\/\/informelitoral.com.ar\/#\/schema\/logo\/image\/","url":"https:\/\/informelitoral.com.ar\/%77%70%2d%63%6f%6e%74%65%6e%74\/uploads\/2021\/01\/circulo.png","contentUrl":"https:\/\/informelitoral.com.ar\/%77%70%2d%63%6f%6e%74%65%6e%74\/uploads\/2021\/01\/circulo.png","width":723,"height":731,"caption":"Informe Litoral"},"image":{"@id":"https:\/\/informelitoral.com.ar\/#\/schema\/logo\/image\/"},"sameAs":["https:\/\/www.facebook.com\/informelitoral\/","https:\/\/x.com\/InformeLitoral","https:\/\/www.instagram.com\/informelitoral\/","https:\/\/www.youtube.com\/channel\/UCua4Qvz8Icb6MYqhoq9xLXw"]},{"@type":"Person","@id":"https:\/\/informelitoral.com.ar\/#\/schema\/person\/f05f9f461677119578717524b127d6d5","name":"Sebastian","image":{"@type":"ImageObject","inLanguage":"es","@id":"https:\/\/secure.gravatar.com\/avatar\/b71bf7481d447dfb9583c7f2798e7cc64de6efb9067b74633ed8c31059a3bd82?s=96&d=mm&r=g","url":"https:\/\/secure.gravatar.com\/avatar\/b71bf7481d447dfb9583c7f2798e7cc64de6efb9067b74633ed8c31059a3bd82?s=96&d=mm&r=g","contentUrl":"https:\/\/secure.gravatar.com\/avatar\/b71bf7481d447dfb9583c7f2798e7cc64de6efb9067b74633ed8c31059a3bd82?s=96&d=mm&r=g","caption":"Sebastian"},"url":"https:\/\/informelitoral.com.ar\/author\/sebastian\/"}]}},"_links":{"self":[{"href":"https:\/\/informelitoral.com.ar\/%77%70%2d%6a%73%6f%6e\/wp\/v2\/posts\/246296","targetHints":{"allow":["GET"]}}],"collection":[{"href":"https:\/\/informelitoral.com.ar\/%77%70%2d%6a%73%6f%6e\/wp\/v2\/posts"}],"about":[{"href":"https:\/\/informelitoral.com.ar\/%77%70%2d%6a%73%6f%6e\/wp\/v2\/types\/post"}],"author":[{"embeddable":true,"href":"https:\/\/informelitoral.com.ar\/%77%70%2d%6a%73%6f%6e\/wp\/v2\/users\/8"}],"replies":[{"embeddable":true,"href":"https:\/\/informelitoral.com.ar\/%77%70%2d%6a%73%6f%6e\/wp\/v2\/comments?post=246296"}],"version-history":[{"count":6,"href":"https:\/\/informelitoral.com.ar\/%77%70%2d%6a%73%6f%6e\/wp\/v2\/posts\/246296\/revisions"}],"predecessor-version":[{"id":246326,"href":"https:\/\/informelitoral.com.ar\/%77%70%2d%6a%73%6f%6e\/wp\/v2\/posts\/246296\/revisions\/246326"}],"wp:featuredmedia":[{"embeddable":true,"href":"https:\/\/informelitoral.com.ar\/%77%70%2d%6a%73%6f%6e\/wp\/v2\/media\/245491"}],"wp:attachment":[{"href":"https:\/\/informelitoral.com.ar\/%77%70%2d%6a%73%6f%6e\/wp\/v2\/media?parent=246296"}],"wp:term":[{"taxonomy":"category","embeddable":true,"href":"https:\/\/informelitoral.com.ar\/%77%70%2d%6a%73%6f%6e\/wp\/v2\/categories?post=246296"},{"taxonomy":"post_tag","embeddable":true,"href":"https:\/\/informelitoral.com.ar\/%77%70%2d%6a%73%6f%6e\/wp\/v2\/tags?post=246296"}],"curies":[{"name":"wp","href":"https:\/\/api.w.org\/{rel}","templated":true}]}}