{"id":246281,"date":"2026-01-12T10:02:11","date_gmt":"2026-01-12T13:02:11","guid":{"rendered":"https:\/\/informelitoral.com.ar\/?p=246281"},"modified":"2026-01-12T10:03:22","modified_gmt":"2026-01-12T13:03:22","slug":"abel-pintos-cerro-una-gran-noche-del-festival-de-diamante","status":"publish","type":"post","link":"https:\/\/informelitoral.com.ar\/abel-pintos-cerro-una-gran-noche-del-festival-de-diamante\/","title":{"rendered":"Abel Pintos cerr\u00f3 una gran noche del Festival de Diamante"},"content":{"rendered":"<p>El p\u00fablico se concentr\u00f3 desde muy temprano y colm\u00f3 cada rinc\u00f3n del predio, ansioso por volver a ver en escena al reconocido artista.<\/p>\n<p>La jornada comenz\u00f3 con la presentaci\u00f3n de la joven de Paran\u00e1, <strong>Bernardita Guti\u00e9rrez<\/strong> que debut\u00f3 en el emblem\u00e1tico escenario, Carlos Santa Mar\u00eda con un repertorio bien folkl\u00f3rico, con chamarritas, chamam\u00e9, chacareras y zambas.<\/p>\n<p>Desde San Jos\u00e9 de Feliciano lleg\u00f3 el <strong>Ballet L\u00e1zaro Blanco,<\/strong> con 30 integrantes desde los 10 a\u00f1os en adelante, interpretando un cuadro norte\u00f1o del grupo de malambo femenino, que estuvo participando en la competencia provincial; y acompa\u00f1ados por bailarines de gato y chacarera.<\/p>\n<p>Seguidamente fue el turno de <strong>Gustavo Reynoso Tr\u00edo<\/strong>, el bandoneonista oriundo de Aranguren se present\u00f3 con temas referentes de la m\u00fasica litorale\u00f1a, especialmente entrerriana.<\/p>\n<p>Un momento especial de la noche se vivi\u00f3 con el regreso de <strong>Los Musiqueros Entrerrianos,<\/strong> que volvieron a subirse al escenario mayor en el marco de su esperado reencuentro como banda. El p\u00fablico celebr\u00f3 cada canci\u00f3n, disfrutando de un espect\u00e1culo cargado de emoci\u00f3n, identidad y amistad.<\/p>\n<p>A continuaci\u00f3n, se present\u00f3 <strong>Milo Marotti<\/strong>, una joven promesa del g\u00e9nero que volvi\u00f3 a Diamante para regalarnos temas del cancionero popular y uno de su autor\u00eda que se estrenar\u00e1 el 15 de enero.<\/p>\n<p>La noche cerr\u00f3 con el regreso de<strong> Abel Pintos<\/strong> a un multitudinario Campo Mart\u00edn Fierro, colmado de emociones<em>.<\/em><\/p>\n<p>A lo largo de su presentaci\u00f3n, el artista recorri\u00f3 sus grandes \u00e9xitos, generando momentos de conexi\u00f3n con el p\u00fablico que no dej\u00f3 de acompa\u00f1arlo y destac\u00f3 no s\u00f3lo la calidad art\u00edstica del espect\u00e1culo, sino tambi\u00e9n el clima de alegr\u00eda que se vivi\u00f3 en todo el predio, siendo una verdadera fiesta.<\/p>\n<p>\u201cMe hace muy feliz estar de regreso con ustedes. Hace muchos a\u00f1os que venimos a ser parte de esta fiesta y a compartirlas con muchos de ustedes. Pasan los a\u00f1os y me sigo sintiendo igual de emocionado, igual de agradecido\u201d, expres\u00f3.<\/p>\n<h2><strong>RESULTADOS JINETEADAS<\/strong><\/h2>\n<p>La jornada del domingo tuvo 77 montas, 41 en bastos y 36 clinas, resultando ganadores:<\/p>\n<p><strong>Bastos<\/strong><\/p>\n<p>1\u00ba &#8211; Ra\u00fal G\u00f3mez de Gualeguay, en \u201cLa Deseada\u201d de Pape.<\/p>\n<p>2\u00ba &#8211; Lito Fern\u00e1ndez de San Pedro, en \u201cLa Niebla\u201d de Perret.<\/p>\n<p>3\u00ba &#8211; Brian G\u00f3mez de Madariaga, en \u201cEl Dulce de Leche\u201d de Mendizabal.<\/p>\n<p>4\u00ba- Silvio Botta de Felicia. Sta Fe, en \u201cLa Argentina\u201d de Retondo.<\/p>\n<p><strong>Clinas<\/strong><\/p>\n<p>1\u00ba &#8211; Joel Dom\u00ednguez de Brandsen, en \u201cLa Garrafita\u201d de Mendizabal.<\/p>\n<p>2\u00ba- \u00a0Nardi Izaguirre de Ibicuy, en \u201cEl Profeta\u201d de Lagger.<\/p>\n<p>3\u00ba &#8211; Cristian Toledo de Lincoln Bs. As., en \u201cEl Cacique\u201d de Sosa.<\/p>\n<p>4\u00ba &#8211; Leiva Agust\u00edn de Villaguay, en \u201cEl Piojo\u201d de\u00a0\u00a0\u00a0\u00a0\u00a0 Oggero.<\/p>\n<h2><strong>Programa lunes 12<\/strong><\/h2>\n<p>En el Escenario estar\u00e1n presentes: L\u00e1zaro Caballero, La Clave Tr\u00edo, Copla Alta, Son3, Ballet Emover\u00e9, Pareja y Ballet del 3\u00b0 Certamen de Danzas de la Comisi\u00f3n Apoyo al Festival; mientras que en el Campo, Lisardo Gieco estar\u00e1n las Tropillas Entabladas y la Jineteadas Categor\u00edas Clinas y Bastos.<\/p>\n<h6><em><strong>Del archivo:\u00a0<a href=\"https:\/\/informelitoral.com.ar\/el-arroz-en-entre-rios-alcanza-las-59-000-hectareas-con-una-condicion-mayoritariamente-positiva\/\" target=\"_blank\" rel=\"noopener\">El arroz en Entre R\u00edos alcanz\u00f3 las 59.000 hect\u00e1reas con una condici\u00f3n mayoritariamente positiva<\/a><\/strong><\/em><\/h6>\n","protected":false},"excerpt":{"rendered":"<p>La Reina de las Jineteadas vivi\u00f3 este domingo una gran jornada que quedar\u00e1 grabada en la memoria. Abel Pintos regres\u00f3 a la ciudad y present\u00f3 un concierto inolvidable que convoc\u00f3 a miles de personas.<\/p>\n","protected":false},"author":2,"featured_media":246282,"comment_status":"open","ping_status":"open","sticky":false,"template":"","format":"standard","meta":{"fifu_image_url":"","fifu_image_alt":"","footnotes":""},"categories":[5,4588],"tags":[2854,34,1087,5432],"class_list":{"0":"post-246281","1":"post","2":"type-post","3":"status-publish","4":"format-standard","5":"has-post-thumbnail","7":"category-zonales","8":"category-diamante","9":"tag-abel-pintos","10":"tag-diamante","11":"tag-festival-de-diamante","12":"tag-festival-de-jineteada-y-folclore-de-diamante"},"yoast_head":"<title>Abel Pintos cerr\u00f3 una gran noche del Festival de Diamante - Informe Litoral<\/title>\n<meta name=\"robots\" content=\"index, follow, max-snippet:-1, max-image-preview:large, max-video-preview:-1\" \/>\n<link rel=\"canonical\" href=\"https:\/\/informelitoral.com.ar\/abel-pintos-cerro-una-gran-noche-del-festival-de-diamante\/\" \/>\n<meta property=\"og:locale\" content=\"es_ES\" \/>\n<meta property=\"og:type\" content=\"article\" \/>\n<meta property=\"og:title\" content=\"Abel Pintos cerr\u00f3 una gran noche del Festival de Diamante - Informe Litoral\" \/>\n<meta property=\"og:description\" content=\"La Reina de las Jineteadas vivi\u00f3 este domingo una gran jornada que quedar\u00e1 grabada en la memoria. Abel Pintos regres\u00f3 a la ciudad y present\u00f3 un concierto inolvidable que convoc\u00f3 a miles de personas.\" \/>\n<meta property=\"og:url\" content=\"https:\/\/informelitoral.com.ar\/abel-pintos-cerro-una-gran-noche-del-festival-de-diamante\/\" \/>\n<meta property=\"og:site_name\" content=\"Informe Litoral\" \/>\n<meta property=\"article:publisher\" content=\"https:\/\/www.facebook.com\/informelitoral\/\" \/>\n<meta property=\"article:published_time\" content=\"2026-01-12T13:02:11+00:00\" \/>\n<meta property=\"article:modified_time\" content=\"2026-01-12T13:03:22+00:00\" \/>\n<meta property=\"og:image\" content=\"https:\/\/drive.google.com\/thumbnail?id=1F5ajRDnybfkMfdnKTq321A5OTPJpQsYW&sz=w2048\" \/>\n\t<meta property=\"og:image:width\" content=\"1600\" \/>\n\t<meta property=\"og:image:height\" content=\"1068\" \/>\n\t<meta property=\"og:image:type\" content=\"image\/jpeg\" \/>\n<meta name=\"author\" content=\"Gonzalo Schmidt\" \/>\n<meta name=\"twitter:card\" content=\"summary_large_image\" \/>\n<meta name=\"twitter:creator\" content=\"@InformeLitoral\" \/>\n<meta name=\"twitter:site\" content=\"@InformeLitoral\" \/>\n<meta name=\"twitter:label1\" content=\"Escrito por\" \/>\n\t<meta name=\"twitter:data1\" content=\"Gonzalo Schmidt\" \/>\n\t<meta name=\"twitter:label2\" content=\"Tiempo de lectura\" \/>\n\t<meta name=\"twitter:data2\" content=\"3 minutos\" \/>\n<script type=\"application\/ld+json\" class=\"yoast-schema-graph\">{\"@context\":\"https:\\\/\\\/schema.org\",\"@graph\":[{\"@type\":\"Article\",\"@id\":\"https:\\\/\\\/informelitoral.com.ar\\\/abel-pintos-cerro-una-gran-noche-del-festival-de-diamante\\\/#article\",\"isPartOf\":{\"@id\":\"https:\\\/\\\/informelitoral.com.ar\\\/abel-pintos-cerro-una-gran-noche-del-festival-de-diamante\\\/\"},\"author\":{\"name\":\"Gonzalo Schmidt\",\"@id\":\"https:\\\/\\\/informelitoral.com.ar\\\/#\\\/schema\\\/person\\\/b9d00407c836482871ef1d57bf8e3180\"},\"headline\":\"Abel Pintos cerr\u00f3 una gran noche del Festival de Diamante\",\"datePublished\":\"2026-01-12T13:02:11+00:00\",\"dateModified\":\"2026-01-12T13:03:22+00:00\",\"mainEntityOfPage\":{\"@id\":\"https:\\\/\\\/informelitoral.com.ar\\\/abel-pintos-cerro-una-gran-noche-del-festival-de-diamante\\\/\"},\"wordCount\":532,\"commentCount\":0,\"publisher\":{\"@id\":\"https:\\\/\\\/informelitoral.com.ar\\\/#organization\"},\"image\":{\"@id\":\"https:\\\/\\\/informelitoral.com.ar\\\/abel-pintos-cerro-una-gran-noche-del-festival-de-diamante\\\/#primaryimage\"},\"thumbnailUrl\":\"https:\\\/\\\/drive.google.com\\\/thumbnail?id=1F5ajRDnybfkMfdnKTq321A5OTPJpQsYW&sz=w2048\",\"keywords\":[\"Abel Pintos\",\"Diamante\",\"Festival de Diamante\",\"Festival de Jineteada y Folclore de Diamante\"],\"articleSection\":[\"Departamento Diamante\",\"Diamante\"],\"inLanguage\":\"es\",\"potentialAction\":[{\"@type\":\"CommentAction\",\"name\":\"Comment\",\"target\":[\"https:\\\/\\\/informelitoral.com.ar\\\/abel-pintos-cerro-una-gran-noche-del-festival-de-diamante\\\/#respond\"]}]},{\"@type\":\"WebPage\",\"@id\":\"https:\\\/\\\/informelitoral.com.ar\\\/abel-pintos-cerro-una-gran-noche-del-festival-de-diamante\\\/\",\"url\":\"https:\\\/\\\/informelitoral.com.ar\\\/abel-pintos-cerro-una-gran-noche-del-festival-de-diamante\\\/\",\"name\":\"Abel Pintos cerr\u00f3 una gran noche del Festival de Diamante - Informe Litoral\",\"isPartOf\":{\"@id\":\"https:\\\/\\\/informelitoral.com.ar\\\/#website\"},\"primaryImageOfPage\":{\"@id\":\"https:\\\/\\\/informelitoral.com.ar\\\/abel-pintos-cerro-una-gran-noche-del-festival-de-diamante\\\/#primaryimage\"},\"image\":{\"@id\":\"https:\\\/\\\/informelitoral.com.ar\\\/abel-pintos-cerro-una-gran-noche-del-festival-de-diamante\\\/#primaryimage\"},\"thumbnailUrl\":\"https:\\\/\\\/drive.google.com\\\/thumbnail?id=1F5ajRDnybfkMfdnKTq321A5OTPJpQsYW&sz=w2048\",\"datePublished\":\"2026-01-12T13:02:11+00:00\",\"dateModified\":\"2026-01-12T13:03:22+00:00\",\"breadcrumb\":{\"@id\":\"https:\\\/\\\/informelitoral.com.ar\\\/abel-pintos-cerro-una-gran-noche-del-festival-de-diamante\\\/#breadcrumb\"},\"inLanguage\":\"es\",\"potentialAction\":[{\"@type\":\"ReadAction\",\"target\":[\"https:\\\/\\\/informelitoral.com.ar\\\/abel-pintos-cerro-una-gran-noche-del-festival-de-diamante\\\/\"]}]},{\"@type\":\"ImageObject\",\"inLanguage\":\"es\",\"@id\":\"https:\\\/\\\/informelitoral.com.ar\\\/abel-pintos-cerro-una-gran-noche-del-festival-de-diamante\\\/#primaryimage\",\"url\":\"https:\\\/\\\/drive.google.com\\\/thumbnail?id=1F5ajRDnybfkMfdnKTq321A5OTPJpQsYW&sz=w2048\",\"contentUrl\":\"https:\\\/\\\/drive.google.com\\\/thumbnail?id=1F5ajRDnybfkMfdnKTq321A5OTPJpQsYW&sz=w2048\",\"width\":1600,\"height\":1068},{\"@type\":\"BreadcrumbList\",\"@id\":\"https:\\\/\\\/informelitoral.com.ar\\\/abel-pintos-cerro-una-gran-noche-del-festival-de-diamante\\\/#breadcrumb\",\"itemListElement\":[{\"@type\":\"ListItem\",\"position\":1,\"name\":\"Portada\",\"item\":\"https:\\\/\\\/informelitoral.com.ar\\\/\"},{\"@type\":\"ListItem\",\"position\":2,\"name\":\"Abel Pintos cerr\u00f3 una gran noche del Festival de Diamante\"}]},{\"@type\":\"WebSite\",\"@id\":\"https:\\\/\\\/informelitoral.com.ar\\\/#website\",\"url\":\"https:\\\/\\\/informelitoral.com.ar\\\/\",\"name\":\"Informe Litoral\",\"description\":\"&quot;Nos informamos&quot; \",\"publisher\":{\"@id\":\"https:\\\/\\\/informelitoral.com.ar\\\/#organization\"},\"potentialAction\":[{\"@type\":\"SearchAction\",\"target\":{\"@type\":\"EntryPoint\",\"urlTemplate\":\"https:\\\/\\\/informelitoral.com.ar\\\/?s={search_term_string}\"},\"query-input\":{\"@type\":\"PropertyValueSpecification\",\"valueRequired\":true,\"valueName\":\"search_term_string\"}}],\"inLanguage\":\"es\"},{\"@type\":\"Organization\",\"@id\":\"https:\\\/\\\/informelitoral.com.ar\\\/#organization\",\"name\":\"Informe Litoral\",\"url\":\"https:\\\/\\\/informelitoral.com.ar\\\/\",\"logo\":{\"@type\":\"ImageObject\",\"inLanguage\":\"es\",\"@id\":\"https:\\\/\\\/informelitoral.com.ar\\\/#\\\/schema\\\/logo\\\/image\\\/\",\"url\":\"https:\\\/\\\/informelitoral.com.ar\\\/%77%70%2d%63%6f%6e%74%65%6e%74\\\/uploads\\\/2021\\\/01\\\/circulo.png\",\"contentUrl\":\"https:\\\/\\\/informelitoral.com.ar\\\/%77%70%2d%63%6f%6e%74%65%6e%74\\\/uploads\\\/2021\\\/01\\\/circulo.png\",\"width\":723,\"height\":731,\"caption\":\"Informe Litoral\"},\"image\":{\"@id\":\"https:\\\/\\\/informelitoral.com.ar\\\/#\\\/schema\\\/logo\\\/image\\\/\"},\"sameAs\":[\"https:\\\/\\\/www.facebook.com\\\/informelitoral\\\/\",\"https:\\\/\\\/x.com\\\/InformeLitoral\",\"https:\\\/\\\/www.instagram.com\\\/informelitoral\\\/\",\"https:\\\/\\\/www.youtube.com\\\/channel\\\/UCua4Qvz8Icb6MYqhoq9xLXw\"]},{\"@type\":\"Person\",\"@id\":\"https:\\\/\\\/informelitoral.com.ar\\\/#\\\/schema\\\/person\\\/b9d00407c836482871ef1d57bf8e3180\",\"name\":\"Gonzalo Schmidt\",\"image\":{\"@type\":\"ImageObject\",\"inLanguage\":\"es\",\"@id\":\"https:\\\/\\\/secure.gravatar.com\\\/avatar\\\/31a1a7b66ff2de83bd0e9fd79d026630d2d99e55e8bfe501287647b4fd9743de?s=96&d=mm&r=g\",\"url\":\"https:\\\/\\\/secure.gravatar.com\\\/avatar\\\/31a1a7b66ff2de83bd0e9fd79d026630d2d99e55e8bfe501287647b4fd9743de?s=96&d=mm&r=g\",\"contentUrl\":\"https:\\\/\\\/secure.gravatar.com\\\/avatar\\\/31a1a7b66ff2de83bd0e9fd79d026630d2d99e55e8bfe501287647b4fd9743de?s=96&d=mm&r=g\",\"caption\":\"Gonzalo Schmidt\"},\"description\":\"Sitio web de noticias de la provincia de Entre R\u00edos, Argentina. Informaci\u00f3n y entretenimiento. Informe Litoral, nos informamos.\",\"sameAs\":[\"http:\\\/\\\/www.isletasnoticias.com.ar\"],\"url\":\"https:\\\/\\\/informelitoral.com.ar\\\/author\\\/gonzalo\\\/\"}]}<\/script>","yoast_head_json":{"title":"Abel Pintos cerr\u00f3 una gran noche del Festival de Diamante - Informe Litoral","robots":{"index":"index","follow":"follow","max-snippet":"max-snippet:-1","max-image-preview":"max-image-preview:large","max-video-preview":"max-video-preview:-1"},"canonical":"https:\/\/informelitoral.com.ar\/abel-pintos-cerro-una-gran-noche-del-festival-de-diamante\/","og_locale":"es_ES","og_type":"article","og_title":"Abel Pintos cerr\u00f3 una gran noche del Festival de Diamante - Informe Litoral","og_description":"La Reina de las Jineteadas vivi\u00f3 este domingo una gran jornada que quedar\u00e1 grabada en la memoria. Abel Pintos regres\u00f3 a la ciudad y present\u00f3 un concierto inolvidable que convoc\u00f3 a miles de personas.","og_url":"https:\/\/informelitoral.com.ar\/abel-pintos-cerro-una-gran-noche-del-festival-de-diamante\/","og_site_name":"Informe Litoral","article_publisher":"https:\/\/www.facebook.com\/informelitoral\/","article_published_time":"2026-01-12T13:02:11+00:00","article_modified_time":"2026-01-12T13:03:22+00:00","og_image":[{"width":1600,"height":1068,"url":"https:\/\/drive.google.com\/thumbnail?id=1F5ajRDnybfkMfdnKTq321A5OTPJpQsYW&sz=w2048","type":"image\/jpeg"}],"author":"Gonzalo Schmidt","twitter_card":"summary_large_image","twitter_creator":"@InformeLitoral","twitter_site":"@InformeLitoral","twitter_misc":{"Escrito por":"Gonzalo Schmidt","Tiempo de lectura":"3 minutos"},"schema":{"@context":"https:\/\/schema.org","@graph":[{"@type":"Article","@id":"https:\/\/informelitoral.com.ar\/abel-pintos-cerro-una-gran-noche-del-festival-de-diamante\/#article","isPartOf":{"@id":"https:\/\/informelitoral.com.ar\/abel-pintos-cerro-una-gran-noche-del-festival-de-diamante\/"},"author":{"name":"Gonzalo Schmidt","@id":"https:\/\/informelitoral.com.ar\/#\/schema\/person\/b9d00407c836482871ef1d57bf8e3180"},"headline":"Abel Pintos cerr\u00f3 una gran noche del Festival de Diamante","datePublished":"2026-01-12T13:02:11+00:00","dateModified":"2026-01-12T13:03:22+00:00","mainEntityOfPage":{"@id":"https:\/\/informelitoral.com.ar\/abel-pintos-cerro-una-gran-noche-del-festival-de-diamante\/"},"wordCount":532,"commentCount":0,"publisher":{"@id":"https:\/\/informelitoral.com.ar\/#organization"},"image":{"@id":"https:\/\/informelitoral.com.ar\/abel-pintos-cerro-una-gran-noche-del-festival-de-diamante\/#primaryimage"},"thumbnailUrl":"https:\/\/drive.google.com\/thumbnail?id=1F5ajRDnybfkMfdnKTq321A5OTPJpQsYW&sz=w2048","keywords":["Abel Pintos","Diamante","Festival de Diamante","Festival de Jineteada y Folclore de Diamante"],"articleSection":["Departamento Diamante","Diamante"],"inLanguage":"es","potentialAction":[{"@type":"CommentAction","name":"Comment","target":["https:\/\/informelitoral.com.ar\/abel-pintos-cerro-una-gran-noche-del-festival-de-diamante\/#respond"]}]},{"@type":"WebPage","@id":"https:\/\/informelitoral.com.ar\/abel-pintos-cerro-una-gran-noche-del-festival-de-diamante\/","url":"https:\/\/informelitoral.com.ar\/abel-pintos-cerro-una-gran-noche-del-festival-de-diamante\/","name":"Abel Pintos cerr\u00f3 una gran noche del Festival de Diamante - Informe Litoral","isPartOf":{"@id":"https:\/\/informelitoral.com.ar\/#website"},"primaryImageOfPage":{"@id":"https:\/\/informelitoral.com.ar\/abel-pintos-cerro-una-gran-noche-del-festival-de-diamante\/#primaryimage"},"image":{"@id":"https:\/\/informelitoral.com.ar\/abel-pintos-cerro-una-gran-noche-del-festival-de-diamante\/#primaryimage"},"thumbnailUrl":"https:\/\/drive.google.com\/thumbnail?id=1F5ajRDnybfkMfdnKTq321A5OTPJpQsYW&sz=w2048","datePublished":"2026-01-12T13:02:11+00:00","dateModified":"2026-01-12T13:03:22+00:00","breadcrumb":{"@id":"https:\/\/informelitoral.com.ar\/abel-pintos-cerro-una-gran-noche-del-festival-de-diamante\/#breadcrumb"},"inLanguage":"es","potentialAction":[{"@type":"ReadAction","target":["https:\/\/informelitoral.com.ar\/abel-pintos-cerro-una-gran-noche-del-festival-de-diamante\/"]}]},{"@type":"ImageObject","inLanguage":"es","@id":"https:\/\/informelitoral.com.ar\/abel-pintos-cerro-una-gran-noche-del-festival-de-diamante\/#primaryimage","url":"https:\/\/drive.google.com\/thumbnail?id=1F5ajRDnybfkMfdnKTq321A5OTPJpQsYW&sz=w2048","contentUrl":"https:\/\/drive.google.com\/thumbnail?id=1F5ajRDnybfkMfdnKTq321A5OTPJpQsYW&sz=w2048","width":1600,"height":1068},{"@type":"BreadcrumbList","@id":"https:\/\/informelitoral.com.ar\/abel-pintos-cerro-una-gran-noche-del-festival-de-diamante\/#breadcrumb","itemListElement":[{"@type":"ListItem","position":1,"name":"Portada","item":"https:\/\/informelitoral.com.ar\/"},{"@type":"ListItem","position":2,"name":"Abel Pintos cerr\u00f3 una gran noche del Festival de Diamante"}]},{"@type":"WebSite","@id":"https:\/\/informelitoral.com.ar\/#website","url":"https:\/\/informelitoral.com.ar\/","name":"Informe Litoral","description":"&quot;Nos informamos&quot; ","publisher":{"@id":"https:\/\/informelitoral.com.ar\/#organization"},"potentialAction":[{"@type":"SearchAction","target":{"@type":"EntryPoint","urlTemplate":"https:\/\/informelitoral.com.ar\/?s={search_term_string}"},"query-input":{"@type":"PropertyValueSpecification","valueRequired":true,"valueName":"search_term_string"}}],"inLanguage":"es"},{"@type":"Organization","@id":"https:\/\/informelitoral.com.ar\/#organization","name":"Informe Litoral","url":"https:\/\/informelitoral.com.ar\/","logo":{"@type":"ImageObject","inLanguage":"es","@id":"https:\/\/informelitoral.com.ar\/#\/schema\/logo\/image\/","url":"https:\/\/informelitoral.com.ar\/%77%70%2d%63%6f%6e%74%65%6e%74\/uploads\/2021\/01\/circulo.png","contentUrl":"https:\/\/informelitoral.com.ar\/%77%70%2d%63%6f%6e%74%65%6e%74\/uploads\/2021\/01\/circulo.png","width":723,"height":731,"caption":"Informe Litoral"},"image":{"@id":"https:\/\/informelitoral.com.ar\/#\/schema\/logo\/image\/"},"sameAs":["https:\/\/www.facebook.com\/informelitoral\/","https:\/\/x.com\/InformeLitoral","https:\/\/www.instagram.com\/informelitoral\/","https:\/\/www.youtube.com\/channel\/UCua4Qvz8Icb6MYqhoq9xLXw"]},{"@type":"Person","@id":"https:\/\/informelitoral.com.ar\/#\/schema\/person\/b9d00407c836482871ef1d57bf8e3180","name":"Gonzalo Schmidt","image":{"@type":"ImageObject","inLanguage":"es","@id":"https:\/\/secure.gravatar.com\/avatar\/31a1a7b66ff2de83bd0e9fd79d026630d2d99e55e8bfe501287647b4fd9743de?s=96&d=mm&r=g","url":"https:\/\/secure.gravatar.com\/avatar\/31a1a7b66ff2de83bd0e9fd79d026630d2d99e55e8bfe501287647b4fd9743de?s=96&d=mm&r=g","contentUrl":"https:\/\/secure.gravatar.com\/avatar\/31a1a7b66ff2de83bd0e9fd79d026630d2d99e55e8bfe501287647b4fd9743de?s=96&d=mm&r=g","caption":"Gonzalo Schmidt"},"description":"Sitio web de noticias de la provincia de Entre R\u00edos, Argentina. Informaci\u00f3n y entretenimiento. Informe Litoral, nos informamos.","sameAs":["http:\/\/www.isletasnoticias.com.ar"],"url":"https:\/\/informelitoral.com.ar\/author\/gonzalo\/"}]}},"_links":{"self":[{"href":"https:\/\/informelitoral.com.ar\/%77%70%2d%6a%73%6f%6e\/wp\/v2\/posts\/246281","targetHints":{"allow":["GET"]}}],"collection":[{"href":"https:\/\/informelitoral.com.ar\/%77%70%2d%6a%73%6f%6e\/wp\/v2\/posts"}],"about":[{"href":"https:\/\/informelitoral.com.ar\/%77%70%2d%6a%73%6f%6e\/wp\/v2\/types\/post"}],"author":[{"embeddable":true,"href":"https:\/\/informelitoral.com.ar\/%77%70%2d%6a%73%6f%6e\/wp\/v2\/users\/2"}],"replies":[{"embeddable":true,"href":"https:\/\/informelitoral.com.ar\/%77%70%2d%6a%73%6f%6e\/wp\/v2\/comments?post=246281"}],"version-history":[{"count":2,"href":"https:\/\/informelitoral.com.ar\/%77%70%2d%6a%73%6f%6e\/wp\/v2\/posts\/246281\/revisions"}],"predecessor-version":[{"id":246284,"href":"https:\/\/informelitoral.com.ar\/%77%70%2d%6a%73%6f%6e\/wp\/v2\/posts\/246281\/revisions\/246284"}],"wp:featuredmedia":[{"embeddable":true,"href":"https:\/\/informelitoral.com.ar\/%77%70%2d%6a%73%6f%6e\/wp\/v2\/media\/246282"}],"wp:attachment":[{"href":"https:\/\/informelitoral.com.ar\/%77%70%2d%6a%73%6f%6e\/wp\/v2\/media?parent=246281"}],"wp:term":[{"taxonomy":"category","embeddable":true,"href":"https:\/\/informelitoral.com.ar\/%77%70%2d%6a%73%6f%6e\/wp\/v2\/categories?post=246281"},{"taxonomy":"post_tag","embeddable":true,"href":"https:\/\/informelitoral.com.ar\/%77%70%2d%6a%73%6f%6e\/wp\/v2\/tags?post=246281"}],"curies":[{"name":"wp","href":"https:\/\/api.w.org\/{rel}","templated":true}]}}