{"id":246260,"date":"2026-01-12T08:45:31","date_gmt":"2026-01-12T11:45:31","guid":{"rendered":"https:\/\/informelitoral.com.ar\/?p=246260"},"modified":"2026-01-12T08:45:31","modified_gmt":"2026-01-12T11:45:31","slug":"parque-berduc-naturaleza-y-tranquilidad-cerca-de-parana","status":"publish","type":"post","link":"https:\/\/informelitoral.com.ar\/parque-berduc-naturaleza-y-tranquilidad-cerca-de-parana\/","title":{"rendered":"Parque Berduc: naturaleza y tranquilidad cerca de Paran\u00e1"},"content":{"rendered":"<p>El ingreso es de uso p\u00fablico y se realiza \u00fanicamente en los sectores habilitados y en los horarios establecidos, bajo la supervisi\u00f3n del personal y guardavidas. El acceso es por orden de llegada y hasta completar la capacidad de carga de cada \u00e1rea. Durante los fines de semana y feriados se disponen servicios adicionales como proveedur\u00eda, actividades de ecoturismo y personal de atenci\u00f3n al visitante, mientras que de lunes a viernes el acceso se realiza sin estos servicios. El parque abre a las 8 y cierra a las 20, permaneciendo el port\u00f3n cerrado fuera de ese horario, salvo para acampantes o situaciones de emergencia. La playa est\u00e1 habilitada como balneario de viernes a domingos y feriados, de 13 a 19.<\/p>\n<p><a href=\"https:\/\/drive.google.com\/thumbnail?id=1RIekyFzWQhuCqYDmKpDpfoo6Ms5M0kk2&amp;sz=w2048\"><img loading=\"lazy\" decoding=\"async\" class=\"aligncenter wp-image-246262 size-full\" src=\"https:\/\/drive.google.com\/thumbnail?id=1RIekyFzWQhuCqYDmKpDpfoo6Ms5M0kk2&amp;sz=w2048\" alt=\"\" width=\"1440\" height=\"1267\" \/><\/a>El acampe est\u00e1 permitido \u00fanicamente con registro previo y dentro del sector habilitado, que es de car\u00e1cter agreste y no cuenta con tomacorrientes ni agua caliente. No se cobra adicional por carpa o motorhome, aunque s\u00ed se debe abonar la estad\u00eda diaria correspondiente a los valores vigentes para s\u00e1bados, domingos y feriados, sin bonificaciones. El registro es obligatorio para acampar y no se realizan reservas para uso diurno.<\/p>\n<p>En cuanto a los derechos de acceso, el valor diario para fines de semana y feriados es de 2.500 pesos por persona y el mismo monto por veh\u00edculo, con pago \u00fanicamente en efectivo. Los menores de 12 a\u00f1os no abonan para uso diurno y existen bonificaciones para vecinos de La Picada y Sauce Montrull.<\/p>\n<p><a href=\"https:\/\/drive.google.com\/thumbnail?id=1LO2ZZ_Ce7Ox9ZtAGnDAWjZ8bybjeqOPH&amp;sz=w2048\"><img loading=\"lazy\" decoding=\"async\" class=\"aligncenter wp-image-246263 size-full\" src=\"https:\/\/drive.google.com\/thumbnail?id=1LO2ZZ_Ce7Ox9ZtAGnDAWjZ8bybjeqOPH&amp;sz=w2048\" alt=\"\" width=\"1440\" height=\"1267\" \/><\/a>\u00abEl Parque Escolar Rural Enrique Berduc es el \u00e1rea natural protegida m\u00e1s antigua de la provincia de Entre R\u00edos y una de las m\u00e1s antiguas del pa\u00eds. Es una entidad que depende del Consejo General de Educaci\u00f3n y cumple un rol educativo fundamental\u00bb, destac\u00f3 el director del parque, Alfredo Berduc. En ese sentido, remarc\u00f3 que \u00abdurante el a\u00f1o recibimos a much\u00edsimos grupos escolares e invitamos especialmente a los docentes a que, en \u00e9poca de clases, nos visiten y aprovechen los recorridos guiados\u00bb.<\/p>\n<p>Adem\u00e1s, se\u00f1al\u00f3 que \u00aben la temporada estival, adem\u00e1s de la playa y el camping, invitamos a la poblaci\u00f3n a descubrir otras actividades que se pueden realizar, como la observaci\u00f3n de aves, el reconocimiento de flora y fauna y los recorridos por el arroyo\u00bb. En relaci\u00f3n con las actividades n\u00e1uticas, Berduc subray\u00f3 que \u00abpara disfrutar del parque en bote particular, kayak, piragua o tabla de SUP es obligatorio ingresar con los elementos de seguridad, especialmente el chaleco salvavidas para todos\u00bb. Finalmente, adelant\u00f3 que \u00abse realizan recorridos nocturnos, caminatas organizadas y m\u00faltiples propuestas que permiten disfrutar de la naturaleza del parque durante todo el a\u00f1o\u00bb.<\/p>\n<p>El parque cuenta con senderos de baja intensidad, estacionamiento, sanitarios abiertos las 24 horas, asadores, proveedur\u00eda, playa habilitada con guardavidas los fines de semana y paseos guiados en kayak con inscripci\u00f3n previa. Asimismo, rigen normas estrictas de convivencia y preservaci\u00f3n ambiental, entre ellas la prohibici\u00f3n de mascotas, m\u00fasica, caza, pesca, fuego en lugares no autorizados y el respeto de los horarios de silencio nocturno.<\/p>\n<p>Desde la administraci\u00f3n del Pereb se recuerda que, al tratarse de un \u00e1rea natural protegida por la Ley Provincial N.\u00ba 10.479, es fundamental respetar la capacidad de carga y las indicaciones de los guardaparques. En caso de lluvias el d\u00eda previo o el mismo d\u00eda de la visita, el parque permanecer\u00e1 cerrado por razones de seguridad.<\/p>\n<p><a href=\"https:\/\/drive.google.com\/thumbnail?id=1zAAYIOdlrW0swOanso1N1e5fUpf60m9E&amp;sz=w2048\"><img loading=\"lazy\" decoding=\"async\" class=\"aligncenter wp-image-246261 size-full\" src=\"https:\/\/drive.google.com\/thumbnail?id=1zAAYIOdlrW0swOanso1N1e5fUpf60m9E&amp;sz=w2048\" alt=\"\" width=\"1440\" height=\"1267\" \/><\/a>Por consultas comunicarse con el t\u00e9lefono del Parque 3434 71-1413; para registrarse para acampar, conocer c\u00f3mo llegar, horarios de transporte y acceder a m\u00e1s informaci\u00f3n sobre los servicios, se puede ingresar a <strong><a href=\"https:\/\/linktr.ee\/anp.pereb\">https:\/\/linktr.ee\/anp.pereb<\/a><\/strong><br \/>\nLas novedades del parque tambi\u00e9n se difunden a trav\u00e9s de las redes sociales oficiales en Facebook e Instagram, bajo el usuario @anp.pereb.<\/p>\n<h6><em><strong>Del archivo:\u00a0<a href=\"https:\/\/informelitoral.com.ar\/santa-elena-palpita-su-carnaval-y-ya-comenzo-la-venta-de-entradas\/\" target=\"_blank\" rel=\"noopener\">Santa Elena palpita su carnaval y ya comenz\u00f3 la venta de entradas<\/a><\/strong><\/em><\/h6>\n","protected":false},"excerpt":{"rendered":"<p>El Parque Escolar Rural Enrique Berduc (Pereb), \u00e1rea natural protegida dependiente del Consejo General de Educaci\u00f3n (CGE), permanece abierto al p\u00fablico y ofrece diversas propuestas recreativas, educativas y de contacto con la naturaleza, en el marco de un esquema de uso responsable y cuidado ambiental.<\/p>\n","protected":false},"author":2,"featured_media":246264,"comment_status":"open","ping_status":"open","sticky":false,"template":"","format":"standard","meta":{"fifu_image_url":"","fifu_image_alt":"","footnotes":""},"categories":[6,1441],"tags":[1829,3876,81,974,6058,104],"class_list":{"0":"post-246260","1":"post","2":"type-post","3":"status-publish","4":"format-standard","5":"has-post-thumbnail","7":"category-entre-rios","8":"category-naturaleza","9":"tag-area-natural-protegida","10":"tag-ecoturismo","11":"tag-entre-rios","12":"tag-naturaleza","13":"tag-parque-berduc","14":"tag-turismo"},"yoast_head":"<title>Parque Berduc: naturaleza y tranquilidad cerca de Paran\u00e1 - Informe Litoral<\/title>\n<meta name=\"robots\" content=\"index, follow, max-snippet:-1, max-image-preview:large, max-video-preview:-1\" \/>\n<link rel=\"canonical\" href=\"https:\/\/informelitoral.com.ar\/parque-berduc-naturaleza-y-tranquilidad-cerca-de-parana\/\" \/>\n<meta property=\"og:locale\" content=\"es_ES\" \/>\n<meta property=\"og:type\" content=\"article\" \/>\n<meta property=\"og:title\" content=\"Parque Berduc: naturaleza y tranquilidad cerca de Paran\u00e1 - Informe Litoral\" \/>\n<meta property=\"og:description\" content=\"El Parque Escolar Rural Enrique Berduc (Pereb), \u00e1rea natural protegida dependiente del Consejo General de Educaci\u00f3n (CGE), permanece abierto al p\u00fablico y ofrece diversas propuestas recreativas, educativas y de contacto con la naturaleza, en el marco de un esquema de uso responsable y cuidado ambiental.\" \/>\n<meta property=\"og:url\" content=\"https:\/\/informelitoral.com.ar\/parque-berduc-naturaleza-y-tranquilidad-cerca-de-parana\/\" \/>\n<meta property=\"og:site_name\" content=\"Informe Litoral\" \/>\n<meta property=\"article:publisher\" content=\"https:\/\/www.facebook.com\/informelitoral\/\" \/>\n<meta property=\"article:published_time\" content=\"2026-01-12T11:45:31+00:00\" \/>\n<meta property=\"og:image\" content=\"https:\/\/drive.google.com\/thumbnail?id=1HH_6d_PPrn60OQhZDwb21S8Yvbu3RWdN&sz=w2048\" \/>\n\t<meta property=\"og:image:width\" content=\"1440\" \/>\n\t<meta property=\"og:image:height\" content=\"1267\" \/>\n\t<meta property=\"og:image:type\" content=\"image\/jpeg\" \/>\n<meta name=\"author\" content=\"Gonzalo Schmidt\" \/>\n<meta name=\"twitter:card\" content=\"summary_large_image\" \/>\n<meta name=\"twitter:creator\" content=\"@InformeLitoral\" \/>\n<meta name=\"twitter:site\" content=\"@InformeLitoral\" \/>\n<meta name=\"twitter:label1\" content=\"Escrito por\" \/>\n\t<meta name=\"twitter:data1\" content=\"Gonzalo Schmidt\" \/>\n\t<meta name=\"twitter:label2\" content=\"Tiempo de lectura\" \/>\n\t<meta name=\"twitter:data2\" content=\"4 minutos\" \/>\n<script type=\"application\/ld+json\" class=\"yoast-schema-graph\">{\"@context\":\"https:\\\/\\\/schema.org\",\"@graph\":[{\"@type\":\"Article\",\"@id\":\"https:\\\/\\\/informelitoral.com.ar\\\/parque-berduc-naturaleza-y-tranquilidad-cerca-de-parana\\\/#article\",\"isPartOf\":{\"@id\":\"https:\\\/\\\/informelitoral.com.ar\\\/parque-berduc-naturaleza-y-tranquilidad-cerca-de-parana\\\/\"},\"author\":{\"name\":\"Gonzalo Schmidt\",\"@id\":\"https:\\\/\\\/informelitoral.com.ar\\\/#\\\/schema\\\/person\\\/b9d00407c836482871ef1d57bf8e3180\"},\"headline\":\"Parque Berduc: naturaleza y tranquilidad cerca de Paran\u00e1\",\"datePublished\":\"2026-01-12T11:45:31+00:00\",\"mainEntityOfPage\":{\"@id\":\"https:\\\/\\\/informelitoral.com.ar\\\/parque-berduc-naturaleza-y-tranquilidad-cerca-de-parana\\\/\"},\"wordCount\":660,\"commentCount\":0,\"publisher\":{\"@id\":\"https:\\\/\\\/informelitoral.com.ar\\\/#organization\"},\"image\":{\"@id\":\"https:\\\/\\\/informelitoral.com.ar\\\/parque-berduc-naturaleza-y-tranquilidad-cerca-de-parana\\\/#primaryimage\"},\"thumbnailUrl\":\"https:\\\/\\\/drive.google.com\\\/thumbnail?id=1HH_6d_PPrn60OQhZDwb21S8Yvbu3RWdN&sz=w2048\",\"keywords\":[\"\u00c1rea natural protegida\",\"Ecoturismo\",\"Entre R\u00edos\",\"Naturaleza\",\"Parque Berduc\",\"Turismo\"],\"articleSection\":[\"Entre R\u00edos\",\"Naturaleza\"],\"inLanguage\":\"es\",\"potentialAction\":[{\"@type\":\"CommentAction\",\"name\":\"Comment\",\"target\":[\"https:\\\/\\\/informelitoral.com.ar\\\/parque-berduc-naturaleza-y-tranquilidad-cerca-de-parana\\\/#respond\"]}]},{\"@type\":\"WebPage\",\"@id\":\"https:\\\/\\\/informelitoral.com.ar\\\/parque-berduc-naturaleza-y-tranquilidad-cerca-de-parana\\\/\",\"url\":\"https:\\\/\\\/informelitoral.com.ar\\\/parque-berduc-naturaleza-y-tranquilidad-cerca-de-parana\\\/\",\"name\":\"Parque Berduc: naturaleza y tranquilidad cerca de Paran\u00e1 - Informe Litoral\",\"isPartOf\":{\"@id\":\"https:\\\/\\\/informelitoral.com.ar\\\/#website\"},\"primaryImageOfPage\":{\"@id\":\"https:\\\/\\\/informelitoral.com.ar\\\/parque-berduc-naturaleza-y-tranquilidad-cerca-de-parana\\\/#primaryimage\"},\"image\":{\"@id\":\"https:\\\/\\\/informelitoral.com.ar\\\/parque-berduc-naturaleza-y-tranquilidad-cerca-de-parana\\\/#primaryimage\"},\"thumbnailUrl\":\"https:\\\/\\\/drive.google.com\\\/thumbnail?id=1HH_6d_PPrn60OQhZDwb21S8Yvbu3RWdN&sz=w2048\",\"datePublished\":\"2026-01-12T11:45:31+00:00\",\"breadcrumb\":{\"@id\":\"https:\\\/\\\/informelitoral.com.ar\\\/parque-berduc-naturaleza-y-tranquilidad-cerca-de-parana\\\/#breadcrumb\"},\"inLanguage\":\"es\",\"potentialAction\":[{\"@type\":\"ReadAction\",\"target\":[\"https:\\\/\\\/informelitoral.com.ar\\\/parque-berduc-naturaleza-y-tranquilidad-cerca-de-parana\\\/\"]}]},{\"@type\":\"ImageObject\",\"inLanguage\":\"es\",\"@id\":\"https:\\\/\\\/informelitoral.com.ar\\\/parque-berduc-naturaleza-y-tranquilidad-cerca-de-parana\\\/#primaryimage\",\"url\":\"https:\\\/\\\/drive.google.com\\\/thumbnail?id=1HH_6d_PPrn60OQhZDwb21S8Yvbu3RWdN&sz=w2048\",\"contentUrl\":\"https:\\\/\\\/drive.google.com\\\/thumbnail?id=1HH_6d_PPrn60OQhZDwb21S8Yvbu3RWdN&sz=w2048\",\"width\":1440,\"height\":1267},{\"@type\":\"BreadcrumbList\",\"@id\":\"https:\\\/\\\/informelitoral.com.ar\\\/parque-berduc-naturaleza-y-tranquilidad-cerca-de-parana\\\/#breadcrumb\",\"itemListElement\":[{\"@type\":\"ListItem\",\"position\":1,\"name\":\"Portada\",\"item\":\"https:\\\/\\\/informelitoral.com.ar\\\/\"},{\"@type\":\"ListItem\",\"position\":2,\"name\":\"Parque Berduc: naturaleza y tranquilidad cerca de Paran\u00e1\"}]},{\"@type\":\"WebSite\",\"@id\":\"https:\\\/\\\/informelitoral.com.ar\\\/#website\",\"url\":\"https:\\\/\\\/informelitoral.com.ar\\\/\",\"name\":\"Informe Litoral\",\"description\":\"&quot;Nos informamos&quot; \",\"publisher\":{\"@id\":\"https:\\\/\\\/informelitoral.com.ar\\\/#organization\"},\"potentialAction\":[{\"@type\":\"SearchAction\",\"target\":{\"@type\":\"EntryPoint\",\"urlTemplate\":\"https:\\\/\\\/informelitoral.com.ar\\\/?s={search_term_string}\"},\"query-input\":{\"@type\":\"PropertyValueSpecification\",\"valueRequired\":true,\"valueName\":\"search_term_string\"}}],\"inLanguage\":\"es\"},{\"@type\":\"Organization\",\"@id\":\"https:\\\/\\\/informelitoral.com.ar\\\/#organization\",\"name\":\"Informe Litoral\",\"url\":\"https:\\\/\\\/informelitoral.com.ar\\\/\",\"logo\":{\"@type\":\"ImageObject\",\"inLanguage\":\"es\",\"@id\":\"https:\\\/\\\/informelitoral.com.ar\\\/#\\\/schema\\\/logo\\\/image\\\/\",\"url\":\"https:\\\/\\\/informelitoral.com.ar\\\/%77%70%2d%63%6f%6e%74%65%6e%74\\\/uploads\\\/2021\\\/01\\\/circulo.png\",\"contentUrl\":\"https:\\\/\\\/informelitoral.com.ar\\\/%77%70%2d%63%6f%6e%74%65%6e%74\\\/uploads\\\/2021\\\/01\\\/circulo.png\",\"width\":723,\"height\":731,\"caption\":\"Informe Litoral\"},\"image\":{\"@id\":\"https:\\\/\\\/informelitoral.com.ar\\\/#\\\/schema\\\/logo\\\/image\\\/\"},\"sameAs\":[\"https:\\\/\\\/www.facebook.com\\\/informelitoral\\\/\",\"https:\\\/\\\/x.com\\\/InformeLitoral\",\"https:\\\/\\\/www.instagram.com\\\/informelitoral\\\/\",\"https:\\\/\\\/www.youtube.com\\\/channel\\\/UCua4Qvz8Icb6MYqhoq9xLXw\"]},{\"@type\":\"Person\",\"@id\":\"https:\\\/\\\/informelitoral.com.ar\\\/#\\\/schema\\\/person\\\/b9d00407c836482871ef1d57bf8e3180\",\"name\":\"Gonzalo Schmidt\",\"image\":{\"@type\":\"ImageObject\",\"inLanguage\":\"es\",\"@id\":\"https:\\\/\\\/secure.gravatar.com\\\/avatar\\\/31a1a7b66ff2de83bd0e9fd79d026630d2d99e55e8bfe501287647b4fd9743de?s=96&d=mm&r=g\",\"url\":\"https:\\\/\\\/secure.gravatar.com\\\/avatar\\\/31a1a7b66ff2de83bd0e9fd79d026630d2d99e55e8bfe501287647b4fd9743de?s=96&d=mm&r=g\",\"contentUrl\":\"https:\\\/\\\/secure.gravatar.com\\\/avatar\\\/31a1a7b66ff2de83bd0e9fd79d026630d2d99e55e8bfe501287647b4fd9743de?s=96&d=mm&r=g\",\"caption\":\"Gonzalo Schmidt\"},\"description\":\"Sitio web de noticias de la provincia de Entre R\u00edos, Argentina. Informaci\u00f3n y entretenimiento. Informe Litoral, nos informamos.\",\"sameAs\":[\"http:\\\/\\\/www.isletasnoticias.com.ar\"],\"url\":\"https:\\\/\\\/informelitoral.com.ar\\\/author\\\/gonzalo\\\/\"}]}<\/script>","yoast_head_json":{"title":"Parque Berduc: naturaleza y tranquilidad cerca de Paran\u00e1 - Informe Litoral","robots":{"index":"index","follow":"follow","max-snippet":"max-snippet:-1","max-image-preview":"max-image-preview:large","max-video-preview":"max-video-preview:-1"},"canonical":"https:\/\/informelitoral.com.ar\/parque-berduc-naturaleza-y-tranquilidad-cerca-de-parana\/","og_locale":"es_ES","og_type":"article","og_title":"Parque Berduc: naturaleza y tranquilidad cerca de Paran\u00e1 - Informe Litoral","og_description":"El Parque Escolar Rural Enrique Berduc (Pereb), \u00e1rea natural protegida dependiente del Consejo General de Educaci\u00f3n (CGE), permanece abierto al p\u00fablico y ofrece diversas propuestas recreativas, educativas y de contacto con la naturaleza, en el marco de un esquema de uso responsable y cuidado ambiental.","og_url":"https:\/\/informelitoral.com.ar\/parque-berduc-naturaleza-y-tranquilidad-cerca-de-parana\/","og_site_name":"Informe Litoral","article_publisher":"https:\/\/www.facebook.com\/informelitoral\/","article_published_time":"2026-01-12T11:45:31+00:00","og_image":[{"width":1440,"height":1267,"url":"https:\/\/drive.google.com\/thumbnail?id=1HH_6d_PPrn60OQhZDwb21S8Yvbu3RWdN&sz=w2048","type":"image\/jpeg"}],"author":"Gonzalo Schmidt","twitter_card":"summary_large_image","twitter_creator":"@InformeLitoral","twitter_site":"@InformeLitoral","twitter_misc":{"Escrito por":"Gonzalo Schmidt","Tiempo de lectura":"4 minutos"},"schema":{"@context":"https:\/\/schema.org","@graph":[{"@type":"Article","@id":"https:\/\/informelitoral.com.ar\/parque-berduc-naturaleza-y-tranquilidad-cerca-de-parana\/#article","isPartOf":{"@id":"https:\/\/informelitoral.com.ar\/parque-berduc-naturaleza-y-tranquilidad-cerca-de-parana\/"},"author":{"name":"Gonzalo Schmidt","@id":"https:\/\/informelitoral.com.ar\/#\/schema\/person\/b9d00407c836482871ef1d57bf8e3180"},"headline":"Parque Berduc: naturaleza y tranquilidad cerca de Paran\u00e1","datePublished":"2026-01-12T11:45:31+00:00","mainEntityOfPage":{"@id":"https:\/\/informelitoral.com.ar\/parque-berduc-naturaleza-y-tranquilidad-cerca-de-parana\/"},"wordCount":660,"commentCount":0,"publisher":{"@id":"https:\/\/informelitoral.com.ar\/#organization"},"image":{"@id":"https:\/\/informelitoral.com.ar\/parque-berduc-naturaleza-y-tranquilidad-cerca-de-parana\/#primaryimage"},"thumbnailUrl":"https:\/\/drive.google.com\/thumbnail?id=1HH_6d_PPrn60OQhZDwb21S8Yvbu3RWdN&sz=w2048","keywords":["\u00c1rea natural protegida","Ecoturismo","Entre R\u00edos","Naturaleza","Parque Berduc","Turismo"],"articleSection":["Entre R\u00edos","Naturaleza"],"inLanguage":"es","potentialAction":[{"@type":"CommentAction","name":"Comment","target":["https:\/\/informelitoral.com.ar\/parque-berduc-naturaleza-y-tranquilidad-cerca-de-parana\/#respond"]}]},{"@type":"WebPage","@id":"https:\/\/informelitoral.com.ar\/parque-berduc-naturaleza-y-tranquilidad-cerca-de-parana\/","url":"https:\/\/informelitoral.com.ar\/parque-berduc-naturaleza-y-tranquilidad-cerca-de-parana\/","name":"Parque Berduc: naturaleza y tranquilidad cerca de Paran\u00e1 - Informe Litoral","isPartOf":{"@id":"https:\/\/informelitoral.com.ar\/#website"},"primaryImageOfPage":{"@id":"https:\/\/informelitoral.com.ar\/parque-berduc-naturaleza-y-tranquilidad-cerca-de-parana\/#primaryimage"},"image":{"@id":"https:\/\/informelitoral.com.ar\/parque-berduc-naturaleza-y-tranquilidad-cerca-de-parana\/#primaryimage"},"thumbnailUrl":"https:\/\/drive.google.com\/thumbnail?id=1HH_6d_PPrn60OQhZDwb21S8Yvbu3RWdN&sz=w2048","datePublished":"2026-01-12T11:45:31+00:00","breadcrumb":{"@id":"https:\/\/informelitoral.com.ar\/parque-berduc-naturaleza-y-tranquilidad-cerca-de-parana\/#breadcrumb"},"inLanguage":"es","potentialAction":[{"@type":"ReadAction","target":["https:\/\/informelitoral.com.ar\/parque-berduc-naturaleza-y-tranquilidad-cerca-de-parana\/"]}]},{"@type":"ImageObject","inLanguage":"es","@id":"https:\/\/informelitoral.com.ar\/parque-berduc-naturaleza-y-tranquilidad-cerca-de-parana\/#primaryimage","url":"https:\/\/drive.google.com\/thumbnail?id=1HH_6d_PPrn60OQhZDwb21S8Yvbu3RWdN&sz=w2048","contentUrl":"https:\/\/drive.google.com\/thumbnail?id=1HH_6d_PPrn60OQhZDwb21S8Yvbu3RWdN&sz=w2048","width":1440,"height":1267},{"@type":"BreadcrumbList","@id":"https:\/\/informelitoral.com.ar\/parque-berduc-naturaleza-y-tranquilidad-cerca-de-parana\/#breadcrumb","itemListElement":[{"@type":"ListItem","position":1,"name":"Portada","item":"https:\/\/informelitoral.com.ar\/"},{"@type":"ListItem","position":2,"name":"Parque Berduc: naturaleza y tranquilidad cerca de Paran\u00e1"}]},{"@type":"WebSite","@id":"https:\/\/informelitoral.com.ar\/#website","url":"https:\/\/informelitoral.com.ar\/","name":"Informe Litoral","description":"&quot;Nos informamos&quot; ","publisher":{"@id":"https:\/\/informelitoral.com.ar\/#organization"},"potentialAction":[{"@type":"SearchAction","target":{"@type":"EntryPoint","urlTemplate":"https:\/\/informelitoral.com.ar\/?s={search_term_string}"},"query-input":{"@type":"PropertyValueSpecification","valueRequired":true,"valueName":"search_term_string"}}],"inLanguage":"es"},{"@type":"Organization","@id":"https:\/\/informelitoral.com.ar\/#organization","name":"Informe Litoral","url":"https:\/\/informelitoral.com.ar\/","logo":{"@type":"ImageObject","inLanguage":"es","@id":"https:\/\/informelitoral.com.ar\/#\/schema\/logo\/image\/","url":"https:\/\/informelitoral.com.ar\/%77%70%2d%63%6f%6e%74%65%6e%74\/uploads\/2021\/01\/circulo.png","contentUrl":"https:\/\/informelitoral.com.ar\/%77%70%2d%63%6f%6e%74%65%6e%74\/uploads\/2021\/01\/circulo.png","width":723,"height":731,"caption":"Informe Litoral"},"image":{"@id":"https:\/\/informelitoral.com.ar\/#\/schema\/logo\/image\/"},"sameAs":["https:\/\/www.facebook.com\/informelitoral\/","https:\/\/x.com\/InformeLitoral","https:\/\/www.instagram.com\/informelitoral\/","https:\/\/www.youtube.com\/channel\/UCua4Qvz8Icb6MYqhoq9xLXw"]},{"@type":"Person","@id":"https:\/\/informelitoral.com.ar\/#\/schema\/person\/b9d00407c836482871ef1d57bf8e3180","name":"Gonzalo Schmidt","image":{"@type":"ImageObject","inLanguage":"es","@id":"https:\/\/secure.gravatar.com\/avatar\/31a1a7b66ff2de83bd0e9fd79d026630d2d99e55e8bfe501287647b4fd9743de?s=96&d=mm&r=g","url":"https:\/\/secure.gravatar.com\/avatar\/31a1a7b66ff2de83bd0e9fd79d026630d2d99e55e8bfe501287647b4fd9743de?s=96&d=mm&r=g","contentUrl":"https:\/\/secure.gravatar.com\/avatar\/31a1a7b66ff2de83bd0e9fd79d026630d2d99e55e8bfe501287647b4fd9743de?s=96&d=mm&r=g","caption":"Gonzalo Schmidt"},"description":"Sitio web de noticias de la provincia de Entre R\u00edos, Argentina. Informaci\u00f3n y entretenimiento. Informe Litoral, nos informamos.","sameAs":["http:\/\/www.isletasnoticias.com.ar"],"url":"https:\/\/informelitoral.com.ar\/author\/gonzalo\/"}]}},"_links":{"self":[{"href":"https:\/\/informelitoral.com.ar\/%77%70%2d%6a%73%6f%6e\/wp\/v2\/posts\/246260","targetHints":{"allow":["GET"]}}],"collection":[{"href":"https:\/\/informelitoral.com.ar\/%77%70%2d%6a%73%6f%6e\/wp\/v2\/posts"}],"about":[{"href":"https:\/\/informelitoral.com.ar\/%77%70%2d%6a%73%6f%6e\/wp\/v2\/types\/post"}],"author":[{"embeddable":true,"href":"https:\/\/informelitoral.com.ar\/%77%70%2d%6a%73%6f%6e\/wp\/v2\/users\/2"}],"replies":[{"embeddable":true,"href":"https:\/\/informelitoral.com.ar\/%77%70%2d%6a%73%6f%6e\/wp\/v2\/comments?post=246260"}],"version-history":[{"count":1,"href":"https:\/\/informelitoral.com.ar\/%77%70%2d%6a%73%6f%6e\/wp\/v2\/posts\/246260\/revisions"}],"predecessor-version":[{"id":246265,"href":"https:\/\/informelitoral.com.ar\/%77%70%2d%6a%73%6f%6e\/wp\/v2\/posts\/246260\/revisions\/246265"}],"wp:featuredmedia":[{"embeddable":true,"href":"https:\/\/informelitoral.com.ar\/%77%70%2d%6a%73%6f%6e\/wp\/v2\/media\/246264"}],"wp:attachment":[{"href":"https:\/\/informelitoral.com.ar\/%77%70%2d%6a%73%6f%6e\/wp\/v2\/media?parent=246260"}],"wp:term":[{"taxonomy":"category","embeddable":true,"href":"https:\/\/informelitoral.com.ar\/%77%70%2d%6a%73%6f%6e\/wp\/v2\/categories?post=246260"},{"taxonomy":"post_tag","embeddable":true,"href":"https:\/\/informelitoral.com.ar\/%77%70%2d%6a%73%6f%6e\/wp\/v2\/tags?post=246260"}],"curies":[{"name":"wp","href":"https:\/\/api.w.org\/{rel}","templated":true}]}}