{"id":246227,"date":"2026-01-10T17:14:58","date_gmt":"2026-01-10T20:14:58","guid":{"rendered":"https:\/\/informelitoral.com.ar\/?p=246227"},"modified":"2026-01-10T17:14:58","modified_gmt":"2026-01-10T20:14:58","slug":"gimena-bordet-volvio-a-colon-y-sigue-la-recuperacion-junto-a-su-familia","status":"publish","type":"post","link":"https:\/\/informelitoral.com.ar\/gimena-bordet-volvio-a-colon-y-sigue-la-recuperacion-junto-a-su-familia\/","title":{"rendered":"Gimena Bordet volvi\u00f3 a Col\u00f3n y sigue la recuperaci\u00f3n junto a su familia"},"content":{"rendered":"<p>Seg\u00fan el comunicado oficial, la esposa del jefe comunal estuvo 26 d\u00edas en terapia intensiva en Porto Alegre, donde fue atendida por m\u00faltiples fracturas y lesiones de consideraci\u00f3n. Con su arribo a Entre R\u00edos, se abre una nueva etapa en su rehabilitaci\u00f3n, que ahora se desarrollar\u00e1 en el \u00e1mbito familiar.<\/p>\n<h6><em><strong>Nota relacionada:\u00a0<a href=\"https:\/\/informelitoral.com.ar\/la-esposa-del-intendente-de-colon-salio-de-terapia-intensiva\/\" target=\"_blank\" rel=\"noopener\">La esposa del intendente de Col\u00f3n sali\u00f3 de Terapia Intensiva<\/a><\/strong><\/em><\/h6>\n<p>Desde el Ejecutivo municipal se\u00f1alaron que Walser retomar\u00e1 de manera progresiva sus funciones al frente del gobierno local en los pr\u00f3ximos d\u00edas, en la medida en que la situaci\u00f3n personal lo permita.<\/p>\n<p>El comunicado difundido por la comuna destac\u00f3 el acompa\u00f1amiento de la comunidad durante el tiempo que dur\u00f3 la internaci\u00f3n en Brasil y agradeci\u00f3 especialmente \u201cel respeto y la comprensi\u00f3n\u201d de los vecinos frente al dif\u00edcil momento atravesado por la familia desde el pasado 9 de diciembre.<\/p>\n<p>Finalmente, desde el municipio subrayaron la importancia del regreso a casa como parte del proceso de recuperaci\u00f3n de Bordet, y expresaron su satisfacci\u00f3n por que pueda continuar su rehabilitaci\u00f3n rodeada de sus afectos, mientras se aguarda la evoluci\u00f3n de su estado de salud en esta nueva etapa.<\/p>\n<h6><em><strong>Del archivo:\u00a0<a href=\"https:\/\/informelitoral.com.ar\/colon-coordinan-acciones-para-agilizar-el-transito-en-el-puente-internacional\/\" target=\"_blank\" rel=\"noopener\">Col\u00f3n: coordinan acciones para agilizar el tr\u00e1nsito en el Puente Internacional<\/a><\/strong><\/em><\/h6>\n","protected":false},"excerpt":{"rendered":"<p>La esposa del intendente Jos\u00e9 Luis Walser permaneci\u00f3 casi un mes internada en Brasil a ra\u00edz de un grave accidente de tr\u00e1nsito. Adem\u00e1s, informaron que el Presidente Municipal retomar\u00e1 progresivamente las actividades al frente del Ejecutivo. <\/p>\n","protected":false},"author":2,"featured_media":246228,"comment_status":"open","ping_status":"open","sticky":false,"template":"","format":"standard","meta":{"fifu_image_url":"","fifu_image_alt":"","footnotes":""},"categories":[16],"tags":[1341,6219],"class_list":{"0":"post-246227","1":"post","2":"type-post","3":"status-publish","4":"format-standard","5":"has-post-thumbnail","7":"category-politi","8":"tag-colon","9":"tag-jose-luis-walser"},"yoast_head":"<title>Gimena Bordet volvi\u00f3 a Col\u00f3n y sigue la recuperaci\u00f3n junto a su familia - Informe Litoral<\/title>\n<meta name=\"robots\" content=\"index, follow, max-snippet:-1, max-image-preview:large, max-video-preview:-1\" \/>\n<link rel=\"canonical\" href=\"https:\/\/informelitoral.com.ar\/gimena-bordet-volvio-a-colon-y-sigue-la-recuperacion-junto-a-su-familia\/\" \/>\n<meta property=\"og:locale\" content=\"es_ES\" \/>\n<meta property=\"og:type\" content=\"article\" \/>\n<meta property=\"og:title\" content=\"Gimena Bordet volvi\u00f3 a Col\u00f3n y sigue la recuperaci\u00f3n junto a su familia - Informe Litoral\" \/>\n<meta property=\"og:description\" content=\"La esposa del intendente Jos\u00e9 Luis Walser permaneci\u00f3 casi un mes internada en Brasil a ra\u00edz de un grave accidente de tr\u00e1nsito. Adem\u00e1s, informaron que el Presidente Municipal retomar\u00e1 progresivamente las actividades al frente del Ejecutivo.\" \/>\n<meta property=\"og:url\" content=\"https:\/\/informelitoral.com.ar\/gimena-bordet-volvio-a-colon-y-sigue-la-recuperacion-junto-a-su-familia\/\" \/>\n<meta property=\"og:site_name\" content=\"Informe Litoral\" \/>\n<meta property=\"article:publisher\" content=\"https:\/\/www.facebook.com\/informelitoral\/\" \/>\n<meta property=\"article:published_time\" content=\"2026-01-10T20:14:58+00:00\" \/>\n<meta property=\"og:image\" content=\"https:\/\/drive.google.com\/thumbnail?id=1FSqHUnYutEdQLe7yG0kWDbAsQwSrudjj&sz=w2048\" \/>\n\t<meta property=\"og:image:width\" content=\"900\" \/>\n\t<meta property=\"og:image:height\" content=\"600\" \/>\n\t<meta property=\"og:image:type\" content=\"image\/jpeg\" \/>\n<meta name=\"author\" content=\"Gonzalo Schmidt\" \/>\n<meta name=\"twitter:card\" content=\"summary_large_image\" \/>\n<meta name=\"twitter:creator\" content=\"@InformeLitoral\" \/>\n<meta name=\"twitter:site\" content=\"@InformeLitoral\" \/>\n<meta name=\"twitter:label1\" content=\"Escrito por\" \/>\n\t<meta name=\"twitter:data1\" content=\"Gonzalo Schmidt\" \/>\n\t<meta name=\"twitter:label2\" content=\"Tiempo de lectura\" \/>\n\t<meta name=\"twitter:data2\" content=\"2 minutos\" \/>\n<script type=\"application\/ld+json\" class=\"yoast-schema-graph\">{\"@context\":\"https:\\\/\\\/schema.org\",\"@graph\":[{\"@type\":\"Article\",\"@id\":\"https:\\\/\\\/informelitoral.com.ar\\\/gimena-bordet-volvio-a-colon-y-sigue-la-recuperacion-junto-a-su-familia\\\/#article\",\"isPartOf\":{\"@id\":\"https:\\\/\\\/informelitoral.com.ar\\\/gimena-bordet-volvio-a-colon-y-sigue-la-recuperacion-junto-a-su-familia\\\/\"},\"author\":{\"name\":\"Gonzalo Schmidt\",\"@id\":\"https:\\\/\\\/informelitoral.com.ar\\\/#\\\/schema\\\/person\\\/b9d00407c836482871ef1d57bf8e3180\"},\"headline\":\"Gimena Bordet volvi\u00f3 a Col\u00f3n y sigue la recuperaci\u00f3n junto a su familia\",\"datePublished\":\"2026-01-10T20:14:58+00:00\",\"mainEntityOfPage\":{\"@id\":\"https:\\\/\\\/informelitoral.com.ar\\\/gimena-bordet-volvio-a-colon-y-sigue-la-recuperacion-junto-a-su-familia\\\/\"},\"wordCount\":234,\"commentCount\":0,\"publisher\":{\"@id\":\"https:\\\/\\\/informelitoral.com.ar\\\/#organization\"},\"image\":{\"@id\":\"https:\\\/\\\/informelitoral.com.ar\\\/gimena-bordet-volvio-a-colon-y-sigue-la-recuperacion-junto-a-su-familia\\\/#primaryimage\"},\"thumbnailUrl\":\"https:\\\/\\\/drive.google.com\\\/thumbnail?id=1FSqHUnYutEdQLe7yG0kWDbAsQwSrudjj&sz=w2048\",\"keywords\":[\"Col\u00f3n\",\"Jos\u00e9 Luis Walser\"],\"articleSection\":[\"Politica\"],\"inLanguage\":\"es\",\"potentialAction\":[{\"@type\":\"CommentAction\",\"name\":\"Comment\",\"target\":[\"https:\\\/\\\/informelitoral.com.ar\\\/gimena-bordet-volvio-a-colon-y-sigue-la-recuperacion-junto-a-su-familia\\\/#respond\"]}]},{\"@type\":\"WebPage\",\"@id\":\"https:\\\/\\\/informelitoral.com.ar\\\/gimena-bordet-volvio-a-colon-y-sigue-la-recuperacion-junto-a-su-familia\\\/\",\"url\":\"https:\\\/\\\/informelitoral.com.ar\\\/gimena-bordet-volvio-a-colon-y-sigue-la-recuperacion-junto-a-su-familia\\\/\",\"name\":\"Gimena Bordet volvi\u00f3 a Col\u00f3n y sigue la recuperaci\u00f3n junto a su familia - Informe Litoral\",\"isPartOf\":{\"@id\":\"https:\\\/\\\/informelitoral.com.ar\\\/#website\"},\"primaryImageOfPage\":{\"@id\":\"https:\\\/\\\/informelitoral.com.ar\\\/gimena-bordet-volvio-a-colon-y-sigue-la-recuperacion-junto-a-su-familia\\\/#primaryimage\"},\"image\":{\"@id\":\"https:\\\/\\\/informelitoral.com.ar\\\/gimena-bordet-volvio-a-colon-y-sigue-la-recuperacion-junto-a-su-familia\\\/#primaryimage\"},\"thumbnailUrl\":\"https:\\\/\\\/drive.google.com\\\/thumbnail?id=1FSqHUnYutEdQLe7yG0kWDbAsQwSrudjj&sz=w2048\",\"datePublished\":\"2026-01-10T20:14:58+00:00\",\"breadcrumb\":{\"@id\":\"https:\\\/\\\/informelitoral.com.ar\\\/gimena-bordet-volvio-a-colon-y-sigue-la-recuperacion-junto-a-su-familia\\\/#breadcrumb\"},\"inLanguage\":\"es\",\"potentialAction\":[{\"@type\":\"ReadAction\",\"target\":[\"https:\\\/\\\/informelitoral.com.ar\\\/gimena-bordet-volvio-a-colon-y-sigue-la-recuperacion-junto-a-su-familia\\\/\"]}]},{\"@type\":\"ImageObject\",\"inLanguage\":\"es\",\"@id\":\"https:\\\/\\\/informelitoral.com.ar\\\/gimena-bordet-volvio-a-colon-y-sigue-la-recuperacion-junto-a-su-familia\\\/#primaryimage\",\"url\":\"https:\\\/\\\/drive.google.com\\\/thumbnail?id=1FSqHUnYutEdQLe7yG0kWDbAsQwSrudjj&sz=w2048\",\"contentUrl\":\"https:\\\/\\\/drive.google.com\\\/thumbnail?id=1FSqHUnYutEdQLe7yG0kWDbAsQwSrudjj&sz=w2048\",\"width\":900,\"height\":600},{\"@type\":\"BreadcrumbList\",\"@id\":\"https:\\\/\\\/informelitoral.com.ar\\\/gimena-bordet-volvio-a-colon-y-sigue-la-recuperacion-junto-a-su-familia\\\/#breadcrumb\",\"itemListElement\":[{\"@type\":\"ListItem\",\"position\":1,\"name\":\"Portada\",\"item\":\"https:\\\/\\\/informelitoral.com.ar\\\/\"},{\"@type\":\"ListItem\",\"position\":2,\"name\":\"Gimena Bordet volvi\u00f3 a Col\u00f3n y sigue la recuperaci\u00f3n junto a su familia\"}]},{\"@type\":\"WebSite\",\"@id\":\"https:\\\/\\\/informelitoral.com.ar\\\/#website\",\"url\":\"https:\\\/\\\/informelitoral.com.ar\\\/\",\"name\":\"Informe Litoral\",\"description\":\"&quot;Nos informamos&quot; \",\"publisher\":{\"@id\":\"https:\\\/\\\/informelitoral.com.ar\\\/#organization\"},\"potentialAction\":[{\"@type\":\"SearchAction\",\"target\":{\"@type\":\"EntryPoint\",\"urlTemplate\":\"https:\\\/\\\/informelitoral.com.ar\\\/?s={search_term_string}\"},\"query-input\":{\"@type\":\"PropertyValueSpecification\",\"valueRequired\":true,\"valueName\":\"search_term_string\"}}],\"inLanguage\":\"es\"},{\"@type\":\"Organization\",\"@id\":\"https:\\\/\\\/informelitoral.com.ar\\\/#organization\",\"name\":\"Informe Litoral\",\"url\":\"https:\\\/\\\/informelitoral.com.ar\\\/\",\"logo\":{\"@type\":\"ImageObject\",\"inLanguage\":\"es\",\"@id\":\"https:\\\/\\\/informelitoral.com.ar\\\/#\\\/schema\\\/logo\\\/image\\\/\",\"url\":\"https:\\\/\\\/informelitoral.com.ar\\\/%77%70%2d%63%6f%6e%74%65%6e%74\\\/uploads\\\/2021\\\/01\\\/circulo.png\",\"contentUrl\":\"https:\\\/\\\/informelitoral.com.ar\\\/%77%70%2d%63%6f%6e%74%65%6e%74\\\/uploads\\\/2021\\\/01\\\/circulo.png\",\"width\":723,\"height\":731,\"caption\":\"Informe Litoral\"},\"image\":{\"@id\":\"https:\\\/\\\/informelitoral.com.ar\\\/#\\\/schema\\\/logo\\\/image\\\/\"},\"sameAs\":[\"https:\\\/\\\/www.facebook.com\\\/informelitoral\\\/\",\"https:\\\/\\\/x.com\\\/InformeLitoral\",\"https:\\\/\\\/www.instagram.com\\\/informelitoral\\\/\",\"https:\\\/\\\/www.youtube.com\\\/channel\\\/UCua4Qvz8Icb6MYqhoq9xLXw\"]},{\"@type\":\"Person\",\"@id\":\"https:\\\/\\\/informelitoral.com.ar\\\/#\\\/schema\\\/person\\\/b9d00407c836482871ef1d57bf8e3180\",\"name\":\"Gonzalo Schmidt\",\"image\":{\"@type\":\"ImageObject\",\"inLanguage\":\"es\",\"@id\":\"https:\\\/\\\/secure.gravatar.com\\\/avatar\\\/31a1a7b66ff2de83bd0e9fd79d026630d2d99e55e8bfe501287647b4fd9743de?s=96&d=mm&r=g\",\"url\":\"https:\\\/\\\/secure.gravatar.com\\\/avatar\\\/31a1a7b66ff2de83bd0e9fd79d026630d2d99e55e8bfe501287647b4fd9743de?s=96&d=mm&r=g\",\"contentUrl\":\"https:\\\/\\\/secure.gravatar.com\\\/avatar\\\/31a1a7b66ff2de83bd0e9fd79d026630d2d99e55e8bfe501287647b4fd9743de?s=96&d=mm&r=g\",\"caption\":\"Gonzalo Schmidt\"},\"description\":\"Sitio web de noticias de la provincia de Entre R\u00edos, Argentina. Informaci\u00f3n y entretenimiento. Informe Litoral, nos informamos.\",\"sameAs\":[\"http:\\\/\\\/www.isletasnoticias.com.ar\"],\"url\":\"https:\\\/\\\/informelitoral.com.ar\\\/author\\\/gonzalo\\\/\"}]}<\/script>","yoast_head_json":{"title":"Gimena Bordet volvi\u00f3 a Col\u00f3n y sigue la recuperaci\u00f3n junto a su familia - Informe Litoral","robots":{"index":"index","follow":"follow","max-snippet":"max-snippet:-1","max-image-preview":"max-image-preview:large","max-video-preview":"max-video-preview:-1"},"canonical":"https:\/\/informelitoral.com.ar\/gimena-bordet-volvio-a-colon-y-sigue-la-recuperacion-junto-a-su-familia\/","og_locale":"es_ES","og_type":"article","og_title":"Gimena Bordet volvi\u00f3 a Col\u00f3n y sigue la recuperaci\u00f3n junto a su familia - Informe Litoral","og_description":"La esposa del intendente Jos\u00e9 Luis Walser permaneci\u00f3 casi un mes internada en Brasil a ra\u00edz de un grave accidente de tr\u00e1nsito. Adem\u00e1s, informaron que el Presidente Municipal retomar\u00e1 progresivamente las actividades al frente del Ejecutivo.","og_url":"https:\/\/informelitoral.com.ar\/gimena-bordet-volvio-a-colon-y-sigue-la-recuperacion-junto-a-su-familia\/","og_site_name":"Informe Litoral","article_publisher":"https:\/\/www.facebook.com\/informelitoral\/","article_published_time":"2026-01-10T20:14:58+00:00","og_image":[{"width":900,"height":600,"url":"https:\/\/drive.google.com\/thumbnail?id=1FSqHUnYutEdQLe7yG0kWDbAsQwSrudjj&sz=w2048","type":"image\/jpeg"}],"author":"Gonzalo Schmidt","twitter_card":"summary_large_image","twitter_creator":"@InformeLitoral","twitter_site":"@InformeLitoral","twitter_misc":{"Escrito por":"Gonzalo Schmidt","Tiempo de lectura":"2 minutos"},"schema":{"@context":"https:\/\/schema.org","@graph":[{"@type":"Article","@id":"https:\/\/informelitoral.com.ar\/gimena-bordet-volvio-a-colon-y-sigue-la-recuperacion-junto-a-su-familia\/#article","isPartOf":{"@id":"https:\/\/informelitoral.com.ar\/gimena-bordet-volvio-a-colon-y-sigue-la-recuperacion-junto-a-su-familia\/"},"author":{"name":"Gonzalo Schmidt","@id":"https:\/\/informelitoral.com.ar\/#\/schema\/person\/b9d00407c836482871ef1d57bf8e3180"},"headline":"Gimena Bordet volvi\u00f3 a Col\u00f3n y sigue la recuperaci\u00f3n junto a su familia","datePublished":"2026-01-10T20:14:58+00:00","mainEntityOfPage":{"@id":"https:\/\/informelitoral.com.ar\/gimena-bordet-volvio-a-colon-y-sigue-la-recuperacion-junto-a-su-familia\/"},"wordCount":234,"commentCount":0,"publisher":{"@id":"https:\/\/informelitoral.com.ar\/#organization"},"image":{"@id":"https:\/\/informelitoral.com.ar\/gimena-bordet-volvio-a-colon-y-sigue-la-recuperacion-junto-a-su-familia\/#primaryimage"},"thumbnailUrl":"https:\/\/drive.google.com\/thumbnail?id=1FSqHUnYutEdQLe7yG0kWDbAsQwSrudjj&sz=w2048","keywords":["Col\u00f3n","Jos\u00e9 Luis Walser"],"articleSection":["Politica"],"inLanguage":"es","potentialAction":[{"@type":"CommentAction","name":"Comment","target":["https:\/\/informelitoral.com.ar\/gimena-bordet-volvio-a-colon-y-sigue-la-recuperacion-junto-a-su-familia\/#respond"]}]},{"@type":"WebPage","@id":"https:\/\/informelitoral.com.ar\/gimena-bordet-volvio-a-colon-y-sigue-la-recuperacion-junto-a-su-familia\/","url":"https:\/\/informelitoral.com.ar\/gimena-bordet-volvio-a-colon-y-sigue-la-recuperacion-junto-a-su-familia\/","name":"Gimena Bordet volvi\u00f3 a Col\u00f3n y sigue la recuperaci\u00f3n junto a su familia - Informe Litoral","isPartOf":{"@id":"https:\/\/informelitoral.com.ar\/#website"},"primaryImageOfPage":{"@id":"https:\/\/informelitoral.com.ar\/gimena-bordet-volvio-a-colon-y-sigue-la-recuperacion-junto-a-su-familia\/#primaryimage"},"image":{"@id":"https:\/\/informelitoral.com.ar\/gimena-bordet-volvio-a-colon-y-sigue-la-recuperacion-junto-a-su-familia\/#primaryimage"},"thumbnailUrl":"https:\/\/drive.google.com\/thumbnail?id=1FSqHUnYutEdQLe7yG0kWDbAsQwSrudjj&sz=w2048","datePublished":"2026-01-10T20:14:58+00:00","breadcrumb":{"@id":"https:\/\/informelitoral.com.ar\/gimena-bordet-volvio-a-colon-y-sigue-la-recuperacion-junto-a-su-familia\/#breadcrumb"},"inLanguage":"es","potentialAction":[{"@type":"ReadAction","target":["https:\/\/informelitoral.com.ar\/gimena-bordet-volvio-a-colon-y-sigue-la-recuperacion-junto-a-su-familia\/"]}]},{"@type":"ImageObject","inLanguage":"es","@id":"https:\/\/informelitoral.com.ar\/gimena-bordet-volvio-a-colon-y-sigue-la-recuperacion-junto-a-su-familia\/#primaryimage","url":"https:\/\/drive.google.com\/thumbnail?id=1FSqHUnYutEdQLe7yG0kWDbAsQwSrudjj&sz=w2048","contentUrl":"https:\/\/drive.google.com\/thumbnail?id=1FSqHUnYutEdQLe7yG0kWDbAsQwSrudjj&sz=w2048","width":900,"height":600},{"@type":"BreadcrumbList","@id":"https:\/\/informelitoral.com.ar\/gimena-bordet-volvio-a-colon-y-sigue-la-recuperacion-junto-a-su-familia\/#breadcrumb","itemListElement":[{"@type":"ListItem","position":1,"name":"Portada","item":"https:\/\/informelitoral.com.ar\/"},{"@type":"ListItem","position":2,"name":"Gimena Bordet volvi\u00f3 a Col\u00f3n y sigue la recuperaci\u00f3n junto a su familia"}]},{"@type":"WebSite","@id":"https:\/\/informelitoral.com.ar\/#website","url":"https:\/\/informelitoral.com.ar\/","name":"Informe Litoral","description":"&quot;Nos informamos&quot; ","publisher":{"@id":"https:\/\/informelitoral.com.ar\/#organization"},"potentialAction":[{"@type":"SearchAction","target":{"@type":"EntryPoint","urlTemplate":"https:\/\/informelitoral.com.ar\/?s={search_term_string}"},"query-input":{"@type":"PropertyValueSpecification","valueRequired":true,"valueName":"search_term_string"}}],"inLanguage":"es"},{"@type":"Organization","@id":"https:\/\/informelitoral.com.ar\/#organization","name":"Informe Litoral","url":"https:\/\/informelitoral.com.ar\/","logo":{"@type":"ImageObject","inLanguage":"es","@id":"https:\/\/informelitoral.com.ar\/#\/schema\/logo\/image\/","url":"https:\/\/informelitoral.com.ar\/%77%70%2d%63%6f%6e%74%65%6e%74\/uploads\/2021\/01\/circulo.png","contentUrl":"https:\/\/informelitoral.com.ar\/%77%70%2d%63%6f%6e%74%65%6e%74\/uploads\/2021\/01\/circulo.png","width":723,"height":731,"caption":"Informe Litoral"},"image":{"@id":"https:\/\/informelitoral.com.ar\/#\/schema\/logo\/image\/"},"sameAs":["https:\/\/www.facebook.com\/informelitoral\/","https:\/\/x.com\/InformeLitoral","https:\/\/www.instagram.com\/informelitoral\/","https:\/\/www.youtube.com\/channel\/UCua4Qvz8Icb6MYqhoq9xLXw"]},{"@type":"Person","@id":"https:\/\/informelitoral.com.ar\/#\/schema\/person\/b9d00407c836482871ef1d57bf8e3180","name":"Gonzalo Schmidt","image":{"@type":"ImageObject","inLanguage":"es","@id":"https:\/\/secure.gravatar.com\/avatar\/31a1a7b66ff2de83bd0e9fd79d026630d2d99e55e8bfe501287647b4fd9743de?s=96&d=mm&r=g","url":"https:\/\/secure.gravatar.com\/avatar\/31a1a7b66ff2de83bd0e9fd79d026630d2d99e55e8bfe501287647b4fd9743de?s=96&d=mm&r=g","contentUrl":"https:\/\/secure.gravatar.com\/avatar\/31a1a7b66ff2de83bd0e9fd79d026630d2d99e55e8bfe501287647b4fd9743de?s=96&d=mm&r=g","caption":"Gonzalo Schmidt"},"description":"Sitio web de noticias de la provincia de Entre R\u00edos, Argentina. Informaci\u00f3n y entretenimiento. Informe Litoral, nos informamos.","sameAs":["http:\/\/www.isletasnoticias.com.ar"],"url":"https:\/\/informelitoral.com.ar\/author\/gonzalo\/"}]}},"_links":{"self":[{"href":"https:\/\/informelitoral.com.ar\/%77%70%2d%6a%73%6f%6e\/wp\/v2\/posts\/246227","targetHints":{"allow":["GET"]}}],"collection":[{"href":"https:\/\/informelitoral.com.ar\/%77%70%2d%6a%73%6f%6e\/wp\/v2\/posts"}],"about":[{"href":"https:\/\/informelitoral.com.ar\/%77%70%2d%6a%73%6f%6e\/wp\/v2\/types\/post"}],"author":[{"embeddable":true,"href":"https:\/\/informelitoral.com.ar\/%77%70%2d%6a%73%6f%6e\/wp\/v2\/users\/2"}],"replies":[{"embeddable":true,"href":"https:\/\/informelitoral.com.ar\/%77%70%2d%6a%73%6f%6e\/wp\/v2\/comments?post=246227"}],"version-history":[{"count":1,"href":"https:\/\/informelitoral.com.ar\/%77%70%2d%6a%73%6f%6e\/wp\/v2\/posts\/246227\/revisions"}],"predecessor-version":[{"id":246229,"href":"https:\/\/informelitoral.com.ar\/%77%70%2d%6a%73%6f%6e\/wp\/v2\/posts\/246227\/revisions\/246229"}],"wp:featuredmedia":[{"embeddable":true,"href":"https:\/\/informelitoral.com.ar\/%77%70%2d%6a%73%6f%6e\/wp\/v2\/media\/246228"}],"wp:attachment":[{"href":"https:\/\/informelitoral.com.ar\/%77%70%2d%6a%73%6f%6e\/wp\/v2\/media?parent=246227"}],"wp:term":[{"taxonomy":"category","embeddable":true,"href":"https:\/\/informelitoral.com.ar\/%77%70%2d%6a%73%6f%6e\/wp\/v2\/categories?post=246227"},{"taxonomy":"post_tag","embeddable":true,"href":"https:\/\/informelitoral.com.ar\/%77%70%2d%6a%73%6f%6e\/wp\/v2\/tags?post=246227"}],"curies":[{"name":"wp","href":"https:\/\/api.w.org\/{rel}","templated":true}]}}