{"id":245983,"date":"2026-01-08T10:27:23","date_gmt":"2026-01-08T13:27:23","guid":{"rendered":"https:\/\/informelitoral.com.ar\/?p=245983"},"modified":"2026-01-08T12:05:24","modified_gmt":"2026-01-08T15:05:24","slug":"parana-una-persecucion-termino-con-un-detenido-y-un-importante-secuestro-de-dinero","status":"publish","type":"post","link":"https:\/\/informelitoral.com.ar\/parana-una-persecucion-termino-con-un-detenido-y-un-importante-secuestro-de-dinero\/","title":{"rendered":"Paran\u00e1: una persecuci\u00f3n termin\u00f3 con un detenido y un importante secuestro de dinero"},"content":{"rendered":"<p data-path-to-node=\"1\"><b data-path-to-node=\"1\" data-index-in-node=\"0\">Una noche de fuerte tensi\u00f3n se vivi\u00f3 este mi\u00e9rcoles en Paran\u00e1<\/b>, cuando un importante despliegue de seguridad interrumpi\u00f3 la calma en la zona de <b data-path-to-node=\"1\" data-index-in-node=\"143\">calles Dominico Irlandeses y Tibiletti<\/b>. Todo comenz\u00f3 alrededor de las <b data-path-to-node=\"1\" data-index-in-node=\"213\">22:00<\/b>, en el momento en que agentes de la Guardia Especial divisaron a un hombre que circulaba en una <b data-path-to-node=\"1\" data-index-in-node=\"321\">motocicleta de gran cilindrada<\/b>. Al percatarse de que los uniformados se aproximaban, el conductor inici\u00f3 una maniobra de escape que deriv\u00f3 en una persecuci\u00f3n por el barrio.<\/p>\n<p data-path-to-node=\"1\"><a href=\"https:\/\/drive.google.com\/thumbnail?id=1nh_i7MVF-7M0TZaT-WmasB5Hd2MSt-fn&amp;sz=w2048\"><img loading=\"lazy\" decoding=\"async\" class=\"aligncenter wp-image-245991 size-large\" src=\"https:\/\/drive.google.com\/thumbnail?id=1nh_i7MVF-7M0TZaT-WmasB5Hd2MSt-fn&amp;sz=w2048-h2048\" alt=\"\" width=\"1024\" height=\"1024\" \/><\/a><\/p>\n<p data-path-to-node=\"1\"><a href=\"https:\/\/drive.google.com\/thumbnail?id=1j_RqbmNTF7147KUdwFW2aUXNo0vTIaj5&amp;sz=w2048\"><img loading=\"lazy\" decoding=\"async\" class=\"aligncenter wp-image-245988 size-large\" src=\"https:\/\/drive.google.com\/thumbnail?id=1j_RqbmNTF7147KUdwFW2aUXNo0vTIaj5&amp;sz=w2048-h2048\" alt=\"\" width=\"1024\" height=\"1024\" \/><\/a><\/p>\n<p data-path-to-node=\"2\">El sospechoso intent\u00f3 evadir a las autoridades abandonando el veh\u00edculo en la v\u00eda p\u00fablica para buscar refugio dentro de una vivienda particular, pero fue interceptado por los efectivos antes de lograr su cometido. Durante el procedimiento de captura, la situaci\u00f3n se torn\u00f3 violenta ya que el hombre <b data-path-to-node=\"2\" data-index-in-node=\"298\">portaba un arma de fuego tipo Glock calibre 9 mm<\/b> cargada, lo que gener\u00f3 un forcejeo. A este foco de conflicto se sumaron personas del entorno del detenido, quienes <b data-path-to-node=\"2\" data-index-in-node=\"462\">intentaron agredir a los polic\u00edas<\/b> para evitar el arresto, obligando a solicitar refuerzos de otras unidades para retomar el control de la zona.<\/p>\n<h6 data-path-to-node=\"2\"><em><strong>Del archivo:\u00a0<a href=\"https:\/\/informelitoral.com.ar\/parana-allanamientos-y-secuestros-tras-el-ataque-a-balazos-contra-dos-adolescentes\/\" target=\"_blank\" rel=\"noopener\">Paran\u00e1: allanamientos y secuestros tras el ataque a balazos contra dos adolescentes<\/a><\/strong><\/em><\/h6>\n<p data-path-to-node=\"3\">Tras lograr calmar los \u00e1nimos y asegurar el lugar, los investigadores procedieron a revisar las pertenencias del individuo, encontrando un bolso que conten\u00eda una <b data-path-to-node=\"3\" data-index-in-node=\"162\">suma significativa de dinero en efectivo<\/b> y un tel\u00e9fono celular. Tanto el armamento, considerado de guerra, como la motocicleta quedaron bajo resguardo judicial. Actualmente, los involucrados permanecen detenidos y enfrentan graves cargos por <b data-path-to-node=\"3\" data-index-in-node=\"404\">portaci\u00f3n ilegal de arma de guerra y resistencia a la autoridad<\/b>, mientras la Justicia busca determinar el origen de los fondos secuestrados.(<em>Informe Litoral)<\/em><\/p>\n<p><a href=\"https:\/\/drive.google.com\/thumbnail?id=1j_RqbmNTF7147KUdwFW2aUXNo0vTIaj5&amp;sz=w2048\"><img loading=\"lazy\" decoding=\"async\" class=\"aligncenter wp-image-245988 size-large\" src=\"https:\/\/drive.google.com\/thumbnail?id=1j_RqbmNTF7147KUdwFW2aUXNo0vTIaj5&amp;sz=w2048-h2048\" alt=\"\" width=\"1024\" height=\"1024\" \/><\/a><\/p>\n<p>&nbsp;<\/p>\n","protected":false},"excerpt":{"rendered":"<p>El incidente ocurri\u00f3 anoche en la zona de calles Dominico Irlandeses y Tibiletti. Tras un intento de fuga, un motociclista fue alcanzado por la polic\u00eda en un operativo que incluy\u00f3 momentos de violencia y un gran despliegue de patrulleros.<\/p>\n","protected":false},"author":8,"featured_media":245984,"comment_status":"open","ping_status":"open","sticky":false,"template":"","format":"standard","meta":{"fifu_image_url":"","fifu_image_alt":"","footnotes":""},"categories":[14],"tags":[5003,181,45,2619],"class_list":{"0":"post-245983","1":"post","2":"type-post","3":"status-publish","4":"format-standard","5":"has-post-thumbnail","7":"category-policiales","8":"tag-detenciones","9":"tag-dinero","10":"tag-parana","11":"tag-secuestro"},"yoast_head":"<title>Paran\u00e1: una persecuci\u00f3n termin\u00f3 con un detenido y un importante secuestro de dinero - Informe Litoral<\/title>\n<meta name=\"robots\" content=\"index, follow, max-snippet:-1, max-image-preview:large, max-video-preview:-1\" \/>\n<link rel=\"canonical\" href=\"https:\/\/informelitoral.com.ar\/parana-una-persecucion-termino-con-un-detenido-y-un-importante-secuestro-de-dinero\/\" \/>\n<meta property=\"og:locale\" content=\"es_ES\" \/>\n<meta property=\"og:type\" content=\"article\" \/>\n<meta property=\"og:title\" content=\"Paran\u00e1: una persecuci\u00f3n termin\u00f3 con un detenido y un importante secuestro de dinero - Informe Litoral\" \/>\n<meta property=\"og:description\" content=\"El incidente ocurri\u00f3 anoche en la zona de calles Dominico Irlandeses y Tibiletti. Tras un intento de fuga, un motociclista fue alcanzado por la polic\u00eda en un operativo que incluy\u00f3 momentos de violencia y un gran despliegue de patrulleros.\" \/>\n<meta property=\"og:url\" content=\"https:\/\/informelitoral.com.ar\/parana-una-persecucion-termino-con-un-detenido-y-un-importante-secuestro-de-dinero\/\" \/>\n<meta property=\"og:site_name\" content=\"Informe Litoral\" \/>\n<meta property=\"article:publisher\" content=\"https:\/\/www.facebook.com\/informelitoral\/\" \/>\n<meta property=\"article:published_time\" content=\"2026-01-08T13:27:23+00:00\" \/>\n<meta property=\"article:modified_time\" content=\"2026-01-08T15:05:24+00:00\" \/>\n<meta property=\"og:image\" content=\"https:\/\/drive.google.com\/thumbnail?id=1zwzN5sv_CpLGL9oMGKd7Nvlh5iuTkkVK&sz=w2048\" \/>\n\t<meta property=\"og:image:width\" content=\"523\" \/>\n\t<meta property=\"og:image:height\" content=\"287\" \/>\n\t<meta property=\"og:image:type\" content=\"image\/jpeg\" \/>\n<meta name=\"author\" content=\"Sebastian\" \/>\n<meta name=\"twitter:card\" content=\"summary_large_image\" \/>\n<meta name=\"twitter:creator\" content=\"@InformeLitoral\" \/>\n<meta name=\"twitter:site\" content=\"@InformeLitoral\" \/>\n<meta name=\"twitter:label1\" content=\"Escrito por\" \/>\n\t<meta name=\"twitter:data1\" content=\"Sebastian\" \/>\n\t<meta name=\"twitter:label2\" content=\"Tiempo de lectura\" \/>\n\t<meta name=\"twitter:data2\" content=\"3 minutos\" \/>\n<script type=\"application\/ld+json\" class=\"yoast-schema-graph\">{\"@context\":\"https:\\\/\\\/schema.org\",\"@graph\":[{\"@type\":\"Article\",\"@id\":\"https:\\\/\\\/informelitoral.com.ar\\\/parana-una-persecucion-termino-con-un-detenido-y-un-importante-secuestro-de-dinero\\\/#article\",\"isPartOf\":{\"@id\":\"https:\\\/\\\/informelitoral.com.ar\\\/parana-una-persecucion-termino-con-un-detenido-y-un-importante-secuestro-de-dinero\\\/\"},\"author\":{\"name\":\"Sebastian\",\"@id\":\"https:\\\/\\\/informelitoral.com.ar\\\/#\\\/schema\\\/person\\\/f05f9f461677119578717524b127d6d5\"},\"headline\":\"Paran\u00e1: una persecuci\u00f3n termin\u00f3 con un detenido y un importante secuestro de dinero\",\"datePublished\":\"2026-01-08T13:27:23+00:00\",\"dateModified\":\"2026-01-08T15:05:24+00:00\",\"mainEntityOfPage\":{\"@id\":\"https:\\\/\\\/informelitoral.com.ar\\\/parana-una-persecucion-termino-con-un-detenido-y-un-importante-secuestro-de-dinero\\\/\"},\"wordCount\":298,\"commentCount\":0,\"publisher\":{\"@id\":\"https:\\\/\\\/informelitoral.com.ar\\\/#organization\"},\"image\":{\"@id\":\"https:\\\/\\\/informelitoral.com.ar\\\/parana-una-persecucion-termino-con-un-detenido-y-un-importante-secuestro-de-dinero\\\/#primaryimage\"},\"thumbnailUrl\":\"https:\\\/\\\/drive.google.com\\\/thumbnail?id=1zwzN5sv_CpLGL9oMGKd7Nvlh5iuTkkVK&sz=w2048\",\"keywords\":[\"Detenciones\",\"Dinero\",\"Paran\u00e1\",\"Secuestro\"],\"articleSection\":[\"Policiales\"],\"inLanguage\":\"es\",\"potentialAction\":[{\"@type\":\"CommentAction\",\"name\":\"Comment\",\"target\":[\"https:\\\/\\\/informelitoral.com.ar\\\/parana-una-persecucion-termino-con-un-detenido-y-un-importante-secuestro-de-dinero\\\/#respond\"]}]},{\"@type\":\"WebPage\",\"@id\":\"https:\\\/\\\/informelitoral.com.ar\\\/parana-una-persecucion-termino-con-un-detenido-y-un-importante-secuestro-de-dinero\\\/\",\"url\":\"https:\\\/\\\/informelitoral.com.ar\\\/parana-una-persecucion-termino-con-un-detenido-y-un-importante-secuestro-de-dinero\\\/\",\"name\":\"Paran\u00e1: una persecuci\u00f3n termin\u00f3 con un detenido y un importante secuestro de dinero - Informe Litoral\",\"isPartOf\":{\"@id\":\"https:\\\/\\\/informelitoral.com.ar\\\/#website\"},\"primaryImageOfPage\":{\"@id\":\"https:\\\/\\\/informelitoral.com.ar\\\/parana-una-persecucion-termino-con-un-detenido-y-un-importante-secuestro-de-dinero\\\/#primaryimage\"},\"image\":{\"@id\":\"https:\\\/\\\/informelitoral.com.ar\\\/parana-una-persecucion-termino-con-un-detenido-y-un-importante-secuestro-de-dinero\\\/#primaryimage\"},\"thumbnailUrl\":\"https:\\\/\\\/drive.google.com\\\/thumbnail?id=1zwzN5sv_CpLGL9oMGKd7Nvlh5iuTkkVK&sz=w2048\",\"datePublished\":\"2026-01-08T13:27:23+00:00\",\"dateModified\":\"2026-01-08T15:05:24+00:00\",\"breadcrumb\":{\"@id\":\"https:\\\/\\\/informelitoral.com.ar\\\/parana-una-persecucion-termino-con-un-detenido-y-un-importante-secuestro-de-dinero\\\/#breadcrumb\"},\"inLanguage\":\"es\",\"potentialAction\":[{\"@type\":\"ReadAction\",\"target\":[\"https:\\\/\\\/informelitoral.com.ar\\\/parana-una-persecucion-termino-con-un-detenido-y-un-importante-secuestro-de-dinero\\\/\"]}]},{\"@type\":\"ImageObject\",\"inLanguage\":\"es\",\"@id\":\"https:\\\/\\\/informelitoral.com.ar\\\/parana-una-persecucion-termino-con-un-detenido-y-un-importante-secuestro-de-dinero\\\/#primaryimage\",\"url\":\"https:\\\/\\\/drive.google.com\\\/thumbnail?id=1zwzN5sv_CpLGL9oMGKd7Nvlh5iuTkkVK&sz=w2048\",\"contentUrl\":\"https:\\\/\\\/drive.google.com\\\/thumbnail?id=1zwzN5sv_CpLGL9oMGKd7Nvlh5iuTkkVK&sz=w2048\",\"width\":523,\"height\":287},{\"@type\":\"BreadcrumbList\",\"@id\":\"https:\\\/\\\/informelitoral.com.ar\\\/parana-una-persecucion-termino-con-un-detenido-y-un-importante-secuestro-de-dinero\\\/#breadcrumb\",\"itemListElement\":[{\"@type\":\"ListItem\",\"position\":1,\"name\":\"Portada\",\"item\":\"https:\\\/\\\/informelitoral.com.ar\\\/\"},{\"@type\":\"ListItem\",\"position\":2,\"name\":\"Paran\u00e1: una persecuci\u00f3n termin\u00f3 con un detenido y un importante secuestro de dinero\"}]},{\"@type\":\"WebSite\",\"@id\":\"https:\\\/\\\/informelitoral.com.ar\\\/#website\",\"url\":\"https:\\\/\\\/informelitoral.com.ar\\\/\",\"name\":\"Informe Litoral\",\"description\":\"&quot;Nos informamos&quot; \",\"publisher\":{\"@id\":\"https:\\\/\\\/informelitoral.com.ar\\\/#organization\"},\"potentialAction\":[{\"@type\":\"SearchAction\",\"target\":{\"@type\":\"EntryPoint\",\"urlTemplate\":\"https:\\\/\\\/informelitoral.com.ar\\\/?s={search_term_string}\"},\"query-input\":{\"@type\":\"PropertyValueSpecification\",\"valueRequired\":true,\"valueName\":\"search_term_string\"}}],\"inLanguage\":\"es\"},{\"@type\":\"Organization\",\"@id\":\"https:\\\/\\\/informelitoral.com.ar\\\/#organization\",\"name\":\"Informe Litoral\",\"url\":\"https:\\\/\\\/informelitoral.com.ar\\\/\",\"logo\":{\"@type\":\"ImageObject\",\"inLanguage\":\"es\",\"@id\":\"https:\\\/\\\/informelitoral.com.ar\\\/#\\\/schema\\\/logo\\\/image\\\/\",\"url\":\"https:\\\/\\\/informelitoral.com.ar\\\/%77%70%2d%63%6f%6e%74%65%6e%74\\\/uploads\\\/2021\\\/01\\\/circulo.png\",\"contentUrl\":\"https:\\\/\\\/informelitoral.com.ar\\\/%77%70%2d%63%6f%6e%74%65%6e%74\\\/uploads\\\/2021\\\/01\\\/circulo.png\",\"width\":723,\"height\":731,\"caption\":\"Informe Litoral\"},\"image\":{\"@id\":\"https:\\\/\\\/informelitoral.com.ar\\\/#\\\/schema\\\/logo\\\/image\\\/\"},\"sameAs\":[\"https:\\\/\\\/www.facebook.com\\\/informelitoral\\\/\",\"https:\\\/\\\/x.com\\\/InformeLitoral\",\"https:\\\/\\\/www.instagram.com\\\/informelitoral\\\/\",\"https:\\\/\\\/www.youtube.com\\\/channel\\\/UCua4Qvz8Icb6MYqhoq9xLXw\"]},{\"@type\":\"Person\",\"@id\":\"https:\\\/\\\/informelitoral.com.ar\\\/#\\\/schema\\\/person\\\/f05f9f461677119578717524b127d6d5\",\"name\":\"Sebastian\",\"image\":{\"@type\":\"ImageObject\",\"inLanguage\":\"es\",\"@id\":\"https:\\\/\\\/secure.gravatar.com\\\/avatar\\\/b71bf7481d447dfb9583c7f2798e7cc64de6efb9067b74633ed8c31059a3bd82?s=96&d=mm&r=g\",\"url\":\"https:\\\/\\\/secure.gravatar.com\\\/avatar\\\/b71bf7481d447dfb9583c7f2798e7cc64de6efb9067b74633ed8c31059a3bd82?s=96&d=mm&r=g\",\"contentUrl\":\"https:\\\/\\\/secure.gravatar.com\\\/avatar\\\/b71bf7481d447dfb9583c7f2798e7cc64de6efb9067b74633ed8c31059a3bd82?s=96&d=mm&r=g\",\"caption\":\"Sebastian\"},\"url\":\"https:\\\/\\\/informelitoral.com.ar\\\/author\\\/sebastian\\\/\"}]}<\/script>","yoast_head_json":{"title":"Paran\u00e1: una persecuci\u00f3n termin\u00f3 con un detenido y un importante secuestro de dinero - Informe Litoral","robots":{"index":"index","follow":"follow","max-snippet":"max-snippet:-1","max-image-preview":"max-image-preview:large","max-video-preview":"max-video-preview:-1"},"canonical":"https:\/\/informelitoral.com.ar\/parana-una-persecucion-termino-con-un-detenido-y-un-importante-secuestro-de-dinero\/","og_locale":"es_ES","og_type":"article","og_title":"Paran\u00e1: una persecuci\u00f3n termin\u00f3 con un detenido y un importante secuestro de dinero - Informe Litoral","og_description":"El incidente ocurri\u00f3 anoche en la zona de calles Dominico Irlandeses y Tibiletti. Tras un intento de fuga, un motociclista fue alcanzado por la polic\u00eda en un operativo que incluy\u00f3 momentos de violencia y un gran despliegue de patrulleros.","og_url":"https:\/\/informelitoral.com.ar\/parana-una-persecucion-termino-con-un-detenido-y-un-importante-secuestro-de-dinero\/","og_site_name":"Informe Litoral","article_publisher":"https:\/\/www.facebook.com\/informelitoral\/","article_published_time":"2026-01-08T13:27:23+00:00","article_modified_time":"2026-01-08T15:05:24+00:00","og_image":[{"width":523,"height":287,"url":"https:\/\/drive.google.com\/thumbnail?id=1zwzN5sv_CpLGL9oMGKd7Nvlh5iuTkkVK&sz=w2048","type":"image\/jpeg"}],"author":"Sebastian","twitter_card":"summary_large_image","twitter_creator":"@InformeLitoral","twitter_site":"@InformeLitoral","twitter_misc":{"Escrito por":"Sebastian","Tiempo de lectura":"3 minutos"},"schema":{"@context":"https:\/\/schema.org","@graph":[{"@type":"Article","@id":"https:\/\/informelitoral.com.ar\/parana-una-persecucion-termino-con-un-detenido-y-un-importante-secuestro-de-dinero\/#article","isPartOf":{"@id":"https:\/\/informelitoral.com.ar\/parana-una-persecucion-termino-con-un-detenido-y-un-importante-secuestro-de-dinero\/"},"author":{"name":"Sebastian","@id":"https:\/\/informelitoral.com.ar\/#\/schema\/person\/f05f9f461677119578717524b127d6d5"},"headline":"Paran\u00e1: una persecuci\u00f3n termin\u00f3 con un detenido y un importante secuestro de dinero","datePublished":"2026-01-08T13:27:23+00:00","dateModified":"2026-01-08T15:05:24+00:00","mainEntityOfPage":{"@id":"https:\/\/informelitoral.com.ar\/parana-una-persecucion-termino-con-un-detenido-y-un-importante-secuestro-de-dinero\/"},"wordCount":298,"commentCount":0,"publisher":{"@id":"https:\/\/informelitoral.com.ar\/#organization"},"image":{"@id":"https:\/\/informelitoral.com.ar\/parana-una-persecucion-termino-con-un-detenido-y-un-importante-secuestro-de-dinero\/#primaryimage"},"thumbnailUrl":"https:\/\/drive.google.com\/thumbnail?id=1zwzN5sv_CpLGL9oMGKd7Nvlh5iuTkkVK&sz=w2048","keywords":["Detenciones","Dinero","Paran\u00e1","Secuestro"],"articleSection":["Policiales"],"inLanguage":"es","potentialAction":[{"@type":"CommentAction","name":"Comment","target":["https:\/\/informelitoral.com.ar\/parana-una-persecucion-termino-con-un-detenido-y-un-importante-secuestro-de-dinero\/#respond"]}]},{"@type":"WebPage","@id":"https:\/\/informelitoral.com.ar\/parana-una-persecucion-termino-con-un-detenido-y-un-importante-secuestro-de-dinero\/","url":"https:\/\/informelitoral.com.ar\/parana-una-persecucion-termino-con-un-detenido-y-un-importante-secuestro-de-dinero\/","name":"Paran\u00e1: una persecuci\u00f3n termin\u00f3 con un detenido y un importante secuestro de dinero - Informe Litoral","isPartOf":{"@id":"https:\/\/informelitoral.com.ar\/#website"},"primaryImageOfPage":{"@id":"https:\/\/informelitoral.com.ar\/parana-una-persecucion-termino-con-un-detenido-y-un-importante-secuestro-de-dinero\/#primaryimage"},"image":{"@id":"https:\/\/informelitoral.com.ar\/parana-una-persecucion-termino-con-un-detenido-y-un-importante-secuestro-de-dinero\/#primaryimage"},"thumbnailUrl":"https:\/\/drive.google.com\/thumbnail?id=1zwzN5sv_CpLGL9oMGKd7Nvlh5iuTkkVK&sz=w2048","datePublished":"2026-01-08T13:27:23+00:00","dateModified":"2026-01-08T15:05:24+00:00","breadcrumb":{"@id":"https:\/\/informelitoral.com.ar\/parana-una-persecucion-termino-con-un-detenido-y-un-importante-secuestro-de-dinero\/#breadcrumb"},"inLanguage":"es","potentialAction":[{"@type":"ReadAction","target":["https:\/\/informelitoral.com.ar\/parana-una-persecucion-termino-con-un-detenido-y-un-importante-secuestro-de-dinero\/"]}]},{"@type":"ImageObject","inLanguage":"es","@id":"https:\/\/informelitoral.com.ar\/parana-una-persecucion-termino-con-un-detenido-y-un-importante-secuestro-de-dinero\/#primaryimage","url":"https:\/\/drive.google.com\/thumbnail?id=1zwzN5sv_CpLGL9oMGKd7Nvlh5iuTkkVK&sz=w2048","contentUrl":"https:\/\/drive.google.com\/thumbnail?id=1zwzN5sv_CpLGL9oMGKd7Nvlh5iuTkkVK&sz=w2048","width":523,"height":287},{"@type":"BreadcrumbList","@id":"https:\/\/informelitoral.com.ar\/parana-una-persecucion-termino-con-un-detenido-y-un-importante-secuestro-de-dinero\/#breadcrumb","itemListElement":[{"@type":"ListItem","position":1,"name":"Portada","item":"https:\/\/informelitoral.com.ar\/"},{"@type":"ListItem","position":2,"name":"Paran\u00e1: una persecuci\u00f3n termin\u00f3 con un detenido y un importante secuestro de dinero"}]},{"@type":"WebSite","@id":"https:\/\/informelitoral.com.ar\/#website","url":"https:\/\/informelitoral.com.ar\/","name":"Informe Litoral","description":"&quot;Nos informamos&quot; ","publisher":{"@id":"https:\/\/informelitoral.com.ar\/#organization"},"potentialAction":[{"@type":"SearchAction","target":{"@type":"EntryPoint","urlTemplate":"https:\/\/informelitoral.com.ar\/?s={search_term_string}"},"query-input":{"@type":"PropertyValueSpecification","valueRequired":true,"valueName":"search_term_string"}}],"inLanguage":"es"},{"@type":"Organization","@id":"https:\/\/informelitoral.com.ar\/#organization","name":"Informe Litoral","url":"https:\/\/informelitoral.com.ar\/","logo":{"@type":"ImageObject","inLanguage":"es","@id":"https:\/\/informelitoral.com.ar\/#\/schema\/logo\/image\/","url":"https:\/\/informelitoral.com.ar\/%77%70%2d%63%6f%6e%74%65%6e%74\/uploads\/2021\/01\/circulo.png","contentUrl":"https:\/\/informelitoral.com.ar\/%77%70%2d%63%6f%6e%74%65%6e%74\/uploads\/2021\/01\/circulo.png","width":723,"height":731,"caption":"Informe Litoral"},"image":{"@id":"https:\/\/informelitoral.com.ar\/#\/schema\/logo\/image\/"},"sameAs":["https:\/\/www.facebook.com\/informelitoral\/","https:\/\/x.com\/InformeLitoral","https:\/\/www.instagram.com\/informelitoral\/","https:\/\/www.youtube.com\/channel\/UCua4Qvz8Icb6MYqhoq9xLXw"]},{"@type":"Person","@id":"https:\/\/informelitoral.com.ar\/#\/schema\/person\/f05f9f461677119578717524b127d6d5","name":"Sebastian","image":{"@type":"ImageObject","inLanguage":"es","@id":"https:\/\/secure.gravatar.com\/avatar\/b71bf7481d447dfb9583c7f2798e7cc64de6efb9067b74633ed8c31059a3bd82?s=96&d=mm&r=g","url":"https:\/\/secure.gravatar.com\/avatar\/b71bf7481d447dfb9583c7f2798e7cc64de6efb9067b74633ed8c31059a3bd82?s=96&d=mm&r=g","contentUrl":"https:\/\/secure.gravatar.com\/avatar\/b71bf7481d447dfb9583c7f2798e7cc64de6efb9067b74633ed8c31059a3bd82?s=96&d=mm&r=g","caption":"Sebastian"},"url":"https:\/\/informelitoral.com.ar\/author\/sebastian\/"}]}},"_links":{"self":[{"href":"https:\/\/informelitoral.com.ar\/%77%70%2d%6a%73%6f%6e\/wp\/v2\/posts\/245983","targetHints":{"allow":["GET"]}}],"collection":[{"href":"https:\/\/informelitoral.com.ar\/%77%70%2d%6a%73%6f%6e\/wp\/v2\/posts"}],"about":[{"href":"https:\/\/informelitoral.com.ar\/%77%70%2d%6a%73%6f%6e\/wp\/v2\/types\/post"}],"author":[{"embeddable":true,"href":"https:\/\/informelitoral.com.ar\/%77%70%2d%6a%73%6f%6e\/wp\/v2\/users\/8"}],"replies":[{"embeddable":true,"href":"https:\/\/informelitoral.com.ar\/%77%70%2d%6a%73%6f%6e\/wp\/v2\/comments?post=245983"}],"version-history":[{"count":5,"href":"https:\/\/informelitoral.com.ar\/%77%70%2d%6a%73%6f%6e\/wp\/v2\/posts\/245983\/revisions"}],"predecessor-version":[{"id":246029,"href":"https:\/\/informelitoral.com.ar\/%77%70%2d%6a%73%6f%6e\/wp\/v2\/posts\/245983\/revisions\/246029"}],"wp:featuredmedia":[{"embeddable":true,"href":"https:\/\/informelitoral.com.ar\/%77%70%2d%6a%73%6f%6e\/wp\/v2\/media\/245984"}],"wp:attachment":[{"href":"https:\/\/informelitoral.com.ar\/%77%70%2d%6a%73%6f%6e\/wp\/v2\/media?parent=245983"}],"wp:term":[{"taxonomy":"category","embeddable":true,"href":"https:\/\/informelitoral.com.ar\/%77%70%2d%6a%73%6f%6e\/wp\/v2\/categories?post=245983"},{"taxonomy":"post_tag","embeddable":true,"href":"https:\/\/informelitoral.com.ar\/%77%70%2d%6a%73%6f%6e\/wp\/v2\/tags?post=245983"}],"curies":[{"name":"wp","href":"https:\/\/api.w.org\/{rel}","templated":true}]}}