{"id":245786,"date":"2026-01-06T11:43:10","date_gmt":"2026-01-06T14:43:10","guid":{"rendered":"https:\/\/informelitoral.com.ar\/?p=245786"},"modified":"2026-01-06T13:44:37","modified_gmt":"2026-01-06T16:44:37","slug":"grave-incendio-forestal-en-la-reserva-tierra-chana-dos-bomberas-resultaron-heridas-durante-el-combate-de-las-llamas","status":"publish","type":"post","link":"https:\/\/informelitoral.com.ar\/grave-incendio-forestal-en-la-reserva-tierra-chana-dos-bomberas-resultaron-heridas-durante-el-combate-de-las-llamas\/","title":{"rendered":"Grave incendio forestal en la Reserva Tierra Chan\u00e1: dos bomberas resultaron heridas durante el combate de las llamas"},"content":{"rendered":"<p data-path-to-node=\"4\">Una jornada de extrema tensi\u00f3n se vivi\u00f3 este lunes en la <b data-path-to-node=\"4\" data-index-in-node=\"69\">Reserva Natural Tierra Chan\u00e1<\/b> tras desatarse un incendio forestal de grandes dimensiones que puso en peligro la biodiversidad del \u00e1rea protegida. El alerta ingres\u00f3 a la Guardia de <b data-path-to-node=\"4\" data-index-in-node=\"248\">Bomberos Voluntarios de Diamante<\/b> minutos antes de las <b data-path-to-node=\"4\" data-index-in-node=\"302\">19:00<\/b>, cuando m\u00faltiples llamados telef\u00f3nicos advirtieron sobre la magnitud del foco \u00edgneo, lo que oblig\u00f3 a movilizar de inmediato a la totalidad del personal del Cuerpo Activo.<\/p>\n<p data-path-to-node=\"4\"><img loading=\"lazy\" decoding=\"async\" class=\"aligncenter\" src=\"https:\/\/scontent.fpra1-1.fna.fbcdn.net\/v\/t39.30808-6\/612035198_1487083993426516_4505153348734624607_n.jpg?_nc_cat=101&amp;ccb=1-7&amp;_nc_sid=127cfc&amp;_nc_eui2=AeH6PBQbEiOC0d93JRS1NtR8PsZ41GHtjBA-xnjUYe2MEC-W4crNI0o0qFky4rULb-DKWvXzOTsdJQe3aZwuxx44&amp;_nc_ohc=bHcEejYOSfYQ7kNvwH72fFF&amp;_nc_oc=AdkBjCXapJ4uE4mG_392IHrxI19aE2S7EstWDqmQpRvT_av6uL5P0F09M2FdTdfVGJQ&amp;_nc_zt=23&amp;_nc_ht=scontent.fpra1-1.fna&amp;_nc_gid=dKtWNqChRpE0egxltJ1rWg&amp;oh=00_Afr6DsVJChMEy2sFqmk-71zZMr3s9HZcPJd6VLbW-xvhHA&amp;oe=69630641\" alt=\"Puede ser una imagen de fuego\" width=\"425\" height=\"320\" \/><\/p>\n<p data-path-to-node=\"5\">El operativo de emergencia cont\u00f3 con el despliegue de <b data-path-to-node=\"5\" data-index-in-node=\"54\">cuatro unidades m\u00f3viles<\/b> y la intervenci\u00f3n de m\u00e1s de <b data-path-to-node=\"5\" data-index-in-node=\"106\">diez bomberos<\/b>, quienes trabajaron incansablemente para contener el avance del fuego. Debido a la complejidad del terreno y la densidad de la vegetaci\u00f3n, las tareas de extinci\u00f3n se complementaron con el apoyo estrat\u00e9gico de una <b data-path-to-node=\"5\" data-index-in-node=\"333\">retroexcavadora de la Municipalidad de Diamante<\/b>, herramienta que result\u00f3 fundamental para realizar los cortes de terreno y facilitar el acceso a las zonas m\u00e1s comprometidas por las llamas.<\/p>\n<p data-path-to-node=\"5\"><img decoding=\"async\" class=\"aligncenter\" src=\"https:\/\/scontent.fpra1-1.fna.fbcdn.net\/v\/t39.30808-6\/609134908_1487084063426509_2240222427306285695_n.jpg?_nc_cat=111&amp;ccb=1-7&amp;_nc_sid=127cfc&amp;_nc_eui2=AeHAg0cC0WL_A4A26w2mQQIIr6LvsIyscc6vou-wjKxxzvOba1bSXf2UyZbcXOjrp-LjGG4-PjnVC7Q_YgQhhquG&amp;_nc_ohc=yelxfAstS-MQ7kNvwFZSfhM&amp;_nc_oc=AdkEUcdRCxZeLGDp_dBW4DgXYtsrdWj4PTRKDY4g0tmXZvZpEMIB_QAERQAp_U3Q0RQ&amp;_nc_zt=23&amp;_nc_ht=scontent.fpra1-1.fna&amp;_nc_gid=PkC3vC0JgVxI02Cc_fwVmQ&amp;oh=00_Afrmcau6rFY0NQ7_SWFAMOA3M8pPz4TTqhLgdTjXWhdSYA&amp;oe=69630207\" alt=\"Puede ser una imagen de fuego\" \/><\/p>\n<p data-path-to-node=\"6\">A pesar de que el fuego logr\u00f3 ser controlado cerca de las <b data-path-to-node=\"6\" data-index-in-node=\"58\">23:30<\/b>, el esfuerzo f\u00edsico y los riesgos del entorno dejaron consecuencias en el personal. <b data-path-to-node=\"6\" data-index-in-node=\"154\">Dos bomberas debieron recibir atenci\u00f3n m\u00e9dica<\/b> en el Hospital San Jos\u00e9 tras la finalizaci\u00f3n del servicio. Una de ellas fue asistida por <b data-path-to-node=\"6\" data-index-in-node=\"289\">inhalaci\u00f3n de humo<\/b>, mientras que su compa\u00f1era sufri\u00f3 un <b data-path-to-node=\"6\" data-index-in-node=\"345\">fuerte golpe en un ojo<\/b> al impactar contra una chilca durante las maniobras de combate. Desde la instituci\u00f3n de Bomberos informaron que ambas se encuentran <b data-path-to-node=\"6\" data-index-in-node=\"500\">fuera de peligro<\/b> y bajo observaci\u00f3n preventiva, sin presentar lesiones de gravedad.<\/p>\n<p data-path-to-node=\"7\">La Reserva Tierra Chan\u00e1, un espacio clave para la conservaci\u00f3n ambiental en la regi\u00f3n, sufri\u00f3 da\u00f1os que a\u00fan est\u00e1n siendo evaluados por las autoridades locales. Se espera que en las pr\u00f3ximas horas se realicen peritajes para determinar las causas que originaron este foco de gran magnitud.(<em>FM Diamante<\/em>)<\/p>\n","protected":false},"excerpt":{"rendered":"<p>El siniestro se desat\u00f3 este lunes por la tarde en Diamante y demand\u00f3 un intenso operativo de m\u00e1s de cinco horas que incluy\u00f3 a brigadistas y maquinaria municipal.<\/p>\n","protected":false},"author":8,"featured_media":245787,"comment_status":"open","ping_status":"open","sticky":false,"template":"","format":"standard","meta":{"fifu_image_url":"https:\/\/i0.wp.com\/diamantefm.com.ar\/wp-content\/uploads\/2026\/01\/whatsapp-image-2026-01-06-at-10.44.46-e1767707794515.jpeg?resize=597%2C329&ssl=1","fifu_image_alt":"","footnotes":""},"categories":[5],"tags":[34,1695],"class_list":{"0":"post-245786","1":"post","2":"type-post","3":"status-publish","4":"format-standard","5":"has-post-thumbnail","7":"category-zonales","8":"tag-diamante","9":"tag-incendios"},"yoast_head":"<title>Grave incendio forestal en la Reserva Tierra Chan\u00e1: dos bomberas resultaron heridas durante el combate de las llamas - Informe Litoral<\/title>\n<meta name=\"robots\" content=\"index, follow, max-snippet:-1, max-image-preview:large, max-video-preview:-1\" \/>\n<link rel=\"canonical\" href=\"https:\/\/informelitoral.com.ar\/grave-incendio-forestal-en-la-reserva-tierra-chana-dos-bomberas-resultaron-heridas-durante-el-combate-de-las-llamas\/\" \/>\n<meta property=\"og:locale\" content=\"es_ES\" \/>\n<meta property=\"og:type\" content=\"article\" \/>\n<meta property=\"og:title\" content=\"Grave incendio forestal en la Reserva Tierra Chan\u00e1: dos bomberas resultaron heridas durante el combate de las llamas - Informe Litoral\" \/>\n<meta property=\"og:description\" content=\"El siniestro se desat\u00f3 este lunes por la tarde en Diamante y demand\u00f3 un intenso operativo de m\u00e1s de cinco horas que incluy\u00f3 a brigadistas y maquinaria municipal.\" \/>\n<meta property=\"og:url\" content=\"https:\/\/informelitoral.com.ar\/grave-incendio-forestal-en-la-reserva-tierra-chana-dos-bomberas-resultaron-heridas-durante-el-combate-de-las-llamas\/\" \/>\n<meta property=\"og:site_name\" content=\"Informe Litoral\" \/>\n<meta property=\"article:publisher\" content=\"https:\/\/www.facebook.com\/informelitoral\/\" \/>\n<meta property=\"article:published_time\" content=\"2026-01-06T14:43:10+00:00\" \/>\n<meta property=\"article:modified_time\" content=\"2026-01-06T16:44:37+00:00\" \/>\n<meta property=\"og:image\" content=\"https:\/\/i0.wp.com\/diamantefm.com.ar\/%77%70%2d%63%6f%6e%74%65%6e%74\/uploads\/2026\/01\/whatsapp-image-2026-01-06-at-10.44.46-e1767707794515.jpeg?resize=597%2C329&ssl=1\" \/>\n<meta name=\"author\" content=\"Sebastian\" \/>\n<meta name=\"twitter:card\" content=\"summary_large_image\" \/>\n<meta name=\"twitter:image\" content=\"https:\/\/i0.wp.com\/diamantefm.com.ar\/%77%70%2d%63%6f%6e%74%65%6e%74\/uploads\/2026\/01\/whatsapp-image-2026-01-06-at-10.44.46-e1767707794515.jpeg?resize=597%2C329&ssl=1\" \/>\n<meta name=\"twitter:creator\" content=\"@InformeLitoral\" \/>\n<meta name=\"twitter:site\" content=\"@InformeLitoral\" \/>\n<meta name=\"twitter:label1\" content=\"Escrito por\" \/>\n\t<meta name=\"twitter:data1\" content=\"Sebastian\" \/>\n\t<meta name=\"twitter:label2\" content=\"Tiempo de lectura\" \/>\n\t<meta name=\"twitter:data2\" content=\"3 minutos\" \/>\n<script type=\"application\/ld+json\" class=\"yoast-schema-graph\">{\"@context\":\"https:\\\/\\\/schema.org\",\"@graph\":[{\"@type\":\"Article\",\"@id\":\"https:\\\/\\\/informelitoral.com.ar\\\/grave-incendio-forestal-en-la-reserva-tierra-chana-dos-bomberas-resultaron-heridas-durante-el-combate-de-las-llamas\\\/#article\",\"isPartOf\":{\"@id\":\"https:\\\/\\\/informelitoral.com.ar\\\/grave-incendio-forestal-en-la-reserva-tierra-chana-dos-bomberas-resultaron-heridas-durante-el-combate-de-las-llamas\\\/\"},\"author\":{\"name\":\"Sebastian\",\"@id\":\"https:\\\/\\\/informelitoral.com.ar\\\/#\\\/schema\\\/person\\\/f05f9f461677119578717524b127d6d5\"},\"headline\":\"Grave incendio forestal en la Reserva Tierra Chan\u00e1: dos bomberas resultaron heridas durante el combate de las llamas\",\"datePublished\":\"2026-01-06T14:43:10+00:00\",\"dateModified\":\"2026-01-06T16:44:37+00:00\",\"mainEntityOfPage\":{\"@id\":\"https:\\\/\\\/informelitoral.com.ar\\\/grave-incendio-forestal-en-la-reserva-tierra-chana-dos-bomberas-resultaron-heridas-durante-el-combate-de-las-llamas\\\/\"},\"wordCount\":337,\"commentCount\":0,\"publisher\":{\"@id\":\"https:\\\/\\\/informelitoral.com.ar\\\/#organization\"},\"image\":{\"@id\":\"https:\\\/\\\/informelitoral.com.ar\\\/grave-incendio-forestal-en-la-reserva-tierra-chana-dos-bomberas-resultaron-heridas-durante-el-combate-de-las-llamas\\\/#primaryimage\"},\"thumbnailUrl\":\"https:\\\/\\\/i0.wp.com\\\/diamantefm.com.ar\\\/%77%70%2d%63%6f%6e%74%65%6e%74\\\/uploads\\\/2026\\\/01\\\/whatsapp-image-2026-01-06-at-10.44.46-e1767707794515.jpeg?resize=597%2C329&ssl=1\",\"keywords\":[\"Diamante\",\"Incendios\"],\"articleSection\":[\"Departamento Diamante\"],\"inLanguage\":\"es\",\"potentialAction\":[{\"@type\":\"CommentAction\",\"name\":\"Comment\",\"target\":[\"https:\\\/\\\/informelitoral.com.ar\\\/grave-incendio-forestal-en-la-reserva-tierra-chana-dos-bomberas-resultaron-heridas-durante-el-combate-de-las-llamas\\\/#respond\"]}]},{\"@type\":\"WebPage\",\"@id\":\"https:\\\/\\\/informelitoral.com.ar\\\/grave-incendio-forestal-en-la-reserva-tierra-chana-dos-bomberas-resultaron-heridas-durante-el-combate-de-las-llamas\\\/\",\"url\":\"https:\\\/\\\/informelitoral.com.ar\\\/grave-incendio-forestal-en-la-reserva-tierra-chana-dos-bomberas-resultaron-heridas-durante-el-combate-de-las-llamas\\\/\",\"name\":\"Grave incendio forestal en la Reserva Tierra Chan\u00e1: dos bomberas resultaron heridas durante el combate de las llamas - Informe Litoral\",\"isPartOf\":{\"@id\":\"https:\\\/\\\/informelitoral.com.ar\\\/#website\"},\"primaryImageOfPage\":{\"@id\":\"https:\\\/\\\/informelitoral.com.ar\\\/grave-incendio-forestal-en-la-reserva-tierra-chana-dos-bomberas-resultaron-heridas-durante-el-combate-de-las-llamas\\\/#primaryimage\"},\"image\":{\"@id\":\"https:\\\/\\\/informelitoral.com.ar\\\/grave-incendio-forestal-en-la-reserva-tierra-chana-dos-bomberas-resultaron-heridas-durante-el-combate-de-las-llamas\\\/#primaryimage\"},\"thumbnailUrl\":\"https:\\\/\\\/i0.wp.com\\\/diamantefm.com.ar\\\/%77%70%2d%63%6f%6e%74%65%6e%74\\\/uploads\\\/2026\\\/01\\\/whatsapp-image-2026-01-06-at-10.44.46-e1767707794515.jpeg?resize=597%2C329&ssl=1\",\"datePublished\":\"2026-01-06T14:43:10+00:00\",\"dateModified\":\"2026-01-06T16:44:37+00:00\",\"breadcrumb\":{\"@id\":\"https:\\\/\\\/informelitoral.com.ar\\\/grave-incendio-forestal-en-la-reserva-tierra-chana-dos-bomberas-resultaron-heridas-durante-el-combate-de-las-llamas\\\/#breadcrumb\"},\"inLanguage\":\"es\",\"potentialAction\":[{\"@type\":\"ReadAction\",\"target\":[\"https:\\\/\\\/informelitoral.com.ar\\\/grave-incendio-forestal-en-la-reserva-tierra-chana-dos-bomberas-resultaron-heridas-durante-el-combate-de-las-llamas\\\/\"]}]},{\"@type\":\"ImageObject\",\"inLanguage\":\"es\",\"@id\":\"https:\\\/\\\/informelitoral.com.ar\\\/grave-incendio-forestal-en-la-reserva-tierra-chana-dos-bomberas-resultaron-heridas-durante-el-combate-de-las-llamas\\\/#primaryimage\",\"url\":\"https:\\\/\\\/i0.wp.com\\\/diamantefm.com.ar\\\/%77%70%2d%63%6f%6e%74%65%6e%74\\\/uploads\\\/2026\\\/01\\\/whatsapp-image-2026-01-06-at-10.44.46-e1767707794515.jpeg?resize=597%2C329&ssl=1\",\"contentUrl\":\"https:\\\/\\\/i0.wp.com\\\/diamantefm.com.ar\\\/%77%70%2d%63%6f%6e%74%65%6e%74\\\/uploads\\\/2026\\\/01\\\/whatsapp-image-2026-01-06-at-10.44.46-e1767707794515.jpeg?resize=597%2C329&ssl=1\",\"width\":\"597\",\"height\":\"329\"},{\"@type\":\"BreadcrumbList\",\"@id\":\"https:\\\/\\\/informelitoral.com.ar\\\/grave-incendio-forestal-en-la-reserva-tierra-chana-dos-bomberas-resultaron-heridas-durante-el-combate-de-las-llamas\\\/#breadcrumb\",\"itemListElement\":[{\"@type\":\"ListItem\",\"position\":1,\"name\":\"Portada\",\"item\":\"https:\\\/\\\/informelitoral.com.ar\\\/\"},{\"@type\":\"ListItem\",\"position\":2,\"name\":\"Grave incendio forestal en la Reserva Tierra Chan\u00e1: dos bomberas resultaron heridas durante el combate de las llamas\"}]},{\"@type\":\"WebSite\",\"@id\":\"https:\\\/\\\/informelitoral.com.ar\\\/#website\",\"url\":\"https:\\\/\\\/informelitoral.com.ar\\\/\",\"name\":\"Informe Litoral\",\"description\":\"&quot;Nos informamos&quot; \",\"publisher\":{\"@id\":\"https:\\\/\\\/informelitoral.com.ar\\\/#organization\"},\"potentialAction\":[{\"@type\":\"SearchAction\",\"target\":{\"@type\":\"EntryPoint\",\"urlTemplate\":\"https:\\\/\\\/informelitoral.com.ar\\\/?s={search_term_string}\"},\"query-input\":{\"@type\":\"PropertyValueSpecification\",\"valueRequired\":true,\"valueName\":\"search_term_string\"}}],\"inLanguage\":\"es\"},{\"@type\":\"Organization\",\"@id\":\"https:\\\/\\\/informelitoral.com.ar\\\/#organization\",\"name\":\"Informe Litoral\",\"url\":\"https:\\\/\\\/informelitoral.com.ar\\\/\",\"logo\":{\"@type\":\"ImageObject\",\"inLanguage\":\"es\",\"@id\":\"https:\\\/\\\/informelitoral.com.ar\\\/#\\\/schema\\\/logo\\\/image\\\/\",\"url\":\"https:\\\/\\\/informelitoral.com.ar\\\/%77%70%2d%63%6f%6e%74%65%6e%74\\\/uploads\\\/2021\\\/01\\\/circulo.png\",\"contentUrl\":\"https:\\\/\\\/informelitoral.com.ar\\\/%77%70%2d%63%6f%6e%74%65%6e%74\\\/uploads\\\/2021\\\/01\\\/circulo.png\",\"width\":723,\"height\":731,\"caption\":\"Informe Litoral\"},\"image\":{\"@id\":\"https:\\\/\\\/informelitoral.com.ar\\\/#\\\/schema\\\/logo\\\/image\\\/\"},\"sameAs\":[\"https:\\\/\\\/www.facebook.com\\\/informelitoral\\\/\",\"https:\\\/\\\/x.com\\\/InformeLitoral\",\"https:\\\/\\\/www.instagram.com\\\/informelitoral\\\/\",\"https:\\\/\\\/www.youtube.com\\\/channel\\\/UCua4Qvz8Icb6MYqhoq9xLXw\"]},{\"@type\":\"Person\",\"@id\":\"https:\\\/\\\/informelitoral.com.ar\\\/#\\\/schema\\\/person\\\/f05f9f461677119578717524b127d6d5\",\"name\":\"Sebastian\",\"image\":{\"@type\":\"ImageObject\",\"inLanguage\":\"es\",\"@id\":\"https:\\\/\\\/secure.gravatar.com\\\/avatar\\\/b71bf7481d447dfb9583c7f2798e7cc64de6efb9067b74633ed8c31059a3bd82?s=96&d=mm&r=g\",\"url\":\"https:\\\/\\\/secure.gravatar.com\\\/avatar\\\/b71bf7481d447dfb9583c7f2798e7cc64de6efb9067b74633ed8c31059a3bd82?s=96&d=mm&r=g\",\"contentUrl\":\"https:\\\/\\\/secure.gravatar.com\\\/avatar\\\/b71bf7481d447dfb9583c7f2798e7cc64de6efb9067b74633ed8c31059a3bd82?s=96&d=mm&r=g\",\"caption\":\"Sebastian\"},\"url\":\"https:\\\/\\\/informelitoral.com.ar\\\/author\\\/sebastian\\\/\"}]}<\/script>","yoast_head_json":{"title":"Grave incendio forestal en la Reserva Tierra Chan\u00e1: dos bomberas resultaron heridas durante el combate de las llamas - Informe Litoral","robots":{"index":"index","follow":"follow","max-snippet":"max-snippet:-1","max-image-preview":"max-image-preview:large","max-video-preview":"max-video-preview:-1"},"canonical":"https:\/\/informelitoral.com.ar\/grave-incendio-forestal-en-la-reserva-tierra-chana-dos-bomberas-resultaron-heridas-durante-el-combate-de-las-llamas\/","og_locale":"es_ES","og_type":"article","og_title":"Grave incendio forestal en la Reserva Tierra Chan\u00e1: dos bomberas resultaron heridas durante el combate de las llamas - Informe Litoral","og_description":"El siniestro se desat\u00f3 este lunes por la tarde en Diamante y demand\u00f3 un intenso operativo de m\u00e1s de cinco horas que incluy\u00f3 a brigadistas y maquinaria municipal.","og_url":"https:\/\/informelitoral.com.ar\/grave-incendio-forestal-en-la-reserva-tierra-chana-dos-bomberas-resultaron-heridas-durante-el-combate-de-las-llamas\/","og_site_name":"Informe Litoral","article_publisher":"https:\/\/www.facebook.com\/informelitoral\/","article_published_time":"2026-01-06T14:43:10+00:00","article_modified_time":"2026-01-06T16:44:37+00:00","og_image":[{"url":"https:\/\/i0.wp.com\/diamantefm.com.ar\/wp-content\/uploads\/2026\/01\/whatsapp-image-2026-01-06-at-10.44.46-e1767707794515.jpeg?resize=597%2C329&ssl=1","type":"","width":"","height":""}],"author":"Sebastian","twitter_card":"summary_large_image","twitter_image":"https:\/\/i0.wp.com\/diamantefm.com.ar\/wp-content\/uploads\/2026\/01\/whatsapp-image-2026-01-06-at-10.44.46-e1767707794515.jpeg?resize=597%2C329&ssl=1","twitter_creator":"@InformeLitoral","twitter_site":"@InformeLitoral","twitter_misc":{"Escrito por":"Sebastian","Tiempo de lectura":"3 minutos"},"schema":{"@context":"https:\/\/schema.org","@graph":[{"@type":"Article","@id":"https:\/\/informelitoral.com.ar\/grave-incendio-forestal-en-la-reserva-tierra-chana-dos-bomberas-resultaron-heridas-durante-el-combate-de-las-llamas\/#article","isPartOf":{"@id":"https:\/\/informelitoral.com.ar\/grave-incendio-forestal-en-la-reserva-tierra-chana-dos-bomberas-resultaron-heridas-durante-el-combate-de-las-llamas\/"},"author":{"name":"Sebastian","@id":"https:\/\/informelitoral.com.ar\/#\/schema\/person\/f05f9f461677119578717524b127d6d5"},"headline":"Grave incendio forestal en la Reserva Tierra Chan\u00e1: dos bomberas resultaron heridas durante el combate de las llamas","datePublished":"2026-01-06T14:43:10+00:00","dateModified":"2026-01-06T16:44:37+00:00","mainEntityOfPage":{"@id":"https:\/\/informelitoral.com.ar\/grave-incendio-forestal-en-la-reserva-tierra-chana-dos-bomberas-resultaron-heridas-durante-el-combate-de-las-llamas\/"},"wordCount":337,"commentCount":0,"publisher":{"@id":"https:\/\/informelitoral.com.ar\/#organization"},"image":{"@id":"https:\/\/informelitoral.com.ar\/grave-incendio-forestal-en-la-reserva-tierra-chana-dos-bomberas-resultaron-heridas-durante-el-combate-de-las-llamas\/#primaryimage"},"thumbnailUrl":"https:\/\/i0.wp.com\/diamantefm.com.ar\/%77%70%2d%63%6f%6e%74%65%6e%74\/uploads\/2026\/01\/whatsapp-image-2026-01-06-at-10.44.46-e1767707794515.jpeg?resize=597%2C329&ssl=1","keywords":["Diamante","Incendios"],"articleSection":["Departamento Diamante"],"inLanguage":"es","potentialAction":[{"@type":"CommentAction","name":"Comment","target":["https:\/\/informelitoral.com.ar\/grave-incendio-forestal-en-la-reserva-tierra-chana-dos-bomberas-resultaron-heridas-durante-el-combate-de-las-llamas\/#respond"]}]},{"@type":"WebPage","@id":"https:\/\/informelitoral.com.ar\/grave-incendio-forestal-en-la-reserva-tierra-chana-dos-bomberas-resultaron-heridas-durante-el-combate-de-las-llamas\/","url":"https:\/\/informelitoral.com.ar\/grave-incendio-forestal-en-la-reserva-tierra-chana-dos-bomberas-resultaron-heridas-durante-el-combate-de-las-llamas\/","name":"Grave incendio forestal en la Reserva Tierra Chan\u00e1: dos bomberas resultaron heridas durante el combate de las llamas - Informe Litoral","isPartOf":{"@id":"https:\/\/informelitoral.com.ar\/#website"},"primaryImageOfPage":{"@id":"https:\/\/informelitoral.com.ar\/grave-incendio-forestal-en-la-reserva-tierra-chana-dos-bomberas-resultaron-heridas-durante-el-combate-de-las-llamas\/#primaryimage"},"image":{"@id":"https:\/\/informelitoral.com.ar\/grave-incendio-forestal-en-la-reserva-tierra-chana-dos-bomberas-resultaron-heridas-durante-el-combate-de-las-llamas\/#primaryimage"},"thumbnailUrl":"https:\/\/i0.wp.com\/diamantefm.com.ar\/%77%70%2d%63%6f%6e%74%65%6e%74\/uploads\/2026\/01\/whatsapp-image-2026-01-06-at-10.44.46-e1767707794515.jpeg?resize=597%2C329&ssl=1","datePublished":"2026-01-06T14:43:10+00:00","dateModified":"2026-01-06T16:44:37+00:00","breadcrumb":{"@id":"https:\/\/informelitoral.com.ar\/grave-incendio-forestal-en-la-reserva-tierra-chana-dos-bomberas-resultaron-heridas-durante-el-combate-de-las-llamas\/#breadcrumb"},"inLanguage":"es","potentialAction":[{"@type":"ReadAction","target":["https:\/\/informelitoral.com.ar\/grave-incendio-forestal-en-la-reserva-tierra-chana-dos-bomberas-resultaron-heridas-durante-el-combate-de-las-llamas\/"]}]},{"@type":"ImageObject","inLanguage":"es","@id":"https:\/\/informelitoral.com.ar\/grave-incendio-forestal-en-la-reserva-tierra-chana-dos-bomberas-resultaron-heridas-durante-el-combate-de-las-llamas\/#primaryimage","url":"https:\/\/i0.wp.com\/diamantefm.com.ar\/%77%70%2d%63%6f%6e%74%65%6e%74\/uploads\/2026\/01\/whatsapp-image-2026-01-06-at-10.44.46-e1767707794515.jpeg?resize=597%2C329&ssl=1","contentUrl":"https:\/\/i0.wp.com\/diamantefm.com.ar\/%77%70%2d%63%6f%6e%74%65%6e%74\/uploads\/2026\/01\/whatsapp-image-2026-01-06-at-10.44.46-e1767707794515.jpeg?resize=597%2C329&ssl=1","width":"597","height":"329"},{"@type":"BreadcrumbList","@id":"https:\/\/informelitoral.com.ar\/grave-incendio-forestal-en-la-reserva-tierra-chana-dos-bomberas-resultaron-heridas-durante-el-combate-de-las-llamas\/#breadcrumb","itemListElement":[{"@type":"ListItem","position":1,"name":"Portada","item":"https:\/\/informelitoral.com.ar\/"},{"@type":"ListItem","position":2,"name":"Grave incendio forestal en la Reserva Tierra Chan\u00e1: dos bomberas resultaron heridas durante el combate de las llamas"}]},{"@type":"WebSite","@id":"https:\/\/informelitoral.com.ar\/#website","url":"https:\/\/informelitoral.com.ar\/","name":"Informe Litoral","description":"&quot;Nos informamos&quot; ","publisher":{"@id":"https:\/\/informelitoral.com.ar\/#organization"},"potentialAction":[{"@type":"SearchAction","target":{"@type":"EntryPoint","urlTemplate":"https:\/\/informelitoral.com.ar\/?s={search_term_string}"},"query-input":{"@type":"PropertyValueSpecification","valueRequired":true,"valueName":"search_term_string"}}],"inLanguage":"es"},{"@type":"Organization","@id":"https:\/\/informelitoral.com.ar\/#organization","name":"Informe Litoral","url":"https:\/\/informelitoral.com.ar\/","logo":{"@type":"ImageObject","inLanguage":"es","@id":"https:\/\/informelitoral.com.ar\/#\/schema\/logo\/image\/","url":"https:\/\/informelitoral.com.ar\/%77%70%2d%63%6f%6e%74%65%6e%74\/uploads\/2021\/01\/circulo.png","contentUrl":"https:\/\/informelitoral.com.ar\/%77%70%2d%63%6f%6e%74%65%6e%74\/uploads\/2021\/01\/circulo.png","width":723,"height":731,"caption":"Informe Litoral"},"image":{"@id":"https:\/\/informelitoral.com.ar\/#\/schema\/logo\/image\/"},"sameAs":["https:\/\/www.facebook.com\/informelitoral\/","https:\/\/x.com\/InformeLitoral","https:\/\/www.instagram.com\/informelitoral\/","https:\/\/www.youtube.com\/channel\/UCua4Qvz8Icb6MYqhoq9xLXw"]},{"@type":"Person","@id":"https:\/\/informelitoral.com.ar\/#\/schema\/person\/f05f9f461677119578717524b127d6d5","name":"Sebastian","image":{"@type":"ImageObject","inLanguage":"es","@id":"https:\/\/secure.gravatar.com\/avatar\/b71bf7481d447dfb9583c7f2798e7cc64de6efb9067b74633ed8c31059a3bd82?s=96&d=mm&r=g","url":"https:\/\/secure.gravatar.com\/avatar\/b71bf7481d447dfb9583c7f2798e7cc64de6efb9067b74633ed8c31059a3bd82?s=96&d=mm&r=g","contentUrl":"https:\/\/secure.gravatar.com\/avatar\/b71bf7481d447dfb9583c7f2798e7cc64de6efb9067b74633ed8c31059a3bd82?s=96&d=mm&r=g","caption":"Sebastian"},"url":"https:\/\/informelitoral.com.ar\/author\/sebastian\/"}]}},"fifu_image_url":"https:\/\/i0.wp.com\/diamantefm.com.ar\/wp-content\/uploads\/2026\/01\/whatsapp-image-2026-01-06-at-10.44.46-e1767707794515.jpeg?resize=597%2C329&ssl=1","_links":{"self":[{"href":"https:\/\/informelitoral.com.ar\/%77%70%2d%6a%73%6f%6e\/wp\/v2\/posts\/245786","targetHints":{"allow":["GET"]}}],"collection":[{"href":"https:\/\/informelitoral.com.ar\/%77%70%2d%6a%73%6f%6e\/wp\/v2\/posts"}],"about":[{"href":"https:\/\/informelitoral.com.ar\/%77%70%2d%6a%73%6f%6e\/wp\/v2\/types\/post"}],"author":[{"embeddable":true,"href":"https:\/\/informelitoral.com.ar\/%77%70%2d%6a%73%6f%6e\/wp\/v2\/users\/8"}],"replies":[{"embeddable":true,"href":"https:\/\/informelitoral.com.ar\/%77%70%2d%6a%73%6f%6e\/wp\/v2\/comments?post=245786"}],"version-history":[{"count":6,"href":"https:\/\/informelitoral.com.ar\/%77%70%2d%6a%73%6f%6e\/wp\/v2\/posts\/245786\/revisions"}],"predecessor-version":[{"id":245793,"href":"https:\/\/informelitoral.com.ar\/%77%70%2d%6a%73%6f%6e\/wp\/v2\/posts\/245786\/revisions\/245793"}],"wp:featuredmedia":[{"embeddable":true,"href":"https:\/\/informelitoral.com.ar\/%77%70%2d%6a%73%6f%6e\/wp\/v2\/media\/245787"}],"wp:attachment":[{"href":"https:\/\/informelitoral.com.ar\/%77%70%2d%6a%73%6f%6e\/wp\/v2\/media?parent=245786"}],"wp:term":[{"taxonomy":"category","embeddable":true,"href":"https:\/\/informelitoral.com.ar\/%77%70%2d%6a%73%6f%6e\/wp\/v2\/categories?post=245786"},{"taxonomy":"post_tag","embeddable":true,"href":"https:\/\/informelitoral.com.ar\/%77%70%2d%6a%73%6f%6e\/wp\/v2\/tags?post=245786"}],"curies":[{"name":"wp","href":"https:\/\/api.w.org\/{rel}","templated":true}]}}