{"id":245773,"date":"2026-01-06T10:10:52","date_gmt":"2026-01-06T13:10:52","guid":{"rendered":"https:\/\/informelitoral.com.ar\/?p=245773"},"modified":"2026-01-06T17:25:42","modified_gmt":"2026-01-06T20:25:42","slug":"narco-actividad-en-el-agro-el-ex-titular-de-la-sociedad-rural-de-diamante-enfrentara-el-juicio-oral-en-febrero","status":"publish","type":"post","link":"https:\/\/informelitoral.com.ar\/narco-actividad-en-el-agro-el-ex-titular-de-la-sociedad-rural-de-diamante-enfrentara-el-juicio-oral-en-febrero\/","title":{"rendered":"Narcotr\u00e1fico: el ex titular de la Sociedad Rural de Diamante enfrentar\u00e1 el juicio oral en febrero"},"content":{"rendered":"<p data-path-to-node=\"4\">La justicia federal ha dado un paso decisivo en una de las causas m\u00e1s sensibles que vincula al sector productivo con el crimen organizado. El pr\u00f3ximo <b data-path-to-node=\"4\" data-index-in-node=\"159\">24 de febrero<\/b> comenzar\u00e1 el juicio contra <b data-path-to-node=\"4\" data-index-in-node=\"200\">Leonardo Airaldi<\/b>, el productor agropecuario de alto perfil que presidi\u00f3 la Sociedad Rural de Diamante, quien est\u00e1 acusado de haber montado y dirigido una <b data-path-to-node=\"4\" data-index-in-node=\"354\">organizaci\u00f3n dedicada al narcotr\u00e1fico<\/b>. El proceso, que ser\u00e1 llevado adelante por los magistrados <b data-path-to-node=\"4\" data-index-in-node=\"451\">Noem\u00ed Berros, Mariela Rojas y Jos\u00e9 Mar\u00eda Escobar Cello<\/b>, se extender\u00e1 hasta el mes de abril debido a la cantidad de procesados y la complejidad de las pruebas acumuladas.<\/p>\n<p data-path-to-node=\"5\">De acuerdo con la investigaci\u00f3n liderada por el Ministerio P\u00fablico Fiscal, Airaldi ocupaba el rol de <b data-path-to-node=\"5\" data-index-in-node=\"101\">l\u00edder, proveedor y financiador<\/b> de una estructura que funcion\u00f3 de manera ininterrumpida entre <b data-path-to-node=\"5\" data-index-in-node=\"194\">junio de 2019 y marzo de 2024<\/b>. Los investigadores sostienen que el imputado utilizaba sus recursos financieros y log\u00edsticos para coordinar el transporte, la distribuci\u00f3n y la comercializaci\u00f3n de estupefacientes en las zonas de <b data-path-to-node=\"5\" data-index-in-node=\"421\">Diamante y Paran\u00e1<\/b>, aprovechando presuntamente su infraestructura vinculada al campo para facilitar las operaciones il\u00edcitas.<\/p>\n<p data-path-to-node=\"6\">Este juicio es el resultado de la unificaci\u00f3n de dos expedientes de gran peso: uno iniciado en <b data-path-to-node=\"6\" data-index-in-node=\"95\">Santa Fe durante 2022<\/b> y otro que la Justicia de Paran\u00e1 ven\u00eda tramitando desde <b data-path-to-node=\"6\" data-index-in-node=\"173\">2019<\/b>. La conexi\u00f3n entre ambas provincias permiti\u00f3 a los fiscales demostrar la existencia de una red interprovincial con capacidad operativa en ambas orillas. Junto al ex dirigente rural, se sentar\u00e1n en el banquillo otras trece personas, incluyendo a su pareja <b data-path-to-node=\"6\" data-index-in-node=\"433\">Jimena Burne<\/b> y diversos colaboradores identificados como S\u00e1nchez, Armocida, Schonfeld, Olivero, Erbes, Mart\u00ednez, Touzet, Cuello, Godoy, Blacaza, Coronel y Schumacher.<\/p>\n<p data-path-to-node=\"7\">El debate oral y p\u00fablico promete arrojar luz sobre c\u00f3mo esta organizaci\u00f3n logr\u00f3 mantenerse activa durante tanto tiempo y el nivel de influencia que ejerc\u00eda en el territorio. Con la mirada puesta en el <b data-path-to-node=\"7\" data-index-in-node=\"201\">24 de febrero<\/b>, la sociedad de Entre R\u00edos y Santa Fe aguarda el inicio de un proceso judicial que marca un precedente en la persecuci\u00f3n del narcotr\u00e1fico vinculado a figuras con <b data-path-to-node=\"7\" data-index-in-node=\"377\">reconocida inserci\u00f3n institucional y empresarial<\/b> en la regi\u00f3n litoral.<\/p>\n<h6 data-path-to-node=\"7\"><em><strong>Del archivo:\u00a0<a href=\"https:\/\/informelitoral.com.ar\/parana-una-pelea-en-el-balneario-municipal-termino-con-un-hombre-apunalado\/\" target=\"_blank\" rel=\"noopener\">Paran\u00e1: una pelea en el Balneario Municipal termin\u00f3 con un hombre apu\u00f1alado<\/a><\/strong><\/em><\/h6>\n","protected":false},"excerpt":{"rendered":"<p>El Tribunal Oral Federal de Paran\u00e1 fij\u00f3 el inicio del debate para el 24 de febrero, donde se juzgar\u00e1 a Leonardo Airaldi como presunto jefe y financista de una red que oper\u00f3 durante cinco a\u00f1os.<\/p>\n","protected":false},"author":8,"featured_media":245774,"comment_status":"open","ping_status":"open","sticky":false,"template":"","format":"standard","meta":{"fifu_image_url":"https:\/\/admin.desdeentrerios.com.ar\/wp-content\/uploads\/2026\/01\/diamante-rural-695cf0b464c1a.jpg","fifu_image_alt":"","footnotes":""},"categories":[14],"tags":[291,864,558,6372],"class_list":{"0":"post-245773","1":"post","2":"type-post","3":"status-publish","4":"format-standard","5":"has-post-thumbnail","7":"category-policiales","8":"tag-juicio","9":"tag-leonardo-airaldi","10":"tag-narcotrafico","11":"tag-sociedad-rural-de-diamante"},"yoast_head":"<title>Narcotr\u00e1fico: el ex titular de la Sociedad Rural de Diamante enfrentar\u00e1 el juicio oral en febrero - Informe Litoral<\/title>\n<meta name=\"robots\" content=\"index, follow, max-snippet:-1, max-image-preview:large, max-video-preview:-1\" \/>\n<link rel=\"canonical\" href=\"https:\/\/informelitoral.com.ar\/narco-actividad-en-el-agro-el-ex-titular-de-la-sociedad-rural-de-diamante-enfrentara-el-juicio-oral-en-febrero\/\" \/>\n<meta property=\"og:locale\" content=\"es_ES\" \/>\n<meta property=\"og:type\" content=\"article\" \/>\n<meta property=\"og:title\" content=\"Narcotr\u00e1fico: el ex titular de la Sociedad Rural de Diamante enfrentar\u00e1 el juicio oral en febrero - Informe Litoral\" \/>\n<meta property=\"og:description\" content=\"El Tribunal Oral Federal de Paran\u00e1 fij\u00f3 el inicio del debate para el 24 de febrero, donde se juzgar\u00e1 a Leonardo Airaldi como presunto jefe y financista de una red que oper\u00f3 durante cinco a\u00f1os.\" \/>\n<meta property=\"og:url\" content=\"https:\/\/informelitoral.com.ar\/narco-actividad-en-el-agro-el-ex-titular-de-la-sociedad-rural-de-diamante-enfrentara-el-juicio-oral-en-febrero\/\" \/>\n<meta property=\"og:site_name\" content=\"Informe Litoral\" \/>\n<meta property=\"article:publisher\" content=\"https:\/\/www.facebook.com\/informelitoral\/\" \/>\n<meta property=\"article:published_time\" content=\"2026-01-06T13:10:52+00:00\" \/>\n<meta property=\"article:modified_time\" content=\"2026-01-06T20:25:42+00:00\" \/>\n<meta property=\"og:image\" content=\"https:\/\/admin.desdeentrerios.com.ar\/%77%70%2d%63%6f%6e%74%65%6e%74\/uploads\/2026\/01\/diamante-rural-695cf0b464c1a.jpg\" \/>\n<meta name=\"author\" content=\"Sebastian\" \/>\n<meta name=\"twitter:card\" content=\"summary_large_image\" \/>\n<meta name=\"twitter:image\" content=\"https:\/\/admin.desdeentrerios.com.ar\/%77%70%2d%63%6f%6e%74%65%6e%74\/uploads\/2026\/01\/diamante-rural-695cf0b464c1a.jpg\" \/>\n<meta name=\"twitter:creator\" content=\"@InformeLitoral\" \/>\n<meta name=\"twitter:site\" content=\"@InformeLitoral\" \/>\n<meta name=\"twitter:label1\" content=\"Escrito por\" \/>\n\t<meta name=\"twitter:data1\" content=\"Sebastian\" \/>\n\t<meta name=\"twitter:label2\" content=\"Tiempo de lectura\" \/>\n\t<meta name=\"twitter:data2\" content=\"2 minutos\" \/>\n<script type=\"application\/ld+json\" class=\"yoast-schema-graph\">{\"@context\":\"https:\\\/\\\/schema.org\",\"@graph\":[{\"@type\":\"Article\",\"@id\":\"https:\\\/\\\/informelitoral.com.ar\\\/narco-actividad-en-el-agro-el-ex-titular-de-la-sociedad-rural-de-diamante-enfrentara-el-juicio-oral-en-febrero\\\/#article\",\"isPartOf\":{\"@id\":\"https:\\\/\\\/informelitoral.com.ar\\\/narco-actividad-en-el-agro-el-ex-titular-de-la-sociedad-rural-de-diamante-enfrentara-el-juicio-oral-en-febrero\\\/\"},\"author\":{\"name\":\"Sebastian\",\"@id\":\"https:\\\/\\\/informelitoral.com.ar\\\/#\\\/schema\\\/person\\\/f05f9f461677119578717524b127d6d5\"},\"headline\":\"Narcotr\u00e1fico: el ex titular de la Sociedad Rural de Diamante enfrentar\u00e1 el juicio oral en febrero\",\"datePublished\":\"2026-01-06T13:10:52+00:00\",\"dateModified\":\"2026-01-06T20:25:42+00:00\",\"mainEntityOfPage\":{\"@id\":\"https:\\\/\\\/informelitoral.com.ar\\\/narco-actividad-en-el-agro-el-ex-titular-de-la-sociedad-rural-de-diamante-enfrentara-el-juicio-oral-en-febrero\\\/\"},\"wordCount\":395,\"commentCount\":0,\"publisher\":{\"@id\":\"https:\\\/\\\/informelitoral.com.ar\\\/#organization\"},\"image\":{\"@id\":\"https:\\\/\\\/informelitoral.com.ar\\\/narco-actividad-en-el-agro-el-ex-titular-de-la-sociedad-rural-de-diamante-enfrentara-el-juicio-oral-en-febrero\\\/#primaryimage\"},\"thumbnailUrl\":\"https:\\\/\\\/admin.desdeentrerios.com.ar\\\/%77%70%2d%63%6f%6e%74%65%6e%74\\\/uploads\\\/2026\\\/01\\\/diamante-rural-695cf0b464c1a.jpg\",\"keywords\":[\"Juicio\",\"Leonardo Airaldi\",\"Narcotr\u00e1fico\",\"Sociedad Rural de Diamante\"],\"articleSection\":[\"Policiales\"],\"inLanguage\":\"es\",\"potentialAction\":[{\"@type\":\"CommentAction\",\"name\":\"Comment\",\"target\":[\"https:\\\/\\\/informelitoral.com.ar\\\/narco-actividad-en-el-agro-el-ex-titular-de-la-sociedad-rural-de-diamante-enfrentara-el-juicio-oral-en-febrero\\\/#respond\"]}]},{\"@type\":\"WebPage\",\"@id\":\"https:\\\/\\\/informelitoral.com.ar\\\/narco-actividad-en-el-agro-el-ex-titular-de-la-sociedad-rural-de-diamante-enfrentara-el-juicio-oral-en-febrero\\\/\",\"url\":\"https:\\\/\\\/informelitoral.com.ar\\\/narco-actividad-en-el-agro-el-ex-titular-de-la-sociedad-rural-de-diamante-enfrentara-el-juicio-oral-en-febrero\\\/\",\"name\":\"Narcotr\u00e1fico: el ex titular de la Sociedad Rural de Diamante enfrentar\u00e1 el juicio oral en febrero - Informe Litoral\",\"isPartOf\":{\"@id\":\"https:\\\/\\\/informelitoral.com.ar\\\/#website\"},\"primaryImageOfPage\":{\"@id\":\"https:\\\/\\\/informelitoral.com.ar\\\/narco-actividad-en-el-agro-el-ex-titular-de-la-sociedad-rural-de-diamante-enfrentara-el-juicio-oral-en-febrero\\\/#primaryimage\"},\"image\":{\"@id\":\"https:\\\/\\\/informelitoral.com.ar\\\/narco-actividad-en-el-agro-el-ex-titular-de-la-sociedad-rural-de-diamante-enfrentara-el-juicio-oral-en-febrero\\\/#primaryimage\"},\"thumbnailUrl\":\"https:\\\/\\\/admin.desdeentrerios.com.ar\\\/%77%70%2d%63%6f%6e%74%65%6e%74\\\/uploads\\\/2026\\\/01\\\/diamante-rural-695cf0b464c1a.jpg\",\"datePublished\":\"2026-01-06T13:10:52+00:00\",\"dateModified\":\"2026-01-06T20:25:42+00:00\",\"breadcrumb\":{\"@id\":\"https:\\\/\\\/informelitoral.com.ar\\\/narco-actividad-en-el-agro-el-ex-titular-de-la-sociedad-rural-de-diamante-enfrentara-el-juicio-oral-en-febrero\\\/#breadcrumb\"},\"inLanguage\":\"es\",\"potentialAction\":[{\"@type\":\"ReadAction\",\"target\":[\"https:\\\/\\\/informelitoral.com.ar\\\/narco-actividad-en-el-agro-el-ex-titular-de-la-sociedad-rural-de-diamante-enfrentara-el-juicio-oral-en-febrero\\\/\"]}]},{\"@type\":\"ImageObject\",\"inLanguage\":\"es\",\"@id\":\"https:\\\/\\\/informelitoral.com.ar\\\/narco-actividad-en-el-agro-el-ex-titular-de-la-sociedad-rural-de-diamante-enfrentara-el-juicio-oral-en-febrero\\\/#primaryimage\",\"url\":\"https:\\\/\\\/admin.desdeentrerios.com.ar\\\/%77%70%2d%63%6f%6e%74%65%6e%74\\\/uploads\\\/2026\\\/01\\\/diamante-rural-695cf0b464c1a.jpg\",\"contentUrl\":\"https:\\\/\\\/admin.desdeentrerios.com.ar\\\/%77%70%2d%63%6f%6e%74%65%6e%74\\\/uploads\\\/2026\\\/01\\\/diamante-rural-695cf0b464c1a.jpg\",\"width\":\"872\",\"height\":\"491\"},{\"@type\":\"BreadcrumbList\",\"@id\":\"https:\\\/\\\/informelitoral.com.ar\\\/narco-actividad-en-el-agro-el-ex-titular-de-la-sociedad-rural-de-diamante-enfrentara-el-juicio-oral-en-febrero\\\/#breadcrumb\",\"itemListElement\":[{\"@type\":\"ListItem\",\"position\":1,\"name\":\"Portada\",\"item\":\"https:\\\/\\\/informelitoral.com.ar\\\/\"},{\"@type\":\"ListItem\",\"position\":2,\"name\":\"Narcotr\u00e1fico: el ex titular de la Sociedad Rural de Diamante enfrentar\u00e1 el juicio oral en febrero\"}]},{\"@type\":\"WebSite\",\"@id\":\"https:\\\/\\\/informelitoral.com.ar\\\/#website\",\"url\":\"https:\\\/\\\/informelitoral.com.ar\\\/\",\"name\":\"Informe Litoral\",\"description\":\"&quot;Nos informamos&quot; \",\"publisher\":{\"@id\":\"https:\\\/\\\/informelitoral.com.ar\\\/#organization\"},\"potentialAction\":[{\"@type\":\"SearchAction\",\"target\":{\"@type\":\"EntryPoint\",\"urlTemplate\":\"https:\\\/\\\/informelitoral.com.ar\\\/?s={search_term_string}\"},\"query-input\":{\"@type\":\"PropertyValueSpecification\",\"valueRequired\":true,\"valueName\":\"search_term_string\"}}],\"inLanguage\":\"es\"},{\"@type\":\"Organization\",\"@id\":\"https:\\\/\\\/informelitoral.com.ar\\\/#organization\",\"name\":\"Informe Litoral\",\"url\":\"https:\\\/\\\/informelitoral.com.ar\\\/\",\"logo\":{\"@type\":\"ImageObject\",\"inLanguage\":\"es\",\"@id\":\"https:\\\/\\\/informelitoral.com.ar\\\/#\\\/schema\\\/logo\\\/image\\\/\",\"url\":\"https:\\\/\\\/informelitoral.com.ar\\\/%77%70%2d%63%6f%6e%74%65%6e%74\\\/uploads\\\/2021\\\/01\\\/circulo.png\",\"contentUrl\":\"https:\\\/\\\/informelitoral.com.ar\\\/%77%70%2d%63%6f%6e%74%65%6e%74\\\/uploads\\\/2021\\\/01\\\/circulo.png\",\"width\":723,\"height\":731,\"caption\":\"Informe Litoral\"},\"image\":{\"@id\":\"https:\\\/\\\/informelitoral.com.ar\\\/#\\\/schema\\\/logo\\\/image\\\/\"},\"sameAs\":[\"https:\\\/\\\/www.facebook.com\\\/informelitoral\\\/\",\"https:\\\/\\\/x.com\\\/InformeLitoral\",\"https:\\\/\\\/www.instagram.com\\\/informelitoral\\\/\",\"https:\\\/\\\/www.youtube.com\\\/channel\\\/UCua4Qvz8Icb6MYqhoq9xLXw\"]},{\"@type\":\"Person\",\"@id\":\"https:\\\/\\\/informelitoral.com.ar\\\/#\\\/schema\\\/person\\\/f05f9f461677119578717524b127d6d5\",\"name\":\"Sebastian\",\"image\":{\"@type\":\"ImageObject\",\"inLanguage\":\"es\",\"@id\":\"https:\\\/\\\/secure.gravatar.com\\\/avatar\\\/b71bf7481d447dfb9583c7f2798e7cc64de6efb9067b74633ed8c31059a3bd82?s=96&d=mm&r=g\",\"url\":\"https:\\\/\\\/secure.gravatar.com\\\/avatar\\\/b71bf7481d447dfb9583c7f2798e7cc64de6efb9067b74633ed8c31059a3bd82?s=96&d=mm&r=g\",\"contentUrl\":\"https:\\\/\\\/secure.gravatar.com\\\/avatar\\\/b71bf7481d447dfb9583c7f2798e7cc64de6efb9067b74633ed8c31059a3bd82?s=96&d=mm&r=g\",\"caption\":\"Sebastian\"},\"url\":\"https:\\\/\\\/informelitoral.com.ar\\\/author\\\/sebastian\\\/\"}]}<\/script>","yoast_head_json":{"title":"Narcotr\u00e1fico: el ex titular de la Sociedad Rural de Diamante enfrentar\u00e1 el juicio oral en febrero - Informe Litoral","robots":{"index":"index","follow":"follow","max-snippet":"max-snippet:-1","max-image-preview":"max-image-preview:large","max-video-preview":"max-video-preview:-1"},"canonical":"https:\/\/informelitoral.com.ar\/narco-actividad-en-el-agro-el-ex-titular-de-la-sociedad-rural-de-diamante-enfrentara-el-juicio-oral-en-febrero\/","og_locale":"es_ES","og_type":"article","og_title":"Narcotr\u00e1fico: el ex titular de la Sociedad Rural de Diamante enfrentar\u00e1 el juicio oral en febrero - Informe Litoral","og_description":"El Tribunal Oral Federal de Paran\u00e1 fij\u00f3 el inicio del debate para el 24 de febrero, donde se juzgar\u00e1 a Leonardo Airaldi como presunto jefe y financista de una red que oper\u00f3 durante cinco a\u00f1os.","og_url":"https:\/\/informelitoral.com.ar\/narco-actividad-en-el-agro-el-ex-titular-de-la-sociedad-rural-de-diamante-enfrentara-el-juicio-oral-en-febrero\/","og_site_name":"Informe Litoral","article_publisher":"https:\/\/www.facebook.com\/informelitoral\/","article_published_time":"2026-01-06T13:10:52+00:00","article_modified_time":"2026-01-06T20:25:42+00:00","og_image":[{"url":"https:\/\/admin.desdeentrerios.com.ar\/wp-content\/uploads\/2026\/01\/diamante-rural-695cf0b464c1a.jpg","type":"","width":"","height":""}],"author":"Sebastian","twitter_card":"summary_large_image","twitter_image":"https:\/\/admin.desdeentrerios.com.ar\/wp-content\/uploads\/2026\/01\/diamante-rural-695cf0b464c1a.jpg","twitter_creator":"@InformeLitoral","twitter_site":"@InformeLitoral","twitter_misc":{"Escrito por":"Sebastian","Tiempo de lectura":"2 minutos"},"schema":{"@context":"https:\/\/schema.org","@graph":[{"@type":"Article","@id":"https:\/\/informelitoral.com.ar\/narco-actividad-en-el-agro-el-ex-titular-de-la-sociedad-rural-de-diamante-enfrentara-el-juicio-oral-en-febrero\/#article","isPartOf":{"@id":"https:\/\/informelitoral.com.ar\/narco-actividad-en-el-agro-el-ex-titular-de-la-sociedad-rural-de-diamante-enfrentara-el-juicio-oral-en-febrero\/"},"author":{"name":"Sebastian","@id":"https:\/\/informelitoral.com.ar\/#\/schema\/person\/f05f9f461677119578717524b127d6d5"},"headline":"Narcotr\u00e1fico: el ex titular de la Sociedad Rural de Diamante enfrentar\u00e1 el juicio oral en febrero","datePublished":"2026-01-06T13:10:52+00:00","dateModified":"2026-01-06T20:25:42+00:00","mainEntityOfPage":{"@id":"https:\/\/informelitoral.com.ar\/narco-actividad-en-el-agro-el-ex-titular-de-la-sociedad-rural-de-diamante-enfrentara-el-juicio-oral-en-febrero\/"},"wordCount":395,"commentCount":0,"publisher":{"@id":"https:\/\/informelitoral.com.ar\/#organization"},"image":{"@id":"https:\/\/informelitoral.com.ar\/narco-actividad-en-el-agro-el-ex-titular-de-la-sociedad-rural-de-diamante-enfrentara-el-juicio-oral-en-febrero\/#primaryimage"},"thumbnailUrl":"https:\/\/admin.desdeentrerios.com.ar\/%77%70%2d%63%6f%6e%74%65%6e%74\/uploads\/2026\/01\/diamante-rural-695cf0b464c1a.jpg","keywords":["Juicio","Leonardo Airaldi","Narcotr\u00e1fico","Sociedad Rural de Diamante"],"articleSection":["Policiales"],"inLanguage":"es","potentialAction":[{"@type":"CommentAction","name":"Comment","target":["https:\/\/informelitoral.com.ar\/narco-actividad-en-el-agro-el-ex-titular-de-la-sociedad-rural-de-diamante-enfrentara-el-juicio-oral-en-febrero\/#respond"]}]},{"@type":"WebPage","@id":"https:\/\/informelitoral.com.ar\/narco-actividad-en-el-agro-el-ex-titular-de-la-sociedad-rural-de-diamante-enfrentara-el-juicio-oral-en-febrero\/","url":"https:\/\/informelitoral.com.ar\/narco-actividad-en-el-agro-el-ex-titular-de-la-sociedad-rural-de-diamante-enfrentara-el-juicio-oral-en-febrero\/","name":"Narcotr\u00e1fico: el ex titular de la Sociedad Rural de Diamante enfrentar\u00e1 el juicio oral en febrero - Informe Litoral","isPartOf":{"@id":"https:\/\/informelitoral.com.ar\/#website"},"primaryImageOfPage":{"@id":"https:\/\/informelitoral.com.ar\/narco-actividad-en-el-agro-el-ex-titular-de-la-sociedad-rural-de-diamante-enfrentara-el-juicio-oral-en-febrero\/#primaryimage"},"image":{"@id":"https:\/\/informelitoral.com.ar\/narco-actividad-en-el-agro-el-ex-titular-de-la-sociedad-rural-de-diamante-enfrentara-el-juicio-oral-en-febrero\/#primaryimage"},"thumbnailUrl":"https:\/\/admin.desdeentrerios.com.ar\/%77%70%2d%63%6f%6e%74%65%6e%74\/uploads\/2026\/01\/diamante-rural-695cf0b464c1a.jpg","datePublished":"2026-01-06T13:10:52+00:00","dateModified":"2026-01-06T20:25:42+00:00","breadcrumb":{"@id":"https:\/\/informelitoral.com.ar\/narco-actividad-en-el-agro-el-ex-titular-de-la-sociedad-rural-de-diamante-enfrentara-el-juicio-oral-en-febrero\/#breadcrumb"},"inLanguage":"es","potentialAction":[{"@type":"ReadAction","target":["https:\/\/informelitoral.com.ar\/narco-actividad-en-el-agro-el-ex-titular-de-la-sociedad-rural-de-diamante-enfrentara-el-juicio-oral-en-febrero\/"]}]},{"@type":"ImageObject","inLanguage":"es","@id":"https:\/\/informelitoral.com.ar\/narco-actividad-en-el-agro-el-ex-titular-de-la-sociedad-rural-de-diamante-enfrentara-el-juicio-oral-en-febrero\/#primaryimage","url":"https:\/\/admin.desdeentrerios.com.ar\/%77%70%2d%63%6f%6e%74%65%6e%74\/uploads\/2026\/01\/diamante-rural-695cf0b464c1a.jpg","contentUrl":"https:\/\/admin.desdeentrerios.com.ar\/%77%70%2d%63%6f%6e%74%65%6e%74\/uploads\/2026\/01\/diamante-rural-695cf0b464c1a.jpg","width":"872","height":"491"},{"@type":"BreadcrumbList","@id":"https:\/\/informelitoral.com.ar\/narco-actividad-en-el-agro-el-ex-titular-de-la-sociedad-rural-de-diamante-enfrentara-el-juicio-oral-en-febrero\/#breadcrumb","itemListElement":[{"@type":"ListItem","position":1,"name":"Portada","item":"https:\/\/informelitoral.com.ar\/"},{"@type":"ListItem","position":2,"name":"Narcotr\u00e1fico: el ex titular de la Sociedad Rural de Diamante enfrentar\u00e1 el juicio oral en febrero"}]},{"@type":"WebSite","@id":"https:\/\/informelitoral.com.ar\/#website","url":"https:\/\/informelitoral.com.ar\/","name":"Informe Litoral","description":"&quot;Nos informamos&quot; ","publisher":{"@id":"https:\/\/informelitoral.com.ar\/#organization"},"potentialAction":[{"@type":"SearchAction","target":{"@type":"EntryPoint","urlTemplate":"https:\/\/informelitoral.com.ar\/?s={search_term_string}"},"query-input":{"@type":"PropertyValueSpecification","valueRequired":true,"valueName":"search_term_string"}}],"inLanguage":"es"},{"@type":"Organization","@id":"https:\/\/informelitoral.com.ar\/#organization","name":"Informe Litoral","url":"https:\/\/informelitoral.com.ar\/","logo":{"@type":"ImageObject","inLanguage":"es","@id":"https:\/\/informelitoral.com.ar\/#\/schema\/logo\/image\/","url":"https:\/\/informelitoral.com.ar\/%77%70%2d%63%6f%6e%74%65%6e%74\/uploads\/2021\/01\/circulo.png","contentUrl":"https:\/\/informelitoral.com.ar\/%77%70%2d%63%6f%6e%74%65%6e%74\/uploads\/2021\/01\/circulo.png","width":723,"height":731,"caption":"Informe Litoral"},"image":{"@id":"https:\/\/informelitoral.com.ar\/#\/schema\/logo\/image\/"},"sameAs":["https:\/\/www.facebook.com\/informelitoral\/","https:\/\/x.com\/InformeLitoral","https:\/\/www.instagram.com\/informelitoral\/","https:\/\/www.youtube.com\/channel\/UCua4Qvz8Icb6MYqhoq9xLXw"]},{"@type":"Person","@id":"https:\/\/informelitoral.com.ar\/#\/schema\/person\/f05f9f461677119578717524b127d6d5","name":"Sebastian","image":{"@type":"ImageObject","inLanguage":"es","@id":"https:\/\/secure.gravatar.com\/avatar\/b71bf7481d447dfb9583c7f2798e7cc64de6efb9067b74633ed8c31059a3bd82?s=96&d=mm&r=g","url":"https:\/\/secure.gravatar.com\/avatar\/b71bf7481d447dfb9583c7f2798e7cc64de6efb9067b74633ed8c31059a3bd82?s=96&d=mm&r=g","contentUrl":"https:\/\/secure.gravatar.com\/avatar\/b71bf7481d447dfb9583c7f2798e7cc64de6efb9067b74633ed8c31059a3bd82?s=96&d=mm&r=g","caption":"Sebastian"},"url":"https:\/\/informelitoral.com.ar\/author\/sebastian\/"}]}},"fifu_image_url":"https:\/\/admin.desdeentrerios.com.ar\/wp-content\/uploads\/2026\/01\/diamante-rural-695cf0b464c1a.jpg","_links":{"self":[{"href":"https:\/\/informelitoral.com.ar\/%77%70%2d%6a%73%6f%6e\/wp\/v2\/posts\/245773","targetHints":{"allow":["GET"]}}],"collection":[{"href":"https:\/\/informelitoral.com.ar\/%77%70%2d%6a%73%6f%6e\/wp\/v2\/posts"}],"about":[{"href":"https:\/\/informelitoral.com.ar\/%77%70%2d%6a%73%6f%6e\/wp\/v2\/types\/post"}],"author":[{"embeddable":true,"href":"https:\/\/informelitoral.com.ar\/%77%70%2d%6a%73%6f%6e\/wp\/v2\/users\/8"}],"replies":[{"embeddable":true,"href":"https:\/\/informelitoral.com.ar\/%77%70%2d%6a%73%6f%6e\/wp\/v2\/comments?post=245773"}],"version-history":[{"count":4,"href":"https:\/\/informelitoral.com.ar\/%77%70%2d%6a%73%6f%6e\/wp\/v2\/posts\/245773\/revisions"}],"predecessor-version":[{"id":245807,"href":"https:\/\/informelitoral.com.ar\/%77%70%2d%6a%73%6f%6e\/wp\/v2\/posts\/245773\/revisions\/245807"}],"wp:featuredmedia":[{"embeddable":true,"href":"https:\/\/informelitoral.com.ar\/%77%70%2d%6a%73%6f%6e\/wp\/v2\/media\/245774"}],"wp:attachment":[{"href":"https:\/\/informelitoral.com.ar\/%77%70%2d%6a%73%6f%6e\/wp\/v2\/media?parent=245773"}],"wp:term":[{"taxonomy":"category","embeddable":true,"href":"https:\/\/informelitoral.com.ar\/%77%70%2d%6a%73%6f%6e\/wp\/v2\/categories?post=245773"},{"taxonomy":"post_tag","embeddable":true,"href":"https:\/\/informelitoral.com.ar\/%77%70%2d%6a%73%6f%6e\/wp\/v2\/tags?post=245773"}],"curies":[{"name":"wp","href":"https:\/\/api.w.org\/{rel}","templated":true}]}}