{"id":245724,"date":"2026-01-06T09:37:06","date_gmt":"2026-01-06T12:37:06","guid":{"rendered":"https:\/\/informelitoral.com.ar\/?p=245724"},"modified":"2026-01-06T09:39:05","modified_gmt":"2026-01-06T12:39:05","slug":"lali-esposito-recarga-energias-en-las-playas-de-brasil-antes-de-su-esperado-show-en-la-capital-entrerriana","status":"publish","type":"post","link":"https:\/\/informelitoral.com.ar\/lali-esposito-recarga-energias-en-las-playas-de-brasil-antes-de-su-esperado-show-en-la-capital-entrerriana\/","title":{"rendered":"Lali Esp\u00f3sito recarga energ\u00edas en las playas de Brasil antes de su esperado show en la capital entrerriana"},"content":{"rendered":"<p data-path-to-node=\"4\">En medio de un descanso necesario tras una temporada de r\u00e9cords, <b data-path-to-node=\"4\" data-index-in-node=\"74\">Lali Esp\u00f3sito<\/b> eligi\u00f3 las costas brasile\u00f1as para vivir un refugio de paz y desconexi\u00f3n. La artista, que recientemente comparti\u00f3 una serie de registros de su intimidad, se mostr\u00f3 en un estado de <b data-path-to-node=\"4\" data-index-in-node=\"267\">relajaci\u00f3n total<\/b>, lejos de la exposici\u00f3n permanente y las producciones est\u00e9ticas de su carrera profesional. Junto a su pareja, <b data-path-to-node=\"4\" data-index-in-node=\"394\">Pedro Rosemblat<\/b>, y un grupo de amigas \u00edntimas del \u00e1mbito cinematogr\u00e1fico y musical, la cantante logr\u00f3 construir un espacio de tranquilidad donde el mar y la naturaleza fueron los principales protagonistas de su narrativa visual.<\/p>\n<h6 data-path-to-node=\"4\"><em><strong>Del archivo:\u00a0<a href=\"https:\/\/informelitoral.com.ar\/lali-esposito-estara-en-la-fiesta-nacional-del-mate-2026\/\" target=\"_blank\" rel=\"noopener\">Lali Esp\u00f3sito estar\u00e1 en la Fiesta Nacional del Mate 2026<\/a><\/strong><\/em><\/h6>\n<h6 data-path-to-node=\"4\"><img decoding=\"async\" src=\"https:\/\/elonce-media.elonce.com\/fotos\/2026\/01\/05\/e_1767652979_51213.webp\" \/><\/h6>\n<p data-path-to-node=\"5\">El viaje, que combin\u00f3 elromance con la complicidad de su c\u00edrculo cercano, permiti\u00f3 ver una faceta distinta de la estrella pop: sin maquillaje, entregada a la lectura en la playa y disfrutando de cenas \u00edntimas bajo la luz de las velas. Bajo la frase <b data-path-to-node=\"5\" data-index-in-node=\"250\">\u00abFelicidadEs\u00bb<\/b>, Lali resumi\u00f3 un presente de equilibrio personal que resulta clave para afrontar los desaf\u00edos del a\u00f1o, que incluyen futuras presentaciones masivas en el <b data-path-to-node=\"5\" data-index-in-node=\"417\">Estadio Monumental<\/b>. Esta pausa emocional funcion\u00f3 como un par\u00e9ntesis necesario entre la vor\u00e1gine de sus cinco estadios V\u00e9lez y su inminente regreso al contacto directo con sus seguidores en el litoral argentino.<\/p>\n<p data-path-to-node=\"5\"><img decoding=\"async\" src=\"https:\/\/elonce-media.elonce.com\/fotos\/2026\/01\/05\/e_1767652979_89851.webp\" \/><\/p>\n<p data-path-to-node=\"6\">Este descanso en el exterior es seguido de cerca por el p\u00fablico entrerriano, ya que la agenda de la cantante tiene un compromiso central el pr\u00f3ximo <b data-path-to-node=\"6\" data-index-in-node=\"148\">7 de febrero<\/b>. En esa fecha, Lali ser\u00e1 la figura estelar de la <b data-path-to-node=\"6\" data-index-in-node=\"210\">Fiesta Nacional del Mate en Paran\u00e1<\/b>, un evento que genera una enorme expectativa en toda la provincia. La organizaci\u00f3n de la fiesta busca potenciar el festival como uno de los polos culturales m\u00e1s grandes del verano, y la llegada de la artista, con las energ\u00edas renovadas tras sus vacaciones, promete ser el punto m\u00e1s alto de la celebraci\u00f3n.<\/p>\n<p data-path-to-node=\"6\"><img decoding=\"async\" src=\"https:\/\/elonce-media.elonce.com\/fotos\/2026\/01\/05\/e_1767652979_41361.webp\" \/><\/p>\n<p data-path-to-node=\"7\">Mientras disfruta de sus \u00faltimos d\u00edas de sol y tranquilidad, la mirada de sus fan\u00e1ticos ya est\u00e1 puesta en la <b data-path-to-node=\"7\" data-index-in-node=\"109\">Sala Mayo y el predio de la costanera paranaense<\/b>. La transici\u00f3n de este estado de calma en Brasil a la potencia de su show en vivo marcar\u00e1 el pulso de la agenda cultural de febrero, consolidando un a\u00f1o donde la artista busca equilibrar su bienestar personal con su indiscutido liderazgo en la industria del espect\u00e1culo nacional.<\/p>\n<p data-path-to-node=\"7\"><img decoding=\"async\" src=\"https:\/\/elonce-media.elonce.com\/fotos\/2026\/01\/05\/e_1767652979_97713.webp\" \/><\/p>\n","protected":false},"excerpt":{"rendered":"<p>En un inicio de 2026 marcado por la relajaci\u00f3n y la intimidad, la cantante se mostr\u00f3 junto a Pedro Rosemblat antes de encabezar la cartelera de la Fiesta Nacional del Mate.<\/p>\n","protected":false},"author":8,"featured_media":245725,"comment_status":"open","ping_status":"open","sticky":false,"template":"","format":"standard","meta":{"fifu_image_url":"https:\/\/elonce-media.elonce.com\/fotos\/2026\/01\/05\/e_1767652979_55891.webp","fifu_image_alt":"","footnotes":""},"categories":[12],"tags":[118,3145,643],"class_list":{"0":"post-245724","1":"post","2":"type-post","3":"status-publish","4":"format-standard","5":"has-post-thumbnail","7":"category-espectaculos","8":"tag-brasil","9":"tag-lali-esposito","10":"tag-vacaciones"},"yoast_head":"<title>Lali Esp\u00f3sito recarga energ\u00edas en las playas de Brasil antes de su esperado show en la capital entrerriana - Informe Litoral<\/title>\n<meta name=\"robots\" content=\"index, follow, max-snippet:-1, max-image-preview:large, max-video-preview:-1\" \/>\n<link rel=\"canonical\" href=\"https:\/\/informelitoral.com.ar\/lali-esposito-recarga-energias-en-las-playas-de-brasil-antes-de-su-esperado-show-en-la-capital-entrerriana\/\" \/>\n<meta property=\"og:locale\" content=\"es_ES\" \/>\n<meta property=\"og:type\" content=\"article\" \/>\n<meta property=\"og:title\" content=\"Lali Esp\u00f3sito recarga energ\u00edas en las playas de Brasil antes de su esperado show en la capital entrerriana - Informe Litoral\" \/>\n<meta property=\"og:description\" content=\"En un inicio de 2026 marcado por la relajaci\u00f3n y la intimidad, la cantante se mostr\u00f3 junto a Pedro Rosemblat antes de encabezar la cartelera de la Fiesta Nacional del Mate.\" \/>\n<meta property=\"og:url\" content=\"https:\/\/informelitoral.com.ar\/lali-esposito-recarga-energias-en-las-playas-de-brasil-antes-de-su-esperado-show-en-la-capital-entrerriana\/\" \/>\n<meta property=\"og:site_name\" content=\"Informe Litoral\" \/>\n<meta property=\"article:publisher\" content=\"https:\/\/www.facebook.com\/informelitoral\/\" \/>\n<meta property=\"article:published_time\" content=\"2026-01-06T12:37:06+00:00\" \/>\n<meta property=\"article:modified_time\" content=\"2026-01-06T12:39:05+00:00\" \/>\n<meta property=\"og:image\" content=\"https:\/\/elonce-media.elonce.com\/fotos\/2026\/01\/05\/e_1767652979_55891.webp\" \/>\n<meta name=\"author\" content=\"Sebastian\" \/>\n<meta name=\"twitter:card\" content=\"summary_large_image\" \/>\n<meta name=\"twitter:image\" content=\"https:\/\/elonce-media.elonce.com\/fotos\/2026\/01\/05\/e_1767652979_55891.webp\" \/>\n<meta name=\"twitter:creator\" content=\"@InformeLitoral\" \/>\n<meta name=\"twitter:site\" content=\"@InformeLitoral\" \/>\n<meta name=\"twitter:label1\" content=\"Escrito por\" \/>\n\t<meta name=\"twitter:data1\" content=\"Sebastian\" \/>\n\t<meta name=\"twitter:label2\" content=\"Tiempo de lectura\" \/>\n\t<meta name=\"twitter:data2\" content=\"3 minutos\" \/>\n<script type=\"application\/ld+json\" class=\"yoast-schema-graph\">{\"@context\":\"https:\\\/\\\/schema.org\",\"@graph\":[{\"@type\":\"Article\",\"@id\":\"https:\\\/\\\/informelitoral.com.ar\\\/lali-esposito-recarga-energias-en-las-playas-de-brasil-antes-de-su-esperado-show-en-la-capital-entrerriana\\\/#article\",\"isPartOf\":{\"@id\":\"https:\\\/\\\/informelitoral.com.ar\\\/lali-esposito-recarga-energias-en-las-playas-de-brasil-antes-de-su-esperado-show-en-la-capital-entrerriana\\\/\"},\"author\":{\"name\":\"Sebastian\",\"@id\":\"https:\\\/\\\/informelitoral.com.ar\\\/#\\\/schema\\\/person\\\/f05f9f461677119578717524b127d6d5\"},\"headline\":\"Lali Esp\u00f3sito recarga energ\u00edas en las playas de Brasil antes de su esperado show en la capital entrerriana\",\"datePublished\":\"2026-01-06T12:37:06+00:00\",\"dateModified\":\"2026-01-06T12:39:05+00:00\",\"mainEntityOfPage\":{\"@id\":\"https:\\\/\\\/informelitoral.com.ar\\\/lali-esposito-recarga-energias-en-las-playas-de-brasil-antes-de-su-esperado-show-en-la-capital-entrerriana\\\/\"},\"wordCount\":427,\"commentCount\":0,\"publisher\":{\"@id\":\"https:\\\/\\\/informelitoral.com.ar\\\/#organization\"},\"image\":{\"@id\":\"https:\\\/\\\/informelitoral.com.ar\\\/lali-esposito-recarga-energias-en-las-playas-de-brasil-antes-de-su-esperado-show-en-la-capital-entrerriana\\\/#primaryimage\"},\"thumbnailUrl\":\"https:\\\/\\\/elonce-media.elonce.com\\\/fotos\\\/2026\\\/01\\\/05\\\/e_1767652979_55891.webp\",\"keywords\":[\"Brasil\",\"Lali esposito\",\"Vacaciones\"],\"articleSection\":[\"Espect\u00e1culos\"],\"inLanguage\":\"es\",\"potentialAction\":[{\"@type\":\"CommentAction\",\"name\":\"Comment\",\"target\":[\"https:\\\/\\\/informelitoral.com.ar\\\/lali-esposito-recarga-energias-en-las-playas-de-brasil-antes-de-su-esperado-show-en-la-capital-entrerriana\\\/#respond\"]}]},{\"@type\":\"WebPage\",\"@id\":\"https:\\\/\\\/informelitoral.com.ar\\\/lali-esposito-recarga-energias-en-las-playas-de-brasil-antes-de-su-esperado-show-en-la-capital-entrerriana\\\/\",\"url\":\"https:\\\/\\\/informelitoral.com.ar\\\/lali-esposito-recarga-energias-en-las-playas-de-brasil-antes-de-su-esperado-show-en-la-capital-entrerriana\\\/\",\"name\":\"Lali Esp\u00f3sito recarga energ\u00edas en las playas de Brasil antes de su esperado show en la capital entrerriana - Informe Litoral\",\"isPartOf\":{\"@id\":\"https:\\\/\\\/informelitoral.com.ar\\\/#website\"},\"primaryImageOfPage\":{\"@id\":\"https:\\\/\\\/informelitoral.com.ar\\\/lali-esposito-recarga-energias-en-las-playas-de-brasil-antes-de-su-esperado-show-en-la-capital-entrerriana\\\/#primaryimage\"},\"image\":{\"@id\":\"https:\\\/\\\/informelitoral.com.ar\\\/lali-esposito-recarga-energias-en-las-playas-de-brasil-antes-de-su-esperado-show-en-la-capital-entrerriana\\\/#primaryimage\"},\"thumbnailUrl\":\"https:\\\/\\\/elonce-media.elonce.com\\\/fotos\\\/2026\\\/01\\\/05\\\/e_1767652979_55891.webp\",\"datePublished\":\"2026-01-06T12:37:06+00:00\",\"dateModified\":\"2026-01-06T12:39:05+00:00\",\"breadcrumb\":{\"@id\":\"https:\\\/\\\/informelitoral.com.ar\\\/lali-esposito-recarga-energias-en-las-playas-de-brasil-antes-de-su-esperado-show-en-la-capital-entrerriana\\\/#breadcrumb\"},\"inLanguage\":\"es\",\"potentialAction\":[{\"@type\":\"ReadAction\",\"target\":[\"https:\\\/\\\/informelitoral.com.ar\\\/lali-esposito-recarga-energias-en-las-playas-de-brasil-antes-de-su-esperado-show-en-la-capital-entrerriana\\\/\"]}]},{\"@type\":\"ImageObject\",\"inLanguage\":\"es\",\"@id\":\"https:\\\/\\\/informelitoral.com.ar\\\/lali-esposito-recarga-energias-en-las-playas-de-brasil-antes-de-su-esperado-show-en-la-capital-entrerriana\\\/#primaryimage\",\"url\":\"https:\\\/\\\/elonce-media.elonce.com\\\/fotos\\\/2026\\\/01\\\/05\\\/e_1767652979_55891.webp\",\"contentUrl\":\"https:\\\/\\\/elonce-media.elonce.com\\\/fotos\\\/2026\\\/01\\\/05\\\/e_1767652979_55891.webp\",\"width\":\"900\",\"height\":\"600\"},{\"@type\":\"BreadcrumbList\",\"@id\":\"https:\\\/\\\/informelitoral.com.ar\\\/lali-esposito-recarga-energias-en-las-playas-de-brasil-antes-de-su-esperado-show-en-la-capital-entrerriana\\\/#breadcrumb\",\"itemListElement\":[{\"@type\":\"ListItem\",\"position\":1,\"name\":\"Portada\",\"item\":\"https:\\\/\\\/informelitoral.com.ar\\\/\"},{\"@type\":\"ListItem\",\"position\":2,\"name\":\"Lali Esp\u00f3sito recarga energ\u00edas en las playas de Brasil antes de su esperado show en la capital entrerriana\"}]},{\"@type\":\"WebSite\",\"@id\":\"https:\\\/\\\/informelitoral.com.ar\\\/#website\",\"url\":\"https:\\\/\\\/informelitoral.com.ar\\\/\",\"name\":\"Informe Litoral\",\"description\":\"&quot;Nos informamos&quot; \",\"publisher\":{\"@id\":\"https:\\\/\\\/informelitoral.com.ar\\\/#organization\"},\"potentialAction\":[{\"@type\":\"SearchAction\",\"target\":{\"@type\":\"EntryPoint\",\"urlTemplate\":\"https:\\\/\\\/informelitoral.com.ar\\\/?s={search_term_string}\"},\"query-input\":{\"@type\":\"PropertyValueSpecification\",\"valueRequired\":true,\"valueName\":\"search_term_string\"}}],\"inLanguage\":\"es\"},{\"@type\":\"Organization\",\"@id\":\"https:\\\/\\\/informelitoral.com.ar\\\/#organization\",\"name\":\"Informe Litoral\",\"url\":\"https:\\\/\\\/informelitoral.com.ar\\\/\",\"logo\":{\"@type\":\"ImageObject\",\"inLanguage\":\"es\",\"@id\":\"https:\\\/\\\/informelitoral.com.ar\\\/#\\\/schema\\\/logo\\\/image\\\/\",\"url\":\"https:\\\/\\\/informelitoral.com.ar\\\/%77%70%2d%63%6f%6e%74%65%6e%74\\\/uploads\\\/2021\\\/01\\\/circulo.png\",\"contentUrl\":\"https:\\\/\\\/informelitoral.com.ar\\\/%77%70%2d%63%6f%6e%74%65%6e%74\\\/uploads\\\/2021\\\/01\\\/circulo.png\",\"width\":723,\"height\":731,\"caption\":\"Informe Litoral\"},\"image\":{\"@id\":\"https:\\\/\\\/informelitoral.com.ar\\\/#\\\/schema\\\/logo\\\/image\\\/\"},\"sameAs\":[\"https:\\\/\\\/www.facebook.com\\\/informelitoral\\\/\",\"https:\\\/\\\/x.com\\\/InformeLitoral\",\"https:\\\/\\\/www.instagram.com\\\/informelitoral\\\/\",\"https:\\\/\\\/www.youtube.com\\\/channel\\\/UCua4Qvz8Icb6MYqhoq9xLXw\"]},{\"@type\":\"Person\",\"@id\":\"https:\\\/\\\/informelitoral.com.ar\\\/#\\\/schema\\\/person\\\/f05f9f461677119578717524b127d6d5\",\"name\":\"Sebastian\",\"image\":{\"@type\":\"ImageObject\",\"inLanguage\":\"es\",\"@id\":\"https:\\\/\\\/secure.gravatar.com\\\/avatar\\\/b71bf7481d447dfb9583c7f2798e7cc64de6efb9067b74633ed8c31059a3bd82?s=96&d=mm&r=g\",\"url\":\"https:\\\/\\\/secure.gravatar.com\\\/avatar\\\/b71bf7481d447dfb9583c7f2798e7cc64de6efb9067b74633ed8c31059a3bd82?s=96&d=mm&r=g\",\"contentUrl\":\"https:\\\/\\\/secure.gravatar.com\\\/avatar\\\/b71bf7481d447dfb9583c7f2798e7cc64de6efb9067b74633ed8c31059a3bd82?s=96&d=mm&r=g\",\"caption\":\"Sebastian\"},\"url\":\"https:\\\/\\\/informelitoral.com.ar\\\/author\\\/sebastian\\\/\"}]}<\/script>","yoast_head_json":{"title":"Lali Esp\u00f3sito recarga energ\u00edas en las playas de Brasil antes de su esperado show en la capital entrerriana - Informe Litoral","robots":{"index":"index","follow":"follow","max-snippet":"max-snippet:-1","max-image-preview":"max-image-preview:large","max-video-preview":"max-video-preview:-1"},"canonical":"https:\/\/informelitoral.com.ar\/lali-esposito-recarga-energias-en-las-playas-de-brasil-antes-de-su-esperado-show-en-la-capital-entrerriana\/","og_locale":"es_ES","og_type":"article","og_title":"Lali Esp\u00f3sito recarga energ\u00edas en las playas de Brasil antes de su esperado show en la capital entrerriana - Informe Litoral","og_description":"En un inicio de 2026 marcado por la relajaci\u00f3n y la intimidad, la cantante se mostr\u00f3 junto a Pedro Rosemblat antes de encabezar la cartelera de la Fiesta Nacional del Mate.","og_url":"https:\/\/informelitoral.com.ar\/lali-esposito-recarga-energias-en-las-playas-de-brasil-antes-de-su-esperado-show-en-la-capital-entrerriana\/","og_site_name":"Informe Litoral","article_publisher":"https:\/\/www.facebook.com\/informelitoral\/","article_published_time":"2026-01-06T12:37:06+00:00","article_modified_time":"2026-01-06T12:39:05+00:00","og_image":[{"url":"https:\/\/elonce-media.elonce.com\/fotos\/2026\/01\/05\/e_1767652979_55891.webp","type":"","width":"","height":""}],"author":"Sebastian","twitter_card":"summary_large_image","twitter_image":"https:\/\/elonce-media.elonce.com\/fotos\/2026\/01\/05\/e_1767652979_55891.webp","twitter_creator":"@InformeLitoral","twitter_site":"@InformeLitoral","twitter_misc":{"Escrito por":"Sebastian","Tiempo de lectura":"3 minutos"},"schema":{"@context":"https:\/\/schema.org","@graph":[{"@type":"Article","@id":"https:\/\/informelitoral.com.ar\/lali-esposito-recarga-energias-en-las-playas-de-brasil-antes-de-su-esperado-show-en-la-capital-entrerriana\/#article","isPartOf":{"@id":"https:\/\/informelitoral.com.ar\/lali-esposito-recarga-energias-en-las-playas-de-brasil-antes-de-su-esperado-show-en-la-capital-entrerriana\/"},"author":{"name":"Sebastian","@id":"https:\/\/informelitoral.com.ar\/#\/schema\/person\/f05f9f461677119578717524b127d6d5"},"headline":"Lali Esp\u00f3sito recarga energ\u00edas en las playas de Brasil antes de su esperado show en la capital entrerriana","datePublished":"2026-01-06T12:37:06+00:00","dateModified":"2026-01-06T12:39:05+00:00","mainEntityOfPage":{"@id":"https:\/\/informelitoral.com.ar\/lali-esposito-recarga-energias-en-las-playas-de-brasil-antes-de-su-esperado-show-en-la-capital-entrerriana\/"},"wordCount":427,"commentCount":0,"publisher":{"@id":"https:\/\/informelitoral.com.ar\/#organization"},"image":{"@id":"https:\/\/informelitoral.com.ar\/lali-esposito-recarga-energias-en-las-playas-de-brasil-antes-de-su-esperado-show-en-la-capital-entrerriana\/#primaryimage"},"thumbnailUrl":"https:\/\/elonce-media.elonce.com\/fotos\/2026\/01\/05\/e_1767652979_55891.webp","keywords":["Brasil","Lali esposito","Vacaciones"],"articleSection":["Espect\u00e1culos"],"inLanguage":"es","potentialAction":[{"@type":"CommentAction","name":"Comment","target":["https:\/\/informelitoral.com.ar\/lali-esposito-recarga-energias-en-las-playas-de-brasil-antes-de-su-esperado-show-en-la-capital-entrerriana\/#respond"]}]},{"@type":"WebPage","@id":"https:\/\/informelitoral.com.ar\/lali-esposito-recarga-energias-en-las-playas-de-brasil-antes-de-su-esperado-show-en-la-capital-entrerriana\/","url":"https:\/\/informelitoral.com.ar\/lali-esposito-recarga-energias-en-las-playas-de-brasil-antes-de-su-esperado-show-en-la-capital-entrerriana\/","name":"Lali Esp\u00f3sito recarga energ\u00edas en las playas de Brasil antes de su esperado show en la capital entrerriana - Informe Litoral","isPartOf":{"@id":"https:\/\/informelitoral.com.ar\/#website"},"primaryImageOfPage":{"@id":"https:\/\/informelitoral.com.ar\/lali-esposito-recarga-energias-en-las-playas-de-brasil-antes-de-su-esperado-show-en-la-capital-entrerriana\/#primaryimage"},"image":{"@id":"https:\/\/informelitoral.com.ar\/lali-esposito-recarga-energias-en-las-playas-de-brasil-antes-de-su-esperado-show-en-la-capital-entrerriana\/#primaryimage"},"thumbnailUrl":"https:\/\/elonce-media.elonce.com\/fotos\/2026\/01\/05\/e_1767652979_55891.webp","datePublished":"2026-01-06T12:37:06+00:00","dateModified":"2026-01-06T12:39:05+00:00","breadcrumb":{"@id":"https:\/\/informelitoral.com.ar\/lali-esposito-recarga-energias-en-las-playas-de-brasil-antes-de-su-esperado-show-en-la-capital-entrerriana\/#breadcrumb"},"inLanguage":"es","potentialAction":[{"@type":"ReadAction","target":["https:\/\/informelitoral.com.ar\/lali-esposito-recarga-energias-en-las-playas-de-brasil-antes-de-su-esperado-show-en-la-capital-entrerriana\/"]}]},{"@type":"ImageObject","inLanguage":"es","@id":"https:\/\/informelitoral.com.ar\/lali-esposito-recarga-energias-en-las-playas-de-brasil-antes-de-su-esperado-show-en-la-capital-entrerriana\/#primaryimage","url":"https:\/\/elonce-media.elonce.com\/fotos\/2026\/01\/05\/e_1767652979_55891.webp","contentUrl":"https:\/\/elonce-media.elonce.com\/fotos\/2026\/01\/05\/e_1767652979_55891.webp","width":"900","height":"600"},{"@type":"BreadcrumbList","@id":"https:\/\/informelitoral.com.ar\/lali-esposito-recarga-energias-en-las-playas-de-brasil-antes-de-su-esperado-show-en-la-capital-entrerriana\/#breadcrumb","itemListElement":[{"@type":"ListItem","position":1,"name":"Portada","item":"https:\/\/informelitoral.com.ar\/"},{"@type":"ListItem","position":2,"name":"Lali Esp\u00f3sito recarga energ\u00edas en las playas de Brasil antes de su esperado show en la capital entrerriana"}]},{"@type":"WebSite","@id":"https:\/\/informelitoral.com.ar\/#website","url":"https:\/\/informelitoral.com.ar\/","name":"Informe Litoral","description":"&quot;Nos informamos&quot; ","publisher":{"@id":"https:\/\/informelitoral.com.ar\/#organization"},"potentialAction":[{"@type":"SearchAction","target":{"@type":"EntryPoint","urlTemplate":"https:\/\/informelitoral.com.ar\/?s={search_term_string}"},"query-input":{"@type":"PropertyValueSpecification","valueRequired":true,"valueName":"search_term_string"}}],"inLanguage":"es"},{"@type":"Organization","@id":"https:\/\/informelitoral.com.ar\/#organization","name":"Informe Litoral","url":"https:\/\/informelitoral.com.ar\/","logo":{"@type":"ImageObject","inLanguage":"es","@id":"https:\/\/informelitoral.com.ar\/#\/schema\/logo\/image\/","url":"https:\/\/informelitoral.com.ar\/%77%70%2d%63%6f%6e%74%65%6e%74\/uploads\/2021\/01\/circulo.png","contentUrl":"https:\/\/informelitoral.com.ar\/%77%70%2d%63%6f%6e%74%65%6e%74\/uploads\/2021\/01\/circulo.png","width":723,"height":731,"caption":"Informe Litoral"},"image":{"@id":"https:\/\/informelitoral.com.ar\/#\/schema\/logo\/image\/"},"sameAs":["https:\/\/www.facebook.com\/informelitoral\/","https:\/\/x.com\/InformeLitoral","https:\/\/www.instagram.com\/informelitoral\/","https:\/\/www.youtube.com\/channel\/UCua4Qvz8Icb6MYqhoq9xLXw"]},{"@type":"Person","@id":"https:\/\/informelitoral.com.ar\/#\/schema\/person\/f05f9f461677119578717524b127d6d5","name":"Sebastian","image":{"@type":"ImageObject","inLanguage":"es","@id":"https:\/\/secure.gravatar.com\/avatar\/b71bf7481d447dfb9583c7f2798e7cc64de6efb9067b74633ed8c31059a3bd82?s=96&d=mm&r=g","url":"https:\/\/secure.gravatar.com\/avatar\/b71bf7481d447dfb9583c7f2798e7cc64de6efb9067b74633ed8c31059a3bd82?s=96&d=mm&r=g","contentUrl":"https:\/\/secure.gravatar.com\/avatar\/b71bf7481d447dfb9583c7f2798e7cc64de6efb9067b74633ed8c31059a3bd82?s=96&d=mm&r=g","caption":"Sebastian"},"url":"https:\/\/informelitoral.com.ar\/author\/sebastian\/"}]}},"fifu_image_url":"https:\/\/elonce-media.elonce.com\/fotos\/2026\/01\/05\/e_1767652979_55891.webp","_links":{"self":[{"href":"https:\/\/informelitoral.com.ar\/%77%70%2d%6a%73%6f%6e\/wp\/v2\/posts\/245724","targetHints":{"allow":["GET"]}}],"collection":[{"href":"https:\/\/informelitoral.com.ar\/%77%70%2d%6a%73%6f%6e\/wp\/v2\/posts"}],"about":[{"href":"https:\/\/informelitoral.com.ar\/%77%70%2d%6a%73%6f%6e\/wp\/v2\/types\/post"}],"author":[{"embeddable":true,"href":"https:\/\/informelitoral.com.ar\/%77%70%2d%6a%73%6f%6e\/wp\/v2\/users\/8"}],"replies":[{"embeddable":true,"href":"https:\/\/informelitoral.com.ar\/%77%70%2d%6a%73%6f%6e\/wp\/v2\/comments?post=245724"}],"version-history":[{"count":2,"href":"https:\/\/informelitoral.com.ar\/%77%70%2d%6a%73%6f%6e\/wp\/v2\/posts\/245724\/revisions"}],"predecessor-version":[{"id":245727,"href":"https:\/\/informelitoral.com.ar\/%77%70%2d%6a%73%6f%6e\/wp\/v2\/posts\/245724\/revisions\/245727"}],"wp:featuredmedia":[{"embeddable":true,"href":"https:\/\/informelitoral.com.ar\/%77%70%2d%6a%73%6f%6e\/wp\/v2\/media\/245725"}],"wp:attachment":[{"href":"https:\/\/informelitoral.com.ar\/%77%70%2d%6a%73%6f%6e\/wp\/v2\/media?parent=245724"}],"wp:term":[{"taxonomy":"category","embeddable":true,"href":"https:\/\/informelitoral.com.ar\/%77%70%2d%6a%73%6f%6e\/wp\/v2\/categories?post=245724"},{"taxonomy":"post_tag","embeddable":true,"href":"https:\/\/informelitoral.com.ar\/%77%70%2d%6a%73%6f%6e\/wp\/v2\/tags?post=245724"}],"curies":[{"name":"wp","href":"https:\/\/api.w.org\/{rel}","templated":true}]}}