{"id":245697,"date":"2026-01-06T09:12:37","date_gmt":"2026-01-06T12:12:37","guid":{"rendered":"https:\/\/informelitoral.com.ar\/?p=245697"},"modified":"2026-01-06T09:19:18","modified_gmt":"2026-01-06T12:19:18","slug":"parana-convoca-a-emprendedores-locales-para-una-nueva-edicion-del-mateando","status":"publish","type":"post","link":"https:\/\/informelitoral.com.ar\/parana-convoca-a-emprendedores-locales-para-una-nueva-edicion-del-mateando\/","title":{"rendered":"Paran\u00e1 convoca a emprendedores locales para una nueva edici\u00f3n del Mateando"},"content":{"rendered":"<p data-path-to-node=\"4\">La ciudad se prepara para recibir una nueva edici\u00f3n del <strong>Mateando<\/strong>, el tradicional paseo comercial y espacio de experiencias que rinde culto a la yerba mate. Desde la Subsecretar\u00eda de Producci\u00f3n han confirmado la apertura de la convocatoria para emprendedores y MiPyMEs interesados en formar parte de este evento, que tendr\u00e1 como escenario principal la emblem\u00e1tica <strong>Sala Mayo<\/strong> durante cuatro jornadas intensas de actividad.<\/p>\n<h6 data-path-to-node=\"4\"><em><strong>Del archivo:\u00a0<a href=\"https:\/\/informelitoral.com.ar\/parana-el-municipio-insta-al-consumo-responsable-de-agua-para-garantizar-el-servicio-durante-el-verano\/\" target=\"_blank\" rel=\"noopener\">Paran\u00e1: el municipio insta al consumo responsable de agua para garantizar el servicio durante el verano<\/a><\/strong><\/em><\/h6>\n<p data-path-to-node=\"5\">Para participar en esta vitrina comercial, los postulantes deben cumplir con requisitos fundamentales que garantizan el nivel del encuentro. Seg\u00fan detallaron las autoridades, es indispensable que los emprendedores sean residentes de la ciudad de <strong>Paran\u00e1<\/strong> y que su producci\u00f3n est\u00e9 vinculada directamente con el universo del mate. Se har\u00e1 especial \u00e9nfasis en la calidad y la innovaci\u00f3n de los art\u00edculos, exigiendo adem\u00e1s que los seleccionados cuenten con el stock necesario para abastecer la demanda del p\u00fablico durante los cuatro d\u00edas que dura la exposici\u00f3n.<\/p>\n<p data-path-to-node=\"5\"><a href=\"https:\/\/drive.google.com\/thumbnail?id=1umhBR3f6YxRxHZhz2mE3STgYJpnKz_62&amp;sz=w2048\"><img loading=\"lazy\" decoding=\"async\" class=\"aligncenter wp-image-245700 size-large\" src=\"https:\/\/drive.google.com\/thumbnail?id=1umhBR3f6YxRxHZhz2mE3STgYJpnKz_62&amp;sz=w2048-h2048\" alt=\"\" width=\"1024\" height=\"1024\" \/><\/a><\/p>\n<p data-path-to-node=\"6\">El Mateando se define como un ecosistema donde conviven productores yerbateros, especialistas en blends y artesanos. El p\u00fablico podr\u00e1 encontrar desde dise\u00f1os innovadores en mates y accesorios hasta propuestas gastron\u00f3micas originales que incluyen pasteler\u00eda, panificados y cocteler\u00eda regional elaborada a base de yerba mate. Adem\u00e1s, el evento ofrecer\u00e1 una agenda educativa con charlas y talleres dictados por sommeliers y expertos en la materia, consolidando un espacio que va mucho m\u00e1s all\u00e1 de la simple compra y venta.<\/p>\n<p data-path-to-node=\"7\">Como valor agregado para el sector productivo, esta edici\u00f3n reeditar\u00e1 la ronda de negocios que tuvo \u00e9xito anteriormente. Esta iniciativa busca generar un v\u00ednculo formal entre la oferta de los yerbateros participantes y la demanda de comercios, almacenes y supermercados de la ciudad, facilitando nuevas oportunidades de mercado y fortaleciendo la econom\u00eda local. Los interesados en postularse pueden realizar su inscripci\u00f3n a trav\u00e9s de los canales digitales dispuestos por el municipio, recordando que el env\u00edo del formulario es una solicitud de cupo y no otorga autom\u00e1ticamente el derecho a la participaci\u00f3n.(<em>Informe Litoral<\/em>)<\/p>\n","protected":false},"excerpt":{"rendered":"<p>La Subsecretar\u00eda de Producci\u00f3n busca potenciar a MiPyMEs y productores que innoven en la cultura matera durante el evento referente de la regi\u00f3n.<\/p>\n","protected":false},"author":8,"featured_media":245699,"comment_status":"open","ping_status":"open","sticky":false,"template":"","format":"standard","meta":{"fifu_image_url":"","fifu_image_alt":"","footnotes":""},"categories":[1597],"tags":[6369,1399,6370],"class_list":{"0":"post-245697","1":"post","2":"type-post","3":"status-publish","4":"format-standard","5":"has-post-thumbnail","7":"category-parana","8":"tag-mateando","9":"tag-municipalidad-de-parana","10":"tag-pre-mate"},"yoast_head":"<title>Paran\u00e1 convoca a emprendedores locales para una nueva edici\u00f3n del Mateando - Informe Litoral<\/title>\n<meta name=\"robots\" content=\"index, follow, max-snippet:-1, max-image-preview:large, max-video-preview:-1\" \/>\n<link rel=\"canonical\" href=\"https:\/\/informelitoral.com.ar\/parana-convoca-a-emprendedores-locales-para-una-nueva-edicion-del-mateando\/\" \/>\n<meta property=\"og:locale\" content=\"es_ES\" \/>\n<meta property=\"og:type\" content=\"article\" \/>\n<meta property=\"og:title\" content=\"Paran\u00e1 convoca a emprendedores locales para una nueva edici\u00f3n del Mateando - Informe Litoral\" \/>\n<meta property=\"og:description\" content=\"La Subsecretar\u00eda de Producci\u00f3n busca potenciar a MiPyMEs y productores que innoven en la cultura matera durante el evento referente de la regi\u00f3n.\" \/>\n<meta property=\"og:url\" content=\"https:\/\/informelitoral.com.ar\/parana-convoca-a-emprendedores-locales-para-una-nueva-edicion-del-mateando\/\" \/>\n<meta property=\"og:site_name\" content=\"Informe Litoral\" \/>\n<meta property=\"article:publisher\" content=\"https:\/\/www.facebook.com\/informelitoral\/\" \/>\n<meta property=\"article:published_time\" content=\"2026-01-06T12:12:37+00:00\" \/>\n<meta property=\"article:modified_time\" content=\"2026-01-06T12:19:18+00:00\" \/>\n<meta property=\"og:image\" content=\"https:\/\/drive.google.com\/thumbnail?id=1NzerMDUFITpmJGGmkWOuaAVw8mDm0O7O&sz=w2048\" \/>\n\t<meta property=\"og:image:width\" content=\"760\" \/>\n\t<meta property=\"og:image:height\" content=\"427\" \/>\n\t<meta property=\"og:image:type\" content=\"image\/jpeg\" \/>\n<meta name=\"author\" content=\"Sebastian\" \/>\n<meta name=\"twitter:card\" content=\"summary_large_image\" \/>\n<meta name=\"twitter:creator\" content=\"@InformeLitoral\" \/>\n<meta name=\"twitter:site\" content=\"@InformeLitoral\" \/>\n<meta name=\"twitter:label1\" content=\"Escrito por\" \/>\n\t<meta name=\"twitter:data1\" content=\"Sebastian\" \/>\n\t<meta name=\"twitter:label2\" content=\"Tiempo de lectura\" \/>\n\t<meta name=\"twitter:data2\" content=\"2 minutos\" \/>\n<script type=\"application\/ld+json\" class=\"yoast-schema-graph\">{\"@context\":\"https:\\\/\\\/schema.org\",\"@graph\":[{\"@type\":\"Article\",\"@id\":\"https:\\\/\\\/informelitoral.com.ar\\\/parana-convoca-a-emprendedores-locales-para-una-nueva-edicion-del-mateando\\\/#article\",\"isPartOf\":{\"@id\":\"https:\\\/\\\/informelitoral.com.ar\\\/parana-convoca-a-emprendedores-locales-para-una-nueva-edicion-del-mateando\\\/\"},\"author\":{\"name\":\"Sebastian\",\"@id\":\"https:\\\/\\\/informelitoral.com.ar\\\/#\\\/schema\\\/person\\\/f05f9f461677119578717524b127d6d5\"},\"headline\":\"Paran\u00e1 convoca a emprendedores locales para una nueva edici\u00f3n del Mateando\",\"datePublished\":\"2026-01-06T12:12:37+00:00\",\"dateModified\":\"2026-01-06T12:19:18+00:00\",\"mainEntityOfPage\":{\"@id\":\"https:\\\/\\\/informelitoral.com.ar\\\/parana-convoca-a-emprendedores-locales-para-una-nueva-edicion-del-mateando\\\/\"},\"wordCount\":375,\"commentCount\":0,\"publisher\":{\"@id\":\"https:\\\/\\\/informelitoral.com.ar\\\/#organization\"},\"image\":{\"@id\":\"https:\\\/\\\/informelitoral.com.ar\\\/parana-convoca-a-emprendedores-locales-para-una-nueva-edicion-del-mateando\\\/#primaryimage\"},\"thumbnailUrl\":\"https:\\\/\\\/drive.google.com\\\/thumbnail?id=1NzerMDUFITpmJGGmkWOuaAVw8mDm0O7O&sz=w2048\",\"keywords\":[\"Mateando\",\"Municipalidad de Paran\u00e1\",\"Pre Mate\"],\"articleSection\":[\"Paran\u00e1\"],\"inLanguage\":\"es\",\"potentialAction\":[{\"@type\":\"CommentAction\",\"name\":\"Comment\",\"target\":[\"https:\\\/\\\/informelitoral.com.ar\\\/parana-convoca-a-emprendedores-locales-para-una-nueva-edicion-del-mateando\\\/#respond\"]}]},{\"@type\":\"WebPage\",\"@id\":\"https:\\\/\\\/informelitoral.com.ar\\\/parana-convoca-a-emprendedores-locales-para-una-nueva-edicion-del-mateando\\\/\",\"url\":\"https:\\\/\\\/informelitoral.com.ar\\\/parana-convoca-a-emprendedores-locales-para-una-nueva-edicion-del-mateando\\\/\",\"name\":\"Paran\u00e1 convoca a emprendedores locales para una nueva edici\u00f3n del Mateando - Informe Litoral\",\"isPartOf\":{\"@id\":\"https:\\\/\\\/informelitoral.com.ar\\\/#website\"},\"primaryImageOfPage\":{\"@id\":\"https:\\\/\\\/informelitoral.com.ar\\\/parana-convoca-a-emprendedores-locales-para-una-nueva-edicion-del-mateando\\\/#primaryimage\"},\"image\":{\"@id\":\"https:\\\/\\\/informelitoral.com.ar\\\/parana-convoca-a-emprendedores-locales-para-una-nueva-edicion-del-mateando\\\/#primaryimage\"},\"thumbnailUrl\":\"https:\\\/\\\/drive.google.com\\\/thumbnail?id=1NzerMDUFITpmJGGmkWOuaAVw8mDm0O7O&sz=w2048\",\"datePublished\":\"2026-01-06T12:12:37+00:00\",\"dateModified\":\"2026-01-06T12:19:18+00:00\",\"breadcrumb\":{\"@id\":\"https:\\\/\\\/informelitoral.com.ar\\\/parana-convoca-a-emprendedores-locales-para-una-nueva-edicion-del-mateando\\\/#breadcrumb\"},\"inLanguage\":\"es\",\"potentialAction\":[{\"@type\":\"ReadAction\",\"target\":[\"https:\\\/\\\/informelitoral.com.ar\\\/parana-convoca-a-emprendedores-locales-para-una-nueva-edicion-del-mateando\\\/\"]}]},{\"@type\":\"ImageObject\",\"inLanguage\":\"es\",\"@id\":\"https:\\\/\\\/informelitoral.com.ar\\\/parana-convoca-a-emprendedores-locales-para-una-nueva-edicion-del-mateando\\\/#primaryimage\",\"url\":\"https:\\\/\\\/drive.google.com\\\/thumbnail?id=1NzerMDUFITpmJGGmkWOuaAVw8mDm0O7O&sz=w2048\",\"contentUrl\":\"https:\\\/\\\/drive.google.com\\\/thumbnail?id=1NzerMDUFITpmJGGmkWOuaAVw8mDm0O7O&sz=w2048\",\"width\":760,\"height\":427},{\"@type\":\"BreadcrumbList\",\"@id\":\"https:\\\/\\\/informelitoral.com.ar\\\/parana-convoca-a-emprendedores-locales-para-una-nueva-edicion-del-mateando\\\/#breadcrumb\",\"itemListElement\":[{\"@type\":\"ListItem\",\"position\":1,\"name\":\"Portada\",\"item\":\"https:\\\/\\\/informelitoral.com.ar\\\/\"},{\"@type\":\"ListItem\",\"position\":2,\"name\":\"Paran\u00e1 convoca a emprendedores locales para una nueva edici\u00f3n del Mateando\"}]},{\"@type\":\"WebSite\",\"@id\":\"https:\\\/\\\/informelitoral.com.ar\\\/#website\",\"url\":\"https:\\\/\\\/informelitoral.com.ar\\\/\",\"name\":\"Informe Litoral\",\"description\":\"&quot;Nos informamos&quot; \",\"publisher\":{\"@id\":\"https:\\\/\\\/informelitoral.com.ar\\\/#organization\"},\"potentialAction\":[{\"@type\":\"SearchAction\",\"target\":{\"@type\":\"EntryPoint\",\"urlTemplate\":\"https:\\\/\\\/informelitoral.com.ar\\\/?s={search_term_string}\"},\"query-input\":{\"@type\":\"PropertyValueSpecification\",\"valueRequired\":true,\"valueName\":\"search_term_string\"}}],\"inLanguage\":\"es\"},{\"@type\":\"Organization\",\"@id\":\"https:\\\/\\\/informelitoral.com.ar\\\/#organization\",\"name\":\"Informe Litoral\",\"url\":\"https:\\\/\\\/informelitoral.com.ar\\\/\",\"logo\":{\"@type\":\"ImageObject\",\"inLanguage\":\"es\",\"@id\":\"https:\\\/\\\/informelitoral.com.ar\\\/#\\\/schema\\\/logo\\\/image\\\/\",\"url\":\"https:\\\/\\\/informelitoral.com.ar\\\/%77%70%2d%63%6f%6e%74%65%6e%74\\\/uploads\\\/2021\\\/01\\\/circulo.png\",\"contentUrl\":\"https:\\\/\\\/informelitoral.com.ar\\\/%77%70%2d%63%6f%6e%74%65%6e%74\\\/uploads\\\/2021\\\/01\\\/circulo.png\",\"width\":723,\"height\":731,\"caption\":\"Informe Litoral\"},\"image\":{\"@id\":\"https:\\\/\\\/informelitoral.com.ar\\\/#\\\/schema\\\/logo\\\/image\\\/\"},\"sameAs\":[\"https:\\\/\\\/www.facebook.com\\\/informelitoral\\\/\",\"https:\\\/\\\/x.com\\\/InformeLitoral\",\"https:\\\/\\\/www.instagram.com\\\/informelitoral\\\/\",\"https:\\\/\\\/www.youtube.com\\\/channel\\\/UCua4Qvz8Icb6MYqhoq9xLXw\"]},{\"@type\":\"Person\",\"@id\":\"https:\\\/\\\/informelitoral.com.ar\\\/#\\\/schema\\\/person\\\/f05f9f461677119578717524b127d6d5\",\"name\":\"Sebastian\",\"image\":{\"@type\":\"ImageObject\",\"inLanguage\":\"es\",\"@id\":\"https:\\\/\\\/secure.gravatar.com\\\/avatar\\\/b71bf7481d447dfb9583c7f2798e7cc64de6efb9067b74633ed8c31059a3bd82?s=96&d=mm&r=g\",\"url\":\"https:\\\/\\\/secure.gravatar.com\\\/avatar\\\/b71bf7481d447dfb9583c7f2798e7cc64de6efb9067b74633ed8c31059a3bd82?s=96&d=mm&r=g\",\"contentUrl\":\"https:\\\/\\\/secure.gravatar.com\\\/avatar\\\/b71bf7481d447dfb9583c7f2798e7cc64de6efb9067b74633ed8c31059a3bd82?s=96&d=mm&r=g\",\"caption\":\"Sebastian\"},\"url\":\"https:\\\/\\\/informelitoral.com.ar\\\/author\\\/sebastian\\\/\"}]}<\/script>","yoast_head_json":{"title":"Paran\u00e1 convoca a emprendedores locales para una nueva edici\u00f3n del Mateando - Informe Litoral","robots":{"index":"index","follow":"follow","max-snippet":"max-snippet:-1","max-image-preview":"max-image-preview:large","max-video-preview":"max-video-preview:-1"},"canonical":"https:\/\/informelitoral.com.ar\/parana-convoca-a-emprendedores-locales-para-una-nueva-edicion-del-mateando\/","og_locale":"es_ES","og_type":"article","og_title":"Paran\u00e1 convoca a emprendedores locales para una nueva edici\u00f3n del Mateando - Informe Litoral","og_description":"La Subsecretar\u00eda de Producci\u00f3n busca potenciar a MiPyMEs y productores que innoven en la cultura matera durante el evento referente de la regi\u00f3n.","og_url":"https:\/\/informelitoral.com.ar\/parana-convoca-a-emprendedores-locales-para-una-nueva-edicion-del-mateando\/","og_site_name":"Informe Litoral","article_publisher":"https:\/\/www.facebook.com\/informelitoral\/","article_published_time":"2026-01-06T12:12:37+00:00","article_modified_time":"2026-01-06T12:19:18+00:00","og_image":[{"width":760,"height":427,"url":"https:\/\/drive.google.com\/thumbnail?id=1NzerMDUFITpmJGGmkWOuaAVw8mDm0O7O&sz=w2048","type":"image\/jpeg"}],"author":"Sebastian","twitter_card":"summary_large_image","twitter_creator":"@InformeLitoral","twitter_site":"@InformeLitoral","twitter_misc":{"Escrito por":"Sebastian","Tiempo de lectura":"2 minutos"},"schema":{"@context":"https:\/\/schema.org","@graph":[{"@type":"Article","@id":"https:\/\/informelitoral.com.ar\/parana-convoca-a-emprendedores-locales-para-una-nueva-edicion-del-mateando\/#article","isPartOf":{"@id":"https:\/\/informelitoral.com.ar\/parana-convoca-a-emprendedores-locales-para-una-nueva-edicion-del-mateando\/"},"author":{"name":"Sebastian","@id":"https:\/\/informelitoral.com.ar\/#\/schema\/person\/f05f9f461677119578717524b127d6d5"},"headline":"Paran\u00e1 convoca a emprendedores locales para una nueva edici\u00f3n del Mateando","datePublished":"2026-01-06T12:12:37+00:00","dateModified":"2026-01-06T12:19:18+00:00","mainEntityOfPage":{"@id":"https:\/\/informelitoral.com.ar\/parana-convoca-a-emprendedores-locales-para-una-nueva-edicion-del-mateando\/"},"wordCount":375,"commentCount":0,"publisher":{"@id":"https:\/\/informelitoral.com.ar\/#organization"},"image":{"@id":"https:\/\/informelitoral.com.ar\/parana-convoca-a-emprendedores-locales-para-una-nueva-edicion-del-mateando\/#primaryimage"},"thumbnailUrl":"https:\/\/drive.google.com\/thumbnail?id=1NzerMDUFITpmJGGmkWOuaAVw8mDm0O7O&sz=w2048","keywords":["Mateando","Municipalidad de Paran\u00e1","Pre Mate"],"articleSection":["Paran\u00e1"],"inLanguage":"es","potentialAction":[{"@type":"CommentAction","name":"Comment","target":["https:\/\/informelitoral.com.ar\/parana-convoca-a-emprendedores-locales-para-una-nueva-edicion-del-mateando\/#respond"]}]},{"@type":"WebPage","@id":"https:\/\/informelitoral.com.ar\/parana-convoca-a-emprendedores-locales-para-una-nueva-edicion-del-mateando\/","url":"https:\/\/informelitoral.com.ar\/parana-convoca-a-emprendedores-locales-para-una-nueva-edicion-del-mateando\/","name":"Paran\u00e1 convoca a emprendedores locales para una nueva edici\u00f3n del Mateando - Informe Litoral","isPartOf":{"@id":"https:\/\/informelitoral.com.ar\/#website"},"primaryImageOfPage":{"@id":"https:\/\/informelitoral.com.ar\/parana-convoca-a-emprendedores-locales-para-una-nueva-edicion-del-mateando\/#primaryimage"},"image":{"@id":"https:\/\/informelitoral.com.ar\/parana-convoca-a-emprendedores-locales-para-una-nueva-edicion-del-mateando\/#primaryimage"},"thumbnailUrl":"https:\/\/drive.google.com\/thumbnail?id=1NzerMDUFITpmJGGmkWOuaAVw8mDm0O7O&sz=w2048","datePublished":"2026-01-06T12:12:37+00:00","dateModified":"2026-01-06T12:19:18+00:00","breadcrumb":{"@id":"https:\/\/informelitoral.com.ar\/parana-convoca-a-emprendedores-locales-para-una-nueva-edicion-del-mateando\/#breadcrumb"},"inLanguage":"es","potentialAction":[{"@type":"ReadAction","target":["https:\/\/informelitoral.com.ar\/parana-convoca-a-emprendedores-locales-para-una-nueva-edicion-del-mateando\/"]}]},{"@type":"ImageObject","inLanguage":"es","@id":"https:\/\/informelitoral.com.ar\/parana-convoca-a-emprendedores-locales-para-una-nueva-edicion-del-mateando\/#primaryimage","url":"https:\/\/drive.google.com\/thumbnail?id=1NzerMDUFITpmJGGmkWOuaAVw8mDm0O7O&sz=w2048","contentUrl":"https:\/\/drive.google.com\/thumbnail?id=1NzerMDUFITpmJGGmkWOuaAVw8mDm0O7O&sz=w2048","width":760,"height":427},{"@type":"BreadcrumbList","@id":"https:\/\/informelitoral.com.ar\/parana-convoca-a-emprendedores-locales-para-una-nueva-edicion-del-mateando\/#breadcrumb","itemListElement":[{"@type":"ListItem","position":1,"name":"Portada","item":"https:\/\/informelitoral.com.ar\/"},{"@type":"ListItem","position":2,"name":"Paran\u00e1 convoca a emprendedores locales para una nueva edici\u00f3n del Mateando"}]},{"@type":"WebSite","@id":"https:\/\/informelitoral.com.ar\/#website","url":"https:\/\/informelitoral.com.ar\/","name":"Informe Litoral","description":"&quot;Nos informamos&quot; ","publisher":{"@id":"https:\/\/informelitoral.com.ar\/#organization"},"potentialAction":[{"@type":"SearchAction","target":{"@type":"EntryPoint","urlTemplate":"https:\/\/informelitoral.com.ar\/?s={search_term_string}"},"query-input":{"@type":"PropertyValueSpecification","valueRequired":true,"valueName":"search_term_string"}}],"inLanguage":"es"},{"@type":"Organization","@id":"https:\/\/informelitoral.com.ar\/#organization","name":"Informe Litoral","url":"https:\/\/informelitoral.com.ar\/","logo":{"@type":"ImageObject","inLanguage":"es","@id":"https:\/\/informelitoral.com.ar\/#\/schema\/logo\/image\/","url":"https:\/\/informelitoral.com.ar\/%77%70%2d%63%6f%6e%74%65%6e%74\/uploads\/2021\/01\/circulo.png","contentUrl":"https:\/\/informelitoral.com.ar\/%77%70%2d%63%6f%6e%74%65%6e%74\/uploads\/2021\/01\/circulo.png","width":723,"height":731,"caption":"Informe Litoral"},"image":{"@id":"https:\/\/informelitoral.com.ar\/#\/schema\/logo\/image\/"},"sameAs":["https:\/\/www.facebook.com\/informelitoral\/","https:\/\/x.com\/InformeLitoral","https:\/\/www.instagram.com\/informelitoral\/","https:\/\/www.youtube.com\/channel\/UCua4Qvz8Icb6MYqhoq9xLXw"]},{"@type":"Person","@id":"https:\/\/informelitoral.com.ar\/#\/schema\/person\/f05f9f461677119578717524b127d6d5","name":"Sebastian","image":{"@type":"ImageObject","inLanguage":"es","@id":"https:\/\/secure.gravatar.com\/avatar\/b71bf7481d447dfb9583c7f2798e7cc64de6efb9067b74633ed8c31059a3bd82?s=96&d=mm&r=g","url":"https:\/\/secure.gravatar.com\/avatar\/b71bf7481d447dfb9583c7f2798e7cc64de6efb9067b74633ed8c31059a3bd82?s=96&d=mm&r=g","contentUrl":"https:\/\/secure.gravatar.com\/avatar\/b71bf7481d447dfb9583c7f2798e7cc64de6efb9067b74633ed8c31059a3bd82?s=96&d=mm&r=g","caption":"Sebastian"},"url":"https:\/\/informelitoral.com.ar\/author\/sebastian\/"}]}},"_links":{"self":[{"href":"https:\/\/informelitoral.com.ar\/%77%70%2d%6a%73%6f%6e\/wp\/v2\/posts\/245697","targetHints":{"allow":["GET"]}}],"collection":[{"href":"https:\/\/informelitoral.com.ar\/%77%70%2d%6a%73%6f%6e\/wp\/v2\/posts"}],"about":[{"href":"https:\/\/informelitoral.com.ar\/%77%70%2d%6a%73%6f%6e\/wp\/v2\/types\/post"}],"author":[{"embeddable":true,"href":"https:\/\/informelitoral.com.ar\/%77%70%2d%6a%73%6f%6e\/wp\/v2\/users\/8"}],"replies":[{"embeddable":true,"href":"https:\/\/informelitoral.com.ar\/%77%70%2d%6a%73%6f%6e\/wp\/v2\/comments?post=245697"}],"version-history":[{"count":4,"href":"https:\/\/informelitoral.com.ar\/%77%70%2d%6a%73%6f%6e\/wp\/v2\/posts\/245697\/revisions"}],"predecessor-version":[{"id":245703,"href":"https:\/\/informelitoral.com.ar\/%77%70%2d%6a%73%6f%6e\/wp\/v2\/posts\/245697\/revisions\/245703"}],"wp:featuredmedia":[{"embeddable":true,"href":"https:\/\/informelitoral.com.ar\/%77%70%2d%6a%73%6f%6e\/wp\/v2\/media\/245699"}],"wp:attachment":[{"href":"https:\/\/informelitoral.com.ar\/%77%70%2d%6a%73%6f%6e\/wp\/v2\/media?parent=245697"}],"wp:term":[{"taxonomy":"category","embeddable":true,"href":"https:\/\/informelitoral.com.ar\/%77%70%2d%6a%73%6f%6e\/wp\/v2\/categories?post=245697"},{"taxonomy":"post_tag","embeddable":true,"href":"https:\/\/informelitoral.com.ar\/%77%70%2d%6a%73%6f%6e\/wp\/v2\/tags?post=245697"}],"curies":[{"name":"wp","href":"https:\/\/api.w.org\/{rel}","templated":true}]}}