{"id":245678,"date":"2026-01-06T08:19:55","date_gmt":"2026-01-06T11:19:55","guid":{"rendered":"https:\/\/informelitoral.com.ar\/?p=245678"},"modified":"2026-01-06T09:06:29","modified_gmt":"2026-01-06T12:06:29","slug":"parana-dos-adolescentes-baleadas-una-de-ellas-en-estado-critico","status":"publish","type":"post","link":"https:\/\/informelitoral.com.ar\/parana-dos-adolescentes-baleadas-una-de-ellas-en-estado-critico\/","title":{"rendered":"Paran\u00e1: dos adolescentes baleadas, una de ellas en estado cr\u00edtico"},"content":{"rendered":"<p data-path-to-node=\"4\">Alrededor de las <strong>23:30 de este lunes <\/strong>, dos individuos que se desplazaban en una motocicleta detuvieron su marcha en calle <strong>Rep\u00fablica de Siria<\/strong>, casi en la intersecci\u00f3n con Segundo Sombra, y abrieron fuego de manera directa contra una vivienda del lugar. Seg\u00fan los peritajes iniciales, los atacantes efectuaron entre cinco y diez disparos antes de emprender la huida.<\/p>\n<p data-path-to-node=\"5\">Como consecuencia del brutal ataque, dos adolescentes resultaron heridas por los impactos de arma de fuego. Una de las j\u00f3venes recibi\u00f3 un disparo en la zona del gl\u00fateo y, tras ser asistida por el personal de salud, fue dada de alta pocas horas m\u00e1s tarde. Sin embargo, la situaci\u00f3n m\u00e1s delicada la atraviesa la otra menor de edad, quien recibi\u00f3 un impacto en la zona del cr\u00e1neo. La joven fue trasladada de urgencia y permanece siendo intervenida quir\u00fargicamente con un pron\u00f3stico m\u00e9dico reservado.<\/p>\n<h6 data-path-to-node=\"5\"><strong><em>Del archivo:\u00a0<a href=\"https:\/\/informelitoral.com.ar\/violento-altercado-familiar-en-crespo-termina-con-un-joven-detenido-y-un-hombre-hospitalizado\/\" target=\"_blank\" rel=\"noopener\">Violento altercado familiar en Crespo termin\u00f3 con un joven detenido y un hombre hospitalizado<\/a><\/em><\/strong><\/h6>\n<p data-path-to-node=\"6\">En el lugar del hecho trabaj\u00f3 la Polic\u00eda Cient\u00edfica en conjunto con el personal de la comisar\u00eda de la jurisdicci\u00f3n, realizando el levantamiento de evidencias y la recolecci\u00f3n de testimonios fundamentales para la causa. El sector se encuentra actualmente resguardado y bajo un estricto per\u00edmetro mientras avanza la investigaci\u00f3n oficial.<\/p>\n<p data-path-to-node=\"7\">De acuerdo a las primeras informaciones policiales, los autores del ataque ya estar\u00edan identificados, o al menos uno de ellos. Las fuerzas de seguridad realizan intensos operativos de b\u00fasqueda para dar con los responsables de esta violenta balacera que ha generado conmoci\u00f3n y profundo temor entre los vecinos. El hecho caus\u00f3 especial alarma debido a que, al momento del ataque, muchas personas se encontraban fuera de sus hogares, lo que pudo haber derivado en una tragedia de dimensiones a\u00fan mayores.(<em>Con informaci\u00f3n de AHORA<\/em>)<\/p>\n","protected":false},"excerpt":{"rendered":"<p>Dos sujetos en motocicleta abrieron fuego contra una vivienda en calle Rep\u00fablica de Siria, provocando heridas de gravedad a una joven que permanece bajo pron\u00f3stico reservado.<\/p>\n","protected":false},"author":8,"featured_media":245679,"comment_status":"open","ping_status":"open","sticky":false,"template":"","format":"standard","meta":{"fifu_image_url":"https:\/\/i0.wp.com\/ahora.com.ar\/wp-content\/uploads\/2026\/01\/BALEADAS-ADOLESCENTES-PARANA.jpg?resize=696%2C537&quality=89&ssl=1","fifu_image_alt":"","footnotes":""},"categories":[14],"tags":[2984,45],"class_list":{"0":"post-245678","1":"post","2":"type-post","3":"status-publish","4":"format-standard","5":"has-post-thumbnail","7":"category-policiales","8":"tag-heridos","9":"tag-parana"},"yoast_head":"<title>Paran\u00e1: dos adolescentes baleadas, una de ellas en estado cr\u00edtico - Informe Litoral<\/title>\n<meta name=\"robots\" content=\"index, follow, max-snippet:-1, max-image-preview:large, max-video-preview:-1\" \/>\n<link rel=\"canonical\" href=\"https:\/\/informelitoral.com.ar\/parana-dos-adolescentes-baleadas-una-de-ellas-en-estado-critico\/\" \/>\n<meta property=\"og:locale\" content=\"es_ES\" \/>\n<meta property=\"og:type\" content=\"article\" \/>\n<meta property=\"og:title\" content=\"Paran\u00e1: dos adolescentes baleadas, una de ellas en estado cr\u00edtico - Informe Litoral\" \/>\n<meta property=\"og:description\" content=\"Dos sujetos en motocicleta abrieron fuego contra una vivienda en calle Rep\u00fablica de Siria, provocando heridas de gravedad a una joven que permanece bajo pron\u00f3stico reservado.\" \/>\n<meta property=\"og:url\" content=\"https:\/\/informelitoral.com.ar\/parana-dos-adolescentes-baleadas-una-de-ellas-en-estado-critico\/\" \/>\n<meta property=\"og:site_name\" content=\"Informe Litoral\" \/>\n<meta property=\"article:publisher\" content=\"https:\/\/www.facebook.com\/informelitoral\/\" \/>\n<meta property=\"article:published_time\" content=\"2026-01-06T11:19:55+00:00\" \/>\n<meta property=\"article:modified_time\" content=\"2026-01-06T12:06:29+00:00\" \/>\n<meta property=\"og:image\" content=\"https:\/\/i0.wp.com\/ahora.com.ar\/%77%70%2d%63%6f%6e%74%65%6e%74\/uploads\/2026\/01\/BALEADAS-ADOLESCENTES-PARANA.jpg?resize=696%2C537&quality=89&ssl=1\" \/>\n<meta name=\"author\" content=\"Sebastian\" \/>\n<meta name=\"twitter:card\" content=\"summary_large_image\" \/>\n<meta name=\"twitter:image\" content=\"https:\/\/i0.wp.com\/ahora.com.ar\/%77%70%2d%63%6f%6e%74%65%6e%74\/uploads\/2026\/01\/BALEADAS-ADOLESCENTES-PARANA.jpg?resize=696%2C537&quality=89&ssl=1\" \/>\n<meta name=\"twitter:creator\" content=\"@InformeLitoral\" \/>\n<meta name=\"twitter:site\" content=\"@InformeLitoral\" \/>\n<meta name=\"twitter:label1\" content=\"Escrito por\" \/>\n\t<meta name=\"twitter:data1\" content=\"Sebastian\" \/>\n\t<meta name=\"twitter:label2\" content=\"Tiempo de lectura\" \/>\n\t<meta name=\"twitter:data2\" content=\"2 minutos\" \/>\n<script type=\"application\/ld+json\" class=\"yoast-schema-graph\">{\"@context\":\"https:\\\/\\\/schema.org\",\"@graph\":[{\"@type\":\"Article\",\"@id\":\"https:\\\/\\\/informelitoral.com.ar\\\/parana-dos-adolescentes-baleadas-una-de-ellas-en-estado-critico\\\/#article\",\"isPartOf\":{\"@id\":\"https:\\\/\\\/informelitoral.com.ar\\\/parana-dos-adolescentes-baleadas-una-de-ellas-en-estado-critico\\\/\"},\"author\":{\"name\":\"Sebastian\",\"@id\":\"https:\\\/\\\/informelitoral.com.ar\\\/#\\\/schema\\\/person\\\/f05f9f461677119578717524b127d6d5\"},\"headline\":\"Paran\u00e1: dos adolescentes baleadas, una de ellas en estado cr\u00edtico\",\"datePublished\":\"2026-01-06T11:19:55+00:00\",\"dateModified\":\"2026-01-06T12:06:29+00:00\",\"mainEntityOfPage\":{\"@id\":\"https:\\\/\\\/informelitoral.com.ar\\\/parana-dos-adolescentes-baleadas-una-de-ellas-en-estado-critico\\\/\"},\"wordCount\":325,\"commentCount\":0,\"publisher\":{\"@id\":\"https:\\\/\\\/informelitoral.com.ar\\\/#organization\"},\"image\":{\"@id\":\"https:\\\/\\\/informelitoral.com.ar\\\/parana-dos-adolescentes-baleadas-una-de-ellas-en-estado-critico\\\/#primaryimage\"},\"thumbnailUrl\":\"https:\\\/\\\/i0.wp.com\\\/ahora.com.ar\\\/%77%70%2d%63%6f%6e%74%65%6e%74\\\/uploads\\\/2026\\\/01\\\/BALEADAS-ADOLESCENTES-PARANA.jpg?resize=696%2C537&quality=89&ssl=1\",\"keywords\":[\"Heridos\",\"Paran\u00e1\"],\"articleSection\":[\"Policiales\"],\"inLanguage\":\"es\",\"potentialAction\":[{\"@type\":\"CommentAction\",\"name\":\"Comment\",\"target\":[\"https:\\\/\\\/informelitoral.com.ar\\\/parana-dos-adolescentes-baleadas-una-de-ellas-en-estado-critico\\\/#respond\"]}]},{\"@type\":\"WebPage\",\"@id\":\"https:\\\/\\\/informelitoral.com.ar\\\/parana-dos-adolescentes-baleadas-una-de-ellas-en-estado-critico\\\/\",\"url\":\"https:\\\/\\\/informelitoral.com.ar\\\/parana-dos-adolescentes-baleadas-una-de-ellas-en-estado-critico\\\/\",\"name\":\"Paran\u00e1: dos adolescentes baleadas, una de ellas en estado cr\u00edtico - Informe Litoral\",\"isPartOf\":{\"@id\":\"https:\\\/\\\/informelitoral.com.ar\\\/#website\"},\"primaryImageOfPage\":{\"@id\":\"https:\\\/\\\/informelitoral.com.ar\\\/parana-dos-adolescentes-baleadas-una-de-ellas-en-estado-critico\\\/#primaryimage\"},\"image\":{\"@id\":\"https:\\\/\\\/informelitoral.com.ar\\\/parana-dos-adolescentes-baleadas-una-de-ellas-en-estado-critico\\\/#primaryimage\"},\"thumbnailUrl\":\"https:\\\/\\\/i0.wp.com\\\/ahora.com.ar\\\/%77%70%2d%63%6f%6e%74%65%6e%74\\\/uploads\\\/2026\\\/01\\\/BALEADAS-ADOLESCENTES-PARANA.jpg?resize=696%2C537&quality=89&ssl=1\",\"datePublished\":\"2026-01-06T11:19:55+00:00\",\"dateModified\":\"2026-01-06T12:06:29+00:00\",\"breadcrumb\":{\"@id\":\"https:\\\/\\\/informelitoral.com.ar\\\/parana-dos-adolescentes-baleadas-una-de-ellas-en-estado-critico\\\/#breadcrumb\"},\"inLanguage\":\"es\",\"potentialAction\":[{\"@type\":\"ReadAction\",\"target\":[\"https:\\\/\\\/informelitoral.com.ar\\\/parana-dos-adolescentes-baleadas-una-de-ellas-en-estado-critico\\\/\"]}]},{\"@type\":\"ImageObject\",\"inLanguage\":\"es\",\"@id\":\"https:\\\/\\\/informelitoral.com.ar\\\/parana-dos-adolescentes-baleadas-una-de-ellas-en-estado-critico\\\/#primaryimage\",\"url\":\"https:\\\/\\\/i0.wp.com\\\/ahora.com.ar\\\/%77%70%2d%63%6f%6e%74%65%6e%74\\\/uploads\\\/2026\\\/01\\\/BALEADAS-ADOLESCENTES-PARANA.jpg?resize=696%2C537&quality=89&ssl=1\",\"contentUrl\":\"https:\\\/\\\/i0.wp.com\\\/ahora.com.ar\\\/%77%70%2d%63%6f%6e%74%65%6e%74\\\/uploads\\\/2026\\\/01\\\/BALEADAS-ADOLESCENTES-PARANA.jpg?resize=696%2C537&quality=89&ssl=1\",\"width\":\"696\",\"height\":\"537\"},{\"@type\":\"BreadcrumbList\",\"@id\":\"https:\\\/\\\/informelitoral.com.ar\\\/parana-dos-adolescentes-baleadas-una-de-ellas-en-estado-critico\\\/#breadcrumb\",\"itemListElement\":[{\"@type\":\"ListItem\",\"position\":1,\"name\":\"Portada\",\"item\":\"https:\\\/\\\/informelitoral.com.ar\\\/\"},{\"@type\":\"ListItem\",\"position\":2,\"name\":\"Paran\u00e1: dos adolescentes baleadas, una de ellas en estado cr\u00edtico\"}]},{\"@type\":\"WebSite\",\"@id\":\"https:\\\/\\\/informelitoral.com.ar\\\/#website\",\"url\":\"https:\\\/\\\/informelitoral.com.ar\\\/\",\"name\":\"Informe Litoral\",\"description\":\"&quot;Nos informamos&quot; \",\"publisher\":{\"@id\":\"https:\\\/\\\/informelitoral.com.ar\\\/#organization\"},\"potentialAction\":[{\"@type\":\"SearchAction\",\"target\":{\"@type\":\"EntryPoint\",\"urlTemplate\":\"https:\\\/\\\/informelitoral.com.ar\\\/?s={search_term_string}\"},\"query-input\":{\"@type\":\"PropertyValueSpecification\",\"valueRequired\":true,\"valueName\":\"search_term_string\"}}],\"inLanguage\":\"es\"},{\"@type\":\"Organization\",\"@id\":\"https:\\\/\\\/informelitoral.com.ar\\\/#organization\",\"name\":\"Informe Litoral\",\"url\":\"https:\\\/\\\/informelitoral.com.ar\\\/\",\"logo\":{\"@type\":\"ImageObject\",\"inLanguage\":\"es\",\"@id\":\"https:\\\/\\\/informelitoral.com.ar\\\/#\\\/schema\\\/logo\\\/image\\\/\",\"url\":\"https:\\\/\\\/informelitoral.com.ar\\\/%77%70%2d%63%6f%6e%74%65%6e%74\\\/uploads\\\/2021\\\/01\\\/circulo.png\",\"contentUrl\":\"https:\\\/\\\/informelitoral.com.ar\\\/%77%70%2d%63%6f%6e%74%65%6e%74\\\/uploads\\\/2021\\\/01\\\/circulo.png\",\"width\":723,\"height\":731,\"caption\":\"Informe Litoral\"},\"image\":{\"@id\":\"https:\\\/\\\/informelitoral.com.ar\\\/#\\\/schema\\\/logo\\\/image\\\/\"},\"sameAs\":[\"https:\\\/\\\/www.facebook.com\\\/informelitoral\\\/\",\"https:\\\/\\\/x.com\\\/InformeLitoral\",\"https:\\\/\\\/www.instagram.com\\\/informelitoral\\\/\",\"https:\\\/\\\/www.youtube.com\\\/channel\\\/UCua4Qvz8Icb6MYqhoq9xLXw\"]},{\"@type\":\"Person\",\"@id\":\"https:\\\/\\\/informelitoral.com.ar\\\/#\\\/schema\\\/person\\\/f05f9f461677119578717524b127d6d5\",\"name\":\"Sebastian\",\"image\":{\"@type\":\"ImageObject\",\"inLanguage\":\"es\",\"@id\":\"https:\\\/\\\/secure.gravatar.com\\\/avatar\\\/b71bf7481d447dfb9583c7f2798e7cc64de6efb9067b74633ed8c31059a3bd82?s=96&d=mm&r=g\",\"url\":\"https:\\\/\\\/secure.gravatar.com\\\/avatar\\\/b71bf7481d447dfb9583c7f2798e7cc64de6efb9067b74633ed8c31059a3bd82?s=96&d=mm&r=g\",\"contentUrl\":\"https:\\\/\\\/secure.gravatar.com\\\/avatar\\\/b71bf7481d447dfb9583c7f2798e7cc64de6efb9067b74633ed8c31059a3bd82?s=96&d=mm&r=g\",\"caption\":\"Sebastian\"},\"url\":\"https:\\\/\\\/informelitoral.com.ar\\\/author\\\/sebastian\\\/\"}]}<\/script>","yoast_head_json":{"title":"Paran\u00e1: dos adolescentes baleadas, una de ellas en estado cr\u00edtico - Informe Litoral","robots":{"index":"index","follow":"follow","max-snippet":"max-snippet:-1","max-image-preview":"max-image-preview:large","max-video-preview":"max-video-preview:-1"},"canonical":"https:\/\/informelitoral.com.ar\/parana-dos-adolescentes-baleadas-una-de-ellas-en-estado-critico\/","og_locale":"es_ES","og_type":"article","og_title":"Paran\u00e1: dos adolescentes baleadas, una de ellas en estado cr\u00edtico - Informe Litoral","og_description":"Dos sujetos en motocicleta abrieron fuego contra una vivienda en calle Rep\u00fablica de Siria, provocando heridas de gravedad a una joven que permanece bajo pron\u00f3stico reservado.","og_url":"https:\/\/informelitoral.com.ar\/parana-dos-adolescentes-baleadas-una-de-ellas-en-estado-critico\/","og_site_name":"Informe Litoral","article_publisher":"https:\/\/www.facebook.com\/informelitoral\/","article_published_time":"2026-01-06T11:19:55+00:00","article_modified_time":"2026-01-06T12:06:29+00:00","og_image":[{"url":"https:\/\/i0.wp.com\/ahora.com.ar\/wp-content\/uploads\/2026\/01\/BALEADAS-ADOLESCENTES-PARANA.jpg?resize=696%2C537&quality=89&ssl=1","type":"","width":"","height":""}],"author":"Sebastian","twitter_card":"summary_large_image","twitter_image":"https:\/\/i0.wp.com\/ahora.com.ar\/wp-content\/uploads\/2026\/01\/BALEADAS-ADOLESCENTES-PARANA.jpg?resize=696%2C537&quality=89&ssl=1","twitter_creator":"@InformeLitoral","twitter_site":"@InformeLitoral","twitter_misc":{"Escrito por":"Sebastian","Tiempo de lectura":"2 minutos"},"schema":{"@context":"https:\/\/schema.org","@graph":[{"@type":"Article","@id":"https:\/\/informelitoral.com.ar\/parana-dos-adolescentes-baleadas-una-de-ellas-en-estado-critico\/#article","isPartOf":{"@id":"https:\/\/informelitoral.com.ar\/parana-dos-adolescentes-baleadas-una-de-ellas-en-estado-critico\/"},"author":{"name":"Sebastian","@id":"https:\/\/informelitoral.com.ar\/#\/schema\/person\/f05f9f461677119578717524b127d6d5"},"headline":"Paran\u00e1: dos adolescentes baleadas, una de ellas en estado cr\u00edtico","datePublished":"2026-01-06T11:19:55+00:00","dateModified":"2026-01-06T12:06:29+00:00","mainEntityOfPage":{"@id":"https:\/\/informelitoral.com.ar\/parana-dos-adolescentes-baleadas-una-de-ellas-en-estado-critico\/"},"wordCount":325,"commentCount":0,"publisher":{"@id":"https:\/\/informelitoral.com.ar\/#organization"},"image":{"@id":"https:\/\/informelitoral.com.ar\/parana-dos-adolescentes-baleadas-una-de-ellas-en-estado-critico\/#primaryimage"},"thumbnailUrl":"https:\/\/i0.wp.com\/ahora.com.ar\/%77%70%2d%63%6f%6e%74%65%6e%74\/uploads\/2026\/01\/BALEADAS-ADOLESCENTES-PARANA.jpg?resize=696%2C537&quality=89&ssl=1","keywords":["Heridos","Paran\u00e1"],"articleSection":["Policiales"],"inLanguage":"es","potentialAction":[{"@type":"CommentAction","name":"Comment","target":["https:\/\/informelitoral.com.ar\/parana-dos-adolescentes-baleadas-una-de-ellas-en-estado-critico\/#respond"]}]},{"@type":"WebPage","@id":"https:\/\/informelitoral.com.ar\/parana-dos-adolescentes-baleadas-una-de-ellas-en-estado-critico\/","url":"https:\/\/informelitoral.com.ar\/parana-dos-adolescentes-baleadas-una-de-ellas-en-estado-critico\/","name":"Paran\u00e1: dos adolescentes baleadas, una de ellas en estado cr\u00edtico - Informe Litoral","isPartOf":{"@id":"https:\/\/informelitoral.com.ar\/#website"},"primaryImageOfPage":{"@id":"https:\/\/informelitoral.com.ar\/parana-dos-adolescentes-baleadas-una-de-ellas-en-estado-critico\/#primaryimage"},"image":{"@id":"https:\/\/informelitoral.com.ar\/parana-dos-adolescentes-baleadas-una-de-ellas-en-estado-critico\/#primaryimage"},"thumbnailUrl":"https:\/\/i0.wp.com\/ahora.com.ar\/%77%70%2d%63%6f%6e%74%65%6e%74\/uploads\/2026\/01\/BALEADAS-ADOLESCENTES-PARANA.jpg?resize=696%2C537&quality=89&ssl=1","datePublished":"2026-01-06T11:19:55+00:00","dateModified":"2026-01-06T12:06:29+00:00","breadcrumb":{"@id":"https:\/\/informelitoral.com.ar\/parana-dos-adolescentes-baleadas-una-de-ellas-en-estado-critico\/#breadcrumb"},"inLanguage":"es","potentialAction":[{"@type":"ReadAction","target":["https:\/\/informelitoral.com.ar\/parana-dos-adolescentes-baleadas-una-de-ellas-en-estado-critico\/"]}]},{"@type":"ImageObject","inLanguage":"es","@id":"https:\/\/informelitoral.com.ar\/parana-dos-adolescentes-baleadas-una-de-ellas-en-estado-critico\/#primaryimage","url":"https:\/\/i0.wp.com\/ahora.com.ar\/%77%70%2d%63%6f%6e%74%65%6e%74\/uploads\/2026\/01\/BALEADAS-ADOLESCENTES-PARANA.jpg?resize=696%2C537&quality=89&ssl=1","contentUrl":"https:\/\/i0.wp.com\/ahora.com.ar\/%77%70%2d%63%6f%6e%74%65%6e%74\/uploads\/2026\/01\/BALEADAS-ADOLESCENTES-PARANA.jpg?resize=696%2C537&quality=89&ssl=1","width":"696","height":"537"},{"@type":"BreadcrumbList","@id":"https:\/\/informelitoral.com.ar\/parana-dos-adolescentes-baleadas-una-de-ellas-en-estado-critico\/#breadcrumb","itemListElement":[{"@type":"ListItem","position":1,"name":"Portada","item":"https:\/\/informelitoral.com.ar\/"},{"@type":"ListItem","position":2,"name":"Paran\u00e1: dos adolescentes baleadas, una de ellas en estado cr\u00edtico"}]},{"@type":"WebSite","@id":"https:\/\/informelitoral.com.ar\/#website","url":"https:\/\/informelitoral.com.ar\/","name":"Informe Litoral","description":"&quot;Nos informamos&quot; ","publisher":{"@id":"https:\/\/informelitoral.com.ar\/#organization"},"potentialAction":[{"@type":"SearchAction","target":{"@type":"EntryPoint","urlTemplate":"https:\/\/informelitoral.com.ar\/?s={search_term_string}"},"query-input":{"@type":"PropertyValueSpecification","valueRequired":true,"valueName":"search_term_string"}}],"inLanguage":"es"},{"@type":"Organization","@id":"https:\/\/informelitoral.com.ar\/#organization","name":"Informe Litoral","url":"https:\/\/informelitoral.com.ar\/","logo":{"@type":"ImageObject","inLanguage":"es","@id":"https:\/\/informelitoral.com.ar\/#\/schema\/logo\/image\/","url":"https:\/\/informelitoral.com.ar\/%77%70%2d%63%6f%6e%74%65%6e%74\/uploads\/2021\/01\/circulo.png","contentUrl":"https:\/\/informelitoral.com.ar\/%77%70%2d%63%6f%6e%74%65%6e%74\/uploads\/2021\/01\/circulo.png","width":723,"height":731,"caption":"Informe Litoral"},"image":{"@id":"https:\/\/informelitoral.com.ar\/#\/schema\/logo\/image\/"},"sameAs":["https:\/\/www.facebook.com\/informelitoral\/","https:\/\/x.com\/InformeLitoral","https:\/\/www.instagram.com\/informelitoral\/","https:\/\/www.youtube.com\/channel\/UCua4Qvz8Icb6MYqhoq9xLXw"]},{"@type":"Person","@id":"https:\/\/informelitoral.com.ar\/#\/schema\/person\/f05f9f461677119578717524b127d6d5","name":"Sebastian","image":{"@type":"ImageObject","inLanguage":"es","@id":"https:\/\/secure.gravatar.com\/avatar\/b71bf7481d447dfb9583c7f2798e7cc64de6efb9067b74633ed8c31059a3bd82?s=96&d=mm&r=g","url":"https:\/\/secure.gravatar.com\/avatar\/b71bf7481d447dfb9583c7f2798e7cc64de6efb9067b74633ed8c31059a3bd82?s=96&d=mm&r=g","contentUrl":"https:\/\/secure.gravatar.com\/avatar\/b71bf7481d447dfb9583c7f2798e7cc64de6efb9067b74633ed8c31059a3bd82?s=96&d=mm&r=g","caption":"Sebastian"},"url":"https:\/\/informelitoral.com.ar\/author\/sebastian\/"}]}},"fifu_image_url":"https:\/\/i0.wp.com\/ahora.com.ar\/wp-content\/uploads\/2026\/01\/BALEADAS-ADOLESCENTES-PARANA.jpg?resize=696%2C537&quality=89&ssl=1","_links":{"self":[{"href":"https:\/\/informelitoral.com.ar\/%77%70%2d%6a%73%6f%6e\/wp\/v2\/posts\/245678","targetHints":{"allow":["GET"]}}],"collection":[{"href":"https:\/\/informelitoral.com.ar\/%77%70%2d%6a%73%6f%6e\/wp\/v2\/posts"}],"about":[{"href":"https:\/\/informelitoral.com.ar\/%77%70%2d%6a%73%6f%6e\/wp\/v2\/types\/post"}],"author":[{"embeddable":true,"href":"https:\/\/informelitoral.com.ar\/%77%70%2d%6a%73%6f%6e\/wp\/v2\/users\/8"}],"replies":[{"embeddable":true,"href":"https:\/\/informelitoral.com.ar\/%77%70%2d%6a%73%6f%6e\/wp\/v2\/comments?post=245678"}],"version-history":[{"count":4,"href":"https:\/\/informelitoral.com.ar\/%77%70%2d%6a%73%6f%6e\/wp\/v2\/posts\/245678\/revisions"}],"predecessor-version":[{"id":245691,"href":"https:\/\/informelitoral.com.ar\/%77%70%2d%6a%73%6f%6e\/wp\/v2\/posts\/245678\/revisions\/245691"}],"wp:featuredmedia":[{"embeddable":true,"href":"https:\/\/informelitoral.com.ar\/%77%70%2d%6a%73%6f%6e\/wp\/v2\/media\/245679"}],"wp:attachment":[{"href":"https:\/\/informelitoral.com.ar\/%77%70%2d%6a%73%6f%6e\/wp\/v2\/media?parent=245678"}],"wp:term":[{"taxonomy":"category","embeddable":true,"href":"https:\/\/informelitoral.com.ar\/%77%70%2d%6a%73%6f%6e\/wp\/v2\/categories?post=245678"},{"taxonomy":"post_tag","embeddable":true,"href":"https:\/\/informelitoral.com.ar\/%77%70%2d%6a%73%6f%6e\/wp\/v2\/tags?post=245678"}],"curies":[{"name":"wp","href":"https:\/\/api.w.org\/{rel}","templated":true}]}}