{"id":245645,"date":"2026-01-05T21:57:04","date_gmt":"2026-01-06T00:57:04","guid":{"rendered":"https:\/\/informelitoral.com.ar\/?p=245645"},"modified":"2026-01-05T22:02:00","modified_gmt":"2026-01-06T01:02:00","slug":"parana-una-pelea-en-el-balneario-municipal-termino-con-un-hombre-apunalado","status":"publish","type":"post","link":"https:\/\/informelitoral.com.ar\/parana-una-pelea-en-el-balneario-municipal-termino-con-un-hombre-apunalado\/","title":{"rendered":"Paran\u00e1: una pelea en el Balneario Municipal termin\u00f3 con un hombre apu\u00f1alado"},"content":{"rendered":"<p data-path-to-node=\"5\">En una jornada que deb\u00eda ser de esparcimiento y tranquilidad, la violencia irrumpi\u00f3 en el <b data-path-to-node=\"5\" data-index-in-node=\"90\">Balneario Municipal de Paran\u00e1<\/b>. Durante la tarde de este lunes, un grave incidente entre dos grupos de personas empa\u00f1\u00f3 la tarde de sol que disfrutaban numerosas familias en la zona costanera.<\/p>\n<p data-path-to-node=\"6\"><b data-path-to-node=\"6\" data-index-in-node=\"0\">El conflicto y la agresi\u00f3n<\/b> De acuerdo a los primeros datos recabados en el lugar, la confrontaci\u00f3n comenz\u00f3 como un altercado verbal entre dos facciones. Sin embargo, la tensi\u00f3n escal\u00f3 r\u00e1pidamente hasta que uno de los involucrados extrajo un arma blanca y <b data-path-to-node=\"6\" data-index-in-node=\"255\">apu\u00f1al\u00f3 a otro hombre en la zona del t\u00f3rax<\/b>.<\/p>\n<p data-path-to-node=\"7\">El ataque se produjo ante la mirada at\u00f3nita de los presentes, entre los que se encontraban muchos menores de edad que recreaban en el predio.<\/p>\n<p data-path-to-node=\"8\"><b data-path-to-node=\"8\" data-index-in-node=\"0\">Intervenci\u00f3n policial y detenci\u00f3n<\/b> Tras el alerta, el personal de la <b data-path-to-node=\"8\" data-index-in-node=\"68\">Comisar\u00eda Primera<\/b> acudi\u00f3 de inmediato para intervenir en el lugar del hecho y resguardar la escena. En tanto, efectivos de la <b data-path-to-node=\"8\" data-index-in-node=\"194\">Comisar\u00eda 16<\/b> llevaron adelante el operativo que permiti\u00f3 la localizaci\u00f3n y detenci\u00f3n del presunto autor de la agresi\u00f3n. El atacante fue trasladado a la dependencia policial y puesto a disposici\u00f3n de la justicia.<\/p>\n<p data-path-to-node=\"9\"><b data-path-to-node=\"9\" data-index-in-node=\"0\">Estado de la v\u00edctima<\/b> En cuanto al herido, recibi\u00f3 las primeras asistencias en el balneario y fue trasladado de urgencia en ambulancia hacia el <b data-path-to-node=\"9\" data-index-in-node=\"143\">Hospital San Mart\u00edn<\/b>. Hasta el momento, se aguarda un parte m\u00e9dico oficial para conocer la gravedad de la lesi\u00f3n sufrida en el pecho.<\/p>\n","protected":false},"excerpt":{"rendered":"<p>El violento episodio ocurri\u00f3 este lunes por la tarde frente a familias y ni\u00f1os. El agresor fue detenido y la v\u00edctima trasladada de urgencia al hospital San Mart\u00edn.<\/p>\n","protected":false},"author":8,"featured_media":245647,"comment_status":"open","ping_status":"open","sticky":false,"template":"","format":"standard","meta":{"fifu_image_url":"https:\/\/i0.wp.com\/ahora.com.ar\/wp-content\/uploads\/2026\/01\/Pelea-en-el-balneario-Municipal-de-Parana.png?w=255&quality=80&ssl=1","fifu_image_alt":"","footnotes":""},"categories":[14],"tags":[2711,3163,45],"class_list":{"0":"post-245645","1":"post","2":"type-post","3":"status-publish","4":"format-standard","5":"has-post-thumbnail","7":"category-policiales","8":"tag-detenidos","9":"tag-herido","10":"tag-parana"},"yoast_head":"<title>Paran\u00e1: una pelea en el Balneario Municipal termin\u00f3 con un hombre apu\u00f1alado - Informe Litoral<\/title>\n<meta name=\"robots\" content=\"index, follow, max-snippet:-1, max-image-preview:large, max-video-preview:-1\" \/>\n<link rel=\"canonical\" href=\"https:\/\/informelitoral.com.ar\/parana-una-pelea-en-el-balneario-municipal-termino-con-un-hombre-apunalado\/\" \/>\n<meta property=\"og:locale\" content=\"es_ES\" \/>\n<meta property=\"og:type\" content=\"article\" \/>\n<meta property=\"og:title\" content=\"Paran\u00e1: una pelea en el Balneario Municipal termin\u00f3 con un hombre apu\u00f1alado - Informe Litoral\" \/>\n<meta property=\"og:description\" content=\"El violento episodio ocurri\u00f3 este lunes por la tarde frente a familias y ni\u00f1os. El agresor fue detenido y la v\u00edctima trasladada de urgencia al hospital San Mart\u00edn.\" \/>\n<meta property=\"og:url\" content=\"https:\/\/informelitoral.com.ar\/parana-una-pelea-en-el-balneario-municipal-termino-con-un-hombre-apunalado\/\" \/>\n<meta property=\"og:site_name\" content=\"Informe Litoral\" \/>\n<meta property=\"article:publisher\" content=\"https:\/\/www.facebook.com\/informelitoral\/\" \/>\n<meta property=\"article:published_time\" content=\"2026-01-06T00:57:04+00:00\" \/>\n<meta property=\"article:modified_time\" content=\"2026-01-06T01:02:00+00:00\" \/>\n<meta property=\"og:image\" content=\"https:\/\/i0.wp.com\/ahora.com.ar\/%77%70%2d%63%6f%6e%74%65%6e%74\/uploads\/2026\/01\/Pelea-en-el-balneario-Municipal-de-Parana.png?w=255&quality=80&ssl=1\" \/>\n<meta name=\"author\" content=\"Sebastian\" \/>\n<meta name=\"twitter:card\" content=\"summary_large_image\" \/>\n<meta name=\"twitter:image\" content=\"https:\/\/i0.wp.com\/ahora.com.ar\/%77%70%2d%63%6f%6e%74%65%6e%74\/uploads\/2026\/01\/Pelea-en-el-balneario-Municipal-de-Parana.png?w=255&quality=80&ssl=1\" \/>\n<meta name=\"twitter:creator\" content=\"@InformeLitoral\" \/>\n<meta name=\"twitter:site\" content=\"@InformeLitoral\" \/>\n<meta name=\"twitter:label1\" content=\"Escrito por\" \/>\n\t<meta name=\"twitter:data1\" content=\"Sebastian\" \/>\n\t<meta name=\"twitter:label2\" content=\"Tiempo de lectura\" \/>\n\t<meta name=\"twitter:data2\" content=\"2 minutos\" \/>\n<script type=\"application\/ld+json\" class=\"yoast-schema-graph\">{\"@context\":\"https:\\\/\\\/schema.org\",\"@graph\":[{\"@type\":\"Article\",\"@id\":\"https:\\\/\\\/informelitoral.com.ar\\\/parana-una-pelea-en-el-balneario-municipal-termino-con-un-hombre-apunalado\\\/#article\",\"isPartOf\":{\"@id\":\"https:\\\/\\\/informelitoral.com.ar\\\/parana-una-pelea-en-el-balneario-municipal-termino-con-un-hombre-apunalado\\\/\"},\"author\":{\"name\":\"Sebastian\",\"@id\":\"https:\\\/\\\/informelitoral.com.ar\\\/#\\\/schema\\\/person\\\/f05f9f461677119578717524b127d6d5\"},\"headline\":\"Paran\u00e1: una pelea en el Balneario Municipal termin\u00f3 con un hombre apu\u00f1alado\",\"datePublished\":\"2026-01-06T00:57:04+00:00\",\"dateModified\":\"2026-01-06T01:02:00+00:00\",\"mainEntityOfPage\":{\"@id\":\"https:\\\/\\\/informelitoral.com.ar\\\/parana-una-pelea-en-el-balneario-municipal-termino-con-un-hombre-apunalado\\\/\"},\"wordCount\":266,\"commentCount\":0,\"publisher\":{\"@id\":\"https:\\\/\\\/informelitoral.com.ar\\\/#organization\"},\"image\":{\"@id\":\"https:\\\/\\\/informelitoral.com.ar\\\/parana-una-pelea-en-el-balneario-municipal-termino-con-un-hombre-apunalado\\\/#primaryimage\"},\"thumbnailUrl\":\"https:\\\/\\\/i0.wp.com\\\/ahora.com.ar\\\/%77%70%2d%63%6f%6e%74%65%6e%74\\\/uploads\\\/2026\\\/01\\\/Pelea-en-el-balneario-Municipal-de-Parana.png?w=255&quality=80&ssl=1\",\"keywords\":[\"Detenidos\",\"Herido\",\"Paran\u00e1\"],\"articleSection\":[\"Policiales\"],\"inLanguage\":\"es\",\"potentialAction\":[{\"@type\":\"CommentAction\",\"name\":\"Comment\",\"target\":[\"https:\\\/\\\/informelitoral.com.ar\\\/parana-una-pelea-en-el-balneario-municipal-termino-con-un-hombre-apunalado\\\/#respond\"]}]},{\"@type\":\"WebPage\",\"@id\":\"https:\\\/\\\/informelitoral.com.ar\\\/parana-una-pelea-en-el-balneario-municipal-termino-con-un-hombre-apunalado\\\/\",\"url\":\"https:\\\/\\\/informelitoral.com.ar\\\/parana-una-pelea-en-el-balneario-municipal-termino-con-un-hombre-apunalado\\\/\",\"name\":\"Paran\u00e1: una pelea en el Balneario Municipal termin\u00f3 con un hombre apu\u00f1alado - Informe Litoral\",\"isPartOf\":{\"@id\":\"https:\\\/\\\/informelitoral.com.ar\\\/#website\"},\"primaryImageOfPage\":{\"@id\":\"https:\\\/\\\/informelitoral.com.ar\\\/parana-una-pelea-en-el-balneario-municipal-termino-con-un-hombre-apunalado\\\/#primaryimage\"},\"image\":{\"@id\":\"https:\\\/\\\/informelitoral.com.ar\\\/parana-una-pelea-en-el-balneario-municipal-termino-con-un-hombre-apunalado\\\/#primaryimage\"},\"thumbnailUrl\":\"https:\\\/\\\/i0.wp.com\\\/ahora.com.ar\\\/%77%70%2d%63%6f%6e%74%65%6e%74\\\/uploads\\\/2026\\\/01\\\/Pelea-en-el-balneario-Municipal-de-Parana.png?w=255&quality=80&ssl=1\",\"datePublished\":\"2026-01-06T00:57:04+00:00\",\"dateModified\":\"2026-01-06T01:02:00+00:00\",\"breadcrumb\":{\"@id\":\"https:\\\/\\\/informelitoral.com.ar\\\/parana-una-pelea-en-el-balneario-municipal-termino-con-un-hombre-apunalado\\\/#breadcrumb\"},\"inLanguage\":\"es\",\"potentialAction\":[{\"@type\":\"ReadAction\",\"target\":[\"https:\\\/\\\/informelitoral.com.ar\\\/parana-una-pelea-en-el-balneario-municipal-termino-con-un-hombre-apunalado\\\/\"]}]},{\"@type\":\"ImageObject\",\"inLanguage\":\"es\",\"@id\":\"https:\\\/\\\/informelitoral.com.ar\\\/parana-una-pelea-en-el-balneario-municipal-termino-con-un-hombre-apunalado\\\/#primaryimage\",\"url\":\"https:\\\/\\\/i0.wp.com\\\/ahora.com.ar\\\/%77%70%2d%63%6f%6e%74%65%6e%74\\\/uploads\\\/2026\\\/01\\\/Pelea-en-el-balneario-Municipal-de-Parana.png?w=255&quality=80&ssl=1\",\"contentUrl\":\"https:\\\/\\\/i0.wp.com\\\/ahora.com.ar\\\/%77%70%2d%63%6f%6e%74%65%6e%74\\\/uploads\\\/2026\\\/01\\\/Pelea-en-el-balneario-Municipal-de-Parana.png?w=255&quality=80&ssl=1\",\"width\":\"255\",\"height\":\"213\"},{\"@type\":\"BreadcrumbList\",\"@id\":\"https:\\\/\\\/informelitoral.com.ar\\\/parana-una-pelea-en-el-balneario-municipal-termino-con-un-hombre-apunalado\\\/#breadcrumb\",\"itemListElement\":[{\"@type\":\"ListItem\",\"position\":1,\"name\":\"Portada\",\"item\":\"https:\\\/\\\/informelitoral.com.ar\\\/\"},{\"@type\":\"ListItem\",\"position\":2,\"name\":\"Paran\u00e1: una pelea en el Balneario Municipal termin\u00f3 con un hombre apu\u00f1alado\"}]},{\"@type\":\"WebSite\",\"@id\":\"https:\\\/\\\/informelitoral.com.ar\\\/#website\",\"url\":\"https:\\\/\\\/informelitoral.com.ar\\\/\",\"name\":\"Informe Litoral\",\"description\":\"&quot;Nos informamos&quot; \",\"publisher\":{\"@id\":\"https:\\\/\\\/informelitoral.com.ar\\\/#organization\"},\"potentialAction\":[{\"@type\":\"SearchAction\",\"target\":{\"@type\":\"EntryPoint\",\"urlTemplate\":\"https:\\\/\\\/informelitoral.com.ar\\\/?s={search_term_string}\"},\"query-input\":{\"@type\":\"PropertyValueSpecification\",\"valueRequired\":true,\"valueName\":\"search_term_string\"}}],\"inLanguage\":\"es\"},{\"@type\":\"Organization\",\"@id\":\"https:\\\/\\\/informelitoral.com.ar\\\/#organization\",\"name\":\"Informe Litoral\",\"url\":\"https:\\\/\\\/informelitoral.com.ar\\\/\",\"logo\":{\"@type\":\"ImageObject\",\"inLanguage\":\"es\",\"@id\":\"https:\\\/\\\/informelitoral.com.ar\\\/#\\\/schema\\\/logo\\\/image\\\/\",\"url\":\"https:\\\/\\\/informelitoral.com.ar\\\/%77%70%2d%63%6f%6e%74%65%6e%74\\\/uploads\\\/2021\\\/01\\\/circulo.png\",\"contentUrl\":\"https:\\\/\\\/informelitoral.com.ar\\\/%77%70%2d%63%6f%6e%74%65%6e%74\\\/uploads\\\/2021\\\/01\\\/circulo.png\",\"width\":723,\"height\":731,\"caption\":\"Informe Litoral\"},\"image\":{\"@id\":\"https:\\\/\\\/informelitoral.com.ar\\\/#\\\/schema\\\/logo\\\/image\\\/\"},\"sameAs\":[\"https:\\\/\\\/www.facebook.com\\\/informelitoral\\\/\",\"https:\\\/\\\/x.com\\\/InformeLitoral\",\"https:\\\/\\\/www.instagram.com\\\/informelitoral\\\/\",\"https:\\\/\\\/www.youtube.com\\\/channel\\\/UCua4Qvz8Icb6MYqhoq9xLXw\"]},{\"@type\":\"Person\",\"@id\":\"https:\\\/\\\/informelitoral.com.ar\\\/#\\\/schema\\\/person\\\/f05f9f461677119578717524b127d6d5\",\"name\":\"Sebastian\",\"image\":{\"@type\":\"ImageObject\",\"inLanguage\":\"es\",\"@id\":\"https:\\\/\\\/secure.gravatar.com\\\/avatar\\\/b71bf7481d447dfb9583c7f2798e7cc64de6efb9067b74633ed8c31059a3bd82?s=96&d=mm&r=g\",\"url\":\"https:\\\/\\\/secure.gravatar.com\\\/avatar\\\/b71bf7481d447dfb9583c7f2798e7cc64de6efb9067b74633ed8c31059a3bd82?s=96&d=mm&r=g\",\"contentUrl\":\"https:\\\/\\\/secure.gravatar.com\\\/avatar\\\/b71bf7481d447dfb9583c7f2798e7cc64de6efb9067b74633ed8c31059a3bd82?s=96&d=mm&r=g\",\"caption\":\"Sebastian\"},\"url\":\"https:\\\/\\\/informelitoral.com.ar\\\/author\\\/sebastian\\\/\"}]}<\/script>","yoast_head_json":{"title":"Paran\u00e1: una pelea en el Balneario Municipal termin\u00f3 con un hombre apu\u00f1alado - Informe Litoral","robots":{"index":"index","follow":"follow","max-snippet":"max-snippet:-1","max-image-preview":"max-image-preview:large","max-video-preview":"max-video-preview:-1"},"canonical":"https:\/\/informelitoral.com.ar\/parana-una-pelea-en-el-balneario-municipal-termino-con-un-hombre-apunalado\/","og_locale":"es_ES","og_type":"article","og_title":"Paran\u00e1: una pelea en el Balneario Municipal termin\u00f3 con un hombre apu\u00f1alado - Informe Litoral","og_description":"El violento episodio ocurri\u00f3 este lunes por la tarde frente a familias y ni\u00f1os. El agresor fue detenido y la v\u00edctima trasladada de urgencia al hospital San Mart\u00edn.","og_url":"https:\/\/informelitoral.com.ar\/parana-una-pelea-en-el-balneario-municipal-termino-con-un-hombre-apunalado\/","og_site_name":"Informe Litoral","article_publisher":"https:\/\/www.facebook.com\/informelitoral\/","article_published_time":"2026-01-06T00:57:04+00:00","article_modified_time":"2026-01-06T01:02:00+00:00","og_image":[{"url":"https:\/\/i0.wp.com\/ahora.com.ar\/wp-content\/uploads\/2026\/01\/Pelea-en-el-balneario-Municipal-de-Parana.png?w=255&quality=80&ssl=1","type":"","width":"","height":""}],"author":"Sebastian","twitter_card":"summary_large_image","twitter_image":"https:\/\/i0.wp.com\/ahora.com.ar\/wp-content\/uploads\/2026\/01\/Pelea-en-el-balneario-Municipal-de-Parana.png?w=255&quality=80&ssl=1","twitter_creator":"@InformeLitoral","twitter_site":"@InformeLitoral","twitter_misc":{"Escrito por":"Sebastian","Tiempo de lectura":"2 minutos"},"schema":{"@context":"https:\/\/schema.org","@graph":[{"@type":"Article","@id":"https:\/\/informelitoral.com.ar\/parana-una-pelea-en-el-balneario-municipal-termino-con-un-hombre-apunalado\/#article","isPartOf":{"@id":"https:\/\/informelitoral.com.ar\/parana-una-pelea-en-el-balneario-municipal-termino-con-un-hombre-apunalado\/"},"author":{"name":"Sebastian","@id":"https:\/\/informelitoral.com.ar\/#\/schema\/person\/f05f9f461677119578717524b127d6d5"},"headline":"Paran\u00e1: una pelea en el Balneario Municipal termin\u00f3 con un hombre apu\u00f1alado","datePublished":"2026-01-06T00:57:04+00:00","dateModified":"2026-01-06T01:02:00+00:00","mainEntityOfPage":{"@id":"https:\/\/informelitoral.com.ar\/parana-una-pelea-en-el-balneario-municipal-termino-con-un-hombre-apunalado\/"},"wordCount":266,"commentCount":0,"publisher":{"@id":"https:\/\/informelitoral.com.ar\/#organization"},"image":{"@id":"https:\/\/informelitoral.com.ar\/parana-una-pelea-en-el-balneario-municipal-termino-con-un-hombre-apunalado\/#primaryimage"},"thumbnailUrl":"https:\/\/i0.wp.com\/ahora.com.ar\/%77%70%2d%63%6f%6e%74%65%6e%74\/uploads\/2026\/01\/Pelea-en-el-balneario-Municipal-de-Parana.png?w=255&quality=80&ssl=1","keywords":["Detenidos","Herido","Paran\u00e1"],"articleSection":["Policiales"],"inLanguage":"es","potentialAction":[{"@type":"CommentAction","name":"Comment","target":["https:\/\/informelitoral.com.ar\/parana-una-pelea-en-el-balneario-municipal-termino-con-un-hombre-apunalado\/#respond"]}]},{"@type":"WebPage","@id":"https:\/\/informelitoral.com.ar\/parana-una-pelea-en-el-balneario-municipal-termino-con-un-hombre-apunalado\/","url":"https:\/\/informelitoral.com.ar\/parana-una-pelea-en-el-balneario-municipal-termino-con-un-hombre-apunalado\/","name":"Paran\u00e1: una pelea en el Balneario Municipal termin\u00f3 con un hombre apu\u00f1alado - Informe Litoral","isPartOf":{"@id":"https:\/\/informelitoral.com.ar\/#website"},"primaryImageOfPage":{"@id":"https:\/\/informelitoral.com.ar\/parana-una-pelea-en-el-balneario-municipal-termino-con-un-hombre-apunalado\/#primaryimage"},"image":{"@id":"https:\/\/informelitoral.com.ar\/parana-una-pelea-en-el-balneario-municipal-termino-con-un-hombre-apunalado\/#primaryimage"},"thumbnailUrl":"https:\/\/i0.wp.com\/ahora.com.ar\/%77%70%2d%63%6f%6e%74%65%6e%74\/uploads\/2026\/01\/Pelea-en-el-balneario-Municipal-de-Parana.png?w=255&quality=80&ssl=1","datePublished":"2026-01-06T00:57:04+00:00","dateModified":"2026-01-06T01:02:00+00:00","breadcrumb":{"@id":"https:\/\/informelitoral.com.ar\/parana-una-pelea-en-el-balneario-municipal-termino-con-un-hombre-apunalado\/#breadcrumb"},"inLanguage":"es","potentialAction":[{"@type":"ReadAction","target":["https:\/\/informelitoral.com.ar\/parana-una-pelea-en-el-balneario-municipal-termino-con-un-hombre-apunalado\/"]}]},{"@type":"ImageObject","inLanguage":"es","@id":"https:\/\/informelitoral.com.ar\/parana-una-pelea-en-el-balneario-municipal-termino-con-un-hombre-apunalado\/#primaryimage","url":"https:\/\/i0.wp.com\/ahora.com.ar\/%77%70%2d%63%6f%6e%74%65%6e%74\/uploads\/2026\/01\/Pelea-en-el-balneario-Municipal-de-Parana.png?w=255&quality=80&ssl=1","contentUrl":"https:\/\/i0.wp.com\/ahora.com.ar\/%77%70%2d%63%6f%6e%74%65%6e%74\/uploads\/2026\/01\/Pelea-en-el-balneario-Municipal-de-Parana.png?w=255&quality=80&ssl=1","width":"255","height":"213"},{"@type":"BreadcrumbList","@id":"https:\/\/informelitoral.com.ar\/parana-una-pelea-en-el-balneario-municipal-termino-con-un-hombre-apunalado\/#breadcrumb","itemListElement":[{"@type":"ListItem","position":1,"name":"Portada","item":"https:\/\/informelitoral.com.ar\/"},{"@type":"ListItem","position":2,"name":"Paran\u00e1: una pelea en el Balneario Municipal termin\u00f3 con un hombre apu\u00f1alado"}]},{"@type":"WebSite","@id":"https:\/\/informelitoral.com.ar\/#website","url":"https:\/\/informelitoral.com.ar\/","name":"Informe Litoral","description":"&quot;Nos informamos&quot; ","publisher":{"@id":"https:\/\/informelitoral.com.ar\/#organization"},"potentialAction":[{"@type":"SearchAction","target":{"@type":"EntryPoint","urlTemplate":"https:\/\/informelitoral.com.ar\/?s={search_term_string}"},"query-input":{"@type":"PropertyValueSpecification","valueRequired":true,"valueName":"search_term_string"}}],"inLanguage":"es"},{"@type":"Organization","@id":"https:\/\/informelitoral.com.ar\/#organization","name":"Informe Litoral","url":"https:\/\/informelitoral.com.ar\/","logo":{"@type":"ImageObject","inLanguage":"es","@id":"https:\/\/informelitoral.com.ar\/#\/schema\/logo\/image\/","url":"https:\/\/informelitoral.com.ar\/%77%70%2d%63%6f%6e%74%65%6e%74\/uploads\/2021\/01\/circulo.png","contentUrl":"https:\/\/informelitoral.com.ar\/%77%70%2d%63%6f%6e%74%65%6e%74\/uploads\/2021\/01\/circulo.png","width":723,"height":731,"caption":"Informe Litoral"},"image":{"@id":"https:\/\/informelitoral.com.ar\/#\/schema\/logo\/image\/"},"sameAs":["https:\/\/www.facebook.com\/informelitoral\/","https:\/\/x.com\/InformeLitoral","https:\/\/www.instagram.com\/informelitoral\/","https:\/\/www.youtube.com\/channel\/UCua4Qvz8Icb6MYqhoq9xLXw"]},{"@type":"Person","@id":"https:\/\/informelitoral.com.ar\/#\/schema\/person\/f05f9f461677119578717524b127d6d5","name":"Sebastian","image":{"@type":"ImageObject","inLanguage":"es","@id":"https:\/\/secure.gravatar.com\/avatar\/b71bf7481d447dfb9583c7f2798e7cc64de6efb9067b74633ed8c31059a3bd82?s=96&d=mm&r=g","url":"https:\/\/secure.gravatar.com\/avatar\/b71bf7481d447dfb9583c7f2798e7cc64de6efb9067b74633ed8c31059a3bd82?s=96&d=mm&r=g","contentUrl":"https:\/\/secure.gravatar.com\/avatar\/b71bf7481d447dfb9583c7f2798e7cc64de6efb9067b74633ed8c31059a3bd82?s=96&d=mm&r=g","caption":"Sebastian"},"url":"https:\/\/informelitoral.com.ar\/author\/sebastian\/"}]}},"fifu_image_url":"https:\/\/i0.wp.com\/ahora.com.ar\/wp-content\/uploads\/2026\/01\/Pelea-en-el-balneario-Municipal-de-Parana.png?w=255&quality=80&ssl=1","_links":{"self":[{"href":"https:\/\/informelitoral.com.ar\/%77%70%2d%6a%73%6f%6e\/wp\/v2\/posts\/245645","targetHints":{"allow":["GET"]}}],"collection":[{"href":"https:\/\/informelitoral.com.ar\/%77%70%2d%6a%73%6f%6e\/wp\/v2\/posts"}],"about":[{"href":"https:\/\/informelitoral.com.ar\/%77%70%2d%6a%73%6f%6e\/wp\/v2\/types\/post"}],"author":[{"embeddable":true,"href":"https:\/\/informelitoral.com.ar\/%77%70%2d%6a%73%6f%6e\/wp\/v2\/users\/8"}],"replies":[{"embeddable":true,"href":"https:\/\/informelitoral.com.ar\/%77%70%2d%6a%73%6f%6e\/wp\/v2\/comments?post=245645"}],"version-history":[{"count":2,"href":"https:\/\/informelitoral.com.ar\/%77%70%2d%6a%73%6f%6e\/wp\/v2\/posts\/245645\/revisions"}],"predecessor-version":[{"id":245648,"href":"https:\/\/informelitoral.com.ar\/%77%70%2d%6a%73%6f%6e\/wp\/v2\/posts\/245645\/revisions\/245648"}],"wp:featuredmedia":[{"embeddable":true,"href":"https:\/\/informelitoral.com.ar\/%77%70%2d%6a%73%6f%6e\/wp\/v2\/media\/245647"}],"wp:attachment":[{"href":"https:\/\/informelitoral.com.ar\/%77%70%2d%6a%73%6f%6e\/wp\/v2\/media?parent=245645"}],"wp:term":[{"taxonomy":"category","embeddable":true,"href":"https:\/\/informelitoral.com.ar\/%77%70%2d%6a%73%6f%6e\/wp\/v2\/categories?post=245645"},{"taxonomy":"post_tag","embeddable":true,"href":"https:\/\/informelitoral.com.ar\/%77%70%2d%6a%73%6f%6e\/wp\/v2\/tags?post=245645"}],"curies":[{"name":"wp","href":"https:\/\/api.w.org\/{rel}","templated":true}]}}