{"id":245581,"date":"2026-01-05T09:57:06","date_gmt":"2026-01-05T12:57:06","guid":{"rendered":"https:\/\/informelitoral.com.ar\/?p=245581"},"modified":"2026-01-05T13:13:13","modified_gmt":"2026-01-05T16:13:13","slug":"maxi-lopez-regreso-a-la-argentina-nuevos-proyectos-en-el-streaming-y-su-vuelta-a-la-television","status":"publish","type":"post","link":"https:\/\/informelitoral.com.ar\/maxi-lopez-regreso-a-la-argentina-nuevos-proyectos-en-el-streaming-y-su-vuelta-a-la-television\/","title":{"rendered":"Maxi L\u00f3pez regres\u00f3 a la Argentina: nuevos proyectos en el streaming y su vuelta a la televisi\u00f3n"},"content":{"rendered":"<p class=\"paragraph font__body-regular\"><b>Maxi L\u00f3pez\u00a0<\/b>tiene un a\u00f1o muy ajetreado por delante. Tras el nacimiento de su hijo Lando,<b>\u00a0ya est\u00e1 de regreso en la Argentina<\/b>\u00a0para cumplir con varios compromisos laborales como su vuelta a\u00a0<i>MasterChef Celebrity (Telefe)<\/i>\u00a0y el programa que conducir\u00e1 en el stream\u00a0<i>Olga<\/i>.<\/p>\n<h6><em><strong>Del archivo:\u00a0<a href=\"https:\/\/informelitoral.com.ar\/lali-esposito-estara-en-la-fiesta-nacional-del-mate-2026\/\" target=\"_blank\" rel=\"noopener\">Lali Esp\u00f3sito estar\u00e1 en la Fiesta Nacional del Mate 2026<\/a><\/strong><\/em><\/h6>\n<p class=\"paragraph font__body-regular\">En el Aeropuerto Internacional de Ezeiza,<b>\u00a0el ex de Wanda Nara se mostr\u00f3 muy amable con las personas que se acercaron para pedirle una foto<\/b>.<\/p>\n<figure class=\"\" data-testid=\"figure-testid\">\n<div class=\"aspect_ratio__container\"><picture class=\"responsive-image\"><source srcset=\"https:\/\/tn.com.ar\/resizer\/v2\/maxi-lopez-se-mostro-muy-amable-con-las-personas-que-le-pidieron-una-foto-en-el-aeropuerto-foto-movilpress-X353TC3E7NDRPO6N4EWQUQDCI4.jpg?auth=aad33a720e7efce2d1aadbe1161d6613bc030a567810ff2c80b22bb4ad18c9b4&amp;width=767\" type=\"image\/jpg\" media=\"(max-width: 728px)\" \/><source srcset=\"https:\/\/tn.com.ar\/resizer\/v2\/maxi-lopez-se-mostro-muy-amable-con-las-personas-que-le-pidieron-una-foto-en-el-aeropuerto-foto-movilpress-X353TC3E7NDRPO6N4EWQUQDCI4.jpg?auth=aad33a720e7efce2d1aadbe1161d6613bc030a567810ff2c80b22bb4ad18c9b4&amp;width=1023\" type=\"image\/jpg\" media=\"(max-width: 1023px)\" \/><source srcset=\"https:\/\/tn.com.ar\/resizer\/v2\/maxi-lopez-se-mostro-muy-amable-con-las-personas-que-le-pidieron-una-foto-en-el-aeropuerto-foto-movilpress-X353TC3E7NDRPO6N4EWQUQDCI4.jpg?auth=aad33a720e7efce2d1aadbe1161d6613bc030a567810ff2c80b22bb4ad18c9b4&amp;width=1440\" type=\"image\/jpg\" \/><\/picture>\n<figure style=\"width: 767px\" class=\"wp-caption alignnone\"><img loading=\"lazy\" decoding=\"async\" class=\"image content-image image_placeholder\" src=\"https:\/\/tn.com.ar\/resizer\/v2\/maxi-lopez-se-mostro-muy-amable-con-las-personas-que-le-pidieron-una-foto-en-el-aeropuerto-foto-movilpress-X353TC3E7NDRPO6N4EWQUQDCI4.jpg?auth=aad33a720e7efce2d1aadbe1161d6613bc030a567810ff2c80b22bb4ad18c9b4&amp;width=767\" alt=\"Maxi L\u00f3pez se mostr\u00f3 muy amable con las personas que le pidieron una foto en el aeropuerto. (Foto: Movilpress)\" width=\"767\" height=\"430\" data-testid=\"loading-testid\" \/><figcaption class=\"wp-caption-text\">Su look fue muy relajado: una remera negra oversize, un jean del mismo tono de corte ancho y unas zapatillas blancas.<\/figcaption><\/figure>\n<\/div>\n<\/figure>\n<h2 class=\"font--primary font__display\"><strong>Daniela Christiansson mostr\u00f3 por primera vez la cara de Lando, su segundo hijo con Maxi L\u00f3pez: las fotos<\/strong><\/h2>\n<p class=\"paragraph font__body-regular\"><b>Maxi L\u00f3pez y Daniela Christiansson<\/b>\u00a0se convirtieron en\u00a0<a title=\"https:\/\/tn.com.ar\/show\/famosos\/2025\/12\/31\/nacio-lando-el-hijo-de-maxi-lopez-y-daniela-christiansson\/\" href=\"https:\/\/tn.com.ar\/show\/famosos\/2025\/12\/31\/nacio-lando-el-hijo-de-maxi-lopez-y-daniela-christiansson\/\" rel=\"\">pap\u00e1s de Lando<\/a>, quien naci\u00f3 este 31 de diciembre. Fue el exjugador quien lo comunic\u00f3 a trav\u00e9s de sus redes sociales con una postal donde se lo vio carg\u00e1ndolo en brazos.<\/p>\n<p class=\"paragraph font__body-regular\">\u201cSe va un a\u00f1o intenso, con mucho por agradecer. Mis hijos, la familia, nuevos desaf\u00edos que nunca me imagin\u00e9 y\u00a0<b>Lando<\/b>, que lleg\u00f3 para agrandar el equipo\u201d, escribi\u00f3 emocionado.<\/p>\n<figure class=\"\" data-testid=\"figure-testid\">\n<div class=\"aspect_ratio__container\"><picture class=\"responsive-image\"><source srcset=\"https:\/\/tn.com.ar\/resizer\/v2\/daniela-christiansson-mostro-la-carita-de-lando-lopez-su-bebe-recien-nacido-foto-instagramdanielachristiansson-MH4CLORUNREKLDLVA43NPYWFE4.jfif?auth=a73339c658f37fd801d35626eb664dc298d2cff1877b44350ec3b82443b830b5&amp;width=767\" type=\"image\/jpg\" media=\"(max-width: 728px)\" \/><source srcset=\"https:\/\/tn.com.ar\/resizer\/v2\/daniela-christiansson-mostro-la-carita-de-lando-lopez-su-bebe-recien-nacido-foto-instagramdanielachristiansson-MH4CLORUNREKLDLVA43NPYWFE4.jfif?auth=a73339c658f37fd801d35626eb664dc298d2cff1877b44350ec3b82443b830b5&amp;width=1023\" type=\"image\/jpg\" media=\"(max-width: 1023px)\" \/><source srcset=\"https:\/\/tn.com.ar\/resizer\/v2\/daniela-christiansson-mostro-la-carita-de-lando-lopez-su-bebe-recien-nacido-foto-instagramdanielachristiansson-MH4CLORUNREKLDLVA43NPYWFE4.jfif?auth=a73339c658f37fd801d35626eb664dc298d2cff1877b44350ec3b82443b830b5&amp;width=1440\" type=\"image\/jpg\" \/><img loading=\"lazy\" decoding=\"async\" class=\"image content-image image_placeholder\" src=\"https:\/\/tn.com.ar\/resizer\/v2\/daniela-christiansson-mostro-la-carita-de-lando-lopez-su-bebe-recien-nacido-foto-instagramdanielachristiansson-MH4CLORUNREKLDLVA43NPYWFE4.jfif?auth=a73339c658f37fd801d35626eb664dc298d2cff1877b44350ec3b82443b830b5&amp;width=767\" alt=\"Daniela Christiansson mostr\u00f3 la carita de Lando L\u00f3pez, su beb\u00e9 reci\u00e9n nacido. (Foto: instagram\/danielachristiansson)\" width=\"767\" height=\"907\" data-testid=\"loading-testid\" \/><\/picture><\/div>\n<\/figure>\n<p class=\"paragraph font__body-regular\">La modelo sueca tambi\u00e9n quiso compartir su alegr\u00eda en Instagram y public\u00f3 varias im\u00e1genes tras el parto. A diferencia de otras famosas, no tuvo problemas en mostrar\u00a0<b>la cara de Lando L\u00f3pez<\/b>, que tiene cuatro hermanos: Valentino, Constantino, Benedicto y Elle.<\/p>\n<p class=\"paragraph font__body-regular\">\u201cNo podr\u00eda estar m\u00e1s agradecida por esta manera de terminar y comenzar el a\u00f1o.<b>\u00a0Bienvenido al mundo, peque\u00f1o pr\u00edncipe Lando\u201d<\/b>, coment\u00f3 orgullosa de la familia que form\u00f3 junto al ex River, que pronto regresar\u00e1 a Buenos Aires para reincorporarse a\u00a0<i>MasterChef Celebrity (Telefe)<\/i>.<\/p>\n<figure class=\"\" data-testid=\"figure-testid\">\n<div class=\"aspect_ratio__container\"><picture class=\"responsive-image\"><source srcset=\"https:\/\/tn.com.ar\/resizer\/v2\/maxi-lopez-daniela-christiasson-y-la-pequena-elle-junto-a-lando-foto-danielachristiansson-IS7TN5KOUFCNPPBFEE6J6ZM7FI.jfif?auth=41af1d86c3c16cb16b4753cd18821e3050515c408c836dd9ef7c308f3d56417f&amp;width=767\" type=\"image\/jpg\" media=\"(max-width: 728px)\" \/><source srcset=\"https:\/\/tn.com.ar\/resizer\/v2\/maxi-lopez-daniela-christiasson-y-la-pequena-elle-junto-a-lando-foto-danielachristiansson-IS7TN5KOUFCNPPBFEE6J6ZM7FI.jfif?auth=41af1d86c3c16cb16b4753cd18821e3050515c408c836dd9ef7c308f3d56417f&amp;width=1023\" type=\"image\/jpg\" media=\"(max-width: 1023px)\" \/><source srcset=\"https:\/\/tn.com.ar\/resizer\/v2\/maxi-lopez-daniela-christiasson-y-la-pequena-elle-junto-a-lando-foto-danielachristiansson-IS7TN5KOUFCNPPBFEE6J6ZM7FI.jfif?auth=41af1d86c3c16cb16b4753cd18821e3050515c408c836dd9ef7c308f3d56417f&amp;width=1440\" type=\"image\/jpg\" \/><img loading=\"lazy\" decoding=\"async\" class=\"image content-image image_placeholder\" src=\"https:\/\/tn.com.ar\/resizer\/v2\/maxi-lopez-daniela-christiasson-y-la-pequena-elle-junto-a-lando-foto-danielachristiansson-IS7TN5KOUFCNPPBFEE6J6ZM7FI.jfif?auth=41af1d86c3c16cb16b4753cd18821e3050515c408c836dd9ef7c308f3d56417f&amp;width=767\" alt=\"Maxi L\u00f3pez, Daniela Christiasson y la peque\u00f1a Elle junto a Lando. (Foto: danielachristiansson)\" width=\"767\" height=\"907\" data-testid=\"loading-testid\" \/><\/picture><\/div>\n<\/figure>\n<p class=\"paragraph font__body-regular\"><b>Wanda Nara<\/b>, conductora del ciclo y su exmujer, tambi\u00e9n se puso contenta con el nacimiento del beb\u00e9. \u201cBienvenido. Tus hermanitos te esperan en Argentina\u201d, exclam\u00f3.<\/p>\n<figure class=\"\" data-testid=\"figure-testid\">\n<div class=\"aspect_ratio__container\"><picture class=\"responsive-image\"><source srcset=\"https:\/\/tn.com.ar\/resizer\/v2\/el-tierno-mensaje-de-wanda-nara-para-lando-el-hijo-de-maxi-lopez-foto-instagram-wandanara-WF3LTGKNSRFVTA7IIOZLOU3QQY.png?auth=3967f3ad602bbc53b1a08817a7c4d3dcd425574a1050d42a662eeb9bb1c93f2f&amp;width=767\" type=\"image\/jpg\" media=\"(max-width: 728px)\" \/><source srcset=\"https:\/\/tn.com.ar\/resizer\/v2\/el-tierno-mensaje-de-wanda-nara-para-lando-el-hijo-de-maxi-lopez-foto-instagram-wandanara-WF3LTGKNSRFVTA7IIOZLOU3QQY.png?auth=3967f3ad602bbc53b1a08817a7c4d3dcd425574a1050d42a662eeb9bb1c93f2f&amp;width=1023\" type=\"image\/jpg\" media=\"(max-width: 1023px)\" \/><source srcset=\"https:\/\/tn.com.ar\/resizer\/v2\/el-tierno-mensaje-de-wanda-nara-para-lando-el-hijo-de-maxi-lopez-foto-instagram-wandanara-WF3LTGKNSRFVTA7IIOZLOU3QQY.png?auth=3967f3ad602bbc53b1a08817a7c4d3dcd425574a1050d42a662eeb9bb1c93f2f&amp;width=1440\" type=\"image\/jpg\" \/><img loading=\"lazy\" decoding=\"async\" class=\"image content-image image_placeholder\" src=\"https:\/\/tn.com.ar\/resizer\/v2\/el-tierno-mensaje-de-wanda-nara-para-lando-el-hijo-de-maxi-lopez-foto-instagram-wandanara-WF3LTGKNSRFVTA7IIOZLOU3QQY.png?auth=3967f3ad602bbc53b1a08817a7c4d3dcd425574a1050d42a662eeb9bb1c93f2f&amp;width=767\" alt=\"El tierno mensaje de Wanda Nara para Lando, el hijo de Maxi L\u00f3pez. (Foto: Instagram \/ wanda_nara)\" width=\"767\" height=\"284\" data-testid=\"loading-testid\" \/><\/picture><\/div>\n<\/figure>\n","protected":false},"excerpt":{"rendered":"<p>Tras el nacimiento de su hijo Lando, el exfutbolista aterriz\u00f3 en Buenos Aires para sumarse a MasterChef Celebrity y debutar como conductor en Olga.<\/p>\n","protected":false},"author":8,"featured_media":245582,"comment_status":"open","ping_status":"open","sticky":false,"template":"","format":"standard","meta":{"fifu_image_url":"https:\/\/www.parati.com.ar\/wp-content\/uploads\/2026\/01\/Maxi-Lopez-destacada-749x561.png.webp?v=2","fifu_image_alt":"","footnotes":""},"categories":[12],"tags":[246,6323],"class_list":{"0":"post-245581","1":"post","2":"type-post","3":"status-publish","4":"format-standard","5":"has-post-thumbnail","7":"category-espectaculos","8":"tag-argentina","9":"tag-maxi-lopez"},"yoast_head":"<title>Maxi L\u00f3pez regres\u00f3 a la Argentina: nuevos proyectos en el streaming y su vuelta a la televisi\u00f3n - Informe Litoral<\/title>\n<meta name=\"robots\" content=\"index, follow, max-snippet:-1, max-image-preview:large, max-video-preview:-1\" \/>\n<link rel=\"canonical\" href=\"https:\/\/informelitoral.com.ar\/maxi-lopez-regreso-a-la-argentina-nuevos-proyectos-en-el-streaming-y-su-vuelta-a-la-television\/\" \/>\n<meta property=\"og:locale\" content=\"es_ES\" \/>\n<meta property=\"og:type\" content=\"article\" \/>\n<meta property=\"og:title\" content=\"Maxi L\u00f3pez regres\u00f3 a la Argentina: nuevos proyectos en el streaming y su vuelta a la televisi\u00f3n - Informe Litoral\" \/>\n<meta property=\"og:description\" content=\"Tras el nacimiento de su hijo Lando, el exfutbolista aterriz\u00f3 en Buenos Aires para sumarse a MasterChef Celebrity y debutar como conductor en Olga.\" \/>\n<meta property=\"og:url\" content=\"https:\/\/informelitoral.com.ar\/maxi-lopez-regreso-a-la-argentina-nuevos-proyectos-en-el-streaming-y-su-vuelta-a-la-television\/\" \/>\n<meta property=\"og:site_name\" content=\"Informe Litoral\" \/>\n<meta property=\"article:publisher\" content=\"https:\/\/www.facebook.com\/informelitoral\/\" \/>\n<meta property=\"article:published_time\" content=\"2026-01-05T12:57:06+00:00\" \/>\n<meta property=\"article:modified_time\" content=\"2026-01-05T16:13:13+00:00\" \/>\n<meta property=\"og:image\" content=\"https:\/\/www.parati.com.ar\/%77%70%2d%63%6f%6e%74%65%6e%74\/uploads\/2026\/01\/Maxi-Lopez-destacada-749x561.png.webp?v=2\" \/>\n<meta name=\"author\" content=\"Sebastian\" \/>\n<meta name=\"twitter:card\" content=\"summary_large_image\" \/>\n<meta name=\"twitter:image\" content=\"https:\/\/www.parati.com.ar\/%77%70%2d%63%6f%6e%74%65%6e%74\/uploads\/2026\/01\/Maxi-Lopez-destacada-749x561.png.webp?v=2\" \/>\n<meta name=\"twitter:creator\" content=\"@InformeLitoral\" \/>\n<meta name=\"twitter:site\" content=\"@InformeLitoral\" \/>\n<meta name=\"twitter:label1\" content=\"Escrito por\" \/>\n\t<meta name=\"twitter:data1\" content=\"Sebastian\" \/>\n\t<meta name=\"twitter:label2\" content=\"Tiempo de lectura\" \/>\n\t<meta name=\"twitter:data2\" content=\"3 minutos\" \/>\n<script type=\"application\/ld+json\" class=\"yoast-schema-graph\">{\"@context\":\"https:\\\/\\\/schema.org\",\"@graph\":[{\"@type\":\"Article\",\"@id\":\"https:\\\/\\\/informelitoral.com.ar\\\/maxi-lopez-regreso-a-la-argentina-nuevos-proyectos-en-el-streaming-y-su-vuelta-a-la-television\\\/#article\",\"isPartOf\":{\"@id\":\"https:\\\/\\\/informelitoral.com.ar\\\/maxi-lopez-regreso-a-la-argentina-nuevos-proyectos-en-el-streaming-y-su-vuelta-a-la-television\\\/\"},\"author\":{\"name\":\"Sebastian\",\"@id\":\"https:\\\/\\\/informelitoral.com.ar\\\/#\\\/schema\\\/person\\\/f05f9f461677119578717524b127d6d5\"},\"headline\":\"Maxi L\u00f3pez regres\u00f3 a la Argentina: nuevos proyectos en el streaming y su vuelta a la televisi\u00f3n\",\"datePublished\":\"2026-01-05T12:57:06+00:00\",\"dateModified\":\"2026-01-05T16:13:13+00:00\",\"mainEntityOfPage\":{\"@id\":\"https:\\\/\\\/informelitoral.com.ar\\\/maxi-lopez-regreso-a-la-argentina-nuevos-proyectos-en-el-streaming-y-su-vuelta-a-la-television\\\/\"},\"wordCount\":341,\"commentCount\":0,\"publisher\":{\"@id\":\"https:\\\/\\\/informelitoral.com.ar\\\/#organization\"},\"image\":{\"@id\":\"https:\\\/\\\/informelitoral.com.ar\\\/maxi-lopez-regreso-a-la-argentina-nuevos-proyectos-en-el-streaming-y-su-vuelta-a-la-television\\\/#primaryimage\"},\"thumbnailUrl\":\"https:\\\/\\\/www.parati.com.ar\\\/%77%70%2d%63%6f%6e%74%65%6e%74\\\/uploads\\\/2026\\\/01\\\/Maxi-Lopez-destacada-749x561.png.webp?v=2\",\"keywords\":[\"Argentina\",\"Maxi L\u00f3pez\"],\"articleSection\":[\"Espect\u00e1culos\"],\"inLanguage\":\"es\",\"potentialAction\":[{\"@type\":\"CommentAction\",\"name\":\"Comment\",\"target\":[\"https:\\\/\\\/informelitoral.com.ar\\\/maxi-lopez-regreso-a-la-argentina-nuevos-proyectos-en-el-streaming-y-su-vuelta-a-la-television\\\/#respond\"]}]},{\"@type\":\"WebPage\",\"@id\":\"https:\\\/\\\/informelitoral.com.ar\\\/maxi-lopez-regreso-a-la-argentina-nuevos-proyectos-en-el-streaming-y-su-vuelta-a-la-television\\\/\",\"url\":\"https:\\\/\\\/informelitoral.com.ar\\\/maxi-lopez-regreso-a-la-argentina-nuevos-proyectos-en-el-streaming-y-su-vuelta-a-la-television\\\/\",\"name\":\"Maxi L\u00f3pez regres\u00f3 a la Argentina: nuevos proyectos en el streaming y su vuelta a la televisi\u00f3n - Informe Litoral\",\"isPartOf\":{\"@id\":\"https:\\\/\\\/informelitoral.com.ar\\\/#website\"},\"primaryImageOfPage\":{\"@id\":\"https:\\\/\\\/informelitoral.com.ar\\\/maxi-lopez-regreso-a-la-argentina-nuevos-proyectos-en-el-streaming-y-su-vuelta-a-la-television\\\/#primaryimage\"},\"image\":{\"@id\":\"https:\\\/\\\/informelitoral.com.ar\\\/maxi-lopez-regreso-a-la-argentina-nuevos-proyectos-en-el-streaming-y-su-vuelta-a-la-television\\\/#primaryimage\"},\"thumbnailUrl\":\"https:\\\/\\\/www.parati.com.ar\\\/%77%70%2d%63%6f%6e%74%65%6e%74\\\/uploads\\\/2026\\\/01\\\/Maxi-Lopez-destacada-749x561.png.webp?v=2\",\"datePublished\":\"2026-01-05T12:57:06+00:00\",\"dateModified\":\"2026-01-05T16:13:13+00:00\",\"breadcrumb\":{\"@id\":\"https:\\\/\\\/informelitoral.com.ar\\\/maxi-lopez-regreso-a-la-argentina-nuevos-proyectos-en-el-streaming-y-su-vuelta-a-la-television\\\/#breadcrumb\"},\"inLanguage\":\"es\",\"potentialAction\":[{\"@type\":\"ReadAction\",\"target\":[\"https:\\\/\\\/informelitoral.com.ar\\\/maxi-lopez-regreso-a-la-argentina-nuevos-proyectos-en-el-streaming-y-su-vuelta-a-la-television\\\/\"]}]},{\"@type\":\"ImageObject\",\"inLanguage\":\"es\",\"@id\":\"https:\\\/\\\/informelitoral.com.ar\\\/maxi-lopez-regreso-a-la-argentina-nuevos-proyectos-en-el-streaming-y-su-vuelta-a-la-television\\\/#primaryimage\",\"url\":\"https:\\\/\\\/www.parati.com.ar\\\/%77%70%2d%63%6f%6e%74%65%6e%74\\\/uploads\\\/2026\\\/01\\\/Maxi-Lopez-destacada-749x561.png.webp?v=2\",\"contentUrl\":\"https:\\\/\\\/www.parati.com.ar\\\/%77%70%2d%63%6f%6e%74%65%6e%74\\\/uploads\\\/2026\\\/01\\\/Maxi-Lopez-destacada-749x561.png.webp?v=2\",\"width\":\"749\",\"height\":\"561\"},{\"@type\":\"BreadcrumbList\",\"@id\":\"https:\\\/\\\/informelitoral.com.ar\\\/maxi-lopez-regreso-a-la-argentina-nuevos-proyectos-en-el-streaming-y-su-vuelta-a-la-television\\\/#breadcrumb\",\"itemListElement\":[{\"@type\":\"ListItem\",\"position\":1,\"name\":\"Portada\",\"item\":\"https:\\\/\\\/informelitoral.com.ar\\\/\"},{\"@type\":\"ListItem\",\"position\":2,\"name\":\"Maxi L\u00f3pez regres\u00f3 a la Argentina: nuevos proyectos en el streaming y su vuelta a la televisi\u00f3n\"}]},{\"@type\":\"WebSite\",\"@id\":\"https:\\\/\\\/informelitoral.com.ar\\\/#website\",\"url\":\"https:\\\/\\\/informelitoral.com.ar\\\/\",\"name\":\"Informe Litoral\",\"description\":\"&quot;Nos informamos&quot; \",\"publisher\":{\"@id\":\"https:\\\/\\\/informelitoral.com.ar\\\/#organization\"},\"potentialAction\":[{\"@type\":\"SearchAction\",\"target\":{\"@type\":\"EntryPoint\",\"urlTemplate\":\"https:\\\/\\\/informelitoral.com.ar\\\/?s={search_term_string}\"},\"query-input\":{\"@type\":\"PropertyValueSpecification\",\"valueRequired\":true,\"valueName\":\"search_term_string\"}}],\"inLanguage\":\"es\"},{\"@type\":\"Organization\",\"@id\":\"https:\\\/\\\/informelitoral.com.ar\\\/#organization\",\"name\":\"Informe Litoral\",\"url\":\"https:\\\/\\\/informelitoral.com.ar\\\/\",\"logo\":{\"@type\":\"ImageObject\",\"inLanguage\":\"es\",\"@id\":\"https:\\\/\\\/informelitoral.com.ar\\\/#\\\/schema\\\/logo\\\/image\\\/\",\"url\":\"https:\\\/\\\/informelitoral.com.ar\\\/%77%70%2d%63%6f%6e%74%65%6e%74\\\/uploads\\\/2021\\\/01\\\/circulo.png\",\"contentUrl\":\"https:\\\/\\\/informelitoral.com.ar\\\/%77%70%2d%63%6f%6e%74%65%6e%74\\\/uploads\\\/2021\\\/01\\\/circulo.png\",\"width\":723,\"height\":731,\"caption\":\"Informe Litoral\"},\"image\":{\"@id\":\"https:\\\/\\\/informelitoral.com.ar\\\/#\\\/schema\\\/logo\\\/image\\\/\"},\"sameAs\":[\"https:\\\/\\\/www.facebook.com\\\/informelitoral\\\/\",\"https:\\\/\\\/x.com\\\/InformeLitoral\",\"https:\\\/\\\/www.instagram.com\\\/informelitoral\\\/\",\"https:\\\/\\\/www.youtube.com\\\/channel\\\/UCua4Qvz8Icb6MYqhoq9xLXw\"]},{\"@type\":\"Person\",\"@id\":\"https:\\\/\\\/informelitoral.com.ar\\\/#\\\/schema\\\/person\\\/f05f9f461677119578717524b127d6d5\",\"name\":\"Sebastian\",\"image\":{\"@type\":\"ImageObject\",\"inLanguage\":\"es\",\"@id\":\"https:\\\/\\\/secure.gravatar.com\\\/avatar\\\/b71bf7481d447dfb9583c7f2798e7cc64de6efb9067b74633ed8c31059a3bd82?s=96&d=mm&r=g\",\"url\":\"https:\\\/\\\/secure.gravatar.com\\\/avatar\\\/b71bf7481d447dfb9583c7f2798e7cc64de6efb9067b74633ed8c31059a3bd82?s=96&d=mm&r=g\",\"contentUrl\":\"https:\\\/\\\/secure.gravatar.com\\\/avatar\\\/b71bf7481d447dfb9583c7f2798e7cc64de6efb9067b74633ed8c31059a3bd82?s=96&d=mm&r=g\",\"caption\":\"Sebastian\"},\"url\":\"https:\\\/\\\/informelitoral.com.ar\\\/author\\\/sebastian\\\/\"}]}<\/script>","yoast_head_json":{"title":"Maxi L\u00f3pez regres\u00f3 a la Argentina: nuevos proyectos en el streaming y su vuelta a la televisi\u00f3n - Informe Litoral","robots":{"index":"index","follow":"follow","max-snippet":"max-snippet:-1","max-image-preview":"max-image-preview:large","max-video-preview":"max-video-preview:-1"},"canonical":"https:\/\/informelitoral.com.ar\/maxi-lopez-regreso-a-la-argentina-nuevos-proyectos-en-el-streaming-y-su-vuelta-a-la-television\/","og_locale":"es_ES","og_type":"article","og_title":"Maxi L\u00f3pez regres\u00f3 a la Argentina: nuevos proyectos en el streaming y su vuelta a la televisi\u00f3n - Informe Litoral","og_description":"Tras el nacimiento de su hijo Lando, el exfutbolista aterriz\u00f3 en Buenos Aires para sumarse a MasterChef Celebrity y debutar como conductor en Olga.","og_url":"https:\/\/informelitoral.com.ar\/maxi-lopez-regreso-a-la-argentina-nuevos-proyectos-en-el-streaming-y-su-vuelta-a-la-television\/","og_site_name":"Informe Litoral","article_publisher":"https:\/\/www.facebook.com\/informelitoral\/","article_published_time":"2026-01-05T12:57:06+00:00","article_modified_time":"2026-01-05T16:13:13+00:00","og_image":[{"url":"https:\/\/www.parati.com.ar\/wp-content\/uploads\/2026\/01\/Maxi-Lopez-destacada-749x561.png.webp?v=2","type":"","width":"","height":""}],"author":"Sebastian","twitter_card":"summary_large_image","twitter_image":"https:\/\/www.parati.com.ar\/wp-content\/uploads\/2026\/01\/Maxi-Lopez-destacada-749x561.png.webp?v=2","twitter_creator":"@InformeLitoral","twitter_site":"@InformeLitoral","twitter_misc":{"Escrito por":"Sebastian","Tiempo de lectura":"3 minutos"},"schema":{"@context":"https:\/\/schema.org","@graph":[{"@type":"Article","@id":"https:\/\/informelitoral.com.ar\/maxi-lopez-regreso-a-la-argentina-nuevos-proyectos-en-el-streaming-y-su-vuelta-a-la-television\/#article","isPartOf":{"@id":"https:\/\/informelitoral.com.ar\/maxi-lopez-regreso-a-la-argentina-nuevos-proyectos-en-el-streaming-y-su-vuelta-a-la-television\/"},"author":{"name":"Sebastian","@id":"https:\/\/informelitoral.com.ar\/#\/schema\/person\/f05f9f461677119578717524b127d6d5"},"headline":"Maxi L\u00f3pez regres\u00f3 a la Argentina: nuevos proyectos en el streaming y su vuelta a la televisi\u00f3n","datePublished":"2026-01-05T12:57:06+00:00","dateModified":"2026-01-05T16:13:13+00:00","mainEntityOfPage":{"@id":"https:\/\/informelitoral.com.ar\/maxi-lopez-regreso-a-la-argentina-nuevos-proyectos-en-el-streaming-y-su-vuelta-a-la-television\/"},"wordCount":341,"commentCount":0,"publisher":{"@id":"https:\/\/informelitoral.com.ar\/#organization"},"image":{"@id":"https:\/\/informelitoral.com.ar\/maxi-lopez-regreso-a-la-argentina-nuevos-proyectos-en-el-streaming-y-su-vuelta-a-la-television\/#primaryimage"},"thumbnailUrl":"https:\/\/www.parati.com.ar\/%77%70%2d%63%6f%6e%74%65%6e%74\/uploads\/2026\/01\/Maxi-Lopez-destacada-749x561.png.webp?v=2","keywords":["Argentina","Maxi L\u00f3pez"],"articleSection":["Espect\u00e1culos"],"inLanguage":"es","potentialAction":[{"@type":"CommentAction","name":"Comment","target":["https:\/\/informelitoral.com.ar\/maxi-lopez-regreso-a-la-argentina-nuevos-proyectos-en-el-streaming-y-su-vuelta-a-la-television\/#respond"]}]},{"@type":"WebPage","@id":"https:\/\/informelitoral.com.ar\/maxi-lopez-regreso-a-la-argentina-nuevos-proyectos-en-el-streaming-y-su-vuelta-a-la-television\/","url":"https:\/\/informelitoral.com.ar\/maxi-lopez-regreso-a-la-argentina-nuevos-proyectos-en-el-streaming-y-su-vuelta-a-la-television\/","name":"Maxi L\u00f3pez regres\u00f3 a la Argentina: nuevos proyectos en el streaming y su vuelta a la televisi\u00f3n - Informe Litoral","isPartOf":{"@id":"https:\/\/informelitoral.com.ar\/#website"},"primaryImageOfPage":{"@id":"https:\/\/informelitoral.com.ar\/maxi-lopez-regreso-a-la-argentina-nuevos-proyectos-en-el-streaming-y-su-vuelta-a-la-television\/#primaryimage"},"image":{"@id":"https:\/\/informelitoral.com.ar\/maxi-lopez-regreso-a-la-argentina-nuevos-proyectos-en-el-streaming-y-su-vuelta-a-la-television\/#primaryimage"},"thumbnailUrl":"https:\/\/www.parati.com.ar\/%77%70%2d%63%6f%6e%74%65%6e%74\/uploads\/2026\/01\/Maxi-Lopez-destacada-749x561.png.webp?v=2","datePublished":"2026-01-05T12:57:06+00:00","dateModified":"2026-01-05T16:13:13+00:00","breadcrumb":{"@id":"https:\/\/informelitoral.com.ar\/maxi-lopez-regreso-a-la-argentina-nuevos-proyectos-en-el-streaming-y-su-vuelta-a-la-television\/#breadcrumb"},"inLanguage":"es","potentialAction":[{"@type":"ReadAction","target":["https:\/\/informelitoral.com.ar\/maxi-lopez-regreso-a-la-argentina-nuevos-proyectos-en-el-streaming-y-su-vuelta-a-la-television\/"]}]},{"@type":"ImageObject","inLanguage":"es","@id":"https:\/\/informelitoral.com.ar\/maxi-lopez-regreso-a-la-argentina-nuevos-proyectos-en-el-streaming-y-su-vuelta-a-la-television\/#primaryimage","url":"https:\/\/www.parati.com.ar\/%77%70%2d%63%6f%6e%74%65%6e%74\/uploads\/2026\/01\/Maxi-Lopez-destacada-749x561.png.webp?v=2","contentUrl":"https:\/\/www.parati.com.ar\/%77%70%2d%63%6f%6e%74%65%6e%74\/uploads\/2026\/01\/Maxi-Lopez-destacada-749x561.png.webp?v=2","width":"749","height":"561"},{"@type":"BreadcrumbList","@id":"https:\/\/informelitoral.com.ar\/maxi-lopez-regreso-a-la-argentina-nuevos-proyectos-en-el-streaming-y-su-vuelta-a-la-television\/#breadcrumb","itemListElement":[{"@type":"ListItem","position":1,"name":"Portada","item":"https:\/\/informelitoral.com.ar\/"},{"@type":"ListItem","position":2,"name":"Maxi L\u00f3pez regres\u00f3 a la Argentina: nuevos proyectos en el streaming y su vuelta a la televisi\u00f3n"}]},{"@type":"WebSite","@id":"https:\/\/informelitoral.com.ar\/#website","url":"https:\/\/informelitoral.com.ar\/","name":"Informe Litoral","description":"&quot;Nos informamos&quot; ","publisher":{"@id":"https:\/\/informelitoral.com.ar\/#organization"},"potentialAction":[{"@type":"SearchAction","target":{"@type":"EntryPoint","urlTemplate":"https:\/\/informelitoral.com.ar\/?s={search_term_string}"},"query-input":{"@type":"PropertyValueSpecification","valueRequired":true,"valueName":"search_term_string"}}],"inLanguage":"es"},{"@type":"Organization","@id":"https:\/\/informelitoral.com.ar\/#organization","name":"Informe Litoral","url":"https:\/\/informelitoral.com.ar\/","logo":{"@type":"ImageObject","inLanguage":"es","@id":"https:\/\/informelitoral.com.ar\/#\/schema\/logo\/image\/","url":"https:\/\/informelitoral.com.ar\/%77%70%2d%63%6f%6e%74%65%6e%74\/uploads\/2021\/01\/circulo.png","contentUrl":"https:\/\/informelitoral.com.ar\/%77%70%2d%63%6f%6e%74%65%6e%74\/uploads\/2021\/01\/circulo.png","width":723,"height":731,"caption":"Informe Litoral"},"image":{"@id":"https:\/\/informelitoral.com.ar\/#\/schema\/logo\/image\/"},"sameAs":["https:\/\/www.facebook.com\/informelitoral\/","https:\/\/x.com\/InformeLitoral","https:\/\/www.instagram.com\/informelitoral\/","https:\/\/www.youtube.com\/channel\/UCua4Qvz8Icb6MYqhoq9xLXw"]},{"@type":"Person","@id":"https:\/\/informelitoral.com.ar\/#\/schema\/person\/f05f9f461677119578717524b127d6d5","name":"Sebastian","image":{"@type":"ImageObject","inLanguage":"es","@id":"https:\/\/secure.gravatar.com\/avatar\/b71bf7481d447dfb9583c7f2798e7cc64de6efb9067b74633ed8c31059a3bd82?s=96&d=mm&r=g","url":"https:\/\/secure.gravatar.com\/avatar\/b71bf7481d447dfb9583c7f2798e7cc64de6efb9067b74633ed8c31059a3bd82?s=96&d=mm&r=g","contentUrl":"https:\/\/secure.gravatar.com\/avatar\/b71bf7481d447dfb9583c7f2798e7cc64de6efb9067b74633ed8c31059a3bd82?s=96&d=mm&r=g","caption":"Sebastian"},"url":"https:\/\/informelitoral.com.ar\/author\/sebastian\/"}]}},"fifu_image_url":"https:\/\/www.parati.com.ar\/wp-content\/uploads\/2026\/01\/Maxi-Lopez-destacada-749x561.png.webp?v=2","_links":{"self":[{"href":"https:\/\/informelitoral.com.ar\/%77%70%2d%6a%73%6f%6e\/wp\/v2\/posts\/245581","targetHints":{"allow":["GET"]}}],"collection":[{"href":"https:\/\/informelitoral.com.ar\/%77%70%2d%6a%73%6f%6e\/wp\/v2\/posts"}],"about":[{"href":"https:\/\/informelitoral.com.ar\/%77%70%2d%6a%73%6f%6e\/wp\/v2\/types\/post"}],"author":[{"embeddable":true,"href":"https:\/\/informelitoral.com.ar\/%77%70%2d%6a%73%6f%6e\/wp\/v2\/users\/8"}],"replies":[{"embeddable":true,"href":"https:\/\/informelitoral.com.ar\/%77%70%2d%6a%73%6f%6e\/wp\/v2\/comments?post=245581"}],"version-history":[{"count":3,"href":"https:\/\/informelitoral.com.ar\/%77%70%2d%6a%73%6f%6e\/wp\/v2\/posts\/245581\/revisions"}],"predecessor-version":[{"id":245639,"href":"https:\/\/informelitoral.com.ar\/%77%70%2d%6a%73%6f%6e\/wp\/v2\/posts\/245581\/revisions\/245639"}],"wp:featuredmedia":[{"embeddable":true,"href":"https:\/\/informelitoral.com.ar\/%77%70%2d%6a%73%6f%6e\/wp\/v2\/media\/245582"}],"wp:attachment":[{"href":"https:\/\/informelitoral.com.ar\/%77%70%2d%6a%73%6f%6e\/wp\/v2\/media?parent=245581"}],"wp:term":[{"taxonomy":"category","embeddable":true,"href":"https:\/\/informelitoral.com.ar\/%77%70%2d%6a%73%6f%6e\/wp\/v2\/categories?post=245581"},{"taxonomy":"post_tag","embeddable":true,"href":"https:\/\/informelitoral.com.ar\/%77%70%2d%6a%73%6f%6e\/wp\/v2\/tags?post=245581"}],"curies":[{"name":"wp","href":"https:\/\/api.w.org\/{rel}","templated":true}]}}