{"id":245571,"date":"2026-01-05T09:48:27","date_gmt":"2026-01-05T12:48:27","guid":{"rendered":"https:\/\/informelitoral.com.ar\/?p=245571"},"modified":"2026-01-05T13:15:06","modified_gmt":"2026-01-05T16:15:06","slug":"violento-altercado-familiar-en-crespo-termina-con-un-joven-detenido-y-un-hombre-hospitalizado","status":"publish","type":"post","link":"https:\/\/informelitoral.com.ar\/violento-altercado-familiar-en-crespo-termina-con-un-joven-detenido-y-un-hombre-hospitalizado\/","title":{"rendered":"Violento altercado familiar en Crespo termin\u00f3 con un joven detenido y un hombre hospitalizado"},"content":{"rendered":"<p data-path-to-node=\"4\">Un grave episodio de violencia tuvo lugar en las primeras horas de este domingo en la ciudad de Crespo. Cerca de la una de la ma\u00f1ana, una discusi\u00f3n entre dos integrantes de una familia escal\u00f3 hasta convertirse en un ataque f\u00edsico que requiri\u00f3 la intervenci\u00f3n urgente de los servicios de asistencia.<\/p>\n<p data-path-to-node=\"6\">El hecho se desencaden\u00f3 en un domicilio del <b data-path-to-node=\"6\" data-index-in-node=\"44\">Barrio Azul<\/b>, donde <strong>un joven de 25 a\u00f1os y su padrastro mantuvieron un fuerte cruce verbal.<\/strong> En medio de la disputa, <strong>el hombre mayor result\u00f3 herido en la zona costal izquierda con un arma blanca.<\/strong><\/p>\n<figure id=\"attachment_242824\" aria-describedby=\"caption-attachment-242824\" style=\"width: 1024px\" class=\"wp-caption aligncenter\"><a href=\"https:\/\/drive.google.com\/thumbnail?id=1g4Wi4z0ZM63lRjrHsPIEgsvnwFqz9-ba&amp;sz=w2048\"><img loading=\"lazy\" decoding=\"async\" class=\"wp-image-242824 size-large\" src=\"https:\/\/drive.google.com\/thumbnail?id=1g4Wi4z0ZM63lRjrHsPIEgsvnwFqz9-ba&amp;sz=w2048-h2048\" alt=\"\" width=\"1024\" height=\"1024\" \/><\/a><figcaption id=\"caption-attachment-242824\" class=\"wp-caption-text\">Imagen ilustrativa<\/figcaption><\/figure>\n<p data-path-to-node=\"7\">Ante la gravedad de la situaci\u00f3n, se solicit\u00f3 de inmediato una ambulancia que traslad\u00f3 al herido inicialmente al hospital local. Sin embargo, debido a la complejidad de la lesi\u00f3n, los m\u00e9dicos determinaron su derivaci\u00f3n al <b data-path-to-node=\"7\" data-index-in-node=\"222\">Hospital San Mart\u00edn de Paran\u00e1<\/b> para recibir una atenci\u00f3n de mayor complejidad.<\/p>\n<p data-path-to-node=\"9\">Tras el suceso, el joven se\u00f1alado como el autor de la agresi\u00f3n fue retirado del domicilio. Por disposici\u00f3n de la <b data-path-to-node=\"9\" data-index-in-node=\"124\">fiscal Mercedes Nin<\/b>, el implicado fue trasladado a la Alcaid\u00eda de Tribunales en la capital provincial.<\/p>\n<p data-path-to-node=\"10\">Actualmente, el joven permanece bajo custodia mientras la justicia eval\u00faa los pasos a seguir para resolver su situaci\u00f3n procesal y se espera la evoluci\u00f3n del estado de salud del hombre herido.<em>(Informe Litoral)<\/em><\/p>\n<h6 data-path-to-node=\"10\"><em><strong>Del archivo:\u00a0<a href=\"https:\/\/informelitoral.com.ar\/diamante-intentaron-robarle-la-cartera-a-una-mujer-y-terminaron-detenidos-tras-una-pelea\/\" target=\"_blank\" rel=\"noopener\">Dos hombres intentaron robar una cartera en Diamante<\/a><\/strong><\/em><\/h6>\n","protected":false},"excerpt":{"rendered":"<p>El incidente ocurri\u00f3 durante la madrugada del domingo en una vivienda del Barrio Azul. La v\u00edctima fue derivada a Paran\u00e1 debido a la gravedad de sus heridas.<\/p>\n","protected":false},"author":8,"featured_media":245572,"comment_status":"open","ping_status":"open","sticky":false,"template":"","format":"standard","meta":{"fifu_image_url":"","fifu_image_alt":"","footnotes":""},"categories":[14],"tags":[208,307,3163],"class_list":{"0":"post-245571","1":"post","2":"type-post","3":"status-publish","4":"format-standard","5":"has-post-thumbnail","7":"category-policiales","8":"tag-crespo","9":"tag-detenido","10":"tag-herido"},"yoast_head":"<title>Violento altercado familiar en Crespo termin\u00f3 con un joven detenido y un hombre hospitalizado - Informe Litoral<\/title>\n<meta name=\"robots\" content=\"index, follow, max-snippet:-1, max-image-preview:large, max-video-preview:-1\" \/>\n<link rel=\"canonical\" href=\"https:\/\/informelitoral.com.ar\/violento-altercado-familiar-en-crespo-termina-con-un-joven-detenido-y-un-hombre-hospitalizado\/\" \/>\n<meta property=\"og:locale\" content=\"es_ES\" \/>\n<meta property=\"og:type\" content=\"article\" \/>\n<meta property=\"og:title\" content=\"Violento altercado familiar en Crespo termin\u00f3 con un joven detenido y un hombre hospitalizado - Informe Litoral\" \/>\n<meta property=\"og:description\" content=\"El incidente ocurri\u00f3 durante la madrugada del domingo en una vivienda del Barrio Azul. La v\u00edctima fue derivada a Paran\u00e1 debido a la gravedad de sus heridas.\" \/>\n<meta property=\"og:url\" content=\"https:\/\/informelitoral.com.ar\/violento-altercado-familiar-en-crespo-termina-con-un-joven-detenido-y-un-hombre-hospitalizado\/\" \/>\n<meta property=\"og:site_name\" content=\"Informe Litoral\" \/>\n<meta property=\"article:publisher\" content=\"https:\/\/www.facebook.com\/informelitoral\/\" \/>\n<meta property=\"article:published_time\" content=\"2026-01-05T12:48:27+00:00\" \/>\n<meta property=\"article:modified_time\" content=\"2026-01-05T16:15:06+00:00\" \/>\n<meta property=\"og:image\" content=\"https:\/\/drive.google.com\/thumbnail?id=17IIzdi4sx28A6begIhpHI_u0mcmO8D_r&sz=w2048\" \/>\n\t<meta property=\"og:image:width\" content=\"574\" \/>\n\t<meta property=\"og:image:height\" content=\"649\" \/>\n\t<meta property=\"og:image:type\" content=\"image\/jpeg\" \/>\n<meta name=\"author\" content=\"Sebastian\" \/>\n<meta name=\"twitter:card\" content=\"summary_large_image\" \/>\n<meta name=\"twitter:creator\" content=\"@InformeLitoral\" \/>\n<meta name=\"twitter:site\" content=\"@InformeLitoral\" \/>\n<meta name=\"twitter:label1\" content=\"Escrito por\" \/>\n\t<meta name=\"twitter:data1\" content=\"Sebastian\" \/>\n\t<meta name=\"twitter:label2\" content=\"Tiempo de lectura\" \/>\n\t<meta name=\"twitter:data2\" content=\"2 minutos\" \/>\n<script type=\"application\/ld+json\" class=\"yoast-schema-graph\">{\"@context\":\"https:\\\/\\\/schema.org\",\"@graph\":[{\"@type\":\"Article\",\"@id\":\"https:\\\/\\\/informelitoral.com.ar\\\/violento-altercado-familiar-en-crespo-termina-con-un-joven-detenido-y-un-hombre-hospitalizado\\\/#article\",\"isPartOf\":{\"@id\":\"https:\\\/\\\/informelitoral.com.ar\\\/violento-altercado-familiar-en-crespo-termina-con-un-joven-detenido-y-un-hombre-hospitalizado\\\/\"},\"author\":{\"name\":\"Sebastian\",\"@id\":\"https:\\\/\\\/informelitoral.com.ar\\\/#\\\/schema\\\/person\\\/f05f9f461677119578717524b127d6d5\"},\"headline\":\"Violento altercado familiar en Crespo termin\u00f3 con un joven detenido y un hombre hospitalizado\",\"datePublished\":\"2026-01-05T12:48:27+00:00\",\"dateModified\":\"2026-01-05T16:15:06+00:00\",\"mainEntityOfPage\":{\"@id\":\"https:\\\/\\\/informelitoral.com.ar\\\/violento-altercado-familiar-en-crespo-termina-con-un-joven-detenido-y-un-hombre-hospitalizado\\\/\"},\"wordCount\":260,\"commentCount\":0,\"publisher\":{\"@id\":\"https:\\\/\\\/informelitoral.com.ar\\\/#organization\"},\"image\":{\"@id\":\"https:\\\/\\\/informelitoral.com.ar\\\/violento-altercado-familiar-en-crespo-termina-con-un-joven-detenido-y-un-hombre-hospitalizado\\\/#primaryimage\"},\"thumbnailUrl\":\"https:\\\/\\\/drive.google.com\\\/thumbnail?id=17IIzdi4sx28A6begIhpHI_u0mcmO8D_r&sz=w2048\",\"keywords\":[\"Crespo\",\"Detenido\",\"Herido\"],\"articleSection\":[\"Policiales\"],\"inLanguage\":\"es\",\"potentialAction\":[{\"@type\":\"CommentAction\",\"name\":\"Comment\",\"target\":[\"https:\\\/\\\/informelitoral.com.ar\\\/violento-altercado-familiar-en-crespo-termina-con-un-joven-detenido-y-un-hombre-hospitalizado\\\/#respond\"]}]},{\"@type\":\"WebPage\",\"@id\":\"https:\\\/\\\/informelitoral.com.ar\\\/violento-altercado-familiar-en-crespo-termina-con-un-joven-detenido-y-un-hombre-hospitalizado\\\/\",\"url\":\"https:\\\/\\\/informelitoral.com.ar\\\/violento-altercado-familiar-en-crespo-termina-con-un-joven-detenido-y-un-hombre-hospitalizado\\\/\",\"name\":\"Violento altercado familiar en Crespo termin\u00f3 con un joven detenido y un hombre hospitalizado - Informe Litoral\",\"isPartOf\":{\"@id\":\"https:\\\/\\\/informelitoral.com.ar\\\/#website\"},\"primaryImageOfPage\":{\"@id\":\"https:\\\/\\\/informelitoral.com.ar\\\/violento-altercado-familiar-en-crespo-termina-con-un-joven-detenido-y-un-hombre-hospitalizado\\\/#primaryimage\"},\"image\":{\"@id\":\"https:\\\/\\\/informelitoral.com.ar\\\/violento-altercado-familiar-en-crespo-termina-con-un-joven-detenido-y-un-hombre-hospitalizado\\\/#primaryimage\"},\"thumbnailUrl\":\"https:\\\/\\\/drive.google.com\\\/thumbnail?id=17IIzdi4sx28A6begIhpHI_u0mcmO8D_r&sz=w2048\",\"datePublished\":\"2026-01-05T12:48:27+00:00\",\"dateModified\":\"2026-01-05T16:15:06+00:00\",\"breadcrumb\":{\"@id\":\"https:\\\/\\\/informelitoral.com.ar\\\/violento-altercado-familiar-en-crespo-termina-con-un-joven-detenido-y-un-hombre-hospitalizado\\\/#breadcrumb\"},\"inLanguage\":\"es\",\"potentialAction\":[{\"@type\":\"ReadAction\",\"target\":[\"https:\\\/\\\/informelitoral.com.ar\\\/violento-altercado-familiar-en-crespo-termina-con-un-joven-detenido-y-un-hombre-hospitalizado\\\/\"]}]},{\"@type\":\"ImageObject\",\"inLanguage\":\"es\",\"@id\":\"https:\\\/\\\/informelitoral.com.ar\\\/violento-altercado-familiar-en-crespo-termina-con-un-joven-detenido-y-un-hombre-hospitalizado\\\/#primaryimage\",\"url\":\"https:\\\/\\\/drive.google.com\\\/thumbnail?id=17IIzdi4sx28A6begIhpHI_u0mcmO8D_r&sz=w2048\",\"contentUrl\":\"https:\\\/\\\/drive.google.com\\\/thumbnail?id=17IIzdi4sx28A6begIhpHI_u0mcmO8D_r&sz=w2048\",\"width\":574,\"height\":649},{\"@type\":\"BreadcrumbList\",\"@id\":\"https:\\\/\\\/informelitoral.com.ar\\\/violento-altercado-familiar-en-crespo-termina-con-un-joven-detenido-y-un-hombre-hospitalizado\\\/#breadcrumb\",\"itemListElement\":[{\"@type\":\"ListItem\",\"position\":1,\"name\":\"Portada\",\"item\":\"https:\\\/\\\/informelitoral.com.ar\\\/\"},{\"@type\":\"ListItem\",\"position\":2,\"name\":\"Violento altercado familiar en Crespo termin\u00f3 con un joven detenido y un hombre hospitalizado\"}]},{\"@type\":\"WebSite\",\"@id\":\"https:\\\/\\\/informelitoral.com.ar\\\/#website\",\"url\":\"https:\\\/\\\/informelitoral.com.ar\\\/\",\"name\":\"Informe Litoral\",\"description\":\"&quot;Nos informamos&quot; \",\"publisher\":{\"@id\":\"https:\\\/\\\/informelitoral.com.ar\\\/#organization\"},\"potentialAction\":[{\"@type\":\"SearchAction\",\"target\":{\"@type\":\"EntryPoint\",\"urlTemplate\":\"https:\\\/\\\/informelitoral.com.ar\\\/?s={search_term_string}\"},\"query-input\":{\"@type\":\"PropertyValueSpecification\",\"valueRequired\":true,\"valueName\":\"search_term_string\"}}],\"inLanguage\":\"es\"},{\"@type\":\"Organization\",\"@id\":\"https:\\\/\\\/informelitoral.com.ar\\\/#organization\",\"name\":\"Informe Litoral\",\"url\":\"https:\\\/\\\/informelitoral.com.ar\\\/\",\"logo\":{\"@type\":\"ImageObject\",\"inLanguage\":\"es\",\"@id\":\"https:\\\/\\\/informelitoral.com.ar\\\/#\\\/schema\\\/logo\\\/image\\\/\",\"url\":\"https:\\\/\\\/informelitoral.com.ar\\\/%77%70%2d%63%6f%6e%74%65%6e%74\\\/uploads\\\/2021\\\/01\\\/circulo.png\",\"contentUrl\":\"https:\\\/\\\/informelitoral.com.ar\\\/%77%70%2d%63%6f%6e%74%65%6e%74\\\/uploads\\\/2021\\\/01\\\/circulo.png\",\"width\":723,\"height\":731,\"caption\":\"Informe Litoral\"},\"image\":{\"@id\":\"https:\\\/\\\/informelitoral.com.ar\\\/#\\\/schema\\\/logo\\\/image\\\/\"},\"sameAs\":[\"https:\\\/\\\/www.facebook.com\\\/informelitoral\\\/\",\"https:\\\/\\\/x.com\\\/InformeLitoral\",\"https:\\\/\\\/www.instagram.com\\\/informelitoral\\\/\",\"https:\\\/\\\/www.youtube.com\\\/channel\\\/UCua4Qvz8Icb6MYqhoq9xLXw\"]},{\"@type\":\"Person\",\"@id\":\"https:\\\/\\\/informelitoral.com.ar\\\/#\\\/schema\\\/person\\\/f05f9f461677119578717524b127d6d5\",\"name\":\"Sebastian\",\"image\":{\"@type\":\"ImageObject\",\"inLanguage\":\"es\",\"@id\":\"https:\\\/\\\/secure.gravatar.com\\\/avatar\\\/b71bf7481d447dfb9583c7f2798e7cc64de6efb9067b74633ed8c31059a3bd82?s=96&d=mm&r=g\",\"url\":\"https:\\\/\\\/secure.gravatar.com\\\/avatar\\\/b71bf7481d447dfb9583c7f2798e7cc64de6efb9067b74633ed8c31059a3bd82?s=96&d=mm&r=g\",\"contentUrl\":\"https:\\\/\\\/secure.gravatar.com\\\/avatar\\\/b71bf7481d447dfb9583c7f2798e7cc64de6efb9067b74633ed8c31059a3bd82?s=96&d=mm&r=g\",\"caption\":\"Sebastian\"},\"url\":\"https:\\\/\\\/informelitoral.com.ar\\\/author\\\/sebastian\\\/\"}]}<\/script>","yoast_head_json":{"title":"Violento altercado familiar en Crespo termin\u00f3 con un joven detenido y un hombre hospitalizado - Informe Litoral","robots":{"index":"index","follow":"follow","max-snippet":"max-snippet:-1","max-image-preview":"max-image-preview:large","max-video-preview":"max-video-preview:-1"},"canonical":"https:\/\/informelitoral.com.ar\/violento-altercado-familiar-en-crespo-termina-con-un-joven-detenido-y-un-hombre-hospitalizado\/","og_locale":"es_ES","og_type":"article","og_title":"Violento altercado familiar en Crespo termin\u00f3 con un joven detenido y un hombre hospitalizado - Informe Litoral","og_description":"El incidente ocurri\u00f3 durante la madrugada del domingo en una vivienda del Barrio Azul. La v\u00edctima fue derivada a Paran\u00e1 debido a la gravedad de sus heridas.","og_url":"https:\/\/informelitoral.com.ar\/violento-altercado-familiar-en-crespo-termina-con-un-joven-detenido-y-un-hombre-hospitalizado\/","og_site_name":"Informe Litoral","article_publisher":"https:\/\/www.facebook.com\/informelitoral\/","article_published_time":"2026-01-05T12:48:27+00:00","article_modified_time":"2026-01-05T16:15:06+00:00","og_image":[{"width":574,"height":649,"url":"https:\/\/drive.google.com\/thumbnail?id=17IIzdi4sx28A6begIhpHI_u0mcmO8D_r&sz=w2048","type":"image\/jpeg"}],"author":"Sebastian","twitter_card":"summary_large_image","twitter_creator":"@InformeLitoral","twitter_site":"@InformeLitoral","twitter_misc":{"Escrito por":"Sebastian","Tiempo de lectura":"2 minutos"},"schema":{"@context":"https:\/\/schema.org","@graph":[{"@type":"Article","@id":"https:\/\/informelitoral.com.ar\/violento-altercado-familiar-en-crespo-termina-con-un-joven-detenido-y-un-hombre-hospitalizado\/#article","isPartOf":{"@id":"https:\/\/informelitoral.com.ar\/violento-altercado-familiar-en-crespo-termina-con-un-joven-detenido-y-un-hombre-hospitalizado\/"},"author":{"name":"Sebastian","@id":"https:\/\/informelitoral.com.ar\/#\/schema\/person\/f05f9f461677119578717524b127d6d5"},"headline":"Violento altercado familiar en Crespo termin\u00f3 con un joven detenido y un hombre hospitalizado","datePublished":"2026-01-05T12:48:27+00:00","dateModified":"2026-01-05T16:15:06+00:00","mainEntityOfPage":{"@id":"https:\/\/informelitoral.com.ar\/violento-altercado-familiar-en-crespo-termina-con-un-joven-detenido-y-un-hombre-hospitalizado\/"},"wordCount":260,"commentCount":0,"publisher":{"@id":"https:\/\/informelitoral.com.ar\/#organization"},"image":{"@id":"https:\/\/informelitoral.com.ar\/violento-altercado-familiar-en-crespo-termina-con-un-joven-detenido-y-un-hombre-hospitalizado\/#primaryimage"},"thumbnailUrl":"https:\/\/drive.google.com\/thumbnail?id=17IIzdi4sx28A6begIhpHI_u0mcmO8D_r&sz=w2048","keywords":["Crespo","Detenido","Herido"],"articleSection":["Policiales"],"inLanguage":"es","potentialAction":[{"@type":"CommentAction","name":"Comment","target":["https:\/\/informelitoral.com.ar\/violento-altercado-familiar-en-crespo-termina-con-un-joven-detenido-y-un-hombre-hospitalizado\/#respond"]}]},{"@type":"WebPage","@id":"https:\/\/informelitoral.com.ar\/violento-altercado-familiar-en-crespo-termina-con-un-joven-detenido-y-un-hombre-hospitalizado\/","url":"https:\/\/informelitoral.com.ar\/violento-altercado-familiar-en-crespo-termina-con-un-joven-detenido-y-un-hombre-hospitalizado\/","name":"Violento altercado familiar en Crespo termin\u00f3 con un joven detenido y un hombre hospitalizado - Informe Litoral","isPartOf":{"@id":"https:\/\/informelitoral.com.ar\/#website"},"primaryImageOfPage":{"@id":"https:\/\/informelitoral.com.ar\/violento-altercado-familiar-en-crespo-termina-con-un-joven-detenido-y-un-hombre-hospitalizado\/#primaryimage"},"image":{"@id":"https:\/\/informelitoral.com.ar\/violento-altercado-familiar-en-crespo-termina-con-un-joven-detenido-y-un-hombre-hospitalizado\/#primaryimage"},"thumbnailUrl":"https:\/\/drive.google.com\/thumbnail?id=17IIzdi4sx28A6begIhpHI_u0mcmO8D_r&sz=w2048","datePublished":"2026-01-05T12:48:27+00:00","dateModified":"2026-01-05T16:15:06+00:00","breadcrumb":{"@id":"https:\/\/informelitoral.com.ar\/violento-altercado-familiar-en-crespo-termina-con-un-joven-detenido-y-un-hombre-hospitalizado\/#breadcrumb"},"inLanguage":"es","potentialAction":[{"@type":"ReadAction","target":["https:\/\/informelitoral.com.ar\/violento-altercado-familiar-en-crespo-termina-con-un-joven-detenido-y-un-hombre-hospitalizado\/"]}]},{"@type":"ImageObject","inLanguage":"es","@id":"https:\/\/informelitoral.com.ar\/violento-altercado-familiar-en-crespo-termina-con-un-joven-detenido-y-un-hombre-hospitalizado\/#primaryimage","url":"https:\/\/drive.google.com\/thumbnail?id=17IIzdi4sx28A6begIhpHI_u0mcmO8D_r&sz=w2048","contentUrl":"https:\/\/drive.google.com\/thumbnail?id=17IIzdi4sx28A6begIhpHI_u0mcmO8D_r&sz=w2048","width":574,"height":649},{"@type":"BreadcrumbList","@id":"https:\/\/informelitoral.com.ar\/violento-altercado-familiar-en-crespo-termina-con-un-joven-detenido-y-un-hombre-hospitalizado\/#breadcrumb","itemListElement":[{"@type":"ListItem","position":1,"name":"Portada","item":"https:\/\/informelitoral.com.ar\/"},{"@type":"ListItem","position":2,"name":"Violento altercado familiar en Crespo termin\u00f3 con un joven detenido y un hombre hospitalizado"}]},{"@type":"WebSite","@id":"https:\/\/informelitoral.com.ar\/#website","url":"https:\/\/informelitoral.com.ar\/","name":"Informe Litoral","description":"&quot;Nos informamos&quot; ","publisher":{"@id":"https:\/\/informelitoral.com.ar\/#organization"},"potentialAction":[{"@type":"SearchAction","target":{"@type":"EntryPoint","urlTemplate":"https:\/\/informelitoral.com.ar\/?s={search_term_string}"},"query-input":{"@type":"PropertyValueSpecification","valueRequired":true,"valueName":"search_term_string"}}],"inLanguage":"es"},{"@type":"Organization","@id":"https:\/\/informelitoral.com.ar\/#organization","name":"Informe Litoral","url":"https:\/\/informelitoral.com.ar\/","logo":{"@type":"ImageObject","inLanguage":"es","@id":"https:\/\/informelitoral.com.ar\/#\/schema\/logo\/image\/","url":"https:\/\/informelitoral.com.ar\/%77%70%2d%63%6f%6e%74%65%6e%74\/uploads\/2021\/01\/circulo.png","contentUrl":"https:\/\/informelitoral.com.ar\/%77%70%2d%63%6f%6e%74%65%6e%74\/uploads\/2021\/01\/circulo.png","width":723,"height":731,"caption":"Informe Litoral"},"image":{"@id":"https:\/\/informelitoral.com.ar\/#\/schema\/logo\/image\/"},"sameAs":["https:\/\/www.facebook.com\/informelitoral\/","https:\/\/x.com\/InformeLitoral","https:\/\/www.instagram.com\/informelitoral\/","https:\/\/www.youtube.com\/channel\/UCua4Qvz8Icb6MYqhoq9xLXw"]},{"@type":"Person","@id":"https:\/\/informelitoral.com.ar\/#\/schema\/person\/f05f9f461677119578717524b127d6d5","name":"Sebastian","image":{"@type":"ImageObject","inLanguage":"es","@id":"https:\/\/secure.gravatar.com\/avatar\/b71bf7481d447dfb9583c7f2798e7cc64de6efb9067b74633ed8c31059a3bd82?s=96&d=mm&r=g","url":"https:\/\/secure.gravatar.com\/avatar\/b71bf7481d447dfb9583c7f2798e7cc64de6efb9067b74633ed8c31059a3bd82?s=96&d=mm&r=g","contentUrl":"https:\/\/secure.gravatar.com\/avatar\/b71bf7481d447dfb9583c7f2798e7cc64de6efb9067b74633ed8c31059a3bd82?s=96&d=mm&r=g","caption":"Sebastian"},"url":"https:\/\/informelitoral.com.ar\/author\/sebastian\/"}]}},"_links":{"self":[{"href":"https:\/\/informelitoral.com.ar\/%77%70%2d%6a%73%6f%6e\/wp\/v2\/posts\/245571","targetHints":{"allow":["GET"]}}],"collection":[{"href":"https:\/\/informelitoral.com.ar\/%77%70%2d%6a%73%6f%6e\/wp\/v2\/posts"}],"about":[{"href":"https:\/\/informelitoral.com.ar\/%77%70%2d%6a%73%6f%6e\/wp\/v2\/types\/post"}],"author":[{"embeddable":true,"href":"https:\/\/informelitoral.com.ar\/%77%70%2d%6a%73%6f%6e\/wp\/v2\/users\/8"}],"replies":[{"embeddable":true,"href":"https:\/\/informelitoral.com.ar\/%77%70%2d%6a%73%6f%6e\/wp\/v2\/comments?post=245571"}],"version-history":[{"count":5,"href":"https:\/\/informelitoral.com.ar\/%77%70%2d%6a%73%6f%6e\/wp\/v2\/posts\/245571\/revisions"}],"predecessor-version":[{"id":245641,"href":"https:\/\/informelitoral.com.ar\/%77%70%2d%6a%73%6f%6e\/wp\/v2\/posts\/245571\/revisions\/245641"}],"wp:featuredmedia":[{"embeddable":true,"href":"https:\/\/informelitoral.com.ar\/%77%70%2d%6a%73%6f%6e\/wp\/v2\/media\/245572"}],"wp:attachment":[{"href":"https:\/\/informelitoral.com.ar\/%77%70%2d%6a%73%6f%6e\/wp\/v2\/media?parent=245571"}],"wp:term":[{"taxonomy":"category","embeddable":true,"href":"https:\/\/informelitoral.com.ar\/%77%70%2d%6a%73%6f%6e\/wp\/v2\/categories?post=245571"},{"taxonomy":"post_tag","embeddable":true,"href":"https:\/\/informelitoral.com.ar\/%77%70%2d%6a%73%6f%6e\/wp\/v2\/tags?post=245571"}],"curies":[{"name":"wp","href":"https:\/\/api.w.org\/{rel}","templated":true}]}}