{"id":245537,"date":"2026-01-05T09:21:37","date_gmt":"2026-01-05T12:21:37","guid":{"rendered":"https:\/\/informelitoral.com.ar\/?p=245537"},"modified":"2026-01-05T09:24:05","modified_gmt":"2026-01-05T12:24:05","slug":"entre-rios-tras-19-anos-la-provincia-reanudo-la-exportacion-de-carne-ovina-a-medio-oriente","status":"publish","type":"post","link":"https:\/\/informelitoral.com.ar\/entre-rios-tras-19-anos-la-provincia-reanudo-la-exportacion-de-carne-ovina-a-medio-oriente\/","title":{"rendered":"Entre R\u00edos: tras 19 a\u00f1os, la provincia reanud\u00f3 la exportaci\u00f3n de carne ovina a Medio Oriente"},"content":{"rendered":"<p data-path-to-node=\"5\">La ganader\u00eda entrerriana vive una semana de celebraci\u00f3n. Luego de un par\u00e9ntesis que se extendi\u00f3 por <b data-path-to-node=\"5\" data-index-in-node=\"125\">19 a\u00f1os<\/b>, la provincia volvi\u00f3 a posicionarse en el mercado internacional de carnes con la exportaci\u00f3n de <b data-path-to-node=\"5\" data-index-in-node=\"229\">17 mil toneladas<\/b> de carne ovina con destino al <b data-path-to-node=\"5\" data-index-in-node=\"276\">Sultanato de Om\u00e1n<\/b>. La operaci\u00f3n, certificada por el Servicio Nacional de Sanidad y Calidad Agroalimentaria (SENASA), representa el fin de una larga espera que se remontaba a 2006, fecha de la \u00faltima venta al exterior desde la ciudad de Concordia.<\/p>\n<h3 data-path-to-node=\"6\"><img decoding=\"async\" src=\"https:\/\/elonce-media.elonce.com\/fotos\/2026\/01\/05\/e_1767613108_6319.webp\" \/><\/h3>\n<p data-path-to-node=\"7\">El proceso fue el resultado de una sinergia entre el sector p\u00fablico y privado. La faena de los <b data-path-to-node=\"7\" data-index-in-node=\"95\">1.180 ejemplares<\/b> se llev\u00f3 a cabo en el frigor\u00edfico oficial N\u00b0 5610, ubicado en la ciudad de <b data-path-to-node=\"7\" data-index-in-node=\"187\">Gualeguay<\/b>. Los animales provinieron de establecimientos ganaderos de diversas localidades de la provincia, incluyendo <b data-path-to-node=\"7\" data-index-in-node=\"305\">Concordia, Federaci\u00f3n (Lazo) y San Lorenzo<\/b>, lo que demuestra el alcance federal de la iniciativa dentro del territorio entrerriano.<\/p>\n<p data-path-to-node=\"8\">El <b data-path-to-node=\"8\" data-index-in-node=\"3\">Centro Regional Entre R\u00edos del SENASA<\/b> desempe\u00f1\u00f3 un rol crucial en la supervisi\u00f3n de la carga, garantizando que se cumplieran estrictamente los protocolos de:<\/p>\n<ul data-path-to-node=\"9\">\n<li>\n<p data-path-to-node=\"9,0,0\"><b data-path-to-node=\"9,0,0\" data-index-in-node=\"0\">Sanidad animal:<\/b> Requisitos t\u00e9cnicos exigidos por Om\u00e1n.<\/p>\n<\/li>\n<li>\n<p data-path-to-node=\"9,1,0\"><b data-path-to-node=\"9,1,0\" data-index-in-node=\"0\">Bienestar animal:<\/b> Normas internacionales de trato durante el proceso productivo.<\/p>\n<\/li>\n<li>\n<p data-path-to-node=\"9,2,0\"><b data-path-to-node=\"9,2,0\" data-index-in-node=\"0\">Calidad premium:<\/b> Est\u00e1ndares de exportaci\u00f3n que demanda el mercado \u00e1rabe.<\/p>\n<\/li>\n<\/ul>\n<h2 data-path-to-node=\"10\"><strong>Potencial y expansi\u00f3n<\/strong><\/h2>\n<p data-path-to-node=\"11\">Actualmente, Entre R\u00edos posee un stock ganadero que supera los <b data-path-to-node=\"11\" data-index-in-node=\"63\">650.000 ovinos<\/b>. Esta cifra, sumada a una infraestructura frigor\u00edfica preparada para la alta demanda, posiciona a la provincia como un actor clave para el ingreso de divisas y la generaci\u00f3n de empleo genuino en el sector agroindustrial.<\/p>\n<p data-path-to-node=\"12\">La noticia no termina con Om\u00e1n. El horizonte comercial se presenta din\u00e1mico: ya se encuentra programada una nueva exportaci\u00f3n con destino a <b data-path-to-node=\"12\" data-index-in-node=\"140\">Kuwait<\/b>, cuya carga est\u00e1 prevista para el pr\u00f3ximo <b data-path-to-node=\"12\" data-index-in-node=\"189\">12 de enero<\/b>. Este segundo env\u00edo en menos de un mes confirma que no se trata de un hecho aislado, sino de la consolidaci\u00f3n de un corredor comercial estrat\u00e9gico hacia los mercados de Medio Oriente.<\/p>\n<h6 data-path-to-node=\"12\"><em><strong>Del archivo:\u00a0<a href=\"https:\/\/informelitoral.com.ar\/se-amplian-las-opciones-para-el-manejo-y-prevencion-de-la-brucelosis-bovina\/\" target=\"_blank\" rel=\"noopener\">Se ampl\u00edan las opciones para el manejo y prevenci\u00f3n de la brucelosis bovina<\/a><\/strong><\/em><\/h6>\n","protected":false},"excerpt":{"rendered":"<p>Con el env\u00edo de un cargamento al Sultanato de Om\u00e1n y un pr\u00f3ximo destino en Kuwait, el sector ovino entrerriano marca un hito hist\u00f3rico que reactiva el mercado internacional tras casi dos d\u00e9cadas de inactividad.<\/p>\n","protected":false},"author":8,"featured_media":245538,"comment_status":"open","ping_status":"open","sticky":false,"template":"","format":"standard","meta":{"fifu_image_url":"https:\/\/www.eldiariodetandil.com\/contenido\/noticias\/original\/1564553252.jpeg","fifu_image_alt":"","footnotes":""},"categories":[10],"tags":[6367,259,5801],"class_list":{"0":"post-245537","1":"post","2":"type-post","3":"status-publish","4":"format-standard","5":"has-post-thumbnail","7":"category-campo","8":"tag-carne-ovina","9":"tag-exportacion","10":"tag-medio-oriente"},"yoast_head":"<title>Entre R\u00edos: tras 19 a\u00f1os, la provincia reanud\u00f3 la exportaci\u00f3n de carne ovina a Medio Oriente - Informe Litoral<\/title>\n<meta name=\"robots\" content=\"index, follow, max-snippet:-1, max-image-preview:large, max-video-preview:-1\" \/>\n<link rel=\"canonical\" href=\"https:\/\/informelitoral.com.ar\/entre-rios-tras-19-anos-la-provincia-reanudo-la-exportacion-de-carne-ovina-a-medio-oriente\/\" \/>\n<meta property=\"og:locale\" content=\"es_ES\" \/>\n<meta property=\"og:type\" content=\"article\" \/>\n<meta property=\"og:title\" content=\"Entre R\u00edos: tras 19 a\u00f1os, la provincia reanud\u00f3 la exportaci\u00f3n de carne ovina a Medio Oriente - Informe Litoral\" \/>\n<meta property=\"og:description\" content=\"Con el env\u00edo de un cargamento al Sultanato de Om\u00e1n y un pr\u00f3ximo destino en Kuwait, el sector ovino entrerriano marca un hito hist\u00f3rico que reactiva el mercado internacional tras casi dos d\u00e9cadas de inactividad.\" \/>\n<meta property=\"og:url\" content=\"https:\/\/informelitoral.com.ar\/entre-rios-tras-19-anos-la-provincia-reanudo-la-exportacion-de-carne-ovina-a-medio-oriente\/\" \/>\n<meta property=\"og:site_name\" content=\"Informe Litoral\" \/>\n<meta property=\"article:publisher\" content=\"https:\/\/www.facebook.com\/informelitoral\/\" \/>\n<meta property=\"article:published_time\" content=\"2026-01-05T12:21:37+00:00\" \/>\n<meta property=\"article:modified_time\" content=\"2026-01-05T12:24:05+00:00\" \/>\n<meta property=\"og:image\" content=\"https:\/\/www.eldiariodetandil.com\/contenido\/noticias\/original\/1564553252.jpeg\" \/>\n<meta name=\"author\" content=\"Sebastian\" \/>\n<meta name=\"twitter:card\" content=\"summary_large_image\" \/>\n<meta name=\"twitter:image\" content=\"https:\/\/www.eldiariodetandil.com\/contenido\/noticias\/original\/1564553252.jpeg\" \/>\n<meta name=\"twitter:creator\" content=\"@InformeLitoral\" \/>\n<meta name=\"twitter:site\" content=\"@InformeLitoral\" \/>\n<meta name=\"twitter:label1\" content=\"Escrito por\" \/>\n\t<meta name=\"twitter:data1\" content=\"Sebastian\" \/>\n\t<meta name=\"twitter:label2\" content=\"Tiempo de lectura\" \/>\n\t<meta name=\"twitter:data2\" content=\"2 minutos\" \/>\n<script type=\"application\/ld+json\" class=\"yoast-schema-graph\">{\"@context\":\"https:\\\/\\\/schema.org\",\"@graph\":[{\"@type\":\"Article\",\"@id\":\"https:\\\/\\\/informelitoral.com.ar\\\/entre-rios-tras-19-anos-la-provincia-reanudo-la-exportacion-de-carne-ovina-a-medio-oriente\\\/#article\",\"isPartOf\":{\"@id\":\"https:\\\/\\\/informelitoral.com.ar\\\/entre-rios-tras-19-anos-la-provincia-reanudo-la-exportacion-de-carne-ovina-a-medio-oriente\\\/\"},\"author\":{\"name\":\"Sebastian\",\"@id\":\"https:\\\/\\\/informelitoral.com.ar\\\/#\\\/schema\\\/person\\\/f05f9f461677119578717524b127d6d5\"},\"headline\":\"Entre R\u00edos: tras 19 a\u00f1os, la provincia reanud\u00f3 la exportaci\u00f3n de carne ovina a Medio Oriente\",\"datePublished\":\"2026-01-05T12:21:37+00:00\",\"dateModified\":\"2026-01-05T12:24:05+00:00\",\"mainEntityOfPage\":{\"@id\":\"https:\\\/\\\/informelitoral.com.ar\\\/entre-rios-tras-19-anos-la-provincia-reanudo-la-exportacion-de-carne-ovina-a-medio-oriente\\\/\"},\"wordCount\":372,\"commentCount\":0,\"publisher\":{\"@id\":\"https:\\\/\\\/informelitoral.com.ar\\\/#organization\"},\"image\":{\"@id\":\"https:\\\/\\\/informelitoral.com.ar\\\/entre-rios-tras-19-anos-la-provincia-reanudo-la-exportacion-de-carne-ovina-a-medio-oriente\\\/#primaryimage\"},\"thumbnailUrl\":\"https:\\\/\\\/www.eldiariodetandil.com\\\/contenido\\\/noticias\\\/original\\\/1564553252.jpeg\",\"keywords\":[\"Carne Ovina\",\"Exportaci\u00f3n\",\"Medio Oriente\"],\"articleSection\":[\"Campo\"],\"inLanguage\":\"es\",\"potentialAction\":[{\"@type\":\"CommentAction\",\"name\":\"Comment\",\"target\":[\"https:\\\/\\\/informelitoral.com.ar\\\/entre-rios-tras-19-anos-la-provincia-reanudo-la-exportacion-de-carne-ovina-a-medio-oriente\\\/#respond\"]}]},{\"@type\":\"WebPage\",\"@id\":\"https:\\\/\\\/informelitoral.com.ar\\\/entre-rios-tras-19-anos-la-provincia-reanudo-la-exportacion-de-carne-ovina-a-medio-oriente\\\/\",\"url\":\"https:\\\/\\\/informelitoral.com.ar\\\/entre-rios-tras-19-anos-la-provincia-reanudo-la-exportacion-de-carne-ovina-a-medio-oriente\\\/\",\"name\":\"Entre R\u00edos: tras 19 a\u00f1os, la provincia reanud\u00f3 la exportaci\u00f3n de carne ovina a Medio Oriente - Informe Litoral\",\"isPartOf\":{\"@id\":\"https:\\\/\\\/informelitoral.com.ar\\\/#website\"},\"primaryImageOfPage\":{\"@id\":\"https:\\\/\\\/informelitoral.com.ar\\\/entre-rios-tras-19-anos-la-provincia-reanudo-la-exportacion-de-carne-ovina-a-medio-oriente\\\/#primaryimage\"},\"image\":{\"@id\":\"https:\\\/\\\/informelitoral.com.ar\\\/entre-rios-tras-19-anos-la-provincia-reanudo-la-exportacion-de-carne-ovina-a-medio-oriente\\\/#primaryimage\"},\"thumbnailUrl\":\"https:\\\/\\\/www.eldiariodetandil.com\\\/contenido\\\/noticias\\\/original\\\/1564553252.jpeg\",\"datePublished\":\"2026-01-05T12:21:37+00:00\",\"dateModified\":\"2026-01-05T12:24:05+00:00\",\"breadcrumb\":{\"@id\":\"https:\\\/\\\/informelitoral.com.ar\\\/entre-rios-tras-19-anos-la-provincia-reanudo-la-exportacion-de-carne-ovina-a-medio-oriente\\\/#breadcrumb\"},\"inLanguage\":\"es\",\"potentialAction\":[{\"@type\":\"ReadAction\",\"target\":[\"https:\\\/\\\/informelitoral.com.ar\\\/entre-rios-tras-19-anos-la-provincia-reanudo-la-exportacion-de-carne-ovina-a-medio-oriente\\\/\"]}]},{\"@type\":\"ImageObject\",\"inLanguage\":\"es\",\"@id\":\"https:\\\/\\\/informelitoral.com.ar\\\/entre-rios-tras-19-anos-la-provincia-reanudo-la-exportacion-de-carne-ovina-a-medio-oriente\\\/#primaryimage\",\"url\":\"https:\\\/\\\/www.eldiariodetandil.com\\\/contenido\\\/noticias\\\/original\\\/1564553252.jpeg\",\"contentUrl\":\"https:\\\/\\\/www.eldiariodetandil.com\\\/contenido\\\/noticias\\\/original\\\/1564553252.jpeg\",\"width\":\"848\",\"height\":\"477\"},{\"@type\":\"BreadcrumbList\",\"@id\":\"https:\\\/\\\/informelitoral.com.ar\\\/entre-rios-tras-19-anos-la-provincia-reanudo-la-exportacion-de-carne-ovina-a-medio-oriente\\\/#breadcrumb\",\"itemListElement\":[{\"@type\":\"ListItem\",\"position\":1,\"name\":\"Portada\",\"item\":\"https:\\\/\\\/informelitoral.com.ar\\\/\"},{\"@type\":\"ListItem\",\"position\":2,\"name\":\"Entre R\u00edos: tras 19 a\u00f1os, la provincia reanud\u00f3 la exportaci\u00f3n de carne ovina a Medio Oriente\"}]},{\"@type\":\"WebSite\",\"@id\":\"https:\\\/\\\/informelitoral.com.ar\\\/#website\",\"url\":\"https:\\\/\\\/informelitoral.com.ar\\\/\",\"name\":\"Informe Litoral\",\"description\":\"&quot;Nos informamos&quot; \",\"publisher\":{\"@id\":\"https:\\\/\\\/informelitoral.com.ar\\\/#organization\"},\"potentialAction\":[{\"@type\":\"SearchAction\",\"target\":{\"@type\":\"EntryPoint\",\"urlTemplate\":\"https:\\\/\\\/informelitoral.com.ar\\\/?s={search_term_string}\"},\"query-input\":{\"@type\":\"PropertyValueSpecification\",\"valueRequired\":true,\"valueName\":\"search_term_string\"}}],\"inLanguage\":\"es\"},{\"@type\":\"Organization\",\"@id\":\"https:\\\/\\\/informelitoral.com.ar\\\/#organization\",\"name\":\"Informe Litoral\",\"url\":\"https:\\\/\\\/informelitoral.com.ar\\\/\",\"logo\":{\"@type\":\"ImageObject\",\"inLanguage\":\"es\",\"@id\":\"https:\\\/\\\/informelitoral.com.ar\\\/#\\\/schema\\\/logo\\\/image\\\/\",\"url\":\"https:\\\/\\\/informelitoral.com.ar\\\/%77%70%2d%63%6f%6e%74%65%6e%74\\\/uploads\\\/2021\\\/01\\\/circulo.png\",\"contentUrl\":\"https:\\\/\\\/informelitoral.com.ar\\\/%77%70%2d%63%6f%6e%74%65%6e%74\\\/uploads\\\/2021\\\/01\\\/circulo.png\",\"width\":723,\"height\":731,\"caption\":\"Informe Litoral\"},\"image\":{\"@id\":\"https:\\\/\\\/informelitoral.com.ar\\\/#\\\/schema\\\/logo\\\/image\\\/\"},\"sameAs\":[\"https:\\\/\\\/www.facebook.com\\\/informelitoral\\\/\",\"https:\\\/\\\/x.com\\\/InformeLitoral\",\"https:\\\/\\\/www.instagram.com\\\/informelitoral\\\/\",\"https:\\\/\\\/www.youtube.com\\\/channel\\\/UCua4Qvz8Icb6MYqhoq9xLXw\"]},{\"@type\":\"Person\",\"@id\":\"https:\\\/\\\/informelitoral.com.ar\\\/#\\\/schema\\\/person\\\/f05f9f461677119578717524b127d6d5\",\"name\":\"Sebastian\",\"image\":{\"@type\":\"ImageObject\",\"inLanguage\":\"es\",\"@id\":\"https:\\\/\\\/secure.gravatar.com\\\/avatar\\\/b71bf7481d447dfb9583c7f2798e7cc64de6efb9067b74633ed8c31059a3bd82?s=96&d=mm&r=g\",\"url\":\"https:\\\/\\\/secure.gravatar.com\\\/avatar\\\/b71bf7481d447dfb9583c7f2798e7cc64de6efb9067b74633ed8c31059a3bd82?s=96&d=mm&r=g\",\"contentUrl\":\"https:\\\/\\\/secure.gravatar.com\\\/avatar\\\/b71bf7481d447dfb9583c7f2798e7cc64de6efb9067b74633ed8c31059a3bd82?s=96&d=mm&r=g\",\"caption\":\"Sebastian\"},\"url\":\"https:\\\/\\\/informelitoral.com.ar\\\/author\\\/sebastian\\\/\"}]}<\/script>","yoast_head_json":{"title":"Entre R\u00edos: tras 19 a\u00f1os, la provincia reanud\u00f3 la exportaci\u00f3n de carne ovina a Medio Oriente - Informe Litoral","robots":{"index":"index","follow":"follow","max-snippet":"max-snippet:-1","max-image-preview":"max-image-preview:large","max-video-preview":"max-video-preview:-1"},"canonical":"https:\/\/informelitoral.com.ar\/entre-rios-tras-19-anos-la-provincia-reanudo-la-exportacion-de-carne-ovina-a-medio-oriente\/","og_locale":"es_ES","og_type":"article","og_title":"Entre R\u00edos: tras 19 a\u00f1os, la provincia reanud\u00f3 la exportaci\u00f3n de carne ovina a Medio Oriente - Informe Litoral","og_description":"Con el env\u00edo de un cargamento al Sultanato de Om\u00e1n y un pr\u00f3ximo destino en Kuwait, el sector ovino entrerriano marca un hito hist\u00f3rico que reactiva el mercado internacional tras casi dos d\u00e9cadas de inactividad.","og_url":"https:\/\/informelitoral.com.ar\/entre-rios-tras-19-anos-la-provincia-reanudo-la-exportacion-de-carne-ovina-a-medio-oriente\/","og_site_name":"Informe Litoral","article_publisher":"https:\/\/www.facebook.com\/informelitoral\/","article_published_time":"2026-01-05T12:21:37+00:00","article_modified_time":"2026-01-05T12:24:05+00:00","og_image":[{"url":"https:\/\/www.eldiariodetandil.com\/contenido\/noticias\/original\/1564553252.jpeg","type":"","width":"","height":""}],"author":"Sebastian","twitter_card":"summary_large_image","twitter_image":"https:\/\/www.eldiariodetandil.com\/contenido\/noticias\/original\/1564553252.jpeg","twitter_creator":"@InformeLitoral","twitter_site":"@InformeLitoral","twitter_misc":{"Escrito por":"Sebastian","Tiempo de lectura":"2 minutos"},"schema":{"@context":"https:\/\/schema.org","@graph":[{"@type":"Article","@id":"https:\/\/informelitoral.com.ar\/entre-rios-tras-19-anos-la-provincia-reanudo-la-exportacion-de-carne-ovina-a-medio-oriente\/#article","isPartOf":{"@id":"https:\/\/informelitoral.com.ar\/entre-rios-tras-19-anos-la-provincia-reanudo-la-exportacion-de-carne-ovina-a-medio-oriente\/"},"author":{"name":"Sebastian","@id":"https:\/\/informelitoral.com.ar\/#\/schema\/person\/f05f9f461677119578717524b127d6d5"},"headline":"Entre R\u00edos: tras 19 a\u00f1os, la provincia reanud\u00f3 la exportaci\u00f3n de carne ovina a Medio Oriente","datePublished":"2026-01-05T12:21:37+00:00","dateModified":"2026-01-05T12:24:05+00:00","mainEntityOfPage":{"@id":"https:\/\/informelitoral.com.ar\/entre-rios-tras-19-anos-la-provincia-reanudo-la-exportacion-de-carne-ovina-a-medio-oriente\/"},"wordCount":372,"commentCount":0,"publisher":{"@id":"https:\/\/informelitoral.com.ar\/#organization"},"image":{"@id":"https:\/\/informelitoral.com.ar\/entre-rios-tras-19-anos-la-provincia-reanudo-la-exportacion-de-carne-ovina-a-medio-oriente\/#primaryimage"},"thumbnailUrl":"https:\/\/www.eldiariodetandil.com\/contenido\/noticias\/original\/1564553252.jpeg","keywords":["Carne Ovina","Exportaci\u00f3n","Medio Oriente"],"articleSection":["Campo"],"inLanguage":"es","potentialAction":[{"@type":"CommentAction","name":"Comment","target":["https:\/\/informelitoral.com.ar\/entre-rios-tras-19-anos-la-provincia-reanudo-la-exportacion-de-carne-ovina-a-medio-oriente\/#respond"]}]},{"@type":"WebPage","@id":"https:\/\/informelitoral.com.ar\/entre-rios-tras-19-anos-la-provincia-reanudo-la-exportacion-de-carne-ovina-a-medio-oriente\/","url":"https:\/\/informelitoral.com.ar\/entre-rios-tras-19-anos-la-provincia-reanudo-la-exportacion-de-carne-ovina-a-medio-oriente\/","name":"Entre R\u00edos: tras 19 a\u00f1os, la provincia reanud\u00f3 la exportaci\u00f3n de carne ovina a Medio Oriente - Informe Litoral","isPartOf":{"@id":"https:\/\/informelitoral.com.ar\/#website"},"primaryImageOfPage":{"@id":"https:\/\/informelitoral.com.ar\/entre-rios-tras-19-anos-la-provincia-reanudo-la-exportacion-de-carne-ovina-a-medio-oriente\/#primaryimage"},"image":{"@id":"https:\/\/informelitoral.com.ar\/entre-rios-tras-19-anos-la-provincia-reanudo-la-exportacion-de-carne-ovina-a-medio-oriente\/#primaryimage"},"thumbnailUrl":"https:\/\/www.eldiariodetandil.com\/contenido\/noticias\/original\/1564553252.jpeg","datePublished":"2026-01-05T12:21:37+00:00","dateModified":"2026-01-05T12:24:05+00:00","breadcrumb":{"@id":"https:\/\/informelitoral.com.ar\/entre-rios-tras-19-anos-la-provincia-reanudo-la-exportacion-de-carne-ovina-a-medio-oriente\/#breadcrumb"},"inLanguage":"es","potentialAction":[{"@type":"ReadAction","target":["https:\/\/informelitoral.com.ar\/entre-rios-tras-19-anos-la-provincia-reanudo-la-exportacion-de-carne-ovina-a-medio-oriente\/"]}]},{"@type":"ImageObject","inLanguage":"es","@id":"https:\/\/informelitoral.com.ar\/entre-rios-tras-19-anos-la-provincia-reanudo-la-exportacion-de-carne-ovina-a-medio-oriente\/#primaryimage","url":"https:\/\/www.eldiariodetandil.com\/contenido\/noticias\/original\/1564553252.jpeg","contentUrl":"https:\/\/www.eldiariodetandil.com\/contenido\/noticias\/original\/1564553252.jpeg","width":"848","height":"477"},{"@type":"BreadcrumbList","@id":"https:\/\/informelitoral.com.ar\/entre-rios-tras-19-anos-la-provincia-reanudo-la-exportacion-de-carne-ovina-a-medio-oriente\/#breadcrumb","itemListElement":[{"@type":"ListItem","position":1,"name":"Portada","item":"https:\/\/informelitoral.com.ar\/"},{"@type":"ListItem","position":2,"name":"Entre R\u00edos: tras 19 a\u00f1os, la provincia reanud\u00f3 la exportaci\u00f3n de carne ovina a Medio Oriente"}]},{"@type":"WebSite","@id":"https:\/\/informelitoral.com.ar\/#website","url":"https:\/\/informelitoral.com.ar\/","name":"Informe Litoral","description":"&quot;Nos informamos&quot; ","publisher":{"@id":"https:\/\/informelitoral.com.ar\/#organization"},"potentialAction":[{"@type":"SearchAction","target":{"@type":"EntryPoint","urlTemplate":"https:\/\/informelitoral.com.ar\/?s={search_term_string}"},"query-input":{"@type":"PropertyValueSpecification","valueRequired":true,"valueName":"search_term_string"}}],"inLanguage":"es"},{"@type":"Organization","@id":"https:\/\/informelitoral.com.ar\/#organization","name":"Informe Litoral","url":"https:\/\/informelitoral.com.ar\/","logo":{"@type":"ImageObject","inLanguage":"es","@id":"https:\/\/informelitoral.com.ar\/#\/schema\/logo\/image\/","url":"https:\/\/informelitoral.com.ar\/%77%70%2d%63%6f%6e%74%65%6e%74\/uploads\/2021\/01\/circulo.png","contentUrl":"https:\/\/informelitoral.com.ar\/%77%70%2d%63%6f%6e%74%65%6e%74\/uploads\/2021\/01\/circulo.png","width":723,"height":731,"caption":"Informe Litoral"},"image":{"@id":"https:\/\/informelitoral.com.ar\/#\/schema\/logo\/image\/"},"sameAs":["https:\/\/www.facebook.com\/informelitoral\/","https:\/\/x.com\/InformeLitoral","https:\/\/www.instagram.com\/informelitoral\/","https:\/\/www.youtube.com\/channel\/UCua4Qvz8Icb6MYqhoq9xLXw"]},{"@type":"Person","@id":"https:\/\/informelitoral.com.ar\/#\/schema\/person\/f05f9f461677119578717524b127d6d5","name":"Sebastian","image":{"@type":"ImageObject","inLanguage":"es","@id":"https:\/\/secure.gravatar.com\/avatar\/b71bf7481d447dfb9583c7f2798e7cc64de6efb9067b74633ed8c31059a3bd82?s=96&d=mm&r=g","url":"https:\/\/secure.gravatar.com\/avatar\/b71bf7481d447dfb9583c7f2798e7cc64de6efb9067b74633ed8c31059a3bd82?s=96&d=mm&r=g","contentUrl":"https:\/\/secure.gravatar.com\/avatar\/b71bf7481d447dfb9583c7f2798e7cc64de6efb9067b74633ed8c31059a3bd82?s=96&d=mm&r=g","caption":"Sebastian"},"url":"https:\/\/informelitoral.com.ar\/author\/sebastian\/"}]}},"fifu_image_url":"https:\/\/www.eldiariodetandil.com\/contenido\/noticias\/original\/1564553252.jpeg","_links":{"self":[{"href":"https:\/\/informelitoral.com.ar\/%77%70%2d%6a%73%6f%6e\/wp\/v2\/posts\/245537","targetHints":{"allow":["GET"]}}],"collection":[{"href":"https:\/\/informelitoral.com.ar\/%77%70%2d%6a%73%6f%6e\/wp\/v2\/posts"}],"about":[{"href":"https:\/\/informelitoral.com.ar\/%77%70%2d%6a%73%6f%6e\/wp\/v2\/types\/post"}],"author":[{"embeddable":true,"href":"https:\/\/informelitoral.com.ar\/%77%70%2d%6a%73%6f%6e\/wp\/v2\/users\/8"}],"replies":[{"embeddable":true,"href":"https:\/\/informelitoral.com.ar\/%77%70%2d%6a%73%6f%6e\/wp\/v2\/comments?post=245537"}],"version-history":[{"count":3,"href":"https:\/\/informelitoral.com.ar\/%77%70%2d%6a%73%6f%6e\/wp\/v2\/posts\/245537\/revisions"}],"predecessor-version":[{"id":245542,"href":"https:\/\/informelitoral.com.ar\/%77%70%2d%6a%73%6f%6e\/wp\/v2\/posts\/245537\/revisions\/245542"}],"wp:featuredmedia":[{"embeddable":true,"href":"https:\/\/informelitoral.com.ar\/%77%70%2d%6a%73%6f%6e\/wp\/v2\/media\/245538"}],"wp:attachment":[{"href":"https:\/\/informelitoral.com.ar\/%77%70%2d%6a%73%6f%6e\/wp\/v2\/media?parent=245537"}],"wp:term":[{"taxonomy":"category","embeddable":true,"href":"https:\/\/informelitoral.com.ar\/%77%70%2d%6a%73%6f%6e\/wp\/v2\/categories?post=245537"},{"taxonomy":"post_tag","embeddable":true,"href":"https:\/\/informelitoral.com.ar\/%77%70%2d%6a%73%6f%6e\/wp\/v2\/tags?post=245537"}],"curies":[{"name":"wp","href":"https:\/\/api.w.org\/{rel}","templated":true}]}}