{"id":245502,"date":"2026-01-05T07:07:47","date_gmt":"2026-01-05T10:07:47","guid":{"rendered":"https:\/\/informelitoral.com.ar\/?p=245502"},"modified":"2026-01-05T07:07:47","modified_gmt":"2026-01-05T10:07:47","slug":"dal-molin-vialidad-no-se-discute-con-consignas-se-discute-con-datos","status":"publish","type":"post","link":"https:\/\/informelitoral.com.ar\/dal-molin-vialidad-no-se-discute-con-consignas-se-discute-con-datos\/","title":{"rendered":"Dal Mol\u00edn: \u00abVialidad no se discute con consignas, se discute con datos\u00bb"},"content":{"rendered":"<p>El senador provincial Rub\u00e9n Dal Mol\u00edn respondi\u00f3 a las declaraciones de Guillermo Michel y afirm\u00f3 que la subejecuci\u00f3n en Vialidad Provincial es un problema hist\u00f3rico y estructural. \u201cLos n\u00fameros muestran una realidad que no empez\u00f3 ahora y que esta gesti\u00f3n decidi\u00f3 enfrentar con decisiones concretas\u201d, sostuvo.<\/p>\n<p>Las declaraciones de Guillermo Michel sobre una supuesta subejecuci\u00f3n del presupuesto en Vialidad Provincial omiten un dato central: la subejecuci\u00f3n no es un fen\u00f3meno reciente ni atribuible a la actual gesti\u00f3n, sino un problema estructural que se arrastra desde hace m\u00e1s de una d\u00e9cada.<\/p>\n<p>El cuadro que acompa\u00f1a esta respuesta, elaborado a partir de datos oficiales, es claro. Desde 2009 a la fecha, la participaci\u00f3n del gasto de Vialidad sobre los ingresos provinciales viene cayendo de manera sostenida, al igual que la distancia entre el presupuesto asignado y el efectivamente ejecutado. Los picos de subejecuci\u00f3n se registran en distintos per\u00edodos de gobierno, muchos de ellos bajo administraciones del mismo signo pol\u00edtico que hoy cuestiona.<\/p>\n<p><a href=\"https:\/\/drive.google.com\/thumbnail?id=14WcpVNuLltKbCjbqKrRoxd31oGAe_tcP&amp;sz=w2048\"><img loading=\"lazy\" decoding=\"async\" class=\"aligncenter wp-image-245505 size-full\" src=\"https:\/\/drive.google.com\/thumbnail?id=14WcpVNuLltKbCjbqKrRoxd31oGAe_tcP&amp;sz=w2048\" alt=\"\" width=\"604\" height=\"397\" \/><\/a>\u201cLa discusi\u00f3n no puede darse desde consignas ni oportunismos. Los datos muestran que el problema es hist\u00f3rico\u201d, se\u00f1al\u00f3 Dal Mol\u00edn, y agreg\u00f3 que la causa debe buscarse en \u201cuna burocracia pesada, procedimientos obsoletos y una verdadera m\u00e1quina de impedir dentro del organismo\u201d, situaci\u00f3n advertida en reiteradas oportunidades por ex autoridades de Vialidad, entre ellos Bell.<\/p>\n<p>En ese marco, el senador remarc\u00f3 una diferencia clave con gestiones anteriores: la actual administraci\u00f3n dispuso la afectaci\u00f3n espec\u00edfica de recursos para Vialidad Provincial y estableci\u00f3 un criterio de responsabilidad fiscal que antes no exist\u00eda. \u201cHoy, los montos que no alcanzan a devengarse al 31 de diciembre no se pierden ni vuelven a Rentas Generales, sino que quedan como cr\u00e9dito para el ejercicio siguiente. Antes, la subejecuci\u00f3n implicaba perder fondos para caminos y rutas. Hoy no\u201d, explic\u00f3.<\/p>\n<p>Dal Mol\u00edn subray\u00f3 adem\u00e1s que el gobierno provincial est\u00e1 avanzando en mecanismos concretos para reducir la burocracia, como convenios con municipios y comunas, consorcios camineros y esquemas de ejecuci\u00f3n descentralizada, con el objetivo de atacar el problema de fondo que durante a\u00f1os nadie quiso enfrentar.<\/p>\n<p>\u201cEl problema de la subejecuci\u00f3n existe, pero no empez\u00f3 ahora. La diferencia es que hoy se lo reconoce, se lo explica con datos y se lo enfrenta con decisiones. Lo dem\u00e1s es relato\u201d, concluy\u00f3.<\/p>\n<h6><em><strong>Del archivo:\u00a0<a href=\"https:\/\/informelitoral.com.ar\/oficializaron-un-plan-de-asistencia-psicologica-para-los-agentes-de-la-policia-de-entre-rios\/\" target=\"_blank\" rel=\"noopener\">Oficializaron un plan de asistencia psicol\u00f3gica para los agentes de la Polic\u00eda de Entre R\u00edos<\/a><\/strong><\/em><\/h6>\n","protected":false},"excerpt":{"rendered":"<p>El senador provincial Rub\u00e9n Dal Mol\u00edn respondi\u00f3 a las cr\u00edticas de Guillermo Michel y sostuvo que la subejecuci\u00f3n en Vialidad Provincial no es un fen\u00f3meno reciente. Asegur\u00f3 que los datos oficiales \u00abmuestran una problem\u00e1tica estructural y defendi\u00f3 las medidas adoptadas por la actual gesti\u00f3n\u00bb.<\/p>\n","protected":false},"author":2,"featured_media":245506,"comment_status":"open","ping_status":"open","sticky":false,"template":"","format":"standard","meta":{"fifu_image_url":"https:\/\/www.eldiario.com.ar\/wp-content\/uploads\/2024\/06\/Dal-Molin.jpeg","fifu_image_alt":"","footnotes":""},"categories":[16],"tags":[728,108,3132],"class_list":{"0":"post-245502","1":"post","2":"type-post","3":"status-publish","4":"format-standard","5":"has-post-thumbnail","7":"category-politi","8":"tag-dpv","9":"tag-vialidad","10":"tag-vialidad-provincial"},"yoast_head":"<title>Dal Mol\u00edn: &quot;Vialidad no se discute con consignas, se discute con datos&quot; - Informe Litoral<\/title>\n<meta name=\"robots\" content=\"index, follow, max-snippet:-1, max-image-preview:large, max-video-preview:-1\" \/>\n<link rel=\"canonical\" href=\"https:\/\/informelitoral.com.ar\/dal-molin-vialidad-no-se-discute-con-consignas-se-discute-con-datos\/\" \/>\n<meta property=\"og:locale\" content=\"es_ES\" \/>\n<meta property=\"og:type\" content=\"article\" \/>\n<meta property=\"og:title\" content=\"Dal Mol\u00edn: &quot;Vialidad no se discute con consignas, se discute con datos&quot; - Informe Litoral\" \/>\n<meta property=\"og:description\" content=\"El senador provincial Rub\u00e9n Dal Mol\u00edn respondi\u00f3 a las cr\u00edticas de Guillermo Michel y sostuvo que la subejecuci\u00f3n en Vialidad Provincial no es un fen\u00f3meno reciente. Asegur\u00f3 que los datos oficiales &quot;muestran una problem\u00e1tica estructural y defendi\u00f3 las medidas adoptadas por la actual gesti\u00f3n&quot;.\" \/>\n<meta property=\"og:url\" content=\"https:\/\/informelitoral.com.ar\/dal-molin-vialidad-no-se-discute-con-consignas-se-discute-con-datos\/\" \/>\n<meta property=\"og:site_name\" content=\"Informe Litoral\" \/>\n<meta property=\"article:publisher\" content=\"https:\/\/www.facebook.com\/informelitoral\/\" \/>\n<meta property=\"article:published_time\" content=\"2026-01-05T10:07:47+00:00\" \/>\n<meta property=\"og:image\" content=\"https:\/\/www.eldiario.com.ar\/%77%70%2d%63%6f%6e%74%65%6e%74\/uploads\/2024\/06\/Dal-Molin.jpeg\" \/>\n<meta name=\"author\" content=\"Gonzalo Schmidt\" \/>\n<meta name=\"twitter:card\" content=\"summary_large_image\" \/>\n<meta name=\"twitter:image\" content=\"https:\/\/www.eldiario.com.ar\/%77%70%2d%63%6f%6e%74%65%6e%74\/uploads\/2024\/06\/Dal-Molin.jpeg\" \/>\n<meta name=\"twitter:creator\" content=\"@InformeLitoral\" \/>\n<meta name=\"twitter:site\" content=\"@InformeLitoral\" \/>\n<meta name=\"twitter:label1\" content=\"Escrito por\" \/>\n\t<meta name=\"twitter:data1\" content=\"Gonzalo Schmidt\" \/>\n\t<meta name=\"twitter:label2\" content=\"Tiempo de lectura\" \/>\n\t<meta name=\"twitter:data2\" content=\"2 minutos\" \/>\n<script type=\"application\/ld+json\" class=\"yoast-schema-graph\">{\"@context\":\"https:\\\/\\\/schema.org\",\"@graph\":[{\"@type\":\"Article\",\"@id\":\"https:\\\/\\\/informelitoral.com.ar\\\/dal-molin-vialidad-no-se-discute-con-consignas-se-discute-con-datos\\\/#article\",\"isPartOf\":{\"@id\":\"https:\\\/\\\/informelitoral.com.ar\\\/dal-molin-vialidad-no-se-discute-con-consignas-se-discute-con-datos\\\/\"},\"author\":{\"name\":\"Gonzalo Schmidt\",\"@id\":\"https:\\\/\\\/informelitoral.com.ar\\\/#\\\/schema\\\/person\\\/b9d00407c836482871ef1d57bf8e3180\"},\"headline\":\"Dal Mol\u00edn: \u00abVialidad no se discute con consignas, se discute con datos\u00bb\",\"datePublished\":\"2026-01-05T10:07:47+00:00\",\"mainEntityOfPage\":{\"@id\":\"https:\\\/\\\/informelitoral.com.ar\\\/dal-molin-vialidad-no-se-discute-con-consignas-se-discute-con-datos\\\/\"},\"wordCount\":437,\"commentCount\":0,\"publisher\":{\"@id\":\"https:\\\/\\\/informelitoral.com.ar\\\/#organization\"},\"image\":{\"@id\":\"https:\\\/\\\/informelitoral.com.ar\\\/dal-molin-vialidad-no-se-discute-con-consignas-se-discute-con-datos\\\/#primaryimage\"},\"thumbnailUrl\":\"https:\\\/\\\/www.eldiario.com.ar\\\/%77%70%2d%63%6f%6e%74%65%6e%74\\\/uploads\\\/2024\\\/06\\\/Dal-Molin.jpeg\",\"keywords\":[\"DPV\",\"Vialidad\",\"Vialidad provincial\"],\"articleSection\":[\"Politica\"],\"inLanguage\":\"es\",\"potentialAction\":[{\"@type\":\"CommentAction\",\"name\":\"Comment\",\"target\":[\"https:\\\/\\\/informelitoral.com.ar\\\/dal-molin-vialidad-no-se-discute-con-consignas-se-discute-con-datos\\\/#respond\"]}]},{\"@type\":\"WebPage\",\"@id\":\"https:\\\/\\\/informelitoral.com.ar\\\/dal-molin-vialidad-no-se-discute-con-consignas-se-discute-con-datos\\\/\",\"url\":\"https:\\\/\\\/informelitoral.com.ar\\\/dal-molin-vialidad-no-se-discute-con-consignas-se-discute-con-datos\\\/\",\"name\":\"Dal Mol\u00edn: \\\"Vialidad no se discute con consignas, se discute con datos\\\" - Informe Litoral\",\"isPartOf\":{\"@id\":\"https:\\\/\\\/informelitoral.com.ar\\\/#website\"},\"primaryImageOfPage\":{\"@id\":\"https:\\\/\\\/informelitoral.com.ar\\\/dal-molin-vialidad-no-se-discute-con-consignas-se-discute-con-datos\\\/#primaryimage\"},\"image\":{\"@id\":\"https:\\\/\\\/informelitoral.com.ar\\\/dal-molin-vialidad-no-se-discute-con-consignas-se-discute-con-datos\\\/#primaryimage\"},\"thumbnailUrl\":\"https:\\\/\\\/www.eldiario.com.ar\\\/%77%70%2d%63%6f%6e%74%65%6e%74\\\/uploads\\\/2024\\\/06\\\/Dal-Molin.jpeg\",\"datePublished\":\"2026-01-05T10:07:47+00:00\",\"breadcrumb\":{\"@id\":\"https:\\\/\\\/informelitoral.com.ar\\\/dal-molin-vialidad-no-se-discute-con-consignas-se-discute-con-datos\\\/#breadcrumb\"},\"inLanguage\":\"es\",\"potentialAction\":[{\"@type\":\"ReadAction\",\"target\":[\"https:\\\/\\\/informelitoral.com.ar\\\/dal-molin-vialidad-no-se-discute-con-consignas-se-discute-con-datos\\\/\"]}]},{\"@type\":\"ImageObject\",\"inLanguage\":\"es\",\"@id\":\"https:\\\/\\\/informelitoral.com.ar\\\/dal-molin-vialidad-no-se-discute-con-consignas-se-discute-con-datos\\\/#primaryimage\",\"url\":\"https:\\\/\\\/www.eldiario.com.ar\\\/%77%70%2d%63%6f%6e%74%65%6e%74\\\/uploads\\\/2024\\\/06\\\/Dal-Molin.jpeg\",\"contentUrl\":\"https:\\\/\\\/www.eldiario.com.ar\\\/%77%70%2d%63%6f%6e%74%65%6e%74\\\/uploads\\\/2024\\\/06\\\/Dal-Molin.jpeg\",\"width\":\"1200\",\"height\":\"800\"},{\"@type\":\"BreadcrumbList\",\"@id\":\"https:\\\/\\\/informelitoral.com.ar\\\/dal-molin-vialidad-no-se-discute-con-consignas-se-discute-con-datos\\\/#breadcrumb\",\"itemListElement\":[{\"@type\":\"ListItem\",\"position\":1,\"name\":\"Portada\",\"item\":\"https:\\\/\\\/informelitoral.com.ar\\\/\"},{\"@type\":\"ListItem\",\"position\":2,\"name\":\"Dal Mol\u00edn: \u00abVialidad no se discute con consignas, se discute con datos\u00bb\"}]},{\"@type\":\"WebSite\",\"@id\":\"https:\\\/\\\/informelitoral.com.ar\\\/#website\",\"url\":\"https:\\\/\\\/informelitoral.com.ar\\\/\",\"name\":\"Informe Litoral\",\"description\":\"&quot;Nos informamos&quot; \",\"publisher\":{\"@id\":\"https:\\\/\\\/informelitoral.com.ar\\\/#organization\"},\"potentialAction\":[{\"@type\":\"SearchAction\",\"target\":{\"@type\":\"EntryPoint\",\"urlTemplate\":\"https:\\\/\\\/informelitoral.com.ar\\\/?s={search_term_string}\"},\"query-input\":{\"@type\":\"PropertyValueSpecification\",\"valueRequired\":true,\"valueName\":\"search_term_string\"}}],\"inLanguage\":\"es\"},{\"@type\":\"Organization\",\"@id\":\"https:\\\/\\\/informelitoral.com.ar\\\/#organization\",\"name\":\"Informe Litoral\",\"url\":\"https:\\\/\\\/informelitoral.com.ar\\\/\",\"logo\":{\"@type\":\"ImageObject\",\"inLanguage\":\"es\",\"@id\":\"https:\\\/\\\/informelitoral.com.ar\\\/#\\\/schema\\\/logo\\\/image\\\/\",\"url\":\"https:\\\/\\\/informelitoral.com.ar\\\/%77%70%2d%63%6f%6e%74%65%6e%74\\\/uploads\\\/2021\\\/01\\\/circulo.png\",\"contentUrl\":\"https:\\\/\\\/informelitoral.com.ar\\\/%77%70%2d%63%6f%6e%74%65%6e%74\\\/uploads\\\/2021\\\/01\\\/circulo.png\",\"width\":723,\"height\":731,\"caption\":\"Informe Litoral\"},\"image\":{\"@id\":\"https:\\\/\\\/informelitoral.com.ar\\\/#\\\/schema\\\/logo\\\/image\\\/\"},\"sameAs\":[\"https:\\\/\\\/www.facebook.com\\\/informelitoral\\\/\",\"https:\\\/\\\/x.com\\\/InformeLitoral\",\"https:\\\/\\\/www.instagram.com\\\/informelitoral\\\/\",\"https:\\\/\\\/www.youtube.com\\\/channel\\\/UCua4Qvz8Icb6MYqhoq9xLXw\"]},{\"@type\":\"Person\",\"@id\":\"https:\\\/\\\/informelitoral.com.ar\\\/#\\\/schema\\\/person\\\/b9d00407c836482871ef1d57bf8e3180\",\"name\":\"Gonzalo Schmidt\",\"image\":{\"@type\":\"ImageObject\",\"inLanguage\":\"es\",\"@id\":\"https:\\\/\\\/secure.gravatar.com\\\/avatar\\\/31a1a7b66ff2de83bd0e9fd79d026630d2d99e55e8bfe501287647b4fd9743de?s=96&d=mm&r=g\",\"url\":\"https:\\\/\\\/secure.gravatar.com\\\/avatar\\\/31a1a7b66ff2de83bd0e9fd79d026630d2d99e55e8bfe501287647b4fd9743de?s=96&d=mm&r=g\",\"contentUrl\":\"https:\\\/\\\/secure.gravatar.com\\\/avatar\\\/31a1a7b66ff2de83bd0e9fd79d026630d2d99e55e8bfe501287647b4fd9743de?s=96&d=mm&r=g\",\"caption\":\"Gonzalo Schmidt\"},\"description\":\"Sitio web de noticias de la provincia de Entre R\u00edos, Argentina. Informaci\u00f3n y entretenimiento. Informe Litoral, nos informamos.\",\"sameAs\":[\"http:\\\/\\\/www.isletasnoticias.com.ar\"],\"url\":\"https:\\\/\\\/informelitoral.com.ar\\\/author\\\/gonzalo\\\/\"}]}<\/script>","yoast_head_json":{"title":"Dal Mol\u00edn: \"Vialidad no se discute con consignas, se discute con datos\" - Informe Litoral","robots":{"index":"index","follow":"follow","max-snippet":"max-snippet:-1","max-image-preview":"max-image-preview:large","max-video-preview":"max-video-preview:-1"},"canonical":"https:\/\/informelitoral.com.ar\/dal-molin-vialidad-no-se-discute-con-consignas-se-discute-con-datos\/","og_locale":"es_ES","og_type":"article","og_title":"Dal Mol\u00edn: \"Vialidad no se discute con consignas, se discute con datos\" - Informe Litoral","og_description":"El senador provincial Rub\u00e9n Dal Mol\u00edn respondi\u00f3 a las cr\u00edticas de Guillermo Michel y sostuvo que la subejecuci\u00f3n en Vialidad Provincial no es un fen\u00f3meno reciente. Asegur\u00f3 que los datos oficiales \"muestran una problem\u00e1tica estructural y defendi\u00f3 las medidas adoptadas por la actual gesti\u00f3n\".","og_url":"https:\/\/informelitoral.com.ar\/dal-molin-vialidad-no-se-discute-con-consignas-se-discute-con-datos\/","og_site_name":"Informe Litoral","article_publisher":"https:\/\/www.facebook.com\/informelitoral\/","article_published_time":"2026-01-05T10:07:47+00:00","og_image":[{"url":"https:\/\/www.eldiario.com.ar\/wp-content\/uploads\/2024\/06\/Dal-Molin.jpeg","type":"","width":"","height":""}],"author":"Gonzalo Schmidt","twitter_card":"summary_large_image","twitter_image":"https:\/\/www.eldiario.com.ar\/wp-content\/uploads\/2024\/06\/Dal-Molin.jpeg","twitter_creator":"@InformeLitoral","twitter_site":"@InformeLitoral","twitter_misc":{"Escrito por":"Gonzalo Schmidt","Tiempo de lectura":"2 minutos"},"schema":{"@context":"https:\/\/schema.org","@graph":[{"@type":"Article","@id":"https:\/\/informelitoral.com.ar\/dal-molin-vialidad-no-se-discute-con-consignas-se-discute-con-datos\/#article","isPartOf":{"@id":"https:\/\/informelitoral.com.ar\/dal-molin-vialidad-no-se-discute-con-consignas-se-discute-con-datos\/"},"author":{"name":"Gonzalo Schmidt","@id":"https:\/\/informelitoral.com.ar\/#\/schema\/person\/b9d00407c836482871ef1d57bf8e3180"},"headline":"Dal Mol\u00edn: \u00abVialidad no se discute con consignas, se discute con datos\u00bb","datePublished":"2026-01-05T10:07:47+00:00","mainEntityOfPage":{"@id":"https:\/\/informelitoral.com.ar\/dal-molin-vialidad-no-se-discute-con-consignas-se-discute-con-datos\/"},"wordCount":437,"commentCount":0,"publisher":{"@id":"https:\/\/informelitoral.com.ar\/#organization"},"image":{"@id":"https:\/\/informelitoral.com.ar\/dal-molin-vialidad-no-se-discute-con-consignas-se-discute-con-datos\/#primaryimage"},"thumbnailUrl":"https:\/\/www.eldiario.com.ar\/%77%70%2d%63%6f%6e%74%65%6e%74\/uploads\/2024\/06\/Dal-Molin.jpeg","keywords":["DPV","Vialidad","Vialidad provincial"],"articleSection":["Politica"],"inLanguage":"es","potentialAction":[{"@type":"CommentAction","name":"Comment","target":["https:\/\/informelitoral.com.ar\/dal-molin-vialidad-no-se-discute-con-consignas-se-discute-con-datos\/#respond"]}]},{"@type":"WebPage","@id":"https:\/\/informelitoral.com.ar\/dal-molin-vialidad-no-se-discute-con-consignas-se-discute-con-datos\/","url":"https:\/\/informelitoral.com.ar\/dal-molin-vialidad-no-se-discute-con-consignas-se-discute-con-datos\/","name":"Dal Mol\u00edn: \"Vialidad no se discute con consignas, se discute con datos\" - Informe Litoral","isPartOf":{"@id":"https:\/\/informelitoral.com.ar\/#website"},"primaryImageOfPage":{"@id":"https:\/\/informelitoral.com.ar\/dal-molin-vialidad-no-se-discute-con-consignas-se-discute-con-datos\/#primaryimage"},"image":{"@id":"https:\/\/informelitoral.com.ar\/dal-molin-vialidad-no-se-discute-con-consignas-se-discute-con-datos\/#primaryimage"},"thumbnailUrl":"https:\/\/www.eldiario.com.ar\/%77%70%2d%63%6f%6e%74%65%6e%74\/uploads\/2024\/06\/Dal-Molin.jpeg","datePublished":"2026-01-05T10:07:47+00:00","breadcrumb":{"@id":"https:\/\/informelitoral.com.ar\/dal-molin-vialidad-no-se-discute-con-consignas-se-discute-con-datos\/#breadcrumb"},"inLanguage":"es","potentialAction":[{"@type":"ReadAction","target":["https:\/\/informelitoral.com.ar\/dal-molin-vialidad-no-se-discute-con-consignas-se-discute-con-datos\/"]}]},{"@type":"ImageObject","inLanguage":"es","@id":"https:\/\/informelitoral.com.ar\/dal-molin-vialidad-no-se-discute-con-consignas-se-discute-con-datos\/#primaryimage","url":"https:\/\/www.eldiario.com.ar\/%77%70%2d%63%6f%6e%74%65%6e%74\/uploads\/2024\/06\/Dal-Molin.jpeg","contentUrl":"https:\/\/www.eldiario.com.ar\/%77%70%2d%63%6f%6e%74%65%6e%74\/uploads\/2024\/06\/Dal-Molin.jpeg","width":"1200","height":"800"},{"@type":"BreadcrumbList","@id":"https:\/\/informelitoral.com.ar\/dal-molin-vialidad-no-se-discute-con-consignas-se-discute-con-datos\/#breadcrumb","itemListElement":[{"@type":"ListItem","position":1,"name":"Portada","item":"https:\/\/informelitoral.com.ar\/"},{"@type":"ListItem","position":2,"name":"Dal Mol\u00edn: \u00abVialidad no se discute con consignas, se discute con datos\u00bb"}]},{"@type":"WebSite","@id":"https:\/\/informelitoral.com.ar\/#website","url":"https:\/\/informelitoral.com.ar\/","name":"Informe Litoral","description":"&quot;Nos informamos&quot; ","publisher":{"@id":"https:\/\/informelitoral.com.ar\/#organization"},"potentialAction":[{"@type":"SearchAction","target":{"@type":"EntryPoint","urlTemplate":"https:\/\/informelitoral.com.ar\/?s={search_term_string}"},"query-input":{"@type":"PropertyValueSpecification","valueRequired":true,"valueName":"search_term_string"}}],"inLanguage":"es"},{"@type":"Organization","@id":"https:\/\/informelitoral.com.ar\/#organization","name":"Informe Litoral","url":"https:\/\/informelitoral.com.ar\/","logo":{"@type":"ImageObject","inLanguage":"es","@id":"https:\/\/informelitoral.com.ar\/#\/schema\/logo\/image\/","url":"https:\/\/informelitoral.com.ar\/%77%70%2d%63%6f%6e%74%65%6e%74\/uploads\/2021\/01\/circulo.png","contentUrl":"https:\/\/informelitoral.com.ar\/%77%70%2d%63%6f%6e%74%65%6e%74\/uploads\/2021\/01\/circulo.png","width":723,"height":731,"caption":"Informe Litoral"},"image":{"@id":"https:\/\/informelitoral.com.ar\/#\/schema\/logo\/image\/"},"sameAs":["https:\/\/www.facebook.com\/informelitoral\/","https:\/\/x.com\/InformeLitoral","https:\/\/www.instagram.com\/informelitoral\/","https:\/\/www.youtube.com\/channel\/UCua4Qvz8Icb6MYqhoq9xLXw"]},{"@type":"Person","@id":"https:\/\/informelitoral.com.ar\/#\/schema\/person\/b9d00407c836482871ef1d57bf8e3180","name":"Gonzalo Schmidt","image":{"@type":"ImageObject","inLanguage":"es","@id":"https:\/\/secure.gravatar.com\/avatar\/31a1a7b66ff2de83bd0e9fd79d026630d2d99e55e8bfe501287647b4fd9743de?s=96&d=mm&r=g","url":"https:\/\/secure.gravatar.com\/avatar\/31a1a7b66ff2de83bd0e9fd79d026630d2d99e55e8bfe501287647b4fd9743de?s=96&d=mm&r=g","contentUrl":"https:\/\/secure.gravatar.com\/avatar\/31a1a7b66ff2de83bd0e9fd79d026630d2d99e55e8bfe501287647b4fd9743de?s=96&d=mm&r=g","caption":"Gonzalo Schmidt"},"description":"Sitio web de noticias de la provincia de Entre R\u00edos, Argentina. Informaci\u00f3n y entretenimiento. Informe Litoral, nos informamos.","sameAs":["http:\/\/www.isletasnoticias.com.ar"],"url":"https:\/\/informelitoral.com.ar\/author\/gonzalo\/"}]}},"fifu_image_url":"https:\/\/www.eldiario.com.ar\/wp-content\/uploads\/2024\/06\/Dal-Molin.jpeg","_links":{"self":[{"href":"https:\/\/informelitoral.com.ar\/%77%70%2d%6a%73%6f%6e\/wp\/v2\/posts\/245502","targetHints":{"allow":["GET"]}}],"collection":[{"href":"https:\/\/informelitoral.com.ar\/%77%70%2d%6a%73%6f%6e\/wp\/v2\/posts"}],"about":[{"href":"https:\/\/informelitoral.com.ar\/%77%70%2d%6a%73%6f%6e\/wp\/v2\/types\/post"}],"author":[{"embeddable":true,"href":"https:\/\/informelitoral.com.ar\/%77%70%2d%6a%73%6f%6e\/wp\/v2\/users\/2"}],"replies":[{"embeddable":true,"href":"https:\/\/informelitoral.com.ar\/%77%70%2d%6a%73%6f%6e\/wp\/v2\/comments?post=245502"}],"version-history":[{"count":1,"href":"https:\/\/informelitoral.com.ar\/%77%70%2d%6a%73%6f%6e\/wp\/v2\/posts\/245502\/revisions"}],"predecessor-version":[{"id":245507,"href":"https:\/\/informelitoral.com.ar\/%77%70%2d%6a%73%6f%6e\/wp\/v2\/posts\/245502\/revisions\/245507"}],"wp:featuredmedia":[{"embeddable":true,"href":"https:\/\/informelitoral.com.ar\/%77%70%2d%6a%73%6f%6e\/wp\/v2\/media\/245506"}],"wp:attachment":[{"href":"https:\/\/informelitoral.com.ar\/%77%70%2d%6a%73%6f%6e\/wp\/v2\/media?parent=245502"}],"wp:term":[{"taxonomy":"category","embeddable":true,"href":"https:\/\/informelitoral.com.ar\/%77%70%2d%6a%73%6f%6e\/wp\/v2\/categories?post=245502"},{"taxonomy":"post_tag","embeddable":true,"href":"https:\/\/informelitoral.com.ar\/%77%70%2d%6a%73%6f%6e\/wp\/v2\/tags?post=245502"}],"curies":[{"name":"wp","href":"https:\/\/api.w.org\/{rel}","templated":true}]}}