{"id":245500,"date":"2026-01-05T06:50:47","date_gmt":"2026-01-05T09:50:47","guid":{"rendered":"https:\/\/informelitoral.com.ar\/?p=245500"},"modified":"2026-01-05T06:50:47","modified_gmt":"2026-01-05T09:50:47","slug":"la-semana-no-sera-tan-calurosa-y-no-descartan-lluvias-aisladas","status":"publish","type":"post","link":"https:\/\/informelitoral.com.ar\/la-semana-no-sera-tan-calurosa-y-no-descartan-lluvias-aisladas\/","title":{"rendered":"La semana no ser\u00e1 tan calurosa y no descartan lluvias aisladas"},"content":{"rendered":"<p>El comienzo de la semana estar\u00e1 marcado por condiciones de tiempo estable y caluroso en gran parte del centro del pa\u00eds, con bajas probabilidades de precipitaciones. Se espera cielo mayormente despejado en el \u00e1rea central y vientos predominantes del sector norte y noreste.<\/p>\n<p>Las temperaturas se mantendr\u00e1n acordes a la \u00e9poca del a\u00f1o en el extremo norte del territorio nacional, donde las m\u00e1ximas oscilar\u00e1n entre los 30\u00b0C y 33\u00b0C. En tanto, en el centro del pa\u00eds los registros t\u00e9rmicos ser\u00e1n m\u00e1s elevados, con m\u00e1ximas que rondar\u00e1n entre los 35\u00b0C y 38\u00b0C, dentro de un marco de calor intenso en la regi\u00f3n pampeana.<\/p>\n<h2><strong>Qu\u00e9 pasar\u00e1 con el tiempo en Entre R\u00edos\u00a0<\/strong><\/h2>\n<p>En Entre R\u00edos, para este\u00a0<b>lunes<\/b>\u00a0se prev\u00e9 una<b>\u00a0temperatura m\u00e1xima cercana a los 29\u00b0C,<\/b>\u00a0con cielo mayormente nublado. A partir del martes, el term\u00f3metro comenzar\u00e1 a subir levemente y alcanzar\u00e1\u00a0<b>los 31\u00b0C<\/b>, mientras que el mi\u00e9rcoles se perfila como el d\u00eda m\u00e1s caluroso de la semana, con una m\u00e1xima estimada en 32\u00b0C. Durante esa jornada no se descartan lluvias por la ma\u00f1ana.<\/p>\n<p>La escasa nubosidad y la rotaci\u00f3n del viento al noreste favorecer\u00e1n un ascenso gradual de las temperaturas hasta mediados de semana. Sin embargo, hacia el jueves se espera un descenso t\u00e9rmico, con una m\u00e1xima que rondar\u00eda los<b>\u00a021\u00b0C y cielo nublado.<\/b>\u00a0Para el viernes, volver\u00edan a presentarse probabilidades de lluvias aisladas en la provincia.<\/p>\n","protected":false},"excerpt":{"rendered":"<p>Las temperaturas subir\u00e1n gradualmente pero no llegar\u00e1n a valores extremos. De acuerdo al pron\u00f3stico oficial, aparecer\u00e1 la inestabilidad pero por ahora no prev\u00e9n lluvias abundantes, sino m\u00e1s bien dispersas.<\/p>\n","protected":false},"author":2,"featured_media":63324,"comment_status":"open","ping_status":"open","sticky":false,"template":"","format":"standard","meta":{"fifu_image_url":"","fifu_image_alt":"","footnotes":""},"categories":[6],"tags":[38,2759,113],"class_list":{"0":"post-245500","1":"post","2":"type-post","3":"status-publish","4":"format-standard","5":"has-post-thumbnail","7":"category-entre-rios","8":"tag-el-tiempo","9":"tag-pronostico-del-tiempo","10":"tag-smn"},"yoast_head":"<title>La semana no ser\u00e1 tan calurosa y no descartan lluvias aisladas - Informe Litoral<\/title>\n<meta name=\"robots\" content=\"index, follow, max-snippet:-1, max-image-preview:large, max-video-preview:-1\" \/>\n<link rel=\"canonical\" href=\"https:\/\/informelitoral.com.ar\/la-semana-no-sera-tan-calurosa-y-no-descartan-lluvias-aisladas\/\" \/>\n<meta property=\"og:locale\" content=\"es_ES\" \/>\n<meta property=\"og:type\" content=\"article\" \/>\n<meta property=\"og:title\" content=\"La semana no ser\u00e1 tan calurosa y no descartan lluvias aisladas - Informe Litoral\" \/>\n<meta property=\"og:description\" content=\"Las temperaturas subir\u00e1n gradualmente pero no llegar\u00e1n a valores extremos. De acuerdo al pron\u00f3stico oficial, aparecer\u00e1 la inestabilidad pero por ahora no prev\u00e9n lluvias abundantes, sino m\u00e1s bien dispersas.\" \/>\n<meta property=\"og:url\" content=\"https:\/\/informelitoral.com.ar\/la-semana-no-sera-tan-calurosa-y-no-descartan-lluvias-aisladas\/\" \/>\n<meta property=\"og:site_name\" content=\"Informe Litoral\" \/>\n<meta property=\"article:publisher\" content=\"https:\/\/www.facebook.com\/informelitoral\/\" \/>\n<meta property=\"article:published_time\" content=\"2026-01-05T09:50:47+00:00\" \/>\n<meta property=\"og:image\" content=\"https:\/\/informelitoral.com.ar\/%77%70%2d%63%6f%6e%74%65%6e%74\/uploads\/2021\/08\/soleado-parana-el-tiempo.jpg\" \/>\n\t<meta property=\"og:image:width\" content=\"1600\" \/>\n\t<meta property=\"og:image:height\" content=\"1200\" \/>\n\t<meta property=\"og:image:type\" content=\"image\/jpeg\" \/>\n<meta name=\"author\" content=\"Gonzalo Schmidt\" \/>\n<meta name=\"twitter:card\" content=\"summary_large_image\" \/>\n<meta name=\"twitter:creator\" content=\"@InformeLitoral\" \/>\n<meta name=\"twitter:site\" content=\"@InformeLitoral\" \/>\n<meta name=\"twitter:label1\" content=\"Escrito por\" \/>\n\t<meta name=\"twitter:data1\" content=\"Gonzalo Schmidt\" \/>\n\t<meta name=\"twitter:label2\" content=\"Tiempo de lectura\" \/>\n\t<meta name=\"twitter:data2\" content=\"2 minutos\" \/>\n<script type=\"application\/ld+json\" class=\"yoast-schema-graph\">{\"@context\":\"https:\\\/\\\/schema.org\",\"@graph\":[{\"@type\":\"Article\",\"@id\":\"https:\\\/\\\/informelitoral.com.ar\\\/la-semana-no-sera-tan-calurosa-y-no-descartan-lluvias-aisladas\\\/#article\",\"isPartOf\":{\"@id\":\"https:\\\/\\\/informelitoral.com.ar\\\/la-semana-no-sera-tan-calurosa-y-no-descartan-lluvias-aisladas\\\/\"},\"author\":{\"name\":\"Gonzalo Schmidt\",\"@id\":\"https:\\\/\\\/informelitoral.com.ar\\\/#\\\/schema\\\/person\\\/b9d00407c836482871ef1d57bf8e3180\"},\"headline\":\"La semana no ser\u00e1 tan calurosa y no descartan lluvias aisladas\",\"datePublished\":\"2026-01-05T09:50:47+00:00\",\"mainEntityOfPage\":{\"@id\":\"https:\\\/\\\/informelitoral.com.ar\\\/la-semana-no-sera-tan-calurosa-y-no-descartan-lluvias-aisladas\\\/\"},\"wordCount\":265,\"commentCount\":0,\"publisher\":{\"@id\":\"https:\\\/\\\/informelitoral.com.ar\\\/#organization\"},\"image\":{\"@id\":\"https:\\\/\\\/informelitoral.com.ar\\\/la-semana-no-sera-tan-calurosa-y-no-descartan-lluvias-aisladas\\\/#primaryimage\"},\"thumbnailUrl\":\"https:\\\/\\\/informelitoral.com.ar\\\/%77%70%2d%63%6f%6e%74%65%6e%74\\\/uploads\\\/2021\\\/08\\\/soleado-parana-el-tiempo.jpg\",\"keywords\":[\"El tiempo\",\"Pron\u00f3stico del tiempo\",\"SMN\"],\"articleSection\":[\"Entre R\u00edos\"],\"inLanguage\":\"es\",\"potentialAction\":[{\"@type\":\"CommentAction\",\"name\":\"Comment\",\"target\":[\"https:\\\/\\\/informelitoral.com.ar\\\/la-semana-no-sera-tan-calurosa-y-no-descartan-lluvias-aisladas\\\/#respond\"]}]},{\"@type\":\"WebPage\",\"@id\":\"https:\\\/\\\/informelitoral.com.ar\\\/la-semana-no-sera-tan-calurosa-y-no-descartan-lluvias-aisladas\\\/\",\"url\":\"https:\\\/\\\/informelitoral.com.ar\\\/la-semana-no-sera-tan-calurosa-y-no-descartan-lluvias-aisladas\\\/\",\"name\":\"La semana no ser\u00e1 tan calurosa y no descartan lluvias aisladas - Informe Litoral\",\"isPartOf\":{\"@id\":\"https:\\\/\\\/informelitoral.com.ar\\\/#website\"},\"primaryImageOfPage\":{\"@id\":\"https:\\\/\\\/informelitoral.com.ar\\\/la-semana-no-sera-tan-calurosa-y-no-descartan-lluvias-aisladas\\\/#primaryimage\"},\"image\":{\"@id\":\"https:\\\/\\\/informelitoral.com.ar\\\/la-semana-no-sera-tan-calurosa-y-no-descartan-lluvias-aisladas\\\/#primaryimage\"},\"thumbnailUrl\":\"https:\\\/\\\/informelitoral.com.ar\\\/%77%70%2d%63%6f%6e%74%65%6e%74\\\/uploads\\\/2021\\\/08\\\/soleado-parana-el-tiempo.jpg\",\"datePublished\":\"2026-01-05T09:50:47+00:00\",\"breadcrumb\":{\"@id\":\"https:\\\/\\\/informelitoral.com.ar\\\/la-semana-no-sera-tan-calurosa-y-no-descartan-lluvias-aisladas\\\/#breadcrumb\"},\"inLanguage\":\"es\",\"potentialAction\":[{\"@type\":\"ReadAction\",\"target\":[\"https:\\\/\\\/informelitoral.com.ar\\\/la-semana-no-sera-tan-calurosa-y-no-descartan-lluvias-aisladas\\\/\"]}]},{\"@type\":\"ImageObject\",\"inLanguage\":\"es\",\"@id\":\"https:\\\/\\\/informelitoral.com.ar\\\/la-semana-no-sera-tan-calurosa-y-no-descartan-lluvias-aisladas\\\/#primaryimage\",\"url\":\"https:\\\/\\\/informelitoral.com.ar\\\/%77%70%2d%63%6f%6e%74%65%6e%74\\\/uploads\\\/2021\\\/08\\\/soleado-parana-el-tiempo.jpg\",\"contentUrl\":\"https:\\\/\\\/informelitoral.com.ar\\\/%77%70%2d%63%6f%6e%74%65%6e%74\\\/uploads\\\/2021\\\/08\\\/soleado-parana-el-tiempo.jpg\",\"width\":1600,\"height\":1200},{\"@type\":\"BreadcrumbList\",\"@id\":\"https:\\\/\\\/informelitoral.com.ar\\\/la-semana-no-sera-tan-calurosa-y-no-descartan-lluvias-aisladas\\\/#breadcrumb\",\"itemListElement\":[{\"@type\":\"ListItem\",\"position\":1,\"name\":\"Portada\",\"item\":\"https:\\\/\\\/informelitoral.com.ar\\\/\"},{\"@type\":\"ListItem\",\"position\":2,\"name\":\"La semana no ser\u00e1 tan calurosa y no descartan lluvias aisladas\"}]},{\"@type\":\"WebSite\",\"@id\":\"https:\\\/\\\/informelitoral.com.ar\\\/#website\",\"url\":\"https:\\\/\\\/informelitoral.com.ar\\\/\",\"name\":\"Informe Litoral\",\"description\":\"&quot;Nos informamos&quot; \",\"publisher\":{\"@id\":\"https:\\\/\\\/informelitoral.com.ar\\\/#organization\"},\"potentialAction\":[{\"@type\":\"SearchAction\",\"target\":{\"@type\":\"EntryPoint\",\"urlTemplate\":\"https:\\\/\\\/informelitoral.com.ar\\\/?s={search_term_string}\"},\"query-input\":{\"@type\":\"PropertyValueSpecification\",\"valueRequired\":true,\"valueName\":\"search_term_string\"}}],\"inLanguage\":\"es\"},{\"@type\":\"Organization\",\"@id\":\"https:\\\/\\\/informelitoral.com.ar\\\/#organization\",\"name\":\"Informe Litoral\",\"url\":\"https:\\\/\\\/informelitoral.com.ar\\\/\",\"logo\":{\"@type\":\"ImageObject\",\"inLanguage\":\"es\",\"@id\":\"https:\\\/\\\/informelitoral.com.ar\\\/#\\\/schema\\\/logo\\\/image\\\/\",\"url\":\"https:\\\/\\\/informelitoral.com.ar\\\/%77%70%2d%63%6f%6e%74%65%6e%74\\\/uploads\\\/2021\\\/01\\\/circulo.png\",\"contentUrl\":\"https:\\\/\\\/informelitoral.com.ar\\\/%77%70%2d%63%6f%6e%74%65%6e%74\\\/uploads\\\/2021\\\/01\\\/circulo.png\",\"width\":723,\"height\":731,\"caption\":\"Informe Litoral\"},\"image\":{\"@id\":\"https:\\\/\\\/informelitoral.com.ar\\\/#\\\/schema\\\/logo\\\/image\\\/\"},\"sameAs\":[\"https:\\\/\\\/www.facebook.com\\\/informelitoral\\\/\",\"https:\\\/\\\/x.com\\\/InformeLitoral\",\"https:\\\/\\\/www.instagram.com\\\/informelitoral\\\/\",\"https:\\\/\\\/www.youtube.com\\\/channel\\\/UCua4Qvz8Icb6MYqhoq9xLXw\"]},{\"@type\":\"Person\",\"@id\":\"https:\\\/\\\/informelitoral.com.ar\\\/#\\\/schema\\\/person\\\/b9d00407c836482871ef1d57bf8e3180\",\"name\":\"Gonzalo Schmidt\",\"image\":{\"@type\":\"ImageObject\",\"inLanguage\":\"es\",\"@id\":\"https:\\\/\\\/secure.gravatar.com\\\/avatar\\\/31a1a7b66ff2de83bd0e9fd79d026630d2d99e55e8bfe501287647b4fd9743de?s=96&d=mm&r=g\",\"url\":\"https:\\\/\\\/secure.gravatar.com\\\/avatar\\\/31a1a7b66ff2de83bd0e9fd79d026630d2d99e55e8bfe501287647b4fd9743de?s=96&d=mm&r=g\",\"contentUrl\":\"https:\\\/\\\/secure.gravatar.com\\\/avatar\\\/31a1a7b66ff2de83bd0e9fd79d026630d2d99e55e8bfe501287647b4fd9743de?s=96&d=mm&r=g\",\"caption\":\"Gonzalo Schmidt\"},\"description\":\"Sitio web de noticias de la provincia de Entre R\u00edos, Argentina. Informaci\u00f3n y entretenimiento. Informe Litoral, nos informamos.\",\"sameAs\":[\"http:\\\/\\\/www.isletasnoticias.com.ar\"],\"url\":\"https:\\\/\\\/informelitoral.com.ar\\\/author\\\/gonzalo\\\/\"}]}<\/script>","yoast_head_json":{"title":"La semana no ser\u00e1 tan calurosa y no descartan lluvias aisladas - Informe Litoral","robots":{"index":"index","follow":"follow","max-snippet":"max-snippet:-1","max-image-preview":"max-image-preview:large","max-video-preview":"max-video-preview:-1"},"canonical":"https:\/\/informelitoral.com.ar\/la-semana-no-sera-tan-calurosa-y-no-descartan-lluvias-aisladas\/","og_locale":"es_ES","og_type":"article","og_title":"La semana no ser\u00e1 tan calurosa y no descartan lluvias aisladas - Informe Litoral","og_description":"Las temperaturas subir\u00e1n gradualmente pero no llegar\u00e1n a valores extremos. De acuerdo al pron\u00f3stico oficial, aparecer\u00e1 la inestabilidad pero por ahora no prev\u00e9n lluvias abundantes, sino m\u00e1s bien dispersas.","og_url":"https:\/\/informelitoral.com.ar\/la-semana-no-sera-tan-calurosa-y-no-descartan-lluvias-aisladas\/","og_site_name":"Informe Litoral","article_publisher":"https:\/\/www.facebook.com\/informelitoral\/","article_published_time":"2026-01-05T09:50:47+00:00","og_image":[{"width":1600,"height":1200,"url":"https:\/\/informelitoral.com.ar\/%77%70%2d%63%6f%6e%74%65%6e%74\/uploads\/2021\/08\/soleado-parana-el-tiempo.jpg","type":"image\/jpeg"}],"author":"Gonzalo Schmidt","twitter_card":"summary_large_image","twitter_creator":"@InformeLitoral","twitter_site":"@InformeLitoral","twitter_misc":{"Escrito por":"Gonzalo Schmidt","Tiempo de lectura":"2 minutos"},"schema":{"@context":"https:\/\/schema.org","@graph":[{"@type":"Article","@id":"https:\/\/informelitoral.com.ar\/la-semana-no-sera-tan-calurosa-y-no-descartan-lluvias-aisladas\/#article","isPartOf":{"@id":"https:\/\/informelitoral.com.ar\/la-semana-no-sera-tan-calurosa-y-no-descartan-lluvias-aisladas\/"},"author":{"name":"Gonzalo Schmidt","@id":"https:\/\/informelitoral.com.ar\/#\/schema\/person\/b9d00407c836482871ef1d57bf8e3180"},"headline":"La semana no ser\u00e1 tan calurosa y no descartan lluvias aisladas","datePublished":"2026-01-05T09:50:47+00:00","mainEntityOfPage":{"@id":"https:\/\/informelitoral.com.ar\/la-semana-no-sera-tan-calurosa-y-no-descartan-lluvias-aisladas\/"},"wordCount":265,"commentCount":0,"publisher":{"@id":"https:\/\/informelitoral.com.ar\/#organization"},"image":{"@id":"https:\/\/informelitoral.com.ar\/la-semana-no-sera-tan-calurosa-y-no-descartan-lluvias-aisladas\/#primaryimage"},"thumbnailUrl":"https:\/\/informelitoral.com.ar\/%77%70%2d%63%6f%6e%74%65%6e%74\/uploads\/2021\/08\/soleado-parana-el-tiempo.jpg","keywords":["El tiempo","Pron\u00f3stico del tiempo","SMN"],"articleSection":["Entre R\u00edos"],"inLanguage":"es","potentialAction":[{"@type":"CommentAction","name":"Comment","target":["https:\/\/informelitoral.com.ar\/la-semana-no-sera-tan-calurosa-y-no-descartan-lluvias-aisladas\/#respond"]}]},{"@type":"WebPage","@id":"https:\/\/informelitoral.com.ar\/la-semana-no-sera-tan-calurosa-y-no-descartan-lluvias-aisladas\/","url":"https:\/\/informelitoral.com.ar\/la-semana-no-sera-tan-calurosa-y-no-descartan-lluvias-aisladas\/","name":"La semana no ser\u00e1 tan calurosa y no descartan lluvias aisladas - Informe Litoral","isPartOf":{"@id":"https:\/\/informelitoral.com.ar\/#website"},"primaryImageOfPage":{"@id":"https:\/\/informelitoral.com.ar\/la-semana-no-sera-tan-calurosa-y-no-descartan-lluvias-aisladas\/#primaryimage"},"image":{"@id":"https:\/\/informelitoral.com.ar\/la-semana-no-sera-tan-calurosa-y-no-descartan-lluvias-aisladas\/#primaryimage"},"thumbnailUrl":"https:\/\/informelitoral.com.ar\/%77%70%2d%63%6f%6e%74%65%6e%74\/uploads\/2021\/08\/soleado-parana-el-tiempo.jpg","datePublished":"2026-01-05T09:50:47+00:00","breadcrumb":{"@id":"https:\/\/informelitoral.com.ar\/la-semana-no-sera-tan-calurosa-y-no-descartan-lluvias-aisladas\/#breadcrumb"},"inLanguage":"es","potentialAction":[{"@type":"ReadAction","target":["https:\/\/informelitoral.com.ar\/la-semana-no-sera-tan-calurosa-y-no-descartan-lluvias-aisladas\/"]}]},{"@type":"ImageObject","inLanguage":"es","@id":"https:\/\/informelitoral.com.ar\/la-semana-no-sera-tan-calurosa-y-no-descartan-lluvias-aisladas\/#primaryimage","url":"https:\/\/informelitoral.com.ar\/%77%70%2d%63%6f%6e%74%65%6e%74\/uploads\/2021\/08\/soleado-parana-el-tiempo.jpg","contentUrl":"https:\/\/informelitoral.com.ar\/%77%70%2d%63%6f%6e%74%65%6e%74\/uploads\/2021\/08\/soleado-parana-el-tiempo.jpg","width":1600,"height":1200},{"@type":"BreadcrumbList","@id":"https:\/\/informelitoral.com.ar\/la-semana-no-sera-tan-calurosa-y-no-descartan-lluvias-aisladas\/#breadcrumb","itemListElement":[{"@type":"ListItem","position":1,"name":"Portada","item":"https:\/\/informelitoral.com.ar\/"},{"@type":"ListItem","position":2,"name":"La semana no ser\u00e1 tan calurosa y no descartan lluvias aisladas"}]},{"@type":"WebSite","@id":"https:\/\/informelitoral.com.ar\/#website","url":"https:\/\/informelitoral.com.ar\/","name":"Informe Litoral","description":"&quot;Nos informamos&quot; ","publisher":{"@id":"https:\/\/informelitoral.com.ar\/#organization"},"potentialAction":[{"@type":"SearchAction","target":{"@type":"EntryPoint","urlTemplate":"https:\/\/informelitoral.com.ar\/?s={search_term_string}"},"query-input":{"@type":"PropertyValueSpecification","valueRequired":true,"valueName":"search_term_string"}}],"inLanguage":"es"},{"@type":"Organization","@id":"https:\/\/informelitoral.com.ar\/#organization","name":"Informe Litoral","url":"https:\/\/informelitoral.com.ar\/","logo":{"@type":"ImageObject","inLanguage":"es","@id":"https:\/\/informelitoral.com.ar\/#\/schema\/logo\/image\/","url":"https:\/\/informelitoral.com.ar\/%77%70%2d%63%6f%6e%74%65%6e%74\/uploads\/2021\/01\/circulo.png","contentUrl":"https:\/\/informelitoral.com.ar\/%77%70%2d%63%6f%6e%74%65%6e%74\/uploads\/2021\/01\/circulo.png","width":723,"height":731,"caption":"Informe Litoral"},"image":{"@id":"https:\/\/informelitoral.com.ar\/#\/schema\/logo\/image\/"},"sameAs":["https:\/\/www.facebook.com\/informelitoral\/","https:\/\/x.com\/InformeLitoral","https:\/\/www.instagram.com\/informelitoral\/","https:\/\/www.youtube.com\/channel\/UCua4Qvz8Icb6MYqhoq9xLXw"]},{"@type":"Person","@id":"https:\/\/informelitoral.com.ar\/#\/schema\/person\/b9d00407c836482871ef1d57bf8e3180","name":"Gonzalo Schmidt","image":{"@type":"ImageObject","inLanguage":"es","@id":"https:\/\/secure.gravatar.com\/avatar\/31a1a7b66ff2de83bd0e9fd79d026630d2d99e55e8bfe501287647b4fd9743de?s=96&d=mm&r=g","url":"https:\/\/secure.gravatar.com\/avatar\/31a1a7b66ff2de83bd0e9fd79d026630d2d99e55e8bfe501287647b4fd9743de?s=96&d=mm&r=g","contentUrl":"https:\/\/secure.gravatar.com\/avatar\/31a1a7b66ff2de83bd0e9fd79d026630d2d99e55e8bfe501287647b4fd9743de?s=96&d=mm&r=g","caption":"Gonzalo Schmidt"},"description":"Sitio web de noticias de la provincia de Entre R\u00edos, Argentina. Informaci\u00f3n y entretenimiento. Informe Litoral, nos informamos.","sameAs":["http:\/\/www.isletasnoticias.com.ar"],"url":"https:\/\/informelitoral.com.ar\/author\/gonzalo\/"}]}},"_links":{"self":[{"href":"https:\/\/informelitoral.com.ar\/%77%70%2d%6a%73%6f%6e\/wp\/v2\/posts\/245500","targetHints":{"allow":["GET"]}}],"collection":[{"href":"https:\/\/informelitoral.com.ar\/%77%70%2d%6a%73%6f%6e\/wp\/v2\/posts"}],"about":[{"href":"https:\/\/informelitoral.com.ar\/%77%70%2d%6a%73%6f%6e\/wp\/v2\/types\/post"}],"author":[{"embeddable":true,"href":"https:\/\/informelitoral.com.ar\/%77%70%2d%6a%73%6f%6e\/wp\/v2\/users\/2"}],"replies":[{"embeddable":true,"href":"https:\/\/informelitoral.com.ar\/%77%70%2d%6a%73%6f%6e\/wp\/v2\/comments?post=245500"}],"version-history":[{"count":1,"href":"https:\/\/informelitoral.com.ar\/%77%70%2d%6a%73%6f%6e\/wp\/v2\/posts\/245500\/revisions"}],"predecessor-version":[{"id":245501,"href":"https:\/\/informelitoral.com.ar\/%77%70%2d%6a%73%6f%6e\/wp\/v2\/posts\/245500\/revisions\/245501"}],"wp:featuredmedia":[{"embeddable":true,"href":"https:\/\/informelitoral.com.ar\/%77%70%2d%6a%73%6f%6e\/wp\/v2\/media\/63324"}],"wp:attachment":[{"href":"https:\/\/informelitoral.com.ar\/%77%70%2d%6a%73%6f%6e\/wp\/v2\/media?parent=245500"}],"wp:term":[{"taxonomy":"category","embeddable":true,"href":"https:\/\/informelitoral.com.ar\/%77%70%2d%6a%73%6f%6e\/wp\/v2\/categories?post=245500"},{"taxonomy":"post_tag","embeddable":true,"href":"https:\/\/informelitoral.com.ar\/%77%70%2d%6a%73%6f%6e\/wp\/v2\/tags?post=245500"}],"curies":[{"name":"wp","href":"https:\/\/api.w.org\/{rel}","templated":true}]}}