{"id":245416,"date":"2026-01-02T10:31:23","date_gmt":"2026-01-02T13:31:23","guid":{"rendered":"https:\/\/informelitoral.com.ar\/?p=245416"},"modified":"2026-01-02T10:31:23","modified_gmt":"2026-01-02T13:31:23","slug":"el-gobierno-subio-el-precio-de-los-biocombustibles-y-los-impuestos-a-las-naftas","status":"publish","type":"post","link":"https:\/\/informelitoral.com.ar\/el-gobierno-subio-el-precio-de-los-biocombustibles-y-los-impuestos-a-las-naftas\/","title":{"rendered":"El Gobierno subi\u00f3 el precio de los biocombustibles y los impuestos a las naftas"},"content":{"rendered":"<p data-path-to-node=\"4\">El primer viernes de 2026 trajo novedades para el sector energ\u00e9tico. El Gobierno Nacional oficializ\u00f3 un esquema de subas que presiona los precios de los combustibles l\u00edquidos en todo el pa\u00eds. La medida combina una actualizaci\u00f3n en los costos de los <b data-path-to-node=\"4\" data-index-in-node=\"264\">biocombustibles<\/b> (bioetanol y biodiesel) y una nueva aplicaci\u00f3n parcial de los <b data-path-to-node=\"4\" data-index-in-node=\"342\">impuestos fijos<\/b> que gravan al sector.<\/p>\n<p data-path-to-node=\"5\"><b data-path-to-node=\"5\" data-index-in-node=\"0\">Nuevos valores para los biocombustibles<\/b> De acuerdo con lo publicado en el Bolet\u00edn Oficial, el precio del <b data-path-to-node=\"5\" data-index-in-node=\"105\">bioetanol<\/b> \u2014producido a base de ca\u00f1a de az\u00facar y ma\u00edz\u2014 sufri\u00f3 un aumento del <b data-path-to-node=\"5\" data-index-in-node=\"181\">1,3%<\/b>, situ\u00e1ndose en <b data-path-to-node=\"5\" data-index-in-node=\"201\">$976,45<\/b> y <b data-path-to-node=\"5\" data-index-in-node=\"211\">$894,94<\/b> por litro, respectivamente. Por su parte, el <b data-path-to-node=\"5\" data-index-in-node=\"264\">biodiesel<\/b>, utilizado para la mezcla obligatoria con el gasoil, escal\u00f3 hasta los <b data-path-to-node=\"5\" data-index-in-node=\"344\">$1.797.881 por tonelada<\/b>.<\/p>\n<p data-path-to-node=\"6\">Dado que por ley la nafta y el gasoil deben contener un corte obligatorio de estos componentes (de entre un 7,5% y un 12%), este encarecimiento en la producci\u00f3n se traslada de manera casi autom\u00e1tica al precio final que paga el usuario.<\/p>\n<p data-path-to-node=\"7\"><b data-path-to-node=\"7\" data-index-in-node=\"0\">El peso de los impuestos en el litro<\/b> Sumado al costo de los insumos, el Gobierno volvi\u00f3 a aplicar una suba parcial en el <b data-path-to-node=\"7\" data-index-in-node=\"121\">Impuesto al Combustible L\u00edquido (ICL)<\/b> y al <b data-path-to-node=\"7\" data-index-in-node=\"164\">Di\u00f3xido de Carbono (IDC)<\/b>. Seg\u00fan los c\u00e1lculos t\u00e9cnicos, este ajuste impositivo representa:<\/p>\n<ul data-path-to-node=\"8\">\n<li>\n<p data-path-to-node=\"8,0,0\"><b data-path-to-node=\"8,0,0\" data-index-in-node=\"0\">Nafta s\u00faper:<\/b> un incremento base de <b data-path-to-node=\"8,0,0\" data-index-in-node=\"35\">$17,29<\/b> por litro.<\/p>\n<\/li>\n<li>\n<p data-path-to-node=\"8,1,0\"><b data-path-to-node=\"8,1,0\" data-index-in-node=\"0\">Gasoil:<\/b> un incremento base de <b data-path-to-node=\"8,1,0\" data-index-in-node=\"30\">$14,39<\/b> por litro.<\/p>\n<\/li>\n<li>\n<p data-path-to-node=\"8,2,0\"><b data-path-to-node=\"8,2,0\" data-index-in-node=\"0\">Adicional por IDC:<\/b> entre <b data-path-to-node=\"8,2,0\" data-index-in-node=\"25\">$1,05<\/b> y <b data-path-to-node=\"8,2,0\" data-index-in-node=\"33\">$1,64<\/b> extra por litro, dependiendo del combustible.<\/p>\n<\/li>\n<\/ul>\n<p data-path-to-node=\"9\"><b data-path-to-node=\"9\" data-index-in-node=\"0\">Impacto en los surtidores<\/b> Este combo de aumentos asegura que enero sea un mes de presi\u00f3n inflacionaria en el transporte. Las petroleras comenzaron a actualizar sus pizarras en las \u00faltimas horas para reflejar estos nuevos costos operativos y tributarios. La medida se enmarca en el nuevo esquema de subsidios y la desregulaci\u00f3n de precios que busca normalizar el mercado energ\u00e9tico nacional.<\/p>\n","protected":false},"excerpt":{"rendered":"<p>A trav\u00e9s de las Resoluciones 611 y 612 de la Secretar\u00eda de Energ\u00eda, se oficializ\u00f3 un incremento del 1,3% en los componentes de mezcla. Adem\u00e1s, se aplic\u00f3 un ajuste en los impuestos ICL e IDC que impactar\u00e1 directamente en el surtidor.<\/p>\n","protected":false},"author":8,"featured_media":193748,"comment_status":"open","ping_status":"open","sticky":false,"template":"","format":"standard","meta":{"fifu_image_url":"","fifu_image_alt":"","footnotes":""},"categories":[1594],"tags":[155,455],"class_list":{"0":"post-245416","1":"post","2":"type-post","3":"status-publish","4":"format-standard","5":"has-post-thumbnail","7":"category-economia","8":"tag-aumentos","9":"tag-biocombustibles"},"yoast_head":"<title>El Gobierno subi\u00f3 el precio de los biocombustibles y los impuestos a las naftas - Informe Litoral<\/title>\n<meta name=\"robots\" content=\"index, follow, max-snippet:-1, max-image-preview:large, max-video-preview:-1\" \/>\n<link rel=\"canonical\" href=\"https:\/\/informelitoral.com.ar\/el-gobierno-subio-el-precio-de-los-biocombustibles-y-los-impuestos-a-las-naftas\/\" \/>\n<meta property=\"og:locale\" content=\"es_ES\" \/>\n<meta property=\"og:type\" content=\"article\" \/>\n<meta property=\"og:title\" content=\"El Gobierno subi\u00f3 el precio de los biocombustibles y los impuestos a las naftas - Informe Litoral\" \/>\n<meta property=\"og:description\" content=\"A trav\u00e9s de las Resoluciones 611 y 612 de la Secretar\u00eda de Energ\u00eda, se oficializ\u00f3 un incremento del 1,3% en los componentes de mezcla. Adem\u00e1s, se aplic\u00f3 un ajuste en los impuestos ICL e IDC que impactar\u00e1 directamente en el surtidor.\" \/>\n<meta property=\"og:url\" content=\"https:\/\/informelitoral.com.ar\/el-gobierno-subio-el-precio-de-los-biocombustibles-y-los-impuestos-a-las-naftas\/\" \/>\n<meta property=\"og:site_name\" content=\"Informe Litoral\" \/>\n<meta property=\"article:publisher\" content=\"https:\/\/www.facebook.com\/informelitoral\/\" \/>\n<meta property=\"article:published_time\" content=\"2026-01-02T13:31:23+00:00\" \/>\n<meta property=\"og:image\" content=\"https:\/\/informelitoral.com.ar\/%77%70%2d%63%6f%6e%74%65%6e%74\/uploads\/2024\/08\/bioetanol-biocombustiblesjpg.webp\" \/>\n\t<meta property=\"og:image:width\" content=\"655\" \/>\n\t<meta property=\"og:image:height\" content=\"368\" \/>\n\t<meta property=\"og:image:type\" content=\"image\/webp\" \/>\n<meta name=\"author\" content=\"Sebastian\" \/>\n<meta name=\"twitter:card\" content=\"summary_large_image\" \/>\n<meta name=\"twitter:creator\" content=\"@InformeLitoral\" \/>\n<meta name=\"twitter:site\" content=\"@InformeLitoral\" \/>\n<meta name=\"twitter:label1\" content=\"Escrito por\" \/>\n\t<meta name=\"twitter:data1\" content=\"Sebastian\" \/>\n\t<meta name=\"twitter:label2\" content=\"Tiempo de lectura\" \/>\n\t<meta name=\"twitter:data2\" content=\"2 minutos\" \/>\n<script type=\"application\/ld+json\" class=\"yoast-schema-graph\">{\"@context\":\"https:\\\/\\\/schema.org\",\"@graph\":[{\"@type\":\"Article\",\"@id\":\"https:\\\/\\\/informelitoral.com.ar\\\/el-gobierno-subio-el-precio-de-los-biocombustibles-y-los-impuestos-a-las-naftas\\\/#article\",\"isPartOf\":{\"@id\":\"https:\\\/\\\/informelitoral.com.ar\\\/el-gobierno-subio-el-precio-de-los-biocombustibles-y-los-impuestos-a-las-naftas\\\/\"},\"author\":{\"name\":\"Sebastian\",\"@id\":\"https:\\\/\\\/informelitoral.com.ar\\\/#\\\/schema\\\/person\\\/f05f9f461677119578717524b127d6d5\"},\"headline\":\"El Gobierno subi\u00f3 el precio de los biocombustibles y los impuestos a las naftas\",\"datePublished\":\"2026-01-02T13:31:23+00:00\",\"mainEntityOfPage\":{\"@id\":\"https:\\\/\\\/informelitoral.com.ar\\\/el-gobierno-subio-el-precio-de-los-biocombustibles-y-los-impuestos-a-las-naftas\\\/\"},\"wordCount\":317,\"commentCount\":0,\"publisher\":{\"@id\":\"https:\\\/\\\/informelitoral.com.ar\\\/#organization\"},\"image\":{\"@id\":\"https:\\\/\\\/informelitoral.com.ar\\\/el-gobierno-subio-el-precio-de-los-biocombustibles-y-los-impuestos-a-las-naftas\\\/#primaryimage\"},\"thumbnailUrl\":\"https:\\\/\\\/informelitoral.com.ar\\\/%77%70%2d%63%6f%6e%74%65%6e%74\\\/uploads\\\/2024\\\/08\\\/bioetanol-biocombustiblesjpg.webp\",\"keywords\":[\"Aumentos\",\"Biocombustibles\"],\"articleSection\":[\"Econom\u00eda\"],\"inLanguage\":\"es\",\"potentialAction\":[{\"@type\":\"CommentAction\",\"name\":\"Comment\",\"target\":[\"https:\\\/\\\/informelitoral.com.ar\\\/el-gobierno-subio-el-precio-de-los-biocombustibles-y-los-impuestos-a-las-naftas\\\/#respond\"]}]},{\"@type\":\"WebPage\",\"@id\":\"https:\\\/\\\/informelitoral.com.ar\\\/el-gobierno-subio-el-precio-de-los-biocombustibles-y-los-impuestos-a-las-naftas\\\/\",\"url\":\"https:\\\/\\\/informelitoral.com.ar\\\/el-gobierno-subio-el-precio-de-los-biocombustibles-y-los-impuestos-a-las-naftas\\\/\",\"name\":\"El Gobierno subi\u00f3 el precio de los biocombustibles y los impuestos a las naftas - Informe Litoral\",\"isPartOf\":{\"@id\":\"https:\\\/\\\/informelitoral.com.ar\\\/#website\"},\"primaryImageOfPage\":{\"@id\":\"https:\\\/\\\/informelitoral.com.ar\\\/el-gobierno-subio-el-precio-de-los-biocombustibles-y-los-impuestos-a-las-naftas\\\/#primaryimage\"},\"image\":{\"@id\":\"https:\\\/\\\/informelitoral.com.ar\\\/el-gobierno-subio-el-precio-de-los-biocombustibles-y-los-impuestos-a-las-naftas\\\/#primaryimage\"},\"thumbnailUrl\":\"https:\\\/\\\/informelitoral.com.ar\\\/%77%70%2d%63%6f%6e%74%65%6e%74\\\/uploads\\\/2024\\\/08\\\/bioetanol-biocombustiblesjpg.webp\",\"datePublished\":\"2026-01-02T13:31:23+00:00\",\"breadcrumb\":{\"@id\":\"https:\\\/\\\/informelitoral.com.ar\\\/el-gobierno-subio-el-precio-de-los-biocombustibles-y-los-impuestos-a-las-naftas\\\/#breadcrumb\"},\"inLanguage\":\"es\",\"potentialAction\":[{\"@type\":\"ReadAction\",\"target\":[\"https:\\\/\\\/informelitoral.com.ar\\\/el-gobierno-subio-el-precio-de-los-biocombustibles-y-los-impuestos-a-las-naftas\\\/\"]}]},{\"@type\":\"ImageObject\",\"inLanguage\":\"es\",\"@id\":\"https:\\\/\\\/informelitoral.com.ar\\\/el-gobierno-subio-el-precio-de-los-biocombustibles-y-los-impuestos-a-las-naftas\\\/#primaryimage\",\"url\":\"https:\\\/\\\/informelitoral.com.ar\\\/%77%70%2d%63%6f%6e%74%65%6e%74\\\/uploads\\\/2024\\\/08\\\/bioetanol-biocombustiblesjpg.webp\",\"contentUrl\":\"https:\\\/\\\/informelitoral.com.ar\\\/%77%70%2d%63%6f%6e%74%65%6e%74\\\/uploads\\\/2024\\\/08\\\/bioetanol-biocombustiblesjpg.webp\",\"width\":655,\"height\":368},{\"@type\":\"BreadcrumbList\",\"@id\":\"https:\\\/\\\/informelitoral.com.ar\\\/el-gobierno-subio-el-precio-de-los-biocombustibles-y-los-impuestos-a-las-naftas\\\/#breadcrumb\",\"itemListElement\":[{\"@type\":\"ListItem\",\"position\":1,\"name\":\"Portada\",\"item\":\"https:\\\/\\\/informelitoral.com.ar\\\/\"},{\"@type\":\"ListItem\",\"position\":2,\"name\":\"El Gobierno subi\u00f3 el precio de los biocombustibles y los impuestos a las naftas\"}]},{\"@type\":\"WebSite\",\"@id\":\"https:\\\/\\\/informelitoral.com.ar\\\/#website\",\"url\":\"https:\\\/\\\/informelitoral.com.ar\\\/\",\"name\":\"Informe Litoral\",\"description\":\"&quot;Nos informamos&quot; \",\"publisher\":{\"@id\":\"https:\\\/\\\/informelitoral.com.ar\\\/#organization\"},\"potentialAction\":[{\"@type\":\"SearchAction\",\"target\":{\"@type\":\"EntryPoint\",\"urlTemplate\":\"https:\\\/\\\/informelitoral.com.ar\\\/?s={search_term_string}\"},\"query-input\":{\"@type\":\"PropertyValueSpecification\",\"valueRequired\":true,\"valueName\":\"search_term_string\"}}],\"inLanguage\":\"es\"},{\"@type\":\"Organization\",\"@id\":\"https:\\\/\\\/informelitoral.com.ar\\\/#organization\",\"name\":\"Informe Litoral\",\"url\":\"https:\\\/\\\/informelitoral.com.ar\\\/\",\"logo\":{\"@type\":\"ImageObject\",\"inLanguage\":\"es\",\"@id\":\"https:\\\/\\\/informelitoral.com.ar\\\/#\\\/schema\\\/logo\\\/image\\\/\",\"url\":\"https:\\\/\\\/informelitoral.com.ar\\\/%77%70%2d%63%6f%6e%74%65%6e%74\\\/uploads\\\/2021\\\/01\\\/circulo.png\",\"contentUrl\":\"https:\\\/\\\/informelitoral.com.ar\\\/%77%70%2d%63%6f%6e%74%65%6e%74\\\/uploads\\\/2021\\\/01\\\/circulo.png\",\"width\":723,\"height\":731,\"caption\":\"Informe Litoral\"},\"image\":{\"@id\":\"https:\\\/\\\/informelitoral.com.ar\\\/#\\\/schema\\\/logo\\\/image\\\/\"},\"sameAs\":[\"https:\\\/\\\/www.facebook.com\\\/informelitoral\\\/\",\"https:\\\/\\\/x.com\\\/InformeLitoral\",\"https:\\\/\\\/www.instagram.com\\\/informelitoral\\\/\",\"https:\\\/\\\/www.youtube.com\\\/channel\\\/UCua4Qvz8Icb6MYqhoq9xLXw\"]},{\"@type\":\"Person\",\"@id\":\"https:\\\/\\\/informelitoral.com.ar\\\/#\\\/schema\\\/person\\\/f05f9f461677119578717524b127d6d5\",\"name\":\"Sebastian\",\"image\":{\"@type\":\"ImageObject\",\"inLanguage\":\"es\",\"@id\":\"https:\\\/\\\/secure.gravatar.com\\\/avatar\\\/b71bf7481d447dfb9583c7f2798e7cc64de6efb9067b74633ed8c31059a3bd82?s=96&d=mm&r=g\",\"url\":\"https:\\\/\\\/secure.gravatar.com\\\/avatar\\\/b71bf7481d447dfb9583c7f2798e7cc64de6efb9067b74633ed8c31059a3bd82?s=96&d=mm&r=g\",\"contentUrl\":\"https:\\\/\\\/secure.gravatar.com\\\/avatar\\\/b71bf7481d447dfb9583c7f2798e7cc64de6efb9067b74633ed8c31059a3bd82?s=96&d=mm&r=g\",\"caption\":\"Sebastian\"},\"url\":\"https:\\\/\\\/informelitoral.com.ar\\\/author\\\/sebastian\\\/\"}]}<\/script>","yoast_head_json":{"title":"El Gobierno subi\u00f3 el precio de los biocombustibles y los impuestos a las naftas - Informe Litoral","robots":{"index":"index","follow":"follow","max-snippet":"max-snippet:-1","max-image-preview":"max-image-preview:large","max-video-preview":"max-video-preview:-1"},"canonical":"https:\/\/informelitoral.com.ar\/el-gobierno-subio-el-precio-de-los-biocombustibles-y-los-impuestos-a-las-naftas\/","og_locale":"es_ES","og_type":"article","og_title":"El Gobierno subi\u00f3 el precio de los biocombustibles y los impuestos a las naftas - Informe Litoral","og_description":"A trav\u00e9s de las Resoluciones 611 y 612 de la Secretar\u00eda de Energ\u00eda, se oficializ\u00f3 un incremento del 1,3% en los componentes de mezcla. Adem\u00e1s, se aplic\u00f3 un ajuste en los impuestos ICL e IDC que impactar\u00e1 directamente en el surtidor.","og_url":"https:\/\/informelitoral.com.ar\/el-gobierno-subio-el-precio-de-los-biocombustibles-y-los-impuestos-a-las-naftas\/","og_site_name":"Informe Litoral","article_publisher":"https:\/\/www.facebook.com\/informelitoral\/","article_published_time":"2026-01-02T13:31:23+00:00","og_image":[{"width":655,"height":368,"url":"https:\/\/informelitoral.com.ar\/%77%70%2d%63%6f%6e%74%65%6e%74\/uploads\/2024\/08\/bioetanol-biocombustiblesjpg.webp","type":"image\/webp"}],"author":"Sebastian","twitter_card":"summary_large_image","twitter_creator":"@InformeLitoral","twitter_site":"@InformeLitoral","twitter_misc":{"Escrito por":"Sebastian","Tiempo de lectura":"2 minutos"},"schema":{"@context":"https:\/\/schema.org","@graph":[{"@type":"Article","@id":"https:\/\/informelitoral.com.ar\/el-gobierno-subio-el-precio-de-los-biocombustibles-y-los-impuestos-a-las-naftas\/#article","isPartOf":{"@id":"https:\/\/informelitoral.com.ar\/el-gobierno-subio-el-precio-de-los-biocombustibles-y-los-impuestos-a-las-naftas\/"},"author":{"name":"Sebastian","@id":"https:\/\/informelitoral.com.ar\/#\/schema\/person\/f05f9f461677119578717524b127d6d5"},"headline":"El Gobierno subi\u00f3 el precio de los biocombustibles y los impuestos a las naftas","datePublished":"2026-01-02T13:31:23+00:00","mainEntityOfPage":{"@id":"https:\/\/informelitoral.com.ar\/el-gobierno-subio-el-precio-de-los-biocombustibles-y-los-impuestos-a-las-naftas\/"},"wordCount":317,"commentCount":0,"publisher":{"@id":"https:\/\/informelitoral.com.ar\/#organization"},"image":{"@id":"https:\/\/informelitoral.com.ar\/el-gobierno-subio-el-precio-de-los-biocombustibles-y-los-impuestos-a-las-naftas\/#primaryimage"},"thumbnailUrl":"https:\/\/informelitoral.com.ar\/%77%70%2d%63%6f%6e%74%65%6e%74\/uploads\/2024\/08\/bioetanol-biocombustiblesjpg.webp","keywords":["Aumentos","Biocombustibles"],"articleSection":["Econom\u00eda"],"inLanguage":"es","potentialAction":[{"@type":"CommentAction","name":"Comment","target":["https:\/\/informelitoral.com.ar\/el-gobierno-subio-el-precio-de-los-biocombustibles-y-los-impuestos-a-las-naftas\/#respond"]}]},{"@type":"WebPage","@id":"https:\/\/informelitoral.com.ar\/el-gobierno-subio-el-precio-de-los-biocombustibles-y-los-impuestos-a-las-naftas\/","url":"https:\/\/informelitoral.com.ar\/el-gobierno-subio-el-precio-de-los-biocombustibles-y-los-impuestos-a-las-naftas\/","name":"El Gobierno subi\u00f3 el precio de los biocombustibles y los impuestos a las naftas - Informe Litoral","isPartOf":{"@id":"https:\/\/informelitoral.com.ar\/#website"},"primaryImageOfPage":{"@id":"https:\/\/informelitoral.com.ar\/el-gobierno-subio-el-precio-de-los-biocombustibles-y-los-impuestos-a-las-naftas\/#primaryimage"},"image":{"@id":"https:\/\/informelitoral.com.ar\/el-gobierno-subio-el-precio-de-los-biocombustibles-y-los-impuestos-a-las-naftas\/#primaryimage"},"thumbnailUrl":"https:\/\/informelitoral.com.ar\/%77%70%2d%63%6f%6e%74%65%6e%74\/uploads\/2024\/08\/bioetanol-biocombustiblesjpg.webp","datePublished":"2026-01-02T13:31:23+00:00","breadcrumb":{"@id":"https:\/\/informelitoral.com.ar\/el-gobierno-subio-el-precio-de-los-biocombustibles-y-los-impuestos-a-las-naftas\/#breadcrumb"},"inLanguage":"es","potentialAction":[{"@type":"ReadAction","target":["https:\/\/informelitoral.com.ar\/el-gobierno-subio-el-precio-de-los-biocombustibles-y-los-impuestos-a-las-naftas\/"]}]},{"@type":"ImageObject","inLanguage":"es","@id":"https:\/\/informelitoral.com.ar\/el-gobierno-subio-el-precio-de-los-biocombustibles-y-los-impuestos-a-las-naftas\/#primaryimage","url":"https:\/\/informelitoral.com.ar\/%77%70%2d%63%6f%6e%74%65%6e%74\/uploads\/2024\/08\/bioetanol-biocombustiblesjpg.webp","contentUrl":"https:\/\/informelitoral.com.ar\/%77%70%2d%63%6f%6e%74%65%6e%74\/uploads\/2024\/08\/bioetanol-biocombustiblesjpg.webp","width":655,"height":368},{"@type":"BreadcrumbList","@id":"https:\/\/informelitoral.com.ar\/el-gobierno-subio-el-precio-de-los-biocombustibles-y-los-impuestos-a-las-naftas\/#breadcrumb","itemListElement":[{"@type":"ListItem","position":1,"name":"Portada","item":"https:\/\/informelitoral.com.ar\/"},{"@type":"ListItem","position":2,"name":"El Gobierno subi\u00f3 el precio de los biocombustibles y los impuestos a las naftas"}]},{"@type":"WebSite","@id":"https:\/\/informelitoral.com.ar\/#website","url":"https:\/\/informelitoral.com.ar\/","name":"Informe Litoral","description":"&quot;Nos informamos&quot; ","publisher":{"@id":"https:\/\/informelitoral.com.ar\/#organization"},"potentialAction":[{"@type":"SearchAction","target":{"@type":"EntryPoint","urlTemplate":"https:\/\/informelitoral.com.ar\/?s={search_term_string}"},"query-input":{"@type":"PropertyValueSpecification","valueRequired":true,"valueName":"search_term_string"}}],"inLanguage":"es"},{"@type":"Organization","@id":"https:\/\/informelitoral.com.ar\/#organization","name":"Informe Litoral","url":"https:\/\/informelitoral.com.ar\/","logo":{"@type":"ImageObject","inLanguage":"es","@id":"https:\/\/informelitoral.com.ar\/#\/schema\/logo\/image\/","url":"https:\/\/informelitoral.com.ar\/%77%70%2d%63%6f%6e%74%65%6e%74\/uploads\/2021\/01\/circulo.png","contentUrl":"https:\/\/informelitoral.com.ar\/%77%70%2d%63%6f%6e%74%65%6e%74\/uploads\/2021\/01\/circulo.png","width":723,"height":731,"caption":"Informe Litoral"},"image":{"@id":"https:\/\/informelitoral.com.ar\/#\/schema\/logo\/image\/"},"sameAs":["https:\/\/www.facebook.com\/informelitoral\/","https:\/\/x.com\/InformeLitoral","https:\/\/www.instagram.com\/informelitoral\/","https:\/\/www.youtube.com\/channel\/UCua4Qvz8Icb6MYqhoq9xLXw"]},{"@type":"Person","@id":"https:\/\/informelitoral.com.ar\/#\/schema\/person\/f05f9f461677119578717524b127d6d5","name":"Sebastian","image":{"@type":"ImageObject","inLanguage":"es","@id":"https:\/\/secure.gravatar.com\/avatar\/b71bf7481d447dfb9583c7f2798e7cc64de6efb9067b74633ed8c31059a3bd82?s=96&d=mm&r=g","url":"https:\/\/secure.gravatar.com\/avatar\/b71bf7481d447dfb9583c7f2798e7cc64de6efb9067b74633ed8c31059a3bd82?s=96&d=mm&r=g","contentUrl":"https:\/\/secure.gravatar.com\/avatar\/b71bf7481d447dfb9583c7f2798e7cc64de6efb9067b74633ed8c31059a3bd82?s=96&d=mm&r=g","caption":"Sebastian"},"url":"https:\/\/informelitoral.com.ar\/author\/sebastian\/"}]}},"_links":{"self":[{"href":"https:\/\/informelitoral.com.ar\/%77%70%2d%6a%73%6f%6e\/wp\/v2\/posts\/245416","targetHints":{"allow":["GET"]}}],"collection":[{"href":"https:\/\/informelitoral.com.ar\/%77%70%2d%6a%73%6f%6e\/wp\/v2\/posts"}],"about":[{"href":"https:\/\/informelitoral.com.ar\/%77%70%2d%6a%73%6f%6e\/wp\/v2\/types\/post"}],"author":[{"embeddable":true,"href":"https:\/\/informelitoral.com.ar\/%77%70%2d%6a%73%6f%6e\/wp\/v2\/users\/8"}],"replies":[{"embeddable":true,"href":"https:\/\/informelitoral.com.ar\/%77%70%2d%6a%73%6f%6e\/wp\/v2\/comments?post=245416"}],"version-history":[{"count":1,"href":"https:\/\/informelitoral.com.ar\/%77%70%2d%6a%73%6f%6e\/wp\/v2\/posts\/245416\/revisions"}],"predecessor-version":[{"id":245417,"href":"https:\/\/informelitoral.com.ar\/%77%70%2d%6a%73%6f%6e\/wp\/v2\/posts\/245416\/revisions\/245417"}],"wp:featuredmedia":[{"embeddable":true,"href":"https:\/\/informelitoral.com.ar\/%77%70%2d%6a%73%6f%6e\/wp\/v2\/media\/193748"}],"wp:attachment":[{"href":"https:\/\/informelitoral.com.ar\/%77%70%2d%6a%73%6f%6e\/wp\/v2\/media?parent=245416"}],"wp:term":[{"taxonomy":"category","embeddable":true,"href":"https:\/\/informelitoral.com.ar\/%77%70%2d%6a%73%6f%6e\/wp\/v2\/categories?post=245416"},{"taxonomy":"post_tag","embeddable":true,"href":"https:\/\/informelitoral.com.ar\/%77%70%2d%6a%73%6f%6e\/wp\/v2\/tags?post=245416"}],"curies":[{"name":"wp","href":"https:\/\/api.w.org\/{rel}","templated":true}]}}