{"id":245334,"date":"2026-01-01T06:52:30","date_gmt":"2026-01-01T09:52:30","guid":{"rendered":"https:\/\/informelitoral.com.ar\/?p=245334"},"modified":"2026-01-01T11:57:50","modified_gmt":"2026-01-01T14:57:50","slug":"tragedia-en-suiza-al-menos-40-muertos-por-un-incendio-durante-una-fiesta-de-fin-de-ano","status":"publish","type":"post","link":"https:\/\/informelitoral.com.ar\/tragedia-en-suiza-al-menos-40-muertos-por-un-incendio-durante-una-fiesta-de-fin-de-ano\/","title":{"rendered":"Tragedia en Suiza: al menos 40 muertos por un incendio durante una fiesta de Fin de A\u00f1o"},"content":{"rendered":"<section class=\"detail-body first-paragraph\">\n<section id=\"note-body\" class=\"body-content note-body content-protected-false\" data-twitter-link=\"https:\/\/twitter.com\/intent\/tweet?url=https:\/\/www.minutouno.com\/c6229758&amp;v\u00eda=Ambitocom&amp;related=MinutoUno&amp;text=\">Un\u00a0<strong>incendio<\/strong>\u00a0desatado durante una fiesta de A\u00f1o Nuevo dej\u00f3 al menos varias personas muertas y m\u00e1s de un centenar de heridos en un bar colmado de la exclusiva estaci\u00f3n de esqu\u00ed suiza de\u00a0<strong>Crans-Montana<\/strong>, inform\u00f3 este jueves la polic\u00eda.<\/p>\n<\/section>\n<\/section>\n<section class=\"detail-body second-paragraph\">\n<section class=\"body-content note-body content-protected-false\">\n<p class=\"\">El siniestro se inici\u00f3 a la 1.30 (hora local) por un\u00a0<strong>\u201cfuego de origen indeterminado\u201d<\/strong>\u00a0<strong>dentro del local\u00a0<\/strong>muy concurrido por turistas, indic\u00f3 en un comunicado la polic\u00eda del cant\u00f3n de Valais, en el suroeste de Suiza.<\/p>\n<p class=\"\">\u00abA la hora en que les hablo contabilizamos un centenar de personas heridas, muchas gravemente, as\u00ed como decenas de personas que presumiblemente han fallecido, dijo el comandante de la Polic\u00eda Cantonal de Valais, Frederic Gisler.<\/p>\n<\/section>\n<\/section>\n<section class=\"detail-body\">\n<section class=\"body-content note-body content-protected-false\">\u00abLa prioridad es la medicina legal para ayudarnos a\u00a0<strong>identificar a las personas fallecidas<\/strong>\u00ab, indic\u00f3 por su parte la procuradora general del cant\u00f3n de Valais, Beatrice Pilloud.<\/p>\n<p>El Ministerio de Asuntos Exteriores de Italia, citando a la polic\u00eda suiza, afirm\u00f3 que <strong>son aproximadamente 40 las v\u00edctimas fatales<\/strong>, pero el dato a\u00fan no fue confirmado oficialmente.<\/p>\n<\/section>\n<\/section>\n<section class=\"detail-body\">\n<section class=\"body-content note-body content-protected-false\">Las autoridades han indicado igualmente que es muy probable que entre las numerosas v\u00edctimas\u00a0<strong>haya varios extranjeros<\/strong>, ya que Crans Montana es una estaci\u00f3n muy visitada por los esquiadores en el periodo de fin de a\u00f1o.<\/p>\n<p>\u00abEn vista de la magnitud de este drama se puede entender que apenas estamos al inicio de las investigaciones y no hemos podido identificar a todas las v\u00edctimas, pero es probable que en una estaci\u00f3n tan internacional como Crans habr\u00e1 que lamentar v\u00edctimas del extranjero\u00bb, dijo Gisler a<em>\u00a0EFE<\/em>.<\/p>\n<div style=\"width: 640px;\" class=\"wp-video\"><video class=\"wp-video-shortcode\" id=\"video-245334-1\" width=\"640\" height=\"360\" preload=\"metadata\" controls=\"controls\"><source type=\"video\/mp4\" src=\"https:\/\/informelitoral.com.ar\/?igd_stream=1&#038;id=1Ie-9ZRGcnLRJDFnxmxSDLlgNSOoTjJnm&#038;account_id=13517026018549357863&#038;ext=.mp4&#038;_=1\" \/><a href=\"https:\/\/informelitoral.com.ar\/?igd_stream=1&#038;id=1Ie-9ZRGcnLRJDFnxmxSDLlgNSOoTjJnm&#038;account_id=13517026018549357863&#038;ext=.mp4\">https:\/\/informelitoral.com.ar\/?igd_stream=1&#038;id=1Ie-9ZRGcnLRJDFnxmxSDLlgNSOoTjJnm&#038;account_id=13517026018549357863&#038;ext=.mp4<\/a><\/video><\/div>\n<p>Los heridos han sido trasladados a diversos hospitales y los m\u00e1s graves al Hospital de Sion, capital del cant\u00f3n de Valais, donde las salas de operaciones y la unidad de cuidados intensivos est\u00e1n repletas, indic\u00f3 el responsable cantonal de Sanidad, Mathias Reynard.<\/p>\n<p class=\"\">La polic\u00eda se\u00f1al\u00f3 que la zona est\u00e1 \u201ccompletamente cerrada al p\u00fablico\u201d y que \u201cse ha impuesto una zona de exclusi\u00f3n a\u00e9rea sobre Crans-Montana\u201d.<\/p>\n<p class=\"\">Un residente que afirm\u00f3 vivir cerca del lugar dijo al diario local 24 heures que \u201cla fiesta estaba en su apogeo\u201d cuando ocurri\u00f3 el incendio.<strong>\u00a0\u201cLa m\u00fasica y el champ\u00e1n corr\u00edan libremente\u201d,\u00a0<\/strong>afirm\u00f3.<\/p>\n<p>Seg\u00fan residentes entrevistados por EFE, el bar \u00abLe Constellation\u00bb se encontraba ubicado<strong>\u00a0en una suerte de subsuelo y se acced\u00eda por una escalera<\/strong>, lo que puede haber hecho dif\u00edcil que las v\u00edctimas escaparan.<\/p>\n<p>Ante esta tragedia se movilizaron m\u00e1s de diez helic\u00f3pteros, cuarenta ambulancias y 150 personas entre bomberos, rescatistas y otras profesiones vitales.<\/p>\n<h6><em><strong>Del archivo:\u00a0<a href=\"https:\/\/informelitoral.com.ar\/santa-fe-confirmaron-una-nueva-muerte-por-hantavirus-en-ibarlucea\/\" target=\"_blank\" rel=\"noopener\">Santa Fe: confirmaron una nueva muerte por hantavirus en Ibarlucea<\/a><\/strong><\/em><\/h6>\n<\/section>\n<\/section>\n","protected":false},"excerpt":{"rendered":"<p>Las autoridades descartaron la hip\u00f3tesis de un atentado en la estaci\u00f3n de esqu\u00ed donde se registr\u00f3 el tr\u00e1gico incidente.<\/p>\n","protected":false},"author":2,"featured_media":245336,"comment_status":"open","ping_status":"open","sticky":false,"template":"","format":"standard","meta":{"fifu_image_url":"https:\/\/media.minutouno.com\/p\/63efb14caf4827b1784a4303b0bcecdc\/adjuntos\/150\/imagenes\/043\/068\/0043068278\/incendio-fiesta-fin-ano-suiza2.jpg","fifu_image_alt":"","footnotes":""},"categories":[8],"tags":[2223,2205,298],"class_list":{"0":"post-245334","1":"post","2":"type-post","3":"status-publish","4":"format-standard","5":"has-post-thumbnail","7":"category-internacionales","8":"tag-ano-nuevo","9":"tag-fin-de-ano","10":"tag-suiza"},"yoast_head":"<title>Tragedia en Suiza: al menos 40 muertos por un incendio durante una fiesta de Fin de A\u00f1o - Informe Litoral<\/title>\n<meta name=\"robots\" content=\"index, follow, max-snippet:-1, max-image-preview:large, max-video-preview:-1\" \/>\n<link rel=\"canonical\" href=\"https:\/\/informelitoral.com.ar\/tragedia-en-suiza-al-menos-40-muertos-por-un-incendio-durante-una-fiesta-de-fin-de-ano\/\" \/>\n<meta property=\"og:locale\" content=\"es_ES\" \/>\n<meta property=\"og:type\" content=\"article\" \/>\n<meta property=\"og:title\" content=\"Tragedia en Suiza: al menos 40 muertos por un incendio durante una fiesta de Fin de A\u00f1o - Informe Litoral\" \/>\n<meta property=\"og:description\" content=\"Las autoridades descartaron la hip\u00f3tesis de un atentado en la estaci\u00f3n de esqu\u00ed donde se registr\u00f3 el tr\u00e1gico incidente.\" \/>\n<meta property=\"og:url\" content=\"https:\/\/informelitoral.com.ar\/tragedia-en-suiza-al-menos-40-muertos-por-un-incendio-durante-una-fiesta-de-fin-de-ano\/\" \/>\n<meta property=\"og:site_name\" content=\"Informe Litoral\" \/>\n<meta property=\"article:publisher\" content=\"https:\/\/www.facebook.com\/informelitoral\/\" \/>\n<meta property=\"article:published_time\" content=\"2026-01-01T09:52:30+00:00\" \/>\n<meta property=\"article:modified_time\" content=\"2026-01-01T14:57:50+00:00\" \/>\n<meta property=\"og:image\" content=\"https:\/\/media.minutouno.com\/p\/63efb14caf4827b1784a4303b0bcecdc\/adjuntos\/150\/imagenes\/043\/068\/0043068278\/incendio-fiesta-fin-ano-suiza2.jpg\" \/>\n<meta name=\"author\" content=\"Gonzalo Schmidt\" \/>\n<meta name=\"twitter:card\" content=\"summary_large_image\" \/>\n<meta name=\"twitter:image\" content=\"https:\/\/media.minutouno.com\/p\/63efb14caf4827b1784a4303b0bcecdc\/adjuntos\/150\/imagenes\/043\/068\/0043068278\/incendio-fiesta-fin-ano-suiza2.jpg\" \/>\n<meta name=\"twitter:creator\" content=\"@InformeLitoral\" \/>\n<meta name=\"twitter:site\" content=\"@InformeLitoral\" \/>\n<meta name=\"twitter:label1\" content=\"Escrito por\" \/>\n\t<meta name=\"twitter:data1\" content=\"Gonzalo Schmidt\" \/>\n\t<meta name=\"twitter:label2\" content=\"Tiempo de lectura\" \/>\n\t<meta name=\"twitter:data2\" content=\"2 minutos\" \/>\n<script type=\"application\/ld+json\" class=\"yoast-schema-graph\">{\"@context\":\"https:\\\/\\\/schema.org\",\"@graph\":[{\"@type\":\"Article\",\"@id\":\"https:\\\/\\\/informelitoral.com.ar\\\/tragedia-en-suiza-al-menos-40-muertos-por-un-incendio-durante-una-fiesta-de-fin-de-ano\\\/#article\",\"isPartOf\":{\"@id\":\"https:\\\/\\\/informelitoral.com.ar\\\/tragedia-en-suiza-al-menos-40-muertos-por-un-incendio-durante-una-fiesta-de-fin-de-ano\\\/\"},\"author\":{\"name\":\"Gonzalo Schmidt\",\"@id\":\"https:\\\/\\\/informelitoral.com.ar\\\/#\\\/schema\\\/person\\\/b9d00407c836482871ef1d57bf8e3180\"},\"headline\":\"Tragedia en Suiza: al menos 40 muertos por un incendio durante una fiesta de Fin de A\u00f1o\",\"datePublished\":\"2026-01-01T09:52:30+00:00\",\"dateModified\":\"2026-01-01T14:57:50+00:00\",\"mainEntityOfPage\":{\"@id\":\"https:\\\/\\\/informelitoral.com.ar\\\/tragedia-en-suiza-al-menos-40-muertos-por-un-incendio-durante-una-fiesta-de-fin-de-ano\\\/\"},\"wordCount\":479,\"commentCount\":0,\"publisher\":{\"@id\":\"https:\\\/\\\/informelitoral.com.ar\\\/#organization\"},\"image\":{\"@id\":\"https:\\\/\\\/informelitoral.com.ar\\\/tragedia-en-suiza-al-menos-40-muertos-por-un-incendio-durante-una-fiesta-de-fin-de-ano\\\/#primaryimage\"},\"thumbnailUrl\":\"https:\\\/\\\/media.minutouno.com\\\/p\\\/63efb14caf4827b1784a4303b0bcecdc\\\/adjuntos\\\/150\\\/imagenes\\\/043\\\/068\\\/0043068278\\\/incendio-fiesta-fin-ano-suiza2.jpg\",\"keywords\":[\"A\u00f1o Nuevo\",\"Fin de A\u00f1o\",\"Suiza\"],\"articleSection\":[\"Internacionales\"],\"inLanguage\":\"es\",\"potentialAction\":[{\"@type\":\"CommentAction\",\"name\":\"Comment\",\"target\":[\"https:\\\/\\\/informelitoral.com.ar\\\/tragedia-en-suiza-al-menos-40-muertos-por-un-incendio-durante-una-fiesta-de-fin-de-ano\\\/#respond\"]}]},{\"@type\":\"WebPage\",\"@id\":\"https:\\\/\\\/informelitoral.com.ar\\\/tragedia-en-suiza-al-menos-40-muertos-por-un-incendio-durante-una-fiesta-de-fin-de-ano\\\/\",\"url\":\"https:\\\/\\\/informelitoral.com.ar\\\/tragedia-en-suiza-al-menos-40-muertos-por-un-incendio-durante-una-fiesta-de-fin-de-ano\\\/\",\"name\":\"Tragedia en Suiza: al menos 40 muertos por un incendio durante una fiesta de Fin de A\u00f1o - Informe Litoral\",\"isPartOf\":{\"@id\":\"https:\\\/\\\/informelitoral.com.ar\\\/#website\"},\"primaryImageOfPage\":{\"@id\":\"https:\\\/\\\/informelitoral.com.ar\\\/tragedia-en-suiza-al-menos-40-muertos-por-un-incendio-durante-una-fiesta-de-fin-de-ano\\\/#primaryimage\"},\"image\":{\"@id\":\"https:\\\/\\\/informelitoral.com.ar\\\/tragedia-en-suiza-al-menos-40-muertos-por-un-incendio-durante-una-fiesta-de-fin-de-ano\\\/#primaryimage\"},\"thumbnailUrl\":\"https:\\\/\\\/media.minutouno.com\\\/p\\\/63efb14caf4827b1784a4303b0bcecdc\\\/adjuntos\\\/150\\\/imagenes\\\/043\\\/068\\\/0043068278\\\/incendio-fiesta-fin-ano-suiza2.jpg\",\"datePublished\":\"2026-01-01T09:52:30+00:00\",\"dateModified\":\"2026-01-01T14:57:50+00:00\",\"breadcrumb\":{\"@id\":\"https:\\\/\\\/informelitoral.com.ar\\\/tragedia-en-suiza-al-menos-40-muertos-por-un-incendio-durante-una-fiesta-de-fin-de-ano\\\/#breadcrumb\"},\"inLanguage\":\"es\",\"potentialAction\":[{\"@type\":\"ReadAction\",\"target\":[\"https:\\\/\\\/informelitoral.com.ar\\\/tragedia-en-suiza-al-menos-40-muertos-por-un-incendio-durante-una-fiesta-de-fin-de-ano\\\/\"]}]},{\"@type\":\"ImageObject\",\"inLanguage\":\"es\",\"@id\":\"https:\\\/\\\/informelitoral.com.ar\\\/tragedia-en-suiza-al-menos-40-muertos-por-un-incendio-durante-una-fiesta-de-fin-de-ano\\\/#primaryimage\",\"url\":\"https:\\\/\\\/media.minutouno.com\\\/p\\\/63efb14caf4827b1784a4303b0bcecdc\\\/adjuntos\\\/150\\\/imagenes\\\/043\\\/068\\\/0043068278\\\/incendio-fiesta-fin-ano-suiza2.jpg\",\"contentUrl\":\"https:\\\/\\\/media.minutouno.com\\\/p\\\/63efb14caf4827b1784a4303b0bcecdc\\\/adjuntos\\\/150\\\/imagenes\\\/043\\\/068\\\/0043068278\\\/incendio-fiesta-fin-ano-suiza2.jpg\",\"width\":\"610\",\"height\":\"343\"},{\"@type\":\"BreadcrumbList\",\"@id\":\"https:\\\/\\\/informelitoral.com.ar\\\/tragedia-en-suiza-al-menos-40-muertos-por-un-incendio-durante-una-fiesta-de-fin-de-ano\\\/#breadcrumb\",\"itemListElement\":[{\"@type\":\"ListItem\",\"position\":1,\"name\":\"Portada\",\"item\":\"https:\\\/\\\/informelitoral.com.ar\\\/\"},{\"@type\":\"ListItem\",\"position\":2,\"name\":\"Tragedia en Suiza: al menos 40 muertos por un incendio durante una fiesta de Fin de A\u00f1o\"}]},{\"@type\":\"WebSite\",\"@id\":\"https:\\\/\\\/informelitoral.com.ar\\\/#website\",\"url\":\"https:\\\/\\\/informelitoral.com.ar\\\/\",\"name\":\"Informe Litoral\",\"description\":\"&quot;Nos informamos&quot; \",\"publisher\":{\"@id\":\"https:\\\/\\\/informelitoral.com.ar\\\/#organization\"},\"potentialAction\":[{\"@type\":\"SearchAction\",\"target\":{\"@type\":\"EntryPoint\",\"urlTemplate\":\"https:\\\/\\\/informelitoral.com.ar\\\/?s={search_term_string}\"},\"query-input\":{\"@type\":\"PropertyValueSpecification\",\"valueRequired\":true,\"valueName\":\"search_term_string\"}}],\"inLanguage\":\"es\"},{\"@type\":\"Organization\",\"@id\":\"https:\\\/\\\/informelitoral.com.ar\\\/#organization\",\"name\":\"Informe Litoral\",\"url\":\"https:\\\/\\\/informelitoral.com.ar\\\/\",\"logo\":{\"@type\":\"ImageObject\",\"inLanguage\":\"es\",\"@id\":\"https:\\\/\\\/informelitoral.com.ar\\\/#\\\/schema\\\/logo\\\/image\\\/\",\"url\":\"https:\\\/\\\/informelitoral.com.ar\\\/%77%70%2d%63%6f%6e%74%65%6e%74\\\/uploads\\\/2021\\\/01\\\/circulo.png\",\"contentUrl\":\"https:\\\/\\\/informelitoral.com.ar\\\/%77%70%2d%63%6f%6e%74%65%6e%74\\\/uploads\\\/2021\\\/01\\\/circulo.png\",\"width\":723,\"height\":731,\"caption\":\"Informe Litoral\"},\"image\":{\"@id\":\"https:\\\/\\\/informelitoral.com.ar\\\/#\\\/schema\\\/logo\\\/image\\\/\"},\"sameAs\":[\"https:\\\/\\\/www.facebook.com\\\/informelitoral\\\/\",\"https:\\\/\\\/x.com\\\/InformeLitoral\",\"https:\\\/\\\/www.instagram.com\\\/informelitoral\\\/\",\"https:\\\/\\\/www.youtube.com\\\/channel\\\/UCua4Qvz8Icb6MYqhoq9xLXw\"]},{\"@type\":\"Person\",\"@id\":\"https:\\\/\\\/informelitoral.com.ar\\\/#\\\/schema\\\/person\\\/b9d00407c836482871ef1d57bf8e3180\",\"name\":\"Gonzalo Schmidt\",\"image\":{\"@type\":\"ImageObject\",\"inLanguage\":\"es\",\"@id\":\"https:\\\/\\\/secure.gravatar.com\\\/avatar\\\/31a1a7b66ff2de83bd0e9fd79d026630d2d99e55e8bfe501287647b4fd9743de?s=96&d=mm&r=g\",\"url\":\"https:\\\/\\\/secure.gravatar.com\\\/avatar\\\/31a1a7b66ff2de83bd0e9fd79d026630d2d99e55e8bfe501287647b4fd9743de?s=96&d=mm&r=g\",\"contentUrl\":\"https:\\\/\\\/secure.gravatar.com\\\/avatar\\\/31a1a7b66ff2de83bd0e9fd79d026630d2d99e55e8bfe501287647b4fd9743de?s=96&d=mm&r=g\",\"caption\":\"Gonzalo Schmidt\"},\"description\":\"Sitio web de noticias de la provincia de Entre R\u00edos, Argentina. Informaci\u00f3n y entretenimiento. Informe Litoral, nos informamos.\",\"sameAs\":[\"http:\\\/\\\/www.isletasnoticias.com.ar\"],\"url\":\"https:\\\/\\\/informelitoral.com.ar\\\/author\\\/gonzalo\\\/\"}]}<\/script>","yoast_head_json":{"title":"Tragedia en Suiza: al menos 40 muertos por un incendio durante una fiesta de Fin de A\u00f1o - Informe Litoral","robots":{"index":"index","follow":"follow","max-snippet":"max-snippet:-1","max-image-preview":"max-image-preview:large","max-video-preview":"max-video-preview:-1"},"canonical":"https:\/\/informelitoral.com.ar\/tragedia-en-suiza-al-menos-40-muertos-por-un-incendio-durante-una-fiesta-de-fin-de-ano\/","og_locale":"es_ES","og_type":"article","og_title":"Tragedia en Suiza: al menos 40 muertos por un incendio durante una fiesta de Fin de A\u00f1o - Informe Litoral","og_description":"Las autoridades descartaron la hip\u00f3tesis de un atentado en la estaci\u00f3n de esqu\u00ed donde se registr\u00f3 el tr\u00e1gico incidente.","og_url":"https:\/\/informelitoral.com.ar\/tragedia-en-suiza-al-menos-40-muertos-por-un-incendio-durante-una-fiesta-de-fin-de-ano\/","og_site_name":"Informe Litoral","article_publisher":"https:\/\/www.facebook.com\/informelitoral\/","article_published_time":"2026-01-01T09:52:30+00:00","article_modified_time":"2026-01-01T14:57:50+00:00","og_image":[{"url":"https:\/\/media.minutouno.com\/p\/63efb14caf4827b1784a4303b0bcecdc\/adjuntos\/150\/imagenes\/043\/068\/0043068278\/incendio-fiesta-fin-ano-suiza2.jpg","type":"","width":"","height":""}],"author":"Gonzalo Schmidt","twitter_card":"summary_large_image","twitter_image":"https:\/\/media.minutouno.com\/p\/63efb14caf4827b1784a4303b0bcecdc\/adjuntos\/150\/imagenes\/043\/068\/0043068278\/incendio-fiesta-fin-ano-suiza2.jpg","twitter_creator":"@InformeLitoral","twitter_site":"@InformeLitoral","twitter_misc":{"Escrito por":"Gonzalo Schmidt","Tiempo de lectura":"2 minutos"},"schema":{"@context":"https:\/\/schema.org","@graph":[{"@type":"Article","@id":"https:\/\/informelitoral.com.ar\/tragedia-en-suiza-al-menos-40-muertos-por-un-incendio-durante-una-fiesta-de-fin-de-ano\/#article","isPartOf":{"@id":"https:\/\/informelitoral.com.ar\/tragedia-en-suiza-al-menos-40-muertos-por-un-incendio-durante-una-fiesta-de-fin-de-ano\/"},"author":{"name":"Gonzalo Schmidt","@id":"https:\/\/informelitoral.com.ar\/#\/schema\/person\/b9d00407c836482871ef1d57bf8e3180"},"headline":"Tragedia en Suiza: al menos 40 muertos por un incendio durante una fiesta de Fin de A\u00f1o","datePublished":"2026-01-01T09:52:30+00:00","dateModified":"2026-01-01T14:57:50+00:00","mainEntityOfPage":{"@id":"https:\/\/informelitoral.com.ar\/tragedia-en-suiza-al-menos-40-muertos-por-un-incendio-durante-una-fiesta-de-fin-de-ano\/"},"wordCount":479,"commentCount":0,"publisher":{"@id":"https:\/\/informelitoral.com.ar\/#organization"},"image":{"@id":"https:\/\/informelitoral.com.ar\/tragedia-en-suiza-al-menos-40-muertos-por-un-incendio-durante-una-fiesta-de-fin-de-ano\/#primaryimage"},"thumbnailUrl":"https:\/\/media.minutouno.com\/p\/63efb14caf4827b1784a4303b0bcecdc\/adjuntos\/150\/imagenes\/043\/068\/0043068278\/incendio-fiesta-fin-ano-suiza2.jpg","keywords":["A\u00f1o Nuevo","Fin de A\u00f1o","Suiza"],"articleSection":["Internacionales"],"inLanguage":"es","potentialAction":[{"@type":"CommentAction","name":"Comment","target":["https:\/\/informelitoral.com.ar\/tragedia-en-suiza-al-menos-40-muertos-por-un-incendio-durante-una-fiesta-de-fin-de-ano\/#respond"]}]},{"@type":"WebPage","@id":"https:\/\/informelitoral.com.ar\/tragedia-en-suiza-al-menos-40-muertos-por-un-incendio-durante-una-fiesta-de-fin-de-ano\/","url":"https:\/\/informelitoral.com.ar\/tragedia-en-suiza-al-menos-40-muertos-por-un-incendio-durante-una-fiesta-de-fin-de-ano\/","name":"Tragedia en Suiza: al menos 40 muertos por un incendio durante una fiesta de Fin de A\u00f1o - Informe Litoral","isPartOf":{"@id":"https:\/\/informelitoral.com.ar\/#website"},"primaryImageOfPage":{"@id":"https:\/\/informelitoral.com.ar\/tragedia-en-suiza-al-menos-40-muertos-por-un-incendio-durante-una-fiesta-de-fin-de-ano\/#primaryimage"},"image":{"@id":"https:\/\/informelitoral.com.ar\/tragedia-en-suiza-al-menos-40-muertos-por-un-incendio-durante-una-fiesta-de-fin-de-ano\/#primaryimage"},"thumbnailUrl":"https:\/\/media.minutouno.com\/p\/63efb14caf4827b1784a4303b0bcecdc\/adjuntos\/150\/imagenes\/043\/068\/0043068278\/incendio-fiesta-fin-ano-suiza2.jpg","datePublished":"2026-01-01T09:52:30+00:00","dateModified":"2026-01-01T14:57:50+00:00","breadcrumb":{"@id":"https:\/\/informelitoral.com.ar\/tragedia-en-suiza-al-menos-40-muertos-por-un-incendio-durante-una-fiesta-de-fin-de-ano\/#breadcrumb"},"inLanguage":"es","potentialAction":[{"@type":"ReadAction","target":["https:\/\/informelitoral.com.ar\/tragedia-en-suiza-al-menos-40-muertos-por-un-incendio-durante-una-fiesta-de-fin-de-ano\/"]}]},{"@type":"ImageObject","inLanguage":"es","@id":"https:\/\/informelitoral.com.ar\/tragedia-en-suiza-al-menos-40-muertos-por-un-incendio-durante-una-fiesta-de-fin-de-ano\/#primaryimage","url":"https:\/\/media.minutouno.com\/p\/63efb14caf4827b1784a4303b0bcecdc\/adjuntos\/150\/imagenes\/043\/068\/0043068278\/incendio-fiesta-fin-ano-suiza2.jpg","contentUrl":"https:\/\/media.minutouno.com\/p\/63efb14caf4827b1784a4303b0bcecdc\/adjuntos\/150\/imagenes\/043\/068\/0043068278\/incendio-fiesta-fin-ano-suiza2.jpg","width":"610","height":"343"},{"@type":"BreadcrumbList","@id":"https:\/\/informelitoral.com.ar\/tragedia-en-suiza-al-menos-40-muertos-por-un-incendio-durante-una-fiesta-de-fin-de-ano\/#breadcrumb","itemListElement":[{"@type":"ListItem","position":1,"name":"Portada","item":"https:\/\/informelitoral.com.ar\/"},{"@type":"ListItem","position":2,"name":"Tragedia en Suiza: al menos 40 muertos por un incendio durante una fiesta de Fin de A\u00f1o"}]},{"@type":"WebSite","@id":"https:\/\/informelitoral.com.ar\/#website","url":"https:\/\/informelitoral.com.ar\/","name":"Informe Litoral","description":"&quot;Nos informamos&quot; ","publisher":{"@id":"https:\/\/informelitoral.com.ar\/#organization"},"potentialAction":[{"@type":"SearchAction","target":{"@type":"EntryPoint","urlTemplate":"https:\/\/informelitoral.com.ar\/?s={search_term_string}"},"query-input":{"@type":"PropertyValueSpecification","valueRequired":true,"valueName":"search_term_string"}}],"inLanguage":"es"},{"@type":"Organization","@id":"https:\/\/informelitoral.com.ar\/#organization","name":"Informe Litoral","url":"https:\/\/informelitoral.com.ar\/","logo":{"@type":"ImageObject","inLanguage":"es","@id":"https:\/\/informelitoral.com.ar\/#\/schema\/logo\/image\/","url":"https:\/\/informelitoral.com.ar\/%77%70%2d%63%6f%6e%74%65%6e%74\/uploads\/2021\/01\/circulo.png","contentUrl":"https:\/\/informelitoral.com.ar\/%77%70%2d%63%6f%6e%74%65%6e%74\/uploads\/2021\/01\/circulo.png","width":723,"height":731,"caption":"Informe Litoral"},"image":{"@id":"https:\/\/informelitoral.com.ar\/#\/schema\/logo\/image\/"},"sameAs":["https:\/\/www.facebook.com\/informelitoral\/","https:\/\/x.com\/InformeLitoral","https:\/\/www.instagram.com\/informelitoral\/","https:\/\/www.youtube.com\/channel\/UCua4Qvz8Icb6MYqhoq9xLXw"]},{"@type":"Person","@id":"https:\/\/informelitoral.com.ar\/#\/schema\/person\/b9d00407c836482871ef1d57bf8e3180","name":"Gonzalo Schmidt","image":{"@type":"ImageObject","inLanguage":"es","@id":"https:\/\/secure.gravatar.com\/avatar\/31a1a7b66ff2de83bd0e9fd79d026630d2d99e55e8bfe501287647b4fd9743de?s=96&d=mm&r=g","url":"https:\/\/secure.gravatar.com\/avatar\/31a1a7b66ff2de83bd0e9fd79d026630d2d99e55e8bfe501287647b4fd9743de?s=96&d=mm&r=g","contentUrl":"https:\/\/secure.gravatar.com\/avatar\/31a1a7b66ff2de83bd0e9fd79d026630d2d99e55e8bfe501287647b4fd9743de?s=96&d=mm&r=g","caption":"Gonzalo Schmidt"},"description":"Sitio web de noticias de la provincia de Entre R\u00edos, Argentina. Informaci\u00f3n y entretenimiento. Informe Litoral, nos informamos.","sameAs":["http:\/\/www.isletasnoticias.com.ar"],"url":"https:\/\/informelitoral.com.ar\/author\/gonzalo\/"}]}},"fifu_image_url":"https:\/\/media.minutouno.com\/p\/63efb14caf4827b1784a4303b0bcecdc\/adjuntos\/150\/imagenes\/043\/068\/0043068278\/incendio-fiesta-fin-ano-suiza2.jpg","_links":{"self":[{"href":"https:\/\/informelitoral.com.ar\/%77%70%2d%6a%73%6f%6e\/wp\/v2\/posts\/245334","targetHints":{"allow":["GET"]}}],"collection":[{"href":"https:\/\/informelitoral.com.ar\/%77%70%2d%6a%73%6f%6e\/wp\/v2\/posts"}],"about":[{"href":"https:\/\/informelitoral.com.ar\/%77%70%2d%6a%73%6f%6e\/wp\/v2\/types\/post"}],"author":[{"embeddable":true,"href":"https:\/\/informelitoral.com.ar\/%77%70%2d%6a%73%6f%6e\/wp\/v2\/users\/2"}],"replies":[{"embeddable":true,"href":"https:\/\/informelitoral.com.ar\/%77%70%2d%6a%73%6f%6e\/wp\/v2\/comments?post=245334"}],"version-history":[{"count":1,"href":"https:\/\/informelitoral.com.ar\/%77%70%2d%6a%73%6f%6e\/wp\/v2\/posts\/245334\/revisions"}],"predecessor-version":[{"id":245337,"href":"https:\/\/informelitoral.com.ar\/%77%70%2d%6a%73%6f%6e\/wp\/v2\/posts\/245334\/revisions\/245337"}],"wp:featuredmedia":[{"embeddable":true,"href":"https:\/\/informelitoral.com.ar\/%77%70%2d%6a%73%6f%6e\/wp\/v2\/media\/245336"}],"wp:attachment":[{"href":"https:\/\/informelitoral.com.ar\/%77%70%2d%6a%73%6f%6e\/wp\/v2\/media?parent=245334"}],"wp:term":[{"taxonomy":"category","embeddable":true,"href":"https:\/\/informelitoral.com.ar\/%77%70%2d%6a%73%6f%6e\/wp\/v2\/categories?post=245334"},{"taxonomy":"post_tag","embeddable":true,"href":"https:\/\/informelitoral.com.ar\/%77%70%2d%6a%73%6f%6e\/wp\/v2\/tags?post=245334"}],"curies":[{"name":"wp","href":"https:\/\/api.w.org\/{rel}","templated":true}]}}