{"id":245239,"date":"2025-12-30T20:14:09","date_gmt":"2025-12-30T23:14:09","guid":{"rendered":"https:\/\/informelitoral.com.ar\/?p=245239"},"modified":"2025-12-30T20:14:09","modified_gmt":"2025-12-30T23:14:09","slug":"anunciaron-la-construccion-de-26-viviendas-en-aranguren","status":"publish","type":"post","link":"https:\/\/informelitoral.com.ar\/anunciaron-la-construccion-de-26-viviendas-en-aranguren\/","title":{"rendered":"Anunciaron la construcci\u00f3n de 26 viviendas en Aranguren"},"content":{"rendered":"<p>En el programa<em> Media Ma\u00f1ana,<\/em> emitido por <em>96.5 Radio Popular Aranguren (FM Municipal),<\/em> el presidente municipal <strong>Luis Siebenlist<\/strong>, acompa\u00f1ado por el secretario de Gobierno, <strong>Ramiro Mu\u00f1oz,<\/strong> confirm\u00f3 una noticia de gran impacto para la comunidad: la construcci\u00f3n de 26 viviendas en la localidad.<\/p>\n<p>El anuncio fue realizado tras la confirmaci\u00f3n recibida por parte del presidente del Instituto Aut\u00e1rquico Provincial de la Vivienda (IAPV), arquitecto <strong>Manuel Sch\u00f6nhals<\/strong>, con quien el municipio viene trabajando desde hace tiempo para concretar soluciones habitacionales para Aranguren. Seg\u00fan se inform\u00f3, el convenio se encuentra pr\u00f3ximo a firmarse, lo que permitir\u00e1 avanzar formalmente con el proyecto.<\/p>\n<p>Las viviendas estar\u00e1n ubicadas en terrenos municipales situados al noroeste de la localidad, en una zona que ya cuenta con infraestructura b\u00e1sica como tendido el\u00e9ctrico, red cloacal y agua. La obra significar\u00e1 una respuesta concreta a una demanda hist\u00f3rica y brindar\u00e1 una soluci\u00f3n habitacional a 26 familias de Aranguren.<\/p>\n<p>El presidente municipal destac\u00f3 que se trata de un proyecto largamente anhelado, iniciado con gestiones que comenzaron en la administraci\u00f3n anterior y que hoy llega a su concreci\u00f3n. \u201cEs una excelente noticia para cerrar el a\u00f1o, porque sabemos lo que significa la vivienda para cada familia y la necesidad existente en nuestra comunidad\u201d, expres\u00f3.<\/p>\n<p>Por su parte, el secretario de Gobierno remarc\u00f3 la importancia social del proyecto y la expectativa que genera en la poblaci\u00f3n. \u201cLa vivienda es el lugar donde se construye la familia. Esperamos pronto comenzar a ver el movimiento de obra y avanzar ladrillo por ladrillo hacia este objetivo tan importante\u201d, se\u00f1al\u00f3.<\/p>\n<p>Desde el municipio se resalt\u00f3 que esta iniciativa forma parte de una pol\u00edtica integral que busca acompa\u00f1ar el crecimiento de Aranguren, fortaleciendo el acceso a la vivienda, mejorando la infraestructura y generando condiciones para el desarrollo local.<\/p>\n<p>La Municipalidad de Aranguren continuar\u00e1 informando a la comunidad sobre los avances del proyecto y los pasos administrativos necesarios para su ejecuci\u00f3n.<\/p>\n<h6><em><strong>Del archivo:\u00a0<a href=\"https:\/\/informelitoral.com.ar\/el-gobierno-formalizo-el-financiamiento-para-la-compra-de-helicopteros-navales\/\" target=\"_blank\" rel=\"noopener\">El Gobierno formaliz\u00f3 el financiamiento para la compra de helic\u00f3pteros navales<\/a><\/strong><\/em><\/h6>\n","protected":false},"excerpt":{"rendered":"<p>Es tras la confirmaci\u00f3n por parte del IAPV. El intendente y el secretario de Gobierno dieron cuenta de la novedad y destacaron que \u00abes una excelente noticia para cerrar el a\u00f1o, porque sabemos lo que significa la vivienda para cada familia y la necesidad existente en nuestra comunidad\u201d.<\/p>\n","protected":false},"author":2,"featured_media":245240,"comment_status":"open","ping_status":"open","sticky":false,"template":"","format":"standard","meta":{"fifu_image_url":"","fifu_image_alt":"","footnotes":""},"categories":[4592],"tags":[143,1517,1580,3778,352],"class_list":{"0":"post-245239","1":"post","2":"type-post","3":"status-publish","4":"format-standard","5":"has-post-thumbnail","7":"category-departamento-nogoya","8":"tag-aranguren","9":"tag-iapv","10":"tag-municipalidad-de-aranguren","11":"tag-nuevas-viviendas","12":"tag-viviendas"},"yoast_head":"<title>Anunciaron la construcci\u00f3n de 26 viviendas en Aranguren - Informe Litoral<\/title>\n<meta name=\"robots\" content=\"index, follow, max-snippet:-1, max-image-preview:large, max-video-preview:-1\" \/>\n<link rel=\"canonical\" href=\"https:\/\/informelitoral.com.ar\/anunciaron-la-construccion-de-26-viviendas-en-aranguren\/\" \/>\n<meta property=\"og:locale\" content=\"es_ES\" \/>\n<meta property=\"og:type\" content=\"article\" \/>\n<meta property=\"og:title\" content=\"Anunciaron la construcci\u00f3n de 26 viviendas en Aranguren - Informe Litoral\" \/>\n<meta property=\"og:description\" content=\"Es tras la confirmaci\u00f3n por parte del IAPV. El intendente y el secretario de Gobierno dieron cuenta de la novedad y destacaron que &quot;es una excelente noticia para cerrar el a\u00f1o, porque sabemos lo que significa la vivienda para cada familia y la necesidad existente en nuestra comunidad\u201d.\" \/>\n<meta property=\"og:url\" content=\"https:\/\/informelitoral.com.ar\/anunciaron-la-construccion-de-26-viviendas-en-aranguren\/\" \/>\n<meta property=\"og:site_name\" content=\"Informe Litoral\" \/>\n<meta property=\"article:publisher\" content=\"https:\/\/www.facebook.com\/informelitoral\/\" \/>\n<meta property=\"article:published_time\" content=\"2025-12-30T23:14:09+00:00\" \/>\n<meta property=\"og:image\" content=\"https:\/\/drive.google.com\/thumbnail?id=1aTbSttU-k-nokwFNSubDjSVlXmVsyGyj&sz=w2048\" \/>\n\t<meta property=\"og:image:width\" content=\"1204\" \/>\n\t<meta property=\"og:image:height\" content=\"1600\" \/>\n\t<meta property=\"og:image:type\" content=\"image\/jpeg\" \/>\n<meta name=\"author\" content=\"Gonzalo Schmidt\" \/>\n<meta name=\"twitter:card\" content=\"summary_large_image\" \/>\n<meta name=\"twitter:creator\" content=\"@InformeLitoral\" \/>\n<meta name=\"twitter:site\" content=\"@InformeLitoral\" \/>\n<meta name=\"twitter:label1\" content=\"Escrito por\" \/>\n\t<meta name=\"twitter:data1\" content=\"Gonzalo Schmidt\" \/>\n\t<meta name=\"twitter:label2\" content=\"Tiempo de lectura\" \/>\n\t<meta name=\"twitter:data2\" content=\"2 minutos\" \/>\n<script type=\"application\/ld+json\" class=\"yoast-schema-graph\">{\"@context\":\"https:\\\/\\\/schema.org\",\"@graph\":[{\"@type\":\"Article\",\"@id\":\"https:\\\/\\\/informelitoral.com.ar\\\/anunciaron-la-construccion-de-26-viviendas-en-aranguren\\\/#article\",\"isPartOf\":{\"@id\":\"https:\\\/\\\/informelitoral.com.ar\\\/anunciaron-la-construccion-de-26-viviendas-en-aranguren\\\/\"},\"author\":{\"name\":\"Gonzalo Schmidt\",\"@id\":\"https:\\\/\\\/informelitoral.com.ar\\\/#\\\/schema\\\/person\\\/b9d00407c836482871ef1d57bf8e3180\"},\"headline\":\"Anunciaron la construcci\u00f3n de 26 viviendas en Aranguren\",\"datePublished\":\"2025-12-30T23:14:09+00:00\",\"mainEntityOfPage\":{\"@id\":\"https:\\\/\\\/informelitoral.com.ar\\\/anunciaron-la-construccion-de-26-viviendas-en-aranguren\\\/\"},\"wordCount\":353,\"commentCount\":0,\"publisher\":{\"@id\":\"https:\\\/\\\/informelitoral.com.ar\\\/#organization\"},\"image\":{\"@id\":\"https:\\\/\\\/informelitoral.com.ar\\\/anunciaron-la-construccion-de-26-viviendas-en-aranguren\\\/#primaryimage\"},\"thumbnailUrl\":\"https:\\\/\\\/drive.google.com\\\/thumbnail?id=1aTbSttU-k-nokwFNSubDjSVlXmVsyGyj&sz=w2048\",\"keywords\":[\"Aranguren\",\"IAPV\",\"Municipalidad de Aranguren\",\"Nuevas viviendas\",\"Viviendas\"],\"articleSection\":[\"Departamento Nogoy\u00e1\"],\"inLanguage\":\"es\",\"potentialAction\":[{\"@type\":\"CommentAction\",\"name\":\"Comment\",\"target\":[\"https:\\\/\\\/informelitoral.com.ar\\\/anunciaron-la-construccion-de-26-viviendas-en-aranguren\\\/#respond\"]}]},{\"@type\":\"WebPage\",\"@id\":\"https:\\\/\\\/informelitoral.com.ar\\\/anunciaron-la-construccion-de-26-viviendas-en-aranguren\\\/\",\"url\":\"https:\\\/\\\/informelitoral.com.ar\\\/anunciaron-la-construccion-de-26-viviendas-en-aranguren\\\/\",\"name\":\"Anunciaron la construcci\u00f3n de 26 viviendas en Aranguren - Informe Litoral\",\"isPartOf\":{\"@id\":\"https:\\\/\\\/informelitoral.com.ar\\\/#website\"},\"primaryImageOfPage\":{\"@id\":\"https:\\\/\\\/informelitoral.com.ar\\\/anunciaron-la-construccion-de-26-viviendas-en-aranguren\\\/#primaryimage\"},\"image\":{\"@id\":\"https:\\\/\\\/informelitoral.com.ar\\\/anunciaron-la-construccion-de-26-viviendas-en-aranguren\\\/#primaryimage\"},\"thumbnailUrl\":\"https:\\\/\\\/drive.google.com\\\/thumbnail?id=1aTbSttU-k-nokwFNSubDjSVlXmVsyGyj&sz=w2048\",\"datePublished\":\"2025-12-30T23:14:09+00:00\",\"breadcrumb\":{\"@id\":\"https:\\\/\\\/informelitoral.com.ar\\\/anunciaron-la-construccion-de-26-viviendas-en-aranguren\\\/#breadcrumb\"},\"inLanguage\":\"es\",\"potentialAction\":[{\"@type\":\"ReadAction\",\"target\":[\"https:\\\/\\\/informelitoral.com.ar\\\/anunciaron-la-construccion-de-26-viviendas-en-aranguren\\\/\"]}]},{\"@type\":\"ImageObject\",\"inLanguage\":\"es\",\"@id\":\"https:\\\/\\\/informelitoral.com.ar\\\/anunciaron-la-construccion-de-26-viviendas-en-aranguren\\\/#primaryimage\",\"url\":\"https:\\\/\\\/drive.google.com\\\/thumbnail?id=1aTbSttU-k-nokwFNSubDjSVlXmVsyGyj&sz=w2048\",\"contentUrl\":\"https:\\\/\\\/drive.google.com\\\/thumbnail?id=1aTbSttU-k-nokwFNSubDjSVlXmVsyGyj&sz=w2048\",\"width\":1204,\"height\":1600},{\"@type\":\"BreadcrumbList\",\"@id\":\"https:\\\/\\\/informelitoral.com.ar\\\/anunciaron-la-construccion-de-26-viviendas-en-aranguren\\\/#breadcrumb\",\"itemListElement\":[{\"@type\":\"ListItem\",\"position\":1,\"name\":\"Portada\",\"item\":\"https:\\\/\\\/informelitoral.com.ar\\\/\"},{\"@type\":\"ListItem\",\"position\":2,\"name\":\"Anunciaron la construcci\u00f3n de 26 viviendas en Aranguren\"}]},{\"@type\":\"WebSite\",\"@id\":\"https:\\\/\\\/informelitoral.com.ar\\\/#website\",\"url\":\"https:\\\/\\\/informelitoral.com.ar\\\/\",\"name\":\"Informe Litoral\",\"description\":\"&quot;Nos informamos&quot; \",\"publisher\":{\"@id\":\"https:\\\/\\\/informelitoral.com.ar\\\/#organization\"},\"potentialAction\":[{\"@type\":\"SearchAction\",\"target\":{\"@type\":\"EntryPoint\",\"urlTemplate\":\"https:\\\/\\\/informelitoral.com.ar\\\/?s={search_term_string}\"},\"query-input\":{\"@type\":\"PropertyValueSpecification\",\"valueRequired\":true,\"valueName\":\"search_term_string\"}}],\"inLanguage\":\"es\"},{\"@type\":\"Organization\",\"@id\":\"https:\\\/\\\/informelitoral.com.ar\\\/#organization\",\"name\":\"Informe Litoral\",\"url\":\"https:\\\/\\\/informelitoral.com.ar\\\/\",\"logo\":{\"@type\":\"ImageObject\",\"inLanguage\":\"es\",\"@id\":\"https:\\\/\\\/informelitoral.com.ar\\\/#\\\/schema\\\/logo\\\/image\\\/\",\"url\":\"https:\\\/\\\/informelitoral.com.ar\\\/%77%70%2d%63%6f%6e%74%65%6e%74\\\/uploads\\\/2021\\\/01\\\/circulo.png\",\"contentUrl\":\"https:\\\/\\\/informelitoral.com.ar\\\/%77%70%2d%63%6f%6e%74%65%6e%74\\\/uploads\\\/2021\\\/01\\\/circulo.png\",\"width\":723,\"height\":731,\"caption\":\"Informe Litoral\"},\"image\":{\"@id\":\"https:\\\/\\\/informelitoral.com.ar\\\/#\\\/schema\\\/logo\\\/image\\\/\"},\"sameAs\":[\"https:\\\/\\\/www.facebook.com\\\/informelitoral\\\/\",\"https:\\\/\\\/x.com\\\/InformeLitoral\",\"https:\\\/\\\/www.instagram.com\\\/informelitoral\\\/\",\"https:\\\/\\\/www.youtube.com\\\/channel\\\/UCua4Qvz8Icb6MYqhoq9xLXw\"]},{\"@type\":\"Person\",\"@id\":\"https:\\\/\\\/informelitoral.com.ar\\\/#\\\/schema\\\/person\\\/b9d00407c836482871ef1d57bf8e3180\",\"name\":\"Gonzalo Schmidt\",\"image\":{\"@type\":\"ImageObject\",\"inLanguage\":\"es\",\"@id\":\"https:\\\/\\\/secure.gravatar.com\\\/avatar\\\/31a1a7b66ff2de83bd0e9fd79d026630d2d99e55e8bfe501287647b4fd9743de?s=96&d=mm&r=g\",\"url\":\"https:\\\/\\\/secure.gravatar.com\\\/avatar\\\/31a1a7b66ff2de83bd0e9fd79d026630d2d99e55e8bfe501287647b4fd9743de?s=96&d=mm&r=g\",\"contentUrl\":\"https:\\\/\\\/secure.gravatar.com\\\/avatar\\\/31a1a7b66ff2de83bd0e9fd79d026630d2d99e55e8bfe501287647b4fd9743de?s=96&d=mm&r=g\",\"caption\":\"Gonzalo Schmidt\"},\"description\":\"Sitio web de noticias de la provincia de Entre R\u00edos, Argentina. Informaci\u00f3n y entretenimiento. Informe Litoral, nos informamos.\",\"sameAs\":[\"http:\\\/\\\/www.isletasnoticias.com.ar\"],\"url\":\"https:\\\/\\\/informelitoral.com.ar\\\/author\\\/gonzalo\\\/\"}]}<\/script>","yoast_head_json":{"title":"Anunciaron la construcci\u00f3n de 26 viviendas en Aranguren - Informe Litoral","robots":{"index":"index","follow":"follow","max-snippet":"max-snippet:-1","max-image-preview":"max-image-preview:large","max-video-preview":"max-video-preview:-1"},"canonical":"https:\/\/informelitoral.com.ar\/anunciaron-la-construccion-de-26-viviendas-en-aranguren\/","og_locale":"es_ES","og_type":"article","og_title":"Anunciaron la construcci\u00f3n de 26 viviendas en Aranguren - Informe Litoral","og_description":"Es tras la confirmaci\u00f3n por parte del IAPV. El intendente y el secretario de Gobierno dieron cuenta de la novedad y destacaron que \"es una excelente noticia para cerrar el a\u00f1o, porque sabemos lo que significa la vivienda para cada familia y la necesidad existente en nuestra comunidad\u201d.","og_url":"https:\/\/informelitoral.com.ar\/anunciaron-la-construccion-de-26-viviendas-en-aranguren\/","og_site_name":"Informe Litoral","article_publisher":"https:\/\/www.facebook.com\/informelitoral\/","article_published_time":"2025-12-30T23:14:09+00:00","og_image":[{"width":1204,"height":1600,"url":"https:\/\/drive.google.com\/thumbnail?id=1aTbSttU-k-nokwFNSubDjSVlXmVsyGyj&sz=w2048","type":"image\/jpeg"}],"author":"Gonzalo Schmidt","twitter_card":"summary_large_image","twitter_creator":"@InformeLitoral","twitter_site":"@InformeLitoral","twitter_misc":{"Escrito por":"Gonzalo Schmidt","Tiempo de lectura":"2 minutos"},"schema":{"@context":"https:\/\/schema.org","@graph":[{"@type":"Article","@id":"https:\/\/informelitoral.com.ar\/anunciaron-la-construccion-de-26-viviendas-en-aranguren\/#article","isPartOf":{"@id":"https:\/\/informelitoral.com.ar\/anunciaron-la-construccion-de-26-viviendas-en-aranguren\/"},"author":{"name":"Gonzalo Schmidt","@id":"https:\/\/informelitoral.com.ar\/#\/schema\/person\/b9d00407c836482871ef1d57bf8e3180"},"headline":"Anunciaron la construcci\u00f3n de 26 viviendas en Aranguren","datePublished":"2025-12-30T23:14:09+00:00","mainEntityOfPage":{"@id":"https:\/\/informelitoral.com.ar\/anunciaron-la-construccion-de-26-viviendas-en-aranguren\/"},"wordCount":353,"commentCount":0,"publisher":{"@id":"https:\/\/informelitoral.com.ar\/#organization"},"image":{"@id":"https:\/\/informelitoral.com.ar\/anunciaron-la-construccion-de-26-viviendas-en-aranguren\/#primaryimage"},"thumbnailUrl":"https:\/\/drive.google.com\/thumbnail?id=1aTbSttU-k-nokwFNSubDjSVlXmVsyGyj&sz=w2048","keywords":["Aranguren","IAPV","Municipalidad de Aranguren","Nuevas viviendas","Viviendas"],"articleSection":["Departamento Nogoy\u00e1"],"inLanguage":"es","potentialAction":[{"@type":"CommentAction","name":"Comment","target":["https:\/\/informelitoral.com.ar\/anunciaron-la-construccion-de-26-viviendas-en-aranguren\/#respond"]}]},{"@type":"WebPage","@id":"https:\/\/informelitoral.com.ar\/anunciaron-la-construccion-de-26-viviendas-en-aranguren\/","url":"https:\/\/informelitoral.com.ar\/anunciaron-la-construccion-de-26-viviendas-en-aranguren\/","name":"Anunciaron la construcci\u00f3n de 26 viviendas en Aranguren - Informe Litoral","isPartOf":{"@id":"https:\/\/informelitoral.com.ar\/#website"},"primaryImageOfPage":{"@id":"https:\/\/informelitoral.com.ar\/anunciaron-la-construccion-de-26-viviendas-en-aranguren\/#primaryimage"},"image":{"@id":"https:\/\/informelitoral.com.ar\/anunciaron-la-construccion-de-26-viviendas-en-aranguren\/#primaryimage"},"thumbnailUrl":"https:\/\/drive.google.com\/thumbnail?id=1aTbSttU-k-nokwFNSubDjSVlXmVsyGyj&sz=w2048","datePublished":"2025-12-30T23:14:09+00:00","breadcrumb":{"@id":"https:\/\/informelitoral.com.ar\/anunciaron-la-construccion-de-26-viviendas-en-aranguren\/#breadcrumb"},"inLanguage":"es","potentialAction":[{"@type":"ReadAction","target":["https:\/\/informelitoral.com.ar\/anunciaron-la-construccion-de-26-viviendas-en-aranguren\/"]}]},{"@type":"ImageObject","inLanguage":"es","@id":"https:\/\/informelitoral.com.ar\/anunciaron-la-construccion-de-26-viviendas-en-aranguren\/#primaryimage","url":"https:\/\/drive.google.com\/thumbnail?id=1aTbSttU-k-nokwFNSubDjSVlXmVsyGyj&sz=w2048","contentUrl":"https:\/\/drive.google.com\/thumbnail?id=1aTbSttU-k-nokwFNSubDjSVlXmVsyGyj&sz=w2048","width":1204,"height":1600},{"@type":"BreadcrumbList","@id":"https:\/\/informelitoral.com.ar\/anunciaron-la-construccion-de-26-viviendas-en-aranguren\/#breadcrumb","itemListElement":[{"@type":"ListItem","position":1,"name":"Portada","item":"https:\/\/informelitoral.com.ar\/"},{"@type":"ListItem","position":2,"name":"Anunciaron la construcci\u00f3n de 26 viviendas en Aranguren"}]},{"@type":"WebSite","@id":"https:\/\/informelitoral.com.ar\/#website","url":"https:\/\/informelitoral.com.ar\/","name":"Informe Litoral","description":"&quot;Nos informamos&quot; ","publisher":{"@id":"https:\/\/informelitoral.com.ar\/#organization"},"potentialAction":[{"@type":"SearchAction","target":{"@type":"EntryPoint","urlTemplate":"https:\/\/informelitoral.com.ar\/?s={search_term_string}"},"query-input":{"@type":"PropertyValueSpecification","valueRequired":true,"valueName":"search_term_string"}}],"inLanguage":"es"},{"@type":"Organization","@id":"https:\/\/informelitoral.com.ar\/#organization","name":"Informe Litoral","url":"https:\/\/informelitoral.com.ar\/","logo":{"@type":"ImageObject","inLanguage":"es","@id":"https:\/\/informelitoral.com.ar\/#\/schema\/logo\/image\/","url":"https:\/\/informelitoral.com.ar\/%77%70%2d%63%6f%6e%74%65%6e%74\/uploads\/2021\/01\/circulo.png","contentUrl":"https:\/\/informelitoral.com.ar\/%77%70%2d%63%6f%6e%74%65%6e%74\/uploads\/2021\/01\/circulo.png","width":723,"height":731,"caption":"Informe Litoral"},"image":{"@id":"https:\/\/informelitoral.com.ar\/#\/schema\/logo\/image\/"},"sameAs":["https:\/\/www.facebook.com\/informelitoral\/","https:\/\/x.com\/InformeLitoral","https:\/\/www.instagram.com\/informelitoral\/","https:\/\/www.youtube.com\/channel\/UCua4Qvz8Icb6MYqhoq9xLXw"]},{"@type":"Person","@id":"https:\/\/informelitoral.com.ar\/#\/schema\/person\/b9d00407c836482871ef1d57bf8e3180","name":"Gonzalo Schmidt","image":{"@type":"ImageObject","inLanguage":"es","@id":"https:\/\/secure.gravatar.com\/avatar\/31a1a7b66ff2de83bd0e9fd79d026630d2d99e55e8bfe501287647b4fd9743de?s=96&d=mm&r=g","url":"https:\/\/secure.gravatar.com\/avatar\/31a1a7b66ff2de83bd0e9fd79d026630d2d99e55e8bfe501287647b4fd9743de?s=96&d=mm&r=g","contentUrl":"https:\/\/secure.gravatar.com\/avatar\/31a1a7b66ff2de83bd0e9fd79d026630d2d99e55e8bfe501287647b4fd9743de?s=96&d=mm&r=g","caption":"Gonzalo Schmidt"},"description":"Sitio web de noticias de la provincia de Entre R\u00edos, Argentina. Informaci\u00f3n y entretenimiento. Informe Litoral, nos informamos.","sameAs":["http:\/\/www.isletasnoticias.com.ar"],"url":"https:\/\/informelitoral.com.ar\/author\/gonzalo\/"}]}},"_links":{"self":[{"href":"https:\/\/informelitoral.com.ar\/%77%70%2d%6a%73%6f%6e\/wp\/v2\/posts\/245239","targetHints":{"allow":["GET"]}}],"collection":[{"href":"https:\/\/informelitoral.com.ar\/%77%70%2d%6a%73%6f%6e\/wp\/v2\/posts"}],"about":[{"href":"https:\/\/informelitoral.com.ar\/%77%70%2d%6a%73%6f%6e\/wp\/v2\/types\/post"}],"author":[{"embeddable":true,"href":"https:\/\/informelitoral.com.ar\/%77%70%2d%6a%73%6f%6e\/wp\/v2\/users\/2"}],"replies":[{"embeddable":true,"href":"https:\/\/informelitoral.com.ar\/%77%70%2d%6a%73%6f%6e\/wp\/v2\/comments?post=245239"}],"version-history":[{"count":1,"href":"https:\/\/informelitoral.com.ar\/%77%70%2d%6a%73%6f%6e\/wp\/v2\/posts\/245239\/revisions"}],"predecessor-version":[{"id":245241,"href":"https:\/\/informelitoral.com.ar\/%77%70%2d%6a%73%6f%6e\/wp\/v2\/posts\/245239\/revisions\/245241"}],"wp:featuredmedia":[{"embeddable":true,"href":"https:\/\/informelitoral.com.ar\/%77%70%2d%6a%73%6f%6e\/wp\/v2\/media\/245240"}],"wp:attachment":[{"href":"https:\/\/informelitoral.com.ar\/%77%70%2d%6a%73%6f%6e\/wp\/v2\/media?parent=245239"}],"wp:term":[{"taxonomy":"category","embeddable":true,"href":"https:\/\/informelitoral.com.ar\/%77%70%2d%6a%73%6f%6e\/wp\/v2\/categories?post=245239"},{"taxonomy":"post_tag","embeddable":true,"href":"https:\/\/informelitoral.com.ar\/%77%70%2d%6a%73%6f%6e\/wp\/v2\/tags?post=245239"}],"curies":[{"name":"wp","href":"https:\/\/api.w.org\/{rel}","templated":true}]}}