{"id":245115,"date":"2025-12-30T07:53:48","date_gmt":"2025-12-30T10:53:48","guid":{"rendered":"https:\/\/informelitoral.com.ar\/?p=245115"},"modified":"2025-12-30T07:53:48","modified_gmt":"2025-12-30T10:53:48","slug":"invitan-a-la-fiesta-provincial-de-la-guitarra-en-nogoya","status":"publish","type":"post","link":"https:\/\/informelitoral.com.ar\/invitan-a-la-fiesta-provincial-de-la-guitarra-en-nogoya\/","title":{"rendered":"Invitan a la Fiesta Provincial de la Guitarra en Nogoy\u00e1"},"content":{"rendered":"<p>Este lunes, en la sala del Museo de Casa de Gobierno, organismo dependiente de la Secretar\u00eda de Cultura de Entre R\u00edos, se llev\u00f3 a cabo la presentaci\u00f3n de la 37\u00aa Fiesta Provincial de la Guitarra.<\/p>\n<p>La vicegobernadora, a cargo del Poder Ejecutivo Provincial, estuvo acompa\u00f1ada por la directora general de Programas y Promoci\u00f3n Cultural de Entre R\u00edos, <strong>Natalia Prado<\/strong>; el intendente de Nogoy\u00e1, <strong>Bernardo Schneider<\/strong>; el senador por el departamento,<strong> Rafael Cavagna<\/strong>; el titular del Instituto Aut\u00e1rquico de Planeamiento y Vivienda (IAPV) de Entre R\u00edos,<strong> Manuel Sch\u00f6nhals<\/strong>; y la coordinadora de Cultura, Turismo y Educaci\u00f3n del Municipio de Nogoy\u00e1,<strong> Karina Clement\u00edn<\/strong>. El encuentro cont\u00f3 adem\u00e1s con la presentaci\u00f3n de la payadora nogoyaense, <strong>Brisa Ferreyra Weber.<\/strong><\/p>\n<p>Al dialogar con los medios, la vicegobernadora Aluani agradeci\u00f3 la presencia y la difusi\u00f3n del evento, e indic\u00f3 que la fiesta \u201cya es parte de la tradici\u00f3n de nuestra provincia. Se lleva a cabo con mucho esfuerzo y organizaci\u00f3n, con el objetivo que tenemos en com\u00fan los nogoyaenses, que es promocionar todo lo que es parte de nuestra historia y de nuestras ra\u00edces\u201d. Asimismo, expres\u00f3 que: \u201cLa guitarra no es solamente un instrumento, es la voz de nuestra historia. As\u00ed que en ella se ve representada y se ve expuesta toda la historia de Nogoy\u00e1 y de los luthiers\u201d. En ese sentido, hizo hincapi\u00e9 en el trabajo de gesti\u00f3n provincial: \u201cApoyamos este tipo de eventos porque forman parte de la tradici\u00f3n y la cultura. Adem\u00e1s, se fortalece la econom\u00eda local, provincial y regional\u201d.<\/p>\n<p>Por su parte, la directora provincial <strong>Natalia Prad<\/strong>o destac\u00f3 que se est\u00e1 \u201cdando inicio al calendario de fiestas provinciales\u201d, y resalt\u00f3 \u201cel compromiso del gobierno provincial de promocionar y difundir cada uno de los eventos culturales de nuestra provincia\u201d.<\/p>\n<p>Finalmente, el intendente de Nogoy\u00e1,<strong> Bernardo Schneider,<\/strong> expres\u00f3 que \u201ces una fiesta que nos llena de orgullo a los nogoyaenses\u201d. En ese marco, precis\u00f3 detalles del evento: \u201cEs dirigido a toda la familia, con entrada libre y gratuita. Habr\u00e1 grandes talentos y m\u00fasicos que nos van a estar acompa\u00f1ando en el predio del ferrocarril, un lugar c\u00f3modo y, por supuesto, con el recibimiento de la ciudad\u201d.<\/p>\n<h2><strong>Sobre la 37\u00aa Fiesta de la Guitarra<\/strong><\/h2>\n<p>La 37\u00aa edici\u00f3n de la Fiesta Provincial de la Guitarra se realizar\u00e1 los d\u00edas 3 y 4 de enero de 2026 en el predio del Ferrocarril de Nogoy\u00e1, con entrada libre y gratuita, y contar\u00e1 con la presentaci\u00f3n de destacados artistas locales y regionales, adem\u00e1s de la elecci\u00f3n de la Embajadora. Disertar\u00e1n:<\/p>\n<p>\u2022 3 de enero: Delfina Ronchi, Por Tu Gente Nogoy\u00e1, Luc\u00eda Gim\u00e9nez, Valent\u00edn Obal, Ignacio Sartori, Cur\u00ed Tac\u00fa, Marianela Urbani y Agrupaci\u00f3n Santa Elena.<br \/>\n\u2022 4 de enero: H\u00e9ctor Cardoso, Fernanda Roselli, Itah\u00ed, Ricardo L\u00f3pez Jord\u00e1n, Lauro y Marga, Marcos Pereyra y Sangre Chamecera.<\/p>\n<h6><em><strong>Del archivo:\u00a0<a href=\"https:\/\/informelitoral.com.ar\/es-total-la-prohibicion-de-quemas-en-entre-rios-durante-la-temporada-estival\/\" target=\"_blank\" rel=\"noopener\">Es total la prohibici\u00f3n de quemas en Entre R\u00edos durante la temporada estival<\/a><\/strong><\/em><\/h6>\n","protected":false},"excerpt":{"rendered":"<p>La vicegobernadora Alicia Aluani encabez\u00f3 la presentaci\u00f3n de la 37\u00aa Fiesta Provincial de la Guitarra, que se realizar\u00e1 en la ciudad de Nogoy\u00e1 los d\u00edas s\u00e1bado 3 y domingo 4 de enero de 2026.<\/p>\n","protected":false},"author":2,"featured_media":245116,"comment_status":"open","ping_status":"open","sticky":false,"template":"","format":"standard","meta":{"fifu_image_url":"https:\/\/www.senadoer.gob.ar\/wp-content\/uploads\/2025\/12\/DSC_7021-3226-860x573.jpg","fifu_image_alt":"","footnotes":""},"categories":[4592,9],"tags":[4462,621,74],"class_list":{"0":"post-245115","1":"post","2":"type-post","3":"status-publish","4":"format-standard","5":"has-post-thumbnail","7":"category-departamento-nogoya","8":"category-sociedad","9":"tag-alicia-aluani","10":"tag-fiesta","11":"tag-nogoya"},"yoast_head":"<title>Invitan a la Fiesta Provincial de la Guitarra en Nogoy\u00e1 - Informe Litoral<\/title>\n<meta name=\"robots\" content=\"index, follow, max-snippet:-1, max-image-preview:large, max-video-preview:-1\" \/>\n<link rel=\"canonical\" href=\"https:\/\/informelitoral.com.ar\/invitan-a-la-fiesta-provincial-de-la-guitarra-en-nogoya\/\" \/>\n<meta property=\"og:locale\" content=\"es_ES\" \/>\n<meta property=\"og:type\" content=\"article\" \/>\n<meta property=\"og:title\" content=\"Invitan a la Fiesta Provincial de la Guitarra en Nogoy\u00e1 - Informe Litoral\" \/>\n<meta property=\"og:description\" content=\"La vicegobernadora Alicia Aluani encabez\u00f3 la presentaci\u00f3n de la 37\u00aa Fiesta Provincial de la Guitarra, que se realizar\u00e1 en la ciudad de Nogoy\u00e1 los d\u00edas s\u00e1bado 3 y domingo 4 de enero de 2026.\" \/>\n<meta property=\"og:url\" content=\"https:\/\/informelitoral.com.ar\/invitan-a-la-fiesta-provincial-de-la-guitarra-en-nogoya\/\" \/>\n<meta property=\"og:site_name\" content=\"Informe Litoral\" \/>\n<meta property=\"article:publisher\" content=\"https:\/\/www.facebook.com\/informelitoral\/\" \/>\n<meta property=\"article:published_time\" content=\"2025-12-30T10:53:48+00:00\" \/>\n<meta property=\"og:image\" content=\"https:\/\/www.senadoer.gob.ar\/%77%70%2d%63%6f%6e%74%65%6e%74\/uploads\/2025\/12\/DSC_7021-3226-860x573.jpg\" \/>\n<meta name=\"author\" content=\"Gonzalo Schmidt\" \/>\n<meta name=\"twitter:card\" content=\"summary_large_image\" \/>\n<meta name=\"twitter:image\" content=\"https:\/\/www.senadoer.gob.ar\/%77%70%2d%63%6f%6e%74%65%6e%74\/uploads\/2025\/12\/DSC_7021-3226-860x573.jpg\" \/>\n<meta name=\"twitter:creator\" content=\"@InformeLitoral\" \/>\n<meta name=\"twitter:site\" content=\"@InformeLitoral\" \/>\n<meta name=\"twitter:label1\" content=\"Escrito por\" \/>\n\t<meta name=\"twitter:data1\" content=\"Gonzalo Schmidt\" \/>\n\t<meta name=\"twitter:label2\" content=\"Tiempo de lectura\" \/>\n\t<meta name=\"twitter:data2\" content=\"3 minutos\" \/>\n<script type=\"application\/ld+json\" class=\"yoast-schema-graph\">{\"@context\":\"https:\\\/\\\/schema.org\",\"@graph\":[{\"@type\":\"Article\",\"@id\":\"https:\\\/\\\/informelitoral.com.ar\\\/invitan-a-la-fiesta-provincial-de-la-guitarra-en-nogoya\\\/#article\",\"isPartOf\":{\"@id\":\"https:\\\/\\\/informelitoral.com.ar\\\/invitan-a-la-fiesta-provincial-de-la-guitarra-en-nogoya\\\/\"},\"author\":{\"name\":\"Gonzalo Schmidt\",\"@id\":\"https:\\\/\\\/informelitoral.com.ar\\\/#\\\/schema\\\/person\\\/b9d00407c836482871ef1d57bf8e3180\"},\"headline\":\"Invitan a la Fiesta Provincial de la Guitarra en Nogoy\u00e1\",\"datePublished\":\"2025-12-30T10:53:48+00:00\",\"mainEntityOfPage\":{\"@id\":\"https:\\\/\\\/informelitoral.com.ar\\\/invitan-a-la-fiesta-provincial-de-la-guitarra-en-nogoya\\\/\"},\"wordCount\":511,\"commentCount\":0,\"publisher\":{\"@id\":\"https:\\\/\\\/informelitoral.com.ar\\\/#organization\"},\"image\":{\"@id\":\"https:\\\/\\\/informelitoral.com.ar\\\/invitan-a-la-fiesta-provincial-de-la-guitarra-en-nogoya\\\/#primaryimage\"},\"thumbnailUrl\":\"https:\\\/\\\/www.senadoer.gob.ar\\\/%77%70%2d%63%6f%6e%74%65%6e%74\\\/uploads\\\/2025\\\/12\\\/DSC_7021-3226-860x573.jpg\",\"keywords\":[\"Alicia Aluani\",\"Fiesta\",\"Nogoy\u00e1\"],\"articleSection\":[\"Departamento Nogoy\u00e1\",\"Sociedad\"],\"inLanguage\":\"es\",\"potentialAction\":[{\"@type\":\"CommentAction\",\"name\":\"Comment\",\"target\":[\"https:\\\/\\\/informelitoral.com.ar\\\/invitan-a-la-fiesta-provincial-de-la-guitarra-en-nogoya\\\/#respond\"]}]},{\"@type\":\"WebPage\",\"@id\":\"https:\\\/\\\/informelitoral.com.ar\\\/invitan-a-la-fiesta-provincial-de-la-guitarra-en-nogoya\\\/\",\"url\":\"https:\\\/\\\/informelitoral.com.ar\\\/invitan-a-la-fiesta-provincial-de-la-guitarra-en-nogoya\\\/\",\"name\":\"Invitan a la Fiesta Provincial de la Guitarra en Nogoy\u00e1 - Informe Litoral\",\"isPartOf\":{\"@id\":\"https:\\\/\\\/informelitoral.com.ar\\\/#website\"},\"primaryImageOfPage\":{\"@id\":\"https:\\\/\\\/informelitoral.com.ar\\\/invitan-a-la-fiesta-provincial-de-la-guitarra-en-nogoya\\\/#primaryimage\"},\"image\":{\"@id\":\"https:\\\/\\\/informelitoral.com.ar\\\/invitan-a-la-fiesta-provincial-de-la-guitarra-en-nogoya\\\/#primaryimage\"},\"thumbnailUrl\":\"https:\\\/\\\/www.senadoer.gob.ar\\\/%77%70%2d%63%6f%6e%74%65%6e%74\\\/uploads\\\/2025\\\/12\\\/DSC_7021-3226-860x573.jpg\",\"datePublished\":\"2025-12-30T10:53:48+00:00\",\"breadcrumb\":{\"@id\":\"https:\\\/\\\/informelitoral.com.ar\\\/invitan-a-la-fiesta-provincial-de-la-guitarra-en-nogoya\\\/#breadcrumb\"},\"inLanguage\":\"es\",\"potentialAction\":[{\"@type\":\"ReadAction\",\"target\":[\"https:\\\/\\\/informelitoral.com.ar\\\/invitan-a-la-fiesta-provincial-de-la-guitarra-en-nogoya\\\/\"]}]},{\"@type\":\"ImageObject\",\"inLanguage\":\"es\",\"@id\":\"https:\\\/\\\/informelitoral.com.ar\\\/invitan-a-la-fiesta-provincial-de-la-guitarra-en-nogoya\\\/#primaryimage\",\"url\":\"https:\\\/\\\/www.senadoer.gob.ar\\\/%77%70%2d%63%6f%6e%74%65%6e%74\\\/uploads\\\/2025\\\/12\\\/DSC_7021-3226-860x573.jpg\",\"contentUrl\":\"https:\\\/\\\/www.senadoer.gob.ar\\\/%77%70%2d%63%6f%6e%74%65%6e%74\\\/uploads\\\/2025\\\/12\\\/DSC_7021-3226-860x573.jpg\",\"width\":\"860\",\"height\":\"573\"},{\"@type\":\"BreadcrumbList\",\"@id\":\"https:\\\/\\\/informelitoral.com.ar\\\/invitan-a-la-fiesta-provincial-de-la-guitarra-en-nogoya\\\/#breadcrumb\",\"itemListElement\":[{\"@type\":\"ListItem\",\"position\":1,\"name\":\"Portada\",\"item\":\"https:\\\/\\\/informelitoral.com.ar\\\/\"},{\"@type\":\"ListItem\",\"position\":2,\"name\":\"Invitan a la Fiesta Provincial de la Guitarra en Nogoy\u00e1\"}]},{\"@type\":\"WebSite\",\"@id\":\"https:\\\/\\\/informelitoral.com.ar\\\/#website\",\"url\":\"https:\\\/\\\/informelitoral.com.ar\\\/\",\"name\":\"Informe Litoral\",\"description\":\"&quot;Nos informamos&quot; \",\"publisher\":{\"@id\":\"https:\\\/\\\/informelitoral.com.ar\\\/#organization\"},\"potentialAction\":[{\"@type\":\"SearchAction\",\"target\":{\"@type\":\"EntryPoint\",\"urlTemplate\":\"https:\\\/\\\/informelitoral.com.ar\\\/?s={search_term_string}\"},\"query-input\":{\"@type\":\"PropertyValueSpecification\",\"valueRequired\":true,\"valueName\":\"search_term_string\"}}],\"inLanguage\":\"es\"},{\"@type\":\"Organization\",\"@id\":\"https:\\\/\\\/informelitoral.com.ar\\\/#organization\",\"name\":\"Informe Litoral\",\"url\":\"https:\\\/\\\/informelitoral.com.ar\\\/\",\"logo\":{\"@type\":\"ImageObject\",\"inLanguage\":\"es\",\"@id\":\"https:\\\/\\\/informelitoral.com.ar\\\/#\\\/schema\\\/logo\\\/image\\\/\",\"url\":\"https:\\\/\\\/informelitoral.com.ar\\\/%77%70%2d%63%6f%6e%74%65%6e%74\\\/uploads\\\/2021\\\/01\\\/circulo.png\",\"contentUrl\":\"https:\\\/\\\/informelitoral.com.ar\\\/%77%70%2d%63%6f%6e%74%65%6e%74\\\/uploads\\\/2021\\\/01\\\/circulo.png\",\"width\":723,\"height\":731,\"caption\":\"Informe Litoral\"},\"image\":{\"@id\":\"https:\\\/\\\/informelitoral.com.ar\\\/#\\\/schema\\\/logo\\\/image\\\/\"},\"sameAs\":[\"https:\\\/\\\/www.facebook.com\\\/informelitoral\\\/\",\"https:\\\/\\\/x.com\\\/InformeLitoral\",\"https:\\\/\\\/www.instagram.com\\\/informelitoral\\\/\",\"https:\\\/\\\/www.youtube.com\\\/channel\\\/UCua4Qvz8Icb6MYqhoq9xLXw\"]},{\"@type\":\"Person\",\"@id\":\"https:\\\/\\\/informelitoral.com.ar\\\/#\\\/schema\\\/person\\\/b9d00407c836482871ef1d57bf8e3180\",\"name\":\"Gonzalo Schmidt\",\"image\":{\"@type\":\"ImageObject\",\"inLanguage\":\"es\",\"@id\":\"https:\\\/\\\/secure.gravatar.com\\\/avatar\\\/31a1a7b66ff2de83bd0e9fd79d026630d2d99e55e8bfe501287647b4fd9743de?s=96&d=mm&r=g\",\"url\":\"https:\\\/\\\/secure.gravatar.com\\\/avatar\\\/31a1a7b66ff2de83bd0e9fd79d026630d2d99e55e8bfe501287647b4fd9743de?s=96&d=mm&r=g\",\"contentUrl\":\"https:\\\/\\\/secure.gravatar.com\\\/avatar\\\/31a1a7b66ff2de83bd0e9fd79d026630d2d99e55e8bfe501287647b4fd9743de?s=96&d=mm&r=g\",\"caption\":\"Gonzalo Schmidt\"},\"description\":\"Sitio web de noticias de la provincia de Entre R\u00edos, Argentina. Informaci\u00f3n y entretenimiento. Informe Litoral, nos informamos.\",\"sameAs\":[\"http:\\\/\\\/www.isletasnoticias.com.ar\"],\"url\":\"https:\\\/\\\/informelitoral.com.ar\\\/author\\\/gonzalo\\\/\"}]}<\/script>","yoast_head_json":{"title":"Invitan a la Fiesta Provincial de la Guitarra en Nogoy\u00e1 - Informe Litoral","robots":{"index":"index","follow":"follow","max-snippet":"max-snippet:-1","max-image-preview":"max-image-preview:large","max-video-preview":"max-video-preview:-1"},"canonical":"https:\/\/informelitoral.com.ar\/invitan-a-la-fiesta-provincial-de-la-guitarra-en-nogoya\/","og_locale":"es_ES","og_type":"article","og_title":"Invitan a la Fiesta Provincial de la Guitarra en Nogoy\u00e1 - Informe Litoral","og_description":"La vicegobernadora Alicia Aluani encabez\u00f3 la presentaci\u00f3n de la 37\u00aa Fiesta Provincial de la Guitarra, que se realizar\u00e1 en la ciudad de Nogoy\u00e1 los d\u00edas s\u00e1bado 3 y domingo 4 de enero de 2026.","og_url":"https:\/\/informelitoral.com.ar\/invitan-a-la-fiesta-provincial-de-la-guitarra-en-nogoya\/","og_site_name":"Informe Litoral","article_publisher":"https:\/\/www.facebook.com\/informelitoral\/","article_published_time":"2025-12-30T10:53:48+00:00","og_image":[{"url":"https:\/\/www.senadoer.gob.ar\/wp-content\/uploads\/2025\/12\/DSC_7021-3226-860x573.jpg","type":"","width":"","height":""}],"author":"Gonzalo Schmidt","twitter_card":"summary_large_image","twitter_image":"https:\/\/www.senadoer.gob.ar\/wp-content\/uploads\/2025\/12\/DSC_7021-3226-860x573.jpg","twitter_creator":"@InformeLitoral","twitter_site":"@InformeLitoral","twitter_misc":{"Escrito por":"Gonzalo Schmidt","Tiempo de lectura":"3 minutos"},"schema":{"@context":"https:\/\/schema.org","@graph":[{"@type":"Article","@id":"https:\/\/informelitoral.com.ar\/invitan-a-la-fiesta-provincial-de-la-guitarra-en-nogoya\/#article","isPartOf":{"@id":"https:\/\/informelitoral.com.ar\/invitan-a-la-fiesta-provincial-de-la-guitarra-en-nogoya\/"},"author":{"name":"Gonzalo Schmidt","@id":"https:\/\/informelitoral.com.ar\/#\/schema\/person\/b9d00407c836482871ef1d57bf8e3180"},"headline":"Invitan a la Fiesta Provincial de la Guitarra en Nogoy\u00e1","datePublished":"2025-12-30T10:53:48+00:00","mainEntityOfPage":{"@id":"https:\/\/informelitoral.com.ar\/invitan-a-la-fiesta-provincial-de-la-guitarra-en-nogoya\/"},"wordCount":511,"commentCount":0,"publisher":{"@id":"https:\/\/informelitoral.com.ar\/#organization"},"image":{"@id":"https:\/\/informelitoral.com.ar\/invitan-a-la-fiesta-provincial-de-la-guitarra-en-nogoya\/#primaryimage"},"thumbnailUrl":"https:\/\/www.senadoer.gob.ar\/%77%70%2d%63%6f%6e%74%65%6e%74\/uploads\/2025\/12\/DSC_7021-3226-860x573.jpg","keywords":["Alicia Aluani","Fiesta","Nogoy\u00e1"],"articleSection":["Departamento Nogoy\u00e1","Sociedad"],"inLanguage":"es","potentialAction":[{"@type":"CommentAction","name":"Comment","target":["https:\/\/informelitoral.com.ar\/invitan-a-la-fiesta-provincial-de-la-guitarra-en-nogoya\/#respond"]}]},{"@type":"WebPage","@id":"https:\/\/informelitoral.com.ar\/invitan-a-la-fiesta-provincial-de-la-guitarra-en-nogoya\/","url":"https:\/\/informelitoral.com.ar\/invitan-a-la-fiesta-provincial-de-la-guitarra-en-nogoya\/","name":"Invitan a la Fiesta Provincial de la Guitarra en Nogoy\u00e1 - Informe Litoral","isPartOf":{"@id":"https:\/\/informelitoral.com.ar\/#website"},"primaryImageOfPage":{"@id":"https:\/\/informelitoral.com.ar\/invitan-a-la-fiesta-provincial-de-la-guitarra-en-nogoya\/#primaryimage"},"image":{"@id":"https:\/\/informelitoral.com.ar\/invitan-a-la-fiesta-provincial-de-la-guitarra-en-nogoya\/#primaryimage"},"thumbnailUrl":"https:\/\/www.senadoer.gob.ar\/%77%70%2d%63%6f%6e%74%65%6e%74\/uploads\/2025\/12\/DSC_7021-3226-860x573.jpg","datePublished":"2025-12-30T10:53:48+00:00","breadcrumb":{"@id":"https:\/\/informelitoral.com.ar\/invitan-a-la-fiesta-provincial-de-la-guitarra-en-nogoya\/#breadcrumb"},"inLanguage":"es","potentialAction":[{"@type":"ReadAction","target":["https:\/\/informelitoral.com.ar\/invitan-a-la-fiesta-provincial-de-la-guitarra-en-nogoya\/"]}]},{"@type":"ImageObject","inLanguage":"es","@id":"https:\/\/informelitoral.com.ar\/invitan-a-la-fiesta-provincial-de-la-guitarra-en-nogoya\/#primaryimage","url":"https:\/\/www.senadoer.gob.ar\/%77%70%2d%63%6f%6e%74%65%6e%74\/uploads\/2025\/12\/DSC_7021-3226-860x573.jpg","contentUrl":"https:\/\/www.senadoer.gob.ar\/%77%70%2d%63%6f%6e%74%65%6e%74\/uploads\/2025\/12\/DSC_7021-3226-860x573.jpg","width":"860","height":"573"},{"@type":"BreadcrumbList","@id":"https:\/\/informelitoral.com.ar\/invitan-a-la-fiesta-provincial-de-la-guitarra-en-nogoya\/#breadcrumb","itemListElement":[{"@type":"ListItem","position":1,"name":"Portada","item":"https:\/\/informelitoral.com.ar\/"},{"@type":"ListItem","position":2,"name":"Invitan a la Fiesta Provincial de la Guitarra en Nogoy\u00e1"}]},{"@type":"WebSite","@id":"https:\/\/informelitoral.com.ar\/#website","url":"https:\/\/informelitoral.com.ar\/","name":"Informe Litoral","description":"&quot;Nos informamos&quot; ","publisher":{"@id":"https:\/\/informelitoral.com.ar\/#organization"},"potentialAction":[{"@type":"SearchAction","target":{"@type":"EntryPoint","urlTemplate":"https:\/\/informelitoral.com.ar\/?s={search_term_string}"},"query-input":{"@type":"PropertyValueSpecification","valueRequired":true,"valueName":"search_term_string"}}],"inLanguage":"es"},{"@type":"Organization","@id":"https:\/\/informelitoral.com.ar\/#organization","name":"Informe Litoral","url":"https:\/\/informelitoral.com.ar\/","logo":{"@type":"ImageObject","inLanguage":"es","@id":"https:\/\/informelitoral.com.ar\/#\/schema\/logo\/image\/","url":"https:\/\/informelitoral.com.ar\/%77%70%2d%63%6f%6e%74%65%6e%74\/uploads\/2021\/01\/circulo.png","contentUrl":"https:\/\/informelitoral.com.ar\/%77%70%2d%63%6f%6e%74%65%6e%74\/uploads\/2021\/01\/circulo.png","width":723,"height":731,"caption":"Informe Litoral"},"image":{"@id":"https:\/\/informelitoral.com.ar\/#\/schema\/logo\/image\/"},"sameAs":["https:\/\/www.facebook.com\/informelitoral\/","https:\/\/x.com\/InformeLitoral","https:\/\/www.instagram.com\/informelitoral\/","https:\/\/www.youtube.com\/channel\/UCua4Qvz8Icb6MYqhoq9xLXw"]},{"@type":"Person","@id":"https:\/\/informelitoral.com.ar\/#\/schema\/person\/b9d00407c836482871ef1d57bf8e3180","name":"Gonzalo Schmidt","image":{"@type":"ImageObject","inLanguage":"es","@id":"https:\/\/secure.gravatar.com\/avatar\/31a1a7b66ff2de83bd0e9fd79d026630d2d99e55e8bfe501287647b4fd9743de?s=96&d=mm&r=g","url":"https:\/\/secure.gravatar.com\/avatar\/31a1a7b66ff2de83bd0e9fd79d026630d2d99e55e8bfe501287647b4fd9743de?s=96&d=mm&r=g","contentUrl":"https:\/\/secure.gravatar.com\/avatar\/31a1a7b66ff2de83bd0e9fd79d026630d2d99e55e8bfe501287647b4fd9743de?s=96&d=mm&r=g","caption":"Gonzalo Schmidt"},"description":"Sitio web de noticias de la provincia de Entre R\u00edos, Argentina. Informaci\u00f3n y entretenimiento. Informe Litoral, nos informamos.","sameAs":["http:\/\/www.isletasnoticias.com.ar"],"url":"https:\/\/informelitoral.com.ar\/author\/gonzalo\/"}]}},"fifu_image_url":"https:\/\/www.senadoer.gob.ar\/wp-content\/uploads\/2025\/12\/DSC_7021-3226-860x573.jpg","_links":{"self":[{"href":"https:\/\/informelitoral.com.ar\/%77%70%2d%6a%73%6f%6e\/wp\/v2\/posts\/245115","targetHints":{"allow":["GET"]}}],"collection":[{"href":"https:\/\/informelitoral.com.ar\/%77%70%2d%6a%73%6f%6e\/wp\/v2\/posts"}],"about":[{"href":"https:\/\/informelitoral.com.ar\/%77%70%2d%6a%73%6f%6e\/wp\/v2\/types\/post"}],"author":[{"embeddable":true,"href":"https:\/\/informelitoral.com.ar\/%77%70%2d%6a%73%6f%6e\/wp\/v2\/users\/2"}],"replies":[{"embeddable":true,"href":"https:\/\/informelitoral.com.ar\/%77%70%2d%6a%73%6f%6e\/wp\/v2\/comments?post=245115"}],"version-history":[{"count":1,"href":"https:\/\/informelitoral.com.ar\/%77%70%2d%6a%73%6f%6e\/wp\/v2\/posts\/245115\/revisions"}],"predecessor-version":[{"id":245117,"href":"https:\/\/informelitoral.com.ar\/%77%70%2d%6a%73%6f%6e\/wp\/v2\/posts\/245115\/revisions\/245117"}],"wp:featuredmedia":[{"embeddable":true,"href":"https:\/\/informelitoral.com.ar\/%77%70%2d%6a%73%6f%6e\/wp\/v2\/media\/245116"}],"wp:attachment":[{"href":"https:\/\/informelitoral.com.ar\/%77%70%2d%6a%73%6f%6e\/wp\/v2\/media?parent=245115"}],"wp:term":[{"taxonomy":"category","embeddable":true,"href":"https:\/\/informelitoral.com.ar\/%77%70%2d%6a%73%6f%6e\/wp\/v2\/categories?post=245115"},{"taxonomy":"post_tag","embeddable":true,"href":"https:\/\/informelitoral.com.ar\/%77%70%2d%6a%73%6f%6e\/wp\/v2\/tags?post=245115"}],"curies":[{"name":"wp","href":"https:\/\/api.w.org\/{rel}","templated":true}]}}