{"id":245063,"date":"2025-12-29T10:45:23","date_gmt":"2025-12-29T13:45:23","guid":{"rendered":"https:\/\/informelitoral.com.ar\/?p=245063"},"modified":"2025-12-29T10:48:26","modified_gmt":"2025-12-29T13:48:26","slug":"un-motociclista-resulto-herido-tras-accidentarse-en-la-zona-rural-de-pueblo-general-alvear","status":"publish","type":"post","link":"https:\/\/informelitoral.com.ar\/un-motociclista-resulto-herido-tras-accidentarse-en-la-zona-rural-de-pueblo-general-alvear\/","title":{"rendered":"Un motociclista result\u00f3 herido tras accidentarse en la zona rural de General Alvear"},"content":{"rendered":"<p data-path-to-node=\"5\">Un operativo de prevenci\u00f3n rutinario en la zona rural de<b data-path-to-node=\"5\" data-index-in-node=\"57\">\u00a0General Alvear<\/b> deriv\u00f3 en la asistencia de un siniestro vial durante la ma\u00f1ana de este domingo. El personal policial de la comisar\u00eda local, que se encontraba recorriendo los caminos de la jurisdicci\u00f3n, fue alertado sobre la ca\u00edda de un motociclista en las inmediaciones.<\/p>\n<h6 data-path-to-node=\"5\"><em><strong>Del archivo:\u00a0<a href=\"https:\/\/informelitoral.com.ar\/nogoya-una-mujer-fue-internada-en-grave-estado-por-lesiones-en-el-cuello\/\" target=\"_blank\" rel=\"noopener\">Nogoy\u00e1: una mujer fue internada en grave estado por lesiones en el cuello<\/a><\/strong><\/em><\/h6>\n<p data-path-to-node=\"6\">Al arribar al lugar de los hechos, los efectivos constataron que un hombre de 32 a\u00f1os, domiciliado en la zona, hab\u00eda perdido el control de su motocicleta por causas que a\u00fan son materia de investigaci\u00f3n. El impacto contra el suelo le provoc\u00f3 diversas escoriaciones y golpes visibles en el cuerpo.<\/p>\n<p data-path-to-node=\"6\"><a href=\"https:\/\/drive.google.com\/thumbnail?id=15FuDt2LNyvKjH9ftAESYwOqZiEQypV2G&amp;sz=w2048\"><img loading=\"lazy\" decoding=\"async\" class=\"aligncenter wp-image-245064 size-large\" src=\"https:\/\/drive.google.com\/thumbnail?id=15FuDt2LNyvKjH9ftAESYwOqZiEQypV2G&amp;sz=w2048-h2048\" alt=\"\" width=\"1024\" height=\"1024\" \/><\/a><\/p>\n<p data-path-to-node=\"7\">Debido a la naturaleza del accidente, el conductor fue trasladado de inmediato al <b data-path-to-node=\"7\" data-index-in-node=\"82\">Hospital San Jos\u00e9 de Diamante<\/b>. En el centro asistencial recibi\u00f3 atenci\u00f3n m\u00e9dica especializada, donde se le realizaron las curaciones pertinentes. Tras los ex\u00e1menes de rigor, los profesionales de salud establecieron que las heridas no revest\u00edan gravedad, llevando tranquilidad a sus allegados.(<em>Informe Litoral<\/em>)<\/p>\n","protected":false},"excerpt":{"rendered":"<p>Tras ser asistido en el Hospital San Jos\u00e9 de Diamante, se confirm\u00f3 que las lesiones sufridas son de car\u00e1cter leve.<\/p>\n","protected":false},"author":8,"featured_media":242824,"comment_status":"open","ping_status":"open","sticky":false,"template":"","format":"standard","meta":{"fifu_image_url":"","fifu_image_alt":"","footnotes":""},"categories":[14],"tags":[304,186],"class_list":{"0":"post-245063","1":"post","2":"type-post","3":"status-publish","4":"format-standard","5":"has-post-thumbnail","7":"category-policiales","8":"tag-accidente-vial","9":"tag-general-alvear"},"yoast_head":"<title>Un motociclista result\u00f3 herido tras accidentarse en la zona rural de General Alvear - Informe Litoral<\/title>\n<meta name=\"robots\" content=\"index, follow, max-snippet:-1, max-image-preview:large, max-video-preview:-1\" \/>\n<link rel=\"canonical\" href=\"https:\/\/informelitoral.com.ar\/un-motociclista-resulto-herido-tras-accidentarse-en-la-zona-rural-de-pueblo-general-alvear\/\" \/>\n<meta property=\"og:locale\" content=\"es_ES\" \/>\n<meta property=\"og:type\" content=\"article\" \/>\n<meta property=\"og:title\" content=\"Un motociclista result\u00f3 herido tras accidentarse en la zona rural de General Alvear - Informe Litoral\" \/>\n<meta property=\"og:description\" content=\"Tras ser asistido en el Hospital San Jos\u00e9 de Diamante, se confirm\u00f3 que las lesiones sufridas son de car\u00e1cter leve.\" \/>\n<meta property=\"og:url\" content=\"https:\/\/informelitoral.com.ar\/un-motociclista-resulto-herido-tras-accidentarse-en-la-zona-rural-de-pueblo-general-alvear\/\" \/>\n<meta property=\"og:site_name\" content=\"Informe Litoral\" \/>\n<meta property=\"article:publisher\" content=\"https:\/\/www.facebook.com\/informelitoral\/\" \/>\n<meta property=\"article:published_time\" content=\"2025-12-29T13:45:23+00:00\" \/>\n<meta property=\"article:modified_time\" content=\"2025-12-29T13:48:26+00:00\" \/>\n<meta property=\"og:image\" content=\"https:\/\/drive.google.com\/thumbnail?id=1g4Wi4z0ZM63lRjrHsPIEgsvnwFqz9-ba&sz=w2048\" \/>\n\t<meta property=\"og:image:width\" content=\"718\" \/>\n\t<meta property=\"og:image:height\" content=\"569\" \/>\n\t<meta property=\"og:image:type\" content=\"image\/jpeg\" \/>\n<meta name=\"author\" content=\"Sebastian\" \/>\n<meta name=\"twitter:card\" content=\"summary_large_image\" \/>\n<meta name=\"twitter:creator\" content=\"@InformeLitoral\" \/>\n<meta name=\"twitter:site\" content=\"@InformeLitoral\" \/>\n<meta name=\"twitter:label1\" content=\"Escrito por\" \/>\n\t<meta name=\"twitter:data1\" content=\"Sebastian\" \/>\n\t<meta name=\"twitter:label2\" content=\"Tiempo de lectura\" \/>\n\t<meta name=\"twitter:data2\" content=\"2 minutos\" \/>\n<script type=\"application\/ld+json\" class=\"yoast-schema-graph\">{\"@context\":\"https:\\\/\\\/schema.org\",\"@graph\":[{\"@type\":\"Article\",\"@id\":\"https:\\\/\\\/informelitoral.com.ar\\\/un-motociclista-resulto-herido-tras-accidentarse-en-la-zona-rural-de-pueblo-general-alvear\\\/#article\",\"isPartOf\":{\"@id\":\"https:\\\/\\\/informelitoral.com.ar\\\/un-motociclista-resulto-herido-tras-accidentarse-en-la-zona-rural-de-pueblo-general-alvear\\\/\"},\"author\":{\"name\":\"Sebastian\",\"@id\":\"https:\\\/\\\/informelitoral.com.ar\\\/#\\\/schema\\\/person\\\/f05f9f461677119578717524b127d6d5\"},\"headline\":\"Un motociclista result\u00f3 herido tras accidentarse en la zona rural de General Alvear\",\"datePublished\":\"2025-12-29T13:45:23+00:00\",\"dateModified\":\"2025-12-29T13:48:26+00:00\",\"mainEntityOfPage\":{\"@id\":\"https:\\\/\\\/informelitoral.com.ar\\\/un-motociclista-resulto-herido-tras-accidentarse-en-la-zona-rural-de-pueblo-general-alvear\\\/\"},\"wordCount\":199,\"commentCount\":0,\"publisher\":{\"@id\":\"https:\\\/\\\/informelitoral.com.ar\\\/#organization\"},\"image\":{\"@id\":\"https:\\\/\\\/informelitoral.com.ar\\\/un-motociclista-resulto-herido-tras-accidentarse-en-la-zona-rural-de-pueblo-general-alvear\\\/#primaryimage\"},\"thumbnailUrl\":\"https:\\\/\\\/drive.google.com\\\/thumbnail?id=1g4Wi4z0ZM63lRjrHsPIEgsvnwFqz9-ba&sz=w2048\",\"keywords\":[\"Accidente vial\",\"General Alvear\"],\"articleSection\":[\"Policiales\"],\"inLanguage\":\"es\",\"potentialAction\":[{\"@type\":\"CommentAction\",\"name\":\"Comment\",\"target\":[\"https:\\\/\\\/informelitoral.com.ar\\\/un-motociclista-resulto-herido-tras-accidentarse-en-la-zona-rural-de-pueblo-general-alvear\\\/#respond\"]}]},{\"@type\":\"WebPage\",\"@id\":\"https:\\\/\\\/informelitoral.com.ar\\\/un-motociclista-resulto-herido-tras-accidentarse-en-la-zona-rural-de-pueblo-general-alvear\\\/\",\"url\":\"https:\\\/\\\/informelitoral.com.ar\\\/un-motociclista-resulto-herido-tras-accidentarse-en-la-zona-rural-de-pueblo-general-alvear\\\/\",\"name\":\"Un motociclista result\u00f3 herido tras accidentarse en la zona rural de General Alvear - Informe Litoral\",\"isPartOf\":{\"@id\":\"https:\\\/\\\/informelitoral.com.ar\\\/#website\"},\"primaryImageOfPage\":{\"@id\":\"https:\\\/\\\/informelitoral.com.ar\\\/un-motociclista-resulto-herido-tras-accidentarse-en-la-zona-rural-de-pueblo-general-alvear\\\/#primaryimage\"},\"image\":{\"@id\":\"https:\\\/\\\/informelitoral.com.ar\\\/un-motociclista-resulto-herido-tras-accidentarse-en-la-zona-rural-de-pueblo-general-alvear\\\/#primaryimage\"},\"thumbnailUrl\":\"https:\\\/\\\/drive.google.com\\\/thumbnail?id=1g4Wi4z0ZM63lRjrHsPIEgsvnwFqz9-ba&sz=w2048\",\"datePublished\":\"2025-12-29T13:45:23+00:00\",\"dateModified\":\"2025-12-29T13:48:26+00:00\",\"breadcrumb\":{\"@id\":\"https:\\\/\\\/informelitoral.com.ar\\\/un-motociclista-resulto-herido-tras-accidentarse-en-la-zona-rural-de-pueblo-general-alvear\\\/#breadcrumb\"},\"inLanguage\":\"es\",\"potentialAction\":[{\"@type\":\"ReadAction\",\"target\":[\"https:\\\/\\\/informelitoral.com.ar\\\/un-motociclista-resulto-herido-tras-accidentarse-en-la-zona-rural-de-pueblo-general-alvear\\\/\"]}]},{\"@type\":\"ImageObject\",\"inLanguage\":\"es\",\"@id\":\"https:\\\/\\\/informelitoral.com.ar\\\/un-motociclista-resulto-herido-tras-accidentarse-en-la-zona-rural-de-pueblo-general-alvear\\\/#primaryimage\",\"url\":\"https:\\\/\\\/drive.google.com\\\/thumbnail?id=1g4Wi4z0ZM63lRjrHsPIEgsvnwFqz9-ba&sz=w2048\",\"contentUrl\":\"https:\\\/\\\/drive.google.com\\\/thumbnail?id=1g4Wi4z0ZM63lRjrHsPIEgsvnwFqz9-ba&sz=w2048\",\"width\":718,\"height\":569,\"caption\":\"Imagen ilustrativa\"},{\"@type\":\"BreadcrumbList\",\"@id\":\"https:\\\/\\\/informelitoral.com.ar\\\/un-motociclista-resulto-herido-tras-accidentarse-en-la-zona-rural-de-pueblo-general-alvear\\\/#breadcrumb\",\"itemListElement\":[{\"@type\":\"ListItem\",\"position\":1,\"name\":\"Portada\",\"item\":\"https:\\\/\\\/informelitoral.com.ar\\\/\"},{\"@type\":\"ListItem\",\"position\":2,\"name\":\"Un motociclista result\u00f3 herido tras accidentarse en la zona rural de General Alvear\"}]},{\"@type\":\"WebSite\",\"@id\":\"https:\\\/\\\/informelitoral.com.ar\\\/#website\",\"url\":\"https:\\\/\\\/informelitoral.com.ar\\\/\",\"name\":\"Informe Litoral\",\"description\":\"&quot;Nos informamos&quot; \",\"publisher\":{\"@id\":\"https:\\\/\\\/informelitoral.com.ar\\\/#organization\"},\"potentialAction\":[{\"@type\":\"SearchAction\",\"target\":{\"@type\":\"EntryPoint\",\"urlTemplate\":\"https:\\\/\\\/informelitoral.com.ar\\\/?s={search_term_string}\"},\"query-input\":{\"@type\":\"PropertyValueSpecification\",\"valueRequired\":true,\"valueName\":\"search_term_string\"}}],\"inLanguage\":\"es\"},{\"@type\":\"Organization\",\"@id\":\"https:\\\/\\\/informelitoral.com.ar\\\/#organization\",\"name\":\"Informe Litoral\",\"url\":\"https:\\\/\\\/informelitoral.com.ar\\\/\",\"logo\":{\"@type\":\"ImageObject\",\"inLanguage\":\"es\",\"@id\":\"https:\\\/\\\/informelitoral.com.ar\\\/#\\\/schema\\\/logo\\\/image\\\/\",\"url\":\"https:\\\/\\\/informelitoral.com.ar\\\/%77%70%2d%63%6f%6e%74%65%6e%74\\\/uploads\\\/2021\\\/01\\\/circulo.png\",\"contentUrl\":\"https:\\\/\\\/informelitoral.com.ar\\\/%77%70%2d%63%6f%6e%74%65%6e%74\\\/uploads\\\/2021\\\/01\\\/circulo.png\",\"width\":723,\"height\":731,\"caption\":\"Informe Litoral\"},\"image\":{\"@id\":\"https:\\\/\\\/informelitoral.com.ar\\\/#\\\/schema\\\/logo\\\/image\\\/\"},\"sameAs\":[\"https:\\\/\\\/www.facebook.com\\\/informelitoral\\\/\",\"https:\\\/\\\/x.com\\\/InformeLitoral\",\"https:\\\/\\\/www.instagram.com\\\/informelitoral\\\/\",\"https:\\\/\\\/www.youtube.com\\\/channel\\\/UCua4Qvz8Icb6MYqhoq9xLXw\"]},{\"@type\":\"Person\",\"@id\":\"https:\\\/\\\/informelitoral.com.ar\\\/#\\\/schema\\\/person\\\/f05f9f461677119578717524b127d6d5\",\"name\":\"Sebastian\",\"image\":{\"@type\":\"ImageObject\",\"inLanguage\":\"es\",\"@id\":\"https:\\\/\\\/secure.gravatar.com\\\/avatar\\\/b71bf7481d447dfb9583c7f2798e7cc64de6efb9067b74633ed8c31059a3bd82?s=96&d=mm&r=g\",\"url\":\"https:\\\/\\\/secure.gravatar.com\\\/avatar\\\/b71bf7481d447dfb9583c7f2798e7cc64de6efb9067b74633ed8c31059a3bd82?s=96&d=mm&r=g\",\"contentUrl\":\"https:\\\/\\\/secure.gravatar.com\\\/avatar\\\/b71bf7481d447dfb9583c7f2798e7cc64de6efb9067b74633ed8c31059a3bd82?s=96&d=mm&r=g\",\"caption\":\"Sebastian\"},\"url\":\"https:\\\/\\\/informelitoral.com.ar\\\/author\\\/sebastian\\\/\"}]}<\/script>","yoast_head_json":{"title":"Un motociclista result\u00f3 herido tras accidentarse en la zona rural de General Alvear - Informe Litoral","robots":{"index":"index","follow":"follow","max-snippet":"max-snippet:-1","max-image-preview":"max-image-preview:large","max-video-preview":"max-video-preview:-1"},"canonical":"https:\/\/informelitoral.com.ar\/un-motociclista-resulto-herido-tras-accidentarse-en-la-zona-rural-de-pueblo-general-alvear\/","og_locale":"es_ES","og_type":"article","og_title":"Un motociclista result\u00f3 herido tras accidentarse en la zona rural de General Alvear - Informe Litoral","og_description":"Tras ser asistido en el Hospital San Jos\u00e9 de Diamante, se confirm\u00f3 que las lesiones sufridas son de car\u00e1cter leve.","og_url":"https:\/\/informelitoral.com.ar\/un-motociclista-resulto-herido-tras-accidentarse-en-la-zona-rural-de-pueblo-general-alvear\/","og_site_name":"Informe Litoral","article_publisher":"https:\/\/www.facebook.com\/informelitoral\/","article_published_time":"2025-12-29T13:45:23+00:00","article_modified_time":"2025-12-29T13:48:26+00:00","og_image":[{"width":718,"height":569,"url":"https:\/\/drive.google.com\/thumbnail?id=1g4Wi4z0ZM63lRjrHsPIEgsvnwFqz9-ba&sz=w2048","type":"image\/jpeg"}],"author":"Sebastian","twitter_card":"summary_large_image","twitter_creator":"@InformeLitoral","twitter_site":"@InformeLitoral","twitter_misc":{"Escrito por":"Sebastian","Tiempo de lectura":"2 minutos"},"schema":{"@context":"https:\/\/schema.org","@graph":[{"@type":"Article","@id":"https:\/\/informelitoral.com.ar\/un-motociclista-resulto-herido-tras-accidentarse-en-la-zona-rural-de-pueblo-general-alvear\/#article","isPartOf":{"@id":"https:\/\/informelitoral.com.ar\/un-motociclista-resulto-herido-tras-accidentarse-en-la-zona-rural-de-pueblo-general-alvear\/"},"author":{"name":"Sebastian","@id":"https:\/\/informelitoral.com.ar\/#\/schema\/person\/f05f9f461677119578717524b127d6d5"},"headline":"Un motociclista result\u00f3 herido tras accidentarse en la zona rural de General Alvear","datePublished":"2025-12-29T13:45:23+00:00","dateModified":"2025-12-29T13:48:26+00:00","mainEntityOfPage":{"@id":"https:\/\/informelitoral.com.ar\/un-motociclista-resulto-herido-tras-accidentarse-en-la-zona-rural-de-pueblo-general-alvear\/"},"wordCount":199,"commentCount":0,"publisher":{"@id":"https:\/\/informelitoral.com.ar\/#organization"},"image":{"@id":"https:\/\/informelitoral.com.ar\/un-motociclista-resulto-herido-tras-accidentarse-en-la-zona-rural-de-pueblo-general-alvear\/#primaryimage"},"thumbnailUrl":"https:\/\/drive.google.com\/thumbnail?id=1g4Wi4z0ZM63lRjrHsPIEgsvnwFqz9-ba&sz=w2048","keywords":["Accidente vial","General Alvear"],"articleSection":["Policiales"],"inLanguage":"es","potentialAction":[{"@type":"CommentAction","name":"Comment","target":["https:\/\/informelitoral.com.ar\/un-motociclista-resulto-herido-tras-accidentarse-en-la-zona-rural-de-pueblo-general-alvear\/#respond"]}]},{"@type":"WebPage","@id":"https:\/\/informelitoral.com.ar\/un-motociclista-resulto-herido-tras-accidentarse-en-la-zona-rural-de-pueblo-general-alvear\/","url":"https:\/\/informelitoral.com.ar\/un-motociclista-resulto-herido-tras-accidentarse-en-la-zona-rural-de-pueblo-general-alvear\/","name":"Un motociclista result\u00f3 herido tras accidentarse en la zona rural de General Alvear - Informe Litoral","isPartOf":{"@id":"https:\/\/informelitoral.com.ar\/#website"},"primaryImageOfPage":{"@id":"https:\/\/informelitoral.com.ar\/un-motociclista-resulto-herido-tras-accidentarse-en-la-zona-rural-de-pueblo-general-alvear\/#primaryimage"},"image":{"@id":"https:\/\/informelitoral.com.ar\/un-motociclista-resulto-herido-tras-accidentarse-en-la-zona-rural-de-pueblo-general-alvear\/#primaryimage"},"thumbnailUrl":"https:\/\/drive.google.com\/thumbnail?id=1g4Wi4z0ZM63lRjrHsPIEgsvnwFqz9-ba&sz=w2048","datePublished":"2025-12-29T13:45:23+00:00","dateModified":"2025-12-29T13:48:26+00:00","breadcrumb":{"@id":"https:\/\/informelitoral.com.ar\/un-motociclista-resulto-herido-tras-accidentarse-en-la-zona-rural-de-pueblo-general-alvear\/#breadcrumb"},"inLanguage":"es","potentialAction":[{"@type":"ReadAction","target":["https:\/\/informelitoral.com.ar\/un-motociclista-resulto-herido-tras-accidentarse-en-la-zona-rural-de-pueblo-general-alvear\/"]}]},{"@type":"ImageObject","inLanguage":"es","@id":"https:\/\/informelitoral.com.ar\/un-motociclista-resulto-herido-tras-accidentarse-en-la-zona-rural-de-pueblo-general-alvear\/#primaryimage","url":"https:\/\/drive.google.com\/thumbnail?id=1g4Wi4z0ZM63lRjrHsPIEgsvnwFqz9-ba&sz=w2048","contentUrl":"https:\/\/drive.google.com\/thumbnail?id=1g4Wi4z0ZM63lRjrHsPIEgsvnwFqz9-ba&sz=w2048","width":718,"height":569,"caption":"Imagen ilustrativa"},{"@type":"BreadcrumbList","@id":"https:\/\/informelitoral.com.ar\/un-motociclista-resulto-herido-tras-accidentarse-en-la-zona-rural-de-pueblo-general-alvear\/#breadcrumb","itemListElement":[{"@type":"ListItem","position":1,"name":"Portada","item":"https:\/\/informelitoral.com.ar\/"},{"@type":"ListItem","position":2,"name":"Un motociclista result\u00f3 herido tras accidentarse en la zona rural de General Alvear"}]},{"@type":"WebSite","@id":"https:\/\/informelitoral.com.ar\/#website","url":"https:\/\/informelitoral.com.ar\/","name":"Informe Litoral","description":"&quot;Nos informamos&quot; ","publisher":{"@id":"https:\/\/informelitoral.com.ar\/#organization"},"potentialAction":[{"@type":"SearchAction","target":{"@type":"EntryPoint","urlTemplate":"https:\/\/informelitoral.com.ar\/?s={search_term_string}"},"query-input":{"@type":"PropertyValueSpecification","valueRequired":true,"valueName":"search_term_string"}}],"inLanguage":"es"},{"@type":"Organization","@id":"https:\/\/informelitoral.com.ar\/#organization","name":"Informe Litoral","url":"https:\/\/informelitoral.com.ar\/","logo":{"@type":"ImageObject","inLanguage":"es","@id":"https:\/\/informelitoral.com.ar\/#\/schema\/logo\/image\/","url":"https:\/\/informelitoral.com.ar\/%77%70%2d%63%6f%6e%74%65%6e%74\/uploads\/2021\/01\/circulo.png","contentUrl":"https:\/\/informelitoral.com.ar\/%77%70%2d%63%6f%6e%74%65%6e%74\/uploads\/2021\/01\/circulo.png","width":723,"height":731,"caption":"Informe Litoral"},"image":{"@id":"https:\/\/informelitoral.com.ar\/#\/schema\/logo\/image\/"},"sameAs":["https:\/\/www.facebook.com\/informelitoral\/","https:\/\/x.com\/InformeLitoral","https:\/\/www.instagram.com\/informelitoral\/","https:\/\/www.youtube.com\/channel\/UCua4Qvz8Icb6MYqhoq9xLXw"]},{"@type":"Person","@id":"https:\/\/informelitoral.com.ar\/#\/schema\/person\/f05f9f461677119578717524b127d6d5","name":"Sebastian","image":{"@type":"ImageObject","inLanguage":"es","@id":"https:\/\/secure.gravatar.com\/avatar\/b71bf7481d447dfb9583c7f2798e7cc64de6efb9067b74633ed8c31059a3bd82?s=96&d=mm&r=g","url":"https:\/\/secure.gravatar.com\/avatar\/b71bf7481d447dfb9583c7f2798e7cc64de6efb9067b74633ed8c31059a3bd82?s=96&d=mm&r=g","contentUrl":"https:\/\/secure.gravatar.com\/avatar\/b71bf7481d447dfb9583c7f2798e7cc64de6efb9067b74633ed8c31059a3bd82?s=96&d=mm&r=g","caption":"Sebastian"},"url":"https:\/\/informelitoral.com.ar\/author\/sebastian\/"}]}},"_links":{"self":[{"href":"https:\/\/informelitoral.com.ar\/%77%70%2d%6a%73%6f%6e\/wp\/v2\/posts\/245063","targetHints":{"allow":["GET"]}}],"collection":[{"href":"https:\/\/informelitoral.com.ar\/%77%70%2d%6a%73%6f%6e\/wp\/v2\/posts"}],"about":[{"href":"https:\/\/informelitoral.com.ar\/%77%70%2d%6a%73%6f%6e\/wp\/v2\/types\/post"}],"author":[{"embeddable":true,"href":"https:\/\/informelitoral.com.ar\/%77%70%2d%6a%73%6f%6e\/wp\/v2\/users\/8"}],"replies":[{"embeddable":true,"href":"https:\/\/informelitoral.com.ar\/%77%70%2d%6a%73%6f%6e\/wp\/v2\/comments?post=245063"}],"version-history":[{"count":2,"href":"https:\/\/informelitoral.com.ar\/%77%70%2d%6a%73%6f%6e\/wp\/v2\/posts\/245063\/revisions"}],"predecessor-version":[{"id":245066,"href":"https:\/\/informelitoral.com.ar\/%77%70%2d%6a%73%6f%6e\/wp\/v2\/posts\/245063\/revisions\/245066"}],"wp:featuredmedia":[{"embeddable":true,"href":"https:\/\/informelitoral.com.ar\/%77%70%2d%6a%73%6f%6e\/wp\/v2\/media\/242824"}],"wp:attachment":[{"href":"https:\/\/informelitoral.com.ar\/%77%70%2d%6a%73%6f%6e\/wp\/v2\/media?parent=245063"}],"wp:term":[{"taxonomy":"category","embeddable":true,"href":"https:\/\/informelitoral.com.ar\/%77%70%2d%6a%73%6f%6e\/wp\/v2\/categories?post=245063"},{"taxonomy":"post_tag","embeddable":true,"href":"https:\/\/informelitoral.com.ar\/%77%70%2d%6a%73%6f%6e\/wp\/v2\/tags?post=245063"}],"curies":[{"name":"wp","href":"https:\/\/api.w.org\/{rel}","templated":true}]}}