{"id":245031,"date":"2025-12-29T09:10:26","date_gmt":"2025-12-29T12:10:26","guid":{"rendered":"https:\/\/informelitoral.com.ar\/?p=245031"},"modified":"2025-12-29T09:13:58","modified_gmt":"2025-12-29T12:13:58","slug":"lanzan-una-guia-digital-para-agilizar-el-cruce-por-el-puente-internacional-artigas","status":"publish","type":"post","link":"https:\/\/informelitoral.com.ar\/lanzan-una-guia-digital-para-agilizar-el-cruce-por-el-puente-internacional-artigas\/","title":{"rendered":"Lanzaron una gu\u00eda digital para agilizar el cruce por el Puente Internacional Artigas"},"content":{"rendered":"<p data-path-to-node=\"5\">Ante el notable incremento de veh\u00edculos con destino a la Rep\u00fablica Oriental del Uruguay, la <b data-path-to-node=\"5\" data-index-in-node=\"92\">Seccional Col\u00f3n de Gendarmer\u00eda Nacional<\/b> y la <b data-path-to-node=\"5\" data-index-in-node=\"137\">Municipalidad de Col\u00f3n<\/b> informaron la puesta en marcha de un dispositivo especial de seguridad y asistencia al viajero. Las tareas se concentran en la <b data-path-to-node=\"5\" data-index-in-node=\"287\">Ruta Nacional N.\u00ba 135<\/b>, a la altura del kil\u00f3metro 13, punto estrat\u00e9gico para el acceso al Puente Internacional \u00abGeneral Gervasio Artigas\u00bb.<\/p>\n<h6 data-path-to-node=\"5\"><em><strong>Del archivo:\u00a0<a href=\"https:\/\/informelitoral.com.ar\/se-confirmo-la-cartelera-de-la-fiesta-nacional-de-la-artesania-2026-abel-pintos-la-konga-y-la-beriso-encabezan-el-festival\/\" target=\"_blank\" rel=\"noopener\">Col\u00f3n: confirmaron la cartelera de la Fiesta Nacional de la Artesan\u00eda 2026<\/a><\/strong><\/em><\/h6>\n<p data-path-to-node=\"6\">El operativo responde a la saturaci\u00f3n del sector de egreso de Argentina, producto del inicio de la temporada y el movimiento tur\u00edstico regional. Personal de la fuerza de seguridad, dependiente del Escuadr\u00f3n 6 \u00abConcepci\u00f3n del Uruguay\u00bb, se encuentra en el lugar realizando tareas de <b data-path-to-node=\"6\" data-index-in-node=\"281\">prevenci\u00f3n y ordenamiento vial<\/b> para garantizar la seguridad de los conductores y optimizar la circulaci\u00f3n en la zona.<\/p>\n<p data-path-to-node=\"8\">Como parte de esta estrategia conjunta para agilizar los tr\u00e1mites, se ha puesto a disposici\u00f3n de los usuarios un <b data-path-to-node=\"8\" data-index-in-node=\"113\">c\u00f3digo QR oficial<\/b>. A trav\u00e9s de este sistema, los viajeros pueden consultar de forma instant\u00e1nea desde sus dispositivos m\u00f3viles todos los requisitos legales y la documentaci\u00f3n necesaria para entrar o salir del pa\u00eds, evitando as\u00ed demoras adicionales en las cabinas de control.<\/p>\n<p data-path-to-node=\"6\"><img decoding=\"async\" src=\"https:\/\/scontent.fpra1-1.fna.fbcdn.net\/v\/t51.82787-15\/607726009_18333088894243331_7521211406505224549_n.webp?stp=dst-jpg_tt6&amp;_nc_cat=111&amp;ccb=1-7&amp;_nc_sid=127cfc&amp;_nc_eui2=AeHgG864ZyiSd_1ke50TQRR8J5uNDjU3aqsnm40ONTdqq-cmIT0-deOcP22TcxC8d1vega7abGl56KAaWImgc3mm&amp;_nc_ohc=zNkEccbBYxoQ7kNvwERsKAz&amp;_nc_oc=AdlsZukRZ5h6m3dPTP5r3eRnH5gfmKckT4cpZoHdrKQsNsz62Td7ENb-WgPKG24jUU4&amp;_nc_zt=23&amp;_nc_ht=scontent.fpra1-1.fna&amp;_nc_gid=5YM0KsUBa4RVGzZLcqgBNQ&amp;oh=00_AflsPcjQ1MV0D7hrRLPZVUDY_jGJuts_LJ75R5JAP__qTA&amp;oe=6958425F\" alt=\"Puede ser una imagen de texto que dice &quot;Requisitos de Ingreso y egreso al pa\u00eds Escane\u00e1 el c\u00f3digo QR desde tu celular para conocer todos los requisitos necesarios. \u76df 1 Migraciones Mininteriode de Seguridad SeguridadNauional Nacional&quot;\" \/><\/p>\n<h2 data-path-to-node=\"9\"><strong>Operatividad en la frontera<\/strong><\/h2>\n<p data-path-to-node=\"10\">El reporte oficial detalla que los organismos de ambos pa\u00edses est\u00e1n trabajando al m\u00e1ximo de sus capacidades:<\/p>\n<ul data-path-to-node=\"11\">\n<li>\n<p data-path-to-node=\"11,0,0\"><b data-path-to-node=\"11,0,0\" data-index-in-node=\"0\">Lado Uruguayo:<\/b> Migraciones de Uruguay opera actualmente con <b data-path-to-node=\"11,0,0\" data-index-in-node=\"60\">seis carriles habilitados<\/b> para dar respuesta a la alta demanda de ingresos.<\/p>\n<\/li>\n<li>\n<p data-path-to-node=\"11,1,0\"><b data-path-to-node=\"11,1,0\" data-index-in-node=\"0\">Lado Argentino:<\/b> El ingreso a la Rep\u00fablica Argentina se mantiene con <b data-path-to-node=\"11,1,0\" data-index-in-node=\"68\">circulaci\u00f3n normal<\/b> dentro del \u00c1rea de Control Integrado (ACI), con dos carriles de atenci\u00f3n funcionando con fluidez.<\/p>\n<\/li>\n<\/ul>\n<p data-path-to-node=\"8\">(<em>Informe Litoral<\/em>)<\/p>\n<h6 data-path-to-node=\"11\"><strong><em>Del archivo:\u00a0<a href=\"https:\/\/informelitoral.com.ar\/colon-se-posiciono-como-protagonista-en-el-lanzamiento-oficial-de-la-temporada-entre-rios-2025-2026\/\" target=\"_blank\" rel=\"noopener\">Col\u00f3n se posicion\u00f3 como protagonista en el lanzamiento oficial de la temporada Entre R\u00edos 2025\/2026<\/a><\/em><\/strong><\/h6>\n","protected":false},"excerpt":{"rendered":"<p>El operativo de seguridad se desarrolla en conjunto con el Municipio de Col\u00f3n para ordenar el intenso tr\u00e1nsito en la Ruta 135 y facilitar los tr\u00e1mites migratorios.<\/p>\n","protected":false},"author":8,"featured_media":245032,"comment_status":"open","ping_status":"open","sticky":false,"template":"","format":"standard","meta":{"fifu_image_url":"https:\/\/media.elentrerios.com\/fotos-v2\/2025\/12\/26\/l_1766762812.jpg","fifu_image_alt":"","footnotes":""},"categories":[6],"tags":[246,1341,727,6263,594],"class_list":{"0":"post-245031","1":"post","2":"type-post","3":"status-publish","4":"format-standard","5":"has-post-thumbnail","7":"category-entre-rios","8":"tag-argentina","9":"tag-colon","10":"tag-fronteras","11":"tag-municipalidad-de-colon","12":"tag-uruguay"},"yoast_head":"<title>Lanzaron una gu\u00eda digital para agilizar el cruce por el Puente Internacional Artigas - Informe Litoral<\/title>\n<meta name=\"robots\" content=\"index, follow, max-snippet:-1, max-image-preview:large, max-video-preview:-1\" \/>\n<link rel=\"canonical\" href=\"https:\/\/informelitoral.com.ar\/lanzan-una-guia-digital-para-agilizar-el-cruce-por-el-puente-internacional-artigas\/\" \/>\n<meta property=\"og:locale\" content=\"es_ES\" \/>\n<meta property=\"og:type\" content=\"article\" \/>\n<meta property=\"og:title\" content=\"Lanzaron una gu\u00eda digital para agilizar el cruce por el Puente Internacional Artigas - Informe Litoral\" \/>\n<meta property=\"og:description\" content=\"El operativo de seguridad se desarrolla en conjunto con el Municipio de Col\u00f3n para ordenar el intenso tr\u00e1nsito en la Ruta 135 y facilitar los tr\u00e1mites migratorios.\" \/>\n<meta property=\"og:url\" content=\"https:\/\/informelitoral.com.ar\/lanzan-una-guia-digital-para-agilizar-el-cruce-por-el-puente-internacional-artigas\/\" \/>\n<meta property=\"og:site_name\" content=\"Informe Litoral\" \/>\n<meta property=\"article:publisher\" content=\"https:\/\/www.facebook.com\/informelitoral\/\" \/>\n<meta property=\"article:published_time\" content=\"2025-12-29T12:10:26+00:00\" \/>\n<meta property=\"article:modified_time\" content=\"2025-12-29T12:13:58+00:00\" \/>\n<meta property=\"og:image\" content=\"https:\/\/media.elentrerios.com\/fotos-v2\/2025\/12\/26\/l_1766762812.jpg\" \/>\n<meta name=\"author\" content=\"Sebastian\" \/>\n<meta name=\"twitter:card\" content=\"summary_large_image\" \/>\n<meta name=\"twitter:image\" content=\"https:\/\/media.elentrerios.com\/fotos-v2\/2025\/12\/26\/l_1766762812.jpg\" \/>\n<meta name=\"twitter:creator\" content=\"@InformeLitoral\" \/>\n<meta name=\"twitter:site\" content=\"@InformeLitoral\" \/>\n<meta name=\"twitter:label1\" content=\"Escrito por\" \/>\n\t<meta name=\"twitter:data1\" content=\"Sebastian\" \/>\n\t<meta name=\"twitter:label2\" content=\"Tiempo de lectura\" \/>\n\t<meta name=\"twitter:data2\" content=\"2 minutos\" \/>\n<script type=\"application\/ld+json\" class=\"yoast-schema-graph\">{\"@context\":\"https:\\\/\\\/schema.org\",\"@graph\":[{\"@type\":\"Article\",\"@id\":\"https:\\\/\\\/informelitoral.com.ar\\\/lanzan-una-guia-digital-para-agilizar-el-cruce-por-el-puente-internacional-artigas\\\/#article\",\"isPartOf\":{\"@id\":\"https:\\\/\\\/informelitoral.com.ar\\\/lanzan-una-guia-digital-para-agilizar-el-cruce-por-el-puente-internacional-artigas\\\/\"},\"author\":{\"name\":\"Sebastian\",\"@id\":\"https:\\\/\\\/informelitoral.com.ar\\\/#\\\/schema\\\/person\\\/f05f9f461677119578717524b127d6d5\"},\"headline\":\"Lanzaron una gu\u00eda digital para agilizar el cruce por el Puente Internacional Artigas\",\"datePublished\":\"2025-12-29T12:10:26+00:00\",\"dateModified\":\"2025-12-29T12:13:58+00:00\",\"mainEntityOfPage\":{\"@id\":\"https:\\\/\\\/informelitoral.com.ar\\\/lanzan-una-guia-digital-para-agilizar-el-cruce-por-el-puente-internacional-artigas\\\/\"},\"wordCount\":332,\"commentCount\":0,\"publisher\":{\"@id\":\"https:\\\/\\\/informelitoral.com.ar\\\/#organization\"},\"image\":{\"@id\":\"https:\\\/\\\/informelitoral.com.ar\\\/lanzan-una-guia-digital-para-agilizar-el-cruce-por-el-puente-internacional-artigas\\\/#primaryimage\"},\"thumbnailUrl\":\"https:\\\/\\\/media.elentrerios.com\\\/fotos-v2\\\/2025\\\/12\\\/26\\\/l_1766762812.jpg\",\"keywords\":[\"Argentina\",\"Col\u00f3n\",\"Fronteras\",\"Municipalidad de Col\u00f3n\",\"Uruguay\"],\"articleSection\":[\"Entre R\u00edos\"],\"inLanguage\":\"es\",\"potentialAction\":[{\"@type\":\"CommentAction\",\"name\":\"Comment\",\"target\":[\"https:\\\/\\\/informelitoral.com.ar\\\/lanzan-una-guia-digital-para-agilizar-el-cruce-por-el-puente-internacional-artigas\\\/#respond\"]}]},{\"@type\":\"WebPage\",\"@id\":\"https:\\\/\\\/informelitoral.com.ar\\\/lanzan-una-guia-digital-para-agilizar-el-cruce-por-el-puente-internacional-artigas\\\/\",\"url\":\"https:\\\/\\\/informelitoral.com.ar\\\/lanzan-una-guia-digital-para-agilizar-el-cruce-por-el-puente-internacional-artigas\\\/\",\"name\":\"Lanzaron una gu\u00eda digital para agilizar el cruce por el Puente Internacional Artigas - Informe Litoral\",\"isPartOf\":{\"@id\":\"https:\\\/\\\/informelitoral.com.ar\\\/#website\"},\"primaryImageOfPage\":{\"@id\":\"https:\\\/\\\/informelitoral.com.ar\\\/lanzan-una-guia-digital-para-agilizar-el-cruce-por-el-puente-internacional-artigas\\\/#primaryimage\"},\"image\":{\"@id\":\"https:\\\/\\\/informelitoral.com.ar\\\/lanzan-una-guia-digital-para-agilizar-el-cruce-por-el-puente-internacional-artigas\\\/#primaryimage\"},\"thumbnailUrl\":\"https:\\\/\\\/media.elentrerios.com\\\/fotos-v2\\\/2025\\\/12\\\/26\\\/l_1766762812.jpg\",\"datePublished\":\"2025-12-29T12:10:26+00:00\",\"dateModified\":\"2025-12-29T12:13:58+00:00\",\"breadcrumb\":{\"@id\":\"https:\\\/\\\/informelitoral.com.ar\\\/lanzan-una-guia-digital-para-agilizar-el-cruce-por-el-puente-internacional-artigas\\\/#breadcrumb\"},\"inLanguage\":\"es\",\"potentialAction\":[{\"@type\":\"ReadAction\",\"target\":[\"https:\\\/\\\/informelitoral.com.ar\\\/lanzan-una-guia-digital-para-agilizar-el-cruce-por-el-puente-internacional-artigas\\\/\"]}]},{\"@type\":\"ImageObject\",\"inLanguage\":\"es\",\"@id\":\"https:\\\/\\\/informelitoral.com.ar\\\/lanzan-una-guia-digital-para-agilizar-el-cruce-por-el-puente-internacional-artigas\\\/#primaryimage\",\"url\":\"https:\\\/\\\/media.elentrerios.com\\\/fotos-v2\\\/2025\\\/12\\\/26\\\/l_1766762812.jpg\",\"contentUrl\":\"https:\\\/\\\/media.elentrerios.com\\\/fotos-v2\\\/2025\\\/12\\\/26\\\/l_1766762812.jpg\",\"width\":\"870\",\"height\":\"580\"},{\"@type\":\"BreadcrumbList\",\"@id\":\"https:\\\/\\\/informelitoral.com.ar\\\/lanzan-una-guia-digital-para-agilizar-el-cruce-por-el-puente-internacional-artigas\\\/#breadcrumb\",\"itemListElement\":[{\"@type\":\"ListItem\",\"position\":1,\"name\":\"Portada\",\"item\":\"https:\\\/\\\/informelitoral.com.ar\\\/\"},{\"@type\":\"ListItem\",\"position\":2,\"name\":\"Lanzaron una gu\u00eda digital para agilizar el cruce por el Puente Internacional Artigas\"}]},{\"@type\":\"WebSite\",\"@id\":\"https:\\\/\\\/informelitoral.com.ar\\\/#website\",\"url\":\"https:\\\/\\\/informelitoral.com.ar\\\/\",\"name\":\"Informe Litoral\",\"description\":\"&quot;Nos informamos&quot; \",\"publisher\":{\"@id\":\"https:\\\/\\\/informelitoral.com.ar\\\/#organization\"},\"potentialAction\":[{\"@type\":\"SearchAction\",\"target\":{\"@type\":\"EntryPoint\",\"urlTemplate\":\"https:\\\/\\\/informelitoral.com.ar\\\/?s={search_term_string}\"},\"query-input\":{\"@type\":\"PropertyValueSpecification\",\"valueRequired\":true,\"valueName\":\"search_term_string\"}}],\"inLanguage\":\"es\"},{\"@type\":\"Organization\",\"@id\":\"https:\\\/\\\/informelitoral.com.ar\\\/#organization\",\"name\":\"Informe Litoral\",\"url\":\"https:\\\/\\\/informelitoral.com.ar\\\/\",\"logo\":{\"@type\":\"ImageObject\",\"inLanguage\":\"es\",\"@id\":\"https:\\\/\\\/informelitoral.com.ar\\\/#\\\/schema\\\/logo\\\/image\\\/\",\"url\":\"https:\\\/\\\/informelitoral.com.ar\\\/%77%70%2d%63%6f%6e%74%65%6e%74\\\/uploads\\\/2021\\\/01\\\/circulo.png\",\"contentUrl\":\"https:\\\/\\\/informelitoral.com.ar\\\/%77%70%2d%63%6f%6e%74%65%6e%74\\\/uploads\\\/2021\\\/01\\\/circulo.png\",\"width\":723,\"height\":731,\"caption\":\"Informe Litoral\"},\"image\":{\"@id\":\"https:\\\/\\\/informelitoral.com.ar\\\/#\\\/schema\\\/logo\\\/image\\\/\"},\"sameAs\":[\"https:\\\/\\\/www.facebook.com\\\/informelitoral\\\/\",\"https:\\\/\\\/x.com\\\/InformeLitoral\",\"https:\\\/\\\/www.instagram.com\\\/informelitoral\\\/\",\"https:\\\/\\\/www.youtube.com\\\/channel\\\/UCua4Qvz8Icb6MYqhoq9xLXw\"]},{\"@type\":\"Person\",\"@id\":\"https:\\\/\\\/informelitoral.com.ar\\\/#\\\/schema\\\/person\\\/f05f9f461677119578717524b127d6d5\",\"name\":\"Sebastian\",\"image\":{\"@type\":\"ImageObject\",\"inLanguage\":\"es\",\"@id\":\"https:\\\/\\\/secure.gravatar.com\\\/avatar\\\/b71bf7481d447dfb9583c7f2798e7cc64de6efb9067b74633ed8c31059a3bd82?s=96&d=mm&r=g\",\"url\":\"https:\\\/\\\/secure.gravatar.com\\\/avatar\\\/b71bf7481d447dfb9583c7f2798e7cc64de6efb9067b74633ed8c31059a3bd82?s=96&d=mm&r=g\",\"contentUrl\":\"https:\\\/\\\/secure.gravatar.com\\\/avatar\\\/b71bf7481d447dfb9583c7f2798e7cc64de6efb9067b74633ed8c31059a3bd82?s=96&d=mm&r=g\",\"caption\":\"Sebastian\"},\"url\":\"https:\\\/\\\/informelitoral.com.ar\\\/author\\\/sebastian\\\/\"}]}<\/script>","yoast_head_json":{"title":"Lanzaron una gu\u00eda digital para agilizar el cruce por el Puente Internacional Artigas - Informe Litoral","robots":{"index":"index","follow":"follow","max-snippet":"max-snippet:-1","max-image-preview":"max-image-preview:large","max-video-preview":"max-video-preview:-1"},"canonical":"https:\/\/informelitoral.com.ar\/lanzan-una-guia-digital-para-agilizar-el-cruce-por-el-puente-internacional-artigas\/","og_locale":"es_ES","og_type":"article","og_title":"Lanzaron una gu\u00eda digital para agilizar el cruce por el Puente Internacional Artigas - Informe Litoral","og_description":"El operativo de seguridad se desarrolla en conjunto con el Municipio de Col\u00f3n para ordenar el intenso tr\u00e1nsito en la Ruta 135 y facilitar los tr\u00e1mites migratorios.","og_url":"https:\/\/informelitoral.com.ar\/lanzan-una-guia-digital-para-agilizar-el-cruce-por-el-puente-internacional-artigas\/","og_site_name":"Informe Litoral","article_publisher":"https:\/\/www.facebook.com\/informelitoral\/","article_published_time":"2025-12-29T12:10:26+00:00","article_modified_time":"2025-12-29T12:13:58+00:00","og_image":[{"url":"https:\/\/media.elentrerios.com\/fotos-v2\/2025\/12\/26\/l_1766762812.jpg","type":"","width":"","height":""}],"author":"Sebastian","twitter_card":"summary_large_image","twitter_image":"https:\/\/media.elentrerios.com\/fotos-v2\/2025\/12\/26\/l_1766762812.jpg","twitter_creator":"@InformeLitoral","twitter_site":"@InformeLitoral","twitter_misc":{"Escrito por":"Sebastian","Tiempo de lectura":"2 minutos"},"schema":{"@context":"https:\/\/schema.org","@graph":[{"@type":"Article","@id":"https:\/\/informelitoral.com.ar\/lanzan-una-guia-digital-para-agilizar-el-cruce-por-el-puente-internacional-artigas\/#article","isPartOf":{"@id":"https:\/\/informelitoral.com.ar\/lanzan-una-guia-digital-para-agilizar-el-cruce-por-el-puente-internacional-artigas\/"},"author":{"name":"Sebastian","@id":"https:\/\/informelitoral.com.ar\/#\/schema\/person\/f05f9f461677119578717524b127d6d5"},"headline":"Lanzaron una gu\u00eda digital para agilizar el cruce por el Puente Internacional Artigas","datePublished":"2025-12-29T12:10:26+00:00","dateModified":"2025-12-29T12:13:58+00:00","mainEntityOfPage":{"@id":"https:\/\/informelitoral.com.ar\/lanzan-una-guia-digital-para-agilizar-el-cruce-por-el-puente-internacional-artigas\/"},"wordCount":332,"commentCount":0,"publisher":{"@id":"https:\/\/informelitoral.com.ar\/#organization"},"image":{"@id":"https:\/\/informelitoral.com.ar\/lanzan-una-guia-digital-para-agilizar-el-cruce-por-el-puente-internacional-artigas\/#primaryimage"},"thumbnailUrl":"https:\/\/media.elentrerios.com\/fotos-v2\/2025\/12\/26\/l_1766762812.jpg","keywords":["Argentina","Col\u00f3n","Fronteras","Municipalidad de Col\u00f3n","Uruguay"],"articleSection":["Entre R\u00edos"],"inLanguage":"es","potentialAction":[{"@type":"CommentAction","name":"Comment","target":["https:\/\/informelitoral.com.ar\/lanzan-una-guia-digital-para-agilizar-el-cruce-por-el-puente-internacional-artigas\/#respond"]}]},{"@type":"WebPage","@id":"https:\/\/informelitoral.com.ar\/lanzan-una-guia-digital-para-agilizar-el-cruce-por-el-puente-internacional-artigas\/","url":"https:\/\/informelitoral.com.ar\/lanzan-una-guia-digital-para-agilizar-el-cruce-por-el-puente-internacional-artigas\/","name":"Lanzaron una gu\u00eda digital para agilizar el cruce por el Puente Internacional Artigas - Informe Litoral","isPartOf":{"@id":"https:\/\/informelitoral.com.ar\/#website"},"primaryImageOfPage":{"@id":"https:\/\/informelitoral.com.ar\/lanzan-una-guia-digital-para-agilizar-el-cruce-por-el-puente-internacional-artigas\/#primaryimage"},"image":{"@id":"https:\/\/informelitoral.com.ar\/lanzan-una-guia-digital-para-agilizar-el-cruce-por-el-puente-internacional-artigas\/#primaryimage"},"thumbnailUrl":"https:\/\/media.elentrerios.com\/fotos-v2\/2025\/12\/26\/l_1766762812.jpg","datePublished":"2025-12-29T12:10:26+00:00","dateModified":"2025-12-29T12:13:58+00:00","breadcrumb":{"@id":"https:\/\/informelitoral.com.ar\/lanzan-una-guia-digital-para-agilizar-el-cruce-por-el-puente-internacional-artigas\/#breadcrumb"},"inLanguage":"es","potentialAction":[{"@type":"ReadAction","target":["https:\/\/informelitoral.com.ar\/lanzan-una-guia-digital-para-agilizar-el-cruce-por-el-puente-internacional-artigas\/"]}]},{"@type":"ImageObject","inLanguage":"es","@id":"https:\/\/informelitoral.com.ar\/lanzan-una-guia-digital-para-agilizar-el-cruce-por-el-puente-internacional-artigas\/#primaryimage","url":"https:\/\/media.elentrerios.com\/fotos-v2\/2025\/12\/26\/l_1766762812.jpg","contentUrl":"https:\/\/media.elentrerios.com\/fotos-v2\/2025\/12\/26\/l_1766762812.jpg","width":"870","height":"580"},{"@type":"BreadcrumbList","@id":"https:\/\/informelitoral.com.ar\/lanzan-una-guia-digital-para-agilizar-el-cruce-por-el-puente-internacional-artigas\/#breadcrumb","itemListElement":[{"@type":"ListItem","position":1,"name":"Portada","item":"https:\/\/informelitoral.com.ar\/"},{"@type":"ListItem","position":2,"name":"Lanzaron una gu\u00eda digital para agilizar el cruce por el Puente Internacional Artigas"}]},{"@type":"WebSite","@id":"https:\/\/informelitoral.com.ar\/#website","url":"https:\/\/informelitoral.com.ar\/","name":"Informe Litoral","description":"&quot;Nos informamos&quot; ","publisher":{"@id":"https:\/\/informelitoral.com.ar\/#organization"},"potentialAction":[{"@type":"SearchAction","target":{"@type":"EntryPoint","urlTemplate":"https:\/\/informelitoral.com.ar\/?s={search_term_string}"},"query-input":{"@type":"PropertyValueSpecification","valueRequired":true,"valueName":"search_term_string"}}],"inLanguage":"es"},{"@type":"Organization","@id":"https:\/\/informelitoral.com.ar\/#organization","name":"Informe Litoral","url":"https:\/\/informelitoral.com.ar\/","logo":{"@type":"ImageObject","inLanguage":"es","@id":"https:\/\/informelitoral.com.ar\/#\/schema\/logo\/image\/","url":"https:\/\/informelitoral.com.ar\/%77%70%2d%63%6f%6e%74%65%6e%74\/uploads\/2021\/01\/circulo.png","contentUrl":"https:\/\/informelitoral.com.ar\/%77%70%2d%63%6f%6e%74%65%6e%74\/uploads\/2021\/01\/circulo.png","width":723,"height":731,"caption":"Informe Litoral"},"image":{"@id":"https:\/\/informelitoral.com.ar\/#\/schema\/logo\/image\/"},"sameAs":["https:\/\/www.facebook.com\/informelitoral\/","https:\/\/x.com\/InformeLitoral","https:\/\/www.instagram.com\/informelitoral\/","https:\/\/www.youtube.com\/channel\/UCua4Qvz8Icb6MYqhoq9xLXw"]},{"@type":"Person","@id":"https:\/\/informelitoral.com.ar\/#\/schema\/person\/f05f9f461677119578717524b127d6d5","name":"Sebastian","image":{"@type":"ImageObject","inLanguage":"es","@id":"https:\/\/secure.gravatar.com\/avatar\/b71bf7481d447dfb9583c7f2798e7cc64de6efb9067b74633ed8c31059a3bd82?s=96&d=mm&r=g","url":"https:\/\/secure.gravatar.com\/avatar\/b71bf7481d447dfb9583c7f2798e7cc64de6efb9067b74633ed8c31059a3bd82?s=96&d=mm&r=g","contentUrl":"https:\/\/secure.gravatar.com\/avatar\/b71bf7481d447dfb9583c7f2798e7cc64de6efb9067b74633ed8c31059a3bd82?s=96&d=mm&r=g","caption":"Sebastian"},"url":"https:\/\/informelitoral.com.ar\/author\/sebastian\/"}]}},"fifu_image_url":"https:\/\/media.elentrerios.com\/fotos-v2\/2025\/12\/26\/l_1766762812.jpg","_links":{"self":[{"href":"https:\/\/informelitoral.com.ar\/%77%70%2d%6a%73%6f%6e\/wp\/v2\/posts\/245031","targetHints":{"allow":["GET"]}}],"collection":[{"href":"https:\/\/informelitoral.com.ar\/%77%70%2d%6a%73%6f%6e\/wp\/v2\/posts"}],"about":[{"href":"https:\/\/informelitoral.com.ar\/%77%70%2d%6a%73%6f%6e\/wp\/v2\/types\/post"}],"author":[{"embeddable":true,"href":"https:\/\/informelitoral.com.ar\/%77%70%2d%6a%73%6f%6e\/wp\/v2\/users\/8"}],"replies":[{"embeddable":true,"href":"https:\/\/informelitoral.com.ar\/%77%70%2d%6a%73%6f%6e\/wp\/v2\/comments?post=245031"}],"version-history":[{"count":3,"href":"https:\/\/informelitoral.com.ar\/%77%70%2d%6a%73%6f%6e\/wp\/v2\/posts\/245031\/revisions"}],"predecessor-version":[{"id":245035,"href":"https:\/\/informelitoral.com.ar\/%77%70%2d%6a%73%6f%6e\/wp\/v2\/posts\/245031\/revisions\/245035"}],"wp:featuredmedia":[{"embeddable":true,"href":"https:\/\/informelitoral.com.ar\/%77%70%2d%6a%73%6f%6e\/wp\/v2\/media\/245032"}],"wp:attachment":[{"href":"https:\/\/informelitoral.com.ar\/%77%70%2d%6a%73%6f%6e\/wp\/v2\/media?parent=245031"}],"wp:term":[{"taxonomy":"category","embeddable":true,"href":"https:\/\/informelitoral.com.ar\/%77%70%2d%6a%73%6f%6e\/wp\/v2\/categories?post=245031"},{"taxonomy":"post_tag","embeddable":true,"href":"https:\/\/informelitoral.com.ar\/%77%70%2d%6a%73%6f%6e\/wp\/v2\/tags?post=245031"}],"curies":[{"name":"wp","href":"https:\/\/api.w.org\/{rel}","templated":true}]}}