{"id":244990,"date":"2025-12-29T07:03:44","date_gmt":"2025-12-29T10:03:44","guid":{"rendered":"https:\/\/informelitoral.com.ar\/?p=244990"},"modified":"2025-12-29T07:03:44","modified_gmt":"2025-12-29T10:03:44","slug":"federacion-agraria-contra-la-industria-del-juicio-y-la-presion-impositiva","status":"publish","type":"post","link":"https:\/\/informelitoral.com.ar\/federacion-agraria-contra-la-industria-del-juicio-y-la-presion-impositiva\/","title":{"rendered":"Federaci\u00f3n Agraria contra \u00abla industria del juicio\u00bb y la \u00abpresi\u00f3n impositiva\u00bb"},"content":{"rendered":"<p style=\"font-weight: 400;\">El director del Distrito III Entre R\u00edos de la Federaci\u00f3n Agraria Argentina, Mat\u00edas Martiarena, realiz\u00f3 un balance de lo que fue el a\u00f1o 2025 y comparti\u00f3 las expectativas de cara a 2026.<\/p>\n<p style=\"font-weight: 400;\">El dirigente y productor afirm\u00f3 que se trat\u00f3 de \u201cun per\u00edodo intenso, atravesado por m\u00faltiples desaf\u00edos, pero tambi\u00e9n por avances concretos producto del trabajo gremial y territorial de la Federaci\u00f3n Agraria Argentina en el Distrito III. Fue un a\u00f1o de fuerte presencia, reclamos firmes y gesti\u00f3n constante, siempre con el objetivo de defender al productor, especialmente al de menor escala, y de sostener la producci\u00f3n como forma de vida\u201d.<\/p>\n<h2 style=\"font-weight: 400;\"><strong>Retenciones y pol\u00edtica impositiva<\/strong><\/h2>\n<p style=\"font-weight: 400;\">Sin dudas, uno de los ejes centrales del a\u00f1o fue \u201cel reclamo sostenido por el <strong>esquema de retenciones.<\/strong> Hicimos un fuerte trabajo para que el Gobierno Nacional comprenda lo que significan las retenciones para los productores, siendo el campo pr\u00e1cticamente el \u00fanico sector que las paga, mientras existen excepciones para otras actividades\u201d.<\/p>\n<p style=\"font-weight: 400;\"><strong>A comienzos de a\u00f1o, con los commodities a la baja,<\/strong> qued\u00f3 en evidencia \u201cla enorme complejidad que atraviesa la producci\u00f3n argentina, especialmente en provincias marginales como Entre R\u00edos\u201d. En ese contexto, el reclamo tuvo resultados al lograrse \u201cuna baja adicional de dos puntos porcentuales y el compromiso del presidente de la Naci\u00f3n, Javier Milei, de continuar en ese camino hasta su eliminaci\u00f3n\u201d.<\/p>\n<p style=\"font-weight: 400;\">M\u00e1s all\u00e1 de ello, Martiarena indic\u00f3 que se contin\u00faa <strong>\u201cinsistiendo con un proyecto de ley que plantea una disminuci\u00f3n progresiva y segmentada de las retenciones, seg\u00fan la escala del productor.<\/strong> La idea es clara: que las primeras toneladas no tributen y que el impuesto vaya desapareciendo gradualmente. Esta segmentaci\u00f3n permitir\u00eda aliviar de manera concreta a los productores m\u00e1s chicos, que no pueden trasladar precios ni absorber costos por falta de volumen\u201d.<\/p>\n<h2 style=\"font-weight: 400;\"><strong>Emergencias clim\u00e1ticas y trabajo institucional<\/strong><\/h2>\n<p style=\"font-weight: 400;\">Durante 2025 tambi\u00e9n \u201ctrabajamos intensamente en cuestiones operativas vinculadas a <strong>emergencias clim\u00e1ticas<\/strong>\u201d. En paralelo, destac\u00f3 la participaci\u00f3n en \u201cla <strong>reactivaci\u00f3n de la CORUFA<\/strong>, con Luciano Challio como vicedirector, lo que permiti\u00f3 volver a poner en valor ese espacio institucional\u201d.<\/p>\n<p style=\"font-weight: 400;\">Asimismo, hubo una<strong> fuerte presencia en \u00e1mbitos nacionales.<\/strong> \u201cEn marzo fui designado consejero alterno en el Instituto de Promoci\u00f3n de la Carne Vacuna Argentina (IPCVA), y tuvimos una activa participaci\u00f3n en Fundaci\u00f3n de Lucha contra la Fiebre Aftosa (FUCOFA), primero como secretario y, desde hace algunos d\u00edas, asumiendo la presidencia de la Fundaci\u00f3n\u201d.<\/p>\n<h2 style=\"font-weight: 400;\"><strong>La problem\u00e1tica de la garrapata<\/strong><\/h2>\n<p style=\"font-weight: 400;\">Uno de los temas m\u00e1s relevantes del a\u00f1o fue la problem\u00e1tica de la garrapata, con un registro de 1.025 focos en la provincia. Si bien puede haber algunos casos fuera del registro, \u201cno se trata de un n\u00famero desmedido y lo m\u00e1s importante es que hoy contamos con una radiograf\u00eda clara de la situaci\u00f3n\u201d.<\/p>\n<p style=\"font-weight: 400;\">Martiarena explic\u00f3 que \u201cde esos focos, m\u00e1s de 350 establecimientos est\u00e1n siendo tratados y pasar\u00e1n en marzo del pr\u00f3ximo a\u00f1o a la etapa de revisaci\u00f3n para obtener el estatus de \u2018libre\u2019. Este proceso implic\u00f3 m\u00e1s de 18 reuniones con productores en toda la provincia, gestionando recursos y articulando acciones para evitar que el problema se expanda\u201d.<\/p>\n<p style=\"font-weight: 400;\">Adem\u00e1s, detall\u00f3 que <strong>\u201cconvivir con la garrapata implica una p\u00e9rdida aproximada de $220.000 por animal, mientras que erradicarla cuesta alrededor de $35.000. Entre R\u00edos es la \u00fanica provincia que lleva adelante un plan superador y lo vamos a seguir sosteniendo en el tiempo\u201d.<\/strong><\/p>\n<p style=\"font-weight: 400;\">\u201cLos departamentos del norte siguen siendo los m\u00e1s complejos, pero logramos frenar el avance hacia el centro y sur de la provincia. El foco m\u00e1s cercano al centro, en el departamento Uruguay, fue erradicado. En Villaguay, de 110 campos, 106 ya pasaron a la etapa de revisaci\u00f3n, lo que representa una excelente noticia para la ganader\u00eda entrerriana\u201d, subray\u00f3.<\/p>\n<h2 style=\"font-weight: 400;\"><strong>Ganader\u00eda, sequ\u00eda y recuperaci\u00f3n del stock<\/strong><\/h2>\n<p style=\"font-weight: 400;\">\u201cSabemos que muchos productores a\u00fan se est\u00e1n recuperando de cuatro a\u00f1os de sequ\u00eda. Hubo ventas forzadas, mortandad de animales y una fuerte ca\u00edda del stock, que hoy lentamente comienza a recomponerse, con el objetivo de volver a alcanzar, en el mediano plazo, las 45 millones de cabezas\u201d, se\u00f1al\u00f3.<\/p>\n<h2 style=\"font-weight: 400;\"><strong>Reforma laboral y producci\u00f3n estacional<\/strong><\/h2>\n<p style=\"font-weight: 400;\">La reforma laboral fue otro de los grandes temas del a\u00f1o, especialmente debatido en el Consejo de Delegados realizado en Villaguay. \u201cEntendemos que se tratar\u00e1 en sesiones extraordinarias y consideramos fundamental que contemple la realidad productiva\u201d, expres\u00f3.<\/p>\n<p style=\"font-weight: 400;\">En ese sentido, destac\u00f3 que <strong>\u201cla citricultura, con 1.800 productores y m\u00e1s de 20.000 trabajadores diarios, es un claro ejemplo de producci\u00f3n estacional. La industria del juicio hoy limita cualquier intento de crecimiento. Por eso proponemos sistemas de altas y bajas diarias con trazabilidad, similares a una tarjeta, que permitan garantizar derechos laborales sin poner en riesgo la viabilidad de las empresas\u201d.<\/strong><\/p>\n<p style=\"font-weight: 400;\"><strong>Lo mismo ocurre con la cosecha, la siembra y el trabajo golondrina, actividades indispensables que \u201cdeben estar debidamente registradas y homologadas, cuidando tanto al trabajador como al productor\u201d.<\/strong><\/p>\n<h2 style=\"font-weight: 400;\"><strong>Agricultura, costos y presi\u00f3n impositiva<\/strong><\/h2>\n<p style=\"font-weight: 400;\">En materia agr\u00edcola, los rindes fueron buenos, especialmente en trigo, aunque \u201clos precios no acompa\u00f1aron. <strong>Los commodities siguen estancados y eso vuelve a poner en evidencia el enorme peso de la carga impositiva: m\u00e1s del 60% de lo producido se va en impuestos, sin que ello se traduzca en infraestructura o competitividad\u201d.<\/strong><\/p>\n<p style=\"font-weight: 400;\">Martiarena explic\u00f3 que \u201choy producir trigo implica un rinde de casi 4.000 kilos solo para cubrir costos, y en soja hablamos de alrededor de 2.500 kilos. Una vez m\u00e1s, la escala termina definiendo el resultado econ\u00f3mico, dejando a los peque\u00f1os y medianos productores en una situaci\u00f3n de extrema vulnerabilidad\u201d.<\/p>\n<p style=\"font-weight: 400;\">En cuanto al<strong> INTA,<\/strong> remarc\u00f3 que \u201cfuimos una de las principales entidades en la defensa del organismo, no solo por su personal, sino por su rol estrat\u00e9gico en el desarrollo tecnol\u00f3gico, la investigaci\u00f3n y la producci\u00f3n, desde el banco de germoplasma citr\u00edcola hasta la mejora gen\u00e9tica del arroz\u201d.<\/p>\n<h2 style=\"font-weight: 400;\"><strong>Cierre y mensaje a los productores<\/strong><\/h2>\n<p style=\"font-weight: 400;\">\u201cLa Federaci\u00f3n Agraria Argentina es un faro para la producci\u00f3n: una entidad abierta, plural y representativa, que hoy tiene a una mujer, la Dra. Andrea Sarnari, al frente, lo que tambi\u00e9n habla de su capacidad de renovaci\u00f3n\u201d, destac\u00f3.<\/p>\n<p style=\"font-weight: 400;\">Finalmente, Martiarena expres\u00f3: \u201cA los productores y especialmente a la juventud les digo que el trabajo gremial muchas veces no se ve, pero est\u00e1 presente todos los d\u00edas. El objetivo es siempre el mismo: simplificarle la vida al productor y defender esta forma de vida que va m\u00e1s all\u00e1 del negocio, porque antes que nada somos productores\u201d.<\/p>\n<p style=\"font-weight: 400;\">\u201cTenemos una entidad que levanta la voz, propone leyes, piensa en desarrollo y escucha todas las voces. El tel\u00e9fono est\u00e1 abierto, la participaci\u00f3n es fundamental y la Federaci\u00f3n Agraria tiene las herramientas, la experiencia y la convicci\u00f3n para seguir defendiendo al campo entrerriano hoy y en el futuro\u201d.<\/p>\n<h6><em><strong>Del archivo:\u00a0<a href=\"https:\/\/informelitoral.com.ar\/mauricio-colello-adelanto-los-debates-que-se-vienen-en-2026\/\" target=\"_blank\" rel=\"noopener\">Mauricio Colello adelant\u00f3 los debates que se vienen en 2026<\/a><\/strong><\/em><\/h6>\n","protected":false},"excerpt":{"rendered":"<p>As\u00ed lo manifest\u00f3 Mat\u00edas Martiarena, director del Distrito III, quien plante\u00f3 los temas de debate durante el a\u00f1o. Alert\u00f3 que el 60% de lo producido son impuestos. \u201cLa Federaci\u00f3n Agraria tiene las herramientas, la experiencia y la convicci\u00f3n para seguir defendiendo al campo entrerriano hoy y en el futuro\u201d, reflexion\u00f3.<\/p>\n","protected":false},"author":2,"featured_media":244991,"comment_status":"open","ping_status":"open","sticky":false,"template":"","format":"standard","meta":{"fifu_image_url":"","fifu_image_alt":"","footnotes":""},"categories":[10],"tags":[1966,81,3507,4872,4289,3822,818],"class_list":{"0":"post-244990","1":"post","2":"type-post","3":"status-publish","4":"format-standard","5":"has-post-thumbnail","7":"category-campo","8":"tag-agro","9":"tag-entre-rios","10":"tag-faa","11":"tag-federacion-agraria-argentina","12":"tag-federacion-agraria-de-entre-rios","13":"tag-matias-martiarena","14":"tag-productores"},"yoast_head":"<title>Federaci\u00f3n Agraria contra &quot;la industria del juicio&quot; y la &quot;presi\u00f3n impositiva&quot; - Informe Litoral<\/title>\n<meta name=\"robots\" content=\"index, follow, max-snippet:-1, max-image-preview:large, max-video-preview:-1\" \/>\n<link rel=\"canonical\" href=\"https:\/\/informelitoral.com.ar\/federacion-agraria-contra-la-industria-del-juicio-y-la-presion-impositiva\/\" \/>\n<meta property=\"og:locale\" content=\"es_ES\" \/>\n<meta property=\"og:type\" content=\"article\" \/>\n<meta property=\"og:title\" content=\"Federaci\u00f3n Agraria contra &quot;la industria del juicio&quot; y la &quot;presi\u00f3n impositiva&quot; - Informe Litoral\" \/>\n<meta property=\"og:description\" content=\"As\u00ed lo manifest\u00f3 Mat\u00edas Martiarena, director del Distrito III, quien plante\u00f3 los temas de debate durante el a\u00f1o. Alert\u00f3 que el 60% de lo producido son impuestos. \u201cLa Federaci\u00f3n Agraria tiene las herramientas, la experiencia y la convicci\u00f3n para seguir defendiendo al campo entrerriano hoy y en el futuro\u201d, reflexion\u00f3.\" \/>\n<meta property=\"og:url\" content=\"https:\/\/informelitoral.com.ar\/federacion-agraria-contra-la-industria-del-juicio-y-la-presion-impositiva\/\" \/>\n<meta property=\"og:site_name\" content=\"Informe Litoral\" \/>\n<meta property=\"article:publisher\" content=\"https:\/\/www.facebook.com\/informelitoral\/\" \/>\n<meta property=\"article:published_time\" content=\"2025-12-29T10:03:44+00:00\" \/>\n<meta property=\"og:image\" content=\"https:\/\/drive.google.com\/thumbnail?id=1MA5DxixhBkWcLeQaHRC_Djg28RkjzrNL&sz=w2048\" \/>\n\t<meta property=\"og:image:width\" content=\"800\" \/>\n\t<meta property=\"og:image:height\" content=\"450\" \/>\n\t<meta property=\"og:image:type\" content=\"image\/png\" \/>\n<meta name=\"author\" content=\"Gonzalo Schmidt\" \/>\n<meta name=\"twitter:card\" content=\"summary_large_image\" \/>\n<meta name=\"twitter:creator\" content=\"@InformeLitoral\" \/>\n<meta name=\"twitter:site\" content=\"@InformeLitoral\" \/>\n<meta name=\"twitter:label1\" content=\"Escrito por\" \/>\n\t<meta name=\"twitter:data1\" content=\"Gonzalo Schmidt\" \/>\n\t<meta name=\"twitter:label2\" content=\"Tiempo de lectura\" \/>\n\t<meta name=\"twitter:data2\" content=\"6 minutos\" \/>\n<script type=\"application\/ld+json\" class=\"yoast-schema-graph\">{\"@context\":\"https:\\\/\\\/schema.org\",\"@graph\":[{\"@type\":\"Article\",\"@id\":\"https:\\\/\\\/informelitoral.com.ar\\\/federacion-agraria-contra-la-industria-del-juicio-y-la-presion-impositiva\\\/#article\",\"isPartOf\":{\"@id\":\"https:\\\/\\\/informelitoral.com.ar\\\/federacion-agraria-contra-la-industria-del-juicio-y-la-presion-impositiva\\\/\"},\"author\":{\"name\":\"Gonzalo Schmidt\",\"@id\":\"https:\\\/\\\/informelitoral.com.ar\\\/#\\\/schema\\\/person\\\/b9d00407c836482871ef1d57bf8e3180\"},\"headline\":\"Federaci\u00f3n Agraria contra \u00abla industria del juicio\u00bb y la \u00abpresi\u00f3n impositiva\u00bb\",\"datePublished\":\"2025-12-29T10:03:44+00:00\",\"mainEntityOfPage\":{\"@id\":\"https:\\\/\\\/informelitoral.com.ar\\\/federacion-agraria-contra-la-industria-del-juicio-y-la-presion-impositiva\\\/\"},\"wordCount\":1196,\"commentCount\":0,\"publisher\":{\"@id\":\"https:\\\/\\\/informelitoral.com.ar\\\/#organization\"},\"image\":{\"@id\":\"https:\\\/\\\/informelitoral.com.ar\\\/federacion-agraria-contra-la-industria-del-juicio-y-la-presion-impositiva\\\/#primaryimage\"},\"thumbnailUrl\":\"https:\\\/\\\/drive.google.com\\\/thumbnail?id=1MA5DxixhBkWcLeQaHRC_Djg28RkjzrNL&sz=w2048\",\"keywords\":[\"Agro\",\"Entre R\u00edos\",\"FAA\",\"Federaci\u00f3n Agraria Argentina\",\"Federaci\u00f3n Agraria de Entre R\u00edos\",\"Mat\u00edas Martiarena\",\"Productores\"],\"articleSection\":[\"Campo\"],\"inLanguage\":\"es\",\"potentialAction\":[{\"@type\":\"CommentAction\",\"name\":\"Comment\",\"target\":[\"https:\\\/\\\/informelitoral.com.ar\\\/federacion-agraria-contra-la-industria-del-juicio-y-la-presion-impositiva\\\/#respond\"]}]},{\"@type\":\"WebPage\",\"@id\":\"https:\\\/\\\/informelitoral.com.ar\\\/federacion-agraria-contra-la-industria-del-juicio-y-la-presion-impositiva\\\/\",\"url\":\"https:\\\/\\\/informelitoral.com.ar\\\/federacion-agraria-contra-la-industria-del-juicio-y-la-presion-impositiva\\\/\",\"name\":\"Federaci\u00f3n Agraria contra \\\"la industria del juicio\\\" y la \\\"presi\u00f3n impositiva\\\" - Informe Litoral\",\"isPartOf\":{\"@id\":\"https:\\\/\\\/informelitoral.com.ar\\\/#website\"},\"primaryImageOfPage\":{\"@id\":\"https:\\\/\\\/informelitoral.com.ar\\\/federacion-agraria-contra-la-industria-del-juicio-y-la-presion-impositiva\\\/#primaryimage\"},\"image\":{\"@id\":\"https:\\\/\\\/informelitoral.com.ar\\\/federacion-agraria-contra-la-industria-del-juicio-y-la-presion-impositiva\\\/#primaryimage\"},\"thumbnailUrl\":\"https:\\\/\\\/drive.google.com\\\/thumbnail?id=1MA5DxixhBkWcLeQaHRC_Djg28RkjzrNL&sz=w2048\",\"datePublished\":\"2025-12-29T10:03:44+00:00\",\"breadcrumb\":{\"@id\":\"https:\\\/\\\/informelitoral.com.ar\\\/federacion-agraria-contra-la-industria-del-juicio-y-la-presion-impositiva\\\/#breadcrumb\"},\"inLanguage\":\"es\",\"potentialAction\":[{\"@type\":\"ReadAction\",\"target\":[\"https:\\\/\\\/informelitoral.com.ar\\\/federacion-agraria-contra-la-industria-del-juicio-y-la-presion-impositiva\\\/\"]}]},{\"@type\":\"ImageObject\",\"inLanguage\":\"es\",\"@id\":\"https:\\\/\\\/informelitoral.com.ar\\\/federacion-agraria-contra-la-industria-del-juicio-y-la-presion-impositiva\\\/#primaryimage\",\"url\":\"https:\\\/\\\/drive.google.com\\\/thumbnail?id=1MA5DxixhBkWcLeQaHRC_Djg28RkjzrNL&sz=w2048\",\"contentUrl\":\"https:\\\/\\\/drive.google.com\\\/thumbnail?id=1MA5DxixhBkWcLeQaHRC_Djg28RkjzrNL&sz=w2048\",\"width\":800,\"height\":450},{\"@type\":\"BreadcrumbList\",\"@id\":\"https:\\\/\\\/informelitoral.com.ar\\\/federacion-agraria-contra-la-industria-del-juicio-y-la-presion-impositiva\\\/#breadcrumb\",\"itemListElement\":[{\"@type\":\"ListItem\",\"position\":1,\"name\":\"Portada\",\"item\":\"https:\\\/\\\/informelitoral.com.ar\\\/\"},{\"@type\":\"ListItem\",\"position\":2,\"name\":\"Federaci\u00f3n Agraria contra \u00abla industria del juicio\u00bb y la \u00abpresi\u00f3n impositiva\u00bb\"}]},{\"@type\":\"WebSite\",\"@id\":\"https:\\\/\\\/informelitoral.com.ar\\\/#website\",\"url\":\"https:\\\/\\\/informelitoral.com.ar\\\/\",\"name\":\"Informe Litoral\",\"description\":\"&quot;Nos informamos&quot; \",\"publisher\":{\"@id\":\"https:\\\/\\\/informelitoral.com.ar\\\/#organization\"},\"potentialAction\":[{\"@type\":\"SearchAction\",\"target\":{\"@type\":\"EntryPoint\",\"urlTemplate\":\"https:\\\/\\\/informelitoral.com.ar\\\/?s={search_term_string}\"},\"query-input\":{\"@type\":\"PropertyValueSpecification\",\"valueRequired\":true,\"valueName\":\"search_term_string\"}}],\"inLanguage\":\"es\"},{\"@type\":\"Organization\",\"@id\":\"https:\\\/\\\/informelitoral.com.ar\\\/#organization\",\"name\":\"Informe Litoral\",\"url\":\"https:\\\/\\\/informelitoral.com.ar\\\/\",\"logo\":{\"@type\":\"ImageObject\",\"inLanguage\":\"es\",\"@id\":\"https:\\\/\\\/informelitoral.com.ar\\\/#\\\/schema\\\/logo\\\/image\\\/\",\"url\":\"https:\\\/\\\/informelitoral.com.ar\\\/%77%70%2d%63%6f%6e%74%65%6e%74\\\/uploads\\\/2021\\\/01\\\/circulo.png\",\"contentUrl\":\"https:\\\/\\\/informelitoral.com.ar\\\/%77%70%2d%63%6f%6e%74%65%6e%74\\\/uploads\\\/2021\\\/01\\\/circulo.png\",\"width\":723,\"height\":731,\"caption\":\"Informe Litoral\"},\"image\":{\"@id\":\"https:\\\/\\\/informelitoral.com.ar\\\/#\\\/schema\\\/logo\\\/image\\\/\"},\"sameAs\":[\"https:\\\/\\\/www.facebook.com\\\/informelitoral\\\/\",\"https:\\\/\\\/x.com\\\/InformeLitoral\",\"https:\\\/\\\/www.instagram.com\\\/informelitoral\\\/\",\"https:\\\/\\\/www.youtube.com\\\/channel\\\/UCua4Qvz8Icb6MYqhoq9xLXw\"]},{\"@type\":\"Person\",\"@id\":\"https:\\\/\\\/informelitoral.com.ar\\\/#\\\/schema\\\/person\\\/b9d00407c836482871ef1d57bf8e3180\",\"name\":\"Gonzalo Schmidt\",\"image\":{\"@type\":\"ImageObject\",\"inLanguage\":\"es\",\"@id\":\"https:\\\/\\\/secure.gravatar.com\\\/avatar\\\/31a1a7b66ff2de83bd0e9fd79d026630d2d99e55e8bfe501287647b4fd9743de?s=96&d=mm&r=g\",\"url\":\"https:\\\/\\\/secure.gravatar.com\\\/avatar\\\/31a1a7b66ff2de83bd0e9fd79d026630d2d99e55e8bfe501287647b4fd9743de?s=96&d=mm&r=g\",\"contentUrl\":\"https:\\\/\\\/secure.gravatar.com\\\/avatar\\\/31a1a7b66ff2de83bd0e9fd79d026630d2d99e55e8bfe501287647b4fd9743de?s=96&d=mm&r=g\",\"caption\":\"Gonzalo Schmidt\"},\"description\":\"Sitio web de noticias de la provincia de Entre R\u00edos, Argentina. Informaci\u00f3n y entretenimiento. Informe Litoral, nos informamos.\",\"sameAs\":[\"http:\\\/\\\/www.isletasnoticias.com.ar\"],\"url\":\"https:\\\/\\\/informelitoral.com.ar\\\/author\\\/gonzalo\\\/\"}]}<\/script>","yoast_head_json":{"title":"Federaci\u00f3n Agraria contra \"la industria del juicio\" y la \"presi\u00f3n impositiva\" - Informe Litoral","robots":{"index":"index","follow":"follow","max-snippet":"max-snippet:-1","max-image-preview":"max-image-preview:large","max-video-preview":"max-video-preview:-1"},"canonical":"https:\/\/informelitoral.com.ar\/federacion-agraria-contra-la-industria-del-juicio-y-la-presion-impositiva\/","og_locale":"es_ES","og_type":"article","og_title":"Federaci\u00f3n Agraria contra \"la industria del juicio\" y la \"presi\u00f3n impositiva\" - Informe Litoral","og_description":"As\u00ed lo manifest\u00f3 Mat\u00edas Martiarena, director del Distrito III, quien plante\u00f3 los temas de debate durante el a\u00f1o. Alert\u00f3 que el 60% de lo producido son impuestos. \u201cLa Federaci\u00f3n Agraria tiene las herramientas, la experiencia y la convicci\u00f3n para seguir defendiendo al campo entrerriano hoy y en el futuro\u201d, reflexion\u00f3.","og_url":"https:\/\/informelitoral.com.ar\/federacion-agraria-contra-la-industria-del-juicio-y-la-presion-impositiva\/","og_site_name":"Informe Litoral","article_publisher":"https:\/\/www.facebook.com\/informelitoral\/","article_published_time":"2025-12-29T10:03:44+00:00","og_image":[{"width":800,"height":450,"url":"https:\/\/drive.google.com\/thumbnail?id=1MA5DxixhBkWcLeQaHRC_Djg28RkjzrNL&sz=w2048","type":"image\/png"}],"author":"Gonzalo Schmidt","twitter_card":"summary_large_image","twitter_creator":"@InformeLitoral","twitter_site":"@InformeLitoral","twitter_misc":{"Escrito por":"Gonzalo Schmidt","Tiempo de lectura":"6 minutos"},"schema":{"@context":"https:\/\/schema.org","@graph":[{"@type":"Article","@id":"https:\/\/informelitoral.com.ar\/federacion-agraria-contra-la-industria-del-juicio-y-la-presion-impositiva\/#article","isPartOf":{"@id":"https:\/\/informelitoral.com.ar\/federacion-agraria-contra-la-industria-del-juicio-y-la-presion-impositiva\/"},"author":{"name":"Gonzalo Schmidt","@id":"https:\/\/informelitoral.com.ar\/#\/schema\/person\/b9d00407c836482871ef1d57bf8e3180"},"headline":"Federaci\u00f3n Agraria contra \u00abla industria del juicio\u00bb y la \u00abpresi\u00f3n impositiva\u00bb","datePublished":"2025-12-29T10:03:44+00:00","mainEntityOfPage":{"@id":"https:\/\/informelitoral.com.ar\/federacion-agraria-contra-la-industria-del-juicio-y-la-presion-impositiva\/"},"wordCount":1196,"commentCount":0,"publisher":{"@id":"https:\/\/informelitoral.com.ar\/#organization"},"image":{"@id":"https:\/\/informelitoral.com.ar\/federacion-agraria-contra-la-industria-del-juicio-y-la-presion-impositiva\/#primaryimage"},"thumbnailUrl":"https:\/\/drive.google.com\/thumbnail?id=1MA5DxixhBkWcLeQaHRC_Djg28RkjzrNL&sz=w2048","keywords":["Agro","Entre R\u00edos","FAA","Federaci\u00f3n Agraria Argentina","Federaci\u00f3n Agraria de Entre R\u00edos","Mat\u00edas Martiarena","Productores"],"articleSection":["Campo"],"inLanguage":"es","potentialAction":[{"@type":"CommentAction","name":"Comment","target":["https:\/\/informelitoral.com.ar\/federacion-agraria-contra-la-industria-del-juicio-y-la-presion-impositiva\/#respond"]}]},{"@type":"WebPage","@id":"https:\/\/informelitoral.com.ar\/federacion-agraria-contra-la-industria-del-juicio-y-la-presion-impositiva\/","url":"https:\/\/informelitoral.com.ar\/federacion-agraria-contra-la-industria-del-juicio-y-la-presion-impositiva\/","name":"Federaci\u00f3n Agraria contra \"la industria del juicio\" y la \"presi\u00f3n impositiva\" - Informe Litoral","isPartOf":{"@id":"https:\/\/informelitoral.com.ar\/#website"},"primaryImageOfPage":{"@id":"https:\/\/informelitoral.com.ar\/federacion-agraria-contra-la-industria-del-juicio-y-la-presion-impositiva\/#primaryimage"},"image":{"@id":"https:\/\/informelitoral.com.ar\/federacion-agraria-contra-la-industria-del-juicio-y-la-presion-impositiva\/#primaryimage"},"thumbnailUrl":"https:\/\/drive.google.com\/thumbnail?id=1MA5DxixhBkWcLeQaHRC_Djg28RkjzrNL&sz=w2048","datePublished":"2025-12-29T10:03:44+00:00","breadcrumb":{"@id":"https:\/\/informelitoral.com.ar\/federacion-agraria-contra-la-industria-del-juicio-y-la-presion-impositiva\/#breadcrumb"},"inLanguage":"es","potentialAction":[{"@type":"ReadAction","target":["https:\/\/informelitoral.com.ar\/federacion-agraria-contra-la-industria-del-juicio-y-la-presion-impositiva\/"]}]},{"@type":"ImageObject","inLanguage":"es","@id":"https:\/\/informelitoral.com.ar\/federacion-agraria-contra-la-industria-del-juicio-y-la-presion-impositiva\/#primaryimage","url":"https:\/\/drive.google.com\/thumbnail?id=1MA5DxixhBkWcLeQaHRC_Djg28RkjzrNL&sz=w2048","contentUrl":"https:\/\/drive.google.com\/thumbnail?id=1MA5DxixhBkWcLeQaHRC_Djg28RkjzrNL&sz=w2048","width":800,"height":450},{"@type":"BreadcrumbList","@id":"https:\/\/informelitoral.com.ar\/federacion-agraria-contra-la-industria-del-juicio-y-la-presion-impositiva\/#breadcrumb","itemListElement":[{"@type":"ListItem","position":1,"name":"Portada","item":"https:\/\/informelitoral.com.ar\/"},{"@type":"ListItem","position":2,"name":"Federaci\u00f3n Agraria contra \u00abla industria del juicio\u00bb y la \u00abpresi\u00f3n impositiva\u00bb"}]},{"@type":"WebSite","@id":"https:\/\/informelitoral.com.ar\/#website","url":"https:\/\/informelitoral.com.ar\/","name":"Informe Litoral","description":"&quot;Nos informamos&quot; ","publisher":{"@id":"https:\/\/informelitoral.com.ar\/#organization"},"potentialAction":[{"@type":"SearchAction","target":{"@type":"EntryPoint","urlTemplate":"https:\/\/informelitoral.com.ar\/?s={search_term_string}"},"query-input":{"@type":"PropertyValueSpecification","valueRequired":true,"valueName":"search_term_string"}}],"inLanguage":"es"},{"@type":"Organization","@id":"https:\/\/informelitoral.com.ar\/#organization","name":"Informe Litoral","url":"https:\/\/informelitoral.com.ar\/","logo":{"@type":"ImageObject","inLanguage":"es","@id":"https:\/\/informelitoral.com.ar\/#\/schema\/logo\/image\/","url":"https:\/\/informelitoral.com.ar\/%77%70%2d%63%6f%6e%74%65%6e%74\/uploads\/2021\/01\/circulo.png","contentUrl":"https:\/\/informelitoral.com.ar\/%77%70%2d%63%6f%6e%74%65%6e%74\/uploads\/2021\/01\/circulo.png","width":723,"height":731,"caption":"Informe Litoral"},"image":{"@id":"https:\/\/informelitoral.com.ar\/#\/schema\/logo\/image\/"},"sameAs":["https:\/\/www.facebook.com\/informelitoral\/","https:\/\/x.com\/InformeLitoral","https:\/\/www.instagram.com\/informelitoral\/","https:\/\/www.youtube.com\/channel\/UCua4Qvz8Icb6MYqhoq9xLXw"]},{"@type":"Person","@id":"https:\/\/informelitoral.com.ar\/#\/schema\/person\/b9d00407c836482871ef1d57bf8e3180","name":"Gonzalo Schmidt","image":{"@type":"ImageObject","inLanguage":"es","@id":"https:\/\/secure.gravatar.com\/avatar\/31a1a7b66ff2de83bd0e9fd79d026630d2d99e55e8bfe501287647b4fd9743de?s=96&d=mm&r=g","url":"https:\/\/secure.gravatar.com\/avatar\/31a1a7b66ff2de83bd0e9fd79d026630d2d99e55e8bfe501287647b4fd9743de?s=96&d=mm&r=g","contentUrl":"https:\/\/secure.gravatar.com\/avatar\/31a1a7b66ff2de83bd0e9fd79d026630d2d99e55e8bfe501287647b4fd9743de?s=96&d=mm&r=g","caption":"Gonzalo Schmidt"},"description":"Sitio web de noticias de la provincia de Entre R\u00edos, Argentina. Informaci\u00f3n y entretenimiento. Informe Litoral, nos informamos.","sameAs":["http:\/\/www.isletasnoticias.com.ar"],"url":"https:\/\/informelitoral.com.ar\/author\/gonzalo\/"}]}},"_links":{"self":[{"href":"https:\/\/informelitoral.com.ar\/%77%70%2d%6a%73%6f%6e\/wp\/v2\/posts\/244990","targetHints":{"allow":["GET"]}}],"collection":[{"href":"https:\/\/informelitoral.com.ar\/%77%70%2d%6a%73%6f%6e\/wp\/v2\/posts"}],"about":[{"href":"https:\/\/informelitoral.com.ar\/%77%70%2d%6a%73%6f%6e\/wp\/v2\/types\/post"}],"author":[{"embeddable":true,"href":"https:\/\/informelitoral.com.ar\/%77%70%2d%6a%73%6f%6e\/wp\/v2\/users\/2"}],"replies":[{"embeddable":true,"href":"https:\/\/informelitoral.com.ar\/%77%70%2d%6a%73%6f%6e\/wp\/v2\/comments?post=244990"}],"version-history":[{"count":1,"href":"https:\/\/informelitoral.com.ar\/%77%70%2d%6a%73%6f%6e\/wp\/v2\/posts\/244990\/revisions"}],"predecessor-version":[{"id":244992,"href":"https:\/\/informelitoral.com.ar\/%77%70%2d%6a%73%6f%6e\/wp\/v2\/posts\/244990\/revisions\/244992"}],"wp:featuredmedia":[{"embeddable":true,"href":"https:\/\/informelitoral.com.ar\/%77%70%2d%6a%73%6f%6e\/wp\/v2\/media\/244991"}],"wp:attachment":[{"href":"https:\/\/informelitoral.com.ar\/%77%70%2d%6a%73%6f%6e\/wp\/v2\/media?parent=244990"}],"wp:term":[{"taxonomy":"category","embeddable":true,"href":"https:\/\/informelitoral.com.ar\/%77%70%2d%6a%73%6f%6e\/wp\/v2\/categories?post=244990"},{"taxonomy":"post_tag","embeddable":true,"href":"https:\/\/informelitoral.com.ar\/%77%70%2d%6a%73%6f%6e\/wp\/v2\/tags?post=244990"}],"curies":[{"name":"wp","href":"https:\/\/api.w.org\/{rel}","templated":true}]}}