{"id":244979,"date":"2025-12-29T06:24:24","date_gmt":"2025-12-29T09:24:24","guid":{"rendered":"https:\/\/informelitoral.com.ar\/?p=244979"},"modified":"2025-12-29T06:28:21","modified_gmt":"2025-12-29T09:28:21","slug":"el-2025-termina-con-una-ola-de-calor-y-sin-pronostico-de-lluvias","status":"publish","type":"post","link":"https:\/\/informelitoral.com.ar\/el-2025-termina-con-una-ola-de-calor-y-sin-pronostico-de-lluvias\/","title":{"rendered":"El 2025 termina con una ola de calor y sin pron\u00f3stico de lluvias"},"content":{"rendered":"<p><b>Desde este lunes y hasta el mi\u00e9rcoles se instala una ola de calor en gran parte del pa\u00eds<\/b>, con temperaturas extremas y sensaciones t\u00e9rmicas que podr\u00edan alcanzar los 40 grados. En Entre R\u00edos, si se mantienen las condiciones previstas, los festejos para despedir 2025 y recibir 2026 podr\u00edan desarrollarse al aire libre.<\/p>\n<p><b>El a\u00f1o 2025 se despedir\u00e1 con altas temperaturas,<\/b>\u00a0de acuerdo con el pron\u00f3stico del Servicio Meteorol\u00f3gico Nacional (SMN). Durante el fin de semana se registraron lluvias aisladas, principalmente en la noche del s\u00e1bado y las primeras horas de la tarde del domingo, acompa\u00f1adas por marcas t\u00e9rmicas elevadas.<\/p>\n<p><b>La recta final del a\u00f1o llega marcada por una ola de calor que mantiene alertas activas por altas temperaturas en el centro y oeste del pa\u00eds.<\/b>\u00a0Las advertencias alcanzan a\u00a0<b>Entre R\u00edos,<\/b>\u00a0Buenos Aires, C\u00f3rdoba, San Luis, La Pampa, Mendoza, Neuqu\u00e9n y R\u00edo Negro.<\/p>\n<p>Cabe recordar que se considera ola de calor a un per\u00edodo excesivamente c\u00e1lido en el que las temperaturas m\u00e1ximas y m\u00ednimas superan, durante al menos tres d\u00edas consecutivos y de manera simult\u00e1nea, valores umbrales que var\u00edan seg\u00fan cada localidad.<\/p>\n<p><b>Durante la presente jornada<\/b>, las temperaturas continuar\u00e1n elevadas, con viento del sudoeste que rotar\u00e1 al este y luego al noreste, favoreciendo el ingreso de aire c\u00e1lido. En el centro del pa\u00eds se espera un marcado aumento t\u00e9rmico y de la humedad.\u00a0<b>En Entre R\u00edos, las m\u00e1ximas podr\u00edan alcanzar los 34 grados.\u00a0<\/b>En tanto, el martes seguir\u00e1 subiendo la temperatura, con un pico de 36\u00baC para la tarde.<\/p>\n<h2><strong><span style=\"color: #111111; font-family: Roboto, sans-serif; font-size: 22px;\">Qu\u00e9 pasar\u00e1 en v\u00edsperas de A\u00f1o Nuevo<\/span><\/strong><\/h2>\n<p>Para el\u00a0<b>mi\u00e9rcoles 31<\/b>\u00a0de diciembre el tiempo se presentar\u00e1\u00a0<b>sofocante en varias regiones del pa\u00eds, como Buenos Aires, C\u00f3rdoba, La Rioja, La Pampa, donde las m\u00e1ximas estar\u00e1n entre los 38 grados y los 36 grados, y sensaciones t\u00e9rmicas en el orden de los 40\u00b0C.<\/b><\/p>\n<p>Particularmente,\u00a0<b>en el caso de nuestra provincia se prev\u00e9 cielo con nubosidad y mayor porcentaje de humedad. As\u00ed, a la tarde los registros en los term\u00f3metros podr\u00edan alcanzar los 36 grados<\/b>, mientras que las sensaciones t\u00e9rmicas podr\u00edan ser m\u00e1s elevadas.<\/p>\n<p>Por eso, si se mantienen los pron\u00f3sticos, toda indica que\u00a0<b>los festejos para despedir 2025 y recibir 2026 en Entre R\u00edos podr\u00e1n desarrollarse al aire libre<\/b>.<\/p>\n<p>El 1 de enero el avance de un frente fr\u00edo har\u00e1 que las temperaturas bajen moderadamente en la provincia de Buenos Aires, haciendo que las m\u00e1ximas no superen los 30\u00b0C.<\/p>\n<p>En tanto en Entre R\u00edos,\u00a0<b>el jueves<\/b>\u00a0el ambiente denotar\u00e1 elevadas temperaturas, con la permanencia de un frente c\u00e1lido que, sin pron\u00f3sticos de nuevas lluvias, mantendr\u00e1 los registros m\u00e1ximos en Entre R\u00edos de 33 a 35 grados al menos hasta el fin de semana venidero.<\/p>\n<h6><em><strong>Del archivo de Informe Litoral:\u00a0<a href=\"https:\/\/informelitoral.com.ar\/parana-ofrece-sombrillas-y-reposeras-gratis-en-el-balneario-thompson\/\" target=\"_blank\" rel=\"noopener\">Paran\u00e1 ofrece sombrillas y reposeras gratis en el Balneario Thompson<\/a><\/strong><\/em><\/h6>\n","protected":false},"excerpt":{"rendered":"<p>En algunos casos las temperaturas m\u00e1ximas se acercar\u00e1n a los 40 grados con cielo mayormente despejado. Seg\u00fan el pron\u00f3stico oficial, no habr\u00e1 inconvenientes para los festejos al aire libre. <\/p>\n","protected":false},"author":2,"featured_media":69891,"comment_status":"open","ping_status":"open","sticky":false,"template":"","format":"standard","meta":{"fifu_image_url":"","fifu_image_alt":"","footnotes":""},"categories":[7],"tags":[38,2851,114,2759],"class_list":{"0":"post-244979","1":"post","2":"type-post","3":"status-publish","4":"format-standard","5":"has-post-thumbnail","7":"category-nacionales","8":"tag-el-tiempo","9":"tag-ola-de-calor","10":"tag-pronostico","11":"tag-pronostico-del-tiempo"},"yoast_head":"<title>El 2025 termina con una ola de calor y sin pron\u00f3stico de lluvias - Informe Litoral<\/title>\n<meta name=\"robots\" content=\"index, follow, max-snippet:-1, max-image-preview:large, max-video-preview:-1\" \/>\n<link rel=\"canonical\" href=\"https:\/\/informelitoral.com.ar\/el-2025-termina-con-una-ola-de-calor-y-sin-pronostico-de-lluvias\/\" \/>\n<meta property=\"og:locale\" content=\"es_ES\" \/>\n<meta property=\"og:type\" content=\"article\" \/>\n<meta property=\"og:title\" content=\"El 2025 termina con una ola de calor y sin pron\u00f3stico de lluvias - Informe Litoral\" \/>\n<meta property=\"og:description\" content=\"En algunos casos las temperaturas m\u00e1ximas se acercar\u00e1n a los 40 grados con cielo mayormente despejado. Seg\u00fan el pron\u00f3stico oficial, no habr\u00e1 inconvenientes para los festejos al aire libre.\" \/>\n<meta property=\"og:url\" content=\"https:\/\/informelitoral.com.ar\/el-2025-termina-con-una-ola-de-calor-y-sin-pronostico-de-lluvias\/\" \/>\n<meta property=\"og:site_name\" content=\"Informe Litoral\" \/>\n<meta property=\"article:publisher\" content=\"https:\/\/www.facebook.com\/informelitoral\/\" \/>\n<meta property=\"article:published_time\" content=\"2025-12-29T09:24:24+00:00\" \/>\n<meta property=\"article:modified_time\" content=\"2025-12-29T09:28:21+00:00\" \/>\n<meta property=\"og:image\" content=\"https:\/\/informelitoral.com.ar\/%77%70%2d%63%6f%6e%74%65%6e%74\/uploads\/2022\/01\/posible-episodio-altas-temperaturas-ola-de-calor-inicio-julio-2021-espana-346531-1_1024.jpeg\" \/>\n\t<meta property=\"og:image:width\" content=\"1024\" \/>\n\t<meta property=\"og:image:height\" content=\"720\" \/>\n\t<meta property=\"og:image:type\" content=\"image\/jpeg\" \/>\n<meta name=\"author\" content=\"Gonzalo Schmidt\" \/>\n<meta name=\"twitter:card\" content=\"summary_large_image\" \/>\n<meta name=\"twitter:creator\" content=\"@InformeLitoral\" \/>\n<meta name=\"twitter:site\" content=\"@InformeLitoral\" \/>\n<meta name=\"twitter:label1\" content=\"Escrito por\" \/>\n\t<meta name=\"twitter:data1\" content=\"Gonzalo Schmidt\" \/>\n\t<meta name=\"twitter:label2\" content=\"Tiempo de lectura\" \/>\n\t<meta name=\"twitter:data2\" content=\"3 minutos\" \/>\n<script type=\"application\/ld+json\" class=\"yoast-schema-graph\">{\"@context\":\"https:\\\/\\\/schema.org\",\"@graph\":[{\"@type\":\"Article\",\"@id\":\"https:\\\/\\\/informelitoral.com.ar\\\/el-2025-termina-con-una-ola-de-calor-y-sin-pronostico-de-lluvias\\\/#article\",\"isPartOf\":{\"@id\":\"https:\\\/\\\/informelitoral.com.ar\\\/el-2025-termina-con-una-ola-de-calor-y-sin-pronostico-de-lluvias\\\/\"},\"author\":{\"name\":\"Gonzalo Schmidt\",\"@id\":\"https:\\\/\\\/informelitoral.com.ar\\\/#\\\/schema\\\/person\\\/b9d00407c836482871ef1d57bf8e3180\"},\"headline\":\"El 2025 termina con una ola de calor y sin pron\u00f3stico de lluvias\",\"datePublished\":\"2025-12-29T09:24:24+00:00\",\"dateModified\":\"2025-12-29T09:28:21+00:00\",\"mainEntityOfPage\":{\"@id\":\"https:\\\/\\\/informelitoral.com.ar\\\/el-2025-termina-con-una-ola-de-calor-y-sin-pronostico-de-lluvias\\\/\"},\"wordCount\":512,\"commentCount\":0,\"publisher\":{\"@id\":\"https:\\\/\\\/informelitoral.com.ar\\\/#organization\"},\"image\":{\"@id\":\"https:\\\/\\\/informelitoral.com.ar\\\/el-2025-termina-con-una-ola-de-calor-y-sin-pronostico-de-lluvias\\\/#primaryimage\"},\"thumbnailUrl\":\"https:\\\/\\\/informelitoral.com.ar\\\/%77%70%2d%63%6f%6e%74%65%6e%74\\\/uploads\\\/2022\\\/01\\\/posible-episodio-altas-temperaturas-ola-de-calor-inicio-julio-2021-espana-346531-1_1024.jpeg\",\"keywords\":[\"El tiempo\",\"Ola de Calor\",\"Pron\u00f3stico\",\"Pron\u00f3stico del tiempo\"],\"articleSection\":[\"Nacionales\"],\"inLanguage\":\"es\",\"potentialAction\":[{\"@type\":\"CommentAction\",\"name\":\"Comment\",\"target\":[\"https:\\\/\\\/informelitoral.com.ar\\\/el-2025-termina-con-una-ola-de-calor-y-sin-pronostico-de-lluvias\\\/#respond\"]}]},{\"@type\":\"WebPage\",\"@id\":\"https:\\\/\\\/informelitoral.com.ar\\\/el-2025-termina-con-una-ola-de-calor-y-sin-pronostico-de-lluvias\\\/\",\"url\":\"https:\\\/\\\/informelitoral.com.ar\\\/el-2025-termina-con-una-ola-de-calor-y-sin-pronostico-de-lluvias\\\/\",\"name\":\"El 2025 termina con una ola de calor y sin pron\u00f3stico de lluvias - Informe Litoral\",\"isPartOf\":{\"@id\":\"https:\\\/\\\/informelitoral.com.ar\\\/#website\"},\"primaryImageOfPage\":{\"@id\":\"https:\\\/\\\/informelitoral.com.ar\\\/el-2025-termina-con-una-ola-de-calor-y-sin-pronostico-de-lluvias\\\/#primaryimage\"},\"image\":{\"@id\":\"https:\\\/\\\/informelitoral.com.ar\\\/el-2025-termina-con-una-ola-de-calor-y-sin-pronostico-de-lluvias\\\/#primaryimage\"},\"thumbnailUrl\":\"https:\\\/\\\/informelitoral.com.ar\\\/%77%70%2d%63%6f%6e%74%65%6e%74\\\/uploads\\\/2022\\\/01\\\/posible-episodio-altas-temperaturas-ola-de-calor-inicio-julio-2021-espana-346531-1_1024.jpeg\",\"datePublished\":\"2025-12-29T09:24:24+00:00\",\"dateModified\":\"2025-12-29T09:28:21+00:00\",\"breadcrumb\":{\"@id\":\"https:\\\/\\\/informelitoral.com.ar\\\/el-2025-termina-con-una-ola-de-calor-y-sin-pronostico-de-lluvias\\\/#breadcrumb\"},\"inLanguage\":\"es\",\"potentialAction\":[{\"@type\":\"ReadAction\",\"target\":[\"https:\\\/\\\/informelitoral.com.ar\\\/el-2025-termina-con-una-ola-de-calor-y-sin-pronostico-de-lluvias\\\/\"]}]},{\"@type\":\"ImageObject\",\"inLanguage\":\"es\",\"@id\":\"https:\\\/\\\/informelitoral.com.ar\\\/el-2025-termina-con-una-ola-de-calor-y-sin-pronostico-de-lluvias\\\/#primaryimage\",\"url\":\"https:\\\/\\\/informelitoral.com.ar\\\/%77%70%2d%63%6f%6e%74%65%6e%74\\\/uploads\\\/2022\\\/01\\\/posible-episodio-altas-temperaturas-ola-de-calor-inicio-julio-2021-espana-346531-1_1024.jpeg\",\"contentUrl\":\"https:\\\/\\\/informelitoral.com.ar\\\/%77%70%2d%63%6f%6e%74%65%6e%74\\\/uploads\\\/2022\\\/01\\\/posible-episodio-altas-temperaturas-ola-de-calor-inicio-julio-2021-espana-346531-1_1024.jpeg\",\"width\":1024,\"height\":720},{\"@type\":\"BreadcrumbList\",\"@id\":\"https:\\\/\\\/informelitoral.com.ar\\\/el-2025-termina-con-una-ola-de-calor-y-sin-pronostico-de-lluvias\\\/#breadcrumb\",\"itemListElement\":[{\"@type\":\"ListItem\",\"position\":1,\"name\":\"Portada\",\"item\":\"https:\\\/\\\/informelitoral.com.ar\\\/\"},{\"@type\":\"ListItem\",\"position\":2,\"name\":\"El 2025 termina con una ola de calor y sin pron\u00f3stico de lluvias\"}]},{\"@type\":\"WebSite\",\"@id\":\"https:\\\/\\\/informelitoral.com.ar\\\/#website\",\"url\":\"https:\\\/\\\/informelitoral.com.ar\\\/\",\"name\":\"Informe Litoral\",\"description\":\"&quot;Nos informamos&quot; \",\"publisher\":{\"@id\":\"https:\\\/\\\/informelitoral.com.ar\\\/#organization\"},\"potentialAction\":[{\"@type\":\"SearchAction\",\"target\":{\"@type\":\"EntryPoint\",\"urlTemplate\":\"https:\\\/\\\/informelitoral.com.ar\\\/?s={search_term_string}\"},\"query-input\":{\"@type\":\"PropertyValueSpecification\",\"valueRequired\":true,\"valueName\":\"search_term_string\"}}],\"inLanguage\":\"es\"},{\"@type\":\"Organization\",\"@id\":\"https:\\\/\\\/informelitoral.com.ar\\\/#organization\",\"name\":\"Informe Litoral\",\"url\":\"https:\\\/\\\/informelitoral.com.ar\\\/\",\"logo\":{\"@type\":\"ImageObject\",\"inLanguage\":\"es\",\"@id\":\"https:\\\/\\\/informelitoral.com.ar\\\/#\\\/schema\\\/logo\\\/image\\\/\",\"url\":\"https:\\\/\\\/informelitoral.com.ar\\\/%77%70%2d%63%6f%6e%74%65%6e%74\\\/uploads\\\/2021\\\/01\\\/circulo.png\",\"contentUrl\":\"https:\\\/\\\/informelitoral.com.ar\\\/%77%70%2d%63%6f%6e%74%65%6e%74\\\/uploads\\\/2021\\\/01\\\/circulo.png\",\"width\":723,\"height\":731,\"caption\":\"Informe Litoral\"},\"image\":{\"@id\":\"https:\\\/\\\/informelitoral.com.ar\\\/#\\\/schema\\\/logo\\\/image\\\/\"},\"sameAs\":[\"https:\\\/\\\/www.facebook.com\\\/informelitoral\\\/\",\"https:\\\/\\\/x.com\\\/InformeLitoral\",\"https:\\\/\\\/www.instagram.com\\\/informelitoral\\\/\",\"https:\\\/\\\/www.youtube.com\\\/channel\\\/UCua4Qvz8Icb6MYqhoq9xLXw\"]},{\"@type\":\"Person\",\"@id\":\"https:\\\/\\\/informelitoral.com.ar\\\/#\\\/schema\\\/person\\\/b9d00407c836482871ef1d57bf8e3180\",\"name\":\"Gonzalo Schmidt\",\"image\":{\"@type\":\"ImageObject\",\"inLanguage\":\"es\",\"@id\":\"https:\\\/\\\/secure.gravatar.com\\\/avatar\\\/31a1a7b66ff2de83bd0e9fd79d026630d2d99e55e8bfe501287647b4fd9743de?s=96&d=mm&r=g\",\"url\":\"https:\\\/\\\/secure.gravatar.com\\\/avatar\\\/31a1a7b66ff2de83bd0e9fd79d026630d2d99e55e8bfe501287647b4fd9743de?s=96&d=mm&r=g\",\"contentUrl\":\"https:\\\/\\\/secure.gravatar.com\\\/avatar\\\/31a1a7b66ff2de83bd0e9fd79d026630d2d99e55e8bfe501287647b4fd9743de?s=96&d=mm&r=g\",\"caption\":\"Gonzalo Schmidt\"},\"description\":\"Sitio web de noticias de la provincia de Entre R\u00edos, Argentina. Informaci\u00f3n y entretenimiento. Informe Litoral, nos informamos.\",\"sameAs\":[\"http:\\\/\\\/www.isletasnoticias.com.ar\"],\"url\":\"https:\\\/\\\/informelitoral.com.ar\\\/author\\\/gonzalo\\\/\"}]}<\/script>","yoast_head_json":{"title":"El 2025 termina con una ola de calor y sin pron\u00f3stico de lluvias - Informe Litoral","robots":{"index":"index","follow":"follow","max-snippet":"max-snippet:-1","max-image-preview":"max-image-preview:large","max-video-preview":"max-video-preview:-1"},"canonical":"https:\/\/informelitoral.com.ar\/el-2025-termina-con-una-ola-de-calor-y-sin-pronostico-de-lluvias\/","og_locale":"es_ES","og_type":"article","og_title":"El 2025 termina con una ola de calor y sin pron\u00f3stico de lluvias - Informe Litoral","og_description":"En algunos casos las temperaturas m\u00e1ximas se acercar\u00e1n a los 40 grados con cielo mayormente despejado. Seg\u00fan el pron\u00f3stico oficial, no habr\u00e1 inconvenientes para los festejos al aire libre.","og_url":"https:\/\/informelitoral.com.ar\/el-2025-termina-con-una-ola-de-calor-y-sin-pronostico-de-lluvias\/","og_site_name":"Informe Litoral","article_publisher":"https:\/\/www.facebook.com\/informelitoral\/","article_published_time":"2025-12-29T09:24:24+00:00","article_modified_time":"2025-12-29T09:28:21+00:00","og_image":[{"width":1024,"height":720,"url":"https:\/\/informelitoral.com.ar\/%77%70%2d%63%6f%6e%74%65%6e%74\/uploads\/2022\/01\/posible-episodio-altas-temperaturas-ola-de-calor-inicio-julio-2021-espana-346531-1_1024.jpeg","type":"image\/jpeg"}],"author":"Gonzalo Schmidt","twitter_card":"summary_large_image","twitter_creator":"@InformeLitoral","twitter_site":"@InformeLitoral","twitter_misc":{"Escrito por":"Gonzalo Schmidt","Tiempo de lectura":"3 minutos"},"schema":{"@context":"https:\/\/schema.org","@graph":[{"@type":"Article","@id":"https:\/\/informelitoral.com.ar\/el-2025-termina-con-una-ola-de-calor-y-sin-pronostico-de-lluvias\/#article","isPartOf":{"@id":"https:\/\/informelitoral.com.ar\/el-2025-termina-con-una-ola-de-calor-y-sin-pronostico-de-lluvias\/"},"author":{"name":"Gonzalo Schmidt","@id":"https:\/\/informelitoral.com.ar\/#\/schema\/person\/b9d00407c836482871ef1d57bf8e3180"},"headline":"El 2025 termina con una ola de calor y sin pron\u00f3stico de lluvias","datePublished":"2025-12-29T09:24:24+00:00","dateModified":"2025-12-29T09:28:21+00:00","mainEntityOfPage":{"@id":"https:\/\/informelitoral.com.ar\/el-2025-termina-con-una-ola-de-calor-y-sin-pronostico-de-lluvias\/"},"wordCount":512,"commentCount":0,"publisher":{"@id":"https:\/\/informelitoral.com.ar\/#organization"},"image":{"@id":"https:\/\/informelitoral.com.ar\/el-2025-termina-con-una-ola-de-calor-y-sin-pronostico-de-lluvias\/#primaryimage"},"thumbnailUrl":"https:\/\/informelitoral.com.ar\/%77%70%2d%63%6f%6e%74%65%6e%74\/uploads\/2022\/01\/posible-episodio-altas-temperaturas-ola-de-calor-inicio-julio-2021-espana-346531-1_1024.jpeg","keywords":["El tiempo","Ola de Calor","Pron\u00f3stico","Pron\u00f3stico del tiempo"],"articleSection":["Nacionales"],"inLanguage":"es","potentialAction":[{"@type":"CommentAction","name":"Comment","target":["https:\/\/informelitoral.com.ar\/el-2025-termina-con-una-ola-de-calor-y-sin-pronostico-de-lluvias\/#respond"]}]},{"@type":"WebPage","@id":"https:\/\/informelitoral.com.ar\/el-2025-termina-con-una-ola-de-calor-y-sin-pronostico-de-lluvias\/","url":"https:\/\/informelitoral.com.ar\/el-2025-termina-con-una-ola-de-calor-y-sin-pronostico-de-lluvias\/","name":"El 2025 termina con una ola de calor y sin pron\u00f3stico de lluvias - Informe Litoral","isPartOf":{"@id":"https:\/\/informelitoral.com.ar\/#website"},"primaryImageOfPage":{"@id":"https:\/\/informelitoral.com.ar\/el-2025-termina-con-una-ola-de-calor-y-sin-pronostico-de-lluvias\/#primaryimage"},"image":{"@id":"https:\/\/informelitoral.com.ar\/el-2025-termina-con-una-ola-de-calor-y-sin-pronostico-de-lluvias\/#primaryimage"},"thumbnailUrl":"https:\/\/informelitoral.com.ar\/%77%70%2d%63%6f%6e%74%65%6e%74\/uploads\/2022\/01\/posible-episodio-altas-temperaturas-ola-de-calor-inicio-julio-2021-espana-346531-1_1024.jpeg","datePublished":"2025-12-29T09:24:24+00:00","dateModified":"2025-12-29T09:28:21+00:00","breadcrumb":{"@id":"https:\/\/informelitoral.com.ar\/el-2025-termina-con-una-ola-de-calor-y-sin-pronostico-de-lluvias\/#breadcrumb"},"inLanguage":"es","potentialAction":[{"@type":"ReadAction","target":["https:\/\/informelitoral.com.ar\/el-2025-termina-con-una-ola-de-calor-y-sin-pronostico-de-lluvias\/"]}]},{"@type":"ImageObject","inLanguage":"es","@id":"https:\/\/informelitoral.com.ar\/el-2025-termina-con-una-ola-de-calor-y-sin-pronostico-de-lluvias\/#primaryimage","url":"https:\/\/informelitoral.com.ar\/%77%70%2d%63%6f%6e%74%65%6e%74\/uploads\/2022\/01\/posible-episodio-altas-temperaturas-ola-de-calor-inicio-julio-2021-espana-346531-1_1024.jpeg","contentUrl":"https:\/\/informelitoral.com.ar\/%77%70%2d%63%6f%6e%74%65%6e%74\/uploads\/2022\/01\/posible-episodio-altas-temperaturas-ola-de-calor-inicio-julio-2021-espana-346531-1_1024.jpeg","width":1024,"height":720},{"@type":"BreadcrumbList","@id":"https:\/\/informelitoral.com.ar\/el-2025-termina-con-una-ola-de-calor-y-sin-pronostico-de-lluvias\/#breadcrumb","itemListElement":[{"@type":"ListItem","position":1,"name":"Portada","item":"https:\/\/informelitoral.com.ar\/"},{"@type":"ListItem","position":2,"name":"El 2025 termina con una ola de calor y sin pron\u00f3stico de lluvias"}]},{"@type":"WebSite","@id":"https:\/\/informelitoral.com.ar\/#website","url":"https:\/\/informelitoral.com.ar\/","name":"Informe Litoral","description":"&quot;Nos informamos&quot; ","publisher":{"@id":"https:\/\/informelitoral.com.ar\/#organization"},"potentialAction":[{"@type":"SearchAction","target":{"@type":"EntryPoint","urlTemplate":"https:\/\/informelitoral.com.ar\/?s={search_term_string}"},"query-input":{"@type":"PropertyValueSpecification","valueRequired":true,"valueName":"search_term_string"}}],"inLanguage":"es"},{"@type":"Organization","@id":"https:\/\/informelitoral.com.ar\/#organization","name":"Informe Litoral","url":"https:\/\/informelitoral.com.ar\/","logo":{"@type":"ImageObject","inLanguage":"es","@id":"https:\/\/informelitoral.com.ar\/#\/schema\/logo\/image\/","url":"https:\/\/informelitoral.com.ar\/%77%70%2d%63%6f%6e%74%65%6e%74\/uploads\/2021\/01\/circulo.png","contentUrl":"https:\/\/informelitoral.com.ar\/%77%70%2d%63%6f%6e%74%65%6e%74\/uploads\/2021\/01\/circulo.png","width":723,"height":731,"caption":"Informe Litoral"},"image":{"@id":"https:\/\/informelitoral.com.ar\/#\/schema\/logo\/image\/"},"sameAs":["https:\/\/www.facebook.com\/informelitoral\/","https:\/\/x.com\/InformeLitoral","https:\/\/www.instagram.com\/informelitoral\/","https:\/\/www.youtube.com\/channel\/UCua4Qvz8Icb6MYqhoq9xLXw"]},{"@type":"Person","@id":"https:\/\/informelitoral.com.ar\/#\/schema\/person\/b9d00407c836482871ef1d57bf8e3180","name":"Gonzalo Schmidt","image":{"@type":"ImageObject","inLanguage":"es","@id":"https:\/\/secure.gravatar.com\/avatar\/31a1a7b66ff2de83bd0e9fd79d026630d2d99e55e8bfe501287647b4fd9743de?s=96&d=mm&r=g","url":"https:\/\/secure.gravatar.com\/avatar\/31a1a7b66ff2de83bd0e9fd79d026630d2d99e55e8bfe501287647b4fd9743de?s=96&d=mm&r=g","contentUrl":"https:\/\/secure.gravatar.com\/avatar\/31a1a7b66ff2de83bd0e9fd79d026630d2d99e55e8bfe501287647b4fd9743de?s=96&d=mm&r=g","caption":"Gonzalo Schmidt"},"description":"Sitio web de noticias de la provincia de Entre R\u00edos, Argentina. Informaci\u00f3n y entretenimiento. Informe Litoral, nos informamos.","sameAs":["http:\/\/www.isletasnoticias.com.ar"],"url":"https:\/\/informelitoral.com.ar\/author\/gonzalo\/"}]}},"_links":{"self":[{"href":"https:\/\/informelitoral.com.ar\/%77%70%2d%6a%73%6f%6e\/wp\/v2\/posts\/244979","targetHints":{"allow":["GET"]}}],"collection":[{"href":"https:\/\/informelitoral.com.ar\/%77%70%2d%6a%73%6f%6e\/wp\/v2\/posts"}],"about":[{"href":"https:\/\/informelitoral.com.ar\/%77%70%2d%6a%73%6f%6e\/wp\/v2\/types\/post"}],"author":[{"embeddable":true,"href":"https:\/\/informelitoral.com.ar\/%77%70%2d%6a%73%6f%6e\/wp\/v2\/users\/2"}],"replies":[{"embeddable":true,"href":"https:\/\/informelitoral.com.ar\/%77%70%2d%6a%73%6f%6e\/wp\/v2\/comments?post=244979"}],"version-history":[{"count":3,"href":"https:\/\/informelitoral.com.ar\/%77%70%2d%6a%73%6f%6e\/wp\/v2\/posts\/244979\/revisions"}],"predecessor-version":[{"id":244982,"href":"https:\/\/informelitoral.com.ar\/%77%70%2d%6a%73%6f%6e\/wp\/v2\/posts\/244979\/revisions\/244982"}],"wp:featuredmedia":[{"embeddable":true,"href":"https:\/\/informelitoral.com.ar\/%77%70%2d%6a%73%6f%6e\/wp\/v2\/media\/69891"}],"wp:attachment":[{"href":"https:\/\/informelitoral.com.ar\/%77%70%2d%6a%73%6f%6e\/wp\/v2\/media?parent=244979"}],"wp:term":[{"taxonomy":"category","embeddable":true,"href":"https:\/\/informelitoral.com.ar\/%77%70%2d%6a%73%6f%6e\/wp\/v2\/categories?post=244979"},{"taxonomy":"post_tag","embeddable":true,"href":"https:\/\/informelitoral.com.ar\/%77%70%2d%6a%73%6f%6e\/wp\/v2\/tags?post=244979"}],"curies":[{"name":"wp","href":"https:\/\/api.w.org\/{rel}","templated":true}]}}