{"id":244966,"date":"2025-12-27T12:33:38","date_gmt":"2025-12-27T15:33:38","guid":{"rendered":"https:\/\/informelitoral.com.ar\/?p=244966"},"modified":"2025-12-27T12:48:00","modified_gmt":"2025-12-27T15:48:00","slug":"mauricio-colello-adelanto-los-debates-que-se-vienen-en-2026","status":"publish","type":"post","link":"https:\/\/informelitoral.com.ar\/mauricio-colello-adelanto-los-debates-que-se-vienen-en-2026\/","title":{"rendered":"Mauricio Colello adelant\u00f3 los debates que se vienen en 2026"},"content":{"rendered":"<p>El secretario General de la Gobernaci\u00f3n,<a href=\"https:\/\/www.instagram.com\/mauriciocolello\/?hl=es\" target=\"_blank\" rel=\"noopener\"><strong> Mauricio Colello<\/strong><\/a> realiz\u00f3 un balance de los dos a\u00f1os de gesti\u00f3n de<strong> Rogelio Frigerio<\/strong>. En <a href=\"https:\/\/informelitoral.com.ar\/la-hora-del-6-cumple-seis-meses\/\" target=\"_blank\" rel=\"noopener\"><em><strong>La Hora del 6<\/strong><\/em><\/a> por <em>Canal 6 ERTV,<\/em> reconoci\u00f3 que <strong>\u00abuno nunca se conforma porque hay muchas cosas que me hubiesen gustado profundizar m\u00e1s, pero tenemos que ser conscientes de la realidad.<\/strong> A nosotros <strong>nos toc\u00f3 hacernos cargo de un Gobierno despu\u00e9s de muchos a\u00f1os de malas administraciones.<\/strong> Por ello afrontamos una de las crisis m\u00e1s agudas de los \u00faltimos a\u00f1os y siento que <strong>con el esfuerzo de todos estamos logrando enderezar un avi\u00f3n que se ven\u00eda a pique<\/strong>\u00ab, remarc\u00f3.<\/p>\n<h2><strong>Objetivos alcanzados<\/strong><\/h2>\n<p>En cuanto a los logros de estos primeros 24 meses o 50% de la gesti\u00f3n, Colello rescat\u00f3 b\u00e1sicamente la \u00ab<strong>transformaci\u00f3n del Estado, el incentivo a las inversiones con menos burocracia y m\u00e1s acceso al cr\u00e9dito; la reducci\u00f3n del costo de la energ\u00eda; la baja del d\u00e9ficit de la Caja de Jubilaciones y Pensiones y la valorizaci\u00f3n del empleado p\u00fablico<\/strong>\u00ab.<\/p>\n<p>Al ampliar cada uno de los puntos mencionados, el funcionario, que es la mano derecha del gobernador entrerriano, sostuvo que \u00ab<strong>lo que mas se transform\u00f3 en estos dos a\u00f1os es el paradigma del Estado. Eliminamos burocracia, priviliegios y\u00a0 sumamos tecnolog\u00eda<\/strong>\u00ab, sostuvo.<\/p>\n<p>Para ejemplificar aport\u00f3: \u00ab<strong>Hoy el Gobierno no toca la puerta para sacarle cosas a quien invierte sino para aportar y ayudar.<\/strong> Un ejemplo claro de ello es la ley del R\u00e9gimen de Incentivo de Nuevas Inversiones (<strong>RINI<\/strong>), la cual fue un \u00e9xito con <strong>mas de 200 mil millones de pesos de inversiones<\/strong>\u00a0con todos los puestos de trabajo y el movimiento que eso genera\u00bb, sostuvo.<\/p>\n<p>En ese sentido tambi\u00e9n hizo referencia a la <strong>reducci\u00f3n del costo de la energ\u00eda<\/strong>. \u00abHacemos un gran esfuerzo con la <strong>eliminaci\u00f3n de impuestos provinciales<\/strong>, <strong>congelamos el VAD<\/strong> (<strong class=\"Yjhzub\">Valor Agregado de Distribuci\u00f3n) <\/strong>y <strong>reducimos las tasas municipales.<\/strong> Eramos la provincia con el valor mas alto de la energ\u00eda y ahora estamos a mitad de la tabla\u00bb, asegur\u00f3 Colello.<\/p>\n<p>Por otro lado, pero tambi\u00e9n vinculado a los sectores productivos, rescat\u00f3 el trabajo para lograr el <strong>acceso al cr\u00e9dito.<\/strong> \u00abCon orgullo podemos decir que<strong> fuimos la provincia que m\u00e1s accedimos a los cr\u00e9ditos del CFI con m\u00e1s de $10 mil millones<\/strong> lo que habla de las ganas de invertir, arriesgar y crecer que tienen los entrerrianos\u00bb.<\/p>\n<p>Por \u00faltimo se refiri\u00f3 a los <strong>empleados p\u00fablicos<\/strong>: \u00ab<strong>Volvimos a ponerlos en valor pero no podemos tratar de la misma forma al que cumple con su trabajo que al resto. Esa diferencia se tiene que notar. Hay que produndizar ese aspecto<\/strong>\u00ab, sostuvo.<\/p>\n<h2><strong>Objetivos pendientes<\/strong><\/h2>\n<p><strong>Para las \u00abtransformaciones\u00bb que se vienen \u00abse necesitan consensos pero no tendremos tibieza\u00bb, asegur\u00f3 Mauricio Colello.<\/strong><\/p>\n<p>En ese marco se propone como uno de los ejes fundamentales lograr \u00absostener un rumbo. <strong>Se necesita mantener la pol\u00edtica p\u00fablica en el tiempo y para eso hay que construir consensos<\/strong>. Creo que la gente lo entiende y est\u00e1 acompa\u00f1anado con mucho esfuerzo. Sino cuidamos eso volveremos al populismo, a las malas pol\u00edticas\u00bb, advirti\u00f3.<\/p>\n<p>Para el 2026 reconoci\u00f3 que al no ser un a\u00f1o electoral <strong>\u00abnos hace enforar el 100% en la gesti\u00f3n, en traer m\u00e1s inversiones, mejorar las rutas de las cuales ya realizamos trabajos en un 30%, los establecimientos escolares, los hospitales.<\/strong> Podemos hacer esto porque el dinero va donde tiene que ir\u00bb, volvi\u00f3 a subrayar el secretario general de la Gobernaci\u00f3n.<\/p>\n<p>En ese marco tambi\u00e9n restat\u00f3 que bajaron \u00ab<strong>el d\u00e9ficit de la Caja de Jubilaciones y esa plata hoy va a obras necesarias. Si segu\u00eda con la misma din\u00e1mica de funcionamiento ya no hubiese sido posible pagar el 82% m\u00f3vil y nosotros somos defensores de eso. Por ello se vienen m\u00e1s discusiones que necesitan de grandes consensos. Nosotros vinimos a hacer las transformaciones necesarias le moleste a quien le moleste<\/strong>\u00ab, asever\u00f3 en referencia a la discusi\u00f3n de la suba de la edad jubilatoria, entre otros puntos.<\/p>\n<p>Para el nuevo a\u00f1o avisor\u00f3 un panorama de mayor \u00abestabilidad y crecimiento porque siento que estamos haciendo todo lo necesario para ello. Veo esperanza\u00bb, dijo.<em>\u00a0(Informe Litoral)<\/em><\/p>\n<h2><strong>Ver la entrevista completa con Mauricio Colello:\u00a0<\/strong><\/h2>\n<div class=\"youtube-embed\" data-video_id=\"4nUkWfzuqcc\"><iframe loading=\"lazy\" title=\"Mauricio Colello I Balance del segundo a\u00f1o de gesti\u00f3n de Frigerio\" width=\"696\" height=\"392\" src=\"https:\/\/www.youtube.com\/embed\/4nUkWfzuqcc?start=32&#038;feature=oembed\" frameborder=\"0\" allow=\"accelerometer; autoplay; clipboard-write; encrypted-media; gyroscope; picture-in-picture; web-share\" referrerpolicy=\"strict-origin-when-cross-origin\" allowfullscreen><\/iframe><\/div>\n<h6><em><strong>Del archivo de Informe Litoral:\u00a0<a href=\"https:\/\/informelitoral.com.ar\/alicia-aluani-si-es-necesario-cambiar-algo-hay-que-hacerlo-sin-denostar-al-anterior\/\" target=\"_blank\" rel=\"noopener\">Alicia Aluani: \u00abSi es necesario cambiar algo hay que hacerlo sin denostar al anterior\u00bb<\/a><\/strong><\/em><\/h6>\n<h6><em><strong><a href=\"https:\/\/informelitoral.com.ar\/gustavo-hein-son-importantes-los-derechos-del-trabajador-y-tambien-del-que-da-trabajo\/\" target=\"_blank\" rel=\"noopener\">Gustavo Hein: \u00abSon importantes los derechos del trabajador y tambi\u00e9n del que da trabajo\u00bb<\/a><\/strong><\/em><\/h6>\n","protected":false},"excerpt":{"rendered":"<p>El secretario general de la Gobernaci\u00f3n hizo un balance de los dos a\u00f1os de gesti\u00f3n y rescat\u00f3: la modernizaci\u00f3n del Estado, la eliminaci\u00f3n de privilegios, el RINI, acceso al cr\u00e9dito y la refucci\u00f3n del costo de la energ\u00eda. En La Hora del 6 adelant\u00f3 que para lo que se viene \u00abno habr\u00e1 tibieza\u00bb.<\/p>\n","protected":false},"author":2,"featured_media":244972,"comment_status":"open","ping_status":"open","sticky":false,"template":"","format":"standard","meta":{"fifu_image_url":"","fifu_image_alt":"","footnotes":""},"categories":[16],"tags":[3476,81,1872,5126,5656,949],"class_list":{"0":"post-244966","1":"post","2":"type-post","3":"status-publish","4":"format-standard","5":"has-post-thumbnail","7":"category-politi","8":"tag-canal-6-ertv","9":"tag-entre-rios","10":"tag-gobierno-de-entre-rios","11":"tag-la-hora-del-6","12":"tag-mauricio-colello","13":"tag-rogelio-frigerio"},"yoast_head":"<title>Mauricio Colello adelant\u00f3 los debates que se vienen en 2026 - Informe Litoral<\/title>\n<meta name=\"robots\" content=\"index, follow, max-snippet:-1, max-image-preview:large, max-video-preview:-1\" \/>\n<link rel=\"canonical\" href=\"https:\/\/informelitoral.com.ar\/mauricio-colello-adelanto-los-debates-que-se-vienen-en-2026\/\" \/>\n<meta property=\"og:locale\" content=\"es_ES\" \/>\n<meta property=\"og:type\" content=\"article\" \/>\n<meta property=\"og:title\" content=\"Mauricio Colello adelant\u00f3 los debates que se vienen en 2026 - Informe Litoral\" \/>\n<meta property=\"og:description\" content=\"El secretario general de la Gobernaci\u00f3n hizo un balance de los dos a\u00f1os de gesti\u00f3n y rescat\u00f3: la modernizaci\u00f3n del Estado, la eliminaci\u00f3n de privilegios, el RINI, acceso al cr\u00e9dito y la refucci\u00f3n del costo de la energ\u00eda. En La Hora del 6 adelant\u00f3 que para lo que se viene &quot;no habr\u00e1 tibieza&quot;.\" \/>\n<meta property=\"og:url\" content=\"https:\/\/informelitoral.com.ar\/mauricio-colello-adelanto-los-debates-que-se-vienen-en-2026\/\" \/>\n<meta property=\"og:site_name\" content=\"Informe Litoral\" \/>\n<meta property=\"article:publisher\" content=\"https:\/\/www.facebook.com\/informelitoral\/\" \/>\n<meta property=\"article:published_time\" content=\"2025-12-27T15:33:38+00:00\" \/>\n<meta property=\"article:modified_time\" content=\"2025-12-27T15:48:00+00:00\" \/>\n<meta property=\"og:image\" content=\"https:\/\/drive.google.com\/thumbnail?id=112LicJURvsV3QtTSuyFm-1JKJlZpJ1a0&sz=w2048\" \/>\n\t<meta property=\"og:image:width\" content=\"1600\" \/>\n\t<meta property=\"og:image:height\" content=\"738\" \/>\n\t<meta property=\"og:image:type\" content=\"image\/jpeg\" \/>\n<meta name=\"author\" content=\"Gonzalo Schmidt\" \/>\n<meta name=\"twitter:card\" content=\"summary_large_image\" \/>\n<meta name=\"twitter:creator\" content=\"@InformeLitoral\" \/>\n<meta name=\"twitter:site\" content=\"@InformeLitoral\" \/>\n<meta name=\"twitter:label1\" content=\"Escrito por\" \/>\n\t<meta name=\"twitter:data1\" content=\"Gonzalo Schmidt\" \/>\n\t<meta name=\"twitter:label2\" content=\"Tiempo de lectura\" \/>\n\t<meta name=\"twitter:data2\" content=\"4 minutos\" \/>\n<script type=\"application\/ld+json\" class=\"yoast-schema-graph\">{\"@context\":\"https:\\\/\\\/schema.org\",\"@graph\":[{\"@type\":\"Article\",\"@id\":\"https:\\\/\\\/informelitoral.com.ar\\\/mauricio-colello-adelanto-los-debates-que-se-vienen-en-2026\\\/#article\",\"isPartOf\":{\"@id\":\"https:\\\/\\\/informelitoral.com.ar\\\/mauricio-colello-adelanto-los-debates-que-se-vienen-en-2026\\\/\"},\"author\":{\"name\":\"Gonzalo Schmidt\",\"@id\":\"https:\\\/\\\/informelitoral.com.ar\\\/#\\\/schema\\\/person\\\/b9d00407c836482871ef1d57bf8e3180\"},\"headline\":\"Mauricio Colello adelant\u00f3 los debates que se vienen en 2026\",\"datePublished\":\"2025-12-27T15:33:38+00:00\",\"dateModified\":\"2025-12-27T15:48:00+00:00\",\"mainEntityOfPage\":{\"@id\":\"https:\\\/\\\/informelitoral.com.ar\\\/mauricio-colello-adelanto-los-debates-que-se-vienen-en-2026\\\/\"},\"wordCount\":768,\"commentCount\":0,\"publisher\":{\"@id\":\"https:\\\/\\\/informelitoral.com.ar\\\/#organization\"},\"image\":{\"@id\":\"https:\\\/\\\/informelitoral.com.ar\\\/mauricio-colello-adelanto-los-debates-que-se-vienen-en-2026\\\/#primaryimage\"},\"thumbnailUrl\":\"https:\\\/\\\/drive.google.com\\\/thumbnail?id=112LicJURvsV3QtTSuyFm-1JKJlZpJ1a0&sz=w2048\",\"keywords\":[\"Canal 6 ERTV\",\"Entre R\u00edos\",\"Gobierno de Entre R\u00edos\",\"La hora del 6\",\"Mauricio Colello\",\"Rogelio Frigerio\"],\"articleSection\":[\"Politica\"],\"inLanguage\":\"es\",\"potentialAction\":[{\"@type\":\"CommentAction\",\"name\":\"Comment\",\"target\":[\"https:\\\/\\\/informelitoral.com.ar\\\/mauricio-colello-adelanto-los-debates-que-se-vienen-en-2026\\\/#respond\"]}]},{\"@type\":\"WebPage\",\"@id\":\"https:\\\/\\\/informelitoral.com.ar\\\/mauricio-colello-adelanto-los-debates-que-se-vienen-en-2026\\\/\",\"url\":\"https:\\\/\\\/informelitoral.com.ar\\\/mauricio-colello-adelanto-los-debates-que-se-vienen-en-2026\\\/\",\"name\":\"Mauricio Colello adelant\u00f3 los debates que se vienen en 2026 - Informe Litoral\",\"isPartOf\":{\"@id\":\"https:\\\/\\\/informelitoral.com.ar\\\/#website\"},\"primaryImageOfPage\":{\"@id\":\"https:\\\/\\\/informelitoral.com.ar\\\/mauricio-colello-adelanto-los-debates-que-se-vienen-en-2026\\\/#primaryimage\"},\"image\":{\"@id\":\"https:\\\/\\\/informelitoral.com.ar\\\/mauricio-colello-adelanto-los-debates-que-se-vienen-en-2026\\\/#primaryimage\"},\"thumbnailUrl\":\"https:\\\/\\\/drive.google.com\\\/thumbnail?id=112LicJURvsV3QtTSuyFm-1JKJlZpJ1a0&sz=w2048\",\"datePublished\":\"2025-12-27T15:33:38+00:00\",\"dateModified\":\"2025-12-27T15:48:00+00:00\",\"breadcrumb\":{\"@id\":\"https:\\\/\\\/informelitoral.com.ar\\\/mauricio-colello-adelanto-los-debates-que-se-vienen-en-2026\\\/#breadcrumb\"},\"inLanguage\":\"es\",\"potentialAction\":[{\"@type\":\"ReadAction\",\"target\":[\"https:\\\/\\\/informelitoral.com.ar\\\/mauricio-colello-adelanto-los-debates-que-se-vienen-en-2026\\\/\"]}]},{\"@type\":\"ImageObject\",\"inLanguage\":\"es\",\"@id\":\"https:\\\/\\\/informelitoral.com.ar\\\/mauricio-colello-adelanto-los-debates-que-se-vienen-en-2026\\\/#primaryimage\",\"url\":\"https:\\\/\\\/drive.google.com\\\/thumbnail?id=112LicJURvsV3QtTSuyFm-1JKJlZpJ1a0&sz=w2048\",\"contentUrl\":\"https:\\\/\\\/drive.google.com\\\/thumbnail?id=112LicJURvsV3QtTSuyFm-1JKJlZpJ1a0&sz=w2048\",\"width\":1600,\"height\":738,\"caption\":\"Mauricio Colello, secretario General de la Gobernaci\u00f3n en La Hora del 6 por Canal 6 ERTV.\"},{\"@type\":\"BreadcrumbList\",\"@id\":\"https:\\\/\\\/informelitoral.com.ar\\\/mauricio-colello-adelanto-los-debates-que-se-vienen-en-2026\\\/#breadcrumb\",\"itemListElement\":[{\"@type\":\"ListItem\",\"position\":1,\"name\":\"Portada\",\"item\":\"https:\\\/\\\/informelitoral.com.ar\\\/\"},{\"@type\":\"ListItem\",\"position\":2,\"name\":\"Mauricio Colello adelant\u00f3 los debates que se vienen en 2026\"}]},{\"@type\":\"WebSite\",\"@id\":\"https:\\\/\\\/informelitoral.com.ar\\\/#website\",\"url\":\"https:\\\/\\\/informelitoral.com.ar\\\/\",\"name\":\"Informe Litoral\",\"description\":\"&quot;Nos informamos&quot; \",\"publisher\":{\"@id\":\"https:\\\/\\\/informelitoral.com.ar\\\/#organization\"},\"potentialAction\":[{\"@type\":\"SearchAction\",\"target\":{\"@type\":\"EntryPoint\",\"urlTemplate\":\"https:\\\/\\\/informelitoral.com.ar\\\/?s={search_term_string}\"},\"query-input\":{\"@type\":\"PropertyValueSpecification\",\"valueRequired\":true,\"valueName\":\"search_term_string\"}}],\"inLanguage\":\"es\"},{\"@type\":\"Organization\",\"@id\":\"https:\\\/\\\/informelitoral.com.ar\\\/#organization\",\"name\":\"Informe Litoral\",\"url\":\"https:\\\/\\\/informelitoral.com.ar\\\/\",\"logo\":{\"@type\":\"ImageObject\",\"inLanguage\":\"es\",\"@id\":\"https:\\\/\\\/informelitoral.com.ar\\\/#\\\/schema\\\/logo\\\/image\\\/\",\"url\":\"https:\\\/\\\/informelitoral.com.ar\\\/%77%70%2d%63%6f%6e%74%65%6e%74\\\/uploads\\\/2021\\\/01\\\/circulo.png\",\"contentUrl\":\"https:\\\/\\\/informelitoral.com.ar\\\/%77%70%2d%63%6f%6e%74%65%6e%74\\\/uploads\\\/2021\\\/01\\\/circulo.png\",\"width\":723,\"height\":731,\"caption\":\"Informe Litoral\"},\"image\":{\"@id\":\"https:\\\/\\\/informelitoral.com.ar\\\/#\\\/schema\\\/logo\\\/image\\\/\"},\"sameAs\":[\"https:\\\/\\\/www.facebook.com\\\/informelitoral\\\/\",\"https:\\\/\\\/x.com\\\/InformeLitoral\",\"https:\\\/\\\/www.instagram.com\\\/informelitoral\\\/\",\"https:\\\/\\\/www.youtube.com\\\/channel\\\/UCua4Qvz8Icb6MYqhoq9xLXw\"]},{\"@type\":\"Person\",\"@id\":\"https:\\\/\\\/informelitoral.com.ar\\\/#\\\/schema\\\/person\\\/b9d00407c836482871ef1d57bf8e3180\",\"name\":\"Gonzalo Schmidt\",\"image\":{\"@type\":\"ImageObject\",\"inLanguage\":\"es\",\"@id\":\"https:\\\/\\\/secure.gravatar.com\\\/avatar\\\/31a1a7b66ff2de83bd0e9fd79d026630d2d99e55e8bfe501287647b4fd9743de?s=96&d=mm&r=g\",\"url\":\"https:\\\/\\\/secure.gravatar.com\\\/avatar\\\/31a1a7b66ff2de83bd0e9fd79d026630d2d99e55e8bfe501287647b4fd9743de?s=96&d=mm&r=g\",\"contentUrl\":\"https:\\\/\\\/secure.gravatar.com\\\/avatar\\\/31a1a7b66ff2de83bd0e9fd79d026630d2d99e55e8bfe501287647b4fd9743de?s=96&d=mm&r=g\",\"caption\":\"Gonzalo Schmidt\"},\"description\":\"Sitio web de noticias de la provincia de Entre R\u00edos, Argentina. Informaci\u00f3n y entretenimiento. Informe Litoral, nos informamos.\",\"sameAs\":[\"http:\\\/\\\/www.isletasnoticias.com.ar\"],\"url\":\"https:\\\/\\\/informelitoral.com.ar\\\/author\\\/gonzalo\\\/\"}]}<\/script>","yoast_head_json":{"title":"Mauricio Colello adelant\u00f3 los debates que se vienen en 2026 - Informe Litoral","robots":{"index":"index","follow":"follow","max-snippet":"max-snippet:-1","max-image-preview":"max-image-preview:large","max-video-preview":"max-video-preview:-1"},"canonical":"https:\/\/informelitoral.com.ar\/mauricio-colello-adelanto-los-debates-que-se-vienen-en-2026\/","og_locale":"es_ES","og_type":"article","og_title":"Mauricio Colello adelant\u00f3 los debates que se vienen en 2026 - Informe Litoral","og_description":"El secretario general de la Gobernaci\u00f3n hizo un balance de los dos a\u00f1os de gesti\u00f3n y rescat\u00f3: la modernizaci\u00f3n del Estado, la eliminaci\u00f3n de privilegios, el RINI, acceso al cr\u00e9dito y la refucci\u00f3n del costo de la energ\u00eda. En La Hora del 6 adelant\u00f3 que para lo que se viene \"no habr\u00e1 tibieza\".","og_url":"https:\/\/informelitoral.com.ar\/mauricio-colello-adelanto-los-debates-que-se-vienen-en-2026\/","og_site_name":"Informe Litoral","article_publisher":"https:\/\/www.facebook.com\/informelitoral\/","article_published_time":"2025-12-27T15:33:38+00:00","article_modified_time":"2025-12-27T15:48:00+00:00","og_image":[{"width":1600,"height":738,"url":"https:\/\/drive.google.com\/thumbnail?id=112LicJURvsV3QtTSuyFm-1JKJlZpJ1a0&sz=w2048","type":"image\/jpeg"}],"author":"Gonzalo Schmidt","twitter_card":"summary_large_image","twitter_creator":"@InformeLitoral","twitter_site":"@InformeLitoral","twitter_misc":{"Escrito por":"Gonzalo Schmidt","Tiempo de lectura":"4 minutos"},"schema":{"@context":"https:\/\/schema.org","@graph":[{"@type":"Article","@id":"https:\/\/informelitoral.com.ar\/mauricio-colello-adelanto-los-debates-que-se-vienen-en-2026\/#article","isPartOf":{"@id":"https:\/\/informelitoral.com.ar\/mauricio-colello-adelanto-los-debates-que-se-vienen-en-2026\/"},"author":{"name":"Gonzalo Schmidt","@id":"https:\/\/informelitoral.com.ar\/#\/schema\/person\/b9d00407c836482871ef1d57bf8e3180"},"headline":"Mauricio Colello adelant\u00f3 los debates que se vienen en 2026","datePublished":"2025-12-27T15:33:38+00:00","dateModified":"2025-12-27T15:48:00+00:00","mainEntityOfPage":{"@id":"https:\/\/informelitoral.com.ar\/mauricio-colello-adelanto-los-debates-que-se-vienen-en-2026\/"},"wordCount":768,"commentCount":0,"publisher":{"@id":"https:\/\/informelitoral.com.ar\/#organization"},"image":{"@id":"https:\/\/informelitoral.com.ar\/mauricio-colello-adelanto-los-debates-que-se-vienen-en-2026\/#primaryimage"},"thumbnailUrl":"https:\/\/drive.google.com\/thumbnail?id=112LicJURvsV3QtTSuyFm-1JKJlZpJ1a0&sz=w2048","keywords":["Canal 6 ERTV","Entre R\u00edos","Gobierno de Entre R\u00edos","La hora del 6","Mauricio Colello","Rogelio Frigerio"],"articleSection":["Politica"],"inLanguage":"es","potentialAction":[{"@type":"CommentAction","name":"Comment","target":["https:\/\/informelitoral.com.ar\/mauricio-colello-adelanto-los-debates-que-se-vienen-en-2026\/#respond"]}]},{"@type":"WebPage","@id":"https:\/\/informelitoral.com.ar\/mauricio-colello-adelanto-los-debates-que-se-vienen-en-2026\/","url":"https:\/\/informelitoral.com.ar\/mauricio-colello-adelanto-los-debates-que-se-vienen-en-2026\/","name":"Mauricio Colello adelant\u00f3 los debates que se vienen en 2026 - Informe Litoral","isPartOf":{"@id":"https:\/\/informelitoral.com.ar\/#website"},"primaryImageOfPage":{"@id":"https:\/\/informelitoral.com.ar\/mauricio-colello-adelanto-los-debates-que-se-vienen-en-2026\/#primaryimage"},"image":{"@id":"https:\/\/informelitoral.com.ar\/mauricio-colello-adelanto-los-debates-que-se-vienen-en-2026\/#primaryimage"},"thumbnailUrl":"https:\/\/drive.google.com\/thumbnail?id=112LicJURvsV3QtTSuyFm-1JKJlZpJ1a0&sz=w2048","datePublished":"2025-12-27T15:33:38+00:00","dateModified":"2025-12-27T15:48:00+00:00","breadcrumb":{"@id":"https:\/\/informelitoral.com.ar\/mauricio-colello-adelanto-los-debates-que-se-vienen-en-2026\/#breadcrumb"},"inLanguage":"es","potentialAction":[{"@type":"ReadAction","target":["https:\/\/informelitoral.com.ar\/mauricio-colello-adelanto-los-debates-que-se-vienen-en-2026\/"]}]},{"@type":"ImageObject","inLanguage":"es","@id":"https:\/\/informelitoral.com.ar\/mauricio-colello-adelanto-los-debates-que-se-vienen-en-2026\/#primaryimage","url":"https:\/\/drive.google.com\/thumbnail?id=112LicJURvsV3QtTSuyFm-1JKJlZpJ1a0&sz=w2048","contentUrl":"https:\/\/drive.google.com\/thumbnail?id=112LicJURvsV3QtTSuyFm-1JKJlZpJ1a0&sz=w2048","width":1600,"height":738,"caption":"Mauricio Colello, secretario General de la Gobernaci\u00f3n en La Hora del 6 por Canal 6 ERTV."},{"@type":"BreadcrumbList","@id":"https:\/\/informelitoral.com.ar\/mauricio-colello-adelanto-los-debates-que-se-vienen-en-2026\/#breadcrumb","itemListElement":[{"@type":"ListItem","position":1,"name":"Portada","item":"https:\/\/informelitoral.com.ar\/"},{"@type":"ListItem","position":2,"name":"Mauricio Colello adelant\u00f3 los debates que se vienen en 2026"}]},{"@type":"WebSite","@id":"https:\/\/informelitoral.com.ar\/#website","url":"https:\/\/informelitoral.com.ar\/","name":"Informe Litoral","description":"&quot;Nos informamos&quot; ","publisher":{"@id":"https:\/\/informelitoral.com.ar\/#organization"},"potentialAction":[{"@type":"SearchAction","target":{"@type":"EntryPoint","urlTemplate":"https:\/\/informelitoral.com.ar\/?s={search_term_string}"},"query-input":{"@type":"PropertyValueSpecification","valueRequired":true,"valueName":"search_term_string"}}],"inLanguage":"es"},{"@type":"Organization","@id":"https:\/\/informelitoral.com.ar\/#organization","name":"Informe Litoral","url":"https:\/\/informelitoral.com.ar\/","logo":{"@type":"ImageObject","inLanguage":"es","@id":"https:\/\/informelitoral.com.ar\/#\/schema\/logo\/image\/","url":"https:\/\/informelitoral.com.ar\/%77%70%2d%63%6f%6e%74%65%6e%74\/uploads\/2021\/01\/circulo.png","contentUrl":"https:\/\/informelitoral.com.ar\/%77%70%2d%63%6f%6e%74%65%6e%74\/uploads\/2021\/01\/circulo.png","width":723,"height":731,"caption":"Informe Litoral"},"image":{"@id":"https:\/\/informelitoral.com.ar\/#\/schema\/logo\/image\/"},"sameAs":["https:\/\/www.facebook.com\/informelitoral\/","https:\/\/x.com\/InformeLitoral","https:\/\/www.instagram.com\/informelitoral\/","https:\/\/www.youtube.com\/channel\/UCua4Qvz8Icb6MYqhoq9xLXw"]},{"@type":"Person","@id":"https:\/\/informelitoral.com.ar\/#\/schema\/person\/b9d00407c836482871ef1d57bf8e3180","name":"Gonzalo Schmidt","image":{"@type":"ImageObject","inLanguage":"es","@id":"https:\/\/secure.gravatar.com\/avatar\/31a1a7b66ff2de83bd0e9fd79d026630d2d99e55e8bfe501287647b4fd9743de?s=96&d=mm&r=g","url":"https:\/\/secure.gravatar.com\/avatar\/31a1a7b66ff2de83bd0e9fd79d026630d2d99e55e8bfe501287647b4fd9743de?s=96&d=mm&r=g","contentUrl":"https:\/\/secure.gravatar.com\/avatar\/31a1a7b66ff2de83bd0e9fd79d026630d2d99e55e8bfe501287647b4fd9743de?s=96&d=mm&r=g","caption":"Gonzalo Schmidt"},"description":"Sitio web de noticias de la provincia de Entre R\u00edos, Argentina. Informaci\u00f3n y entretenimiento. Informe Litoral, nos informamos.","sameAs":["http:\/\/www.isletasnoticias.com.ar"],"url":"https:\/\/informelitoral.com.ar\/author\/gonzalo\/"}]}},"_links":{"self":[{"href":"https:\/\/informelitoral.com.ar\/%77%70%2d%6a%73%6f%6e\/wp\/v2\/posts\/244966","targetHints":{"allow":["GET"]}}],"collection":[{"href":"https:\/\/informelitoral.com.ar\/%77%70%2d%6a%73%6f%6e\/wp\/v2\/posts"}],"about":[{"href":"https:\/\/informelitoral.com.ar\/%77%70%2d%6a%73%6f%6e\/wp\/v2\/types\/post"}],"author":[{"embeddable":true,"href":"https:\/\/informelitoral.com.ar\/%77%70%2d%6a%73%6f%6e\/wp\/v2\/users\/2"}],"replies":[{"embeddable":true,"href":"https:\/\/informelitoral.com.ar\/%77%70%2d%6a%73%6f%6e\/wp\/v2\/comments?post=244966"}],"version-history":[{"count":11,"href":"https:\/\/informelitoral.com.ar\/%77%70%2d%6a%73%6f%6e\/wp\/v2\/posts\/244966\/revisions"}],"predecessor-version":[{"id":244978,"href":"https:\/\/informelitoral.com.ar\/%77%70%2d%6a%73%6f%6e\/wp\/v2\/posts\/244966\/revisions\/244978"}],"wp:featuredmedia":[{"embeddable":true,"href":"https:\/\/informelitoral.com.ar\/%77%70%2d%6a%73%6f%6e\/wp\/v2\/media\/244972"}],"wp:attachment":[{"href":"https:\/\/informelitoral.com.ar\/%77%70%2d%6a%73%6f%6e\/wp\/v2\/media?parent=244966"}],"wp:term":[{"taxonomy":"category","embeddable":true,"href":"https:\/\/informelitoral.com.ar\/%77%70%2d%6a%73%6f%6e\/wp\/v2\/categories?post=244966"},{"taxonomy":"post_tag","embeddable":true,"href":"https:\/\/informelitoral.com.ar\/%77%70%2d%6a%73%6f%6e\/wp\/v2\/tags?post=244966"}],"curies":[{"name":"wp","href":"https:\/\/api.w.org\/{rel}","templated":true}]}}