{"id":244906,"date":"2025-12-26T13:55:02","date_gmt":"2025-12-26T16:55:02","guid":{"rendered":"https:\/\/informelitoral.com.ar\/?p=244906"},"modified":"2025-12-26T14:20:55","modified_gmt":"2025-12-26T17:20:55","slug":"un-transportista-de-crespo-recorrio-la-ciudad-en-un-camion-navideno-repartiendo-regalos","status":"publish","type":"post","link":"https:\/\/informelitoral.com.ar\/un-transportista-de-crespo-recorrio-la-ciudad-en-un-camion-navideno-repartiendo-regalos\/","title":{"rendered":"Camionero de Crespo recorri\u00f3 la ciudad repartiendo regalos"},"content":{"rendered":"<p data-path-to-node=\"4\">En una jornada marcada por el compromiso social, un transportista local transform\u00f3 la din\u00e1mica de la Nochebuena en Crespo. Desde la tarde del mi\u00e9rcoles 24 de diciembre y hasta la medianoche, <b data-path-to-node=\"4\" data-index-in-node=\"219\">Juan Gabriel Venutti<\/b> recorri\u00f3 las calles de la ciudad en un cami\u00f3n decorado para la ocasi\u00f3n, con el objetivo de <b data-path-to-node=\"4\" data-index-in-node=\"331\">repartir regalos<\/b> y llevar un gesto de alegr\u00eda a cientos de familias.<\/p>\n<h2 data-path-to-node=\"5\"><img decoding=\"async\" src=\"https:\/\/elonce-media.elonce.com\/fotos\/2025\/12\/25\/e_1766676031_86408.webp\" alt=\"Un cami&amp;oacute;n navide\u00f1o recorri&amp;oacute; barrios y llev&amp;oacute; alegr&amp;iacute;a a los ni&amp;ntilde;os\" \/><\/h2>\n<p data-path-to-node=\"6\">La actividad fue el resultado de una planificaci\u00f3n que demand\u00f3 d\u00edas de labor previa. Venutti, acompa\u00f1ado por su familia, se encarg\u00f3 de la log\u00edstica necesaria para confeccionar y organizar los <b data-path-to-node=\"6\" data-index-in-node=\"192\">casi 1.000 obsequios<\/b> que fueron distribuidos de manera gratuita.<\/p>\n<p data-path-to-node=\"7\">El veh\u00edculo, un cami\u00f3n de gran porte iluminado y ambientado con motivos festivos, funcion\u00f3 como una caravana navide\u00f1a que fue recibida por ni\u00f1os y adultos en las veredas de los distintos barrios visitados.<\/p>\n<p data-path-to-node=\"7\"><img decoding=\"async\" src=\"https:\/\/elonce-media.elonce.com\/fotos\/2025\/12\/25\/e_1766676031_13666.webp\" alt=\"Un cami&amp;oacute;n navide&amp;ntilde;o recorri&amp;oacute; barrios y llev&amp;oacute; alegr&amp;iacute;a a los ni&amp;ntilde;os\" \/><\/p>\n<p data-path-to-node=\"9\">El impulsor de la movida destac\u00f3 que esta acci\u00f3n era un anhelo de larga data que finalmente pudo concretar. Seg\u00fan sus propias palabras, el proceso de armado de los paquetes llev\u00f3 una semana de trabajo intenso por parte de su c\u00edrculo \u00edntimo.<\/p>\n<p data-path-to-node=\"10,0\">\u00abVer la felicidad y alegr\u00eda de los chicos es el mayor premio\u00bb, expres\u00f3 Venutti, quien personalmente entreg\u00f3 los presentes caracterizado como Pap\u00e1 Noel, permitiendo que cada ni\u00f1o tuviera un momento de encuentro y recibiera su obsequio de mano propia.<\/p>\n<p data-path-to-node=\"10,0\"><img decoding=\"async\" src=\"https:\/\/elonce-media.elonce.com\/fotos\/2025\/12\/25\/e_1766676031_12532.webp\" alt=\"Un cami&amp;oacute;n navide&amp;ntilde;o recorri&amp;oacute; barrios y llev&amp;oacute; alegr&amp;iacute;a a los ni&amp;ntilde;os\" \/><\/p>\n<p data-path-to-node=\"13\">La jornada culmin\u00f3 cerca de la medianoche, habiendo cumplido el objetivo de llegar a los puntos m\u00e1s alejados de la ciudad y garantizando que la magia de la Navidad estuviera presente en cada rinc\u00f3n visitado por el \u00abcami\u00f3n navide\u00f1o\u00bb.<\/p>\n","protected":false},"excerpt":{"rendered":"<p>La iniciativa solidaria, encabezada por Juan Gabriel Venutti, alcanz\u00f3 la entrega de 1.000 obsequios a ni\u00f1os de distintos barrios durante la Nochebuena.<\/p>\n","protected":false},"author":8,"featured_media":244907,"comment_status":"open","ping_status":"open","sticky":false,"template":"","format":"standard","meta":{"fifu_image_url":"https:\/\/elonce-media.elonce.com\/fotos\/2025\/12\/25\/m_1766676031_55712.webp","fifu_image_alt":"","footnotes":""},"categories":[6],"tags":[208,81,1266,6347],"class_list":{"0":"post-244906","1":"post","2":"type-post","3":"status-publish","4":"format-standard","5":"has-post-thumbnail","7":"category-entre-rios","8":"tag-crespo","9":"tag-entre-rios","10":"tag-navidad","11":"tag-regalos"},"yoast_head":"<title>Camionero de Crespo recorri\u00f3 la ciudad repartiendo regalos - Informe Litoral<\/title>\n<meta name=\"robots\" content=\"index, follow, max-snippet:-1, max-image-preview:large, max-video-preview:-1\" \/>\n<link rel=\"canonical\" href=\"https:\/\/informelitoral.com.ar\/un-transportista-de-crespo-recorrio-la-ciudad-en-un-camion-navideno-repartiendo-regalos\/\" \/>\n<meta property=\"og:locale\" content=\"es_ES\" \/>\n<meta property=\"og:type\" content=\"article\" \/>\n<meta property=\"og:title\" content=\"Camionero de Crespo recorri\u00f3 la ciudad repartiendo regalos - Informe Litoral\" \/>\n<meta property=\"og:description\" content=\"La iniciativa solidaria, encabezada por Juan Gabriel Venutti, alcanz\u00f3 la entrega de 1.000 obsequios a ni\u00f1os de distintos barrios durante la Nochebuena.\" \/>\n<meta property=\"og:url\" content=\"https:\/\/informelitoral.com.ar\/un-transportista-de-crespo-recorrio-la-ciudad-en-un-camion-navideno-repartiendo-regalos\/\" \/>\n<meta property=\"og:site_name\" content=\"Informe Litoral\" \/>\n<meta property=\"article:publisher\" content=\"https:\/\/www.facebook.com\/informelitoral\/\" \/>\n<meta property=\"article:published_time\" content=\"2025-12-26T16:55:02+00:00\" \/>\n<meta property=\"article:modified_time\" content=\"2025-12-26T17:20:55+00:00\" \/>\n<meta property=\"og:image\" content=\"https:\/\/elonce-media.elonce.com\/fotos\/2025\/12\/25\/m_1766676031_55712.webp\" \/>\n<meta name=\"author\" content=\"Sebastian\" \/>\n<meta name=\"twitter:card\" content=\"summary_large_image\" \/>\n<meta name=\"twitter:image\" content=\"https:\/\/elonce-media.elonce.com\/fotos\/2025\/12\/25\/m_1766676031_55712.webp\" \/>\n<meta name=\"twitter:creator\" content=\"@InformeLitoral\" \/>\n<meta name=\"twitter:site\" content=\"@InformeLitoral\" \/>\n<meta name=\"twitter:label1\" content=\"Escrito por\" \/>\n\t<meta name=\"twitter:data1\" content=\"Sebastian\" \/>\n\t<meta name=\"twitter:label2\" content=\"Tiempo de lectura\" \/>\n\t<meta name=\"twitter:data2\" content=\"2 minutos\" \/>\n<script type=\"application\/ld+json\" class=\"yoast-schema-graph\">{\"@context\":\"https:\\\/\\\/schema.org\",\"@graph\":[{\"@type\":\"Article\",\"@id\":\"https:\\\/\\\/informelitoral.com.ar\\\/un-transportista-de-crespo-recorrio-la-ciudad-en-un-camion-navideno-repartiendo-regalos\\\/#article\",\"isPartOf\":{\"@id\":\"https:\\\/\\\/informelitoral.com.ar\\\/un-transportista-de-crespo-recorrio-la-ciudad-en-un-camion-navideno-repartiendo-regalos\\\/\"},\"author\":{\"name\":\"Sebastian\",\"@id\":\"https:\\\/\\\/informelitoral.com.ar\\\/#\\\/schema\\\/person\\\/f05f9f461677119578717524b127d6d5\"},\"headline\":\"Camionero de Crespo recorri\u00f3 la ciudad repartiendo regalos\",\"datePublished\":\"2025-12-26T16:55:02+00:00\",\"dateModified\":\"2025-12-26T17:20:55+00:00\",\"mainEntityOfPage\":{\"@id\":\"https:\\\/\\\/informelitoral.com.ar\\\/un-transportista-de-crespo-recorrio-la-ciudad-en-un-camion-navideno-repartiendo-regalos\\\/\"},\"wordCount\":283,\"commentCount\":0,\"publisher\":{\"@id\":\"https:\\\/\\\/informelitoral.com.ar\\\/#organization\"},\"image\":{\"@id\":\"https:\\\/\\\/informelitoral.com.ar\\\/un-transportista-de-crespo-recorrio-la-ciudad-en-un-camion-navideno-repartiendo-regalos\\\/#primaryimage\"},\"thumbnailUrl\":\"https:\\\/\\\/elonce-media.elonce.com\\\/fotos\\\/2025\\\/12\\\/25\\\/m_1766676031_55712.webp\",\"keywords\":[\"Crespo\",\"Entre R\u00edos\",\"Navidad\",\"Regalos\"],\"articleSection\":[\"Entre R\u00edos\"],\"inLanguage\":\"es\",\"potentialAction\":[{\"@type\":\"CommentAction\",\"name\":\"Comment\",\"target\":[\"https:\\\/\\\/informelitoral.com.ar\\\/un-transportista-de-crespo-recorrio-la-ciudad-en-un-camion-navideno-repartiendo-regalos\\\/#respond\"]}]},{\"@type\":\"WebPage\",\"@id\":\"https:\\\/\\\/informelitoral.com.ar\\\/un-transportista-de-crespo-recorrio-la-ciudad-en-un-camion-navideno-repartiendo-regalos\\\/\",\"url\":\"https:\\\/\\\/informelitoral.com.ar\\\/un-transportista-de-crespo-recorrio-la-ciudad-en-un-camion-navideno-repartiendo-regalos\\\/\",\"name\":\"Camionero de Crespo recorri\u00f3 la ciudad repartiendo regalos - Informe Litoral\",\"isPartOf\":{\"@id\":\"https:\\\/\\\/informelitoral.com.ar\\\/#website\"},\"primaryImageOfPage\":{\"@id\":\"https:\\\/\\\/informelitoral.com.ar\\\/un-transportista-de-crespo-recorrio-la-ciudad-en-un-camion-navideno-repartiendo-regalos\\\/#primaryimage\"},\"image\":{\"@id\":\"https:\\\/\\\/informelitoral.com.ar\\\/un-transportista-de-crespo-recorrio-la-ciudad-en-un-camion-navideno-repartiendo-regalos\\\/#primaryimage\"},\"thumbnailUrl\":\"https:\\\/\\\/elonce-media.elonce.com\\\/fotos\\\/2025\\\/12\\\/25\\\/m_1766676031_55712.webp\",\"datePublished\":\"2025-12-26T16:55:02+00:00\",\"dateModified\":\"2025-12-26T17:20:55+00:00\",\"breadcrumb\":{\"@id\":\"https:\\\/\\\/informelitoral.com.ar\\\/un-transportista-de-crespo-recorrio-la-ciudad-en-un-camion-navideno-repartiendo-regalos\\\/#breadcrumb\"},\"inLanguage\":\"es\",\"potentialAction\":[{\"@type\":\"ReadAction\",\"target\":[\"https:\\\/\\\/informelitoral.com.ar\\\/un-transportista-de-crespo-recorrio-la-ciudad-en-un-camion-navideno-repartiendo-regalos\\\/\"]}]},{\"@type\":\"ImageObject\",\"inLanguage\":\"es\",\"@id\":\"https:\\\/\\\/informelitoral.com.ar\\\/un-transportista-de-crespo-recorrio-la-ciudad-en-un-camion-navideno-repartiendo-regalos\\\/#primaryimage\",\"url\":\"https:\\\/\\\/elonce-media.elonce.com\\\/fotos\\\/2025\\\/12\\\/25\\\/m_1766676031_55712.webp\",\"contentUrl\":\"https:\\\/\\\/elonce-media.elonce.com\\\/fotos\\\/2025\\\/12\\\/25\\\/m_1766676031_55712.webp\",\"width\":\"765\",\"height\":\"510\"},{\"@type\":\"BreadcrumbList\",\"@id\":\"https:\\\/\\\/informelitoral.com.ar\\\/un-transportista-de-crespo-recorrio-la-ciudad-en-un-camion-navideno-repartiendo-regalos\\\/#breadcrumb\",\"itemListElement\":[{\"@type\":\"ListItem\",\"position\":1,\"name\":\"Portada\",\"item\":\"https:\\\/\\\/informelitoral.com.ar\\\/\"},{\"@type\":\"ListItem\",\"position\":2,\"name\":\"Camionero de Crespo recorri\u00f3 la ciudad repartiendo regalos\"}]},{\"@type\":\"WebSite\",\"@id\":\"https:\\\/\\\/informelitoral.com.ar\\\/#website\",\"url\":\"https:\\\/\\\/informelitoral.com.ar\\\/\",\"name\":\"Informe Litoral\",\"description\":\"&quot;Nos informamos&quot; \",\"publisher\":{\"@id\":\"https:\\\/\\\/informelitoral.com.ar\\\/#organization\"},\"potentialAction\":[{\"@type\":\"SearchAction\",\"target\":{\"@type\":\"EntryPoint\",\"urlTemplate\":\"https:\\\/\\\/informelitoral.com.ar\\\/?s={search_term_string}\"},\"query-input\":{\"@type\":\"PropertyValueSpecification\",\"valueRequired\":true,\"valueName\":\"search_term_string\"}}],\"inLanguage\":\"es\"},{\"@type\":\"Organization\",\"@id\":\"https:\\\/\\\/informelitoral.com.ar\\\/#organization\",\"name\":\"Informe Litoral\",\"url\":\"https:\\\/\\\/informelitoral.com.ar\\\/\",\"logo\":{\"@type\":\"ImageObject\",\"inLanguage\":\"es\",\"@id\":\"https:\\\/\\\/informelitoral.com.ar\\\/#\\\/schema\\\/logo\\\/image\\\/\",\"url\":\"https:\\\/\\\/informelitoral.com.ar\\\/%77%70%2d%63%6f%6e%74%65%6e%74\\\/uploads\\\/2021\\\/01\\\/circulo.png\",\"contentUrl\":\"https:\\\/\\\/informelitoral.com.ar\\\/%77%70%2d%63%6f%6e%74%65%6e%74\\\/uploads\\\/2021\\\/01\\\/circulo.png\",\"width\":723,\"height\":731,\"caption\":\"Informe Litoral\"},\"image\":{\"@id\":\"https:\\\/\\\/informelitoral.com.ar\\\/#\\\/schema\\\/logo\\\/image\\\/\"},\"sameAs\":[\"https:\\\/\\\/www.facebook.com\\\/informelitoral\\\/\",\"https:\\\/\\\/x.com\\\/InformeLitoral\",\"https:\\\/\\\/www.instagram.com\\\/informelitoral\\\/\",\"https:\\\/\\\/www.youtube.com\\\/channel\\\/UCua4Qvz8Icb6MYqhoq9xLXw\"]},{\"@type\":\"Person\",\"@id\":\"https:\\\/\\\/informelitoral.com.ar\\\/#\\\/schema\\\/person\\\/f05f9f461677119578717524b127d6d5\",\"name\":\"Sebastian\",\"image\":{\"@type\":\"ImageObject\",\"inLanguage\":\"es\",\"@id\":\"https:\\\/\\\/secure.gravatar.com\\\/avatar\\\/b71bf7481d447dfb9583c7f2798e7cc64de6efb9067b74633ed8c31059a3bd82?s=96&d=mm&r=g\",\"url\":\"https:\\\/\\\/secure.gravatar.com\\\/avatar\\\/b71bf7481d447dfb9583c7f2798e7cc64de6efb9067b74633ed8c31059a3bd82?s=96&d=mm&r=g\",\"contentUrl\":\"https:\\\/\\\/secure.gravatar.com\\\/avatar\\\/b71bf7481d447dfb9583c7f2798e7cc64de6efb9067b74633ed8c31059a3bd82?s=96&d=mm&r=g\",\"caption\":\"Sebastian\"},\"url\":\"https:\\\/\\\/informelitoral.com.ar\\\/author\\\/sebastian\\\/\"}]}<\/script>","yoast_head_json":{"title":"Camionero de Crespo recorri\u00f3 la ciudad repartiendo regalos - Informe Litoral","robots":{"index":"index","follow":"follow","max-snippet":"max-snippet:-1","max-image-preview":"max-image-preview:large","max-video-preview":"max-video-preview:-1"},"canonical":"https:\/\/informelitoral.com.ar\/un-transportista-de-crespo-recorrio-la-ciudad-en-un-camion-navideno-repartiendo-regalos\/","og_locale":"es_ES","og_type":"article","og_title":"Camionero de Crespo recorri\u00f3 la ciudad repartiendo regalos - Informe Litoral","og_description":"La iniciativa solidaria, encabezada por Juan Gabriel Venutti, alcanz\u00f3 la entrega de 1.000 obsequios a ni\u00f1os de distintos barrios durante la Nochebuena.","og_url":"https:\/\/informelitoral.com.ar\/un-transportista-de-crespo-recorrio-la-ciudad-en-un-camion-navideno-repartiendo-regalos\/","og_site_name":"Informe Litoral","article_publisher":"https:\/\/www.facebook.com\/informelitoral\/","article_published_time":"2025-12-26T16:55:02+00:00","article_modified_time":"2025-12-26T17:20:55+00:00","og_image":[{"url":"https:\/\/elonce-media.elonce.com\/fotos\/2025\/12\/25\/m_1766676031_55712.webp","type":"","width":"","height":""}],"author":"Sebastian","twitter_card":"summary_large_image","twitter_image":"https:\/\/elonce-media.elonce.com\/fotos\/2025\/12\/25\/m_1766676031_55712.webp","twitter_creator":"@InformeLitoral","twitter_site":"@InformeLitoral","twitter_misc":{"Escrito por":"Sebastian","Tiempo de lectura":"2 minutos"},"schema":{"@context":"https:\/\/schema.org","@graph":[{"@type":"Article","@id":"https:\/\/informelitoral.com.ar\/un-transportista-de-crespo-recorrio-la-ciudad-en-un-camion-navideno-repartiendo-regalos\/#article","isPartOf":{"@id":"https:\/\/informelitoral.com.ar\/un-transportista-de-crespo-recorrio-la-ciudad-en-un-camion-navideno-repartiendo-regalos\/"},"author":{"name":"Sebastian","@id":"https:\/\/informelitoral.com.ar\/#\/schema\/person\/f05f9f461677119578717524b127d6d5"},"headline":"Camionero de Crespo recorri\u00f3 la ciudad repartiendo regalos","datePublished":"2025-12-26T16:55:02+00:00","dateModified":"2025-12-26T17:20:55+00:00","mainEntityOfPage":{"@id":"https:\/\/informelitoral.com.ar\/un-transportista-de-crespo-recorrio-la-ciudad-en-un-camion-navideno-repartiendo-regalos\/"},"wordCount":283,"commentCount":0,"publisher":{"@id":"https:\/\/informelitoral.com.ar\/#organization"},"image":{"@id":"https:\/\/informelitoral.com.ar\/un-transportista-de-crespo-recorrio-la-ciudad-en-un-camion-navideno-repartiendo-regalos\/#primaryimage"},"thumbnailUrl":"https:\/\/elonce-media.elonce.com\/fotos\/2025\/12\/25\/m_1766676031_55712.webp","keywords":["Crespo","Entre R\u00edos","Navidad","Regalos"],"articleSection":["Entre R\u00edos"],"inLanguage":"es","potentialAction":[{"@type":"CommentAction","name":"Comment","target":["https:\/\/informelitoral.com.ar\/un-transportista-de-crespo-recorrio-la-ciudad-en-un-camion-navideno-repartiendo-regalos\/#respond"]}]},{"@type":"WebPage","@id":"https:\/\/informelitoral.com.ar\/un-transportista-de-crespo-recorrio-la-ciudad-en-un-camion-navideno-repartiendo-regalos\/","url":"https:\/\/informelitoral.com.ar\/un-transportista-de-crespo-recorrio-la-ciudad-en-un-camion-navideno-repartiendo-regalos\/","name":"Camionero de Crespo recorri\u00f3 la ciudad repartiendo regalos - Informe Litoral","isPartOf":{"@id":"https:\/\/informelitoral.com.ar\/#website"},"primaryImageOfPage":{"@id":"https:\/\/informelitoral.com.ar\/un-transportista-de-crespo-recorrio-la-ciudad-en-un-camion-navideno-repartiendo-regalos\/#primaryimage"},"image":{"@id":"https:\/\/informelitoral.com.ar\/un-transportista-de-crespo-recorrio-la-ciudad-en-un-camion-navideno-repartiendo-regalos\/#primaryimage"},"thumbnailUrl":"https:\/\/elonce-media.elonce.com\/fotos\/2025\/12\/25\/m_1766676031_55712.webp","datePublished":"2025-12-26T16:55:02+00:00","dateModified":"2025-12-26T17:20:55+00:00","breadcrumb":{"@id":"https:\/\/informelitoral.com.ar\/un-transportista-de-crespo-recorrio-la-ciudad-en-un-camion-navideno-repartiendo-regalos\/#breadcrumb"},"inLanguage":"es","potentialAction":[{"@type":"ReadAction","target":["https:\/\/informelitoral.com.ar\/un-transportista-de-crespo-recorrio-la-ciudad-en-un-camion-navideno-repartiendo-regalos\/"]}]},{"@type":"ImageObject","inLanguage":"es","@id":"https:\/\/informelitoral.com.ar\/un-transportista-de-crespo-recorrio-la-ciudad-en-un-camion-navideno-repartiendo-regalos\/#primaryimage","url":"https:\/\/elonce-media.elonce.com\/fotos\/2025\/12\/25\/m_1766676031_55712.webp","contentUrl":"https:\/\/elonce-media.elonce.com\/fotos\/2025\/12\/25\/m_1766676031_55712.webp","width":"765","height":"510"},{"@type":"BreadcrumbList","@id":"https:\/\/informelitoral.com.ar\/un-transportista-de-crespo-recorrio-la-ciudad-en-un-camion-navideno-repartiendo-regalos\/#breadcrumb","itemListElement":[{"@type":"ListItem","position":1,"name":"Portada","item":"https:\/\/informelitoral.com.ar\/"},{"@type":"ListItem","position":2,"name":"Camionero de Crespo recorri\u00f3 la ciudad repartiendo regalos"}]},{"@type":"WebSite","@id":"https:\/\/informelitoral.com.ar\/#website","url":"https:\/\/informelitoral.com.ar\/","name":"Informe Litoral","description":"&quot;Nos informamos&quot; ","publisher":{"@id":"https:\/\/informelitoral.com.ar\/#organization"},"potentialAction":[{"@type":"SearchAction","target":{"@type":"EntryPoint","urlTemplate":"https:\/\/informelitoral.com.ar\/?s={search_term_string}"},"query-input":{"@type":"PropertyValueSpecification","valueRequired":true,"valueName":"search_term_string"}}],"inLanguage":"es"},{"@type":"Organization","@id":"https:\/\/informelitoral.com.ar\/#organization","name":"Informe Litoral","url":"https:\/\/informelitoral.com.ar\/","logo":{"@type":"ImageObject","inLanguage":"es","@id":"https:\/\/informelitoral.com.ar\/#\/schema\/logo\/image\/","url":"https:\/\/informelitoral.com.ar\/%77%70%2d%63%6f%6e%74%65%6e%74\/uploads\/2021\/01\/circulo.png","contentUrl":"https:\/\/informelitoral.com.ar\/%77%70%2d%63%6f%6e%74%65%6e%74\/uploads\/2021\/01\/circulo.png","width":723,"height":731,"caption":"Informe Litoral"},"image":{"@id":"https:\/\/informelitoral.com.ar\/#\/schema\/logo\/image\/"},"sameAs":["https:\/\/www.facebook.com\/informelitoral\/","https:\/\/x.com\/InformeLitoral","https:\/\/www.instagram.com\/informelitoral\/","https:\/\/www.youtube.com\/channel\/UCua4Qvz8Icb6MYqhoq9xLXw"]},{"@type":"Person","@id":"https:\/\/informelitoral.com.ar\/#\/schema\/person\/f05f9f461677119578717524b127d6d5","name":"Sebastian","image":{"@type":"ImageObject","inLanguage":"es","@id":"https:\/\/secure.gravatar.com\/avatar\/b71bf7481d447dfb9583c7f2798e7cc64de6efb9067b74633ed8c31059a3bd82?s=96&d=mm&r=g","url":"https:\/\/secure.gravatar.com\/avatar\/b71bf7481d447dfb9583c7f2798e7cc64de6efb9067b74633ed8c31059a3bd82?s=96&d=mm&r=g","contentUrl":"https:\/\/secure.gravatar.com\/avatar\/b71bf7481d447dfb9583c7f2798e7cc64de6efb9067b74633ed8c31059a3bd82?s=96&d=mm&r=g","caption":"Sebastian"},"url":"https:\/\/informelitoral.com.ar\/author\/sebastian\/"}]}},"fifu_image_url":"https:\/\/elonce-media.elonce.com\/fotos\/2025\/12\/25\/m_1766676031_55712.webp","_links":{"self":[{"href":"https:\/\/informelitoral.com.ar\/%77%70%2d%6a%73%6f%6e\/wp\/v2\/posts\/244906","targetHints":{"allow":["GET"]}}],"collection":[{"href":"https:\/\/informelitoral.com.ar\/%77%70%2d%6a%73%6f%6e\/wp\/v2\/posts"}],"about":[{"href":"https:\/\/informelitoral.com.ar\/%77%70%2d%6a%73%6f%6e\/wp\/v2\/types\/post"}],"author":[{"embeddable":true,"href":"https:\/\/informelitoral.com.ar\/%77%70%2d%6a%73%6f%6e\/wp\/v2\/users\/8"}],"replies":[{"embeddable":true,"href":"https:\/\/informelitoral.com.ar\/%77%70%2d%6a%73%6f%6e\/wp\/v2\/comments?post=244906"}],"version-history":[{"count":4,"href":"https:\/\/informelitoral.com.ar\/%77%70%2d%6a%73%6f%6e\/wp\/v2\/posts\/244906\/revisions"}],"predecessor-version":[{"id":244911,"href":"https:\/\/informelitoral.com.ar\/%77%70%2d%6a%73%6f%6e\/wp\/v2\/posts\/244906\/revisions\/244911"}],"wp:featuredmedia":[{"embeddable":true,"href":"https:\/\/informelitoral.com.ar\/%77%70%2d%6a%73%6f%6e\/wp\/v2\/media\/244907"}],"wp:attachment":[{"href":"https:\/\/informelitoral.com.ar\/%77%70%2d%6a%73%6f%6e\/wp\/v2\/media?parent=244906"}],"wp:term":[{"taxonomy":"category","embeddable":true,"href":"https:\/\/informelitoral.com.ar\/%77%70%2d%6a%73%6f%6e\/wp\/v2\/categories?post=244906"},{"taxonomy":"post_tag","embeddable":true,"href":"https:\/\/informelitoral.com.ar\/%77%70%2d%6a%73%6f%6e\/wp\/v2\/tags?post=244906"}],"curies":[{"name":"wp","href":"https:\/\/api.w.org\/{rel}","templated":true}]}}