{"id":244885,"date":"2025-12-26T07:21:09","date_gmt":"2025-12-26T10:21:09","guid":{"rendered":"https:\/\/informelitoral.com.ar\/?p=244885"},"modified":"2025-12-26T07:21:09","modified_gmt":"2025-12-26T10:21:09","slug":"segun-came-las-ventas-minoristas-de-navidad-crecieron-13-interanual","status":"publish","type":"post","link":"https:\/\/informelitoral.com.ar\/segun-came-las-ventas-minoristas-de-navidad-crecieron-13-interanual\/","title":{"rendered":"Seg\u00fan CAME, las ventas minoristas de Navidad crecieron 1,3% interanual"},"content":{"rendered":"<p class=\"ampp\">Las ventas navide\u00f1as en los comercios minoristas pymes\u00a0<strong data-end=\"387\" data-start=\"335\">subieron 1,3% en comparaci\u00f3n con la Navidad 2024<\/strong>, \u00a0seg\u00fan un relevamiento realizado por la Confederaci\u00f3n Argentina de la \u00a0Mediana Empresa (CAME). El crecimiento se dio a precios constantes y en \u00a0un contexto de\u00a0<strong data-end=\"596\" data-start=\"545\">consumo moderado y alta dependencia del cr\u00e9dito<\/strong>.<\/p>\n<p class=\"ampp\">La\u00a0<strong data-end=\"618\" data-start=\"602\">Navidad 2025<\/strong>\u00a0se caracteriz\u00f3 por una elevada implementaci\u00f3n de acciones comerciales, que alcanzaron al\u00a0<strong data-end=\"741\" data-start=\"708\">89,3% de los establecimientos<\/strong>. Sin embargo, el comportamiento del consumidor estuvo condicionado por la\u00a0<strong data-end=\"852\" data-start=\"816\">retracci\u00f3n del poder adquisitivo<\/strong>\u00a0y el\u00a0<strong data-end=\"899\" data-start=\"858\">nivel de endeudamiento de los hogares<\/strong>.<\/p>\n<p class=\"ampp\">En ese marco, el\u00a0<strong data-end=\"948\" data-start=\"919\">32,7% de los comerciantes<\/strong>\u00a0se\u00f1al\u00f3 que las ventas fueron mejores o mucho mejores de lo esperado, mientras que el\u00a0<strong data-end=\"1043\" data-start=\"1034\">21,4%<\/strong>\u00a0indic\u00f3 que estuvieron por debajo de las expectativas. En tanto, el\u00a0<strong data-end=\"1120\" data-start=\"1111\">45,9%<\/strong>\u00a0consider\u00f3 que el desempe\u00f1o fue acorde a lo previsto.<\/p>\n<p class=\"ampp\">Si bien se observ\u00f3 una mayor previsibilidad en los precios, la demanda se concentr\u00f3 en\u00a0<strong data-end=\"1306\" data-start=\"1262\">productos econ\u00f3micos y ofertas puntuales<\/strong>, impulsada principalmente por\u00a0<strong data-end=\"1363\" data-start=\"1337\">financiaci\u00f3n extendida<\/strong>\u00a0y, en algunos casos, por el impacto de\u00a0<strong data-end=\"1425\" data-start=\"1403\">bonos provinciales<\/strong>, que compensaron parcialmente la debilidad de los ingresos corrientes.<\/p>\n<p class=\"ampp\">El\u00a0<strong data-end=\"1520\" data-start=\"1501\">ticket promedio<\/strong>\u00a0se ubic\u00f3 en\u00a0<strong data-end=\"1544\" data-start=\"1533\">$36.266<\/strong>, con un m\u00e1ximo de\u00a0<strong data-end=\"1601\" data-start=\"1563\">$60.041 en calzado y marroquiner\u00eda<\/strong>\u00a0y un m\u00ednimo de\u00a0<strong data-end=\"1641\" data-start=\"1617\">$34.484 en librer\u00edas<\/strong>.<\/p>\n<p class=\"ampp\">Respecto al impacto de la actividad navide\u00f1a en el balance mensual, el\u00a0<strong data-end=\"1724\" data-start=\"1715\">40,9%<\/strong>\u00a0de los comerciantes afirm\u00f3 que las ventas \u201c<strong data-end=\"1810\" data-start=\"1768\">sumaron, pero no cambiaron el panorama<\/strong>\u201d. Otro\u00a0<strong data-end=\"1827\" data-start=\"1818\">31,1%<\/strong>\u00a0indic\u00f3 que tuvieron un impacto moderado, mientras que el\u00a0<strong data-end=\"1894\" data-start=\"1885\">21,9%<\/strong>\u00a0consider\u00f3 que fueron claves para impulsar el mes. El\u00a0<strong data-end=\"1965\" data-start=\"1948\">6,1% restante<\/strong>\u00a0se\u00f1al\u00f3 que no incidieron en el desempe\u00f1o comercial.<\/p>\n<p class=\"ampp\">Los datos surgen de un relevamiento realizado por CAME entre el\u00a0<strong data-end=\"2124\" data-start=\"2083\">martes 23 y mi\u00e9rcoles 24 de diciembre<\/strong>.<\/p>\n<h2 data-end=\"2153\" data-start=\"2127\"><strong data-end=\"2153\" data-start=\"2131\">An\u00e1lisis sectorial<\/strong><\/h2>\n<p class=\"ampp\">De los\u00a0<strong data-end=\"2195\" data-start=\"2162\">seis grandes rubros relevados<\/strong>, registraron subas\u00a0<strong data-end=\"2238\" data-start=\"2215\">Perfumer\u00eda (+27,8%)<\/strong>,\u00a0<strong data-end=\"2275\" data-start=\"2240\">Calzado y marroquiner\u00eda (+3,3%)<\/strong>\u00a0e\u00a0<strong data-end=\"2302\" data-start=\"2278\">Indumentaria (+1,3%)<\/strong>. En cambio, mostraron ca\u00eddas\u00a0<strong data-end=\"2352\" data-start=\"2332\">Librer\u00eda (-1,4%)<\/strong>,\u00a0<strong data-end=\"2411\" data-start=\"2354\">Equipos de audio, video, celulares y accesorios (-4%)<\/strong>\u00a0y\u00a0<strong data-end=\"2436\" data-start=\"2414\">Jugueter\u00eda (-6,6%)<\/strong>.<\/p>\n<p class=\"ampp\"><strong data-end=\"2455\" data-start=\"2439\">Indumentaria<\/strong><br data-start=\"2455\" data-end=\"2458\" \/>Las ventas crecieron\u00a0<strong data-end=\"2498\" data-start=\"2479\">1,3% interanual<\/strong>\u00a0a precios constantes. El sector mostr\u00f3 una actividad condicionada por \u00a0la p\u00e9rdida del poder adquisitivo y el endeudamiento. Si bien el volumen \u00a0super\u00f3 el promedio mensual por factores estacionales, el resultado \u00a0general qued\u00f3 por debajo de las expectativas. Las operaciones se \u00a0concretaron principalmente mediante\u00a0<strong data-end=\"2848\" data-start=\"2809\">tarjetas de cr\u00e9dito (3 a 12 cuotas)<\/strong>\u00a0y promociones bancarias, con una marcada diferencia competitiva frente a las grandes marcas.<\/p>\n<p class=\"ampp\"><strong data-end=\"2994\" data-start=\"2943\">Equipos de audio, video, celulares y accesorios<\/strong><br data-start=\"2994\" data-end=\"2997\" \/>El rubro registr\u00f3 una\u00a0<strong data-end=\"3035\" data-start=\"3019\">ca\u00edda del 4%<\/strong>, con un ticket promedio de\u00a0<strong data-end=\"3074\" data-start=\"3063\">$47.088<\/strong>. \u00a0La demanda fue selectiva y se concentr\u00f3 en telefon\u00eda m\u00f3vil y productos \u00a0en oferta. La apertura de importaciones y la contracci\u00f3n del consumo \u00a0limitaron las ventas, que dependieron de\u00a0<strong data-end=\"3300\" data-start=\"3257\">financiaci\u00f3n en seis cuotas sin inter\u00e9s<\/strong>\u00a0y descuentos por pago al contado.<\/p>\n<p class=\"ampp\"><strong data-end=\"3363\" data-start=\"3336\">Calzado y marroquiner\u00eda<\/strong><br data-start=\"3363\" data-end=\"3366\" \/>Las ventas aumentaron\u00a0<strong data-end=\"3396\" data-start=\"3388\">3,3%<\/strong>, con un ticket promedio de\u00a0<strong data-end=\"3435\" data-start=\"3424\">$60.041<\/strong>. La demanda se concentr\u00f3 el\u00a0<strong data-end=\"3483\" data-start=\"3464\">23 de diciembre<\/strong>, con preferencia por art\u00edculos de menor precio. El financiamiento en cuotas y el uso de\u00a0<strong data-end=\"3594\" data-start=\"3572\">bonos provinciales<\/strong>\u00a0resultaron claves para sostener el nivel de ventas, junto con descuentos por pago en efectivo.<\/p>\n<p class=\"ampp\"><strong data-end=\"3705\" data-start=\"3691\">Perfumer\u00eda<\/strong><br data-start=\"3705\" data-end=\"3708\" \/>Fue el rubro de mejor desempe\u00f1o, con una suba del\u00a0<strong data-end=\"3767\" data-start=\"3758\">27,8%<\/strong>\u00a0y un ticket promedio de\u00a0<strong data-end=\"3803\" data-start=\"3792\">$48.414<\/strong>. Las ventas se concentraron entre el\u00a0<strong data-end=\"3868\" data-start=\"3841\">22 y el 24 de diciembre<\/strong>, \u00a0favorecidas por la coincidencia de la v\u00edspera de Navidad con un d\u00eda \u00a0mi\u00e9rcoles y por programas de financiaci\u00f3n bancaria. Se destac\u00f3 la \u00a0recuperaci\u00f3n en la demanda de fragancias importadas.<\/p>\n<p class=\"ampp\"><strong data-end=\"4072\" data-start=\"4058\">Jugueter\u00eda<\/strong><br data-start=\"4072\" data-end=\"4075\" \/>Las ventas cayeron\u00a0<strong data-end=\"4102\" data-start=\"4094\">6,6%<\/strong>, con un ticket promedio de\u00a0<strong data-end=\"4141\" data-start=\"4130\">$48.800<\/strong>. El sector enfrent\u00f3 una fuerte competencia de canales de bajo costo y sostuvo su actividad mediante\u00a0<strong data-end=\"4278\" data-start=\"4242\">descuentos de entre el 15% y 50%<\/strong>\u00a0y financiaci\u00f3n en seis cuotas. A pesar de un mayor flujo de p\u00fablico por \u00a0eventos locales, el impacto fue insuficiente para revertir el d\u00e9ficit \u00a0anual.<\/p>\n<p class=\"ampp\"><strong data-end=\"4441\" data-start=\"4429\">Librer\u00eda<\/strong><br data-start=\"4441\" data-end=\"4444\" \/>El rubro registr\u00f3 una baja del\u00a0<strong data-end=\"4483\" data-start=\"4475\">1,4%<\/strong>, con un ticket promedio de\u00a0<strong data-end=\"4522\" data-start=\"4511\">$34.484<\/strong>. \u00a0La actividad se concentr\u00f3 en la \u00faltima semana del per\u00edodo, impulsada \u00a0por la demanda estacional y compras anticipadas para el inicio del ciclo \u00a0lectivo. La financiaci\u00f3n en\u00a0<strong data-end=\"4721\" data-start=\"4694\">tres cuotas sin inter\u00e9s<\/strong>\u00a0y los bonos provinciales ayudaron a dinamizar un consumo restringido, \u00a0aunque el nivel de facturaci\u00f3n qued\u00f3 por debajo de lo esperado.<\/p>\n<h6><em><strong>Del archivo:\u00a0<a href=\"https:\/\/informelitoral.com.ar\/la-cooperativa-quebracho-anuncio-cambios-en-la-atencion-de-su-sucursal-en-diamante\/\" target=\"_blank\" rel=\"noopener\">La Cooperativa Quebracho anunci\u00f3 cambios en la atenci\u00f3n de su sucursal en Diamante<\/a><\/strong><\/em><\/h6>\n","protected":false},"excerpt":{"rendered":"<p>Las ventas navide\u00f1as en los comercios minoristas pymes crecieron 1,3% interanual a precios constantes en un contexto de consumo moderado, fuerte uso de financiaci\u00f3n y demanda concentrada en productos econ\u00f3micos y promociones.<\/p>\n","protected":false},"author":2,"featured_media":104245,"comment_status":"open","ping_status":"open","sticky":false,"template":"","format":"standard","meta":{"fifu_image_url":"","fifu_image_alt":"","footnotes":""},"categories":[1594,7],"tags":[916,1266,5798],"class_list":{"0":"post-244885","1":"post","2":"type-post","3":"status-publish","4":"format-standard","5":"has-post-thumbnail","7":"category-economia","8":"category-nacionales","9":"tag-came","10":"tag-navidad","11":"tag-ventas-minoristas"},"yoast_head":"<title>Seg\u00fan CAME, las ventas minoristas de Navidad crecieron 1,3% interanual - Informe Litoral<\/title>\n<meta name=\"robots\" content=\"index, follow, max-snippet:-1, max-image-preview:large, max-video-preview:-1\" \/>\n<link rel=\"canonical\" href=\"https:\/\/informelitoral.com.ar\/segun-came-las-ventas-minoristas-de-navidad-crecieron-13-interanual\/\" \/>\n<meta property=\"og:locale\" content=\"es_ES\" \/>\n<meta property=\"og:type\" content=\"article\" \/>\n<meta property=\"og:title\" content=\"Seg\u00fan CAME, las ventas minoristas de Navidad crecieron 1,3% interanual - Informe Litoral\" \/>\n<meta property=\"og:description\" content=\"Las ventas navide\u00f1as en los comercios minoristas pymes crecieron 1,3% interanual a precios constantes en un contexto de consumo moderado, fuerte uso de financiaci\u00f3n y demanda concentrada en productos econ\u00f3micos y promociones.\" \/>\n<meta property=\"og:url\" content=\"https:\/\/informelitoral.com.ar\/segun-came-las-ventas-minoristas-de-navidad-crecieron-13-interanual\/\" \/>\n<meta property=\"og:site_name\" content=\"Informe Litoral\" \/>\n<meta property=\"article:publisher\" content=\"https:\/\/www.facebook.com\/informelitoral\/\" \/>\n<meta property=\"article:published_time\" content=\"2025-12-26T10:21:09+00:00\" \/>\n<meta property=\"og:image\" content=\"https:\/\/informelitoral.com.ar\/%77%70%2d%63%6f%6e%74%65%6e%74\/uploads\/2022\/12\/Navidad_compras_peatonal_SantaFe_25diciembre2022.webp\" \/>\n\t<meta property=\"og:image:width\" content=\"800\" \/>\n\t<meta property=\"og:image:height\" content=\"474\" \/>\n\t<meta property=\"og:image:type\" content=\"image\/webp\" \/>\n<meta name=\"author\" content=\"Gonzalo Schmidt\" \/>\n<meta name=\"twitter:card\" content=\"summary_large_image\" \/>\n<meta name=\"twitter:creator\" content=\"@InformeLitoral\" \/>\n<meta name=\"twitter:site\" content=\"@InformeLitoral\" \/>\n<meta name=\"twitter:label1\" content=\"Escrito por\" \/>\n\t<meta name=\"twitter:data1\" content=\"Gonzalo Schmidt\" \/>\n\t<meta name=\"twitter:label2\" content=\"Tiempo de lectura\" \/>\n\t<meta name=\"twitter:data2\" content=\"4 minutos\" \/>\n<script type=\"application\/ld+json\" class=\"yoast-schema-graph\">{\"@context\":\"https:\\\/\\\/schema.org\",\"@graph\":[{\"@type\":\"Article\",\"@id\":\"https:\\\/\\\/informelitoral.com.ar\\\/segun-came-las-ventas-minoristas-de-navidad-crecieron-13-interanual\\\/#article\",\"isPartOf\":{\"@id\":\"https:\\\/\\\/informelitoral.com.ar\\\/segun-came-las-ventas-minoristas-de-navidad-crecieron-13-interanual\\\/\"},\"author\":{\"name\":\"Gonzalo Schmidt\",\"@id\":\"https:\\\/\\\/informelitoral.com.ar\\\/#\\\/schema\\\/person\\\/b9d00407c836482871ef1d57bf8e3180\"},\"headline\":\"Seg\u00fan CAME, las ventas minoristas de Navidad crecieron 1,3% interanual\",\"datePublished\":\"2025-12-26T10:21:09+00:00\",\"mainEntityOfPage\":{\"@id\":\"https:\\\/\\\/informelitoral.com.ar\\\/segun-came-las-ventas-minoristas-de-navidad-crecieron-13-interanual\\\/\"},\"wordCount\":720,\"commentCount\":0,\"publisher\":{\"@id\":\"https:\\\/\\\/informelitoral.com.ar\\\/#organization\"},\"image\":{\"@id\":\"https:\\\/\\\/informelitoral.com.ar\\\/segun-came-las-ventas-minoristas-de-navidad-crecieron-13-interanual\\\/#primaryimage\"},\"thumbnailUrl\":\"https:\\\/\\\/informelitoral.com.ar\\\/%77%70%2d%63%6f%6e%74%65%6e%74\\\/uploads\\\/2022\\\/12\\\/Navidad_compras_peatonal_SantaFe_25diciembre2022.webp\",\"keywords\":[\"CAME\",\"Navidad\",\"Ventas minoristas\"],\"articleSection\":[\"Econom\u00eda\",\"Nacionales\"],\"inLanguage\":\"es\",\"potentialAction\":[{\"@type\":\"CommentAction\",\"name\":\"Comment\",\"target\":[\"https:\\\/\\\/informelitoral.com.ar\\\/segun-came-las-ventas-minoristas-de-navidad-crecieron-13-interanual\\\/#respond\"]}]},{\"@type\":\"WebPage\",\"@id\":\"https:\\\/\\\/informelitoral.com.ar\\\/segun-came-las-ventas-minoristas-de-navidad-crecieron-13-interanual\\\/\",\"url\":\"https:\\\/\\\/informelitoral.com.ar\\\/segun-came-las-ventas-minoristas-de-navidad-crecieron-13-interanual\\\/\",\"name\":\"Seg\u00fan CAME, las ventas minoristas de Navidad crecieron 1,3% interanual - Informe Litoral\",\"isPartOf\":{\"@id\":\"https:\\\/\\\/informelitoral.com.ar\\\/#website\"},\"primaryImageOfPage\":{\"@id\":\"https:\\\/\\\/informelitoral.com.ar\\\/segun-came-las-ventas-minoristas-de-navidad-crecieron-13-interanual\\\/#primaryimage\"},\"image\":{\"@id\":\"https:\\\/\\\/informelitoral.com.ar\\\/segun-came-las-ventas-minoristas-de-navidad-crecieron-13-interanual\\\/#primaryimage\"},\"thumbnailUrl\":\"https:\\\/\\\/informelitoral.com.ar\\\/%77%70%2d%63%6f%6e%74%65%6e%74\\\/uploads\\\/2022\\\/12\\\/Navidad_compras_peatonal_SantaFe_25diciembre2022.webp\",\"datePublished\":\"2025-12-26T10:21:09+00:00\",\"breadcrumb\":{\"@id\":\"https:\\\/\\\/informelitoral.com.ar\\\/segun-came-las-ventas-minoristas-de-navidad-crecieron-13-interanual\\\/#breadcrumb\"},\"inLanguage\":\"es\",\"potentialAction\":[{\"@type\":\"ReadAction\",\"target\":[\"https:\\\/\\\/informelitoral.com.ar\\\/segun-came-las-ventas-minoristas-de-navidad-crecieron-13-interanual\\\/\"]}]},{\"@type\":\"ImageObject\",\"inLanguage\":\"es\",\"@id\":\"https:\\\/\\\/informelitoral.com.ar\\\/segun-came-las-ventas-minoristas-de-navidad-crecieron-13-interanual\\\/#primaryimage\",\"url\":\"https:\\\/\\\/informelitoral.com.ar\\\/%77%70%2d%63%6f%6e%74%65%6e%74\\\/uploads\\\/2022\\\/12\\\/Navidad_compras_peatonal_SantaFe_25diciembre2022.webp\",\"contentUrl\":\"https:\\\/\\\/informelitoral.com.ar\\\/%77%70%2d%63%6f%6e%74%65%6e%74\\\/uploads\\\/2022\\\/12\\\/Navidad_compras_peatonal_SantaFe_25diciembre2022.webp\",\"width\":800,\"height\":474},{\"@type\":\"BreadcrumbList\",\"@id\":\"https:\\\/\\\/informelitoral.com.ar\\\/segun-came-las-ventas-minoristas-de-navidad-crecieron-13-interanual\\\/#breadcrumb\",\"itemListElement\":[{\"@type\":\"ListItem\",\"position\":1,\"name\":\"Portada\",\"item\":\"https:\\\/\\\/informelitoral.com.ar\\\/\"},{\"@type\":\"ListItem\",\"position\":2,\"name\":\"Seg\u00fan CAME, las ventas minoristas de Navidad crecieron 1,3% interanual\"}]},{\"@type\":\"WebSite\",\"@id\":\"https:\\\/\\\/informelitoral.com.ar\\\/#website\",\"url\":\"https:\\\/\\\/informelitoral.com.ar\\\/\",\"name\":\"Informe Litoral\",\"description\":\"&quot;Nos informamos&quot; \",\"publisher\":{\"@id\":\"https:\\\/\\\/informelitoral.com.ar\\\/#organization\"},\"potentialAction\":[{\"@type\":\"SearchAction\",\"target\":{\"@type\":\"EntryPoint\",\"urlTemplate\":\"https:\\\/\\\/informelitoral.com.ar\\\/?s={search_term_string}\"},\"query-input\":{\"@type\":\"PropertyValueSpecification\",\"valueRequired\":true,\"valueName\":\"search_term_string\"}}],\"inLanguage\":\"es\"},{\"@type\":\"Organization\",\"@id\":\"https:\\\/\\\/informelitoral.com.ar\\\/#organization\",\"name\":\"Informe Litoral\",\"url\":\"https:\\\/\\\/informelitoral.com.ar\\\/\",\"logo\":{\"@type\":\"ImageObject\",\"inLanguage\":\"es\",\"@id\":\"https:\\\/\\\/informelitoral.com.ar\\\/#\\\/schema\\\/logo\\\/image\\\/\",\"url\":\"https:\\\/\\\/informelitoral.com.ar\\\/%77%70%2d%63%6f%6e%74%65%6e%74\\\/uploads\\\/2021\\\/01\\\/circulo.png\",\"contentUrl\":\"https:\\\/\\\/informelitoral.com.ar\\\/%77%70%2d%63%6f%6e%74%65%6e%74\\\/uploads\\\/2021\\\/01\\\/circulo.png\",\"width\":723,\"height\":731,\"caption\":\"Informe Litoral\"},\"image\":{\"@id\":\"https:\\\/\\\/informelitoral.com.ar\\\/#\\\/schema\\\/logo\\\/image\\\/\"},\"sameAs\":[\"https:\\\/\\\/www.facebook.com\\\/informelitoral\\\/\",\"https:\\\/\\\/x.com\\\/InformeLitoral\",\"https:\\\/\\\/www.instagram.com\\\/informelitoral\\\/\",\"https:\\\/\\\/www.youtube.com\\\/channel\\\/UCua4Qvz8Icb6MYqhoq9xLXw\"]},{\"@type\":\"Person\",\"@id\":\"https:\\\/\\\/informelitoral.com.ar\\\/#\\\/schema\\\/person\\\/b9d00407c836482871ef1d57bf8e3180\",\"name\":\"Gonzalo Schmidt\",\"image\":{\"@type\":\"ImageObject\",\"inLanguage\":\"es\",\"@id\":\"https:\\\/\\\/secure.gravatar.com\\\/avatar\\\/31a1a7b66ff2de83bd0e9fd79d026630d2d99e55e8bfe501287647b4fd9743de?s=96&d=mm&r=g\",\"url\":\"https:\\\/\\\/secure.gravatar.com\\\/avatar\\\/31a1a7b66ff2de83bd0e9fd79d026630d2d99e55e8bfe501287647b4fd9743de?s=96&d=mm&r=g\",\"contentUrl\":\"https:\\\/\\\/secure.gravatar.com\\\/avatar\\\/31a1a7b66ff2de83bd0e9fd79d026630d2d99e55e8bfe501287647b4fd9743de?s=96&d=mm&r=g\",\"caption\":\"Gonzalo Schmidt\"},\"description\":\"Sitio web de noticias de la provincia de Entre R\u00edos, Argentina. Informaci\u00f3n y entretenimiento. Informe Litoral, nos informamos.\",\"sameAs\":[\"http:\\\/\\\/www.isletasnoticias.com.ar\"],\"url\":\"https:\\\/\\\/informelitoral.com.ar\\\/author\\\/gonzalo\\\/\"}]}<\/script>","yoast_head_json":{"title":"Seg\u00fan CAME, las ventas minoristas de Navidad crecieron 1,3% interanual - Informe Litoral","robots":{"index":"index","follow":"follow","max-snippet":"max-snippet:-1","max-image-preview":"max-image-preview:large","max-video-preview":"max-video-preview:-1"},"canonical":"https:\/\/informelitoral.com.ar\/segun-came-las-ventas-minoristas-de-navidad-crecieron-13-interanual\/","og_locale":"es_ES","og_type":"article","og_title":"Seg\u00fan CAME, las ventas minoristas de Navidad crecieron 1,3% interanual - Informe Litoral","og_description":"Las ventas navide\u00f1as en los comercios minoristas pymes crecieron 1,3% interanual a precios constantes en un contexto de consumo moderado, fuerte uso de financiaci\u00f3n y demanda concentrada en productos econ\u00f3micos y promociones.","og_url":"https:\/\/informelitoral.com.ar\/segun-came-las-ventas-minoristas-de-navidad-crecieron-13-interanual\/","og_site_name":"Informe Litoral","article_publisher":"https:\/\/www.facebook.com\/informelitoral\/","article_published_time":"2025-12-26T10:21:09+00:00","og_image":[{"width":800,"height":474,"url":"https:\/\/informelitoral.com.ar\/%77%70%2d%63%6f%6e%74%65%6e%74\/uploads\/2022\/12\/Navidad_compras_peatonal_SantaFe_25diciembre2022.webp","type":"image\/webp"}],"author":"Gonzalo Schmidt","twitter_card":"summary_large_image","twitter_creator":"@InformeLitoral","twitter_site":"@InformeLitoral","twitter_misc":{"Escrito por":"Gonzalo Schmidt","Tiempo de lectura":"4 minutos"},"schema":{"@context":"https:\/\/schema.org","@graph":[{"@type":"Article","@id":"https:\/\/informelitoral.com.ar\/segun-came-las-ventas-minoristas-de-navidad-crecieron-13-interanual\/#article","isPartOf":{"@id":"https:\/\/informelitoral.com.ar\/segun-came-las-ventas-minoristas-de-navidad-crecieron-13-interanual\/"},"author":{"name":"Gonzalo Schmidt","@id":"https:\/\/informelitoral.com.ar\/#\/schema\/person\/b9d00407c836482871ef1d57bf8e3180"},"headline":"Seg\u00fan CAME, las ventas minoristas de Navidad crecieron 1,3% interanual","datePublished":"2025-12-26T10:21:09+00:00","mainEntityOfPage":{"@id":"https:\/\/informelitoral.com.ar\/segun-came-las-ventas-minoristas-de-navidad-crecieron-13-interanual\/"},"wordCount":720,"commentCount":0,"publisher":{"@id":"https:\/\/informelitoral.com.ar\/#organization"},"image":{"@id":"https:\/\/informelitoral.com.ar\/segun-came-las-ventas-minoristas-de-navidad-crecieron-13-interanual\/#primaryimage"},"thumbnailUrl":"https:\/\/informelitoral.com.ar\/%77%70%2d%63%6f%6e%74%65%6e%74\/uploads\/2022\/12\/Navidad_compras_peatonal_SantaFe_25diciembre2022.webp","keywords":["CAME","Navidad","Ventas minoristas"],"articleSection":["Econom\u00eda","Nacionales"],"inLanguage":"es","potentialAction":[{"@type":"CommentAction","name":"Comment","target":["https:\/\/informelitoral.com.ar\/segun-came-las-ventas-minoristas-de-navidad-crecieron-13-interanual\/#respond"]}]},{"@type":"WebPage","@id":"https:\/\/informelitoral.com.ar\/segun-came-las-ventas-minoristas-de-navidad-crecieron-13-interanual\/","url":"https:\/\/informelitoral.com.ar\/segun-came-las-ventas-minoristas-de-navidad-crecieron-13-interanual\/","name":"Seg\u00fan CAME, las ventas minoristas de Navidad crecieron 1,3% interanual - Informe Litoral","isPartOf":{"@id":"https:\/\/informelitoral.com.ar\/#website"},"primaryImageOfPage":{"@id":"https:\/\/informelitoral.com.ar\/segun-came-las-ventas-minoristas-de-navidad-crecieron-13-interanual\/#primaryimage"},"image":{"@id":"https:\/\/informelitoral.com.ar\/segun-came-las-ventas-minoristas-de-navidad-crecieron-13-interanual\/#primaryimage"},"thumbnailUrl":"https:\/\/informelitoral.com.ar\/%77%70%2d%63%6f%6e%74%65%6e%74\/uploads\/2022\/12\/Navidad_compras_peatonal_SantaFe_25diciembre2022.webp","datePublished":"2025-12-26T10:21:09+00:00","breadcrumb":{"@id":"https:\/\/informelitoral.com.ar\/segun-came-las-ventas-minoristas-de-navidad-crecieron-13-interanual\/#breadcrumb"},"inLanguage":"es","potentialAction":[{"@type":"ReadAction","target":["https:\/\/informelitoral.com.ar\/segun-came-las-ventas-minoristas-de-navidad-crecieron-13-interanual\/"]}]},{"@type":"ImageObject","inLanguage":"es","@id":"https:\/\/informelitoral.com.ar\/segun-came-las-ventas-minoristas-de-navidad-crecieron-13-interanual\/#primaryimage","url":"https:\/\/informelitoral.com.ar\/%77%70%2d%63%6f%6e%74%65%6e%74\/uploads\/2022\/12\/Navidad_compras_peatonal_SantaFe_25diciembre2022.webp","contentUrl":"https:\/\/informelitoral.com.ar\/%77%70%2d%63%6f%6e%74%65%6e%74\/uploads\/2022\/12\/Navidad_compras_peatonal_SantaFe_25diciembre2022.webp","width":800,"height":474},{"@type":"BreadcrumbList","@id":"https:\/\/informelitoral.com.ar\/segun-came-las-ventas-minoristas-de-navidad-crecieron-13-interanual\/#breadcrumb","itemListElement":[{"@type":"ListItem","position":1,"name":"Portada","item":"https:\/\/informelitoral.com.ar\/"},{"@type":"ListItem","position":2,"name":"Seg\u00fan CAME, las ventas minoristas de Navidad crecieron 1,3% interanual"}]},{"@type":"WebSite","@id":"https:\/\/informelitoral.com.ar\/#website","url":"https:\/\/informelitoral.com.ar\/","name":"Informe Litoral","description":"&quot;Nos informamos&quot; ","publisher":{"@id":"https:\/\/informelitoral.com.ar\/#organization"},"potentialAction":[{"@type":"SearchAction","target":{"@type":"EntryPoint","urlTemplate":"https:\/\/informelitoral.com.ar\/?s={search_term_string}"},"query-input":{"@type":"PropertyValueSpecification","valueRequired":true,"valueName":"search_term_string"}}],"inLanguage":"es"},{"@type":"Organization","@id":"https:\/\/informelitoral.com.ar\/#organization","name":"Informe Litoral","url":"https:\/\/informelitoral.com.ar\/","logo":{"@type":"ImageObject","inLanguage":"es","@id":"https:\/\/informelitoral.com.ar\/#\/schema\/logo\/image\/","url":"https:\/\/informelitoral.com.ar\/%77%70%2d%63%6f%6e%74%65%6e%74\/uploads\/2021\/01\/circulo.png","contentUrl":"https:\/\/informelitoral.com.ar\/%77%70%2d%63%6f%6e%74%65%6e%74\/uploads\/2021\/01\/circulo.png","width":723,"height":731,"caption":"Informe Litoral"},"image":{"@id":"https:\/\/informelitoral.com.ar\/#\/schema\/logo\/image\/"},"sameAs":["https:\/\/www.facebook.com\/informelitoral\/","https:\/\/x.com\/InformeLitoral","https:\/\/www.instagram.com\/informelitoral\/","https:\/\/www.youtube.com\/channel\/UCua4Qvz8Icb6MYqhoq9xLXw"]},{"@type":"Person","@id":"https:\/\/informelitoral.com.ar\/#\/schema\/person\/b9d00407c836482871ef1d57bf8e3180","name":"Gonzalo Schmidt","image":{"@type":"ImageObject","inLanguage":"es","@id":"https:\/\/secure.gravatar.com\/avatar\/31a1a7b66ff2de83bd0e9fd79d026630d2d99e55e8bfe501287647b4fd9743de?s=96&d=mm&r=g","url":"https:\/\/secure.gravatar.com\/avatar\/31a1a7b66ff2de83bd0e9fd79d026630d2d99e55e8bfe501287647b4fd9743de?s=96&d=mm&r=g","contentUrl":"https:\/\/secure.gravatar.com\/avatar\/31a1a7b66ff2de83bd0e9fd79d026630d2d99e55e8bfe501287647b4fd9743de?s=96&d=mm&r=g","caption":"Gonzalo Schmidt"},"description":"Sitio web de noticias de la provincia de Entre R\u00edos, Argentina. Informaci\u00f3n y entretenimiento. Informe Litoral, nos informamos.","sameAs":["http:\/\/www.isletasnoticias.com.ar"],"url":"https:\/\/informelitoral.com.ar\/author\/gonzalo\/"}]}},"_links":{"self":[{"href":"https:\/\/informelitoral.com.ar\/%77%70%2d%6a%73%6f%6e\/wp\/v2\/posts\/244885","targetHints":{"allow":["GET"]}}],"collection":[{"href":"https:\/\/informelitoral.com.ar\/%77%70%2d%6a%73%6f%6e\/wp\/v2\/posts"}],"about":[{"href":"https:\/\/informelitoral.com.ar\/%77%70%2d%6a%73%6f%6e\/wp\/v2\/types\/post"}],"author":[{"embeddable":true,"href":"https:\/\/informelitoral.com.ar\/%77%70%2d%6a%73%6f%6e\/wp\/v2\/users\/2"}],"replies":[{"embeddable":true,"href":"https:\/\/informelitoral.com.ar\/%77%70%2d%6a%73%6f%6e\/wp\/v2\/comments?post=244885"}],"version-history":[{"count":1,"href":"https:\/\/informelitoral.com.ar\/%77%70%2d%6a%73%6f%6e\/wp\/v2\/posts\/244885\/revisions"}],"predecessor-version":[{"id":244886,"href":"https:\/\/informelitoral.com.ar\/%77%70%2d%6a%73%6f%6e\/wp\/v2\/posts\/244885\/revisions\/244886"}],"wp:featuredmedia":[{"embeddable":true,"href":"https:\/\/informelitoral.com.ar\/%77%70%2d%6a%73%6f%6e\/wp\/v2\/media\/104245"}],"wp:attachment":[{"href":"https:\/\/informelitoral.com.ar\/%77%70%2d%6a%73%6f%6e\/wp\/v2\/media?parent=244885"}],"wp:term":[{"taxonomy":"category","embeddable":true,"href":"https:\/\/informelitoral.com.ar\/%77%70%2d%6a%73%6f%6e\/wp\/v2\/categories?post=244885"},{"taxonomy":"post_tag","embeddable":true,"href":"https:\/\/informelitoral.com.ar\/%77%70%2d%6a%73%6f%6e\/wp\/v2\/tags?post=244885"}],"curies":[{"name":"wp","href":"https:\/\/api.w.org\/{rel}","templated":true}]}}