{"id":244882,"date":"2025-12-26T07:16:06","date_gmt":"2025-12-26T10:16:06","guid":{"rendered":"https:\/\/informelitoral.com.ar\/?p=244882"},"modified":"2025-12-26T07:16:06","modified_gmt":"2025-12-26T10:16:06","slug":"aseguran-que-el-balance-de-la-oser-exhibe-avances-concretos-en-prestaciones-cobertura-y-gestion","status":"publish","type":"post","link":"https:\/\/informelitoral.com.ar\/aseguran-que-el-balance-de-la-oser-exhibe-avances-concretos-en-prestaciones-cobertura-y-gestion\/","title":{"rendered":"Aseguran que el balance de la OSER exhibe \u00abavances concretos en prestaciones, cobertura y gesti\u00f3n\u00bb"},"content":{"rendered":"<p>Uno de los progresos m\u00e1s significativos se observa en el nivel de prestaciones, producto del esfuerzo puesto en la normalizaci\u00f3n y el acuerdo de m\u00e1s de 25 convenios prestacionales que se encontraban vencidos, desactualizados o directamente inexistentes por parte del Instituto de Obra Social de Entre R\u00edos (Iosper).<\/p>\n<p>Dentro de este proceso se destaca el \u00e1rea bioqu\u00edmica. Durante 2025 se increment\u00f3 un 60 por ciento la cantidad de pr\u00e1cticas de laboratorio, fruto de la ampliaci\u00f3n de la cobertura a la totalidad del nomenclador espec\u00edfico, la mejora de los aranceles acordados con el Colegio de Bioqu\u00edmicos y la disponibilidad plena de la oferta para los afiliados. Este cambio revirti\u00f3 una situaci\u00f3n hist\u00f3rica en la que, durante 2024, una parte sustancial de las pr\u00e1cticas deb\u00eda ser abonada en forma particular y luego tramitada por reintegro, mecanismo que solo alcanzaba a algunos afiliados.<\/p>\n<p>En el \u00e1mbito quir\u00fargico, se aumentaron un 30 por ciento las pr\u00e1cticas, a la vez que se regularizaron todas las cirug\u00edas atrasadas que se encontraban pendientes por falta de pr\u00f3tesis. Actualmente, el total de las cirug\u00edas de urgencia se autoriza diariamente y las intervenciones programadas cuentan con fecha asignada para su realizaci\u00f3n. Este proceso de normalizaci\u00f3n recuper\u00f3 previsibilidad y equidad en el acceso a las prestaciones.<\/p>\n<p>Otro dato relevante es la reducci\u00f3n del 90 por ciento en las solicitudes de reintegros por prestaciones no convenidas, resultado de la regularizaci\u00f3n de convenios vencidos o inexistentes. Esta pol\u00edtica simplific\u00f3 los tr\u00e1mites administrativos a la vez que redujo costos indirectos y tiempos de espera para los afiliados.<\/p>\n<p>Asimismo, se avanz\u00f3 en la simplificaci\u00f3n del proceso de autorizaci\u00f3n de medicaci\u00f3n de alto costo, implementando esquemas de autorizaci\u00f3n semestrales que evitan la necesidad de gestiones mensuales presenciales en las sedes, mejorando la continuidad de los tratamientos y la experiencia del afiliado.<\/p>\n<p>En materia de modernizaci\u00f3n, la OSER digitaliz\u00f3 todas las solicitudes de pr\u00e1cticas ambulatorias, logrando un salto cualitativo en eficiencia, trazabilidad y transparencia en la gesti\u00f3n. En este marco, se destaca la puesta en marcha de la receta electr\u00f3nica, coordinada con profesionales m\u00e9dicos y farmac\u00e9uticos, que permitir\u00e1 que los afiliados accedan de manera directa y sin intervenci\u00f3n de la obra social a su medicaci\u00f3n si es ambulatoria.<\/p>\n<p>Finalmente, en cuanto al manejo de los recursos, la desvinculaci\u00f3n de decenas de personas que no prestaban contraprestaci\u00f3n alguna a la obra social, junto con el ahorro de m\u00e1s de 1.250 millones de pesos en gastos asociados al antiguo directorio pol\u00edtico del Iosper, permiti\u00f3 volcar mayores recursos directamente a las prestaciones de salud. Como resultado, durante 2025 el 87 por ciento de los recursos de la OSER se destin\u00f3 a prestaciones, y para el pr\u00f3ximo a\u00f1o se proyecta que este indicador alcance el 90 por ciento del total.<\/p>\n<h6><em><strong>Del archivo:\u00a0<a href=\"https:\/\/informelitoral.com.ar\/el-gobierno-nacional-habilito-el-traslado-de-mascotas-en-micros-y-trenes-de-larga-distancia\/\" target=\"_blank\" rel=\"noopener\">El Gobierno nacional habilit\u00f3 el traslado de mascotas en micros y trenes de larga distancia<\/a><\/strong><\/em><\/h6>\n","protected":false},"excerpt":{"rendered":"<p>Desde el Gobierno provincial expresaron que la Obra Social de Entre R\u00edos avanza, desde diciembre de 2024, en un proceso sostenido de ordenamiento, normalizaci\u00f3n y mejora en la calidad de las prestaciones. Dicho trabajo se centra en \u00ablas necesidades reales de sus afiliados, garantizando mayor cobertura, accesibilidad y previsibilidad\u00bb.<\/p>\n","protected":false},"author":2,"featured_media":244883,"comment_status":"open","ping_status":"open","sticky":false,"template":"","format":"standard","meta":{"fifu_image_url":"","fifu_image_alt":"","footnotes":""},"categories":[6],"tags":[81,1872,1618,5732],"class_list":{"0":"post-244882","1":"post","2":"type-post","3":"status-publish","4":"format-standard","5":"has-post-thumbnail","7":"category-entre-rios","8":"tag-entre-rios","9":"tag-gobierno-de-entre-rios","10":"tag-obra-social","11":"tag-oser"},"yoast_head":"<title>Aseguran que el balance de la OSER exhibe &quot;avances concretos en prestaciones, cobertura y gesti\u00f3n&quot; - Informe Litoral<\/title>\n<meta name=\"robots\" content=\"index, follow, max-snippet:-1, max-image-preview:large, max-video-preview:-1\" \/>\n<link rel=\"canonical\" href=\"https:\/\/informelitoral.com.ar\/aseguran-que-el-balance-de-la-oser-exhibe-avances-concretos-en-prestaciones-cobertura-y-gestion\/\" \/>\n<meta property=\"og:locale\" content=\"es_ES\" \/>\n<meta property=\"og:type\" content=\"article\" \/>\n<meta property=\"og:title\" content=\"Aseguran que el balance de la OSER exhibe &quot;avances concretos en prestaciones, cobertura y gesti\u00f3n&quot; - Informe Litoral\" \/>\n<meta property=\"og:description\" content=\"Desde el Gobierno provincial expresaron que la Obra Social de Entre R\u00edos avanza, desde diciembre de 2024, en un proceso sostenido de ordenamiento, normalizaci\u00f3n y mejora en la calidad de las prestaciones. Dicho trabajo se centra en &quot;las necesidades reales de sus afiliados, garantizando mayor cobertura, accesibilidad y previsibilidad&quot;.\" \/>\n<meta property=\"og:url\" content=\"https:\/\/informelitoral.com.ar\/aseguran-que-el-balance-de-la-oser-exhibe-avances-concretos-en-prestaciones-cobertura-y-gestion\/\" \/>\n<meta property=\"og:site_name\" content=\"Informe Litoral\" \/>\n<meta property=\"article:publisher\" content=\"https:\/\/www.facebook.com\/informelitoral\/\" \/>\n<meta property=\"article:published_time\" content=\"2025-12-26T10:16:06+00:00\" \/>\n<meta property=\"og:image\" content=\"https:\/\/drive.google.com\/thumbnail?id=1AmkoijDFl_Y1AmfQinxannXc_RixnK5C&sz=w2048\" \/>\n\t<meta property=\"og:image:width\" content=\"1600\" \/>\n\t<meta property=\"og:image:height\" content=\"1200\" \/>\n\t<meta property=\"og:image:type\" content=\"image\/jpeg\" \/>\n<meta name=\"author\" content=\"Gonzalo Schmidt\" \/>\n<meta name=\"twitter:card\" content=\"summary_large_image\" \/>\n<meta name=\"twitter:creator\" content=\"@InformeLitoral\" \/>\n<meta name=\"twitter:site\" content=\"@InformeLitoral\" \/>\n<meta name=\"twitter:label1\" content=\"Escrito por\" \/>\n\t<meta name=\"twitter:data1\" content=\"Gonzalo Schmidt\" \/>\n\t<meta name=\"twitter:label2\" content=\"Tiempo de lectura\" \/>\n\t<meta name=\"twitter:data2\" content=\"3 minutos\" \/>\n<script type=\"application\/ld+json\" class=\"yoast-schema-graph\">{\"@context\":\"https:\\\/\\\/schema.org\",\"@graph\":[{\"@type\":\"Article\",\"@id\":\"https:\\\/\\\/informelitoral.com.ar\\\/aseguran-que-el-balance-de-la-oser-exhibe-avances-concretos-en-prestaciones-cobertura-y-gestion\\\/#article\",\"isPartOf\":{\"@id\":\"https:\\\/\\\/informelitoral.com.ar\\\/aseguran-que-el-balance-de-la-oser-exhibe-avances-concretos-en-prestaciones-cobertura-y-gestion\\\/\"},\"author\":{\"name\":\"Gonzalo Schmidt\",\"@id\":\"https:\\\/\\\/informelitoral.com.ar\\\/#\\\/schema\\\/person\\\/b9d00407c836482871ef1d57bf8e3180\"},\"headline\":\"Aseguran que el balance de la OSER exhibe \u00abavances concretos en prestaciones, cobertura y gesti\u00f3n\u00bb\",\"datePublished\":\"2025-12-26T10:16:06+00:00\",\"mainEntityOfPage\":{\"@id\":\"https:\\\/\\\/informelitoral.com.ar\\\/aseguran-que-el-balance-de-la-oser-exhibe-avances-concretos-en-prestaciones-cobertura-y-gestion\\\/\"},\"wordCount\":515,\"commentCount\":0,\"publisher\":{\"@id\":\"https:\\\/\\\/informelitoral.com.ar\\\/#organization\"},\"image\":{\"@id\":\"https:\\\/\\\/informelitoral.com.ar\\\/aseguran-que-el-balance-de-la-oser-exhibe-avances-concretos-en-prestaciones-cobertura-y-gestion\\\/#primaryimage\"},\"thumbnailUrl\":\"https:\\\/\\\/drive.google.com\\\/thumbnail?id=1AmkoijDFl_Y1AmfQinxannXc_RixnK5C&sz=w2048\",\"keywords\":[\"Entre R\u00edos\",\"Gobierno de Entre R\u00edos\",\"Obra Social\",\"OSER\"],\"articleSection\":[\"Entre R\u00edos\"],\"inLanguage\":\"es\",\"potentialAction\":[{\"@type\":\"CommentAction\",\"name\":\"Comment\",\"target\":[\"https:\\\/\\\/informelitoral.com.ar\\\/aseguran-que-el-balance-de-la-oser-exhibe-avances-concretos-en-prestaciones-cobertura-y-gestion\\\/#respond\"]}]},{\"@type\":\"WebPage\",\"@id\":\"https:\\\/\\\/informelitoral.com.ar\\\/aseguran-que-el-balance-de-la-oser-exhibe-avances-concretos-en-prestaciones-cobertura-y-gestion\\\/\",\"url\":\"https:\\\/\\\/informelitoral.com.ar\\\/aseguran-que-el-balance-de-la-oser-exhibe-avances-concretos-en-prestaciones-cobertura-y-gestion\\\/\",\"name\":\"Aseguran que el balance de la OSER exhibe \\\"avances concretos en prestaciones, cobertura y gesti\u00f3n\\\" - Informe Litoral\",\"isPartOf\":{\"@id\":\"https:\\\/\\\/informelitoral.com.ar\\\/#website\"},\"primaryImageOfPage\":{\"@id\":\"https:\\\/\\\/informelitoral.com.ar\\\/aseguran-que-el-balance-de-la-oser-exhibe-avances-concretos-en-prestaciones-cobertura-y-gestion\\\/#primaryimage\"},\"image\":{\"@id\":\"https:\\\/\\\/informelitoral.com.ar\\\/aseguran-que-el-balance-de-la-oser-exhibe-avances-concretos-en-prestaciones-cobertura-y-gestion\\\/#primaryimage\"},\"thumbnailUrl\":\"https:\\\/\\\/drive.google.com\\\/thumbnail?id=1AmkoijDFl_Y1AmfQinxannXc_RixnK5C&sz=w2048\",\"datePublished\":\"2025-12-26T10:16:06+00:00\",\"breadcrumb\":{\"@id\":\"https:\\\/\\\/informelitoral.com.ar\\\/aseguran-que-el-balance-de-la-oser-exhibe-avances-concretos-en-prestaciones-cobertura-y-gestion\\\/#breadcrumb\"},\"inLanguage\":\"es\",\"potentialAction\":[{\"@type\":\"ReadAction\",\"target\":[\"https:\\\/\\\/informelitoral.com.ar\\\/aseguran-que-el-balance-de-la-oser-exhibe-avances-concretos-en-prestaciones-cobertura-y-gestion\\\/\"]}]},{\"@type\":\"ImageObject\",\"inLanguage\":\"es\",\"@id\":\"https:\\\/\\\/informelitoral.com.ar\\\/aseguran-que-el-balance-de-la-oser-exhibe-avances-concretos-en-prestaciones-cobertura-y-gestion\\\/#primaryimage\",\"url\":\"https:\\\/\\\/drive.google.com\\\/thumbnail?id=1AmkoijDFl_Y1AmfQinxannXc_RixnK5C&sz=w2048\",\"contentUrl\":\"https:\\\/\\\/drive.google.com\\\/thumbnail?id=1AmkoijDFl_Y1AmfQinxannXc_RixnK5C&sz=w2048\",\"width\":1600,\"height\":1200},{\"@type\":\"BreadcrumbList\",\"@id\":\"https:\\\/\\\/informelitoral.com.ar\\\/aseguran-que-el-balance-de-la-oser-exhibe-avances-concretos-en-prestaciones-cobertura-y-gestion\\\/#breadcrumb\",\"itemListElement\":[{\"@type\":\"ListItem\",\"position\":1,\"name\":\"Portada\",\"item\":\"https:\\\/\\\/informelitoral.com.ar\\\/\"},{\"@type\":\"ListItem\",\"position\":2,\"name\":\"Aseguran que el balance de la OSER exhibe \u00abavances concretos en prestaciones, cobertura y gesti\u00f3n\u00bb\"}]},{\"@type\":\"WebSite\",\"@id\":\"https:\\\/\\\/informelitoral.com.ar\\\/#website\",\"url\":\"https:\\\/\\\/informelitoral.com.ar\\\/\",\"name\":\"Informe Litoral\",\"description\":\"&quot;Nos informamos&quot; \",\"publisher\":{\"@id\":\"https:\\\/\\\/informelitoral.com.ar\\\/#organization\"},\"potentialAction\":[{\"@type\":\"SearchAction\",\"target\":{\"@type\":\"EntryPoint\",\"urlTemplate\":\"https:\\\/\\\/informelitoral.com.ar\\\/?s={search_term_string}\"},\"query-input\":{\"@type\":\"PropertyValueSpecification\",\"valueRequired\":true,\"valueName\":\"search_term_string\"}}],\"inLanguage\":\"es\"},{\"@type\":\"Organization\",\"@id\":\"https:\\\/\\\/informelitoral.com.ar\\\/#organization\",\"name\":\"Informe Litoral\",\"url\":\"https:\\\/\\\/informelitoral.com.ar\\\/\",\"logo\":{\"@type\":\"ImageObject\",\"inLanguage\":\"es\",\"@id\":\"https:\\\/\\\/informelitoral.com.ar\\\/#\\\/schema\\\/logo\\\/image\\\/\",\"url\":\"https:\\\/\\\/informelitoral.com.ar\\\/%77%70%2d%63%6f%6e%74%65%6e%74\\\/uploads\\\/2021\\\/01\\\/circulo.png\",\"contentUrl\":\"https:\\\/\\\/informelitoral.com.ar\\\/%77%70%2d%63%6f%6e%74%65%6e%74\\\/uploads\\\/2021\\\/01\\\/circulo.png\",\"width\":723,\"height\":731,\"caption\":\"Informe Litoral\"},\"image\":{\"@id\":\"https:\\\/\\\/informelitoral.com.ar\\\/#\\\/schema\\\/logo\\\/image\\\/\"},\"sameAs\":[\"https:\\\/\\\/www.facebook.com\\\/informelitoral\\\/\",\"https:\\\/\\\/x.com\\\/InformeLitoral\",\"https:\\\/\\\/www.instagram.com\\\/informelitoral\\\/\",\"https:\\\/\\\/www.youtube.com\\\/channel\\\/UCua4Qvz8Icb6MYqhoq9xLXw\"]},{\"@type\":\"Person\",\"@id\":\"https:\\\/\\\/informelitoral.com.ar\\\/#\\\/schema\\\/person\\\/b9d00407c836482871ef1d57bf8e3180\",\"name\":\"Gonzalo Schmidt\",\"image\":{\"@type\":\"ImageObject\",\"inLanguage\":\"es\",\"@id\":\"https:\\\/\\\/secure.gravatar.com\\\/avatar\\\/31a1a7b66ff2de83bd0e9fd79d026630d2d99e55e8bfe501287647b4fd9743de?s=96&d=mm&r=g\",\"url\":\"https:\\\/\\\/secure.gravatar.com\\\/avatar\\\/31a1a7b66ff2de83bd0e9fd79d026630d2d99e55e8bfe501287647b4fd9743de?s=96&d=mm&r=g\",\"contentUrl\":\"https:\\\/\\\/secure.gravatar.com\\\/avatar\\\/31a1a7b66ff2de83bd0e9fd79d026630d2d99e55e8bfe501287647b4fd9743de?s=96&d=mm&r=g\",\"caption\":\"Gonzalo Schmidt\"},\"description\":\"Sitio web de noticias de la provincia de Entre R\u00edos, Argentina. Informaci\u00f3n y entretenimiento. Informe Litoral, nos informamos.\",\"sameAs\":[\"http:\\\/\\\/www.isletasnoticias.com.ar\"],\"url\":\"https:\\\/\\\/informelitoral.com.ar\\\/author\\\/gonzalo\\\/\"}]}<\/script>","yoast_head_json":{"title":"Aseguran que el balance de la OSER exhibe \"avances concretos en prestaciones, cobertura y gesti\u00f3n\" - Informe Litoral","robots":{"index":"index","follow":"follow","max-snippet":"max-snippet:-1","max-image-preview":"max-image-preview:large","max-video-preview":"max-video-preview:-1"},"canonical":"https:\/\/informelitoral.com.ar\/aseguran-que-el-balance-de-la-oser-exhibe-avances-concretos-en-prestaciones-cobertura-y-gestion\/","og_locale":"es_ES","og_type":"article","og_title":"Aseguran que el balance de la OSER exhibe \"avances concretos en prestaciones, cobertura y gesti\u00f3n\" - Informe Litoral","og_description":"Desde el Gobierno provincial expresaron que la Obra Social de Entre R\u00edos avanza, desde diciembre de 2024, en un proceso sostenido de ordenamiento, normalizaci\u00f3n y mejora en la calidad de las prestaciones. Dicho trabajo se centra en \"las necesidades reales de sus afiliados, garantizando mayor cobertura, accesibilidad y previsibilidad\".","og_url":"https:\/\/informelitoral.com.ar\/aseguran-que-el-balance-de-la-oser-exhibe-avances-concretos-en-prestaciones-cobertura-y-gestion\/","og_site_name":"Informe Litoral","article_publisher":"https:\/\/www.facebook.com\/informelitoral\/","article_published_time":"2025-12-26T10:16:06+00:00","og_image":[{"width":1600,"height":1200,"url":"https:\/\/drive.google.com\/thumbnail?id=1AmkoijDFl_Y1AmfQinxannXc_RixnK5C&sz=w2048","type":"image\/jpeg"}],"author":"Gonzalo Schmidt","twitter_card":"summary_large_image","twitter_creator":"@InformeLitoral","twitter_site":"@InformeLitoral","twitter_misc":{"Escrito por":"Gonzalo Schmidt","Tiempo de lectura":"3 minutos"},"schema":{"@context":"https:\/\/schema.org","@graph":[{"@type":"Article","@id":"https:\/\/informelitoral.com.ar\/aseguran-que-el-balance-de-la-oser-exhibe-avances-concretos-en-prestaciones-cobertura-y-gestion\/#article","isPartOf":{"@id":"https:\/\/informelitoral.com.ar\/aseguran-que-el-balance-de-la-oser-exhibe-avances-concretos-en-prestaciones-cobertura-y-gestion\/"},"author":{"name":"Gonzalo Schmidt","@id":"https:\/\/informelitoral.com.ar\/#\/schema\/person\/b9d00407c836482871ef1d57bf8e3180"},"headline":"Aseguran que el balance de la OSER exhibe \u00abavances concretos en prestaciones, cobertura y gesti\u00f3n\u00bb","datePublished":"2025-12-26T10:16:06+00:00","mainEntityOfPage":{"@id":"https:\/\/informelitoral.com.ar\/aseguran-que-el-balance-de-la-oser-exhibe-avances-concretos-en-prestaciones-cobertura-y-gestion\/"},"wordCount":515,"commentCount":0,"publisher":{"@id":"https:\/\/informelitoral.com.ar\/#organization"},"image":{"@id":"https:\/\/informelitoral.com.ar\/aseguran-que-el-balance-de-la-oser-exhibe-avances-concretos-en-prestaciones-cobertura-y-gestion\/#primaryimage"},"thumbnailUrl":"https:\/\/drive.google.com\/thumbnail?id=1AmkoijDFl_Y1AmfQinxannXc_RixnK5C&sz=w2048","keywords":["Entre R\u00edos","Gobierno de Entre R\u00edos","Obra Social","OSER"],"articleSection":["Entre R\u00edos"],"inLanguage":"es","potentialAction":[{"@type":"CommentAction","name":"Comment","target":["https:\/\/informelitoral.com.ar\/aseguran-que-el-balance-de-la-oser-exhibe-avances-concretos-en-prestaciones-cobertura-y-gestion\/#respond"]}]},{"@type":"WebPage","@id":"https:\/\/informelitoral.com.ar\/aseguran-que-el-balance-de-la-oser-exhibe-avances-concretos-en-prestaciones-cobertura-y-gestion\/","url":"https:\/\/informelitoral.com.ar\/aseguran-que-el-balance-de-la-oser-exhibe-avances-concretos-en-prestaciones-cobertura-y-gestion\/","name":"Aseguran que el balance de la OSER exhibe \"avances concretos en prestaciones, cobertura y gesti\u00f3n\" - Informe Litoral","isPartOf":{"@id":"https:\/\/informelitoral.com.ar\/#website"},"primaryImageOfPage":{"@id":"https:\/\/informelitoral.com.ar\/aseguran-que-el-balance-de-la-oser-exhibe-avances-concretos-en-prestaciones-cobertura-y-gestion\/#primaryimage"},"image":{"@id":"https:\/\/informelitoral.com.ar\/aseguran-que-el-balance-de-la-oser-exhibe-avances-concretos-en-prestaciones-cobertura-y-gestion\/#primaryimage"},"thumbnailUrl":"https:\/\/drive.google.com\/thumbnail?id=1AmkoijDFl_Y1AmfQinxannXc_RixnK5C&sz=w2048","datePublished":"2025-12-26T10:16:06+00:00","breadcrumb":{"@id":"https:\/\/informelitoral.com.ar\/aseguran-que-el-balance-de-la-oser-exhibe-avances-concretos-en-prestaciones-cobertura-y-gestion\/#breadcrumb"},"inLanguage":"es","potentialAction":[{"@type":"ReadAction","target":["https:\/\/informelitoral.com.ar\/aseguran-que-el-balance-de-la-oser-exhibe-avances-concretos-en-prestaciones-cobertura-y-gestion\/"]}]},{"@type":"ImageObject","inLanguage":"es","@id":"https:\/\/informelitoral.com.ar\/aseguran-que-el-balance-de-la-oser-exhibe-avances-concretos-en-prestaciones-cobertura-y-gestion\/#primaryimage","url":"https:\/\/drive.google.com\/thumbnail?id=1AmkoijDFl_Y1AmfQinxannXc_RixnK5C&sz=w2048","contentUrl":"https:\/\/drive.google.com\/thumbnail?id=1AmkoijDFl_Y1AmfQinxannXc_RixnK5C&sz=w2048","width":1600,"height":1200},{"@type":"BreadcrumbList","@id":"https:\/\/informelitoral.com.ar\/aseguran-que-el-balance-de-la-oser-exhibe-avances-concretos-en-prestaciones-cobertura-y-gestion\/#breadcrumb","itemListElement":[{"@type":"ListItem","position":1,"name":"Portada","item":"https:\/\/informelitoral.com.ar\/"},{"@type":"ListItem","position":2,"name":"Aseguran que el balance de la OSER exhibe \u00abavances concretos en prestaciones, cobertura y gesti\u00f3n\u00bb"}]},{"@type":"WebSite","@id":"https:\/\/informelitoral.com.ar\/#website","url":"https:\/\/informelitoral.com.ar\/","name":"Informe Litoral","description":"&quot;Nos informamos&quot; ","publisher":{"@id":"https:\/\/informelitoral.com.ar\/#organization"},"potentialAction":[{"@type":"SearchAction","target":{"@type":"EntryPoint","urlTemplate":"https:\/\/informelitoral.com.ar\/?s={search_term_string}"},"query-input":{"@type":"PropertyValueSpecification","valueRequired":true,"valueName":"search_term_string"}}],"inLanguage":"es"},{"@type":"Organization","@id":"https:\/\/informelitoral.com.ar\/#organization","name":"Informe Litoral","url":"https:\/\/informelitoral.com.ar\/","logo":{"@type":"ImageObject","inLanguage":"es","@id":"https:\/\/informelitoral.com.ar\/#\/schema\/logo\/image\/","url":"https:\/\/informelitoral.com.ar\/%77%70%2d%63%6f%6e%74%65%6e%74\/uploads\/2021\/01\/circulo.png","contentUrl":"https:\/\/informelitoral.com.ar\/%77%70%2d%63%6f%6e%74%65%6e%74\/uploads\/2021\/01\/circulo.png","width":723,"height":731,"caption":"Informe Litoral"},"image":{"@id":"https:\/\/informelitoral.com.ar\/#\/schema\/logo\/image\/"},"sameAs":["https:\/\/www.facebook.com\/informelitoral\/","https:\/\/x.com\/InformeLitoral","https:\/\/www.instagram.com\/informelitoral\/","https:\/\/www.youtube.com\/channel\/UCua4Qvz8Icb6MYqhoq9xLXw"]},{"@type":"Person","@id":"https:\/\/informelitoral.com.ar\/#\/schema\/person\/b9d00407c836482871ef1d57bf8e3180","name":"Gonzalo Schmidt","image":{"@type":"ImageObject","inLanguage":"es","@id":"https:\/\/secure.gravatar.com\/avatar\/31a1a7b66ff2de83bd0e9fd79d026630d2d99e55e8bfe501287647b4fd9743de?s=96&d=mm&r=g","url":"https:\/\/secure.gravatar.com\/avatar\/31a1a7b66ff2de83bd0e9fd79d026630d2d99e55e8bfe501287647b4fd9743de?s=96&d=mm&r=g","contentUrl":"https:\/\/secure.gravatar.com\/avatar\/31a1a7b66ff2de83bd0e9fd79d026630d2d99e55e8bfe501287647b4fd9743de?s=96&d=mm&r=g","caption":"Gonzalo Schmidt"},"description":"Sitio web de noticias de la provincia de Entre R\u00edos, Argentina. Informaci\u00f3n y entretenimiento. Informe Litoral, nos informamos.","sameAs":["http:\/\/www.isletasnoticias.com.ar"],"url":"https:\/\/informelitoral.com.ar\/author\/gonzalo\/"}]}},"_links":{"self":[{"href":"https:\/\/informelitoral.com.ar\/%77%70%2d%6a%73%6f%6e\/wp\/v2\/posts\/244882","targetHints":{"allow":["GET"]}}],"collection":[{"href":"https:\/\/informelitoral.com.ar\/%77%70%2d%6a%73%6f%6e\/wp\/v2\/posts"}],"about":[{"href":"https:\/\/informelitoral.com.ar\/%77%70%2d%6a%73%6f%6e\/wp\/v2\/types\/post"}],"author":[{"embeddable":true,"href":"https:\/\/informelitoral.com.ar\/%77%70%2d%6a%73%6f%6e\/wp\/v2\/users\/2"}],"replies":[{"embeddable":true,"href":"https:\/\/informelitoral.com.ar\/%77%70%2d%6a%73%6f%6e\/wp\/v2\/comments?post=244882"}],"version-history":[{"count":1,"href":"https:\/\/informelitoral.com.ar\/%77%70%2d%6a%73%6f%6e\/wp\/v2\/posts\/244882\/revisions"}],"predecessor-version":[{"id":244884,"href":"https:\/\/informelitoral.com.ar\/%77%70%2d%6a%73%6f%6e\/wp\/v2\/posts\/244882\/revisions\/244884"}],"wp:featuredmedia":[{"embeddable":true,"href":"https:\/\/informelitoral.com.ar\/%77%70%2d%6a%73%6f%6e\/wp\/v2\/media\/244883"}],"wp:attachment":[{"href":"https:\/\/informelitoral.com.ar\/%77%70%2d%6a%73%6f%6e\/wp\/v2\/media?parent=244882"}],"wp:term":[{"taxonomy":"category","embeddable":true,"href":"https:\/\/informelitoral.com.ar\/%77%70%2d%6a%73%6f%6e\/wp\/v2\/categories?post=244882"},{"taxonomy":"post_tag","embeddable":true,"href":"https:\/\/informelitoral.com.ar\/%77%70%2d%6a%73%6f%6e\/wp\/v2\/tags?post=244882"}],"curies":[{"name":"wp","href":"https:\/\/api.w.org\/{rel}","templated":true}]}}