{"id":244817,"date":"2025-12-24T09:32:17","date_gmt":"2025-12-24T12:32:17","guid":{"rendered":"https:\/\/informelitoral.com.ar\/?p=244817"},"modified":"2025-12-24T09:34:51","modified_gmt":"2025-12-24T12:34:51","slug":"anses-oficializo-los-aumentos-de-enero-cuanto-cobraran-jubilados-y-asignaciones","status":"publish","type":"post","link":"https:\/\/informelitoral.com.ar\/anses-oficializo-los-aumentos-de-enero-cuanto-cobraran-jubilados-y-asignaciones\/","title":{"rendered":"ANSES oficializ\u00f3 los aumentos de enero: cu\u00e1nto cobrar\u00e1n jubilados y asignaciones"},"content":{"rendered":"<p>La\u00a0<strong>Administraci\u00f3n Nacional de la Seguridad Social (Anses)<\/strong>\u00a0dio a conocer los ajustes que recaer\u00e1n a partir de enero 2026 para tres grupos de beneficiarios, en cumplimiento de las leyes de\u00a0<strong>movilidad previsional<\/strong>\u00a0y las<strong>\u00a0variaciones del \u00cdndice de Precios al Consumidor Nacional<\/strong>\u00a0informadas por el\u00a0<strong>INDEC<\/strong>. Los incrementos alcanzan tanto a\u00a0<strong>jubilados y pensionados<\/strong>\u00a0del\u00a0<strong>Sistema Integrado Previsional Argentino (SIPA)<\/strong>, como a titulares de la<strong>\u00a0Prestaci\u00f3n B\u00e1sica Universal (PBU)<\/strong>, la\u00a0<strong>Pensi\u00f3n Universal para el Adulto Mayor (PUAM)<\/strong>\u00a0y a quienes perciben\u00a0<strong>asignaciones familiares.<\/strong><\/p>\n<p><img decoding=\"async\" class=\"aligncenter\" src=\"https:\/\/fotos.perfil.com\/2025\/06\/29\/trim\/987\/555\/jubilados-2052025.jpg\" alt=\"Cu\u00e1nto cobrar\u00e1n los jubilados con el aumento aprobado por el Senado | Perfil\" \/><\/p>\n<p>El organismo estableci\u00f3 mediante la\u00a0<strong>resoluci\u00f3n 380\/2025\u00a0<\/strong>que los nuevos valores para las jubilaciones ser\u00e1n, por un lado, de<em><strong>$349.299,32\u00a0<\/strong>respecto al haber m\u00ednimo garantizado; mientras que el haber m\u00e1ximo ascender\u00e1 a<strong>\u00a0$2.350.453,70<\/strong><\/em>. En tanto, las bases imponibles m\u00ednima y m\u00e1xima para el c\u00e1lculo de aportes quedaron fijadas en\u00a0<strong>$117.643,93 y $3.823.372,95<\/strong>\u00a0respectivamente. Estas actualizaciones responden al \u00faltimo \u00edndice de precios al consumidor difundido hace dos semanas.<\/p>\n<p>Adem\u00e1s, la resoluci\u00f3n contempl\u00f3 que \u201clas remuneraciones de los afiliados que cesaren en la actividad a partir del 31 de diciembre de 2025 o los que, encontr\u00e1ndose encuadrados en la compatibilidad establecida por el art\u00edculo 34 de la Ley N\u00b0 24.241 y sus modificatorias, contin\u00faen en actividad y solicitaren la prestaci\u00f3n a partir del 1\u00b0 de enero de 2026,\u00a0<strong>se actualizar\u00e1n<\/strong>\u201c.<\/p>\n<h6><strong><em>Del archivo:\u00a0<a href=\"https:\/\/informelitoral.com.ar\/anses-audito-la-caja-de-jubilaciones-de-entre-rios-y-avanzan-las-acciones-de-control-previsional\/\" target=\"_blank\" rel=\"noopener\">Anses audit\u00f3 la Caja de Jubilaciones de Entre R\u00edos y avanzan las acciones de control previsional<\/a><\/em><\/strong><\/h6>\n<p>En relaci\u00f3n con la\u00a0<strong>Prestaci\u00f3n B\u00e1sica Universal (PBU)<\/strong>\u00a0y la Pensi\u00f3n Universal para el\u00a0<strong>Adulto Mayor (PUAM)<\/strong>, ANSES determin\u00f3 que desde enero de 2026 el valor de la PBU ser\u00e1 de<strong>\u00a0$159.788,50<\/strong>\u00a0y el de la PUAM de\u00a0<strong>$279.439,46<\/strong>\u00a0pesos. Ambos importes se ajustan por el mismo \u00edndice de movilidad que rige para el SIPA, con la finalidad de sostener el poder adquisitivo de los beneficiarios frente a la inflaci\u00f3n.<\/p>\n<p><img decoding=\"async\" src=\"https:\/\/eldoce.tv\/resizer\/v2\/el-pago-del-bono-a-jubilados-inicia-el-10-de-enero-O25XDVDMT5H6PKHA5I463ZY6YE.jpg?auth=7d32ad68e62e456da45c50e18bf117ed4dc76c83939315f2a0a48efaa9a04414&amp;width=767\" alt=\"Qu\u00e9 d\u00eda de enero jubilados y pensionados cobran el bono de $55 mil | ElDoce\" \/><\/p>\n<p>A estos valores, se sumar\u00e1 el bono extraordinario previsional dispuesto mediante el decreto\u00a0<strong>918\/2025<\/strong>, de\u00a0<strong>$70.000<\/strong>. Tal como sucede todos los meses, ser\u00e1 percibido por quienes, por la suma de sus haberes, cobren un monto menor o igual al haber m\u00ednimo previsional garantizado.<\/p>\n<p>Aquellos que superen dicho m\u00ednimo recibir\u00e1n un plus equivalente al monto necesario para alcanzar el tope de la suma del haber m\u00ednimo m\u00e1s el bono m\u00e1ximo de 70.000 pesos. El beneficio se liquidar\u00e1 por titular, incluso en casos de pensi\u00f3n con varios copart\u00edcipes, y tendr\u00e1 car\u00e1cter no remunerativo, no ser\u00e1 pasible de descuentos ni computable para ning\u00fan otro concepto.<\/p>\n<p>Respecto de las\u00a0<strong>asignaciones familiares<\/strong>, ANSES dispuso la suba del 2,47% en los l\u00edmites y montos, que comprende a trabajadores en relaci\u00f3n de dependencia.<\/p>\n<p>Los montos quedaron establecidos de la siguiente manera, respetando la zona geogr\u00e1fica (en caso de corresponder) y la asignaci\u00f3n.<\/p>\n<h2 class=\"wp-block-heading\"><strong>Nacimiento<\/strong><\/h2>\n<ul class=\"wp-block-list\">\n<li>Valor Gral.: $73.160<\/li>\n<\/ul>\n<h2 class=\"wp-block-heading\"><strong>Adopci\u00f3n<\/strong><\/h2>\n<ul class=\"wp-block-list\">\n<li>Valor Gral.: $437.421<\/li>\n<\/ul>\n<h2 class=\"wp-block-heading\"><strong>Matrimonio<\/strong><\/h2>\n<ul class=\"wp-block-list\">\n<li>Valor Gral.: $109.545<\/li>\n<\/ul>\n<h2 class=\"wp-block-heading\"><strong>Prenatal<\/strong><\/h2>\n<p class=\"wp-block-heading\">IGF hasta $971.786,00<\/p>\n<ul class=\"wp-block-list\">\n<li>Valor Gral.: $62.765<\/li>\n<li>Zona 1: $135.338<\/li>\n<li>Zona 2: $135.338<\/li>\n<li>Zona 3: $125.311<\/li>\n<li>Zona 4: $135.338<\/li>\n<\/ul>\n<p class=\"wp-block-heading\"><strong>IGF entre $971.786,01 y $1.425.219,00<\/strong><\/p>\n<ul class=\"wp-block-list\">\n<li>Valor Gral.: $42.337<\/li>\n<li>Zona 1: $83.753<\/li>\n<li>Zona 2: $83.753<\/li>\n<li>Zona 3: $73.167<\/li>\n<li>Zona 4: $111.376<\/li>\n<\/ul>\n<p class=\"wp-block-heading\"><strong>IGF entre $1.425.219,01 y $1.645.464,00<\/strong><\/p>\n<ul class=\"wp-block-list\">\n<li>Valor Gral.: $25.514<\/li>\n<li>Zona 1: $51.154<\/li>\n<li>Zona 2: $51.154<\/li>\n<li>Zona 3: $51.154<\/li>\n<li>Zona 4: $51.154<\/li>\n<\/ul>\n<h3 class=\"wp-block-heading\">IGF entre $1.645.464,01 y $5.146.094,00<\/h3>\n<ul class=\"wp-block-list\">\n<li>Valor Gral.: $13.211<\/li>\n<li>Zona 1: $25.577<\/li>\n<li>Zona 2: $25.577<\/li>\n<li>Zona 3: $25.577<\/li>\n<li>Zona 4: $25.577<\/li>\n<\/ul>\n<h2 class=\"wp-block-heading\"><strong>Hijo<\/strong><\/h2>\n<p class=\"wp-block-heading\"><strong>IGF hasta $971.786,00<\/strong><\/p>\n<ul class=\"wp-block-list\">\n<li>Valor Gral.: $62.765<\/li>\n<li>Zona 1: $135.338<\/li>\n<li>Zona 2: $135.338<\/li>\n<li>Zona 3: $125.311<\/li>\n<li>Zona 4: $135.338<\/li>\n<\/ul>\n<p class=\"wp-block-heading\"><strong>IGF entre $971.786,01 y $1.425.219,00<\/strong><\/p>\n<ul class=\"wp-block-list\">\n<li>Valor Gral.: $42.337<\/li>\n<li>Zona 1: $83.753<\/li>\n<li>Zona 2: $83.753<\/li>\n<li>Zona 3: $73.167<\/li>\n<li>Zona 4: $111.376<\/li>\n<\/ul>\n<p class=\"wp-block-heading\"><strong>IGF entre $1.425.219,01 y $1.645.464,00<\/strong><\/p>\n<ul class=\"wp-block-list\">\n<li>Valor Gral.: $25.514<\/li>\n<li>Zona 1: $51.154<\/li>\n<li>Zona 2: $51.154<\/li>\n<li>Zona 3: $51.154<\/li>\n<li>Zona 4: $51.154<\/li>\n<\/ul>\n<p class=\"wp-block-heading\"><strong>IGF entre $1.645.464,01 y $5.146.094,00<\/strong><\/p>\n<ul class=\"wp-block-list\">\n<li>Valor Gral.: $13.211<\/li>\n<li>Zona 1: $25.577<\/li>\n<li>Zona 2: $25.577<\/li>\n<li>Zona 3: $25.577<\/li>\n<li>Zona 4: $25.577<\/li>\n<\/ul>\n<h2 class=\"wp-block-heading\"><strong>Hijo con discapacidad<\/strong><\/h2>\n<h3 class=\"wp-block-heading\">IGF hasta $971.786,00<\/h3>\n<ul class=\"wp-block-list\">\n<li>Valor Gral.: $204.459<\/li>\n<li>Zona 1: $284.459<\/li>\n<li>Zona 2: $284.459<\/li>\n<li>Zona 3: $409.167<\/li>\n<li>Zona 4: $359.167<\/li>\n<\/ul>\n<p class=\"wp-block-heading\"><strong>IGF entre $971.786,01 y $1.425.219,00<\/strong><\/p>\n<ul class=\"wp-block-list\">\n<li>Valor Gral.: $144.617<\/li>\n<li>Zona 1: $237.915<\/li>\n<li>Zona 2: $237.915<\/li>\n<li>Zona 3: $329.167<\/li>\n<li>Zona 4: $329.167<\/li>\n<\/ul>\n<p><strong>IGF superior a $1.425.219,01<\/strong><\/p>\n<ul class=\"wp-block-list\">\n<li>Valor Gral.: $91.276<\/li>\n<li>Zona 1: $135.797<\/li>\n<li>Zona 2: $135.797<\/li>\n<li>Zona 3: $135.797<\/li>\n<li>Zona 4: $135.797<\/li>\n<\/ul>\n<h2 class=\"wp-block-heading\"><strong>Ayuda escolar anual<\/strong><\/h2>\n<p class=\"wp-block-heading\"><strong>IGF hasta $5.146.094,00<\/strong><\/p>\n<ul class=\"wp-block-list\">\n<li>Valor Gral.: $42.039<\/li>\n<li>Zona 1: $56.075<\/li>\n<li>Zona 2: $70.135<\/li>\n<li>Zona 3: $83.797<\/li>\n<li>Zona 4: $83.797<\/li>\n<\/ul>\n<h2 class=\"wp-block-heading\"><strong>Ayuda escolar anual para hijo con discapacidad<\/strong><\/h2>\n<p class=\"wp-block-heading\"><strong>Sin tope de Ingreso Grupo Familiar (IGF)<\/strong><\/p>\n<ul class=\"wp-block-list\">\n<li>Valor Gral.: $42.039<\/li>\n<li>Zona 1: $56.075<\/li>\n<li>Zona 2: $70.135<\/li>\n<li>Zona 3: $83.797<\/li>\n<li>Zona 4: $83.797<\/li>\n<\/ul>\n<p>La\u00a0<strong>resoluci\u00f3n 380\/2025<\/strong>\u00a0estableci\u00f3 que si alg\u00fan integrante del grupo familiar percibe un<strong>\u00a0ingreso superior a 2.573.047<\/strong>\u00a0pesos, se excluye el acceso al cobro de las asignaciones familiares, aunque la suma total no supere el tope m\u00e1ximo fijado para el beneficio.<\/p>\n","protected":false},"excerpt":{"rendered":"<p>El organismo confirm\u00f3 los nuevos haberes m\u00ednimos y m\u00e1ximos tras el ajuste por movilidad. Se mantiene el bono de $70.000 para los sectores de menores ingresos.<\/p>\n","protected":false},"author":8,"featured_media":72746,"comment_status":"open","ping_status":"open","sticky":false,"template":"","format":"standard","meta":{"fifu_image_url":"","fifu_image_alt":"","footnotes":""},"categories":[1594],"tags":[269,102],"class_list":{"0":"post-244817","1":"post","2":"type-post","3":"status-publish","4":"format-standard","5":"has-post-thumbnail","7":"category-economia","8":"tag-anses","9":"tag-jubilados"},"yoast_head":"<title>ANSES oficializ\u00f3 los aumentos de enero: cu\u00e1nto cobrar\u00e1n jubilados y asignaciones - Informe Litoral<\/title>\n<meta name=\"robots\" content=\"index, follow, max-snippet:-1, max-image-preview:large, max-video-preview:-1\" \/>\n<link rel=\"canonical\" href=\"https:\/\/informelitoral.com.ar\/anses-oficializo-los-aumentos-de-enero-cuanto-cobraran-jubilados-y-asignaciones\/\" \/>\n<meta property=\"og:locale\" content=\"es_ES\" \/>\n<meta property=\"og:type\" content=\"article\" \/>\n<meta property=\"og:title\" content=\"ANSES oficializ\u00f3 los aumentos de enero: cu\u00e1nto cobrar\u00e1n jubilados y asignaciones - Informe Litoral\" \/>\n<meta property=\"og:description\" content=\"El organismo confirm\u00f3 los nuevos haberes m\u00ednimos y m\u00e1ximos tras el ajuste por movilidad. Se mantiene el bono de $70.000 para los sectores de menores ingresos.\" \/>\n<meta property=\"og:url\" content=\"https:\/\/informelitoral.com.ar\/anses-oficializo-los-aumentos-de-enero-cuanto-cobraran-jubilados-y-asignaciones\/\" \/>\n<meta property=\"og:site_name\" content=\"Informe Litoral\" \/>\n<meta property=\"article:publisher\" content=\"https:\/\/www.facebook.com\/informelitoral\/\" \/>\n<meta property=\"article:published_time\" content=\"2025-12-24T12:32:17+00:00\" \/>\n<meta property=\"article:modified_time\" content=\"2025-12-24T12:34:51+00:00\" \/>\n<meta property=\"og:image\" content=\"https:\/\/informelitoral.com.ar\/%77%70%2d%63%6f%6e%74%65%6e%74\/uploads\/2022\/03\/anses1200.jpg\" \/>\n\t<meta property=\"og:image:width\" content=\"1200\" \/>\n\t<meta property=\"og:image:height\" content=\"675\" \/>\n\t<meta property=\"og:image:type\" content=\"image\/jpeg\" \/>\n<meta name=\"author\" content=\"Sebastian\" \/>\n<meta name=\"twitter:card\" content=\"summary_large_image\" \/>\n<meta name=\"twitter:creator\" content=\"@InformeLitoral\" \/>\n<meta name=\"twitter:site\" content=\"@InformeLitoral\" \/>\n<meta name=\"twitter:label1\" content=\"Escrito por\" \/>\n\t<meta name=\"twitter:data1\" content=\"Sebastian\" \/>\n\t<meta name=\"twitter:label2\" content=\"Tiempo de lectura\" \/>\n\t<meta name=\"twitter:data2\" content=\"5 minutos\" \/>\n<script type=\"application\/ld+json\" class=\"yoast-schema-graph\">{\"@context\":\"https:\\\/\\\/schema.org\",\"@graph\":[{\"@type\":\"Article\",\"@id\":\"https:\\\/\\\/informelitoral.com.ar\\\/anses-oficializo-los-aumentos-de-enero-cuanto-cobraran-jubilados-y-asignaciones\\\/#article\",\"isPartOf\":{\"@id\":\"https:\\\/\\\/informelitoral.com.ar\\\/anses-oficializo-los-aumentos-de-enero-cuanto-cobraran-jubilados-y-asignaciones\\\/\"},\"author\":{\"name\":\"Sebastian\",\"@id\":\"https:\\\/\\\/informelitoral.com.ar\\\/#\\\/schema\\\/person\\\/f05f9f461677119578717524b127d6d5\"},\"headline\":\"ANSES oficializ\u00f3 los aumentos de enero: cu\u00e1nto cobrar\u00e1n jubilados y asignaciones\",\"datePublished\":\"2025-12-24T12:32:17+00:00\",\"dateModified\":\"2025-12-24T12:34:51+00:00\",\"mainEntityOfPage\":{\"@id\":\"https:\\\/\\\/informelitoral.com.ar\\\/anses-oficializo-los-aumentos-de-enero-cuanto-cobraran-jubilados-y-asignaciones\\\/\"},\"wordCount\":662,\"commentCount\":0,\"publisher\":{\"@id\":\"https:\\\/\\\/informelitoral.com.ar\\\/#organization\"},\"image\":{\"@id\":\"https:\\\/\\\/informelitoral.com.ar\\\/anses-oficializo-los-aumentos-de-enero-cuanto-cobraran-jubilados-y-asignaciones\\\/#primaryimage\"},\"thumbnailUrl\":\"https:\\\/\\\/informelitoral.com.ar\\\/%77%70%2d%63%6f%6e%74%65%6e%74\\\/uploads\\\/2022\\\/03\\\/anses1200.jpg\",\"keywords\":[\"Anses\",\"Jubilados\"],\"articleSection\":[\"Econom\u00eda\"],\"inLanguage\":\"es\",\"potentialAction\":[{\"@type\":\"CommentAction\",\"name\":\"Comment\",\"target\":[\"https:\\\/\\\/informelitoral.com.ar\\\/anses-oficializo-los-aumentos-de-enero-cuanto-cobraran-jubilados-y-asignaciones\\\/#respond\"]}]},{\"@type\":\"WebPage\",\"@id\":\"https:\\\/\\\/informelitoral.com.ar\\\/anses-oficializo-los-aumentos-de-enero-cuanto-cobraran-jubilados-y-asignaciones\\\/\",\"url\":\"https:\\\/\\\/informelitoral.com.ar\\\/anses-oficializo-los-aumentos-de-enero-cuanto-cobraran-jubilados-y-asignaciones\\\/\",\"name\":\"ANSES oficializ\u00f3 los aumentos de enero: cu\u00e1nto cobrar\u00e1n jubilados y asignaciones - Informe Litoral\",\"isPartOf\":{\"@id\":\"https:\\\/\\\/informelitoral.com.ar\\\/#website\"},\"primaryImageOfPage\":{\"@id\":\"https:\\\/\\\/informelitoral.com.ar\\\/anses-oficializo-los-aumentos-de-enero-cuanto-cobraran-jubilados-y-asignaciones\\\/#primaryimage\"},\"image\":{\"@id\":\"https:\\\/\\\/informelitoral.com.ar\\\/anses-oficializo-los-aumentos-de-enero-cuanto-cobraran-jubilados-y-asignaciones\\\/#primaryimage\"},\"thumbnailUrl\":\"https:\\\/\\\/informelitoral.com.ar\\\/%77%70%2d%63%6f%6e%74%65%6e%74\\\/uploads\\\/2022\\\/03\\\/anses1200.jpg\",\"datePublished\":\"2025-12-24T12:32:17+00:00\",\"dateModified\":\"2025-12-24T12:34:51+00:00\",\"breadcrumb\":{\"@id\":\"https:\\\/\\\/informelitoral.com.ar\\\/anses-oficializo-los-aumentos-de-enero-cuanto-cobraran-jubilados-y-asignaciones\\\/#breadcrumb\"},\"inLanguage\":\"es\",\"potentialAction\":[{\"@type\":\"ReadAction\",\"target\":[\"https:\\\/\\\/informelitoral.com.ar\\\/anses-oficializo-los-aumentos-de-enero-cuanto-cobraran-jubilados-y-asignaciones\\\/\"]}]},{\"@type\":\"ImageObject\",\"inLanguage\":\"es\",\"@id\":\"https:\\\/\\\/informelitoral.com.ar\\\/anses-oficializo-los-aumentos-de-enero-cuanto-cobraran-jubilados-y-asignaciones\\\/#primaryimage\",\"url\":\"https:\\\/\\\/informelitoral.com.ar\\\/%77%70%2d%63%6f%6e%74%65%6e%74\\\/uploads\\\/2022\\\/03\\\/anses1200.jpg\",\"contentUrl\":\"https:\\\/\\\/informelitoral.com.ar\\\/%77%70%2d%63%6f%6e%74%65%6e%74\\\/uploads\\\/2022\\\/03\\\/anses1200.jpg\",\"width\":1200,\"height\":675},{\"@type\":\"BreadcrumbList\",\"@id\":\"https:\\\/\\\/informelitoral.com.ar\\\/anses-oficializo-los-aumentos-de-enero-cuanto-cobraran-jubilados-y-asignaciones\\\/#breadcrumb\",\"itemListElement\":[{\"@type\":\"ListItem\",\"position\":1,\"name\":\"Portada\",\"item\":\"https:\\\/\\\/informelitoral.com.ar\\\/\"},{\"@type\":\"ListItem\",\"position\":2,\"name\":\"ANSES oficializ\u00f3 los aumentos de enero: cu\u00e1nto cobrar\u00e1n jubilados y asignaciones\"}]},{\"@type\":\"WebSite\",\"@id\":\"https:\\\/\\\/informelitoral.com.ar\\\/#website\",\"url\":\"https:\\\/\\\/informelitoral.com.ar\\\/\",\"name\":\"Informe Litoral\",\"description\":\"&quot;Nos informamos&quot; \",\"publisher\":{\"@id\":\"https:\\\/\\\/informelitoral.com.ar\\\/#organization\"},\"potentialAction\":[{\"@type\":\"SearchAction\",\"target\":{\"@type\":\"EntryPoint\",\"urlTemplate\":\"https:\\\/\\\/informelitoral.com.ar\\\/?s={search_term_string}\"},\"query-input\":{\"@type\":\"PropertyValueSpecification\",\"valueRequired\":true,\"valueName\":\"search_term_string\"}}],\"inLanguage\":\"es\"},{\"@type\":\"Organization\",\"@id\":\"https:\\\/\\\/informelitoral.com.ar\\\/#organization\",\"name\":\"Informe Litoral\",\"url\":\"https:\\\/\\\/informelitoral.com.ar\\\/\",\"logo\":{\"@type\":\"ImageObject\",\"inLanguage\":\"es\",\"@id\":\"https:\\\/\\\/informelitoral.com.ar\\\/#\\\/schema\\\/logo\\\/image\\\/\",\"url\":\"https:\\\/\\\/informelitoral.com.ar\\\/%77%70%2d%63%6f%6e%74%65%6e%74\\\/uploads\\\/2021\\\/01\\\/circulo.png\",\"contentUrl\":\"https:\\\/\\\/informelitoral.com.ar\\\/%77%70%2d%63%6f%6e%74%65%6e%74\\\/uploads\\\/2021\\\/01\\\/circulo.png\",\"width\":723,\"height\":731,\"caption\":\"Informe Litoral\"},\"image\":{\"@id\":\"https:\\\/\\\/informelitoral.com.ar\\\/#\\\/schema\\\/logo\\\/image\\\/\"},\"sameAs\":[\"https:\\\/\\\/www.facebook.com\\\/informelitoral\\\/\",\"https:\\\/\\\/x.com\\\/InformeLitoral\",\"https:\\\/\\\/www.instagram.com\\\/informelitoral\\\/\",\"https:\\\/\\\/www.youtube.com\\\/channel\\\/UCua4Qvz8Icb6MYqhoq9xLXw\"]},{\"@type\":\"Person\",\"@id\":\"https:\\\/\\\/informelitoral.com.ar\\\/#\\\/schema\\\/person\\\/f05f9f461677119578717524b127d6d5\",\"name\":\"Sebastian\",\"image\":{\"@type\":\"ImageObject\",\"inLanguage\":\"es\",\"@id\":\"https:\\\/\\\/secure.gravatar.com\\\/avatar\\\/b71bf7481d447dfb9583c7f2798e7cc64de6efb9067b74633ed8c31059a3bd82?s=96&d=mm&r=g\",\"url\":\"https:\\\/\\\/secure.gravatar.com\\\/avatar\\\/b71bf7481d447dfb9583c7f2798e7cc64de6efb9067b74633ed8c31059a3bd82?s=96&d=mm&r=g\",\"contentUrl\":\"https:\\\/\\\/secure.gravatar.com\\\/avatar\\\/b71bf7481d447dfb9583c7f2798e7cc64de6efb9067b74633ed8c31059a3bd82?s=96&d=mm&r=g\",\"caption\":\"Sebastian\"},\"url\":\"https:\\\/\\\/informelitoral.com.ar\\\/author\\\/sebastian\\\/\"}]}<\/script>","yoast_head_json":{"title":"ANSES oficializ\u00f3 los aumentos de enero: cu\u00e1nto cobrar\u00e1n jubilados y asignaciones - Informe Litoral","robots":{"index":"index","follow":"follow","max-snippet":"max-snippet:-1","max-image-preview":"max-image-preview:large","max-video-preview":"max-video-preview:-1"},"canonical":"https:\/\/informelitoral.com.ar\/anses-oficializo-los-aumentos-de-enero-cuanto-cobraran-jubilados-y-asignaciones\/","og_locale":"es_ES","og_type":"article","og_title":"ANSES oficializ\u00f3 los aumentos de enero: cu\u00e1nto cobrar\u00e1n jubilados y asignaciones - Informe Litoral","og_description":"El organismo confirm\u00f3 los nuevos haberes m\u00ednimos y m\u00e1ximos tras el ajuste por movilidad. Se mantiene el bono de $70.000 para los sectores de menores ingresos.","og_url":"https:\/\/informelitoral.com.ar\/anses-oficializo-los-aumentos-de-enero-cuanto-cobraran-jubilados-y-asignaciones\/","og_site_name":"Informe Litoral","article_publisher":"https:\/\/www.facebook.com\/informelitoral\/","article_published_time":"2025-12-24T12:32:17+00:00","article_modified_time":"2025-12-24T12:34:51+00:00","og_image":[{"width":1200,"height":675,"url":"https:\/\/informelitoral.com.ar\/%77%70%2d%63%6f%6e%74%65%6e%74\/uploads\/2022\/03\/anses1200.jpg","type":"image\/jpeg"}],"author":"Sebastian","twitter_card":"summary_large_image","twitter_creator":"@InformeLitoral","twitter_site":"@InformeLitoral","twitter_misc":{"Escrito por":"Sebastian","Tiempo de lectura":"5 minutos"},"schema":{"@context":"https:\/\/schema.org","@graph":[{"@type":"Article","@id":"https:\/\/informelitoral.com.ar\/anses-oficializo-los-aumentos-de-enero-cuanto-cobraran-jubilados-y-asignaciones\/#article","isPartOf":{"@id":"https:\/\/informelitoral.com.ar\/anses-oficializo-los-aumentos-de-enero-cuanto-cobraran-jubilados-y-asignaciones\/"},"author":{"name":"Sebastian","@id":"https:\/\/informelitoral.com.ar\/#\/schema\/person\/f05f9f461677119578717524b127d6d5"},"headline":"ANSES oficializ\u00f3 los aumentos de enero: cu\u00e1nto cobrar\u00e1n jubilados y asignaciones","datePublished":"2025-12-24T12:32:17+00:00","dateModified":"2025-12-24T12:34:51+00:00","mainEntityOfPage":{"@id":"https:\/\/informelitoral.com.ar\/anses-oficializo-los-aumentos-de-enero-cuanto-cobraran-jubilados-y-asignaciones\/"},"wordCount":662,"commentCount":0,"publisher":{"@id":"https:\/\/informelitoral.com.ar\/#organization"},"image":{"@id":"https:\/\/informelitoral.com.ar\/anses-oficializo-los-aumentos-de-enero-cuanto-cobraran-jubilados-y-asignaciones\/#primaryimage"},"thumbnailUrl":"https:\/\/informelitoral.com.ar\/%77%70%2d%63%6f%6e%74%65%6e%74\/uploads\/2022\/03\/anses1200.jpg","keywords":["Anses","Jubilados"],"articleSection":["Econom\u00eda"],"inLanguage":"es","potentialAction":[{"@type":"CommentAction","name":"Comment","target":["https:\/\/informelitoral.com.ar\/anses-oficializo-los-aumentos-de-enero-cuanto-cobraran-jubilados-y-asignaciones\/#respond"]}]},{"@type":"WebPage","@id":"https:\/\/informelitoral.com.ar\/anses-oficializo-los-aumentos-de-enero-cuanto-cobraran-jubilados-y-asignaciones\/","url":"https:\/\/informelitoral.com.ar\/anses-oficializo-los-aumentos-de-enero-cuanto-cobraran-jubilados-y-asignaciones\/","name":"ANSES oficializ\u00f3 los aumentos de enero: cu\u00e1nto cobrar\u00e1n jubilados y asignaciones - Informe Litoral","isPartOf":{"@id":"https:\/\/informelitoral.com.ar\/#website"},"primaryImageOfPage":{"@id":"https:\/\/informelitoral.com.ar\/anses-oficializo-los-aumentos-de-enero-cuanto-cobraran-jubilados-y-asignaciones\/#primaryimage"},"image":{"@id":"https:\/\/informelitoral.com.ar\/anses-oficializo-los-aumentos-de-enero-cuanto-cobraran-jubilados-y-asignaciones\/#primaryimage"},"thumbnailUrl":"https:\/\/informelitoral.com.ar\/%77%70%2d%63%6f%6e%74%65%6e%74\/uploads\/2022\/03\/anses1200.jpg","datePublished":"2025-12-24T12:32:17+00:00","dateModified":"2025-12-24T12:34:51+00:00","breadcrumb":{"@id":"https:\/\/informelitoral.com.ar\/anses-oficializo-los-aumentos-de-enero-cuanto-cobraran-jubilados-y-asignaciones\/#breadcrumb"},"inLanguage":"es","potentialAction":[{"@type":"ReadAction","target":["https:\/\/informelitoral.com.ar\/anses-oficializo-los-aumentos-de-enero-cuanto-cobraran-jubilados-y-asignaciones\/"]}]},{"@type":"ImageObject","inLanguage":"es","@id":"https:\/\/informelitoral.com.ar\/anses-oficializo-los-aumentos-de-enero-cuanto-cobraran-jubilados-y-asignaciones\/#primaryimage","url":"https:\/\/informelitoral.com.ar\/%77%70%2d%63%6f%6e%74%65%6e%74\/uploads\/2022\/03\/anses1200.jpg","contentUrl":"https:\/\/informelitoral.com.ar\/%77%70%2d%63%6f%6e%74%65%6e%74\/uploads\/2022\/03\/anses1200.jpg","width":1200,"height":675},{"@type":"BreadcrumbList","@id":"https:\/\/informelitoral.com.ar\/anses-oficializo-los-aumentos-de-enero-cuanto-cobraran-jubilados-y-asignaciones\/#breadcrumb","itemListElement":[{"@type":"ListItem","position":1,"name":"Portada","item":"https:\/\/informelitoral.com.ar\/"},{"@type":"ListItem","position":2,"name":"ANSES oficializ\u00f3 los aumentos de enero: cu\u00e1nto cobrar\u00e1n jubilados y asignaciones"}]},{"@type":"WebSite","@id":"https:\/\/informelitoral.com.ar\/#website","url":"https:\/\/informelitoral.com.ar\/","name":"Informe Litoral","description":"&quot;Nos informamos&quot; ","publisher":{"@id":"https:\/\/informelitoral.com.ar\/#organization"},"potentialAction":[{"@type":"SearchAction","target":{"@type":"EntryPoint","urlTemplate":"https:\/\/informelitoral.com.ar\/?s={search_term_string}"},"query-input":{"@type":"PropertyValueSpecification","valueRequired":true,"valueName":"search_term_string"}}],"inLanguage":"es"},{"@type":"Organization","@id":"https:\/\/informelitoral.com.ar\/#organization","name":"Informe Litoral","url":"https:\/\/informelitoral.com.ar\/","logo":{"@type":"ImageObject","inLanguage":"es","@id":"https:\/\/informelitoral.com.ar\/#\/schema\/logo\/image\/","url":"https:\/\/informelitoral.com.ar\/%77%70%2d%63%6f%6e%74%65%6e%74\/uploads\/2021\/01\/circulo.png","contentUrl":"https:\/\/informelitoral.com.ar\/%77%70%2d%63%6f%6e%74%65%6e%74\/uploads\/2021\/01\/circulo.png","width":723,"height":731,"caption":"Informe Litoral"},"image":{"@id":"https:\/\/informelitoral.com.ar\/#\/schema\/logo\/image\/"},"sameAs":["https:\/\/www.facebook.com\/informelitoral\/","https:\/\/x.com\/InformeLitoral","https:\/\/www.instagram.com\/informelitoral\/","https:\/\/www.youtube.com\/channel\/UCua4Qvz8Icb6MYqhoq9xLXw"]},{"@type":"Person","@id":"https:\/\/informelitoral.com.ar\/#\/schema\/person\/f05f9f461677119578717524b127d6d5","name":"Sebastian","image":{"@type":"ImageObject","inLanguage":"es","@id":"https:\/\/secure.gravatar.com\/avatar\/b71bf7481d447dfb9583c7f2798e7cc64de6efb9067b74633ed8c31059a3bd82?s=96&d=mm&r=g","url":"https:\/\/secure.gravatar.com\/avatar\/b71bf7481d447dfb9583c7f2798e7cc64de6efb9067b74633ed8c31059a3bd82?s=96&d=mm&r=g","contentUrl":"https:\/\/secure.gravatar.com\/avatar\/b71bf7481d447dfb9583c7f2798e7cc64de6efb9067b74633ed8c31059a3bd82?s=96&d=mm&r=g","caption":"Sebastian"},"url":"https:\/\/informelitoral.com.ar\/author\/sebastian\/"}]}},"_links":{"self":[{"href":"https:\/\/informelitoral.com.ar\/%77%70%2d%6a%73%6f%6e\/wp\/v2\/posts\/244817","targetHints":{"allow":["GET"]}}],"collection":[{"href":"https:\/\/informelitoral.com.ar\/%77%70%2d%6a%73%6f%6e\/wp\/v2\/posts"}],"about":[{"href":"https:\/\/informelitoral.com.ar\/%77%70%2d%6a%73%6f%6e\/wp\/v2\/types\/post"}],"author":[{"embeddable":true,"href":"https:\/\/informelitoral.com.ar\/%77%70%2d%6a%73%6f%6e\/wp\/v2\/users\/8"}],"replies":[{"embeddable":true,"href":"https:\/\/informelitoral.com.ar\/%77%70%2d%6a%73%6f%6e\/wp\/v2\/comments?post=244817"}],"version-history":[{"count":3,"href":"https:\/\/informelitoral.com.ar\/%77%70%2d%6a%73%6f%6e\/wp\/v2\/posts\/244817\/revisions"}],"predecessor-version":[{"id":244820,"href":"https:\/\/informelitoral.com.ar\/%77%70%2d%6a%73%6f%6e\/wp\/v2\/posts\/244817\/revisions\/244820"}],"wp:featuredmedia":[{"embeddable":true,"href":"https:\/\/informelitoral.com.ar\/%77%70%2d%6a%73%6f%6e\/wp\/v2\/media\/72746"}],"wp:attachment":[{"href":"https:\/\/informelitoral.com.ar\/%77%70%2d%6a%73%6f%6e\/wp\/v2\/media?parent=244817"}],"wp:term":[{"taxonomy":"category","embeddable":true,"href":"https:\/\/informelitoral.com.ar\/%77%70%2d%6a%73%6f%6e\/wp\/v2\/categories?post=244817"},{"taxonomy":"post_tag","embeddable":true,"href":"https:\/\/informelitoral.com.ar\/%77%70%2d%6a%73%6f%6e\/wp\/v2\/tags?post=244817"}],"curies":[{"name":"wp","href":"https:\/\/api.w.org\/{rel}","templated":true}]}}